{"id":4839,"date":"2023-09-01T18:35:56","date_gmt":"2023-09-01T21:35:56","guid":{"rendered":"https:\/\/autofans.com.ar\/?p=4839"},"modified":"2023-09-01T18:35:56","modified_gmt":"2023-09-01T21:35:56","slug":"jeep-y-jeep-jamboree-celebran-el-70-aniversario-del-rubicon-trail","status":"publish","type":"post","link":"https:\/\/autofans.com.ar\/index.php\/2023\/09\/01\/jeep-y-jeep-jamboree-celebran-el-70-aniversario-del-rubicon-trail\/","title":{"rendered":"Jeep y Jeep Jamboree celebran el 70 aniversario del Rubicon Trail"},"content":{"rendered":"<p>En su septuag\u00e9simo aniversario, Jeep y Jeep Jamboree conmemoran siete d\u00e9cadas de haza\u00f1as todoterreno en el ic\u00f3nico Rubicon Trail. Descubr\u00ed c\u00f3mo esta legendaria ruta ha forjado la esencia de los SUVs Jeep y sigue desafiando los l\u00edmites.<\/p>\n<p>&nbsp;<\/p>\n<p><img fetchpriority=\"high\" decoding=\"async\" class=\"aligncenter wp-image-4842 size-full\" src=\"https:\/\/autofans.com.ar\/wp-content\/uploads\/2023\/09\/foto-2-1.jpg\" alt=\"Jeep y Jeep Jamboree\" width=\"1000\" height=\"667\" srcset=\"https:\/\/autofans.com.ar\/wp-content\/uploads\/2023\/09\/foto-2-1.jpg 1000w, https:\/\/autofans.com.ar\/wp-content\/uploads\/2023\/09\/foto-2-1-300x200.jpg 300w, https:\/\/autofans.com.ar\/wp-content\/uploads\/2023\/09\/foto-2-1-768x512.jpg 768w\" sizes=\"(max-width: 1000px) 100vw, 1000px\" \/><\/p>\n<p>&nbsp;<\/p>\n<h2>70 aniversario del Rubicon Trail<\/h2>\n<p>Este verano, el Rubicon Trail en el norte de California, cerca del lago Tahoe, fue testigo de una haza\u00f1a legendaria. 450 apasionados de Jeep, junto con sus familiares y amigos, abordaron 125 Jeep Wrangler y Gladiator para conmemorar el septuag\u00e9simo aniversario de esta ruta todoterreno emblem\u00e1tica. Desde que los primeros Jeep 4&#215;4 cruzaron el Rubicon Trail hace siete d\u00e9cadas, este lugar se ha convertido en una parte esencial del estilo de vida de los propietarios de SUVs Jeep en todo el mundo.<\/p>\n<p>El Rubicon Trail se extiende por aproximadamente 22 millas de terreno extremo, ascendiendo desde 5,400 pies de altura hasta m\u00e1s de 7,000 pies. Es un banco de pruebas definitivo para los veh\u00edculos Jeep 4&#215;4, inspirando el legendario Jeep Wrangler, s\u00edmbolo de aventuras audaces.<\/p>\n<div dir=\"ltr\" style=\"text-align: center;\">\n<blockquote><p><center>\u201cDurante m\u00e1s de 80 a\u00f1os, la comunidad Jeep ha definido el esp\u00edritu de la marca, y, durante los \u00faltimos 70, el Rubicon Trail ha sido celebrado como uno de los recorridos todoterreno m\u00e1s dif\u00edciles del mundo, lo cual, combinado con su belleza natural, le han hecho formar parte en la lista de deseos de todos los clientes de SUVs Jeep\u201d, explic\u00f3 Jim Morrison, vicepresidente senior y responsable de la marca Jeep en Norteam\u00e9rica. \u201cConquistar el Rubicon Trail es una prueba fehaciente de que los veh\u00edculos Jeep pueden literalmente ir a cualquier parte y hacer cualquier cosa. Como se puede ver en el v\u00eddeo, las variantes 4xe est\u00e1n llevando la capacidad 4&#215;4 al siguiente nivel y, una vez m\u00e1s, demostrando que Jeep es capaz de superar los l\u00edmites mientras desarrolla su pr\u00f3xima generaci\u00f3n de veh\u00edculos electrificados que, sin duda, podr\u00e1 conquistar lo aparentemente imposible\u201d.\u00a0<\/center><\/p><\/blockquote>\n<\/div>\n<h2>Jeep Wrangler Rubicon<\/h2>\n<p>El Rubicon Trail es ampliamente reconocido como la principal ruta todoterreno en los Estados Unidos. Tambi\u00e9n ha sido fundamental en el desarrollo de SUVs Jeep, especialmente el Jeep Wrangler Rubicon, que debut\u00f3 en 2002. Este ic\u00f3nico modelo contin\u00faa siendo una \u00abprueba de concepto\u00bb para la marca, donde se obtienen valiosos conocimientos en ubicaciones todoterreno ic\u00f3nicas como el Rubicon Trail.<\/p>\n<p>&nbsp;<\/p>\n<p><img decoding=\"async\" class=\"aligncenter wp-image-4841 size-full\" src=\"https:\/\/autofans.com.ar\/wp-content\/uploads\/2023\/09\/foto-3-1.jpg\" alt=\"Jeep y Jeep Jamboree\" width=\"1000\" height=\"667\" srcset=\"https:\/\/autofans.com.ar\/wp-content\/uploads\/2023\/09\/foto-3-1.jpg 1000w, https:\/\/autofans.com.ar\/wp-content\/uploads\/2023\/09\/foto-3-1-300x200.jpg 300w, https:\/\/autofans.com.ar\/wp-content\/uploads\/2023\/09\/foto-3-1-768x512.jpg 768w\" sizes=\"(max-width: 1000px) 100vw, 1000px\" \/><\/p>\n<p>&nbsp;<\/p>\n<p>Pearse Umlauf, presidente y ECO de Jeep Jamboree, se\u00f1al\u00f3 que estas aventuras todoterreno han sido una tradici\u00f3n en el mundo off-road y han experimentado un crecimiento significativo tras la pandemia de COVID-19.<\/p>\n<div dir=\"ltr\" style=\"text-align: center;\">\n<blockquote><p><center>\u201cEn 1953, cuando Mark Smith organiz\u00f3 el primer Jeep Jamboree con 55 Wrangler y atraves\u00f3 las monta\u00f1as de Sierra Nevada siguiendo el Rubicon Trail, nacieron las actividades recreativas todoterreno\u201d, se\u00f1al\u00f3 Pearse Umlauf, presidente y ECO de Jeep Jamboree. \u201cAl a\u00f1o siguiente, Willys Motors, por aquel entonces fabricante de veh\u00edculos Jeep, se involucr\u00f3 en la aventura. Desde ese momento, los Jeep Jamborees han sido una tradici\u00f3n en el mundo\u00a0off-road\u00a0y contin\u00faan expandi\u00e9ndose. Recientemente, sobre todo tras la pandemia de COVID, hemos visto un considerable aumento del inter\u00e9s y una enorme demanda por parte de personas que quieren experimentar sus veh\u00edculos Jeep en completa libertad al aire libre<\/center><\/p><\/blockquote>\n<\/div>\n<p>La traves\u00eda del Rubicon Trail es una experiencia \u00fanica que ha dejado una huella imborrable en la historia de <a href=\"https:\/\/autofans.com.ar\/index.php\/2023\/04\/10\/jeep-presenta-el-nuevo-wrangler-2024\/\" target=\"_blank\" rel=\"noopener\">Jeep<\/a>. A medida que contin\u00faa su legado, Jeep y Jeep Jamboree demuestran que no hay l\u00edmites para los verdaderos aventureros todoterreno.<\/p>\n<p>&nbsp;<\/p>\n<p><i>Para enterarte de m\u00e1s novedades, no dejes de leer\u00a0<\/i><a href=\"https:\/\/autofans.thebrandsoup.com\/\"><i>nuestras notas<\/i><\/a><i>, de ver<\/i><b><i>\u00a0<\/i><\/b><a href=\"https:\/\/www.youtube.com\/channel\/UCgAC8UGHZYbT6P7PpmVnP7g\"><b><i>AUTOFANS TV<\/i><\/b><\/a><b><i>\u00a0<\/i><\/b><i>en nuestro\u00a0canal de Youtube. Adem\u00e1s seguinos en\u00a0<\/i><a href=\"https:\/\/www.instagram.com\/autofanstv\/\"><i>INSTAGRAM<\/i><\/a><i> y <\/i><a href=\"https:\/\/www.facebook.com\/autofansmas\/\"><i>FACEBOOK<\/i><\/a><i> para no perderte nada sobre las novedades del segmento automotor de Argentina y el mundo.<\/i><\/p>\n<p><i><span class=\"Apple-converted-space\">\u00a0<\/span><\/i><\/p>\n","protected":false},"excerpt":{"rendered":"<p>En su septuag\u00e9simo aniversario, Jeep y Jeep Jamboree conmemoran siete d\u00e9cadas de haza\u00f1as todoterreno en&#8230;<\/p>\n","protected":false},"author":2,"featured_media":4843,"comment_status":"closed","ping_status":"closed","sticky":false,"template":"","format":"standard","meta":{"footnotes":""},"categories":[292,16],"tags":[2428,2424,2429,534,105,2426,2425,2423,2427],"class_list":["post-4839","post","type-post","status-publish","format-standard","has-post-thumbnail","hentry","category-empresas","category-noticias","tag-aniversario-jeep","tag-aventuras-todoterreno","tag-electrificacion-jeep","tag-jeep","tag-jeep-argentina","tag-jeep-jamboree","tag-jeep-wrangler","tag-rubicon-trail","tag-suvs-jeep"],"yoast_head":"<!-- This site is optimized with the Yoast SEO plugin v27.5 - https:\/\/yoast.com\/product\/yoast-seo-wordpress\/ -->\n<title>Jeep y Jeep Jamboree celebran el 70 aniversario del Rubicon Trail -<\/title>\n<meta name=\"description\" content=\"En su septuag\u00e9simo aniversario, Jeep y Jeep Jamboree conmemoran siete d\u00e9cadas de haza\u00f1as todoterreno en el ic\u00f3nico Rubicon Trail....\" \/>\n<meta name=\"robots\" content=\"index, follow, max-snippet:-1, max-image-preview:large, max-video-preview:-1\" \/>\n<link rel=\"canonical\" href=\"https:\/\/autofans.com.ar\/index.php\/2023\/09\/01\/jeep-y-jeep-jamboree-celebran-el-70-aniversario-del-rubicon-trail\/\" \/>\n<meta property=\"og:locale\" content=\"es_ES\" \/>\n<meta property=\"og:type\" content=\"article\" \/>\n<meta property=\"og:title\" content=\"Jeep y Jeep Jamboree celebran el 70 aniversario del Rubicon Trail -\" \/>\n<meta property=\"og:description\" content=\"En su septuag\u00e9simo aniversario, Jeep y Jeep Jamboree conmemoran siete d\u00e9cadas de haza\u00f1as todoterreno en el ic\u00f3nico Rubicon Trail....\" \/>\n<meta property=\"og:url\" content=\"https:\/\/autofans.com.ar\/index.php\/2023\/09\/01\/jeep-y-jeep-jamboree-celebran-el-70-aniversario-del-rubicon-trail\/\" \/>\n<meta property=\"article:published_time\" content=\"2023-09-01T21:35:56+00:00\" \/>\n<meta property=\"og:image\" content=\"https:\/\/autofans.com.ar\/wp-content\/uploads\/2023\/09\/foto-1-1.jpg\" \/>\n\t<meta property=\"og:image:width\" content=\"1000\" \/>\n\t<meta property=\"og:image:height\" content=\"667\" \/>\n\t<meta property=\"og:image:type\" content=\"image\/jpeg\" \/>\n<meta name=\"author\" content=\"Alejandro Gabriel Rosito\" \/>\n<meta name=\"twitter:card\" content=\"summary_large_image\" \/>\n<meta name=\"twitter:label1\" content=\"Escrito por\" \/>\n\t<meta name=\"twitter:data1\" content=\"Alejandro Gabriel Rosito\" \/>\n\t<meta name=\"twitter:label2\" content=\"Tiempo de lectura\" \/>\n\t<meta name=\"twitter:data2\" content=\"2 minutos\" \/>\n<script type=\"application\/ld+json\" class=\"yoast-schema-graph\">{\"@context\":\"https:\\\/\\\/schema.org\",\"@graph\":[{\"@type\":\"Article\",\"@id\":\"https:\\\/\\\/autofans.com.ar\\\/index.php\\\/2023\\\/09\\\/01\\\/jeep-y-jeep-jamboree-celebran-el-70-aniversario-del-rubicon-trail\\\/#article\",\"isPartOf\":{\"@id\":\"https:\\\/\\\/autofans.com.ar\\\/index.php\\\/2023\\\/09\\\/01\\\/jeep-y-jeep-jamboree-celebran-el-70-aniversario-del-rubicon-trail\\\/\"},\"author\":{\"name\":\"Alejandro Gabriel Rosito\",\"@id\":\"https:\\\/\\\/autofans.com.ar\\\/#\\\/schema\\\/person\\\/4a8dda0b6df83ac3d6723e921274c2aa\"},\"headline\":\"Jeep y Jeep Jamboree celebran el 70 aniversario del Rubicon Trail\",\"datePublished\":\"2023-09-01T21:35:56+00:00\",\"mainEntityOfPage\":{\"@id\":\"https:\\\/\\\/autofans.com.ar\\\/index.php\\\/2023\\\/09\\\/01\\\/jeep-y-jeep-jamboree-celebran-el-70-aniversario-del-rubicon-trail\\\/\"},\"wordCount\":643,\"image\":{\"@id\":\"https:\\\/\\\/autofans.com.ar\\\/index.php\\\/2023\\\/09\\\/01\\\/jeep-y-jeep-jamboree-celebran-el-70-aniversario-del-rubicon-trail\\\/#primaryimage\"},\"thumbnailUrl\":\"https:\\\/\\\/autofans.com.ar\\\/wp-content\\\/uploads\\\/2023\\\/09\\\/foto-1-1.jpg\",\"keywords\":[\"aniversario Jeep\",\"aventuras todoterreno\",\"electrificaci\u00f3n Jeep\",\"Jeep\",\"Jeep Argentina\",\"Jeep Jamboree\",\"Jeep Wrangler\",\"Rubicon Trail\",\"SUVs Jeep\"],\"articleSection\":[\"EMPRESAS\",\"NOTICIAS\"],\"inLanguage\":\"es\"},{\"@type\":\"WebPage\",\"@id\":\"https:\\\/\\\/autofans.com.ar\\\/index.php\\\/2023\\\/09\\\/01\\\/jeep-y-jeep-jamboree-celebran-el-70-aniversario-del-rubicon-trail\\\/\",\"url\":\"https:\\\/\\\/autofans.com.ar\\\/index.php\\\/2023\\\/09\\\/01\\\/jeep-y-jeep-jamboree-celebran-el-70-aniversario-del-rubicon-trail\\\/\",\"name\":\"Jeep y Jeep Jamboree celebran el 70 aniversario del Rubicon Trail -\",\"isPartOf\":{\"@id\":\"https:\\\/\\\/autofans.com.ar\\\/#website\"},\"primaryImageOfPage\":{\"@id\":\"https:\\\/\\\/autofans.com.ar\\\/index.php\\\/2023\\\/09\\\/01\\\/jeep-y-jeep-jamboree-celebran-el-70-aniversario-del-rubicon-trail\\\/#primaryimage\"},\"image\":{\"@id\":\"https:\\\/\\\/autofans.com.ar\\\/index.php\\\/2023\\\/09\\\/01\\\/jeep-y-jeep-jamboree-celebran-el-70-aniversario-del-rubicon-trail\\\/#primaryimage\"},\"thumbnailUrl\":\"https:\\\/\\\/autofans.com.ar\\\/wp-content\\\/uploads\\\/2023\\\/09\\\/foto-1-1.jpg\",\"datePublished\":\"2023-09-01T21:35:56+00:00\",\"author\":{\"@id\":\"https:\\\/\\\/autofans.com.ar\\\/#\\\/schema\\\/person\\\/4a8dda0b6df83ac3d6723e921274c2aa\"},\"description\":\"En su septuag\u00e9simo aniversario, Jeep y Jeep Jamboree conmemoran siete d\u00e9cadas de haza\u00f1as todoterreno en el ic\u00f3nico Rubicon Trail....\",\"breadcrumb\":{\"@id\":\"https:\\\/\\\/autofans.com.ar\\\/index.php\\\/2023\\\/09\\\/01\\\/jeep-y-jeep-jamboree-celebran-el-70-aniversario-del-rubicon-trail\\\/#breadcrumb\"},\"inLanguage\":\"es\",\"potentialAction\":[{\"@type\":\"ReadAction\",\"target\":[\"https:\\\/\\\/autofans.com.ar\\\/index.php\\\/2023\\\/09\\\/01\\\/jeep-y-jeep-jamboree-celebran-el-70-aniversario-del-rubicon-trail\\\/\"]}]},{\"@type\":\"ImageObject\",\"inLanguage\":\"es\",\"@id\":\"https:\\\/\\\/autofans.com.ar\\\/index.php\\\/2023\\\/09\\\/01\\\/jeep-y-jeep-jamboree-celebran-el-70-aniversario-del-rubicon-trail\\\/#primaryimage\",\"url\":\"https:\\\/\\\/autofans.com.ar\\\/wp-content\\\/uploads\\\/2023\\\/09\\\/foto-1-1.jpg\",\"contentUrl\":\"https:\\\/\\\/autofans.com.ar\\\/wp-content\\\/uploads\\\/2023\\\/09\\\/foto-1-1.jpg\",\"width\":1000,\"height\":667,\"caption\":\"Jeep y Jeep Jamboree\"},{\"@type\":\"BreadcrumbList\",\"@id\":\"https:\\\/\\\/autofans.com.ar\\\/index.php\\\/2023\\\/09\\\/01\\\/jeep-y-jeep-jamboree-celebran-el-70-aniversario-del-rubicon-trail\\\/#breadcrumb\",\"itemListElement\":[{\"@type\":\"ListItem\",\"position\":1,\"name\":\"Inicio\",\"item\":\"https:\\\/\\\/autofans.com.ar\\\/\"},{\"@type\":\"ListItem\",\"position\":2,\"name\":\"Jeep y Jeep Jamboree celebran el 70 aniversario del Rubicon Trail\"}]},{\"@type\":\"WebSite\",\"@id\":\"https:\\\/\\\/autofans.com.ar\\\/#website\",\"url\":\"https:\\\/\\\/autofans.com.ar\\\/\",\"name\":\"\",\"description\":\"El multimedio referente de la industria automotriz\",\"potentialAction\":[{\"@type\":\"SearchAction\",\"target\":{\"@type\":\"EntryPoint\",\"urlTemplate\":\"https:\\\/\\\/autofans.com.ar\\\/?s={search_term_string}\"},\"query-input\":{\"@type\":\"PropertyValueSpecification\",\"valueRequired\":true,\"valueName\":\"search_term_string\"}}],\"inLanguage\":\"es\"},{\"@type\":\"Person\",\"@id\":\"https:\\\/\\\/autofans.com.ar\\\/#\\\/schema\\\/person\\\/4a8dda0b6df83ac3d6723e921274c2aa\",\"name\":\"Alejandro Gabriel Rosito\",\"image\":{\"@type\":\"ImageObject\",\"inLanguage\":\"es\",\"@id\":\"https:\\\/\\\/secure.gravatar.com\\\/avatar\\\/16c5dda1489adfc62618084dcbb91cffd879c374b13fe5dd8e44ed6733852c88?s=96&d=mm&r=g\",\"url\":\"https:\\\/\\\/secure.gravatar.com\\\/avatar\\\/16c5dda1489adfc62618084dcbb91cffd879c374b13fe5dd8e44ed6733852c88?s=96&d=mm&r=g\",\"contentUrl\":\"https:\\\/\\\/secure.gravatar.com\\\/avatar\\\/16c5dda1489adfc62618084dcbb91cffd879c374b13fe5dd8e44ed6733852c88?s=96&d=mm&r=g\",\"caption\":\"Alejandro Gabriel Rosito\"},\"url\":\"https:\\\/\\\/autofans.com.ar\\\/index.php\\\/author\\\/gabrielr\\\/\"}]}<\/script>\n<!-- \/ Yoast SEO plugin. -->","yoast_head_json":{"title":"Jeep y Jeep Jamboree celebran el 70 aniversario del Rubicon Trail -","description":"En su septuag\u00e9simo aniversario, Jeep y Jeep Jamboree conmemoran siete d\u00e9cadas de haza\u00f1as todoterreno en el ic\u00f3nico Rubicon Trail....","robots":{"index":"index","follow":"follow","max-snippet":"max-snippet:-1","max-image-preview":"max-image-preview:large","max-video-preview":"max-video-preview:-1"},"canonical":"https:\/\/autofans.com.ar\/index.php\/2023\/09\/01\/jeep-y-jeep-jamboree-celebran-el-70-aniversario-del-rubicon-trail\/","og_locale":"es_ES","og_type":"article","og_title":"Jeep y Jeep Jamboree celebran el 70 aniversario del Rubicon Trail -","og_description":"En su septuag\u00e9simo aniversario, Jeep y Jeep Jamboree conmemoran siete d\u00e9cadas de haza\u00f1as todoterreno en el ic\u00f3nico Rubicon Trail....","og_url":"https:\/\/autofans.com.ar\/index.php\/2023\/09\/01\/jeep-y-jeep-jamboree-celebran-el-70-aniversario-del-rubicon-trail\/","article_published_time":"2023-09-01T21:35:56+00:00","og_image":[{"width":1000,"height":667,"url":"https:\/\/autofans.com.ar\/wp-content\/uploads\/2023\/09\/foto-1-1.jpg","type":"image\/jpeg"}],"author":"Alejandro Gabriel Rosito","twitter_card":"summary_large_image","twitter_misc":{"Escrito por":"Alejandro Gabriel Rosito","Tiempo de lectura":"2 minutos"},"schema":{"@context":"https:\/\/schema.org","@graph":[{"@type":"Article","@id":"https:\/\/autofans.com.ar\/index.php\/2023\/09\/01\/jeep-y-jeep-jamboree-celebran-el-70-aniversario-del-rubicon-trail\/#article","isPartOf":{"@id":"https:\/\/autofans.com.ar\/index.php\/2023\/09\/01\/jeep-y-jeep-jamboree-celebran-el-70-aniversario-del-rubicon-trail\/"},"author":{"name":"Alejandro Gabriel Rosito","@id":"https:\/\/autofans.com.ar\/#\/schema\/person\/4a8dda0b6df83ac3d6723e921274c2aa"},"headline":"Jeep y Jeep Jamboree celebran el 70 aniversario del Rubicon Trail","datePublished":"2023-09-01T21:35:56+00:00","mainEntityOfPage":{"@id":"https:\/\/autofans.com.ar\/index.php\/2023\/09\/01\/jeep-y-jeep-jamboree-celebran-el-70-aniversario-del-rubicon-trail\/"},"wordCount":643,"image":{"@id":"https:\/\/autofans.com.ar\/index.php\/2023\/09\/01\/jeep-y-jeep-jamboree-celebran-el-70-aniversario-del-rubicon-trail\/#primaryimage"},"thumbnailUrl":"https:\/\/autofans.com.ar\/wp-content\/uploads\/2023\/09\/foto-1-1.jpg","keywords":["aniversario Jeep","aventuras todoterreno","electrificaci\u00f3n Jeep","Jeep","Jeep Argentina","Jeep Jamboree","Jeep Wrangler","Rubicon Trail","SUVs Jeep"],"articleSection":["EMPRESAS","NOTICIAS"],"inLanguage":"es"},{"@type":"WebPage","@id":"https:\/\/autofans.com.ar\/index.php\/2023\/09\/01\/jeep-y-jeep-jamboree-celebran-el-70-aniversario-del-rubicon-trail\/","url":"https:\/\/autofans.com.ar\/index.php\/2023\/09\/01\/jeep-y-jeep-jamboree-celebran-el-70-aniversario-del-rubicon-trail\/","name":"Jeep y Jeep Jamboree celebran el 70 aniversario del Rubicon Trail -","isPartOf":{"@id":"https:\/\/autofans.com.ar\/#website"},"primaryImageOfPage":{"@id":"https:\/\/autofans.com.ar\/index.php\/2023\/09\/01\/jeep-y-jeep-jamboree-celebran-el-70-aniversario-del-rubicon-trail\/#primaryimage"},"image":{"@id":"https:\/\/autofans.com.ar\/index.php\/2023\/09\/01\/jeep-y-jeep-jamboree-celebran-el-70-aniversario-del-rubicon-trail\/#primaryimage"},"thumbnailUrl":"https:\/\/autofans.com.ar\/wp-content\/uploads\/2023\/09\/foto-1-1.jpg","datePublished":"2023-09-01T21:35:56+00:00","author":{"@id":"https:\/\/autofans.com.ar\/#\/schema\/person\/4a8dda0b6df83ac3d6723e921274c2aa"},"description":"En su septuag\u00e9simo aniversario, Jeep y Jeep Jamboree conmemoran siete d\u00e9cadas de haza\u00f1as todoterreno en el ic\u00f3nico Rubicon Trail....","breadcrumb":{"@id":"https:\/\/autofans.com.ar\/index.php\/2023\/09\/01\/jeep-y-jeep-jamboree-celebran-el-70-aniversario-del-rubicon-trail\/#breadcrumb"},"inLanguage":"es","potentialAction":[{"@type":"ReadAction","target":["https:\/\/autofans.com.ar\/index.php\/2023\/09\/01\/jeep-y-jeep-jamboree-celebran-el-70-aniversario-del-rubicon-trail\/"]}]},{"@type":"ImageObject","inLanguage":"es","@id":"https:\/\/autofans.com.ar\/index.php\/2023\/09\/01\/jeep-y-jeep-jamboree-celebran-el-70-aniversario-del-rubicon-trail\/#primaryimage","url":"https:\/\/autofans.com.ar\/wp-content\/uploads\/2023\/09\/foto-1-1.jpg","contentUrl":"https:\/\/autofans.com.ar\/wp-content\/uploads\/2023\/09\/foto-1-1.jpg","width":1000,"height":667,"caption":"Jeep y Jeep Jamboree"},{"@type":"BreadcrumbList","@id":"https:\/\/autofans.com.ar\/index.php\/2023\/09\/01\/jeep-y-jeep-jamboree-celebran-el-70-aniversario-del-rubicon-trail\/#breadcrumb","itemListElement":[{"@type":"ListItem","position":1,"name":"Inicio","item":"https:\/\/autofans.com.ar\/"},{"@type":"ListItem","position":2,"name":"Jeep y Jeep Jamboree celebran el 70 aniversario del Rubicon Trail"}]},{"@type":"WebSite","@id":"https:\/\/autofans.com.ar\/#website","url":"https:\/\/autofans.com.ar\/","name":"","description":"El multimedio referente de la industria automotriz","potentialAction":[{"@type":"SearchAction","target":{"@type":"EntryPoint","urlTemplate":"https:\/\/autofans.com.ar\/?s={search_term_string}"},"query-input":{"@type":"PropertyValueSpecification","valueRequired":true,"valueName":"search_term_string"}}],"inLanguage":"es"},{"@type":"Person","@id":"https:\/\/autofans.com.ar\/#\/schema\/person\/4a8dda0b6df83ac3d6723e921274c2aa","name":"Alejandro Gabriel Rosito","image":{"@type":"ImageObject","inLanguage":"es","@id":"https:\/\/secure.gravatar.com\/avatar\/16c5dda1489adfc62618084dcbb91cffd879c374b13fe5dd8e44ed6733852c88?s=96&d=mm&r=g","url":"https:\/\/secure.gravatar.com\/avatar\/16c5dda1489adfc62618084dcbb91cffd879c374b13fe5dd8e44ed6733852c88?s=96&d=mm&r=g","contentUrl":"https:\/\/secure.gravatar.com\/avatar\/16c5dda1489adfc62618084dcbb91cffd879c374b13fe5dd8e44ed6733852c88?s=96&d=mm&r=g","caption":"Alejandro Gabriel Rosito"},"url":"https:\/\/autofans.com.ar\/index.php\/author\/gabrielr\/"}]}},"featured_image_urls":{"full":["https:\/\/autofans.com.ar\/wp-content\/uploads\/2023\/09\/foto-1-1.jpg",1000,667,false],"thumbnail":["https:\/\/autofans.com.ar\/wp-content\/uploads\/2023\/09\/foto-1-1-150x150.jpg",150,150,true],"medium":["https:\/\/autofans.com.ar\/wp-content\/uploads\/2023\/09\/foto-1-1-300x200.jpg",300,200,true],"medium_large":["https:\/\/autofans.com.ar\/wp-content\/uploads\/2023\/09\/foto-1-1-768x512.jpg",640,427,true],"large":["https:\/\/autofans.com.ar\/wp-content\/uploads\/2023\/09\/foto-1-1.jpg",640,427,false],"1536x1536":["https:\/\/autofans.com.ar\/wp-content\/uploads\/2023\/09\/foto-1-1.jpg",1000,667,false],"2048x2048":["https:\/\/autofans.com.ar\/wp-content\/uploads\/2023\/09\/foto-1-1.jpg",1000,667,false],"covernews-featured":["https:\/\/autofans.com.ar\/wp-content\/uploads\/2023\/09\/foto-1-1.jpg",1000,667,false],"covernews-medium":["https:\/\/autofans.com.ar\/wp-content\/uploads\/2023\/09\/foto-1-1-540x340.jpg",540,340,true]},"author_info":{"display_name":"Alejandro Gabriel Rosito","author_link":"https:\/\/autofans.com.ar\/index.php\/author\/gabrielr\/"},"category_info":"<a href=\"https:\/\/autofans.com.ar\/index.php\/category\/noticias\/empresas\/\" rel=\"category tag\">EMPRESAS<\/a> <a href=\"https:\/\/autofans.com.ar\/index.php\/category\/noticias\/\" rel=\"category tag\">NOTICIAS<\/a>","tag_info":"NOTICIAS","comment_count":0,"_links":{"self":[{"href":"https:\/\/autofans.com.ar\/index.php\/wp-json\/wp\/v2\/posts\/4839","targetHints":{"allow":["GET"]}}],"collection":[{"href":"https:\/\/autofans.com.ar\/index.php\/wp-json\/wp\/v2\/posts"}],"about":[{"href":"https:\/\/autofans.com.ar\/index.php\/wp-json\/wp\/v2\/types\/post"}],"author":[{"embeddable":true,"href":"https:\/\/autofans.com.ar\/index.php\/wp-json\/wp\/v2\/users\/2"}],"replies":[{"embeddable":true,"href":"https:\/\/autofans.com.ar\/index.php\/wp-json\/wp\/v2\/comments?post=4839"}],"version-history":[{"count":4,"href":"https:\/\/autofans.com.ar\/index.php\/wp-json\/wp\/v2\/posts\/4839\/revisions"}],"predecessor-version":[{"id":4846,"href":"https:\/\/autofans.com.ar\/index.php\/wp-json\/wp\/v2\/posts\/4839\/revisions\/4846"}],"wp:featuredmedia":[{"embeddable":true,"href":"https:\/\/autofans.com.ar\/index.php\/wp-json\/wp\/v2\/media\/4843"}],"wp:attachment":[{"href":"https:\/\/autofans.com.ar\/index.php\/wp-json\/wp\/v2\/media?parent=4839"}],"wp:term":[{"taxonomy":"category","embeddable":true,"href":"https:\/\/autofans.com.ar\/index.php\/wp-json\/wp\/v2\/categories?post=4839"},{"taxonomy":"post_tag","embeddable":true,"href":"https:\/\/autofans.com.ar\/index.php\/wp-json\/wp\/v2\/tags?post=4839"}],"curies":[{"name":"wp","href":"https:\/\/api.w.org\/{rel}","templated":true}]}}