{"id":4859,"date":"2023-09-04T22:35:19","date_gmt":"2023-09-05T01:35:19","guid":{"rendered":"https:\/\/autofans.com.ar\/?p=4859"},"modified":"2023-09-04T22:55:45","modified_gmt":"2023-09-05T01:55:45","slug":"bmw-presenta-el-bmw-vision-neue-klasse-en-el-iaa-mobility-2023","status":"publish","type":"post","link":"https:\/\/autofans.com.ar\/index.php\/2023\/09\/04\/bmw-presenta-el-bmw-vision-neue-klasse-en-el-iaa-mobility-2023\/","title":{"rendered":"BMW Group en el IAA Mobility 2023 en M\u00fanich."},"content":{"rendered":"<p>En el IAA Mobility 2023 de M\u00fanich, BMW Group presenta su visi\u00f3n de la movilidad del futuro con el estreno del BMW Vision Neue Klasse y una impresionante gama de veh\u00edculos electrificados de BMW, MINI y BMW Motorrad. Descubr\u00ed las innovaciones y tendencias que marcar\u00e1n el camino hacia una movilidad m\u00e1s sostenible y digitalizada.<\/p>\n<p>En el apasionante escenario del IAA Mobility 2023 en M\u00fanich, BMW Group se posiciona como l\u00edder en la transformaci\u00f3n de la industria automotriz. La feria de movilidad m\u00e1s importante del mundo se convierte en el epicentro de las \u00faltimas novedades en electrificaci\u00f3n, digitalizaci\u00f3n y sustentabilidad, y BMW Group no se queda atr\u00e1s.<\/p>\n<p>&nbsp;<\/p>\n<h2>BMW Vision Neue &#8211; un vistazo al futuro<\/h2>\n<p>Este evento representa una oportunidad \u00fanica para que BMW Group comparta su visi\u00f3n del futuro de la movilidad con el p\u00fablico local y visitantes de todo el mundo. La Cumbre de Movilidad IAA y el Espacio Abierto de BMW Group en Max-Joseph-Platz ser\u00e1n los lugares donde se revelen las \u00faltimas innovaciones del 5 al 10 de septiembre de 2023.<\/p>\n<p>&nbsp;<\/p>\n<p><img fetchpriority=\"high\" decoding=\"async\" class=\"aligncenter wp-image-4862 size-full\" src=\"https:\/\/autofans.com.ar\/wp-content\/uploads\/2023\/09\/foto-3-3.jpg\" alt=\"BMW Vision Neue\" width=\"1000\" height=\"667\" srcset=\"https:\/\/autofans.com.ar\/wp-content\/uploads\/2023\/09\/foto-3-3.jpg 1000w, https:\/\/autofans.com.ar\/wp-content\/uploads\/2023\/09\/foto-3-3-300x200.jpg 300w, https:\/\/autofans.com.ar\/wp-content\/uploads\/2023\/09\/foto-3-3-768x512.jpg 768w\" sizes=\"(max-width: 1000px) 100vw, 1000px\" \/><\/p>\n<p>&nbsp;<\/p>\n<p>Los platos fuertes incluyen el BMW Vision Neue Klasse, un veh\u00edculo que simboliza la visi\u00f3n de BMW Group para el futuro de la movilidad. Este autom\u00f3vil incorpora las \u00faltimas innovaciones en electrificaci\u00f3n y sostenibilidad, consolidando el compromiso de la compa\u00f1\u00eda con un futuro m\u00e1s limpio y eficiente.<\/p>\n<p>&nbsp;<\/p>\n<h2>Los pilares de BMW Group<\/h2>\n<p>La presencia de BMW Group en el IAA Mobility 2023 se centra en tres pilares clave: movilidad el\u00e9ctrica, digitalizaci\u00f3n y sustentabilidad. Desde los nuevos modelos electrificados de BMW, MINI y BMW Motorrad hasta el BMW Vision Neue Klasse, todo est\u00e1 dise\u00f1ado para mostrar el cambio transformador en curso.<\/p>\n<p>&nbsp;<\/p>\n<p><img decoding=\"async\" class=\"aligncenter wp-image-4863 size-full\" src=\"https:\/\/autofans.com.ar\/wp-content\/uploads\/2023\/09\/foto-2-3.jpg\" alt=\"BMW\" width=\"1000\" height=\"667\" srcset=\"https:\/\/autofans.com.ar\/wp-content\/uploads\/2023\/09\/foto-2-3.jpg 1000w, https:\/\/autofans.com.ar\/wp-content\/uploads\/2023\/09\/foto-2-3-300x200.jpg 300w, https:\/\/autofans.com.ar\/wp-content\/uploads\/2023\/09\/foto-2-3-768x512.jpg 768w\" sizes=\"(max-width: 1000px) 100vw, 1000px\" \/><\/p>\n<p>&nbsp;<\/p>\n<p>BMW lanzar\u00e1 variantes h\u00edbridas enchufables del nuevo BMW Serie 5, reforzando su compromiso con la electrificaci\u00f3n. Adem\u00e1s, el nuevo BMW i7 Protection, un sed\u00e1n de lujo con propulsi\u00f3n el\u00e9ctrica, har\u00e1 su debut en este evento.<\/p>\n<p>&nbsp;<\/p>\n<h2>MINI y BMW Motorrad tambi\u00e9n se lucen<\/h2>\n<p>MINI presenta sus nuevos modelos el\u00e9ctricos, los MINI Cooper y MINI Countryman el\u00e9ctricos, mientras que BMW Motorrad sorprende con el BMW CE 02, un eParkourer compacto de dise\u00f1o innovador que revolucionar\u00e1 la movilidad urbana.<\/p>\n<p>La movilidad sin emisiones es el enfoque principal en la feria IAA Mobility. BMW Group mostrar\u00e1 una amplia gama de veh\u00edculos, desde el BMW iX1 compacto hasta el lujoso BMW i7, todos impulsados por sistemas de propulsi\u00f3n electrificados.<\/p>\n<p>&nbsp;<\/p>\n<p><img decoding=\"async\" class=\"aligncenter wp-image-4861 size-full\" src=\"https:\/\/autofans.com.ar\/wp-content\/uploads\/2023\/09\/foto-4.jpg\" alt=\"BMW Vision Neue\" width=\"1000\" height=\"667\" srcset=\"https:\/\/autofans.com.ar\/wp-content\/uploads\/2023\/09\/foto-4.jpg 1000w, https:\/\/autofans.com.ar\/wp-content\/uploads\/2023\/09\/foto-4-300x200.jpg 300w, https:\/\/autofans.com.ar\/wp-content\/uploads\/2023\/09\/foto-4-768x512.jpg 768w\" sizes=\"(max-width: 1000px) 100vw, 1000px\" \/><\/p>\n<p>&nbsp;<\/p>\n<p>Adem\u00e1s, <a href=\"https:\/\/autofans.com.ar\/index.php\/2023\/08\/28\/bmw-x1-y-serie-3-e-nuevas-joyas-del-camino\/\" target=\"_blank\" rel=\"noopener\">BMW<\/a> est\u00e1 liderando la carga en el uso del hidr\u00f3geno como fuente de energ\u00eda, y el BMW iX5 Hydrogen ser\u00e1 una prueba de su compromiso en este campo.<\/p>\n<p>No te pierdas las novedades emocionantes del IAA Mobility 2023 de BMW Group mientras exploramos un futuro m\u00e1s limpio, m\u00e1s inteligente y m\u00e1s sostenible en la movilidad.<\/p>\n<p>&nbsp;<\/p>\n<p><i>Para enterarte de m\u00e1s novedades, no dejes de leer\u00a0<\/i><a href=\"https:\/\/autofans.thebrandsoup.com\/\"><i>nuestras notas<\/i><\/a><i>, de ver<\/i><b><i>\u00a0<\/i><\/b><a href=\"https:\/\/www.youtube.com\/channel\/UCgAC8UGHZYbT6P7PpmVnP7g\"><b><i>AUTOFANS TV<\/i><\/b><\/a><b><i>\u00a0<\/i><\/b><i>en nuestro\u00a0canal de Youtube. Adem\u00e1s seguinos en\u00a0<\/i><a href=\"https:\/\/www.instagram.com\/autofanstv\/\"><i>INSTAGRAM<\/i><\/a><i> y <\/i><a href=\"https:\/\/www.facebook.com\/autofansmas\/\"><i>FACEBOOK<\/i><\/a><i> para no perderte nada sobre las novedades del segmento automotor de Argentina y el mundo.<\/i><\/p>\n","protected":false},"excerpt":{"rendered":"<p>En el IAA Mobility 2023 de M\u00fanich, BMW Group presenta su visi\u00f3n de la movilidad&#8230;<\/p>\n","protected":false},"author":2,"featured_media":4864,"comment_status":"closed","ping_status":"closed","sticky":false,"template":"","format":"standard","meta":{"footnotes":""},"categories":[3,16],"tags":[208,2049,1939,2439,389,355,2438,430,1269,513],"class_list":["post-4859","post","type-post","status-publish","format-standard","has-post-thumbnail","hentry","category-autos","category-noticias","tag-bmw","tag-bmwgroup","tag-bmwmotorrad","tag-bmwvisionneueklasse","tag-digitalizacion","tag-electrificacion","tag-iaamobility2023","tag-mini","tag-movilidadsostenible","tag-sustentabilidad"],"yoast_head":"<!-- This site is optimized with the Yoast SEO plugin v27.5 - https:\/\/yoast.com\/product\/yoast-seo-wordpress\/ -->\n<title>BMW Group en el IAA Mobility 2023 en M\u00fanich. -<\/title>\n<meta name=\"description\" content=\"En el IAA Mobility 2023 de M\u00fanich, BMW Group presenta su visi\u00f3n de la movilidad del futuro con el estreno del BMW Vision Neue Klasse...\" \/>\n<meta name=\"robots\" content=\"index, follow, max-snippet:-1, max-image-preview:large, max-video-preview:-1\" \/>\n<link rel=\"canonical\" href=\"https:\/\/autofans.com.ar\/index.php\/2023\/09\/04\/bmw-presenta-el-bmw-vision-neue-klasse-en-el-iaa-mobility-2023\/\" \/>\n<meta property=\"og:locale\" content=\"es_ES\" \/>\n<meta property=\"og:type\" content=\"article\" \/>\n<meta property=\"og:title\" content=\"BMW Group en el IAA Mobility 2023 en M\u00fanich. -\" \/>\n<meta property=\"og:description\" content=\"En el IAA Mobility 2023 de M\u00fanich, BMW Group presenta su visi\u00f3n de la movilidad del futuro con el estreno del BMW Vision Neue Klasse...\" \/>\n<meta property=\"og:url\" content=\"https:\/\/autofans.com.ar\/index.php\/2023\/09\/04\/bmw-presenta-el-bmw-vision-neue-klasse-en-el-iaa-mobility-2023\/\" \/>\n<meta property=\"article:published_time\" content=\"2023-09-05T01:35:19+00:00\" \/>\n<meta property=\"article:modified_time\" content=\"2023-09-05T01:55:45+00:00\" \/>\n<meta property=\"og:image\" content=\"https:\/\/autofans.com.ar\/wp-content\/uploads\/2023\/09\/foto-1-3.jpg\" \/>\n\t<meta property=\"og:image:width\" content=\"1000\" \/>\n\t<meta property=\"og:image:height\" content=\"667\" \/>\n\t<meta property=\"og:image:type\" content=\"image\/jpeg\" \/>\n<meta name=\"author\" content=\"Alejandro Gabriel Rosito\" \/>\n<meta name=\"twitter:card\" content=\"summary_large_image\" \/>\n<meta name=\"twitter:label1\" content=\"Escrito por\" \/>\n\t<meta name=\"twitter:data1\" content=\"Alejandro Gabriel Rosito\" \/>\n\t<meta name=\"twitter:label2\" content=\"Tiempo de lectura\" \/>\n\t<meta name=\"twitter:data2\" content=\"3 minutos\" \/>\n<script type=\"application\/ld+json\" class=\"yoast-schema-graph\">{\"@context\":\"https:\\\/\\\/schema.org\",\"@graph\":[{\"@type\":\"Article\",\"@id\":\"https:\\\/\\\/autofans.com.ar\\\/index.php\\\/2023\\\/09\\\/04\\\/bmw-presenta-el-bmw-vision-neue-klasse-en-el-iaa-mobility-2023\\\/#article\",\"isPartOf\":{\"@id\":\"https:\\\/\\\/autofans.com.ar\\\/index.php\\\/2023\\\/09\\\/04\\\/bmw-presenta-el-bmw-vision-neue-klasse-en-el-iaa-mobility-2023\\\/\"},\"author\":{\"name\":\"Alejandro Gabriel Rosito\",\"@id\":\"https:\\\/\\\/autofans.com.ar\\\/#\\\/schema\\\/person\\\/4a8dda0b6df83ac3d6723e921274c2aa\"},\"headline\":\"BMW Group en el IAA Mobility 2023 en M\u00fanich.\",\"datePublished\":\"2023-09-05T01:35:19+00:00\",\"dateModified\":\"2023-09-05T01:55:45+00:00\",\"mainEntityOfPage\":{\"@id\":\"https:\\\/\\\/autofans.com.ar\\\/index.php\\\/2023\\\/09\\\/04\\\/bmw-presenta-el-bmw-vision-neue-klasse-en-el-iaa-mobility-2023\\\/\"},\"wordCount\":538,\"image\":{\"@id\":\"https:\\\/\\\/autofans.com.ar\\\/index.php\\\/2023\\\/09\\\/04\\\/bmw-presenta-el-bmw-vision-neue-klasse-en-el-iaa-mobility-2023\\\/#primaryimage\"},\"thumbnailUrl\":\"https:\\\/\\\/autofans.com.ar\\\/wp-content\\\/uploads\\\/2023\\\/09\\\/foto-1-3.jpg\",\"keywords\":[\"#BMW\",\"BMWGroup\",\"BMWMotorrad\",\"BMWVisionNeueKlasse\",\"digitalizaci\u00f3n\",\"electrificaci\u00f3n\",\"IAAMobility2023\",\"MINI\",\"MovilidadSostenible\",\"sustentabilidad\"],\"articleSection\":[\"AUTOS y SUV\",\"NOTICIAS\"],\"inLanguage\":\"es\"},{\"@type\":\"WebPage\",\"@id\":\"https:\\\/\\\/autofans.com.ar\\\/index.php\\\/2023\\\/09\\\/04\\\/bmw-presenta-el-bmw-vision-neue-klasse-en-el-iaa-mobility-2023\\\/\",\"url\":\"https:\\\/\\\/autofans.com.ar\\\/index.php\\\/2023\\\/09\\\/04\\\/bmw-presenta-el-bmw-vision-neue-klasse-en-el-iaa-mobility-2023\\\/\",\"name\":\"BMW Group en el IAA Mobility 2023 en M\u00fanich. -\",\"isPartOf\":{\"@id\":\"https:\\\/\\\/autofans.com.ar\\\/#website\"},\"primaryImageOfPage\":{\"@id\":\"https:\\\/\\\/autofans.com.ar\\\/index.php\\\/2023\\\/09\\\/04\\\/bmw-presenta-el-bmw-vision-neue-klasse-en-el-iaa-mobility-2023\\\/#primaryimage\"},\"image\":{\"@id\":\"https:\\\/\\\/autofans.com.ar\\\/index.php\\\/2023\\\/09\\\/04\\\/bmw-presenta-el-bmw-vision-neue-klasse-en-el-iaa-mobility-2023\\\/#primaryimage\"},\"thumbnailUrl\":\"https:\\\/\\\/autofans.com.ar\\\/wp-content\\\/uploads\\\/2023\\\/09\\\/foto-1-3.jpg\",\"datePublished\":\"2023-09-05T01:35:19+00:00\",\"dateModified\":\"2023-09-05T01:55:45+00:00\",\"author\":{\"@id\":\"https:\\\/\\\/autofans.com.ar\\\/#\\\/schema\\\/person\\\/4a8dda0b6df83ac3d6723e921274c2aa\"},\"description\":\"En el IAA Mobility 2023 de M\u00fanich, BMW Group presenta su visi\u00f3n de la movilidad del futuro con el estreno del BMW Vision Neue Klasse...\",\"breadcrumb\":{\"@id\":\"https:\\\/\\\/autofans.com.ar\\\/index.php\\\/2023\\\/09\\\/04\\\/bmw-presenta-el-bmw-vision-neue-klasse-en-el-iaa-mobility-2023\\\/#breadcrumb\"},\"inLanguage\":\"es\",\"potentialAction\":[{\"@type\":\"ReadAction\",\"target\":[\"https:\\\/\\\/autofans.com.ar\\\/index.php\\\/2023\\\/09\\\/04\\\/bmw-presenta-el-bmw-vision-neue-klasse-en-el-iaa-mobility-2023\\\/\"]}]},{\"@type\":\"ImageObject\",\"inLanguage\":\"es\",\"@id\":\"https:\\\/\\\/autofans.com.ar\\\/index.php\\\/2023\\\/09\\\/04\\\/bmw-presenta-el-bmw-vision-neue-klasse-en-el-iaa-mobility-2023\\\/#primaryimage\",\"url\":\"https:\\\/\\\/autofans.com.ar\\\/wp-content\\\/uploads\\\/2023\\\/09\\\/foto-1-3.jpg\",\"contentUrl\":\"https:\\\/\\\/autofans.com.ar\\\/wp-content\\\/uploads\\\/2023\\\/09\\\/foto-1-3.jpg\",\"width\":1000,\"height\":667,\"caption\":\"BMW\"},{\"@type\":\"BreadcrumbList\",\"@id\":\"https:\\\/\\\/autofans.com.ar\\\/index.php\\\/2023\\\/09\\\/04\\\/bmw-presenta-el-bmw-vision-neue-klasse-en-el-iaa-mobility-2023\\\/#breadcrumb\",\"itemListElement\":[{\"@type\":\"ListItem\",\"position\":1,\"name\":\"Inicio\",\"item\":\"https:\\\/\\\/autofans.com.ar\\\/\"},{\"@type\":\"ListItem\",\"position\":2,\"name\":\"BMW Group en el IAA Mobility 2023 en M\u00fanich.\"}]},{\"@type\":\"WebSite\",\"@id\":\"https:\\\/\\\/autofans.com.ar\\\/#website\",\"url\":\"https:\\\/\\\/autofans.com.ar\\\/\",\"name\":\"\",\"description\":\"El multimedio referente de la industria automotriz\",\"potentialAction\":[{\"@type\":\"SearchAction\",\"target\":{\"@type\":\"EntryPoint\",\"urlTemplate\":\"https:\\\/\\\/autofans.com.ar\\\/?s={search_term_string}\"},\"query-input\":{\"@type\":\"PropertyValueSpecification\",\"valueRequired\":true,\"valueName\":\"search_term_string\"}}],\"inLanguage\":\"es\"},{\"@type\":\"Person\",\"@id\":\"https:\\\/\\\/autofans.com.ar\\\/#\\\/schema\\\/person\\\/4a8dda0b6df83ac3d6723e921274c2aa\",\"name\":\"Alejandro Gabriel Rosito\",\"image\":{\"@type\":\"ImageObject\",\"inLanguage\":\"es\",\"@id\":\"https:\\\/\\\/secure.gravatar.com\\\/avatar\\\/16c5dda1489adfc62618084dcbb91cffd879c374b13fe5dd8e44ed6733852c88?s=96&d=mm&r=g\",\"url\":\"https:\\\/\\\/secure.gravatar.com\\\/avatar\\\/16c5dda1489adfc62618084dcbb91cffd879c374b13fe5dd8e44ed6733852c88?s=96&d=mm&r=g\",\"contentUrl\":\"https:\\\/\\\/secure.gravatar.com\\\/avatar\\\/16c5dda1489adfc62618084dcbb91cffd879c374b13fe5dd8e44ed6733852c88?s=96&d=mm&r=g\",\"caption\":\"Alejandro Gabriel Rosito\"},\"url\":\"https:\\\/\\\/autofans.com.ar\\\/index.php\\\/author\\\/gabrielr\\\/\"}]}<\/script>\n<!-- \/ Yoast SEO plugin. -->","yoast_head_json":{"title":"BMW Group en el IAA Mobility 2023 en M\u00fanich. -","description":"En el IAA Mobility 2023 de M\u00fanich, BMW Group presenta su visi\u00f3n de la movilidad del futuro con el estreno del BMW Vision Neue Klasse...","robots":{"index":"index","follow":"follow","max-snippet":"max-snippet:-1","max-image-preview":"max-image-preview:large","max-video-preview":"max-video-preview:-1"},"canonical":"https:\/\/autofans.com.ar\/index.php\/2023\/09\/04\/bmw-presenta-el-bmw-vision-neue-klasse-en-el-iaa-mobility-2023\/","og_locale":"es_ES","og_type":"article","og_title":"BMW Group en el IAA Mobility 2023 en M\u00fanich. -","og_description":"En el IAA Mobility 2023 de M\u00fanich, BMW Group presenta su visi\u00f3n de la movilidad del futuro con el estreno del BMW Vision Neue Klasse...","og_url":"https:\/\/autofans.com.ar\/index.php\/2023\/09\/04\/bmw-presenta-el-bmw-vision-neue-klasse-en-el-iaa-mobility-2023\/","article_published_time":"2023-09-05T01:35:19+00:00","article_modified_time":"2023-09-05T01:55:45+00:00","og_image":[{"width":1000,"height":667,"url":"https:\/\/autofans.com.ar\/wp-content\/uploads\/2023\/09\/foto-1-3.jpg","type":"image\/jpeg"}],"author":"Alejandro Gabriel Rosito","twitter_card":"summary_large_image","twitter_misc":{"Escrito por":"Alejandro Gabriel Rosito","Tiempo de lectura":"3 minutos"},"schema":{"@context":"https:\/\/schema.org","@graph":[{"@type":"Article","@id":"https:\/\/autofans.com.ar\/index.php\/2023\/09\/04\/bmw-presenta-el-bmw-vision-neue-klasse-en-el-iaa-mobility-2023\/#article","isPartOf":{"@id":"https:\/\/autofans.com.ar\/index.php\/2023\/09\/04\/bmw-presenta-el-bmw-vision-neue-klasse-en-el-iaa-mobility-2023\/"},"author":{"name":"Alejandro Gabriel Rosito","@id":"https:\/\/autofans.com.ar\/#\/schema\/person\/4a8dda0b6df83ac3d6723e921274c2aa"},"headline":"BMW Group en el IAA Mobility 2023 en M\u00fanich.","datePublished":"2023-09-05T01:35:19+00:00","dateModified":"2023-09-05T01:55:45+00:00","mainEntityOfPage":{"@id":"https:\/\/autofans.com.ar\/index.php\/2023\/09\/04\/bmw-presenta-el-bmw-vision-neue-klasse-en-el-iaa-mobility-2023\/"},"wordCount":538,"image":{"@id":"https:\/\/autofans.com.ar\/index.php\/2023\/09\/04\/bmw-presenta-el-bmw-vision-neue-klasse-en-el-iaa-mobility-2023\/#primaryimage"},"thumbnailUrl":"https:\/\/autofans.com.ar\/wp-content\/uploads\/2023\/09\/foto-1-3.jpg","keywords":["#BMW","BMWGroup","BMWMotorrad","BMWVisionNeueKlasse","digitalizaci\u00f3n","electrificaci\u00f3n","IAAMobility2023","MINI","MovilidadSostenible","sustentabilidad"],"articleSection":["AUTOS y SUV","NOTICIAS"],"inLanguage":"es"},{"@type":"WebPage","@id":"https:\/\/autofans.com.ar\/index.php\/2023\/09\/04\/bmw-presenta-el-bmw-vision-neue-klasse-en-el-iaa-mobility-2023\/","url":"https:\/\/autofans.com.ar\/index.php\/2023\/09\/04\/bmw-presenta-el-bmw-vision-neue-klasse-en-el-iaa-mobility-2023\/","name":"BMW Group en el IAA Mobility 2023 en M\u00fanich. -","isPartOf":{"@id":"https:\/\/autofans.com.ar\/#website"},"primaryImageOfPage":{"@id":"https:\/\/autofans.com.ar\/index.php\/2023\/09\/04\/bmw-presenta-el-bmw-vision-neue-klasse-en-el-iaa-mobility-2023\/#primaryimage"},"image":{"@id":"https:\/\/autofans.com.ar\/index.php\/2023\/09\/04\/bmw-presenta-el-bmw-vision-neue-klasse-en-el-iaa-mobility-2023\/#primaryimage"},"thumbnailUrl":"https:\/\/autofans.com.ar\/wp-content\/uploads\/2023\/09\/foto-1-3.jpg","datePublished":"2023-09-05T01:35:19+00:00","dateModified":"2023-09-05T01:55:45+00:00","author":{"@id":"https:\/\/autofans.com.ar\/#\/schema\/person\/4a8dda0b6df83ac3d6723e921274c2aa"},"description":"En el IAA Mobility 2023 de M\u00fanich, BMW Group presenta su visi\u00f3n de la movilidad del futuro con el estreno del BMW Vision Neue Klasse...","breadcrumb":{"@id":"https:\/\/autofans.com.ar\/index.php\/2023\/09\/04\/bmw-presenta-el-bmw-vision-neue-klasse-en-el-iaa-mobility-2023\/#breadcrumb"},"inLanguage":"es","potentialAction":[{"@type":"ReadAction","target":["https:\/\/autofans.com.ar\/index.php\/2023\/09\/04\/bmw-presenta-el-bmw-vision-neue-klasse-en-el-iaa-mobility-2023\/"]}]},{"@type":"ImageObject","inLanguage":"es","@id":"https:\/\/autofans.com.ar\/index.php\/2023\/09\/04\/bmw-presenta-el-bmw-vision-neue-klasse-en-el-iaa-mobility-2023\/#primaryimage","url":"https:\/\/autofans.com.ar\/wp-content\/uploads\/2023\/09\/foto-1-3.jpg","contentUrl":"https:\/\/autofans.com.ar\/wp-content\/uploads\/2023\/09\/foto-1-3.jpg","width":1000,"height":667,"caption":"BMW"},{"@type":"BreadcrumbList","@id":"https:\/\/autofans.com.ar\/index.php\/2023\/09\/04\/bmw-presenta-el-bmw-vision-neue-klasse-en-el-iaa-mobility-2023\/#breadcrumb","itemListElement":[{"@type":"ListItem","position":1,"name":"Inicio","item":"https:\/\/autofans.com.ar\/"},{"@type":"ListItem","position":2,"name":"BMW Group en el IAA Mobility 2023 en M\u00fanich."}]},{"@type":"WebSite","@id":"https:\/\/autofans.com.ar\/#website","url":"https:\/\/autofans.com.ar\/","name":"","description":"El multimedio referente de la industria automotriz","potentialAction":[{"@type":"SearchAction","target":{"@type":"EntryPoint","urlTemplate":"https:\/\/autofans.com.ar\/?s={search_term_string}"},"query-input":{"@type":"PropertyValueSpecification","valueRequired":true,"valueName":"search_term_string"}}],"inLanguage":"es"},{"@type":"Person","@id":"https:\/\/autofans.com.ar\/#\/schema\/person\/4a8dda0b6df83ac3d6723e921274c2aa","name":"Alejandro Gabriel Rosito","image":{"@type":"ImageObject","inLanguage":"es","@id":"https:\/\/secure.gravatar.com\/avatar\/16c5dda1489adfc62618084dcbb91cffd879c374b13fe5dd8e44ed6733852c88?s=96&d=mm&r=g","url":"https:\/\/secure.gravatar.com\/avatar\/16c5dda1489adfc62618084dcbb91cffd879c374b13fe5dd8e44ed6733852c88?s=96&d=mm&r=g","contentUrl":"https:\/\/secure.gravatar.com\/avatar\/16c5dda1489adfc62618084dcbb91cffd879c374b13fe5dd8e44ed6733852c88?s=96&d=mm&r=g","caption":"Alejandro Gabriel Rosito"},"url":"https:\/\/autofans.com.ar\/index.php\/author\/gabrielr\/"}]}},"featured_image_urls":{"full":["https:\/\/autofans.com.ar\/wp-content\/uploads\/2023\/09\/foto-1-3.jpg",1000,667,false],"thumbnail":["https:\/\/autofans.com.ar\/wp-content\/uploads\/2023\/09\/foto-1-3-150x150.jpg",150,150,true],"medium":["https:\/\/autofans.com.ar\/wp-content\/uploads\/2023\/09\/foto-1-3-300x200.jpg",300,200,true],"medium_large":["https:\/\/autofans.com.ar\/wp-content\/uploads\/2023\/09\/foto-1-3-768x512.jpg",640,427,true],"large":["https:\/\/autofans.com.ar\/wp-content\/uploads\/2023\/09\/foto-1-3.jpg",640,427,false],"1536x1536":["https:\/\/autofans.com.ar\/wp-content\/uploads\/2023\/09\/foto-1-3.jpg",1000,667,false],"2048x2048":["https:\/\/autofans.com.ar\/wp-content\/uploads\/2023\/09\/foto-1-3.jpg",1000,667,false],"covernews-featured":["https:\/\/autofans.com.ar\/wp-content\/uploads\/2023\/09\/foto-1-3.jpg",1000,667,false],"covernews-medium":["https:\/\/autofans.com.ar\/wp-content\/uploads\/2023\/09\/foto-1-3-540x340.jpg",540,340,true]},"author_info":{"display_name":"Alejandro Gabriel Rosito","author_link":"https:\/\/autofans.com.ar\/index.php\/author\/gabrielr\/"},"category_info":"<a href=\"https:\/\/autofans.com.ar\/index.php\/category\/noticias\/autos\/\" rel=\"category tag\">AUTOS y SUV<\/a> <a href=\"https:\/\/autofans.com.ar\/index.php\/category\/noticias\/\" rel=\"category tag\">NOTICIAS<\/a>","tag_info":"NOTICIAS","comment_count":0,"_links":{"self":[{"href":"https:\/\/autofans.com.ar\/index.php\/wp-json\/wp\/v2\/posts\/4859","targetHints":{"allow":["GET"]}}],"collection":[{"href":"https:\/\/autofans.com.ar\/index.php\/wp-json\/wp\/v2\/posts"}],"about":[{"href":"https:\/\/autofans.com.ar\/index.php\/wp-json\/wp\/v2\/types\/post"}],"author":[{"embeddable":true,"href":"https:\/\/autofans.com.ar\/index.php\/wp-json\/wp\/v2\/users\/2"}],"replies":[{"embeddable":true,"href":"https:\/\/autofans.com.ar\/index.php\/wp-json\/wp\/v2\/comments?post=4859"}],"version-history":[{"count":7,"href":"https:\/\/autofans.com.ar\/index.php\/wp-json\/wp\/v2\/posts\/4859\/revisions"}],"predecessor-version":[{"id":4871,"href":"https:\/\/autofans.com.ar\/index.php\/wp-json\/wp\/v2\/posts\/4859\/revisions\/4871"}],"wp:featuredmedia":[{"embeddable":true,"href":"https:\/\/autofans.com.ar\/index.php\/wp-json\/wp\/v2\/media\/4864"}],"wp:attachment":[{"href":"https:\/\/autofans.com.ar\/index.php\/wp-json\/wp\/v2\/media?parent=4859"}],"wp:term":[{"taxonomy":"category","embeddable":true,"href":"https:\/\/autofans.com.ar\/index.php\/wp-json\/wp\/v2\/categories?post=4859"},{"taxonomy":"post_tag","embeddable":true,"href":"https:\/\/autofans.com.ar\/index.php\/wp-json\/wp\/v2\/tags?post=4859"}],"curies":[{"name":"wp","href":"https:\/\/api.w.org\/{rel}","templated":true}]}}