{"id":4872,"date":"2023-09-05T12:55:21","date_gmt":"2023-09-05T15:55:21","guid":{"rendered":"https:\/\/autofans.com.ar\/?p=4872"},"modified":"2023-09-05T12:55:21","modified_gmt":"2023-09-05T15:55:21","slug":"lanzamiento-del-nuevo-mercedes-amg-gt","status":"publish","type":"post","link":"https:\/\/autofans.com.ar\/index.php\/2023\/09\/05\/lanzamiento-del-nuevo-mercedes-amg-gt\/","title":{"rendered":"Lanzamiento del nuevo Mercedes-AMG GT"},"content":{"rendered":"<p><span style=\"font-weight: 400;\">Mercedes-AMG GT presentar\u00e1 en el mes de septiembre su segunda generaci\u00f3n. Un veh\u00edculo redise\u00f1ado desde cero, el AMG GT 63 4MATIC+ Coup\u00e9. <\/span><span style=\"font-weight: 400;\">Este modelo cumple con los requisitos de un Gran Turismo. Listo para darle un uso en el d\u00eda a d\u00eda combinando caracter\u00edsticas de conducci\u00f3n m\u00e1s deportivas. Ya que contiene una estructura de carrocer\u00eda de aluminio, segura y r\u00edgida contra la torsi\u00f3n. <\/span><span style=\"font-weight: 400;\">En el veh\u00edculo encontraremos una nueva configuraci\u00f3n de plazas tipo 2+2, lo que en un auto deportivo es poco com\u00fan, dando as\u00ed, m\u00e1s espacio para los ocupantes y para el equipaje.<\/span><\/p>\n<p>&nbsp;<\/p>\n<h2>Caracter\u00edsticas del lanzamiento de Mercedes<\/h2>\n<p>&nbsp;<\/p>\n<p><img fetchpriority=\"high\" decoding=\"async\" class=\"aligncenter wp-image-4874 size-full\" src=\"https:\/\/autofans.com.ar\/wp-content\/uploads\/2023\/09\/foto-4-1.jpg\" alt=\"Mercedes-AMG GT\" width=\"1000\" height=\"667\" srcset=\"https:\/\/autofans.com.ar\/wp-content\/uploads\/2023\/09\/foto-4-1.jpg 1000w, https:\/\/autofans.com.ar\/wp-content\/uploads\/2023\/09\/foto-4-1-300x200.jpg 300w, https:\/\/autofans.com.ar\/wp-content\/uploads\/2023\/09\/foto-4-1-768x512.jpg 768w\" sizes=\"(max-width: 1000px) 100vw, 1000px\" \/><\/p>\n<p>&nbsp;<\/p>\n<p><span style=\"font-weight: 400;\">Comenzando por el motor, biturbo AMG, v8 de 4,0 litros y 430 kW (585 CV) se asocia por primera vez en un AMG GT de dos puertas con el sistema de tracci\u00f3n total AMG Performance 4MATIC+ totalmente variable.\u00a0<\/span><\/p>\n<p>Cuenta con el tren de rodaje AMG ACTIVE RIDE CONTROL con estabilizaci\u00f3n semiactiva del balanceo. La direcci\u00f3n activa del eje trasero y un sistema de aerodin\u00e1mica activa que subrayan sus argumentos para ser el buque insignia en la gama de autom\u00f3viles deportivos y de altas prestaciones de la marca.<\/p>\n<p>&nbsp;<\/p>\n<h2>Mercedes-AMG GT &#8211; dise\u00f1o exterior del AMG GT<\/h2>\n<p><span style=\"font-weight: 400;\">Por fuera, en este nuevo dise\u00f1o de Mercedes, encontraremos, la parrilla, baja y espec\u00edfica de AMG, acent\u00faa el frontal y confiere al Mercedes-AMG GT. Una presencia a\u00fan m\u00e1s deportiva y dominante en compos\u00e9 con su interior y caracter\u00edsticas de motor.<\/span><\/p>\n<p>&nbsp;<\/p>\n<div id='gallery-1' class='gallery galleryid-4872 gallery-columns-3 gallery-size-full'><figure class='gallery-item'>\n\t\t\t<div class='gallery-icon landscape'>\n\t\t\t\t<a href='https:\/\/autofans.com.ar\/index.php\/2023\/09\/05\/lanzamiento-del-nuevo-mercedes-amg-gt\/foto-2-276\/'><img loading=\"lazy\" width=\"1000\" height=\"667\" src=\"https:\/\/autofans.com.ar\/wp-content\/uploads\/2023\/09\/foto-2-4.jpg\" class=\"attachment-full size-full\" alt=\"Mercedes-AMG\" srcset=\"https:\/\/autofans.com.ar\/wp-content\/uploads\/2023\/09\/foto-2-4.jpg 1000w, https:\/\/autofans.com.ar\/wp-content\/uploads\/2023\/09\/foto-2-4-300x200.jpg 300w, https:\/\/autofans.com.ar\/wp-content\/uploads\/2023\/09\/foto-2-4-768x512.jpg 768w\" sizes=\"auto, (max-width: 1000px) 100vw, 1000px\" loading=\"lazy\" decoding=\"async\" \/><\/a>\n\t\t\t<\/div><\/figure><figure class='gallery-item'>\n\t\t\t<div class='gallery-icon landscape'>\n\t\t\t\t<a href='https:\/\/autofans.com.ar\/index.php\/2023\/09\/05\/lanzamiento-del-nuevo-mercedes-amg-gt\/foto-1-285\/'><img loading=\"lazy\" width=\"1000\" height=\"667\" src=\"https:\/\/autofans.com.ar\/wp-content\/uploads\/2023\/09\/foto-1-4.jpg\" class=\"attachment-full size-full\" alt=\"Mercedes\" srcset=\"https:\/\/autofans.com.ar\/wp-content\/uploads\/2023\/09\/foto-1-4.jpg 1000w, https:\/\/autofans.com.ar\/wp-content\/uploads\/2023\/09\/foto-1-4-300x200.jpg 300w, https:\/\/autofans.com.ar\/wp-content\/uploads\/2023\/09\/foto-1-4-768x512.jpg 768w\" sizes=\"auto, (max-width: 1000px) 100vw, 1000px\" loading=\"lazy\" decoding=\"async\" \/><\/a>\n\t\t\t<\/div><\/figure><figure class='gallery-item'>\n\t\t\t<div class='gallery-icon landscape'>\n\t\t\t\t<a href='https:\/\/autofans.com.ar\/index.php\/2023\/09\/05\/lanzamiento-del-nuevo-mercedes-amg-gt\/foto-5-96\/'><img loading=\"lazy\" width=\"1000\" height=\"667\" src=\"https:\/\/autofans.com.ar\/wp-content\/uploads\/2023\/09\/foto-5-1.jpg\" class=\"attachment-full size-full\" alt=\"Mercedes-AMG GT\" srcset=\"https:\/\/autofans.com.ar\/wp-content\/uploads\/2023\/09\/foto-5-1.jpg 1000w, https:\/\/autofans.com.ar\/wp-content\/uploads\/2023\/09\/foto-5-1-300x200.jpg 300w, https:\/\/autofans.com.ar\/wp-content\/uploads\/2023\/09\/foto-5-1-768x512.jpg 768w\" sizes=\"auto, (max-width: 1000px) 100vw, 1000px\" loading=\"lazy\" decoding=\"async\" \/><\/a>\n\t\t\t<\/div><\/figure>\n\t\t<\/div>\n\n<p>&nbsp;<\/p>\n<p><span style=\"font-weight: 400;\">Contiene luz digital Light, que permiten funciones innovadoras como las proyecciones de s\u00edmbolos de advertencia y proyecci\u00f3n de marcas de orientaci\u00f3n o s\u00edmbolos de advertencia sobre la calzada. Dispone de un m\u00f3dulo luminoso en cada faro con tres potentes LED, cuya luz se refracta y dirige con la ayuda de 1,3 millones de microespejos que ocupan la superficie de la u\u00f1a del dedo pulgar.\u00a0<\/span><\/p>\n<p><span style=\"font-weight: 400;\">Estas particularidades le dan a los genes del auto deportivo AMG un avance al mundo digital subrayando el lujo.<\/span><\/p>\n<p>&nbsp;<\/p>\n<p><i>Para enterarte de m\u00e1s novedades, no dejes de leer\u00a0<\/i><a href=\"https:\/\/autofans.thebrandsoup.com\/\"><i>nuestras notas<\/i><\/a><i>, de ver<\/i><b><i>\u00a0<\/i><\/b><a href=\"https:\/\/www.youtube.com\/channel\/UCgAC8UGHZYbT6P7PpmVnP7g\"><b><i>AUTOFANS TV<\/i><\/b><\/a><b><i>\u00a0<\/i><\/b><i>en nuestro\u00a0canal de Youtube. Adem\u00e1s seguinos en\u00a0<\/i><a href=\"https:\/\/www.instagram.com\/autofanstv\/\"><i>INSTAGRAM<\/i><\/a><i> y <\/i><a href=\"https:\/\/www.facebook.com\/autofansmas\/\"><i>FACEBOOK<\/i><\/a><i> para no perderte nada sobre las novedades del segmento automotor de Argentina y el mundo.<\/i><\/p>\n<p><i><span class=\"Apple-converted-space\">\u00a0<\/span><\/i><\/p>\n<p><i><span class=\"Apple-converted-space\">\u00a0<\/span><\/i><\/p>\n","protected":false},"excerpt":{"rendered":"<p>Mercedes-AMG GT presentar\u00e1 en el mes de septiembre su segunda generaci\u00f3n. Un veh\u00edculo redise\u00f1ado desde&#8230;<\/p>\n","protected":false},"author":2,"featured_media":4875,"comment_status":"closed","ping_status":"closed","sticky":false,"template":"","format":"standard","meta":{"footnotes":""},"categories":[3,16],"tags":[2441,432,2440,865,2442],"class_list":["post-4872","post","type-post","status-publish","format-standard","has-post-thumbnail","hentry","category-autos","category-noticias","tag-amg-gt-2023","tag-automoviles-de-lujo","tag-mercedes-amg-gt","tag-tecnologia-de-vanguardia","tag-vehiculos-deportivos"],"yoast_head":"<!-- This site is optimized with the Yoast SEO plugin v27.5 - https:\/\/yoast.com\/product\/yoast-seo-wordpress\/ -->\n<title>Lanzamiento del nuevo Mercedes-AMG GT -<\/title>\n<meta name=\"description\" content=\"Mercedes-AMG GT presentar\u00e1 en el mes de septiembre su segunda generaci\u00f3n. Un veh\u00edculo redise\u00f1ado desde cero, el AMG GT 63 4MATIC+ Coup\u00e9...\" \/>\n<meta name=\"robots\" content=\"index, follow, max-snippet:-1, max-image-preview:large, max-video-preview:-1\" \/>\n<link rel=\"canonical\" href=\"https:\/\/autofans.com.ar\/index.php\/2023\/09\/05\/lanzamiento-del-nuevo-mercedes-amg-gt\/\" \/>\n<meta property=\"og:locale\" content=\"es_ES\" \/>\n<meta property=\"og:type\" content=\"article\" \/>\n<meta property=\"og:title\" content=\"Lanzamiento del nuevo Mercedes-AMG GT -\" \/>\n<meta property=\"og:description\" content=\"Mercedes-AMG GT presentar\u00e1 en el mes de septiembre su segunda generaci\u00f3n. Un veh\u00edculo redise\u00f1ado desde cero, el AMG GT 63 4MATIC+ Coup\u00e9...\" \/>\n<meta property=\"og:url\" content=\"https:\/\/autofans.com.ar\/index.php\/2023\/09\/05\/lanzamiento-del-nuevo-mercedes-amg-gt\/\" \/>\n<meta property=\"article:published_time\" content=\"2023-09-05T15:55:21+00:00\" \/>\n<meta property=\"og:image\" content=\"https:\/\/autofans.com.ar\/wp-content\/uploads\/2023\/09\/foto-3-4.jpg\" \/>\n\t<meta property=\"og:image:width\" content=\"1000\" \/>\n\t<meta property=\"og:image:height\" content=\"667\" \/>\n\t<meta property=\"og:image:type\" content=\"image\/jpeg\" \/>\n<meta name=\"author\" content=\"Alejandro Gabriel Rosito\" \/>\n<meta name=\"twitter:card\" content=\"summary_large_image\" \/>\n<meta name=\"twitter:label1\" content=\"Escrito por\" \/>\n\t<meta name=\"twitter:data1\" content=\"Alejandro Gabriel Rosito\" \/>\n\t<meta name=\"twitter:label2\" content=\"Tiempo de lectura\" \/>\n\t<meta name=\"twitter:data2\" content=\"2 minutos\" \/>\n<script type=\"application\/ld+json\" class=\"yoast-schema-graph\">{\"@context\":\"https:\\\/\\\/schema.org\",\"@graph\":[{\"@type\":\"Article\",\"@id\":\"https:\\\/\\\/autofans.com.ar\\\/index.php\\\/2023\\\/09\\\/05\\\/lanzamiento-del-nuevo-mercedes-amg-gt\\\/#article\",\"isPartOf\":{\"@id\":\"https:\\\/\\\/autofans.com.ar\\\/index.php\\\/2023\\\/09\\\/05\\\/lanzamiento-del-nuevo-mercedes-amg-gt\\\/\"},\"author\":{\"name\":\"Alejandro Gabriel Rosito\",\"@id\":\"https:\\\/\\\/autofans.com.ar\\\/#\\\/schema\\\/person\\\/4a8dda0b6df83ac3d6723e921274c2aa\"},\"headline\":\"Lanzamiento del nuevo Mercedes-AMG GT\",\"datePublished\":\"2023-09-05T15:55:21+00:00\",\"mainEntityOfPage\":{\"@id\":\"https:\\\/\\\/autofans.com.ar\\\/index.php\\\/2023\\\/09\\\/05\\\/lanzamiento-del-nuevo-mercedes-amg-gt\\\/\"},\"wordCount\":404,\"image\":{\"@id\":\"https:\\\/\\\/autofans.com.ar\\\/index.php\\\/2023\\\/09\\\/05\\\/lanzamiento-del-nuevo-mercedes-amg-gt\\\/#primaryimage\"},\"thumbnailUrl\":\"https:\\\/\\\/autofans.com.ar\\\/wp-content\\\/uploads\\\/2023\\\/09\\\/foto-3-4.jpg\",\"keywords\":[\"AMG GT 2023\",\"autom\u00f3viles de lujo\",\"Mercedes-AMG GT\",\"tecnolog\u00eda de vanguardia\",\"Veh\u00edculos Deportivos\"],\"articleSection\":[\"AUTOS y SUV\",\"NOTICIAS\"],\"inLanguage\":\"es\"},{\"@type\":\"WebPage\",\"@id\":\"https:\\\/\\\/autofans.com.ar\\\/index.php\\\/2023\\\/09\\\/05\\\/lanzamiento-del-nuevo-mercedes-amg-gt\\\/\",\"url\":\"https:\\\/\\\/autofans.com.ar\\\/index.php\\\/2023\\\/09\\\/05\\\/lanzamiento-del-nuevo-mercedes-amg-gt\\\/\",\"name\":\"Lanzamiento del nuevo Mercedes-AMG GT -\",\"isPartOf\":{\"@id\":\"https:\\\/\\\/autofans.com.ar\\\/#website\"},\"primaryImageOfPage\":{\"@id\":\"https:\\\/\\\/autofans.com.ar\\\/index.php\\\/2023\\\/09\\\/05\\\/lanzamiento-del-nuevo-mercedes-amg-gt\\\/#primaryimage\"},\"image\":{\"@id\":\"https:\\\/\\\/autofans.com.ar\\\/index.php\\\/2023\\\/09\\\/05\\\/lanzamiento-del-nuevo-mercedes-amg-gt\\\/#primaryimage\"},\"thumbnailUrl\":\"https:\\\/\\\/autofans.com.ar\\\/wp-content\\\/uploads\\\/2023\\\/09\\\/foto-3-4.jpg\",\"datePublished\":\"2023-09-05T15:55:21+00:00\",\"author\":{\"@id\":\"https:\\\/\\\/autofans.com.ar\\\/#\\\/schema\\\/person\\\/4a8dda0b6df83ac3d6723e921274c2aa\"},\"description\":\"Mercedes-AMG GT presentar\u00e1 en el mes de septiembre su segunda generaci\u00f3n. Un veh\u00edculo redise\u00f1ado desde cero, el AMG GT 63 4MATIC+ Coup\u00e9...\",\"breadcrumb\":{\"@id\":\"https:\\\/\\\/autofans.com.ar\\\/index.php\\\/2023\\\/09\\\/05\\\/lanzamiento-del-nuevo-mercedes-amg-gt\\\/#breadcrumb\"},\"inLanguage\":\"es\",\"potentialAction\":[{\"@type\":\"ReadAction\",\"target\":[\"https:\\\/\\\/autofans.com.ar\\\/index.php\\\/2023\\\/09\\\/05\\\/lanzamiento-del-nuevo-mercedes-amg-gt\\\/\"]}]},{\"@type\":\"ImageObject\",\"inLanguage\":\"es\",\"@id\":\"https:\\\/\\\/autofans.com.ar\\\/index.php\\\/2023\\\/09\\\/05\\\/lanzamiento-del-nuevo-mercedes-amg-gt\\\/#primaryimage\",\"url\":\"https:\\\/\\\/autofans.com.ar\\\/wp-content\\\/uploads\\\/2023\\\/09\\\/foto-3-4.jpg\",\"contentUrl\":\"https:\\\/\\\/autofans.com.ar\\\/wp-content\\\/uploads\\\/2023\\\/09\\\/foto-3-4.jpg\",\"width\":1000,\"height\":667,\"caption\":\"Mercedes-AMG\"},{\"@type\":\"BreadcrumbList\",\"@id\":\"https:\\\/\\\/autofans.com.ar\\\/index.php\\\/2023\\\/09\\\/05\\\/lanzamiento-del-nuevo-mercedes-amg-gt\\\/#breadcrumb\",\"itemListElement\":[{\"@type\":\"ListItem\",\"position\":1,\"name\":\"Inicio\",\"item\":\"https:\\\/\\\/autofans.com.ar\\\/\"},{\"@type\":\"ListItem\",\"position\":2,\"name\":\"Lanzamiento del nuevo Mercedes-AMG GT\"}]},{\"@type\":\"WebSite\",\"@id\":\"https:\\\/\\\/autofans.com.ar\\\/#website\",\"url\":\"https:\\\/\\\/autofans.com.ar\\\/\",\"name\":\"\",\"description\":\"El multimedio referente de la industria automotriz\",\"potentialAction\":[{\"@type\":\"SearchAction\",\"target\":{\"@type\":\"EntryPoint\",\"urlTemplate\":\"https:\\\/\\\/autofans.com.ar\\\/?s={search_term_string}\"},\"query-input\":{\"@type\":\"PropertyValueSpecification\",\"valueRequired\":true,\"valueName\":\"search_term_string\"}}],\"inLanguage\":\"es\"},{\"@type\":\"Person\",\"@id\":\"https:\\\/\\\/autofans.com.ar\\\/#\\\/schema\\\/person\\\/4a8dda0b6df83ac3d6723e921274c2aa\",\"name\":\"Alejandro Gabriel Rosito\",\"image\":{\"@type\":\"ImageObject\",\"inLanguage\":\"es\",\"@id\":\"https:\\\/\\\/secure.gravatar.com\\\/avatar\\\/16c5dda1489adfc62618084dcbb91cffd879c374b13fe5dd8e44ed6733852c88?s=96&d=mm&r=g\",\"url\":\"https:\\\/\\\/secure.gravatar.com\\\/avatar\\\/16c5dda1489adfc62618084dcbb91cffd879c374b13fe5dd8e44ed6733852c88?s=96&d=mm&r=g\",\"contentUrl\":\"https:\\\/\\\/secure.gravatar.com\\\/avatar\\\/16c5dda1489adfc62618084dcbb91cffd879c374b13fe5dd8e44ed6733852c88?s=96&d=mm&r=g\",\"caption\":\"Alejandro Gabriel Rosito\"},\"url\":\"https:\\\/\\\/autofans.com.ar\\\/index.php\\\/author\\\/gabrielr\\\/\"}]}<\/script>\n<!-- \/ Yoast SEO plugin. -->","yoast_head_json":{"title":"Lanzamiento del nuevo Mercedes-AMG GT -","description":"Mercedes-AMG GT presentar\u00e1 en el mes de septiembre su segunda generaci\u00f3n. Un veh\u00edculo redise\u00f1ado desde cero, el AMG GT 63 4MATIC+ Coup\u00e9...","robots":{"index":"index","follow":"follow","max-snippet":"max-snippet:-1","max-image-preview":"max-image-preview:large","max-video-preview":"max-video-preview:-1"},"canonical":"https:\/\/autofans.com.ar\/index.php\/2023\/09\/05\/lanzamiento-del-nuevo-mercedes-amg-gt\/","og_locale":"es_ES","og_type":"article","og_title":"Lanzamiento del nuevo Mercedes-AMG GT -","og_description":"Mercedes-AMG GT presentar\u00e1 en el mes de septiembre su segunda generaci\u00f3n. Un veh\u00edculo redise\u00f1ado desde cero, el AMG GT 63 4MATIC+ Coup\u00e9...","og_url":"https:\/\/autofans.com.ar\/index.php\/2023\/09\/05\/lanzamiento-del-nuevo-mercedes-amg-gt\/","article_published_time":"2023-09-05T15:55:21+00:00","og_image":[{"width":1000,"height":667,"url":"https:\/\/autofans.com.ar\/wp-content\/uploads\/2023\/09\/foto-3-4.jpg","type":"image\/jpeg"}],"author":"Alejandro Gabriel Rosito","twitter_card":"summary_large_image","twitter_misc":{"Escrito por":"Alejandro Gabriel Rosito","Tiempo de lectura":"2 minutos"},"schema":{"@context":"https:\/\/schema.org","@graph":[{"@type":"Article","@id":"https:\/\/autofans.com.ar\/index.php\/2023\/09\/05\/lanzamiento-del-nuevo-mercedes-amg-gt\/#article","isPartOf":{"@id":"https:\/\/autofans.com.ar\/index.php\/2023\/09\/05\/lanzamiento-del-nuevo-mercedes-amg-gt\/"},"author":{"name":"Alejandro Gabriel Rosito","@id":"https:\/\/autofans.com.ar\/#\/schema\/person\/4a8dda0b6df83ac3d6723e921274c2aa"},"headline":"Lanzamiento del nuevo Mercedes-AMG GT","datePublished":"2023-09-05T15:55:21+00:00","mainEntityOfPage":{"@id":"https:\/\/autofans.com.ar\/index.php\/2023\/09\/05\/lanzamiento-del-nuevo-mercedes-amg-gt\/"},"wordCount":404,"image":{"@id":"https:\/\/autofans.com.ar\/index.php\/2023\/09\/05\/lanzamiento-del-nuevo-mercedes-amg-gt\/#primaryimage"},"thumbnailUrl":"https:\/\/autofans.com.ar\/wp-content\/uploads\/2023\/09\/foto-3-4.jpg","keywords":["AMG GT 2023","autom\u00f3viles de lujo","Mercedes-AMG GT","tecnolog\u00eda de vanguardia","Veh\u00edculos Deportivos"],"articleSection":["AUTOS y SUV","NOTICIAS"],"inLanguage":"es"},{"@type":"WebPage","@id":"https:\/\/autofans.com.ar\/index.php\/2023\/09\/05\/lanzamiento-del-nuevo-mercedes-amg-gt\/","url":"https:\/\/autofans.com.ar\/index.php\/2023\/09\/05\/lanzamiento-del-nuevo-mercedes-amg-gt\/","name":"Lanzamiento del nuevo Mercedes-AMG GT -","isPartOf":{"@id":"https:\/\/autofans.com.ar\/#website"},"primaryImageOfPage":{"@id":"https:\/\/autofans.com.ar\/index.php\/2023\/09\/05\/lanzamiento-del-nuevo-mercedes-amg-gt\/#primaryimage"},"image":{"@id":"https:\/\/autofans.com.ar\/index.php\/2023\/09\/05\/lanzamiento-del-nuevo-mercedes-amg-gt\/#primaryimage"},"thumbnailUrl":"https:\/\/autofans.com.ar\/wp-content\/uploads\/2023\/09\/foto-3-4.jpg","datePublished":"2023-09-05T15:55:21+00:00","author":{"@id":"https:\/\/autofans.com.ar\/#\/schema\/person\/4a8dda0b6df83ac3d6723e921274c2aa"},"description":"Mercedes-AMG GT presentar\u00e1 en el mes de septiembre su segunda generaci\u00f3n. Un veh\u00edculo redise\u00f1ado desde cero, el AMG GT 63 4MATIC+ Coup\u00e9...","breadcrumb":{"@id":"https:\/\/autofans.com.ar\/index.php\/2023\/09\/05\/lanzamiento-del-nuevo-mercedes-amg-gt\/#breadcrumb"},"inLanguage":"es","potentialAction":[{"@type":"ReadAction","target":["https:\/\/autofans.com.ar\/index.php\/2023\/09\/05\/lanzamiento-del-nuevo-mercedes-amg-gt\/"]}]},{"@type":"ImageObject","inLanguage":"es","@id":"https:\/\/autofans.com.ar\/index.php\/2023\/09\/05\/lanzamiento-del-nuevo-mercedes-amg-gt\/#primaryimage","url":"https:\/\/autofans.com.ar\/wp-content\/uploads\/2023\/09\/foto-3-4.jpg","contentUrl":"https:\/\/autofans.com.ar\/wp-content\/uploads\/2023\/09\/foto-3-4.jpg","width":1000,"height":667,"caption":"Mercedes-AMG"},{"@type":"BreadcrumbList","@id":"https:\/\/autofans.com.ar\/index.php\/2023\/09\/05\/lanzamiento-del-nuevo-mercedes-amg-gt\/#breadcrumb","itemListElement":[{"@type":"ListItem","position":1,"name":"Inicio","item":"https:\/\/autofans.com.ar\/"},{"@type":"ListItem","position":2,"name":"Lanzamiento del nuevo Mercedes-AMG GT"}]},{"@type":"WebSite","@id":"https:\/\/autofans.com.ar\/#website","url":"https:\/\/autofans.com.ar\/","name":"","description":"El multimedio referente de la industria automotriz","potentialAction":[{"@type":"SearchAction","target":{"@type":"EntryPoint","urlTemplate":"https:\/\/autofans.com.ar\/?s={search_term_string}"},"query-input":{"@type":"PropertyValueSpecification","valueRequired":true,"valueName":"search_term_string"}}],"inLanguage":"es"},{"@type":"Person","@id":"https:\/\/autofans.com.ar\/#\/schema\/person\/4a8dda0b6df83ac3d6723e921274c2aa","name":"Alejandro Gabriel Rosito","image":{"@type":"ImageObject","inLanguage":"es","@id":"https:\/\/secure.gravatar.com\/avatar\/16c5dda1489adfc62618084dcbb91cffd879c374b13fe5dd8e44ed6733852c88?s=96&d=mm&r=g","url":"https:\/\/secure.gravatar.com\/avatar\/16c5dda1489adfc62618084dcbb91cffd879c374b13fe5dd8e44ed6733852c88?s=96&d=mm&r=g","contentUrl":"https:\/\/secure.gravatar.com\/avatar\/16c5dda1489adfc62618084dcbb91cffd879c374b13fe5dd8e44ed6733852c88?s=96&d=mm&r=g","caption":"Alejandro Gabriel Rosito"},"url":"https:\/\/autofans.com.ar\/index.php\/author\/gabrielr\/"}]}},"featured_image_urls":{"full":["https:\/\/autofans.com.ar\/wp-content\/uploads\/2023\/09\/foto-3-4.jpg",1000,667,false],"thumbnail":["https:\/\/autofans.com.ar\/wp-content\/uploads\/2023\/09\/foto-3-4-150x150.jpg",150,150,true],"medium":["https:\/\/autofans.com.ar\/wp-content\/uploads\/2023\/09\/foto-3-4-300x200.jpg",300,200,true],"medium_large":["https:\/\/autofans.com.ar\/wp-content\/uploads\/2023\/09\/foto-3-4-768x512.jpg",640,427,true],"large":["https:\/\/autofans.com.ar\/wp-content\/uploads\/2023\/09\/foto-3-4.jpg",640,427,false],"1536x1536":["https:\/\/autofans.com.ar\/wp-content\/uploads\/2023\/09\/foto-3-4.jpg",1000,667,false],"2048x2048":["https:\/\/autofans.com.ar\/wp-content\/uploads\/2023\/09\/foto-3-4.jpg",1000,667,false],"covernews-featured":["https:\/\/autofans.com.ar\/wp-content\/uploads\/2023\/09\/foto-3-4.jpg",1000,667,false],"covernews-medium":["https:\/\/autofans.com.ar\/wp-content\/uploads\/2023\/09\/foto-3-4-540x340.jpg",540,340,true]},"author_info":{"display_name":"Alejandro Gabriel Rosito","author_link":"https:\/\/autofans.com.ar\/index.php\/author\/gabrielr\/"},"category_info":"<a href=\"https:\/\/autofans.com.ar\/index.php\/category\/noticias\/autos\/\" rel=\"category tag\">AUTOS y SUV<\/a> <a href=\"https:\/\/autofans.com.ar\/index.php\/category\/noticias\/\" rel=\"category tag\">NOTICIAS<\/a>","tag_info":"NOTICIAS","comment_count":0,"_links":{"self":[{"href":"https:\/\/autofans.com.ar\/index.php\/wp-json\/wp\/v2\/posts\/4872","targetHints":{"allow":["GET"]}}],"collection":[{"href":"https:\/\/autofans.com.ar\/index.php\/wp-json\/wp\/v2\/posts"}],"about":[{"href":"https:\/\/autofans.com.ar\/index.php\/wp-json\/wp\/v2\/types\/post"}],"author":[{"embeddable":true,"href":"https:\/\/autofans.com.ar\/index.php\/wp-json\/wp\/v2\/users\/2"}],"replies":[{"embeddable":true,"href":"https:\/\/autofans.com.ar\/index.php\/wp-json\/wp\/v2\/comments?post=4872"}],"version-history":[{"count":1,"href":"https:\/\/autofans.com.ar\/index.php\/wp-json\/wp\/v2\/posts\/4872\/revisions"}],"predecessor-version":[{"id":4878,"href":"https:\/\/autofans.com.ar\/index.php\/wp-json\/wp\/v2\/posts\/4872\/revisions\/4878"}],"wp:featuredmedia":[{"embeddable":true,"href":"https:\/\/autofans.com.ar\/index.php\/wp-json\/wp\/v2\/media\/4875"}],"wp:attachment":[{"href":"https:\/\/autofans.com.ar\/index.php\/wp-json\/wp\/v2\/media?parent=4872"}],"wp:term":[{"taxonomy":"category","embeddable":true,"href":"https:\/\/autofans.com.ar\/index.php\/wp-json\/wp\/v2\/categories?post=4872"},{"taxonomy":"post_tag","embeddable":true,"href":"https:\/\/autofans.com.ar\/index.php\/wp-json\/wp\/v2\/tags?post=4872"}],"curies":[{"name":"wp","href":"https:\/\/api.w.org\/{rel}","templated":true}]}}