{"id":4879,"date":"2023-09-05T20:18:32","date_gmt":"2023-09-05T23:18:32","guid":{"rendered":"https:\/\/autofans.com.ar\/?p=4879"},"modified":"2023-09-05T20:18:32","modified_gmt":"2023-09-05T23:18:32","slug":"mercedes-benz-10000-arboles-plantados-en-el-dia-del-arbol","status":"publish","type":"post","link":"https:\/\/autofans.com.ar\/index.php\/2023\/09\/05\/mercedes-benz-10000-arboles-plantados-en-el-dia-del-arbol\/","title":{"rendered":"Mercedes-Benz: 10,000 \u00c1rboles Plantados en el D\u00eda del \u00c1rbol"},"content":{"rendered":"<p>Mercedes-Benz Camiones y Buses celebra el D\u00eda Internacional del \u00c1rbol con la plantaci\u00f3n de m\u00e1s de 10,000 \u00e1rboles nativos en la Yunga Tucumana por segundo a\u00f1o consecutivo. Esta campa\u00f1a se lleva a cabo en alianza con la ONG Seamos Bosques y forma parte de la iniciativa \u00abSomos Parte del Cambio\u00bb. Esto tiene como objetivo concientizar a los clientes sobre la importancia de la preservaci\u00f3n ambiental al adquirir uno de sus veh\u00edculos.<\/p>\n<p>&nbsp;<\/p>\n<h2>El impacto de &#8216;Somos parte del cambio&#8217;<\/h2>\n<p>Desde su lanzamiento, la campa\u00f1a &#8216;Somos Parte del Cambio&#8217; ha sido un impulsor efectivo de la conciencia ambiental y la responsabilidad. Cada vez que un cliente compra un cami\u00f3n o un autob\u00fas de Mercedes-Benz, la empresa se compromete a plantar un \u00e1rbol nativo, contribuyendo as\u00ed a la mitigaci\u00f3n del cambio clim\u00e1tico y la preservaci\u00f3n de la biodiversidad. Adem\u00e1s, este a\u00f1o, la compa\u00f1\u00eda realiz\u00f3 un segundo viaje a la plantaci\u00f3n. Involucrando a concesionarios y l\u00edderes de la comunicaci\u00f3n para comprender a\u00fan mejor la importancia de los bosques nativos en la ecorregi\u00f3n selv\u00e1tica subtropical andina del noroeste argentino.<\/p>\n<p>La colaboraci\u00f3n con Seamos Bosques, una organizaci\u00f3n l\u00edder en la restauraci\u00f3n de \u00e1reas degradadas y la promoci\u00f3n de la biodiversidad, demuestra el compromiso de Mercedes-Benz con la conservaci\u00f3n ambiental. La estrategia 360\u00b0 de la compa\u00f1\u00eda involucra a diversos actores de su cadena de valor, incluidos los clientes. Estos pueden hacer seguimiento al crecimiento de los \u00e1rboles nativos plantados gracias a su compra a trav\u00e9s del sitio web de <a href=\"https:\/\/www.mercedes-benz-trucks.com\/es_AR\/home.html\" target=\"_blank\" rel=\"noopener\">Mercedes-Benz Camiones y Buses<\/a>.<\/p>\n<blockquote>\n<p style=\"text-align: center;\">\u00abLa campa\u00f1a &#8216;Somos Parte del Cambio&#8217; nos permiti\u00f3 plantar junto a nuestros clientes y<br \/>\nsocios comerciales m\u00e1s de 10.000 \u00e1rboles nativos, lo que ha superado nuestras<br \/>\nexpectativas\u00bb, afirma Roberto Faist, Gerente de Producto y Marketing de<br \/>\nMercedes-Benz Camiones Argentina. Y agrega: \u00abEs importante destacar que nuestra<br \/>\nRed Comercial, que se compone de 45 puntos de atenci\u00f3n en todo el territorio<br \/>\nargentino, ha permitido involucrar a m\u00e1s personas en esta causa vital para nuestro<br \/>\nplaneta\u00bb.<\/p>\n<\/blockquote>\n<p><img fetchpriority=\"high\" decoding=\"async\" class=\"aligncenter wp-image-4881 size-full\" src=\"https:\/\/autofans.com.ar\/wp-content\/uploads\/2023\/09\/foto-2-5.jpg\" alt=\"Mercedes-Benz\" width=\"1000\" height=\"667\" srcset=\"https:\/\/autofans.com.ar\/wp-content\/uploads\/2023\/09\/foto-2-5.jpg 1000w, https:\/\/autofans.com.ar\/wp-content\/uploads\/2023\/09\/foto-2-5-300x200.jpg 300w, https:\/\/autofans.com.ar\/wp-content\/uploads\/2023\/09\/foto-2-5-768x512.jpg 768w\" sizes=\"(max-width: 1000px) 100vw, 1000px\" \/><\/p>\n<p>&nbsp;<\/p>\n<h2>Por qu\u00e9 es importante<\/h2>\n<p>Los \u00e1rboles desempe\u00f1an un papel crucial en la mitigaci\u00f3n del cambio clim\u00e1tico al absorber di\u00f3xido de carbono y liberar ox\u00edgeno. Adem\u00e1s, contribuyen a la regeneraci\u00f3n del suelo, la preservaci\u00f3n de la biodiversidad y la mejora de la calidad del aire. Esta alianza entre Mercedes-Benz Camiones y Buses y Seamos Bosques es un testimonio tangible de su compromiso compartido para hacer frente a los desaf\u00edos ambientales y crear un futuro sostenible.<\/p>\n<blockquote>\n<p style=\"text-align: center;\">\u00abEstamos emocionados de continuar esta colaboraci\u00f3n con Mercedes-Benz Camiones<br \/>\ny Buses en la restauraci\u00f3n de nuestros valiosos bosques nativos\u00bb, comenta Jorge<\/p>\n<p style=\"text-align: center;\">Bellsol\u00e1 Ferrer, CEO de Seamos Bosques. \u00abNuestro trabajo conjunto es esencial para<br \/>\nenfrentar el cambio clim\u00e1tico y preservar la biodiversidad en la regi\u00f3n\u00bb.<\/p>\n<\/blockquote>\n<p>La campa\u00f1a &#8216;Somos Parte del Cambio&#8217; va m\u00e1s all\u00e1 de las palabras y demuestra c\u00f3mo las alianzas entre el sector empresarial y las organizaciones dedicadas a la conservaci\u00f3n pueden marcar una diferencia significativa en el medio ambiente. En el D\u00eda Internacional del \u00c1rbol, Mercedes-Benz Camiones y Buses reafirma su compromiso con esta causa vital y espera seguir siendo un motor de cambio en la protecci\u00f3n de nuestros preciados recursos naturales.<\/p>\n<p>&nbsp;<\/p>\n<p>&nbsp;<\/p>\n<p><i>Para enterarte de m\u00e1s novedades, no dejes de leer\u00a0<\/i><a href=\"https:\/\/autofans.thebrandsoup.com\/\"><i>nuestras notas<\/i><\/a><i>, de ver<\/i><b><i>\u00a0<\/i><\/b><a href=\"https:\/\/www.youtube.com\/channel\/UCgAC8UGHZYbT6P7PpmVnP7g\"><b><i>AUTOFANS TV<\/i><\/b><\/a><b><i>\u00a0<\/i><\/b><i>en nuestro\u00a0canal de Youtube. Adem\u00e1s seguinos en\u00a0<\/i><a href=\"https:\/\/www.instagram.com\/autofanstv\/\"><i>INSTAGRAM<\/i><\/a><i> y <\/i><a href=\"https:\/\/www.facebook.com\/autofansmas\/\"><i>FACEBOOK<\/i><\/a><i> para no perderte nada sobre las novedades del segmento automotor de Argentina y el mundo.<\/i><\/p>\n<p><i><span class=\"Apple-converted-space\">\u00a0<\/span><\/i><\/p>\n","protected":false},"excerpt":{"rendered":"<p>Mercedes-Benz Camiones y Buses celebra el D\u00eda Internacional del \u00c1rbol con la plantaci\u00f3n de m\u00e1s&#8230;<\/p>\n","protected":false},"author":2,"featured_media":4882,"comment_status":"closed","ping_status":"closed","sticky":false,"template":"","format":"standard","meta":{"footnotes":""},"categories":[6,16],"tags":[216,2448,2444,2443,2445,1816,2449,2447,2446],"class_list":["post-4879","post","type-post","status-publish","format-standard","has-post-thumbnail","hentry","category-bizstyle","category-noticias","tag-sostenibilidad","tag-arbolesnativos","tag-concienciaambiental","tag-diainternacionaldelarbol","tag-medioambiente","tag-mercedesbenz","tag-preservacionambiental","tag-seamosbosques","tag-somospartedelcambio"],"yoast_head":"<!-- This site is optimized with the Yoast SEO plugin v27.5 - https:\/\/yoast.com\/product\/yoast-seo-wordpress\/ -->\n<title>Mercedes-Benz: 10,000 \u00c1rboles Plantados en el D\u00eda del \u00c1rbol -<\/title>\n<meta name=\"description\" content=\"Mercedes-Benz Camiones y Buses celebra el D\u00eda Internacional del \u00c1rbol con la plantaci\u00f3n de m\u00e1s de 10,000 \u00e1rboles nativos en la Yunga Tucumana.\" \/>\n<meta name=\"robots\" content=\"index, follow, max-snippet:-1, max-image-preview:large, max-video-preview:-1\" \/>\n<link rel=\"canonical\" href=\"https:\/\/autofans.com.ar\/index.php\/2023\/09\/05\/mercedes-benz-10000-arboles-plantados-en-el-dia-del-arbol\/\" \/>\n<meta property=\"og:locale\" content=\"es_ES\" \/>\n<meta property=\"og:type\" content=\"article\" \/>\n<meta property=\"og:title\" content=\"Mercedes-Benz: 10,000 \u00c1rboles Plantados en el D\u00eda del \u00c1rbol -\" \/>\n<meta property=\"og:description\" content=\"Mercedes-Benz Camiones y Buses celebra el D\u00eda Internacional del \u00c1rbol con la plantaci\u00f3n de m\u00e1s de 10,000 \u00e1rboles nativos en la Yunga Tucumana.\" \/>\n<meta property=\"og:url\" content=\"https:\/\/autofans.com.ar\/index.php\/2023\/09\/05\/mercedes-benz-10000-arboles-plantados-en-el-dia-del-arbol\/\" \/>\n<meta property=\"article:published_time\" content=\"2023-09-05T23:18:32+00:00\" \/>\n<meta property=\"og:image\" content=\"https:\/\/autofans.com.ar\/wp-content\/uploads\/2023\/09\/foto-1-5.jpg\" \/>\n\t<meta property=\"og:image:width\" content=\"1000\" \/>\n\t<meta property=\"og:image:height\" content=\"667\" \/>\n\t<meta property=\"og:image:type\" content=\"image\/jpeg\" \/>\n<meta name=\"author\" content=\"Alejandro Gabriel Rosito\" \/>\n<meta name=\"twitter:card\" content=\"summary_large_image\" \/>\n<meta name=\"twitter:label1\" content=\"Escrito por\" \/>\n\t<meta name=\"twitter:data1\" content=\"Alejandro Gabriel Rosito\" \/>\n\t<meta name=\"twitter:label2\" content=\"Tiempo de lectura\" \/>\n\t<meta name=\"twitter:data2\" content=\"3 minutos\" \/>\n<script type=\"application\/ld+json\" class=\"yoast-schema-graph\">{\"@context\":\"https:\\\/\\\/schema.org\",\"@graph\":[{\"@type\":\"Article\",\"@id\":\"https:\\\/\\\/autofans.com.ar\\\/index.php\\\/2023\\\/09\\\/05\\\/mercedes-benz-10000-arboles-plantados-en-el-dia-del-arbol\\\/#article\",\"isPartOf\":{\"@id\":\"https:\\\/\\\/autofans.com.ar\\\/index.php\\\/2023\\\/09\\\/05\\\/mercedes-benz-10000-arboles-plantados-en-el-dia-del-arbol\\\/\"},\"author\":{\"name\":\"Alejandro Gabriel Rosito\",\"@id\":\"https:\\\/\\\/autofans.com.ar\\\/#\\\/schema\\\/person\\\/4a8dda0b6df83ac3d6723e921274c2aa\"},\"headline\":\"Mercedes-Benz: 10,000 \u00c1rboles Plantados en el D\u00eda del \u00c1rbol\",\"datePublished\":\"2023-09-05T23:18:32+00:00\",\"mainEntityOfPage\":{\"@id\":\"https:\\\/\\\/autofans.com.ar\\\/index.php\\\/2023\\\/09\\\/05\\\/mercedes-benz-10000-arboles-plantados-en-el-dia-del-arbol\\\/\"},\"wordCount\":613,\"image\":{\"@id\":\"https:\\\/\\\/autofans.com.ar\\\/index.php\\\/2023\\\/09\\\/05\\\/mercedes-benz-10000-arboles-plantados-en-el-dia-del-arbol\\\/#primaryimage\"},\"thumbnailUrl\":\"https:\\\/\\\/autofans.com.ar\\\/wp-content\\\/uploads\\\/2023\\\/09\\\/foto-1-5.jpg\",\"keywords\":[\"#sostenibilidad\",\"\u00c1rbolesNativos\",\"ConcienciaAmbiental\",\"D\u00edaInternacionalDel\u00c1rbol\",\"MedioAmbiente\",\"MercedesBenz\",\"Preservaci\u00f3nAmbiental\",\"SeamosBosques\",\"SomosParteDelCambio\"],\"articleSection\":[\"BIZSTYLE\",\"NOTICIAS\"],\"inLanguage\":\"es\"},{\"@type\":\"WebPage\",\"@id\":\"https:\\\/\\\/autofans.com.ar\\\/index.php\\\/2023\\\/09\\\/05\\\/mercedes-benz-10000-arboles-plantados-en-el-dia-del-arbol\\\/\",\"url\":\"https:\\\/\\\/autofans.com.ar\\\/index.php\\\/2023\\\/09\\\/05\\\/mercedes-benz-10000-arboles-plantados-en-el-dia-del-arbol\\\/\",\"name\":\"Mercedes-Benz: 10,000 \u00c1rboles Plantados en el D\u00eda del \u00c1rbol -\",\"isPartOf\":{\"@id\":\"https:\\\/\\\/autofans.com.ar\\\/#website\"},\"primaryImageOfPage\":{\"@id\":\"https:\\\/\\\/autofans.com.ar\\\/index.php\\\/2023\\\/09\\\/05\\\/mercedes-benz-10000-arboles-plantados-en-el-dia-del-arbol\\\/#primaryimage\"},\"image\":{\"@id\":\"https:\\\/\\\/autofans.com.ar\\\/index.php\\\/2023\\\/09\\\/05\\\/mercedes-benz-10000-arboles-plantados-en-el-dia-del-arbol\\\/#primaryimage\"},\"thumbnailUrl\":\"https:\\\/\\\/autofans.com.ar\\\/wp-content\\\/uploads\\\/2023\\\/09\\\/foto-1-5.jpg\",\"datePublished\":\"2023-09-05T23:18:32+00:00\",\"author\":{\"@id\":\"https:\\\/\\\/autofans.com.ar\\\/#\\\/schema\\\/person\\\/4a8dda0b6df83ac3d6723e921274c2aa\"},\"description\":\"Mercedes-Benz Camiones y Buses celebra el D\u00eda Internacional del \u00c1rbol con la plantaci\u00f3n de m\u00e1s de 10,000 \u00e1rboles nativos en la Yunga Tucumana.\",\"breadcrumb\":{\"@id\":\"https:\\\/\\\/autofans.com.ar\\\/index.php\\\/2023\\\/09\\\/05\\\/mercedes-benz-10000-arboles-plantados-en-el-dia-del-arbol\\\/#breadcrumb\"},\"inLanguage\":\"es\",\"potentialAction\":[{\"@type\":\"ReadAction\",\"target\":[\"https:\\\/\\\/autofans.com.ar\\\/index.php\\\/2023\\\/09\\\/05\\\/mercedes-benz-10000-arboles-plantados-en-el-dia-del-arbol\\\/\"]}]},{\"@type\":\"ImageObject\",\"inLanguage\":\"es\",\"@id\":\"https:\\\/\\\/autofans.com.ar\\\/index.php\\\/2023\\\/09\\\/05\\\/mercedes-benz-10000-arboles-plantados-en-el-dia-del-arbol\\\/#primaryimage\",\"url\":\"https:\\\/\\\/autofans.com.ar\\\/wp-content\\\/uploads\\\/2023\\\/09\\\/foto-1-5.jpg\",\"contentUrl\":\"https:\\\/\\\/autofans.com.ar\\\/wp-content\\\/uploads\\\/2023\\\/09\\\/foto-1-5.jpg\",\"width\":1000,\"height\":667,\"caption\":\"Mercedes-Benz\"},{\"@type\":\"BreadcrumbList\",\"@id\":\"https:\\\/\\\/autofans.com.ar\\\/index.php\\\/2023\\\/09\\\/05\\\/mercedes-benz-10000-arboles-plantados-en-el-dia-del-arbol\\\/#breadcrumb\",\"itemListElement\":[{\"@type\":\"ListItem\",\"position\":1,\"name\":\"Inicio\",\"item\":\"https:\\\/\\\/autofans.com.ar\\\/\"},{\"@type\":\"ListItem\",\"position\":2,\"name\":\"Mercedes-Benz: 10,000 \u00c1rboles Plantados en el D\u00eda del \u00c1rbol\"}]},{\"@type\":\"WebSite\",\"@id\":\"https:\\\/\\\/autofans.com.ar\\\/#website\",\"url\":\"https:\\\/\\\/autofans.com.ar\\\/\",\"name\":\"\",\"description\":\"El multimedio referente de la industria automotriz\",\"potentialAction\":[{\"@type\":\"SearchAction\",\"target\":{\"@type\":\"EntryPoint\",\"urlTemplate\":\"https:\\\/\\\/autofans.com.ar\\\/?s={search_term_string}\"},\"query-input\":{\"@type\":\"PropertyValueSpecification\",\"valueRequired\":true,\"valueName\":\"search_term_string\"}}],\"inLanguage\":\"es\"},{\"@type\":\"Person\",\"@id\":\"https:\\\/\\\/autofans.com.ar\\\/#\\\/schema\\\/person\\\/4a8dda0b6df83ac3d6723e921274c2aa\",\"name\":\"Alejandro Gabriel Rosito\",\"image\":{\"@type\":\"ImageObject\",\"inLanguage\":\"es\",\"@id\":\"https:\\\/\\\/secure.gravatar.com\\\/avatar\\\/16c5dda1489adfc62618084dcbb91cffd879c374b13fe5dd8e44ed6733852c88?s=96&d=mm&r=g\",\"url\":\"https:\\\/\\\/secure.gravatar.com\\\/avatar\\\/16c5dda1489adfc62618084dcbb91cffd879c374b13fe5dd8e44ed6733852c88?s=96&d=mm&r=g\",\"contentUrl\":\"https:\\\/\\\/secure.gravatar.com\\\/avatar\\\/16c5dda1489adfc62618084dcbb91cffd879c374b13fe5dd8e44ed6733852c88?s=96&d=mm&r=g\",\"caption\":\"Alejandro Gabriel Rosito\"},\"url\":\"https:\\\/\\\/autofans.com.ar\\\/index.php\\\/author\\\/gabrielr\\\/\"}]}<\/script>\n<!-- \/ Yoast SEO plugin. -->","yoast_head_json":{"title":"Mercedes-Benz: 10,000 \u00c1rboles Plantados en el D\u00eda del \u00c1rbol -","description":"Mercedes-Benz Camiones y Buses celebra el D\u00eda Internacional del \u00c1rbol con la plantaci\u00f3n de m\u00e1s de 10,000 \u00e1rboles nativos en la Yunga Tucumana.","robots":{"index":"index","follow":"follow","max-snippet":"max-snippet:-1","max-image-preview":"max-image-preview:large","max-video-preview":"max-video-preview:-1"},"canonical":"https:\/\/autofans.com.ar\/index.php\/2023\/09\/05\/mercedes-benz-10000-arboles-plantados-en-el-dia-del-arbol\/","og_locale":"es_ES","og_type":"article","og_title":"Mercedes-Benz: 10,000 \u00c1rboles Plantados en el D\u00eda del \u00c1rbol -","og_description":"Mercedes-Benz Camiones y Buses celebra el D\u00eda Internacional del \u00c1rbol con la plantaci\u00f3n de m\u00e1s de 10,000 \u00e1rboles nativos en la Yunga Tucumana.","og_url":"https:\/\/autofans.com.ar\/index.php\/2023\/09\/05\/mercedes-benz-10000-arboles-plantados-en-el-dia-del-arbol\/","article_published_time":"2023-09-05T23:18:32+00:00","og_image":[{"width":1000,"height":667,"url":"https:\/\/autofans.com.ar\/wp-content\/uploads\/2023\/09\/foto-1-5.jpg","type":"image\/jpeg"}],"author":"Alejandro Gabriel Rosito","twitter_card":"summary_large_image","twitter_misc":{"Escrito por":"Alejandro Gabriel Rosito","Tiempo de lectura":"3 minutos"},"schema":{"@context":"https:\/\/schema.org","@graph":[{"@type":"Article","@id":"https:\/\/autofans.com.ar\/index.php\/2023\/09\/05\/mercedes-benz-10000-arboles-plantados-en-el-dia-del-arbol\/#article","isPartOf":{"@id":"https:\/\/autofans.com.ar\/index.php\/2023\/09\/05\/mercedes-benz-10000-arboles-plantados-en-el-dia-del-arbol\/"},"author":{"name":"Alejandro Gabriel Rosito","@id":"https:\/\/autofans.com.ar\/#\/schema\/person\/4a8dda0b6df83ac3d6723e921274c2aa"},"headline":"Mercedes-Benz: 10,000 \u00c1rboles Plantados en el D\u00eda del \u00c1rbol","datePublished":"2023-09-05T23:18:32+00:00","mainEntityOfPage":{"@id":"https:\/\/autofans.com.ar\/index.php\/2023\/09\/05\/mercedes-benz-10000-arboles-plantados-en-el-dia-del-arbol\/"},"wordCount":613,"image":{"@id":"https:\/\/autofans.com.ar\/index.php\/2023\/09\/05\/mercedes-benz-10000-arboles-plantados-en-el-dia-del-arbol\/#primaryimage"},"thumbnailUrl":"https:\/\/autofans.com.ar\/wp-content\/uploads\/2023\/09\/foto-1-5.jpg","keywords":["#sostenibilidad","\u00c1rbolesNativos","ConcienciaAmbiental","D\u00edaInternacionalDel\u00c1rbol","MedioAmbiente","MercedesBenz","Preservaci\u00f3nAmbiental","SeamosBosques","SomosParteDelCambio"],"articleSection":["BIZSTYLE","NOTICIAS"],"inLanguage":"es"},{"@type":"WebPage","@id":"https:\/\/autofans.com.ar\/index.php\/2023\/09\/05\/mercedes-benz-10000-arboles-plantados-en-el-dia-del-arbol\/","url":"https:\/\/autofans.com.ar\/index.php\/2023\/09\/05\/mercedes-benz-10000-arboles-plantados-en-el-dia-del-arbol\/","name":"Mercedes-Benz: 10,000 \u00c1rboles Plantados en el D\u00eda del \u00c1rbol -","isPartOf":{"@id":"https:\/\/autofans.com.ar\/#website"},"primaryImageOfPage":{"@id":"https:\/\/autofans.com.ar\/index.php\/2023\/09\/05\/mercedes-benz-10000-arboles-plantados-en-el-dia-del-arbol\/#primaryimage"},"image":{"@id":"https:\/\/autofans.com.ar\/index.php\/2023\/09\/05\/mercedes-benz-10000-arboles-plantados-en-el-dia-del-arbol\/#primaryimage"},"thumbnailUrl":"https:\/\/autofans.com.ar\/wp-content\/uploads\/2023\/09\/foto-1-5.jpg","datePublished":"2023-09-05T23:18:32+00:00","author":{"@id":"https:\/\/autofans.com.ar\/#\/schema\/person\/4a8dda0b6df83ac3d6723e921274c2aa"},"description":"Mercedes-Benz Camiones y Buses celebra el D\u00eda Internacional del \u00c1rbol con la plantaci\u00f3n de m\u00e1s de 10,000 \u00e1rboles nativos en la Yunga Tucumana.","breadcrumb":{"@id":"https:\/\/autofans.com.ar\/index.php\/2023\/09\/05\/mercedes-benz-10000-arboles-plantados-en-el-dia-del-arbol\/#breadcrumb"},"inLanguage":"es","potentialAction":[{"@type":"ReadAction","target":["https:\/\/autofans.com.ar\/index.php\/2023\/09\/05\/mercedes-benz-10000-arboles-plantados-en-el-dia-del-arbol\/"]}]},{"@type":"ImageObject","inLanguage":"es","@id":"https:\/\/autofans.com.ar\/index.php\/2023\/09\/05\/mercedes-benz-10000-arboles-plantados-en-el-dia-del-arbol\/#primaryimage","url":"https:\/\/autofans.com.ar\/wp-content\/uploads\/2023\/09\/foto-1-5.jpg","contentUrl":"https:\/\/autofans.com.ar\/wp-content\/uploads\/2023\/09\/foto-1-5.jpg","width":1000,"height":667,"caption":"Mercedes-Benz"},{"@type":"BreadcrumbList","@id":"https:\/\/autofans.com.ar\/index.php\/2023\/09\/05\/mercedes-benz-10000-arboles-plantados-en-el-dia-del-arbol\/#breadcrumb","itemListElement":[{"@type":"ListItem","position":1,"name":"Inicio","item":"https:\/\/autofans.com.ar\/"},{"@type":"ListItem","position":2,"name":"Mercedes-Benz: 10,000 \u00c1rboles Plantados en el D\u00eda del \u00c1rbol"}]},{"@type":"WebSite","@id":"https:\/\/autofans.com.ar\/#website","url":"https:\/\/autofans.com.ar\/","name":"","description":"El multimedio referente de la industria automotriz","potentialAction":[{"@type":"SearchAction","target":{"@type":"EntryPoint","urlTemplate":"https:\/\/autofans.com.ar\/?s={search_term_string}"},"query-input":{"@type":"PropertyValueSpecification","valueRequired":true,"valueName":"search_term_string"}}],"inLanguage":"es"},{"@type":"Person","@id":"https:\/\/autofans.com.ar\/#\/schema\/person\/4a8dda0b6df83ac3d6723e921274c2aa","name":"Alejandro Gabriel Rosito","image":{"@type":"ImageObject","inLanguage":"es","@id":"https:\/\/secure.gravatar.com\/avatar\/16c5dda1489adfc62618084dcbb91cffd879c374b13fe5dd8e44ed6733852c88?s=96&d=mm&r=g","url":"https:\/\/secure.gravatar.com\/avatar\/16c5dda1489adfc62618084dcbb91cffd879c374b13fe5dd8e44ed6733852c88?s=96&d=mm&r=g","contentUrl":"https:\/\/secure.gravatar.com\/avatar\/16c5dda1489adfc62618084dcbb91cffd879c374b13fe5dd8e44ed6733852c88?s=96&d=mm&r=g","caption":"Alejandro Gabriel Rosito"},"url":"https:\/\/autofans.com.ar\/index.php\/author\/gabrielr\/"}]}},"featured_image_urls":{"full":["https:\/\/autofans.com.ar\/wp-content\/uploads\/2023\/09\/foto-1-5.jpg",1000,667,false],"thumbnail":["https:\/\/autofans.com.ar\/wp-content\/uploads\/2023\/09\/foto-1-5-150x150.jpg",150,150,true],"medium":["https:\/\/autofans.com.ar\/wp-content\/uploads\/2023\/09\/foto-1-5-300x200.jpg",300,200,true],"medium_large":["https:\/\/autofans.com.ar\/wp-content\/uploads\/2023\/09\/foto-1-5-768x512.jpg",640,427,true],"large":["https:\/\/autofans.com.ar\/wp-content\/uploads\/2023\/09\/foto-1-5.jpg",640,427,false],"1536x1536":["https:\/\/autofans.com.ar\/wp-content\/uploads\/2023\/09\/foto-1-5.jpg",1000,667,false],"2048x2048":["https:\/\/autofans.com.ar\/wp-content\/uploads\/2023\/09\/foto-1-5.jpg",1000,667,false],"covernews-featured":["https:\/\/autofans.com.ar\/wp-content\/uploads\/2023\/09\/foto-1-5.jpg",1000,667,false],"covernews-medium":["https:\/\/autofans.com.ar\/wp-content\/uploads\/2023\/09\/foto-1-5-540x340.jpg",540,340,true]},"author_info":{"display_name":"Alejandro Gabriel Rosito","author_link":"https:\/\/autofans.com.ar\/index.php\/author\/gabrielr\/"},"category_info":"<a href=\"https:\/\/autofans.com.ar\/index.php\/category\/noticias\/bizstyle\/\" rel=\"category tag\">BIZSTYLE<\/a> <a href=\"https:\/\/autofans.com.ar\/index.php\/category\/noticias\/\" rel=\"category tag\">NOTICIAS<\/a>","tag_info":"NOTICIAS","comment_count":0,"_links":{"self":[{"href":"https:\/\/autofans.com.ar\/index.php\/wp-json\/wp\/v2\/posts\/4879","targetHints":{"allow":["GET"]}}],"collection":[{"href":"https:\/\/autofans.com.ar\/index.php\/wp-json\/wp\/v2\/posts"}],"about":[{"href":"https:\/\/autofans.com.ar\/index.php\/wp-json\/wp\/v2\/types\/post"}],"author":[{"embeddable":true,"href":"https:\/\/autofans.com.ar\/index.php\/wp-json\/wp\/v2\/users\/2"}],"replies":[{"embeddable":true,"href":"https:\/\/autofans.com.ar\/index.php\/wp-json\/wp\/v2\/comments?post=4879"}],"version-history":[{"count":2,"href":"https:\/\/autofans.com.ar\/index.php\/wp-json\/wp\/v2\/posts\/4879\/revisions"}],"predecessor-version":[{"id":4883,"href":"https:\/\/autofans.com.ar\/index.php\/wp-json\/wp\/v2\/posts\/4879\/revisions\/4883"}],"wp:featuredmedia":[{"embeddable":true,"href":"https:\/\/autofans.com.ar\/index.php\/wp-json\/wp\/v2\/media\/4882"}],"wp:attachment":[{"href":"https:\/\/autofans.com.ar\/index.php\/wp-json\/wp\/v2\/media?parent=4879"}],"wp:term":[{"taxonomy":"category","embeddable":true,"href":"https:\/\/autofans.com.ar\/index.php\/wp-json\/wp\/v2\/categories?post=4879"},{"taxonomy":"post_tag","embeddable":true,"href":"https:\/\/autofans.com.ar\/index.php\/wp-json\/wp\/v2\/tags?post=4879"}],"curies":[{"name":"wp","href":"https:\/\/api.w.org\/{rel}","templated":true}]}}