{"id":4890,"date":"2023-09-06T17:49:36","date_gmt":"2023-09-06T20:49:36","guid":{"rendered":"https:\/\/autofans.com.ar\/?p=4890"},"modified":"2023-09-06T17:49:36","modified_gmt":"2023-09-06T20:49:36","slug":"kawasaki-y-joaquin-poli-arrasan-en-el-enduro-del-invierno","status":"publish","type":"post","link":"https:\/\/autofans.com.ar\/index.php\/2023\/09\/06\/kawasaki-y-joaquin-poli-arrasan-en-el-enduro-del-invierno\/","title":{"rendered":"Kawasaki y Joaqu\u00edn Poli arrasan en el enduro del Invierno"},"content":{"rendered":"<p>Joaqu\u00edn Poli y su KX450F se consagran campeones en el emocionante Enduro del Invierno de Mar del Plata, respaldado por Kawasaki, en un evento que reuni\u00f3 a m\u00e1s de 700 competidores.<\/p>\n<p>El rugido de los motores y la destreza sobre la arena se apoderaron de las playas de Mar del Plata durante el pasado fin de semana en la primera edici\u00f3n del Enduro del Invierno. Este emocionante evento, que atrajo a m\u00e1s de 700 competidores de todo el mundo, se convirti\u00f3 en el epicentro del motocross y los ATV, ofreciendo a los aficionados un espect\u00e1culo lleno de adrenalina y velocidad en una pista desafiante.<\/p>\n<p>&nbsp;<\/p>\n<h2>Kawasaki y Joaqu\u00edn Poli dominan la competencia<\/h2>\n<p>&nbsp;<\/p>\n<p><img fetchpriority=\"high\" decoding=\"async\" class=\"aligncenter wp-image-4895 size-full\" src=\"https:\/\/autofans.com.ar\/wp-content\/uploads\/2023\/09\/foto-2-7.jpg\" alt=\"Kawasaki\" width=\"1000\" height=\"667\" srcset=\"https:\/\/autofans.com.ar\/wp-content\/uploads\/2023\/09\/foto-2-7.jpg 1000w, https:\/\/autofans.com.ar\/wp-content\/uploads\/2023\/09\/foto-2-7-300x200.jpg 300w, https:\/\/autofans.com.ar\/wp-content\/uploads\/2023\/09\/foto-2-7-768x512.jpg 768w\" sizes=\"(max-width: 1000px) 100vw, 1000px\" \/><\/p>\n<p>&nbsp;<\/p>\n<p>Joaqu\u00edn Poli, el multicampe\u00f3n argentino de motocross, demostr\u00f3 su destreza al llevar su KX450F a la victoria en la categor\u00eda de motos despu\u00e9s de una carrera extenuante de m\u00e1s de 45 minutos. Poli dej\u00f3 atr\u00e1s a competidores de la talla de Valentin Madoulaud (Yamaha), Camille Chapeliere (KTM), Tim Kollet (Honda), Rodrigo Landa (Honda) y Juan Abadia (Honda), estableciendo su dominio en el panorama deportivo nacional. El triunfo de Poli fue contundente, liderando con m\u00e1s de 20 segundos de ventaja, respaldando la asociaci\u00f3n imbatible entre el santafesino y el Kawasaki Racing Team.<\/p>\n<p>&nbsp;<\/p>\n<h2>Kawasaki, orgulloso patrocinador<\/h2>\n<p>Kawasaki, el patrocinador oficial del Enduro del Invierno, ofreci\u00f3 un espacio exclusivo para los amantes del motocross, donde Joaqu\u00edn Poli interactu\u00f3 con el p\u00fablico, firm\u00f3 aut\u00f3grafos y comparti\u00f3 su pasi\u00f3n por las motos. Adem\u00e1s, se exhibieron los modelos de la familia KX 2023, incluyendo la renombrada KX450, reconocida internacionalmente por su desempe\u00f1o en campeonatos de Supercross y Motocross en todo el mundo.<\/p>\n<p>&nbsp;<\/p>\n<blockquote>\n<div dir=\"ltr\"><span style=\"font-size: large;\">Mat\u00edas R\u00edos, responsable Comercial de Kawasaki Argentina, expres\u00f3 su satisfacci\u00f3n por la participaci\u00f3n destacada de la marca en este evento de envergadura: \u00abNos enorgullece formar parte de uno de los espect\u00e1culos deportivos m\u00e1s destacados del motocross como ha sido este primer Enduro del Invierno. Fue un \u00e9xito en t\u00e9rminos de convocatoria, producci\u00f3n e infraestructura. Es fundamental para nosotros estar cerca de nuestros usuarios y seguidores del motocross, y estos eventos nos brindan la oportunidad perfecta para hacerlo\u00bb.<\/span><\/div>\n<\/blockquote>\n<p>&nbsp;<\/p>\n<h2>Un evento con gran apoyo<\/h2>\n<p>&nbsp;<\/p>\n<p><img decoding=\"async\" class=\"aligncenter wp-image-4894 size-full\" src=\"https:\/\/autofans.com.ar\/wp-content\/uploads\/2023\/09\/foto-3-6.jpg\" alt=\"Kawasaki\" width=\"1000\" height=\"667\" srcset=\"https:\/\/autofans.com.ar\/wp-content\/uploads\/2023\/09\/foto-3-6.jpg 1000w, https:\/\/autofans.com.ar\/wp-content\/uploads\/2023\/09\/foto-3-6-300x200.jpg 300w, https:\/\/autofans.com.ar\/wp-content\/uploads\/2023\/09\/foto-3-6-768x512.jpg 768w\" sizes=\"(max-width: 1000px) 100vw, 1000px\" \/><\/p>\n<p>&nbsp;<\/p>\n<p>El evento, de entrada libre y gratuita, cont\u00f3 con el respaldo de la Confederaci\u00f3n Argentina de Motociclismo Deportivo (CAMOD), y recibi\u00f3 el apoyo del Ente Municipal de Turismo (EMTUR) y el Municipio de General Pueyrred\u00f3n, consolidando su importancia en el calendario deportivo de la ciudad. La marca Kawasaki, con su legado de \u00e9xitos en campeonatos de Supercross y Motocross, reafirm\u00f3 su posici\u00f3n de liderazgo en el mundo del motocross, y la KX450, buque insignia de la l\u00ednea KX, demostr\u00f3 una vez m\u00e1s su poder\u00edo y capacidad de victoria en las competencias m\u00e1s exigentes.<\/p>\n<p>&nbsp;<\/p>\n<h2>El futuro prometedor del enduro del invierno<\/h2>\n<p>&nbsp;<\/p>\n<p><img decoding=\"async\" class=\"aligncenter wp-image-4892 size-full\" src=\"https:\/\/autofans.com.ar\/wp-content\/uploads\/2023\/09\/foto-5-2.jpg\" alt=\"\" width=\"1000\" height=\"667\" srcset=\"https:\/\/autofans.com.ar\/wp-content\/uploads\/2023\/09\/foto-5-2.jpg 1000w, https:\/\/autofans.com.ar\/wp-content\/uploads\/2023\/09\/foto-5-2-300x200.jpg 300w, https:\/\/autofans.com.ar\/wp-content\/uploads\/2023\/09\/foto-5-2-768x512.jpg 768w\" sizes=\"(max-width: 1000px) 100vw, 1000px\" \/><\/p>\n<p>&nbsp;<\/p>\n<p>El Enduro del Invierno de Mar del Plata dej\u00f3 huella en la arena, y con la impecable organizaci\u00f3n y el apoyo de marcas como Kawasaki, este evento promete seguir creciendo en las ediciones venideras, emocionando a los fan\u00e1ticos y fomentando la pasi\u00f3n por las motos y el esp\u00edritu competitivo. La KX 450 representa el buque insignia de la gama KX de Kawasaki, construida para dominar las pistas. Con un motor de gran torque, excelente respuesta de potencia y suspensiones altamente ajustables, la KX450 es la elecci\u00f3n definitiva para los amantes de las carreras de motocross.<\/p>\n<p>&nbsp;<\/p>\n<h2>Kawasaki en Argentina<\/h2>\n<p><a href=\"https:\/\/autofans.com.ar\/index.php\/2023\/05\/29\/motofans-tv-27-05-23-novedades-sobre-dos-ruedas\/\" target=\"_blank\" rel=\"noopener\">Kawasak<\/a>i en Argentina, de la mano de Grupo Iraola, cuenta con una planta de producci\u00f3n local en Venado Tuerto, Santa Fe. La marca japonesa l\u00edder en el mundo de la competici\u00f3n, motociclismo off-road y pista, ha desarrollado una l\u00ednea de montaje espec\u00edficamente para la producci\u00f3n nacional de modelos, incluyendo Versys 300, Z400, Ninja 400, KLR 650, Versys 650, Z650 y Z900. La marca Kawasaki en Argentina apuesta fuerte a la producci\u00f3n nacional y a ofrecer el lineup m\u00e1s completo del mercado.<\/p>\n<p>&nbsp;<\/p>\n<p><i>Para enterarte de m\u00e1s novedades, no dejes de leer\u00a0<\/i><a href=\"https:\/\/autofans.thebrandsoup.com\/\"><i>nuestras notas<\/i><\/a><i>, de ver<\/i><b><i>\u00a0<\/i><\/b><a href=\"https:\/\/www.youtube.com\/channel\/UCgAC8UGHZYbT6P7PpmVnP7g\"><b><i>AUTOFANS TV<\/i><\/b><\/a><b><i>\u00a0<\/i><\/b><i>en nuestro\u00a0canal de Youtube. Adem\u00e1s seguinos en\u00a0<\/i><a href=\"https:\/\/www.instagram.com\/autofanstv\/\"><i>INSTAGRAM<\/i><\/a><i> y <\/i><a href=\"https:\/\/www.facebook.com\/autofansmas\/\"><i>FACEBOOK<\/i><\/a><i> para no perderte nada sobre las novedades del segmento automotor de Argentina y el mundo.<\/i><\/p>\n<p><i><span class=\"Apple-converted-space\">\u00a0<\/span><\/i><\/p>\n","protected":false},"excerpt":{"rendered":"<p>Joaqu\u00edn Poli y su KX450F se consagran campeones en el emocionante Enduro del Invierno de&#8230;<\/p>\n","protected":false},"author":2,"featured_media":4896,"comment_status":"closed","ping_status":"closed","sticky":false,"template":"","format":"standard","meta":{"footnotes":""},"categories":[127,16],"tags":[2459,2456,2351,2457,1386,2458,62,812],"class_list":["post-4890","post","type-post","status-publish","format-standard","has-post-thumbnail","hentry","category-deporte","category-noticias","tag-competencia-de-motos","tag-enduro-del-invierno","tag-evento-deportivo","tag-joaquin-poli","tag-kawasaki","tag-kx450","tag-mar-del-plata","tag-motocross"],"yoast_head":"<!-- This site is optimized with the Yoast SEO plugin v27.5 - https:\/\/yoast.com\/product\/yoast-seo-wordpress\/ -->\n<title>Kawasaki y Joaqu\u00edn Poli arrasan en el enduro del Invierno -<\/title>\n<meta name=\"description\" content=\"Joaqu\u00edn Poli y su KX450F se consagran campeones en el emocionante Enduro del Invierno de Mar del Plata, respaldado por Kawasaki...\" \/>\n<meta name=\"robots\" content=\"index, follow, max-snippet:-1, max-image-preview:large, max-video-preview:-1\" \/>\n<link rel=\"canonical\" href=\"https:\/\/autofans.com.ar\/index.php\/2023\/09\/06\/kawasaki-y-joaquin-poli-arrasan-en-el-enduro-del-invierno\/\" \/>\n<meta property=\"og:locale\" content=\"es_ES\" \/>\n<meta property=\"og:type\" content=\"article\" \/>\n<meta property=\"og:title\" content=\"Kawasaki y Joaqu\u00edn Poli arrasan en el enduro del Invierno -\" \/>\n<meta property=\"og:description\" content=\"Joaqu\u00edn Poli y su KX450F se consagran campeones en el emocionante Enduro del Invierno de Mar del Plata, respaldado por Kawasaki...\" \/>\n<meta property=\"og:url\" content=\"https:\/\/autofans.com.ar\/index.php\/2023\/09\/06\/kawasaki-y-joaquin-poli-arrasan-en-el-enduro-del-invierno\/\" \/>\n<meta property=\"article:published_time\" content=\"2023-09-06T20:49:36+00:00\" \/>\n<meta property=\"og:image\" content=\"https:\/\/autofans.com.ar\/wp-content\/uploads\/2023\/09\/foto-1-7.jpg\" \/>\n\t<meta property=\"og:image:width\" content=\"1000\" \/>\n\t<meta property=\"og:image:height\" content=\"667\" \/>\n\t<meta property=\"og:image:type\" content=\"image\/jpeg\" \/>\n<meta name=\"author\" content=\"Alejandro Gabriel Rosito\" \/>\n<meta name=\"twitter:card\" content=\"summary_large_image\" \/>\n<meta name=\"twitter:label1\" content=\"Escrito por\" \/>\n\t<meta name=\"twitter:data1\" content=\"Alejandro Gabriel Rosito\" \/>\n\t<meta name=\"twitter:label2\" content=\"Tiempo de lectura\" \/>\n\t<meta name=\"twitter:data2\" content=\"4 minutos\" \/>\n<script type=\"application\/ld+json\" class=\"yoast-schema-graph\">{\"@context\":\"https:\\\/\\\/schema.org\",\"@graph\":[{\"@type\":\"Article\",\"@id\":\"https:\\\/\\\/autofans.com.ar\\\/index.php\\\/2023\\\/09\\\/06\\\/kawasaki-y-joaquin-poli-arrasan-en-el-enduro-del-invierno\\\/#article\",\"isPartOf\":{\"@id\":\"https:\\\/\\\/autofans.com.ar\\\/index.php\\\/2023\\\/09\\\/06\\\/kawasaki-y-joaquin-poli-arrasan-en-el-enduro-del-invierno\\\/\"},\"author\":{\"name\":\"Alejandro Gabriel Rosito\",\"@id\":\"https:\\\/\\\/autofans.com.ar\\\/#\\\/schema\\\/person\\\/4a8dda0b6df83ac3d6723e921274c2aa\"},\"headline\":\"Kawasaki y Joaqu\u00edn Poli arrasan en el enduro del Invierno\",\"datePublished\":\"2023-09-06T20:49:36+00:00\",\"mainEntityOfPage\":{\"@id\":\"https:\\\/\\\/autofans.com.ar\\\/index.php\\\/2023\\\/09\\\/06\\\/kawasaki-y-joaquin-poli-arrasan-en-el-enduro-del-invierno\\\/\"},\"wordCount\":735,\"image\":{\"@id\":\"https:\\\/\\\/autofans.com.ar\\\/index.php\\\/2023\\\/09\\\/06\\\/kawasaki-y-joaquin-poli-arrasan-en-el-enduro-del-invierno\\\/#primaryimage\"},\"thumbnailUrl\":\"https:\\\/\\\/autofans.com.ar\\\/wp-content\\\/uploads\\\/2023\\\/09\\\/foto-1-7.jpg\",\"keywords\":[\"Competencia de Motos\",\"Enduro del Invierno\",\"Evento Deportivo\",\"Joaqu\u00edn Poli\",\"kawasaki\",\"KX450\",\"Mar del Plata\",\"Motocross\"],\"articleSection\":[\"DEPORTE MOTOR\",\"NOTICIAS\"],\"inLanguage\":\"es\"},{\"@type\":\"WebPage\",\"@id\":\"https:\\\/\\\/autofans.com.ar\\\/index.php\\\/2023\\\/09\\\/06\\\/kawasaki-y-joaquin-poli-arrasan-en-el-enduro-del-invierno\\\/\",\"url\":\"https:\\\/\\\/autofans.com.ar\\\/index.php\\\/2023\\\/09\\\/06\\\/kawasaki-y-joaquin-poli-arrasan-en-el-enduro-del-invierno\\\/\",\"name\":\"Kawasaki y Joaqu\u00edn Poli arrasan en el enduro del Invierno -\",\"isPartOf\":{\"@id\":\"https:\\\/\\\/autofans.com.ar\\\/#website\"},\"primaryImageOfPage\":{\"@id\":\"https:\\\/\\\/autofans.com.ar\\\/index.php\\\/2023\\\/09\\\/06\\\/kawasaki-y-joaquin-poli-arrasan-en-el-enduro-del-invierno\\\/#primaryimage\"},\"image\":{\"@id\":\"https:\\\/\\\/autofans.com.ar\\\/index.php\\\/2023\\\/09\\\/06\\\/kawasaki-y-joaquin-poli-arrasan-en-el-enduro-del-invierno\\\/#primaryimage\"},\"thumbnailUrl\":\"https:\\\/\\\/autofans.com.ar\\\/wp-content\\\/uploads\\\/2023\\\/09\\\/foto-1-7.jpg\",\"datePublished\":\"2023-09-06T20:49:36+00:00\",\"author\":{\"@id\":\"https:\\\/\\\/autofans.com.ar\\\/#\\\/schema\\\/person\\\/4a8dda0b6df83ac3d6723e921274c2aa\"},\"description\":\"Joaqu\u00edn Poli y su KX450F se consagran campeones en el emocionante Enduro del Invierno de Mar del Plata, respaldado por Kawasaki...\",\"breadcrumb\":{\"@id\":\"https:\\\/\\\/autofans.com.ar\\\/index.php\\\/2023\\\/09\\\/06\\\/kawasaki-y-joaquin-poli-arrasan-en-el-enduro-del-invierno\\\/#breadcrumb\"},\"inLanguage\":\"es\",\"potentialAction\":[{\"@type\":\"ReadAction\",\"target\":[\"https:\\\/\\\/autofans.com.ar\\\/index.php\\\/2023\\\/09\\\/06\\\/kawasaki-y-joaquin-poli-arrasan-en-el-enduro-del-invierno\\\/\"]}]},{\"@type\":\"ImageObject\",\"inLanguage\":\"es\",\"@id\":\"https:\\\/\\\/autofans.com.ar\\\/index.php\\\/2023\\\/09\\\/06\\\/kawasaki-y-joaquin-poli-arrasan-en-el-enduro-del-invierno\\\/#primaryimage\",\"url\":\"https:\\\/\\\/autofans.com.ar\\\/wp-content\\\/uploads\\\/2023\\\/09\\\/foto-1-7.jpg\",\"contentUrl\":\"https:\\\/\\\/autofans.com.ar\\\/wp-content\\\/uploads\\\/2023\\\/09\\\/foto-1-7.jpg\",\"width\":1000,\"height\":667,\"caption\":\"Kawasaki\"},{\"@type\":\"BreadcrumbList\",\"@id\":\"https:\\\/\\\/autofans.com.ar\\\/index.php\\\/2023\\\/09\\\/06\\\/kawasaki-y-joaquin-poli-arrasan-en-el-enduro-del-invierno\\\/#breadcrumb\",\"itemListElement\":[{\"@type\":\"ListItem\",\"position\":1,\"name\":\"Inicio\",\"item\":\"https:\\\/\\\/autofans.com.ar\\\/\"},{\"@type\":\"ListItem\",\"position\":2,\"name\":\"Kawasaki y Joaqu\u00edn Poli arrasan en el enduro del Invierno\"}]},{\"@type\":\"WebSite\",\"@id\":\"https:\\\/\\\/autofans.com.ar\\\/#website\",\"url\":\"https:\\\/\\\/autofans.com.ar\\\/\",\"name\":\"\",\"description\":\"El multimedio referente de la industria automotriz\",\"potentialAction\":[{\"@type\":\"SearchAction\",\"target\":{\"@type\":\"EntryPoint\",\"urlTemplate\":\"https:\\\/\\\/autofans.com.ar\\\/?s={search_term_string}\"},\"query-input\":{\"@type\":\"PropertyValueSpecification\",\"valueRequired\":true,\"valueName\":\"search_term_string\"}}],\"inLanguage\":\"es\"},{\"@type\":\"Person\",\"@id\":\"https:\\\/\\\/autofans.com.ar\\\/#\\\/schema\\\/person\\\/4a8dda0b6df83ac3d6723e921274c2aa\",\"name\":\"Alejandro Gabriel Rosito\",\"image\":{\"@type\":\"ImageObject\",\"inLanguage\":\"es\",\"@id\":\"https:\\\/\\\/secure.gravatar.com\\\/avatar\\\/16c5dda1489adfc62618084dcbb91cffd879c374b13fe5dd8e44ed6733852c88?s=96&d=mm&r=g\",\"url\":\"https:\\\/\\\/secure.gravatar.com\\\/avatar\\\/16c5dda1489adfc62618084dcbb91cffd879c374b13fe5dd8e44ed6733852c88?s=96&d=mm&r=g\",\"contentUrl\":\"https:\\\/\\\/secure.gravatar.com\\\/avatar\\\/16c5dda1489adfc62618084dcbb91cffd879c374b13fe5dd8e44ed6733852c88?s=96&d=mm&r=g\",\"caption\":\"Alejandro Gabriel Rosito\"},\"url\":\"https:\\\/\\\/autofans.com.ar\\\/index.php\\\/author\\\/gabrielr\\\/\"}]}<\/script>\n<!-- \/ Yoast SEO plugin. -->","yoast_head_json":{"title":"Kawasaki y Joaqu\u00edn Poli arrasan en el enduro del Invierno -","description":"Joaqu\u00edn Poli y su KX450F se consagran campeones en el emocionante Enduro del Invierno de Mar del Plata, respaldado por Kawasaki...","robots":{"index":"index","follow":"follow","max-snippet":"max-snippet:-1","max-image-preview":"max-image-preview:large","max-video-preview":"max-video-preview:-1"},"canonical":"https:\/\/autofans.com.ar\/index.php\/2023\/09\/06\/kawasaki-y-joaquin-poli-arrasan-en-el-enduro-del-invierno\/","og_locale":"es_ES","og_type":"article","og_title":"Kawasaki y Joaqu\u00edn Poli arrasan en el enduro del Invierno -","og_description":"Joaqu\u00edn Poli y su KX450F se consagran campeones en el emocionante Enduro del Invierno de Mar del Plata, respaldado por Kawasaki...","og_url":"https:\/\/autofans.com.ar\/index.php\/2023\/09\/06\/kawasaki-y-joaquin-poli-arrasan-en-el-enduro-del-invierno\/","article_published_time":"2023-09-06T20:49:36+00:00","og_image":[{"width":1000,"height":667,"url":"https:\/\/autofans.com.ar\/wp-content\/uploads\/2023\/09\/foto-1-7.jpg","type":"image\/jpeg"}],"author":"Alejandro Gabriel Rosito","twitter_card":"summary_large_image","twitter_misc":{"Escrito por":"Alejandro Gabriel Rosito","Tiempo de lectura":"4 minutos"},"schema":{"@context":"https:\/\/schema.org","@graph":[{"@type":"Article","@id":"https:\/\/autofans.com.ar\/index.php\/2023\/09\/06\/kawasaki-y-joaquin-poli-arrasan-en-el-enduro-del-invierno\/#article","isPartOf":{"@id":"https:\/\/autofans.com.ar\/index.php\/2023\/09\/06\/kawasaki-y-joaquin-poli-arrasan-en-el-enduro-del-invierno\/"},"author":{"name":"Alejandro Gabriel Rosito","@id":"https:\/\/autofans.com.ar\/#\/schema\/person\/4a8dda0b6df83ac3d6723e921274c2aa"},"headline":"Kawasaki y Joaqu\u00edn Poli arrasan en el enduro del Invierno","datePublished":"2023-09-06T20:49:36+00:00","mainEntityOfPage":{"@id":"https:\/\/autofans.com.ar\/index.php\/2023\/09\/06\/kawasaki-y-joaquin-poli-arrasan-en-el-enduro-del-invierno\/"},"wordCount":735,"image":{"@id":"https:\/\/autofans.com.ar\/index.php\/2023\/09\/06\/kawasaki-y-joaquin-poli-arrasan-en-el-enduro-del-invierno\/#primaryimage"},"thumbnailUrl":"https:\/\/autofans.com.ar\/wp-content\/uploads\/2023\/09\/foto-1-7.jpg","keywords":["Competencia de Motos","Enduro del Invierno","Evento Deportivo","Joaqu\u00edn Poli","kawasaki","KX450","Mar del Plata","Motocross"],"articleSection":["DEPORTE MOTOR","NOTICIAS"],"inLanguage":"es"},{"@type":"WebPage","@id":"https:\/\/autofans.com.ar\/index.php\/2023\/09\/06\/kawasaki-y-joaquin-poli-arrasan-en-el-enduro-del-invierno\/","url":"https:\/\/autofans.com.ar\/index.php\/2023\/09\/06\/kawasaki-y-joaquin-poli-arrasan-en-el-enduro-del-invierno\/","name":"Kawasaki y Joaqu\u00edn Poli arrasan en el enduro del Invierno -","isPartOf":{"@id":"https:\/\/autofans.com.ar\/#website"},"primaryImageOfPage":{"@id":"https:\/\/autofans.com.ar\/index.php\/2023\/09\/06\/kawasaki-y-joaquin-poli-arrasan-en-el-enduro-del-invierno\/#primaryimage"},"image":{"@id":"https:\/\/autofans.com.ar\/index.php\/2023\/09\/06\/kawasaki-y-joaquin-poli-arrasan-en-el-enduro-del-invierno\/#primaryimage"},"thumbnailUrl":"https:\/\/autofans.com.ar\/wp-content\/uploads\/2023\/09\/foto-1-7.jpg","datePublished":"2023-09-06T20:49:36+00:00","author":{"@id":"https:\/\/autofans.com.ar\/#\/schema\/person\/4a8dda0b6df83ac3d6723e921274c2aa"},"description":"Joaqu\u00edn Poli y su KX450F se consagran campeones en el emocionante Enduro del Invierno de Mar del Plata, respaldado por Kawasaki...","breadcrumb":{"@id":"https:\/\/autofans.com.ar\/index.php\/2023\/09\/06\/kawasaki-y-joaquin-poli-arrasan-en-el-enduro-del-invierno\/#breadcrumb"},"inLanguage":"es","potentialAction":[{"@type":"ReadAction","target":["https:\/\/autofans.com.ar\/index.php\/2023\/09\/06\/kawasaki-y-joaquin-poli-arrasan-en-el-enduro-del-invierno\/"]}]},{"@type":"ImageObject","inLanguage":"es","@id":"https:\/\/autofans.com.ar\/index.php\/2023\/09\/06\/kawasaki-y-joaquin-poli-arrasan-en-el-enduro-del-invierno\/#primaryimage","url":"https:\/\/autofans.com.ar\/wp-content\/uploads\/2023\/09\/foto-1-7.jpg","contentUrl":"https:\/\/autofans.com.ar\/wp-content\/uploads\/2023\/09\/foto-1-7.jpg","width":1000,"height":667,"caption":"Kawasaki"},{"@type":"BreadcrumbList","@id":"https:\/\/autofans.com.ar\/index.php\/2023\/09\/06\/kawasaki-y-joaquin-poli-arrasan-en-el-enduro-del-invierno\/#breadcrumb","itemListElement":[{"@type":"ListItem","position":1,"name":"Inicio","item":"https:\/\/autofans.com.ar\/"},{"@type":"ListItem","position":2,"name":"Kawasaki y Joaqu\u00edn Poli arrasan en el enduro del Invierno"}]},{"@type":"WebSite","@id":"https:\/\/autofans.com.ar\/#website","url":"https:\/\/autofans.com.ar\/","name":"","description":"El multimedio referente de la industria automotriz","potentialAction":[{"@type":"SearchAction","target":{"@type":"EntryPoint","urlTemplate":"https:\/\/autofans.com.ar\/?s={search_term_string}"},"query-input":{"@type":"PropertyValueSpecification","valueRequired":true,"valueName":"search_term_string"}}],"inLanguage":"es"},{"@type":"Person","@id":"https:\/\/autofans.com.ar\/#\/schema\/person\/4a8dda0b6df83ac3d6723e921274c2aa","name":"Alejandro Gabriel Rosito","image":{"@type":"ImageObject","inLanguage":"es","@id":"https:\/\/secure.gravatar.com\/avatar\/16c5dda1489adfc62618084dcbb91cffd879c374b13fe5dd8e44ed6733852c88?s=96&d=mm&r=g","url":"https:\/\/secure.gravatar.com\/avatar\/16c5dda1489adfc62618084dcbb91cffd879c374b13fe5dd8e44ed6733852c88?s=96&d=mm&r=g","contentUrl":"https:\/\/secure.gravatar.com\/avatar\/16c5dda1489adfc62618084dcbb91cffd879c374b13fe5dd8e44ed6733852c88?s=96&d=mm&r=g","caption":"Alejandro Gabriel Rosito"},"url":"https:\/\/autofans.com.ar\/index.php\/author\/gabrielr\/"}]}},"featured_image_urls":{"full":["https:\/\/autofans.com.ar\/wp-content\/uploads\/2023\/09\/foto-1-7.jpg",1000,667,false],"thumbnail":["https:\/\/autofans.com.ar\/wp-content\/uploads\/2023\/09\/foto-1-7-150x150.jpg",150,150,true],"medium":["https:\/\/autofans.com.ar\/wp-content\/uploads\/2023\/09\/foto-1-7-300x200.jpg",300,200,true],"medium_large":["https:\/\/autofans.com.ar\/wp-content\/uploads\/2023\/09\/foto-1-7-768x512.jpg",640,427,true],"large":["https:\/\/autofans.com.ar\/wp-content\/uploads\/2023\/09\/foto-1-7.jpg",640,427,false],"1536x1536":["https:\/\/autofans.com.ar\/wp-content\/uploads\/2023\/09\/foto-1-7.jpg",1000,667,false],"2048x2048":["https:\/\/autofans.com.ar\/wp-content\/uploads\/2023\/09\/foto-1-7.jpg",1000,667,false],"covernews-featured":["https:\/\/autofans.com.ar\/wp-content\/uploads\/2023\/09\/foto-1-7.jpg",1000,667,false],"covernews-medium":["https:\/\/autofans.com.ar\/wp-content\/uploads\/2023\/09\/foto-1-7-540x340.jpg",540,340,true]},"author_info":{"display_name":"Alejandro Gabriel Rosito","author_link":"https:\/\/autofans.com.ar\/index.php\/author\/gabrielr\/"},"category_info":"<a href=\"https:\/\/autofans.com.ar\/index.php\/category\/noticias\/deporte\/\" rel=\"category tag\">DEPORTE MOTOR<\/a> <a href=\"https:\/\/autofans.com.ar\/index.php\/category\/noticias\/\" rel=\"category tag\">NOTICIAS<\/a>","tag_info":"NOTICIAS","comment_count":0,"_links":{"self":[{"href":"https:\/\/autofans.com.ar\/index.php\/wp-json\/wp\/v2\/posts\/4890","targetHints":{"allow":["GET"]}}],"collection":[{"href":"https:\/\/autofans.com.ar\/index.php\/wp-json\/wp\/v2\/posts"}],"about":[{"href":"https:\/\/autofans.com.ar\/index.php\/wp-json\/wp\/v2\/types\/post"}],"author":[{"embeddable":true,"href":"https:\/\/autofans.com.ar\/index.php\/wp-json\/wp\/v2\/users\/2"}],"replies":[{"embeddable":true,"href":"https:\/\/autofans.com.ar\/index.php\/wp-json\/wp\/v2\/comments?post=4890"}],"version-history":[{"count":1,"href":"https:\/\/autofans.com.ar\/index.php\/wp-json\/wp\/v2\/posts\/4890\/revisions"}],"predecessor-version":[{"id":4897,"href":"https:\/\/autofans.com.ar\/index.php\/wp-json\/wp\/v2\/posts\/4890\/revisions\/4897"}],"wp:featuredmedia":[{"embeddable":true,"href":"https:\/\/autofans.com.ar\/index.php\/wp-json\/wp\/v2\/media\/4896"}],"wp:attachment":[{"href":"https:\/\/autofans.com.ar\/index.php\/wp-json\/wp\/v2\/media?parent=4890"}],"wp:term":[{"taxonomy":"category","embeddable":true,"href":"https:\/\/autofans.com.ar\/index.php\/wp-json\/wp\/v2\/categories?post=4890"},{"taxonomy":"post_tag","embeddable":true,"href":"https:\/\/autofans.com.ar\/index.php\/wp-json\/wp\/v2\/tags?post=4890"}],"curies":[{"name":"wp","href":"https:\/\/api.w.org\/{rel}","templated":true}]}}