{"id":4944,"date":"2023-09-08T20:23:19","date_gmt":"2023-09-08T23:23:19","guid":{"rendered":"https:\/\/autofans.com.ar\/?p=4944"},"modified":"2023-09-08T20:23:19","modified_gmt":"2023-09-08T23:23:19","slug":"iveco-group-impulsa-la-produccion-nacional","status":"publish","type":"post","link":"https:\/\/autofans.com.ar\/index.php\/2023\/09\/08\/iveco-group-impulsa-la-produccion-nacional\/","title":{"rendered":"Iveco Group Impulsa la Producci\u00f3n Nacional"},"content":{"rendered":"<p>Iveco Group reafirma su compromiso con la producci\u00f3n nacional en el D\u00eda de la Industria. Esta fecha, que se celebra cada 2 de septiembre en Argentina, rinde homenaje a los trabajadores del sector y promueve el crecimiento de la industria local. Para Iveco Group, es una ocasi\u00f3n especial para destacar su s\u00f3lida presencia en el pa\u00eds y su contribuci\u00f3n al desarrollo econ\u00f3mico.<\/p>\n<p>&nbsp;<\/p>\n<h2>Iveco Group &#8211; m\u00e1s de un siglo de innovaci\u00f3n en Argentina<\/h2>\n<p>Desde su Polo Industrial en C\u00f3rdoba, Iveco Group ha desempe\u00f1ado un papel crucial en la fabricaci\u00f3n de veh\u00edculos comerciales y motores. Esta historia comenz\u00f3 en 1969 y, en la actualidad, la compa\u00f1\u00eda celebra sus 54 a\u00f1os de producci\u00f3n en Argentina, con m\u00e1s de 125 mil camiones fabricados. Adem\u00e1s, en 2012, FPT Industrial, parte del grupo, se convirti\u00f3 en la primera f\u00e1brica de motores que produce para el mercado local y exporta a la regi\u00f3n, alcanzando una impresionante cifra de 187 mil motores fabricados en la planta.<\/p>\n<p>&nbsp;<\/p>\n<p><img fetchpriority=\"high\" decoding=\"async\" class=\"aligncenter wp-image-4947 size-full\" src=\"https:\/\/autofans.com.ar\/wp-content\/uploads\/2023\/09\/foto-2-12.jpg\" alt=\"Iveco Group\" width=\"1000\" height=\"667\" srcset=\"https:\/\/autofans.com.ar\/wp-content\/uploads\/2023\/09\/foto-2-12.jpg 1000w, https:\/\/autofans.com.ar\/wp-content\/uploads\/2023\/09\/foto-2-12-300x200.jpg 300w, https:\/\/autofans.com.ar\/wp-content\/uploads\/2023\/09\/foto-2-12-768x512.jpg 768w\" sizes=\"(max-width: 1000px) 100vw, 1000px\" \/><\/p>\n<p>&nbsp;<\/p>\n<div dir=\"ltr\" style=\"text-align: left;\">\n<blockquote>\n<p style=\"text-align: center;\">\u201cSomos una compa\u00f1\u00eda que tiene presencia en Argentina hace m\u00e1s de medio siglo y sin dudas, seguiremos apostando a la producci\u00f3n local y el desarrollo de proveedores nacionales. Como empresa, este es un plus muy importante porque nos permite asegurar la disponibilidad de nuestros productos. Esa cercan\u00eda es el principal baluarte que tenemos en estos momentos\u201d coment\u00f3 Santos Doncel Jones, presidente de Iveco Group Argentina.<\/p>\n<\/blockquote>\n<\/div>\n<h2>Innovaci\u00f3n y exportaci\u00f3n<\/h2>\n<p>Iveco Group no solo ha contribuido a la industria automotriz, sino que tambi\u00e9n ha sido un actor clave en sectores esenciales para la econom\u00eda argentina, como el transporte de cargas generales, el agro, el petr\u00f3leo, la miner\u00eda, la construcci\u00f3n y la venta minorista. Adem\u00e1s, la compa\u00f1\u00eda se enorgullece de promover la industria local y de ofrecer soluciones innovadoras a sus clientes.<\/p>\n<p>El Polo Industrial en C\u00f3rdoba no solo abastece al mercado argentino sino que tambi\u00e9n busca posicionarse como un polo exportador para la regi\u00f3n. La planta de motores FPT Industrial ya ha establecido este precedente, exportando aproximadamente el 80% de su producci\u00f3n a pa\u00edses como Brasil y M\u00e9xico.<\/p>\n<p>&nbsp;<\/p>\n<p><img decoding=\"async\" class=\"aligncenter wp-image-4946 size-full\" src=\"https:\/\/autofans.com.ar\/wp-content\/uploads\/2023\/09\/foto-3-10.jpg\" alt=\"Iveco\" width=\"1000\" height=\"667\" srcset=\"https:\/\/autofans.com.ar\/wp-content\/uploads\/2023\/09\/foto-3-10.jpg 1000w, https:\/\/autofans.com.ar\/wp-content\/uploads\/2023\/09\/foto-3-10-300x200.jpg 300w, https:\/\/autofans.com.ar\/wp-content\/uploads\/2023\/09\/foto-3-10-768x512.jpg 768w\" sizes=\"(max-width: 1000px) 100vw, 1000px\" \/><\/p>\n<p>&nbsp;<\/p>\n<p>La sostenibilidad es otra prioridad para <a href=\"https:\/\/autofans.com.ar\/index.php\/2023\/07\/07\/nikola-iveco-europe-se-transforma-en-evco-tras-la-adquisicion-de-iveco-group\/\" target=\"_blank\" rel=\"noopener\">Iveco<\/a> Group, que introdujo la gama Natural Power en Argentina, convirti\u00e9ndose en la primera f\u00e1brica en obtener la homologaci\u00f3n para la fabricaci\u00f3n de camiones a GNC, como el Tector. Esto no solo responde a un cambio en la matriz energ\u00e9tica, sino que tambi\u00e9n refleja el compromiso de la empresa con la reducci\u00f3n de la huella de carbono y la transformaci\u00f3n hacia un futuro m\u00e1s sostenible.<\/p>\n<div dir=\"ltr\">\n<blockquote>\n<p style=\"text-align: center;\">\u201cComo l\u00edderes del sector, tomamos el desaf\u00edo de promover y fomentar la industria local, en su camino de crecimiento y modernizaci\u00f3n. Estamos orgullosos de continuar impulsando la producci\u00f3n nacional incorporando novedades en nuestros equipos, con el firme objetivo de seguir acompa\u00f1ando a nuestros clientes con soluciones para su negocio\u201d, a\u00f1adi\u00f3 Doncel Jones.<\/p>\n<\/blockquote>\n<\/div>\n<p>Con su compromiso de alcanzar cero emisiones netas de carbono para 2040, Iveco Group lidera el camino hacia un futuro m\u00e1s limpio y sostenible, demostrando su papel como un actor fundamental en la industria automotriz argentina.<\/p>\n<p>&nbsp;<\/p>\n<p><i>Para enterarte de m\u00e1s novedades, no dejes de leer\u00a0<\/i><a href=\"https:\/\/autofans.thebrandsoup.com\/\"><i>nuestras notas<\/i><\/a><i>, de ver<\/i><b><i>\u00a0<\/i><\/b><a href=\"https:\/\/www.youtube.com\/channel\/UCgAC8UGHZYbT6P7PpmVnP7g\"><b><i>AUTOFANS TV<\/i><\/b><\/a><b><i>\u00a0<\/i><\/b><i>en nuestro\u00a0canal de Youtube. Adem\u00e1s seguinos en\u00a0<\/i><a href=\"https:\/\/www.instagram.com\/autofanstv\/\"><i>INSTAGRAM<\/i><\/a><i> y <\/i><a href=\"https:\/\/www.facebook.com\/autofansmas\/\"><i>FACEBOOK<\/i><\/a><i> para no perderte nada sobre las novedades del segmento automotor de Argentina y el mundo.<\/i><\/p>\n<p><i><span class=\"Apple-converted-space\">\u00a0<\/span><\/i><\/p>\n","protected":false},"excerpt":{"rendered":"<p>Iveco Group reafirma su compromiso con la producci\u00f3n nacional en el D\u00eda de la Industria&#8230;.<\/p>\n","protected":false},"author":2,"featured_media":4948,"comment_status":"closed","ping_status":"closed","sticky":false,"template":"","format":"standard","meta":{"footnotes":""},"categories":[292,16],"tags":[216,657,2486,2487,2485,2484,819,896,1408,898],"class_list":["post-4944","post","type-post","status-publish","format-standard","has-post-thumbnail","hentry","category-empresas","category-noticias","tag-sostenibilidad","tag-camiones","tag-dia-de-la-industria","tag-economia-argentina","tag-exportaciones","tag-industria-argentina","tag-iveco-group","tag-motores","tag-polo-industrial-cordoba","tag-produccion-nacional"],"yoast_head":"<!-- This site is optimized with the Yoast SEO plugin v27.5 - https:\/\/yoast.com\/product\/yoast-seo-wordpress\/ -->\n<title>Iveco Group Impulsa la Producci\u00f3n Nacional -<\/title>\n<meta name=\"description\" content=\"Iveco Group reafirma su compromiso con la producci\u00f3n nacional en el D\u00eda de la Industria. Fecha, que se celebra el 2 de septiembre en Argentina\" \/>\n<meta name=\"robots\" content=\"index, follow, max-snippet:-1, max-image-preview:large, max-video-preview:-1\" \/>\n<link rel=\"canonical\" href=\"https:\/\/autofans.com.ar\/index.php\/2023\/09\/08\/iveco-group-impulsa-la-produccion-nacional\/\" \/>\n<meta property=\"og:locale\" content=\"es_ES\" \/>\n<meta property=\"og:type\" content=\"article\" \/>\n<meta property=\"og:title\" content=\"Iveco Group Impulsa la Producci\u00f3n Nacional -\" \/>\n<meta property=\"og:description\" content=\"Iveco Group reafirma su compromiso con la producci\u00f3n nacional en el D\u00eda de la Industria. Fecha, que se celebra el 2 de septiembre en Argentina\" \/>\n<meta property=\"og:url\" content=\"https:\/\/autofans.com.ar\/index.php\/2023\/09\/08\/iveco-group-impulsa-la-produccion-nacional\/\" \/>\n<meta property=\"article:published_time\" content=\"2023-09-08T23:23:19+00:00\" \/>\n<meta property=\"og:image\" content=\"https:\/\/autofans.com.ar\/wp-content\/uploads\/2023\/09\/foto-1-12.jpg\" \/>\n\t<meta property=\"og:image:width\" content=\"1000\" \/>\n\t<meta property=\"og:image:height\" content=\"667\" \/>\n\t<meta property=\"og:image:type\" content=\"image\/jpeg\" \/>\n<meta name=\"author\" content=\"Alejandro Gabriel Rosito\" \/>\n<meta name=\"twitter:card\" content=\"summary_large_image\" \/>\n<meta name=\"twitter:label1\" content=\"Escrito por\" \/>\n\t<meta name=\"twitter:data1\" content=\"Alejandro Gabriel Rosito\" \/>\n\t<meta name=\"twitter:label2\" content=\"Tiempo de lectura\" \/>\n\t<meta name=\"twitter:data2\" content=\"3 minutos\" \/>\n<script type=\"application\/ld+json\" class=\"yoast-schema-graph\">{\"@context\":\"https:\\\/\\\/schema.org\",\"@graph\":[{\"@type\":\"Article\",\"@id\":\"https:\\\/\\\/autofans.com.ar\\\/index.php\\\/2023\\\/09\\\/08\\\/iveco-group-impulsa-la-produccion-nacional\\\/#article\",\"isPartOf\":{\"@id\":\"https:\\\/\\\/autofans.com.ar\\\/index.php\\\/2023\\\/09\\\/08\\\/iveco-group-impulsa-la-produccion-nacional\\\/\"},\"author\":{\"name\":\"Alejandro Gabriel Rosito\",\"@id\":\"https:\\\/\\\/autofans.com.ar\\\/#\\\/schema\\\/person\\\/4a8dda0b6df83ac3d6723e921274c2aa\"},\"headline\":\"Iveco Group Impulsa la Producci\u00f3n Nacional\",\"datePublished\":\"2023-09-08T23:23:19+00:00\",\"mainEntityOfPage\":{\"@id\":\"https:\\\/\\\/autofans.com.ar\\\/index.php\\\/2023\\\/09\\\/08\\\/iveco-group-impulsa-la-produccion-nacional\\\/\"},\"wordCount\":597,\"image\":{\"@id\":\"https:\\\/\\\/autofans.com.ar\\\/index.php\\\/2023\\\/09\\\/08\\\/iveco-group-impulsa-la-produccion-nacional\\\/#primaryimage\"},\"thumbnailUrl\":\"https:\\\/\\\/autofans.com.ar\\\/wp-content\\\/uploads\\\/2023\\\/09\\\/foto-1-12.jpg\",\"keywords\":[\"#sostenibilidad\",\"camiones\",\"D\u00eda de la Industria\",\"Econom\u00eda Argentina.\",\"Exportaciones\",\"Industria Argentina\",\"Iveco Group\",\"motores\",\"Polo Industrial C\u00f3rdoba\",\"producci\u00f3n nacional\"],\"articleSection\":[\"EMPRESAS\",\"NOTICIAS\"],\"inLanguage\":\"es\"},{\"@type\":\"WebPage\",\"@id\":\"https:\\\/\\\/autofans.com.ar\\\/index.php\\\/2023\\\/09\\\/08\\\/iveco-group-impulsa-la-produccion-nacional\\\/\",\"url\":\"https:\\\/\\\/autofans.com.ar\\\/index.php\\\/2023\\\/09\\\/08\\\/iveco-group-impulsa-la-produccion-nacional\\\/\",\"name\":\"Iveco Group Impulsa la Producci\u00f3n Nacional -\",\"isPartOf\":{\"@id\":\"https:\\\/\\\/autofans.com.ar\\\/#website\"},\"primaryImageOfPage\":{\"@id\":\"https:\\\/\\\/autofans.com.ar\\\/index.php\\\/2023\\\/09\\\/08\\\/iveco-group-impulsa-la-produccion-nacional\\\/#primaryimage\"},\"image\":{\"@id\":\"https:\\\/\\\/autofans.com.ar\\\/index.php\\\/2023\\\/09\\\/08\\\/iveco-group-impulsa-la-produccion-nacional\\\/#primaryimage\"},\"thumbnailUrl\":\"https:\\\/\\\/autofans.com.ar\\\/wp-content\\\/uploads\\\/2023\\\/09\\\/foto-1-12.jpg\",\"datePublished\":\"2023-09-08T23:23:19+00:00\",\"author\":{\"@id\":\"https:\\\/\\\/autofans.com.ar\\\/#\\\/schema\\\/person\\\/4a8dda0b6df83ac3d6723e921274c2aa\"},\"description\":\"Iveco Group reafirma su compromiso con la producci\u00f3n nacional en el D\u00eda de la Industria. Fecha, que se celebra el 2 de septiembre en Argentina\",\"breadcrumb\":{\"@id\":\"https:\\\/\\\/autofans.com.ar\\\/index.php\\\/2023\\\/09\\\/08\\\/iveco-group-impulsa-la-produccion-nacional\\\/#breadcrumb\"},\"inLanguage\":\"es\",\"potentialAction\":[{\"@type\":\"ReadAction\",\"target\":[\"https:\\\/\\\/autofans.com.ar\\\/index.php\\\/2023\\\/09\\\/08\\\/iveco-group-impulsa-la-produccion-nacional\\\/\"]}]},{\"@type\":\"ImageObject\",\"inLanguage\":\"es\",\"@id\":\"https:\\\/\\\/autofans.com.ar\\\/index.php\\\/2023\\\/09\\\/08\\\/iveco-group-impulsa-la-produccion-nacional\\\/#primaryimage\",\"url\":\"https:\\\/\\\/autofans.com.ar\\\/wp-content\\\/uploads\\\/2023\\\/09\\\/foto-1-12.jpg\",\"contentUrl\":\"https:\\\/\\\/autofans.com.ar\\\/wp-content\\\/uploads\\\/2023\\\/09\\\/foto-1-12.jpg\",\"width\":1000,\"height\":667,\"caption\":\"Iveco Group\"},{\"@type\":\"BreadcrumbList\",\"@id\":\"https:\\\/\\\/autofans.com.ar\\\/index.php\\\/2023\\\/09\\\/08\\\/iveco-group-impulsa-la-produccion-nacional\\\/#breadcrumb\",\"itemListElement\":[{\"@type\":\"ListItem\",\"position\":1,\"name\":\"Inicio\",\"item\":\"https:\\\/\\\/autofans.com.ar\\\/\"},{\"@type\":\"ListItem\",\"position\":2,\"name\":\"Iveco Group Impulsa la Producci\u00f3n Nacional\"}]},{\"@type\":\"WebSite\",\"@id\":\"https:\\\/\\\/autofans.com.ar\\\/#website\",\"url\":\"https:\\\/\\\/autofans.com.ar\\\/\",\"name\":\"\",\"description\":\"El multimedio referente de la industria automotriz\",\"potentialAction\":[{\"@type\":\"SearchAction\",\"target\":{\"@type\":\"EntryPoint\",\"urlTemplate\":\"https:\\\/\\\/autofans.com.ar\\\/?s={search_term_string}\"},\"query-input\":{\"@type\":\"PropertyValueSpecification\",\"valueRequired\":true,\"valueName\":\"search_term_string\"}}],\"inLanguage\":\"es\"},{\"@type\":\"Person\",\"@id\":\"https:\\\/\\\/autofans.com.ar\\\/#\\\/schema\\\/person\\\/4a8dda0b6df83ac3d6723e921274c2aa\",\"name\":\"Alejandro Gabriel Rosito\",\"image\":{\"@type\":\"ImageObject\",\"inLanguage\":\"es\",\"@id\":\"https:\\\/\\\/secure.gravatar.com\\\/avatar\\\/16c5dda1489adfc62618084dcbb91cffd879c374b13fe5dd8e44ed6733852c88?s=96&d=mm&r=g\",\"url\":\"https:\\\/\\\/secure.gravatar.com\\\/avatar\\\/16c5dda1489adfc62618084dcbb91cffd879c374b13fe5dd8e44ed6733852c88?s=96&d=mm&r=g\",\"contentUrl\":\"https:\\\/\\\/secure.gravatar.com\\\/avatar\\\/16c5dda1489adfc62618084dcbb91cffd879c374b13fe5dd8e44ed6733852c88?s=96&d=mm&r=g\",\"caption\":\"Alejandro Gabriel Rosito\"},\"url\":\"https:\\\/\\\/autofans.com.ar\\\/index.php\\\/author\\\/gabrielr\\\/\"}]}<\/script>\n<!-- \/ Yoast SEO plugin. -->","yoast_head_json":{"title":"Iveco Group Impulsa la Producci\u00f3n Nacional -","description":"Iveco Group reafirma su compromiso con la producci\u00f3n nacional en el D\u00eda de la Industria. Fecha, que se celebra el 2 de septiembre en Argentina","robots":{"index":"index","follow":"follow","max-snippet":"max-snippet:-1","max-image-preview":"max-image-preview:large","max-video-preview":"max-video-preview:-1"},"canonical":"https:\/\/autofans.com.ar\/index.php\/2023\/09\/08\/iveco-group-impulsa-la-produccion-nacional\/","og_locale":"es_ES","og_type":"article","og_title":"Iveco Group Impulsa la Producci\u00f3n Nacional -","og_description":"Iveco Group reafirma su compromiso con la producci\u00f3n nacional en el D\u00eda de la Industria. Fecha, que se celebra el 2 de septiembre en Argentina","og_url":"https:\/\/autofans.com.ar\/index.php\/2023\/09\/08\/iveco-group-impulsa-la-produccion-nacional\/","article_published_time":"2023-09-08T23:23:19+00:00","og_image":[{"width":1000,"height":667,"url":"https:\/\/autofans.com.ar\/wp-content\/uploads\/2023\/09\/foto-1-12.jpg","type":"image\/jpeg"}],"author":"Alejandro Gabriel Rosito","twitter_card":"summary_large_image","twitter_misc":{"Escrito por":"Alejandro Gabriel Rosito","Tiempo de lectura":"3 minutos"},"schema":{"@context":"https:\/\/schema.org","@graph":[{"@type":"Article","@id":"https:\/\/autofans.com.ar\/index.php\/2023\/09\/08\/iveco-group-impulsa-la-produccion-nacional\/#article","isPartOf":{"@id":"https:\/\/autofans.com.ar\/index.php\/2023\/09\/08\/iveco-group-impulsa-la-produccion-nacional\/"},"author":{"name":"Alejandro Gabriel Rosito","@id":"https:\/\/autofans.com.ar\/#\/schema\/person\/4a8dda0b6df83ac3d6723e921274c2aa"},"headline":"Iveco Group Impulsa la Producci\u00f3n Nacional","datePublished":"2023-09-08T23:23:19+00:00","mainEntityOfPage":{"@id":"https:\/\/autofans.com.ar\/index.php\/2023\/09\/08\/iveco-group-impulsa-la-produccion-nacional\/"},"wordCount":597,"image":{"@id":"https:\/\/autofans.com.ar\/index.php\/2023\/09\/08\/iveco-group-impulsa-la-produccion-nacional\/#primaryimage"},"thumbnailUrl":"https:\/\/autofans.com.ar\/wp-content\/uploads\/2023\/09\/foto-1-12.jpg","keywords":["#sostenibilidad","camiones","D\u00eda de la Industria","Econom\u00eda Argentina.","Exportaciones","Industria Argentina","Iveco Group","motores","Polo Industrial C\u00f3rdoba","producci\u00f3n nacional"],"articleSection":["EMPRESAS","NOTICIAS"],"inLanguage":"es"},{"@type":"WebPage","@id":"https:\/\/autofans.com.ar\/index.php\/2023\/09\/08\/iveco-group-impulsa-la-produccion-nacional\/","url":"https:\/\/autofans.com.ar\/index.php\/2023\/09\/08\/iveco-group-impulsa-la-produccion-nacional\/","name":"Iveco Group Impulsa la Producci\u00f3n Nacional -","isPartOf":{"@id":"https:\/\/autofans.com.ar\/#website"},"primaryImageOfPage":{"@id":"https:\/\/autofans.com.ar\/index.php\/2023\/09\/08\/iveco-group-impulsa-la-produccion-nacional\/#primaryimage"},"image":{"@id":"https:\/\/autofans.com.ar\/index.php\/2023\/09\/08\/iveco-group-impulsa-la-produccion-nacional\/#primaryimage"},"thumbnailUrl":"https:\/\/autofans.com.ar\/wp-content\/uploads\/2023\/09\/foto-1-12.jpg","datePublished":"2023-09-08T23:23:19+00:00","author":{"@id":"https:\/\/autofans.com.ar\/#\/schema\/person\/4a8dda0b6df83ac3d6723e921274c2aa"},"description":"Iveco Group reafirma su compromiso con la producci\u00f3n nacional en el D\u00eda de la Industria. Fecha, que se celebra el 2 de septiembre en Argentina","breadcrumb":{"@id":"https:\/\/autofans.com.ar\/index.php\/2023\/09\/08\/iveco-group-impulsa-la-produccion-nacional\/#breadcrumb"},"inLanguage":"es","potentialAction":[{"@type":"ReadAction","target":["https:\/\/autofans.com.ar\/index.php\/2023\/09\/08\/iveco-group-impulsa-la-produccion-nacional\/"]}]},{"@type":"ImageObject","inLanguage":"es","@id":"https:\/\/autofans.com.ar\/index.php\/2023\/09\/08\/iveco-group-impulsa-la-produccion-nacional\/#primaryimage","url":"https:\/\/autofans.com.ar\/wp-content\/uploads\/2023\/09\/foto-1-12.jpg","contentUrl":"https:\/\/autofans.com.ar\/wp-content\/uploads\/2023\/09\/foto-1-12.jpg","width":1000,"height":667,"caption":"Iveco Group"},{"@type":"BreadcrumbList","@id":"https:\/\/autofans.com.ar\/index.php\/2023\/09\/08\/iveco-group-impulsa-la-produccion-nacional\/#breadcrumb","itemListElement":[{"@type":"ListItem","position":1,"name":"Inicio","item":"https:\/\/autofans.com.ar\/"},{"@type":"ListItem","position":2,"name":"Iveco Group Impulsa la Producci\u00f3n Nacional"}]},{"@type":"WebSite","@id":"https:\/\/autofans.com.ar\/#website","url":"https:\/\/autofans.com.ar\/","name":"","description":"El multimedio referente de la industria automotriz","potentialAction":[{"@type":"SearchAction","target":{"@type":"EntryPoint","urlTemplate":"https:\/\/autofans.com.ar\/?s={search_term_string}"},"query-input":{"@type":"PropertyValueSpecification","valueRequired":true,"valueName":"search_term_string"}}],"inLanguage":"es"},{"@type":"Person","@id":"https:\/\/autofans.com.ar\/#\/schema\/person\/4a8dda0b6df83ac3d6723e921274c2aa","name":"Alejandro Gabriel Rosito","image":{"@type":"ImageObject","inLanguage":"es","@id":"https:\/\/secure.gravatar.com\/avatar\/16c5dda1489adfc62618084dcbb91cffd879c374b13fe5dd8e44ed6733852c88?s=96&d=mm&r=g","url":"https:\/\/secure.gravatar.com\/avatar\/16c5dda1489adfc62618084dcbb91cffd879c374b13fe5dd8e44ed6733852c88?s=96&d=mm&r=g","contentUrl":"https:\/\/secure.gravatar.com\/avatar\/16c5dda1489adfc62618084dcbb91cffd879c374b13fe5dd8e44ed6733852c88?s=96&d=mm&r=g","caption":"Alejandro Gabriel Rosito"},"url":"https:\/\/autofans.com.ar\/index.php\/author\/gabrielr\/"}]}},"featured_image_urls":{"full":["https:\/\/autofans.com.ar\/wp-content\/uploads\/2023\/09\/foto-1-12.jpg",1000,667,false],"thumbnail":["https:\/\/autofans.com.ar\/wp-content\/uploads\/2023\/09\/foto-1-12-150x150.jpg",150,150,true],"medium":["https:\/\/autofans.com.ar\/wp-content\/uploads\/2023\/09\/foto-1-12-300x200.jpg",300,200,true],"medium_large":["https:\/\/autofans.com.ar\/wp-content\/uploads\/2023\/09\/foto-1-12-768x512.jpg",640,427,true],"large":["https:\/\/autofans.com.ar\/wp-content\/uploads\/2023\/09\/foto-1-12.jpg",640,427,false],"1536x1536":["https:\/\/autofans.com.ar\/wp-content\/uploads\/2023\/09\/foto-1-12.jpg",1000,667,false],"2048x2048":["https:\/\/autofans.com.ar\/wp-content\/uploads\/2023\/09\/foto-1-12.jpg",1000,667,false],"covernews-featured":["https:\/\/autofans.com.ar\/wp-content\/uploads\/2023\/09\/foto-1-12.jpg",1000,667,false],"covernews-medium":["https:\/\/autofans.com.ar\/wp-content\/uploads\/2023\/09\/foto-1-12-540x340.jpg",540,340,true]},"author_info":{"display_name":"Alejandro Gabriel Rosito","author_link":"https:\/\/autofans.com.ar\/index.php\/author\/gabrielr\/"},"category_info":"<a href=\"https:\/\/autofans.com.ar\/index.php\/category\/noticias\/empresas\/\" rel=\"category tag\">EMPRESAS<\/a> <a href=\"https:\/\/autofans.com.ar\/index.php\/category\/noticias\/\" rel=\"category tag\">NOTICIAS<\/a>","tag_info":"NOTICIAS","comment_count":0,"_links":{"self":[{"href":"https:\/\/autofans.com.ar\/index.php\/wp-json\/wp\/v2\/posts\/4944","targetHints":{"allow":["GET"]}}],"collection":[{"href":"https:\/\/autofans.com.ar\/index.php\/wp-json\/wp\/v2\/posts"}],"about":[{"href":"https:\/\/autofans.com.ar\/index.php\/wp-json\/wp\/v2\/types\/post"}],"author":[{"embeddable":true,"href":"https:\/\/autofans.com.ar\/index.php\/wp-json\/wp\/v2\/users\/2"}],"replies":[{"embeddable":true,"href":"https:\/\/autofans.com.ar\/index.php\/wp-json\/wp\/v2\/comments?post=4944"}],"version-history":[{"count":1,"href":"https:\/\/autofans.com.ar\/index.php\/wp-json\/wp\/v2\/posts\/4944\/revisions"}],"predecessor-version":[{"id":4949,"href":"https:\/\/autofans.com.ar\/index.php\/wp-json\/wp\/v2\/posts\/4944\/revisions\/4949"}],"wp:featuredmedia":[{"embeddable":true,"href":"https:\/\/autofans.com.ar\/index.php\/wp-json\/wp\/v2\/media\/4948"}],"wp:attachment":[{"href":"https:\/\/autofans.com.ar\/index.php\/wp-json\/wp\/v2\/media?parent=4944"}],"wp:term":[{"taxonomy":"category","embeddable":true,"href":"https:\/\/autofans.com.ar\/index.php\/wp-json\/wp\/v2\/categories?post=4944"},{"taxonomy":"post_tag","embeddable":true,"href":"https:\/\/autofans.com.ar\/index.php\/wp-json\/wp\/v2\/tags?post=4944"}],"curies":[{"name":"wp","href":"https:\/\/api.w.org\/{rel}","templated":true}]}}