{"id":4951,"date":"2023-09-11T12:51:26","date_gmt":"2023-09-11T15:51:26","guid":{"rendered":"https:\/\/autofans.com.ar\/?p=4951"},"modified":"2023-09-11T12:51:26","modified_gmt":"2023-09-11T15:51:26","slug":"fpt-industrial-presenta-motor-turbo-c16-en-farm-progress-show-2023","status":"publish","type":"post","link":"https:\/\/autofans.com.ar\/index.php\/2023\/09\/11\/fpt-industrial-presenta-motor-turbo-c16-en-farm-progress-show-2023\/","title":{"rendered":"FPT Industrial Presenta Motor Turbo C16 en Farm Progress Show 2023"},"content":{"rendered":"<p>FPT Industrial Impulsa la Agricultura del Futuro con el Motor Turbo C16 Two Stage. La edici\u00f3n 2023 de la Farm Progress Show en Decatur, Illinois, ha sido testigo del emocionante lanzamiento del motor Turbo C16 Two Stage (C16 TST) de FPT Industrial. Este motor representa un hito en la tecnolog\u00eda de motores y est\u00e1 destinado a impulsar el nuevo tractor insignia de Case IH, el Steiger 715, un gigante que promete transformar la agricultura moderna.<\/p>\n<p>&nbsp;<\/p>\n<h2>Farm Progress Show 2023<\/h2>\n<p>FPT Industrial, una empresa l\u00edder en soluciones de propulsi\u00f3n amigables con el medio ambiente, se uni\u00f3 al stand de Case IH en la Farm Progress Show para presentar este logro significativo. La colaboraci\u00f3n entre FPT Industrial y Case IH ha dado como resultado un aumento impresionante del 10% en potencia y m\u00e1s del 6% en par en comparaci\u00f3n con su predecesor, el Steiger 645 propulsado por el C13 TST. Esto se traduce en un rendimiento mejorado, crucial para satisfacer las demandas de los agricultores que emplean accesorios cada vez m\u00e1s grandes y buscan aumentar su productividad.<\/p>\n<p>&nbsp;<\/p>\n<p><img fetchpriority=\"high\" decoding=\"async\" class=\"aligncenter wp-image-4955 size-full\" src=\"https:\/\/autofans.com.ar\/wp-content\/uploads\/2023\/09\/foto-1-13.jpg\" alt=\"FPT Industrial\" width=\"1000\" height=\"667\" srcset=\"https:\/\/autofans.com.ar\/wp-content\/uploads\/2023\/09\/foto-1-13.jpg 1000w, https:\/\/autofans.com.ar\/wp-content\/uploads\/2023\/09\/foto-1-13-300x200.jpg 300w, https:\/\/autofans.com.ar\/wp-content\/uploads\/2023\/09\/foto-1-13-768x512.jpg 768w\" sizes=\"(max-width: 1000px) 100vw, 1000px\" \/><\/p>\n<p>&nbsp;<\/p>\n<p><strong>Especificaciones t\u00e9cnicas clave del C16 Two Stage Turbo de FPT Industrial:<\/strong><\/p>\n<ul>\n<li>Certificaci\u00f3n: Stage V \/ Tier 4 Final<\/li>\n<li>N\u00famero de cilindros \/ v\u00e1lvulas: 6L \/ 4<\/li>\n<li>Sistema de inyecci\u00f3n: Common Rail 2500 bares<\/li>\n<li>Turbocompresor: 2 etapas<\/li>\n<li>Cilindrada [litros]: 15,9<\/li>\n<li>Potencia nominal para el Steiger 715 CV (kW) @ rpm: 715 (526) @ 2100<\/li>\n<li>Potencia m\u00e1xima para el Steiger 715 CV (kW) @ rpm: 778 (572) @ 1900<\/li>\n<li>Par m\u00e1ximo para el Steiger 715 lb-pie (Nm) @ rpm: 2401 (3255) @ 1400<\/li>\n<li>ATS: HI-eSCR<\/li>\n<\/ul>\n<p>&nbsp;<\/p>\n<h2>Motor C16 TST de FPT Industrial<\/h2>\n<p>El nuevo motor C16 TST de 16 litros est\u00e1 dise\u00f1ado espec\u00edficamente para tractores de doble tracci\u00f3n, ofreciendo un dise\u00f1o compacto y una relaci\u00f3n peso\/potencia l\u00edder en el mercado. Adem\u00e1s, su sistema de inyecci\u00f3n Common Rail de 2da generaci\u00f3n opera a 2500 bares, garantizando una eficiencia excepcional y un bajo consumo de combustible.<\/p>\n<p>Uno de los aspectos destacados de este motor es su c\u00e1mara de combusti\u00f3n sin EGR mejorada, que permite una presi\u00f3n m\u00e1xima de hasta 220 bares. Tambi\u00e9n cuenta con un sistema de postratamiento sin DPF que no requiere mantenimiento, lo que contribuye a mantener bajos los costos operativos del tractor.<\/p>\n<p>Este innovador motor C16 TST continuar\u00e1 su gira por Estados Unidos, present\u00e1ndose en el 2023 Husker Harvest Days en Grand Island, Nebraska, del 12 al 14 de septiembre. Los agricultores tendr\u00e1n la oportunidad de experimentar de primera mano c\u00f3mo esta potente tecnolog\u00eda puede mejorar su eficiencia y productividad.<\/p>\n<p>&nbsp;<\/p>\n<p><img decoding=\"async\" class=\"aligncenter wp-image-4953 size-full\" src=\"https:\/\/autofans.com.ar\/wp-content\/uploads\/2023\/09\/foto-3-11.jpg\" alt=\"FPT Industrial\" width=\"1000\" height=\"667\" srcset=\"https:\/\/autofans.com.ar\/wp-content\/uploads\/2023\/09\/foto-3-11.jpg 1000w, https:\/\/autofans.com.ar\/wp-content\/uploads\/2023\/09\/foto-3-11-300x200.jpg 300w, https:\/\/autofans.com.ar\/wp-content\/uploads\/2023\/09\/foto-3-11-768x512.jpg 768w\" sizes=\"(max-width: 1000px) 100vw, 1000px\" \/><\/p>\n<p>&nbsp;<\/p>\n<div dir=\"ltr\" style=\"text-align: left;\">\n<p><strong>Especificaciones t\u00e9cnicas del N67 de FPT Industrial<\/strong><\/p>\n<p>&nbsp;<\/p>\n<ul>\n<li>Certificaci\u00f3n: Stage V \/ Tier 4 Final<\/li>\n<li>N.\u00ba de cilindros \/ v\u00e1lvulas: 6L \/ 4<\/li>\n<li>Sistema de inyecci\u00f3n: Common Rail 1600 bares<\/li>\n<li>Turbocompresor: VGT<\/li>\n<li>Cilindrada [litros]: 6,7<\/li>\n<li>Potencial nominal [kW] @ rpm: 250 @ 2200<\/li>\n<li>Potencia m\u00e1xima (kW): 250<\/li>\n<li>Par m\u00e1ximo [Nm] @ rpm: 1400 @ 1500<\/li>\n<li>Peso en seco [kg]: 530<\/li>\n<li>Dimensiones [L x A x A, mm]: 1062 x 687 x 1049<\/li>\n<li>ATS: HI-eSCR2<\/li>\n<li>Di\u00e1metro x carrera [mm]: 104 x 132<\/li>\n<\/ul>\n<p>&nbsp;<\/p>\n<\/div>\n<p><a href=\"https:\/\/autofans.com.ar\/index.php\/2023\/09\/07\/fpt-industrial-impulsa-la-agricultura-en-expo-rural-salta\/\" target=\"_blank\" rel=\"noopener\">La agricultura del futuro<\/a> est\u00e1 en marcha con el motor C16 TST de FPT Industrial. \u00a1Prep\u00e1rate para una revoluci\u00f3n en el campo!<\/p>\n<p>&nbsp;<\/p>\n<p><i>Para enterarte de m\u00e1s novedades, no dejes de leer\u00a0<\/i><a href=\"https:\/\/autofans.thebrandsoup.com\/\"><i>nuestras notas<\/i><\/a><i>, de ver<\/i><b><i>\u00a0<\/i><\/b><a href=\"https:\/\/www.youtube.com\/channel\/UCgAC8UGHZYbT6P7PpmVnP7g\"><b><i>AUTOFANS TV<\/i><\/b><\/a><b><i>\u00a0<\/i><\/b><i>en nuestro\u00a0canal de Youtube. Adem\u00e1s seguinos en\u00a0<\/i><a href=\"https:\/\/www.instagram.com\/autofanstv\/\"><i>INSTAGRAM<\/i><\/a><i> y <\/i><a href=\"https:\/\/www.facebook.com\/autofansmas\/\"><i>FACEBOOK<\/i><\/a><i> para no perderte nada sobre las novedades del segmento automotor de Argentina y el mundo.<\/i><\/p>\n<p><i><span class=\"Apple-converted-space\">\u00a0<\/span><\/i><\/p>\n","protected":false},"excerpt":{"rendered":"<p>FPT Industrial Impulsa la Agricultura del Futuro con el Motor Turbo C16 Two Stage. La&#8230;<\/p>\n","protected":false},"author":2,"featured_media":4954,"comment_status":"closed","ping_status":"closed","sticky":false,"template":"","format":"standard","meta":{"footnotes":""},"categories":[292,16],"tags":[2491,2489,2488,2490],"class_list":["post-4951","post","type-post","status-publish","format-standard","has-post-thumbnail","hentry","category-empresas","category-noticias","tag-caseih","tag-farmprogressshow","tag-fptindustrial","tag-steiger715"],"yoast_head":"<!-- This site is optimized with the Yoast SEO plugin v27.5 - https:\/\/yoast.com\/product\/yoast-seo-wordpress\/ -->\n<title>FPT Industrial Presenta Motor Turbo C16 en Farm Progress Show 2023 -<\/title>\n<meta name=\"description\" content=\"FPT Industrial Impulsa la Agricultura del Futuro con el Motor Turbo C16 Two Stage. La edici\u00f3n 2023 de la Farm Progress Show en Decatur...\" \/>\n<meta name=\"robots\" content=\"index, follow, max-snippet:-1, max-image-preview:large, max-video-preview:-1\" \/>\n<link rel=\"canonical\" href=\"https:\/\/autofans.com.ar\/index.php\/2023\/09\/11\/fpt-industrial-presenta-motor-turbo-c16-en-farm-progress-show-2023\/\" \/>\n<meta property=\"og:locale\" content=\"es_ES\" \/>\n<meta property=\"og:type\" content=\"article\" \/>\n<meta property=\"og:title\" content=\"FPT Industrial Presenta Motor Turbo C16 en Farm Progress Show 2023 -\" \/>\n<meta property=\"og:description\" content=\"FPT Industrial Impulsa la Agricultura del Futuro con el Motor Turbo C16 Two Stage. La edici\u00f3n 2023 de la Farm Progress Show en Decatur...\" \/>\n<meta property=\"og:url\" content=\"https:\/\/autofans.com.ar\/index.php\/2023\/09\/11\/fpt-industrial-presenta-motor-turbo-c16-en-farm-progress-show-2023\/\" \/>\n<meta property=\"article:published_time\" content=\"2023-09-11T15:51:26+00:00\" \/>\n<meta property=\"og:image\" content=\"https:\/\/autofans.com.ar\/wp-content\/uploads\/2023\/09\/foto-2-13.jpg\" \/>\n\t<meta property=\"og:image:width\" content=\"1000\" \/>\n\t<meta property=\"og:image:height\" content=\"667\" \/>\n\t<meta property=\"og:image:type\" content=\"image\/jpeg\" \/>\n<meta name=\"author\" content=\"Alejandro Gabriel Rosito\" \/>\n<meta name=\"twitter:card\" content=\"summary_large_image\" \/>\n<meta name=\"twitter:label1\" content=\"Escrito por\" \/>\n\t<meta name=\"twitter:data1\" content=\"Alejandro Gabriel Rosito\" \/>\n\t<meta name=\"twitter:label2\" content=\"Tiempo de lectura\" \/>\n\t<meta name=\"twitter:data2\" content=\"3 minutos\" \/>\n<script type=\"application\/ld+json\" class=\"yoast-schema-graph\">{\"@context\":\"https:\\\/\\\/schema.org\",\"@graph\":[{\"@type\":\"Article\",\"@id\":\"https:\\\/\\\/autofans.com.ar\\\/index.php\\\/2023\\\/09\\\/11\\\/fpt-industrial-presenta-motor-turbo-c16-en-farm-progress-show-2023\\\/#article\",\"isPartOf\":{\"@id\":\"https:\\\/\\\/autofans.com.ar\\\/index.php\\\/2023\\\/09\\\/11\\\/fpt-industrial-presenta-motor-turbo-c16-en-farm-progress-show-2023\\\/\"},\"author\":{\"name\":\"Alejandro Gabriel Rosito\",\"@id\":\"https:\\\/\\\/autofans.com.ar\\\/#\\\/schema\\\/person\\\/4a8dda0b6df83ac3d6723e921274c2aa\"},\"headline\":\"FPT Industrial Presenta Motor Turbo C16 en Farm Progress Show 2023\",\"datePublished\":\"2023-09-11T15:51:26+00:00\",\"mainEntityOfPage\":{\"@id\":\"https:\\\/\\\/autofans.com.ar\\\/index.php\\\/2023\\\/09\\\/11\\\/fpt-industrial-presenta-motor-turbo-c16-en-farm-progress-show-2023\\\/\"},\"wordCount\":560,\"image\":{\"@id\":\"https:\\\/\\\/autofans.com.ar\\\/index.php\\\/2023\\\/09\\\/11\\\/fpt-industrial-presenta-motor-turbo-c16-en-farm-progress-show-2023\\\/#primaryimage\"},\"thumbnailUrl\":\"https:\\\/\\\/autofans.com.ar\\\/wp-content\\\/uploads\\\/2023\\\/09\\\/foto-2-13.jpg\",\"keywords\":[\"CaseIH\",\"FarmProgressShow\",\"FPTIndustrial\",\"Steiger715\"],\"articleSection\":[\"EMPRESAS\",\"NOTICIAS\"],\"inLanguage\":\"es\"},{\"@type\":\"WebPage\",\"@id\":\"https:\\\/\\\/autofans.com.ar\\\/index.php\\\/2023\\\/09\\\/11\\\/fpt-industrial-presenta-motor-turbo-c16-en-farm-progress-show-2023\\\/\",\"url\":\"https:\\\/\\\/autofans.com.ar\\\/index.php\\\/2023\\\/09\\\/11\\\/fpt-industrial-presenta-motor-turbo-c16-en-farm-progress-show-2023\\\/\",\"name\":\"FPT Industrial Presenta Motor Turbo C16 en Farm Progress Show 2023 -\",\"isPartOf\":{\"@id\":\"https:\\\/\\\/autofans.com.ar\\\/#website\"},\"primaryImageOfPage\":{\"@id\":\"https:\\\/\\\/autofans.com.ar\\\/index.php\\\/2023\\\/09\\\/11\\\/fpt-industrial-presenta-motor-turbo-c16-en-farm-progress-show-2023\\\/#primaryimage\"},\"image\":{\"@id\":\"https:\\\/\\\/autofans.com.ar\\\/index.php\\\/2023\\\/09\\\/11\\\/fpt-industrial-presenta-motor-turbo-c16-en-farm-progress-show-2023\\\/#primaryimage\"},\"thumbnailUrl\":\"https:\\\/\\\/autofans.com.ar\\\/wp-content\\\/uploads\\\/2023\\\/09\\\/foto-2-13.jpg\",\"datePublished\":\"2023-09-11T15:51:26+00:00\",\"author\":{\"@id\":\"https:\\\/\\\/autofans.com.ar\\\/#\\\/schema\\\/person\\\/4a8dda0b6df83ac3d6723e921274c2aa\"},\"description\":\"FPT Industrial Impulsa la Agricultura del Futuro con el Motor Turbo C16 Two Stage. La edici\u00f3n 2023 de la Farm Progress Show en Decatur...\",\"breadcrumb\":{\"@id\":\"https:\\\/\\\/autofans.com.ar\\\/index.php\\\/2023\\\/09\\\/11\\\/fpt-industrial-presenta-motor-turbo-c16-en-farm-progress-show-2023\\\/#breadcrumb\"},\"inLanguage\":\"es\",\"potentialAction\":[{\"@type\":\"ReadAction\",\"target\":[\"https:\\\/\\\/autofans.com.ar\\\/index.php\\\/2023\\\/09\\\/11\\\/fpt-industrial-presenta-motor-turbo-c16-en-farm-progress-show-2023\\\/\"]}]},{\"@type\":\"ImageObject\",\"inLanguage\":\"es\",\"@id\":\"https:\\\/\\\/autofans.com.ar\\\/index.php\\\/2023\\\/09\\\/11\\\/fpt-industrial-presenta-motor-turbo-c16-en-farm-progress-show-2023\\\/#primaryimage\",\"url\":\"https:\\\/\\\/autofans.com.ar\\\/wp-content\\\/uploads\\\/2023\\\/09\\\/foto-2-13.jpg\",\"contentUrl\":\"https:\\\/\\\/autofans.com.ar\\\/wp-content\\\/uploads\\\/2023\\\/09\\\/foto-2-13.jpg\",\"width\":1000,\"height\":667,\"caption\":\"FPT Industrial\"},{\"@type\":\"BreadcrumbList\",\"@id\":\"https:\\\/\\\/autofans.com.ar\\\/index.php\\\/2023\\\/09\\\/11\\\/fpt-industrial-presenta-motor-turbo-c16-en-farm-progress-show-2023\\\/#breadcrumb\",\"itemListElement\":[{\"@type\":\"ListItem\",\"position\":1,\"name\":\"Inicio\",\"item\":\"https:\\\/\\\/autofans.com.ar\\\/\"},{\"@type\":\"ListItem\",\"position\":2,\"name\":\"FPT Industrial Presenta Motor Turbo C16 en Farm Progress Show 2023\"}]},{\"@type\":\"WebSite\",\"@id\":\"https:\\\/\\\/autofans.com.ar\\\/#website\",\"url\":\"https:\\\/\\\/autofans.com.ar\\\/\",\"name\":\"\",\"description\":\"El multimedio referente de la industria automotriz\",\"potentialAction\":[{\"@type\":\"SearchAction\",\"target\":{\"@type\":\"EntryPoint\",\"urlTemplate\":\"https:\\\/\\\/autofans.com.ar\\\/?s={search_term_string}\"},\"query-input\":{\"@type\":\"PropertyValueSpecification\",\"valueRequired\":true,\"valueName\":\"search_term_string\"}}],\"inLanguage\":\"es\"},{\"@type\":\"Person\",\"@id\":\"https:\\\/\\\/autofans.com.ar\\\/#\\\/schema\\\/person\\\/4a8dda0b6df83ac3d6723e921274c2aa\",\"name\":\"Alejandro Gabriel Rosito\",\"image\":{\"@type\":\"ImageObject\",\"inLanguage\":\"es\",\"@id\":\"https:\\\/\\\/secure.gravatar.com\\\/avatar\\\/16c5dda1489adfc62618084dcbb91cffd879c374b13fe5dd8e44ed6733852c88?s=96&d=mm&r=g\",\"url\":\"https:\\\/\\\/secure.gravatar.com\\\/avatar\\\/16c5dda1489adfc62618084dcbb91cffd879c374b13fe5dd8e44ed6733852c88?s=96&d=mm&r=g\",\"contentUrl\":\"https:\\\/\\\/secure.gravatar.com\\\/avatar\\\/16c5dda1489adfc62618084dcbb91cffd879c374b13fe5dd8e44ed6733852c88?s=96&d=mm&r=g\",\"caption\":\"Alejandro Gabriel Rosito\"},\"url\":\"https:\\\/\\\/autofans.com.ar\\\/index.php\\\/author\\\/gabrielr\\\/\"}]}<\/script>\n<!-- \/ Yoast SEO plugin. -->","yoast_head_json":{"title":"FPT Industrial Presenta Motor Turbo C16 en Farm Progress Show 2023 -","description":"FPT Industrial Impulsa la Agricultura del Futuro con el Motor Turbo C16 Two Stage. La edici\u00f3n 2023 de la Farm Progress Show en Decatur...","robots":{"index":"index","follow":"follow","max-snippet":"max-snippet:-1","max-image-preview":"max-image-preview:large","max-video-preview":"max-video-preview:-1"},"canonical":"https:\/\/autofans.com.ar\/index.php\/2023\/09\/11\/fpt-industrial-presenta-motor-turbo-c16-en-farm-progress-show-2023\/","og_locale":"es_ES","og_type":"article","og_title":"FPT Industrial Presenta Motor Turbo C16 en Farm Progress Show 2023 -","og_description":"FPT Industrial Impulsa la Agricultura del Futuro con el Motor Turbo C16 Two Stage. La edici\u00f3n 2023 de la Farm Progress Show en Decatur...","og_url":"https:\/\/autofans.com.ar\/index.php\/2023\/09\/11\/fpt-industrial-presenta-motor-turbo-c16-en-farm-progress-show-2023\/","article_published_time":"2023-09-11T15:51:26+00:00","og_image":[{"width":1000,"height":667,"url":"https:\/\/autofans.com.ar\/wp-content\/uploads\/2023\/09\/foto-2-13.jpg","type":"image\/jpeg"}],"author":"Alejandro Gabriel Rosito","twitter_card":"summary_large_image","twitter_misc":{"Escrito por":"Alejandro Gabriel Rosito","Tiempo de lectura":"3 minutos"},"schema":{"@context":"https:\/\/schema.org","@graph":[{"@type":"Article","@id":"https:\/\/autofans.com.ar\/index.php\/2023\/09\/11\/fpt-industrial-presenta-motor-turbo-c16-en-farm-progress-show-2023\/#article","isPartOf":{"@id":"https:\/\/autofans.com.ar\/index.php\/2023\/09\/11\/fpt-industrial-presenta-motor-turbo-c16-en-farm-progress-show-2023\/"},"author":{"name":"Alejandro Gabriel Rosito","@id":"https:\/\/autofans.com.ar\/#\/schema\/person\/4a8dda0b6df83ac3d6723e921274c2aa"},"headline":"FPT Industrial Presenta Motor Turbo C16 en Farm Progress Show 2023","datePublished":"2023-09-11T15:51:26+00:00","mainEntityOfPage":{"@id":"https:\/\/autofans.com.ar\/index.php\/2023\/09\/11\/fpt-industrial-presenta-motor-turbo-c16-en-farm-progress-show-2023\/"},"wordCount":560,"image":{"@id":"https:\/\/autofans.com.ar\/index.php\/2023\/09\/11\/fpt-industrial-presenta-motor-turbo-c16-en-farm-progress-show-2023\/#primaryimage"},"thumbnailUrl":"https:\/\/autofans.com.ar\/wp-content\/uploads\/2023\/09\/foto-2-13.jpg","keywords":["CaseIH","FarmProgressShow","FPTIndustrial","Steiger715"],"articleSection":["EMPRESAS","NOTICIAS"],"inLanguage":"es"},{"@type":"WebPage","@id":"https:\/\/autofans.com.ar\/index.php\/2023\/09\/11\/fpt-industrial-presenta-motor-turbo-c16-en-farm-progress-show-2023\/","url":"https:\/\/autofans.com.ar\/index.php\/2023\/09\/11\/fpt-industrial-presenta-motor-turbo-c16-en-farm-progress-show-2023\/","name":"FPT Industrial Presenta Motor Turbo C16 en Farm Progress Show 2023 -","isPartOf":{"@id":"https:\/\/autofans.com.ar\/#website"},"primaryImageOfPage":{"@id":"https:\/\/autofans.com.ar\/index.php\/2023\/09\/11\/fpt-industrial-presenta-motor-turbo-c16-en-farm-progress-show-2023\/#primaryimage"},"image":{"@id":"https:\/\/autofans.com.ar\/index.php\/2023\/09\/11\/fpt-industrial-presenta-motor-turbo-c16-en-farm-progress-show-2023\/#primaryimage"},"thumbnailUrl":"https:\/\/autofans.com.ar\/wp-content\/uploads\/2023\/09\/foto-2-13.jpg","datePublished":"2023-09-11T15:51:26+00:00","author":{"@id":"https:\/\/autofans.com.ar\/#\/schema\/person\/4a8dda0b6df83ac3d6723e921274c2aa"},"description":"FPT Industrial Impulsa la Agricultura del Futuro con el Motor Turbo C16 Two Stage. La edici\u00f3n 2023 de la Farm Progress Show en Decatur...","breadcrumb":{"@id":"https:\/\/autofans.com.ar\/index.php\/2023\/09\/11\/fpt-industrial-presenta-motor-turbo-c16-en-farm-progress-show-2023\/#breadcrumb"},"inLanguage":"es","potentialAction":[{"@type":"ReadAction","target":["https:\/\/autofans.com.ar\/index.php\/2023\/09\/11\/fpt-industrial-presenta-motor-turbo-c16-en-farm-progress-show-2023\/"]}]},{"@type":"ImageObject","inLanguage":"es","@id":"https:\/\/autofans.com.ar\/index.php\/2023\/09\/11\/fpt-industrial-presenta-motor-turbo-c16-en-farm-progress-show-2023\/#primaryimage","url":"https:\/\/autofans.com.ar\/wp-content\/uploads\/2023\/09\/foto-2-13.jpg","contentUrl":"https:\/\/autofans.com.ar\/wp-content\/uploads\/2023\/09\/foto-2-13.jpg","width":1000,"height":667,"caption":"FPT Industrial"},{"@type":"BreadcrumbList","@id":"https:\/\/autofans.com.ar\/index.php\/2023\/09\/11\/fpt-industrial-presenta-motor-turbo-c16-en-farm-progress-show-2023\/#breadcrumb","itemListElement":[{"@type":"ListItem","position":1,"name":"Inicio","item":"https:\/\/autofans.com.ar\/"},{"@type":"ListItem","position":2,"name":"FPT Industrial Presenta Motor Turbo C16 en Farm Progress Show 2023"}]},{"@type":"WebSite","@id":"https:\/\/autofans.com.ar\/#website","url":"https:\/\/autofans.com.ar\/","name":"","description":"El multimedio referente de la industria automotriz","potentialAction":[{"@type":"SearchAction","target":{"@type":"EntryPoint","urlTemplate":"https:\/\/autofans.com.ar\/?s={search_term_string}"},"query-input":{"@type":"PropertyValueSpecification","valueRequired":true,"valueName":"search_term_string"}}],"inLanguage":"es"},{"@type":"Person","@id":"https:\/\/autofans.com.ar\/#\/schema\/person\/4a8dda0b6df83ac3d6723e921274c2aa","name":"Alejandro Gabriel Rosito","image":{"@type":"ImageObject","inLanguage":"es","@id":"https:\/\/secure.gravatar.com\/avatar\/16c5dda1489adfc62618084dcbb91cffd879c374b13fe5dd8e44ed6733852c88?s=96&d=mm&r=g","url":"https:\/\/secure.gravatar.com\/avatar\/16c5dda1489adfc62618084dcbb91cffd879c374b13fe5dd8e44ed6733852c88?s=96&d=mm&r=g","contentUrl":"https:\/\/secure.gravatar.com\/avatar\/16c5dda1489adfc62618084dcbb91cffd879c374b13fe5dd8e44ed6733852c88?s=96&d=mm&r=g","caption":"Alejandro Gabriel Rosito"},"url":"https:\/\/autofans.com.ar\/index.php\/author\/gabrielr\/"}]}},"featured_image_urls":{"full":["https:\/\/autofans.com.ar\/wp-content\/uploads\/2023\/09\/foto-2-13.jpg",1000,667,false],"thumbnail":["https:\/\/autofans.com.ar\/wp-content\/uploads\/2023\/09\/foto-2-13-150x150.jpg",150,150,true],"medium":["https:\/\/autofans.com.ar\/wp-content\/uploads\/2023\/09\/foto-2-13-300x200.jpg",300,200,true],"medium_large":["https:\/\/autofans.com.ar\/wp-content\/uploads\/2023\/09\/foto-2-13-768x512.jpg",640,427,true],"large":["https:\/\/autofans.com.ar\/wp-content\/uploads\/2023\/09\/foto-2-13.jpg",640,427,false],"1536x1536":["https:\/\/autofans.com.ar\/wp-content\/uploads\/2023\/09\/foto-2-13.jpg",1000,667,false],"2048x2048":["https:\/\/autofans.com.ar\/wp-content\/uploads\/2023\/09\/foto-2-13.jpg",1000,667,false],"covernews-featured":["https:\/\/autofans.com.ar\/wp-content\/uploads\/2023\/09\/foto-2-13.jpg",1000,667,false],"covernews-medium":["https:\/\/autofans.com.ar\/wp-content\/uploads\/2023\/09\/foto-2-13-540x340.jpg",540,340,true]},"author_info":{"display_name":"Alejandro Gabriel Rosito","author_link":"https:\/\/autofans.com.ar\/index.php\/author\/gabrielr\/"},"category_info":"<a href=\"https:\/\/autofans.com.ar\/index.php\/category\/noticias\/empresas\/\" rel=\"category tag\">EMPRESAS<\/a> <a href=\"https:\/\/autofans.com.ar\/index.php\/category\/noticias\/\" rel=\"category tag\">NOTICIAS<\/a>","tag_info":"NOTICIAS","comment_count":0,"_links":{"self":[{"href":"https:\/\/autofans.com.ar\/index.php\/wp-json\/wp\/v2\/posts\/4951","targetHints":{"allow":["GET"]}}],"collection":[{"href":"https:\/\/autofans.com.ar\/index.php\/wp-json\/wp\/v2\/posts"}],"about":[{"href":"https:\/\/autofans.com.ar\/index.php\/wp-json\/wp\/v2\/types\/post"}],"author":[{"embeddable":true,"href":"https:\/\/autofans.com.ar\/index.php\/wp-json\/wp\/v2\/users\/2"}],"replies":[{"embeddable":true,"href":"https:\/\/autofans.com.ar\/index.php\/wp-json\/wp\/v2\/comments?post=4951"}],"version-history":[{"count":3,"href":"https:\/\/autofans.com.ar\/index.php\/wp-json\/wp\/v2\/posts\/4951\/revisions"}],"predecessor-version":[{"id":4958,"href":"https:\/\/autofans.com.ar\/index.php\/wp-json\/wp\/v2\/posts\/4951\/revisions\/4958"}],"wp:featuredmedia":[{"embeddable":true,"href":"https:\/\/autofans.com.ar\/index.php\/wp-json\/wp\/v2\/media\/4954"}],"wp:attachment":[{"href":"https:\/\/autofans.com.ar\/index.php\/wp-json\/wp\/v2\/media?parent=4951"}],"wp:term":[{"taxonomy":"category","embeddable":true,"href":"https:\/\/autofans.com.ar\/index.php\/wp-json\/wp\/v2\/categories?post=4951"},{"taxonomy":"post_tag","embeddable":true,"href":"https:\/\/autofans.com.ar\/index.php\/wp-json\/wp\/v2\/tags?post=4951"}],"curies":[{"name":"wp","href":"https:\/\/api.w.org\/{rel}","templated":true}]}}