{"id":4959,"date":"2023-09-11T19:15:37","date_gmt":"2023-09-11T22:15:37","guid":{"rendered":"https:\/\/autofans.com.ar\/?p=4959"},"modified":"2023-09-11T19:15:37","modified_gmt":"2023-09-11T22:15:37","slug":"mini-electrifica-el-futuro-del-automovil-en-el-iaa-de-munich","status":"publish","type":"post","link":"https:\/\/autofans.com.ar\/index.php\/2023\/09\/11\/mini-electrifica-el-futuro-del-automovil-en-el-iaa-de-munich\/","title":{"rendered":"MINI Electrifica el Futuro del Autom\u00f3vil en el IAA de M\u00fanich"},"content":{"rendered":"<p>MINI se encuentra en el epicentro de una revoluci\u00f3n automotriz, y su \u00faltima declaraci\u00f3n de intenciones es la presentaci\u00f3n de dos miembros de la nueva familia MINI en el Sal\u00f3n Internacional del Autom\u00f3vil <a href=\"https:\/\/autofans.com.ar\/index.php\/2023\/09\/04\/bmw-presenta-el-bmw-vision-neue-klasse-en-el-iaa-mobility-2023\/\" target=\"_blank\" rel=\"noopener\">(IAA) de M\u00fanich<\/a>, que se celebrar\u00e1 del 5 al 10 de septiembre de 2023. Estos dos modelos, el MINI Cooper totalmente el\u00e9ctrico y el nuevo MINI Countryman, encarnan la visi\u00f3n de la marca de un futuro electrificado y emocionante.<\/p>\n<p>&nbsp;<\/p>\n<h2>MINI Countryman<\/h2>\n<p>El MINI Cooper totalmente el\u00e9ctrico, que llega en su quinta generaci\u00f3n, es la personificaci\u00f3n del esp\u00edritu MINI: dise\u00f1o distintivo, agilidad en la conducci\u00f3n y orientado hacia la vida urbana. Mientras tanto, el nuevo MINI Countryman ha crecido en tama\u00f1o y ofrece m\u00e1s espacio, comodidad y seguridad, incluyendo tracci\u00f3n integral, lo que lo convierte en un aventurero vers\u00e1til tanto dentro como fuera de la ciudad.<\/p>\n<p>&nbsp;<\/p>\n<p><img fetchpriority=\"high\" decoding=\"async\" class=\"aligncenter wp-image-4961 size-full\" src=\"https:\/\/autofans.com.ar\/wp-content\/uploads\/2023\/09\/foto-2-14.jpg\" alt=\"MINI\" width=\"1000\" height=\"667\" srcset=\"https:\/\/autofans.com.ar\/wp-content\/uploads\/2023\/09\/foto-2-14.jpg 1000w, https:\/\/autofans.com.ar\/wp-content\/uploads\/2023\/09\/foto-2-14-300x200.jpg 300w, https:\/\/autofans.com.ar\/wp-content\/uploads\/2023\/09\/foto-2-14-768x512.jpg 768w\" sizes=\"(max-width: 1000px) 100vw, 1000px\" \/><\/p>\n<p>&nbsp;<\/p>\n<p>Ambos modelos est\u00e1n impulsados por trenes de potencia el\u00e9ctricos, lo que garantiza una conducci\u00f3n sin emisiones y una experiencia de usuario inmersiva. Adem\u00e1s, se prepara para el lanzamiento del MINI Aceman, un crossover del segmento de veh\u00edculos Premium peque\u00f1os, en abril de 2024.<\/p>\n<blockquote>\n<p style=\"text-align: center;\">\u201cLa continua demanda de nuestros veh\u00edculos libres de emisiones confirma nuestro camino hacia un futuro completamente el\u00e9ctrico. Demuestra la apertura de nuestra comunidad MINI global a la movilidad el\u00e9ctrica, y conf\u00edo en que la nueva generaci\u00f3n de modelos MINI inspirar\u00e1 a\u00fan a m\u00e1s personas. Gracias a nuestro \u201cgo-kart feeling\u201d electrificado, una experiencia de usuario inmersiva y una actitud responsable, la nueva familia MINI est\u00e1 hecha a medida para grupos objetivo urbanos de todo el mundo\u201d, explica Stefanie Wurst, directora de la marca MINI.<\/p>\n<\/blockquote>\n<h2>Sostenibilidad y Tecnolog\u00eda<\/h2>\n<p>El dise\u00f1o de estos nuevos modelos se basa en la filosof\u00eda de \u00abCharismatic Simplicity\u00bb. Mantienen las proporciones ic\u00f3nicas de MINI, como los voladizos cortos y las ruedas grandes, pero tambi\u00e9n incorporan elementos modernos y elegantes. Los faros LED y los faros traseros LED Matrix a\u00f1aden un toque de sofisticaci\u00f3n al dise\u00f1o exterior.<\/p>\n<p>&nbsp;<\/p>\n<p><img decoding=\"async\" class=\"aligncenter wp-image-4962 size-full\" src=\"https:\/\/autofans.com.ar\/wp-content\/uploads\/2023\/09\/foto-1-14.jpg\" alt=\"MINI\" width=\"1000\" height=\"667\" srcset=\"https:\/\/autofans.com.ar\/wp-content\/uploads\/2023\/09\/foto-1-14.jpg 1000w, https:\/\/autofans.com.ar\/wp-content\/uploads\/2023\/09\/foto-1-14-300x200.jpg 300w, https:\/\/autofans.com.ar\/wp-content\/uploads\/2023\/09\/foto-1-14-768x512.jpg 768w\" sizes=\"(max-width: 1000px) 100vw, 1000px\" \/><\/p>\n<p>&nbsp;<\/p>\n<p>El MINI Cooper de 3 Puertas totalmente el\u00e9ctrico estar\u00e1 disponible en diferentes variantes, incluyendo el Cooper E y el Cooper SE, cada uno con su propio car\u00e1cter distintivo y rendimiento. El motor el\u00e9ctrico ofrece una potencia impresionante y un rango que satisface las necesidades urbanas.<\/p>\n<p>El interior de estos modelos presenta un enfoque minimalista pero tecnol\u00f3gicamente avanzado. La pantalla OLED central, conocida como la Unidad de Interacci\u00f3n, ofrece un alto grado de personalizaci\u00f3n y control intuitivo por voz.<\/p>\n<p>La sostenibilidad tambi\u00e9n es una prioridad para la marca, con asientos y materiales interiores hechos de materiales reciclados y opciones de personalizaci\u00f3n que permiten a los propietarios reflejar su propio estilo.<\/p>\n<p>&nbsp;<\/p>\n<p>&nbsp;<\/p>\n<p><i>Para enterarte de m\u00e1s novedades, no dejes de leer\u00a0<\/i><a href=\"https:\/\/autofans.thebrandsoup.com\/\"><i>nuestras notas<\/i><\/a><i>, de ver<\/i><b><i>\u00a0<\/i><\/b><a href=\"https:\/\/www.youtube.com\/channel\/UCgAC8UGHZYbT6P7PpmVnP7g\"><b><i>AUTOFANS TV<\/i><\/b><\/a><b><i>\u00a0<\/i><\/b><i>en nuestro\u00a0canal de Youtube. Adem\u00e1s seguinos en\u00a0<\/i><a href=\"https:\/\/www.instagram.com\/autofanstv\/\"><i>INSTAGRAM<\/i><\/a><i> y <\/i><a href=\"https:\/\/www.facebook.com\/autofansmas\/\"><i>FACEBOOK<\/i><\/a><i> para no perderte nada sobre las novedades del segmento automotor de Argentina y el mundo.<\/i><\/p>\n<p><i><span class=\"Apple-converted-space\">\u00a0<\/span><\/i><\/p>\n","protected":false},"excerpt":{"rendered":"<p>MINI se encuentra en el epicentro de una revoluci\u00f3n automotriz, y su \u00faltima declaraci\u00f3n de&#8230;<\/p>\n","protected":false},"author":2,"featured_media":4960,"comment_status":"closed","ping_status":"closed","sticky":false,"template":"","format":"standard","meta":{"footnotes":""},"categories":[3,16],"tags":[2150,2492,2494,2493,430,2230,379],"class_list":["post-4959","post","type-post","status-publish","format-standard","has-post-thumbnail","hentry","category-autos","category-noticias","tag-coches-electricos","tag-cooper-totalmente-electrico","tag-diseno-mini","tag-iaa-munich-2023","tag-mini","tag-mini-countryman","tag-movilidad-electrica"],"yoast_head":"<!-- This site is optimized with the Yoast SEO plugin v27.5 - https:\/\/yoast.com\/product\/yoast-seo-wordpress\/ -->\n<title>MINI Electrifica el Futuro del Autom\u00f3vil en el IAA de M\u00fanich -<\/title>\n<meta name=\"description\" content=\"MINI se encuentra en el epicentro de una revoluci\u00f3n automotriz, presentando dos miembros de la nueva familia MINI en el (IAA) de M\u00fanich...\" \/>\n<meta name=\"robots\" content=\"index, follow, max-snippet:-1, max-image-preview:large, max-video-preview:-1\" \/>\n<link rel=\"canonical\" href=\"https:\/\/autofans.com.ar\/index.php\/2023\/09\/11\/mini-electrifica-el-futuro-del-automovil-en-el-iaa-de-munich\/\" \/>\n<meta property=\"og:locale\" content=\"es_ES\" \/>\n<meta property=\"og:type\" content=\"article\" \/>\n<meta property=\"og:title\" content=\"MINI Electrifica el Futuro del Autom\u00f3vil en el IAA de M\u00fanich -\" \/>\n<meta property=\"og:description\" content=\"MINI se encuentra en el epicentro de una revoluci\u00f3n automotriz, presentando dos miembros de la nueva familia MINI en el (IAA) de M\u00fanich...\" \/>\n<meta property=\"og:url\" content=\"https:\/\/autofans.com.ar\/index.php\/2023\/09\/11\/mini-electrifica-el-futuro-del-automovil-en-el-iaa-de-munich\/\" \/>\n<meta property=\"article:published_time\" content=\"2023-09-11T22:15:37+00:00\" \/>\n<meta property=\"og:image\" content=\"https:\/\/autofans.com.ar\/wp-content\/uploads\/2023\/09\/foto-3-12.jpg\" \/>\n\t<meta property=\"og:image:width\" content=\"1000\" \/>\n\t<meta property=\"og:image:height\" content=\"667\" \/>\n\t<meta property=\"og:image:type\" content=\"image\/jpeg\" \/>\n<meta name=\"author\" content=\"Alejandro Gabriel Rosito\" \/>\n<meta name=\"twitter:card\" content=\"summary_large_image\" \/>\n<meta name=\"twitter:label1\" content=\"Escrito por\" \/>\n\t<meta name=\"twitter:data1\" content=\"Alejandro Gabriel Rosito\" \/>\n\t<meta name=\"twitter:label2\" content=\"Tiempo de lectura\" \/>\n\t<meta name=\"twitter:data2\" content=\"3 minutos\" \/>\n<script type=\"application\/ld+json\" class=\"yoast-schema-graph\">{\"@context\":\"https:\\\/\\\/schema.org\",\"@graph\":[{\"@type\":\"Article\",\"@id\":\"https:\\\/\\\/autofans.com.ar\\\/index.php\\\/2023\\\/09\\\/11\\\/mini-electrifica-el-futuro-del-automovil-en-el-iaa-de-munich\\\/#article\",\"isPartOf\":{\"@id\":\"https:\\\/\\\/autofans.com.ar\\\/index.php\\\/2023\\\/09\\\/11\\\/mini-electrifica-el-futuro-del-automovil-en-el-iaa-de-munich\\\/\"},\"author\":{\"name\":\"Alejandro Gabriel Rosito\",\"@id\":\"https:\\\/\\\/autofans.com.ar\\\/#\\\/schema\\\/person\\\/4a8dda0b6df83ac3d6723e921274c2aa\"},\"headline\":\"MINI Electrifica el Futuro del Autom\u00f3vil en el IAA de M\u00fanich\",\"datePublished\":\"2023-09-11T22:15:37+00:00\",\"mainEntityOfPage\":{\"@id\":\"https:\\\/\\\/autofans.com.ar\\\/index.php\\\/2023\\\/09\\\/11\\\/mini-electrifica-el-futuro-del-automovil-en-el-iaa-de-munich\\\/\"},\"wordCount\":533,\"image\":{\"@id\":\"https:\\\/\\\/autofans.com.ar\\\/index.php\\\/2023\\\/09\\\/11\\\/mini-electrifica-el-futuro-del-automovil-en-el-iaa-de-munich\\\/#primaryimage\"},\"thumbnailUrl\":\"https:\\\/\\\/autofans.com.ar\\\/wp-content\\\/uploads\\\/2023\\\/09\\\/foto-3-12.jpg\",\"keywords\":[\"coches el\u00e9ctricos\",\"Cooper totalmente el\u00e9ctrico\",\"dise\u00f1o MINI\",\"IAA M\u00fanich 2023\",\"MINI\",\"MINI Countryman\",\"movilidad el\u00e9ctrica\"],\"articleSection\":[\"AUTOS y SUV\",\"NOTICIAS\"],\"inLanguage\":\"es\"},{\"@type\":\"WebPage\",\"@id\":\"https:\\\/\\\/autofans.com.ar\\\/index.php\\\/2023\\\/09\\\/11\\\/mini-electrifica-el-futuro-del-automovil-en-el-iaa-de-munich\\\/\",\"url\":\"https:\\\/\\\/autofans.com.ar\\\/index.php\\\/2023\\\/09\\\/11\\\/mini-electrifica-el-futuro-del-automovil-en-el-iaa-de-munich\\\/\",\"name\":\"MINI Electrifica el Futuro del Autom\u00f3vil en el IAA de M\u00fanich -\",\"isPartOf\":{\"@id\":\"https:\\\/\\\/autofans.com.ar\\\/#website\"},\"primaryImageOfPage\":{\"@id\":\"https:\\\/\\\/autofans.com.ar\\\/index.php\\\/2023\\\/09\\\/11\\\/mini-electrifica-el-futuro-del-automovil-en-el-iaa-de-munich\\\/#primaryimage\"},\"image\":{\"@id\":\"https:\\\/\\\/autofans.com.ar\\\/index.php\\\/2023\\\/09\\\/11\\\/mini-electrifica-el-futuro-del-automovil-en-el-iaa-de-munich\\\/#primaryimage\"},\"thumbnailUrl\":\"https:\\\/\\\/autofans.com.ar\\\/wp-content\\\/uploads\\\/2023\\\/09\\\/foto-3-12.jpg\",\"datePublished\":\"2023-09-11T22:15:37+00:00\",\"author\":{\"@id\":\"https:\\\/\\\/autofans.com.ar\\\/#\\\/schema\\\/person\\\/4a8dda0b6df83ac3d6723e921274c2aa\"},\"description\":\"MINI se encuentra en el epicentro de una revoluci\u00f3n automotriz, presentando dos miembros de la nueva familia MINI en el (IAA) de M\u00fanich...\",\"breadcrumb\":{\"@id\":\"https:\\\/\\\/autofans.com.ar\\\/index.php\\\/2023\\\/09\\\/11\\\/mini-electrifica-el-futuro-del-automovil-en-el-iaa-de-munich\\\/#breadcrumb\"},\"inLanguage\":\"es\",\"potentialAction\":[{\"@type\":\"ReadAction\",\"target\":[\"https:\\\/\\\/autofans.com.ar\\\/index.php\\\/2023\\\/09\\\/11\\\/mini-electrifica-el-futuro-del-automovil-en-el-iaa-de-munich\\\/\"]}]},{\"@type\":\"ImageObject\",\"inLanguage\":\"es\",\"@id\":\"https:\\\/\\\/autofans.com.ar\\\/index.php\\\/2023\\\/09\\\/11\\\/mini-electrifica-el-futuro-del-automovil-en-el-iaa-de-munich\\\/#primaryimage\",\"url\":\"https:\\\/\\\/autofans.com.ar\\\/wp-content\\\/uploads\\\/2023\\\/09\\\/foto-3-12.jpg\",\"contentUrl\":\"https:\\\/\\\/autofans.com.ar\\\/wp-content\\\/uploads\\\/2023\\\/09\\\/foto-3-12.jpg\",\"width\":1000,\"height\":667,\"caption\":\"MINI\"},{\"@type\":\"BreadcrumbList\",\"@id\":\"https:\\\/\\\/autofans.com.ar\\\/index.php\\\/2023\\\/09\\\/11\\\/mini-electrifica-el-futuro-del-automovil-en-el-iaa-de-munich\\\/#breadcrumb\",\"itemListElement\":[{\"@type\":\"ListItem\",\"position\":1,\"name\":\"Inicio\",\"item\":\"https:\\\/\\\/autofans.com.ar\\\/\"},{\"@type\":\"ListItem\",\"position\":2,\"name\":\"MINI Electrifica el Futuro del Autom\u00f3vil en el IAA de M\u00fanich\"}]},{\"@type\":\"WebSite\",\"@id\":\"https:\\\/\\\/autofans.com.ar\\\/#website\",\"url\":\"https:\\\/\\\/autofans.com.ar\\\/\",\"name\":\"\",\"description\":\"El multimedio referente de la industria automotriz\",\"potentialAction\":[{\"@type\":\"SearchAction\",\"target\":{\"@type\":\"EntryPoint\",\"urlTemplate\":\"https:\\\/\\\/autofans.com.ar\\\/?s={search_term_string}\"},\"query-input\":{\"@type\":\"PropertyValueSpecification\",\"valueRequired\":true,\"valueName\":\"search_term_string\"}}],\"inLanguage\":\"es\"},{\"@type\":\"Person\",\"@id\":\"https:\\\/\\\/autofans.com.ar\\\/#\\\/schema\\\/person\\\/4a8dda0b6df83ac3d6723e921274c2aa\",\"name\":\"Alejandro Gabriel Rosito\",\"image\":{\"@type\":\"ImageObject\",\"inLanguage\":\"es\",\"@id\":\"https:\\\/\\\/secure.gravatar.com\\\/avatar\\\/16c5dda1489adfc62618084dcbb91cffd879c374b13fe5dd8e44ed6733852c88?s=96&d=mm&r=g\",\"url\":\"https:\\\/\\\/secure.gravatar.com\\\/avatar\\\/16c5dda1489adfc62618084dcbb91cffd879c374b13fe5dd8e44ed6733852c88?s=96&d=mm&r=g\",\"contentUrl\":\"https:\\\/\\\/secure.gravatar.com\\\/avatar\\\/16c5dda1489adfc62618084dcbb91cffd879c374b13fe5dd8e44ed6733852c88?s=96&d=mm&r=g\",\"caption\":\"Alejandro Gabriel Rosito\"},\"url\":\"https:\\\/\\\/autofans.com.ar\\\/index.php\\\/author\\\/gabrielr\\\/\"}]}<\/script>\n<!-- \/ Yoast SEO plugin. -->","yoast_head_json":{"title":"MINI Electrifica el Futuro del Autom\u00f3vil en el IAA de M\u00fanich -","description":"MINI se encuentra en el epicentro de una revoluci\u00f3n automotriz, presentando dos miembros de la nueva familia MINI en el (IAA) de M\u00fanich...","robots":{"index":"index","follow":"follow","max-snippet":"max-snippet:-1","max-image-preview":"max-image-preview:large","max-video-preview":"max-video-preview:-1"},"canonical":"https:\/\/autofans.com.ar\/index.php\/2023\/09\/11\/mini-electrifica-el-futuro-del-automovil-en-el-iaa-de-munich\/","og_locale":"es_ES","og_type":"article","og_title":"MINI Electrifica el Futuro del Autom\u00f3vil en el IAA de M\u00fanich -","og_description":"MINI se encuentra en el epicentro de una revoluci\u00f3n automotriz, presentando dos miembros de la nueva familia MINI en el (IAA) de M\u00fanich...","og_url":"https:\/\/autofans.com.ar\/index.php\/2023\/09\/11\/mini-electrifica-el-futuro-del-automovil-en-el-iaa-de-munich\/","article_published_time":"2023-09-11T22:15:37+00:00","og_image":[{"width":1000,"height":667,"url":"https:\/\/autofans.com.ar\/wp-content\/uploads\/2023\/09\/foto-3-12.jpg","type":"image\/jpeg"}],"author":"Alejandro Gabriel Rosito","twitter_card":"summary_large_image","twitter_misc":{"Escrito por":"Alejandro Gabriel Rosito","Tiempo de lectura":"3 minutos"},"schema":{"@context":"https:\/\/schema.org","@graph":[{"@type":"Article","@id":"https:\/\/autofans.com.ar\/index.php\/2023\/09\/11\/mini-electrifica-el-futuro-del-automovil-en-el-iaa-de-munich\/#article","isPartOf":{"@id":"https:\/\/autofans.com.ar\/index.php\/2023\/09\/11\/mini-electrifica-el-futuro-del-automovil-en-el-iaa-de-munich\/"},"author":{"name":"Alejandro Gabriel Rosito","@id":"https:\/\/autofans.com.ar\/#\/schema\/person\/4a8dda0b6df83ac3d6723e921274c2aa"},"headline":"MINI Electrifica el Futuro del Autom\u00f3vil en el IAA de M\u00fanich","datePublished":"2023-09-11T22:15:37+00:00","mainEntityOfPage":{"@id":"https:\/\/autofans.com.ar\/index.php\/2023\/09\/11\/mini-electrifica-el-futuro-del-automovil-en-el-iaa-de-munich\/"},"wordCount":533,"image":{"@id":"https:\/\/autofans.com.ar\/index.php\/2023\/09\/11\/mini-electrifica-el-futuro-del-automovil-en-el-iaa-de-munich\/#primaryimage"},"thumbnailUrl":"https:\/\/autofans.com.ar\/wp-content\/uploads\/2023\/09\/foto-3-12.jpg","keywords":["coches el\u00e9ctricos","Cooper totalmente el\u00e9ctrico","dise\u00f1o MINI","IAA M\u00fanich 2023","MINI","MINI Countryman","movilidad el\u00e9ctrica"],"articleSection":["AUTOS y SUV","NOTICIAS"],"inLanguage":"es"},{"@type":"WebPage","@id":"https:\/\/autofans.com.ar\/index.php\/2023\/09\/11\/mini-electrifica-el-futuro-del-automovil-en-el-iaa-de-munich\/","url":"https:\/\/autofans.com.ar\/index.php\/2023\/09\/11\/mini-electrifica-el-futuro-del-automovil-en-el-iaa-de-munich\/","name":"MINI Electrifica el Futuro del Autom\u00f3vil en el IAA de M\u00fanich -","isPartOf":{"@id":"https:\/\/autofans.com.ar\/#website"},"primaryImageOfPage":{"@id":"https:\/\/autofans.com.ar\/index.php\/2023\/09\/11\/mini-electrifica-el-futuro-del-automovil-en-el-iaa-de-munich\/#primaryimage"},"image":{"@id":"https:\/\/autofans.com.ar\/index.php\/2023\/09\/11\/mini-electrifica-el-futuro-del-automovil-en-el-iaa-de-munich\/#primaryimage"},"thumbnailUrl":"https:\/\/autofans.com.ar\/wp-content\/uploads\/2023\/09\/foto-3-12.jpg","datePublished":"2023-09-11T22:15:37+00:00","author":{"@id":"https:\/\/autofans.com.ar\/#\/schema\/person\/4a8dda0b6df83ac3d6723e921274c2aa"},"description":"MINI se encuentra en el epicentro de una revoluci\u00f3n automotriz, presentando dos miembros de la nueva familia MINI en el (IAA) de M\u00fanich...","breadcrumb":{"@id":"https:\/\/autofans.com.ar\/index.php\/2023\/09\/11\/mini-electrifica-el-futuro-del-automovil-en-el-iaa-de-munich\/#breadcrumb"},"inLanguage":"es","potentialAction":[{"@type":"ReadAction","target":["https:\/\/autofans.com.ar\/index.php\/2023\/09\/11\/mini-electrifica-el-futuro-del-automovil-en-el-iaa-de-munich\/"]}]},{"@type":"ImageObject","inLanguage":"es","@id":"https:\/\/autofans.com.ar\/index.php\/2023\/09\/11\/mini-electrifica-el-futuro-del-automovil-en-el-iaa-de-munich\/#primaryimage","url":"https:\/\/autofans.com.ar\/wp-content\/uploads\/2023\/09\/foto-3-12.jpg","contentUrl":"https:\/\/autofans.com.ar\/wp-content\/uploads\/2023\/09\/foto-3-12.jpg","width":1000,"height":667,"caption":"MINI"},{"@type":"BreadcrumbList","@id":"https:\/\/autofans.com.ar\/index.php\/2023\/09\/11\/mini-electrifica-el-futuro-del-automovil-en-el-iaa-de-munich\/#breadcrumb","itemListElement":[{"@type":"ListItem","position":1,"name":"Inicio","item":"https:\/\/autofans.com.ar\/"},{"@type":"ListItem","position":2,"name":"MINI Electrifica el Futuro del Autom\u00f3vil en el IAA de M\u00fanich"}]},{"@type":"WebSite","@id":"https:\/\/autofans.com.ar\/#website","url":"https:\/\/autofans.com.ar\/","name":"","description":"El multimedio referente de la industria automotriz","potentialAction":[{"@type":"SearchAction","target":{"@type":"EntryPoint","urlTemplate":"https:\/\/autofans.com.ar\/?s={search_term_string}"},"query-input":{"@type":"PropertyValueSpecification","valueRequired":true,"valueName":"search_term_string"}}],"inLanguage":"es"},{"@type":"Person","@id":"https:\/\/autofans.com.ar\/#\/schema\/person\/4a8dda0b6df83ac3d6723e921274c2aa","name":"Alejandro Gabriel Rosito","image":{"@type":"ImageObject","inLanguage":"es","@id":"https:\/\/secure.gravatar.com\/avatar\/16c5dda1489adfc62618084dcbb91cffd879c374b13fe5dd8e44ed6733852c88?s=96&d=mm&r=g","url":"https:\/\/secure.gravatar.com\/avatar\/16c5dda1489adfc62618084dcbb91cffd879c374b13fe5dd8e44ed6733852c88?s=96&d=mm&r=g","contentUrl":"https:\/\/secure.gravatar.com\/avatar\/16c5dda1489adfc62618084dcbb91cffd879c374b13fe5dd8e44ed6733852c88?s=96&d=mm&r=g","caption":"Alejandro Gabriel Rosito"},"url":"https:\/\/autofans.com.ar\/index.php\/author\/gabrielr\/"}]}},"featured_image_urls":{"full":["https:\/\/autofans.com.ar\/wp-content\/uploads\/2023\/09\/foto-3-12.jpg",1000,667,false],"thumbnail":["https:\/\/autofans.com.ar\/wp-content\/uploads\/2023\/09\/foto-3-12-150x150.jpg",150,150,true],"medium":["https:\/\/autofans.com.ar\/wp-content\/uploads\/2023\/09\/foto-3-12-300x200.jpg",300,200,true],"medium_large":["https:\/\/autofans.com.ar\/wp-content\/uploads\/2023\/09\/foto-3-12-768x512.jpg",640,427,true],"large":["https:\/\/autofans.com.ar\/wp-content\/uploads\/2023\/09\/foto-3-12.jpg",640,427,false],"1536x1536":["https:\/\/autofans.com.ar\/wp-content\/uploads\/2023\/09\/foto-3-12.jpg",1000,667,false],"2048x2048":["https:\/\/autofans.com.ar\/wp-content\/uploads\/2023\/09\/foto-3-12.jpg",1000,667,false],"covernews-featured":["https:\/\/autofans.com.ar\/wp-content\/uploads\/2023\/09\/foto-3-12.jpg",1000,667,false],"covernews-medium":["https:\/\/autofans.com.ar\/wp-content\/uploads\/2023\/09\/foto-3-12-540x340.jpg",540,340,true]},"author_info":{"display_name":"Alejandro Gabriel Rosito","author_link":"https:\/\/autofans.com.ar\/index.php\/author\/gabrielr\/"},"category_info":"<a href=\"https:\/\/autofans.com.ar\/index.php\/category\/noticias\/autos\/\" rel=\"category tag\">AUTOS y SUV<\/a> <a href=\"https:\/\/autofans.com.ar\/index.php\/category\/noticias\/\" rel=\"category tag\">NOTICIAS<\/a>","tag_info":"NOTICIAS","comment_count":0,"_links":{"self":[{"href":"https:\/\/autofans.com.ar\/index.php\/wp-json\/wp\/v2\/posts\/4959","targetHints":{"allow":["GET"]}}],"collection":[{"href":"https:\/\/autofans.com.ar\/index.php\/wp-json\/wp\/v2\/posts"}],"about":[{"href":"https:\/\/autofans.com.ar\/index.php\/wp-json\/wp\/v2\/types\/post"}],"author":[{"embeddable":true,"href":"https:\/\/autofans.com.ar\/index.php\/wp-json\/wp\/v2\/users\/2"}],"replies":[{"embeddable":true,"href":"https:\/\/autofans.com.ar\/index.php\/wp-json\/wp\/v2\/comments?post=4959"}],"version-history":[{"count":1,"href":"https:\/\/autofans.com.ar\/index.php\/wp-json\/wp\/v2\/posts\/4959\/revisions"}],"predecessor-version":[{"id":4963,"href":"https:\/\/autofans.com.ar\/index.php\/wp-json\/wp\/v2\/posts\/4959\/revisions\/4963"}],"wp:featuredmedia":[{"embeddable":true,"href":"https:\/\/autofans.com.ar\/index.php\/wp-json\/wp\/v2\/media\/4960"}],"wp:attachment":[{"href":"https:\/\/autofans.com.ar\/index.php\/wp-json\/wp\/v2\/media?parent=4959"}],"wp:term":[{"taxonomy":"category","embeddable":true,"href":"https:\/\/autofans.com.ar\/index.php\/wp-json\/wp\/v2\/categories?post=4959"},{"taxonomy":"post_tag","embeddable":true,"href":"https:\/\/autofans.com.ar\/index.php\/wp-json\/wp\/v2\/tags?post=4959"}],"curies":[{"name":"wp","href":"https:\/\/api.w.org\/{rel}","templated":true}]}}