{"id":4991,"date":"2023-09-12T21:04:38","date_gmt":"2023-09-13T00:04:38","guid":{"rendered":"https:\/\/autofans.com.ar\/?p=4991"},"modified":"2023-09-12T21:04:38","modified_gmt":"2023-09-13T00:04:38","slug":"bosch-lider-en-software-para-vehiculos-en-iaa-mobility-2023","status":"publish","type":"post","link":"https:\/\/autofans.com.ar\/index.php\/2023\/09\/12\/bosch-lider-en-software-para-vehiculos-en-iaa-mobility-2023\/","title":{"rendered":"Bosch l\u00edder en software para veh\u00edculos en IAA Mobility 2023"},"content":{"rendered":"<p>Bosch se destaca como l\u00edder en soluciones de software y tecnolog\u00eda para veh\u00edculos definidos por software, con ventas proyectadas en miles de millones de euros. Descubr\u00ed c\u00f3mo su enfoque en el software est\u00e1 dando forma al futuro de la movilidad y mejorando la seguridad y sostenibilidad de los veh\u00edculos.<\/p>\n<p>&nbsp;<\/p>\n<p>En el coraz\u00f3n de la IAA Mobility 2023, Bosch se alza como un pionero en la revoluci\u00f3n del veh\u00edculo definido por software. La compa\u00f1\u00eda est\u00e1 marcando el camino hacia un futuro de movilidad m\u00e1s seguro y sostenible.<\/p>\n<p>&nbsp;<\/p>\n<figure id=\"attachment_4992\" aria-describedby=\"caption-attachment-4992\" style=\"width: 1000px\" class=\"wp-caption aligncenter\"><img fetchpriority=\"high\" decoding=\"async\" class=\"wp-image-4992 size-full\" src=\"https:\/\/autofans.com.ar\/wp-content\/uploads\/2023\/09\/dr-stefan-hartung.jpg\" alt=\"dr stefan\" width=\"1000\" height=\"667\" srcset=\"https:\/\/autofans.com.ar\/wp-content\/uploads\/2023\/09\/dr-stefan-hartung.jpg 1000w, https:\/\/autofans.com.ar\/wp-content\/uploads\/2023\/09\/dr-stefan-hartung-300x200.jpg 300w, https:\/\/autofans.com.ar\/wp-content\/uploads\/2023\/09\/dr-stefan-hartung-768x512.jpg 768w\" sizes=\"(max-width: 1000px) 100vw, 1000px\" \/><figcaption id=\"caption-attachment-4992\" class=\"wp-caption-text\">Dr. Stefan Hartung<\/figcaption><\/figure>\n<blockquote>\n<p style=\"text-align: center;\">En el sector de la movilidad, se espera que las ventas crezcan un s\u00f3lido 10% en<br \/>\n2023, una vez ajustados los efectos del tipo de cambio. Este crecimiento incluye<br \/>\nefectos de precios, pero tambi\u00e9n marcados aumentos de volumen. &amp;quot;Bosch<br \/>\nconoce de software y lo utiliza para dar forma al futuro de la movilidad. Nuestra<br \/>\ntecnolog\u00eda har\u00e1 realidad el veh\u00edculo definido por software y ayudar\u00e1 a ponerlo<\/p>\n<p style=\"text-align: center;\">en circulaci\u00f3n, dijo el Dr. Stefan Hartung, presidente del Consejo de<br \/>\nAdministraci\u00f3n de Bosch, en la IAA Mobility 2023 en Munich.<br \/>\n\u00abEn el futuro de la movilidad definida por software, no s\u00f3lo ser\u00e1 decisivo el<br \/>\nhardware, sino tambi\u00e9n la interacci\u00f3n de software de diversas fuentes\u00bb, continu\u00f3<br \/>\nHartung.<\/p>\n<\/blockquote>\n<p>Bosch se est\u00e1 posicionando m\u00e1s que nunca como una empresa de software para la movilidad y, al mismo tiempo, sigue desarrollando su experiencia en hardware. Como parte de este esfuerzo, la empresa est\u00e1 reorganizando su sector de negocio Mobility a partir del 1 de enero de 2024. De este modo se reforzar\u00e1 la colaboraci\u00f3n entre las divisiones. Bosch emplea a 38.000 desarrolladores de software s\u00f3lo en sus operaciones de movilidad &#8211; m\u00e1s que cualquier otra empresa en la industria automotriz.<\/p>\n<p>&nbsp;<\/p>\n<h2>Bosch define la experiencia de conducci\u00f3n<\/h2>\n<p>La empresa no solo se centra en el software, sino que tambi\u00e9n se asegura de tener un control completo sobre la arquitectura electr\u00f3nica y de TI centralizada, una necesidad cr\u00edtica en los veh\u00edculos definidos por software. Adem\u00e1s, ofrece software compatible con chips de diferentes fabricantes, lo que permite una mayor flexibilidad y personalizaci\u00f3n en la experiencia de conducci\u00f3n para los usuarios.<\/p>\n<p>&nbsp;<\/p>\n<figure id=\"attachment_4993\" aria-describedby=\"caption-attachment-4993\" style=\"width: 1000px\" class=\"wp-caption aligncenter\"><img decoding=\"async\" class=\"wp-image-4993 size-full\" src=\"https:\/\/autofans.com.ar\/wp-content\/uploads\/2023\/09\/dr-markus-heyn.jpg\" alt=\"dr marku\" width=\"1000\" height=\"667\" srcset=\"https:\/\/autofans.com.ar\/wp-content\/uploads\/2023\/09\/dr-markus-heyn.jpg 1000w, https:\/\/autofans.com.ar\/wp-content\/uploads\/2023\/09\/dr-markus-heyn-300x200.jpg 300w, https:\/\/autofans.com.ar\/wp-content\/uploads\/2023\/09\/dr-markus-heyn-768x512.jpg 768w\" sizes=\"(max-width: 1000px) 100vw, 1000px\" \/><figcaption id=\"caption-attachment-4993\" class=\"wp-caption-text\">Dr. Markus Heyn<\/figcaption><\/figure>\n<blockquote>\n<p style=\"text-align: center;\">\u00abNos hemos acostumbrado a las actualizaciones constantes en nuestros<br \/>\ndispositivos. Los autos tambi\u00e9n deber\u00edan poder recibir nuevas funciones en<br \/>\ncualquier momento, independientemente de las actualizaciones o cambios de<br \/>\nmodelo. Con las soluciones de Bosch para el software del autom\u00f3vil, los<br \/>\nveh\u00edculos ser\u00e1n capaces de m\u00e1s\u00bb, dijo el Dr. Markus Heyn, miembro de la junta<br \/>\ndirectiva y presidente del sector de negocio Mobility. \u00abPorque el software es la<br \/>\nclave para seguir aumentando el confort y la sostenibilidad&amp;quot;. En los veh\u00edculos<br \/>\nel\u00e9ctricos, por ejemplo, el software facilita la energ\u00eda conectada y la gesti\u00f3n<br \/>\nt\u00e9rmica, reduciendo as\u00ed el tiempo de carga de la bater\u00eda hasta en un 20%.<\/p>\n<\/blockquote>\n<p>Hablando de electromovilidad, Bosch est\u00e1 en camino de alcanzar ventas de 6.000 millones de euros en 2026, gracias a un aumento del 50% en la producci\u00f3n de componentes para veh\u00edculos el\u00e9ctricos el a\u00f1o pasado. El software de Bosch tambi\u00e9n desempe\u00f1a un papel fundamental en sistemas automatizados de reciclaje de bater\u00edas, mejorando la identificaci\u00f3n y el desmontaje de paquetes de bater\u00edas.<\/p>\n<p>Adem\u00e1s, Bosch est\u00e1 revolucionando la seguridad en la carretera con su innovador sistema de control, Vehicle Dynamics Control 2.0, que reduce contravolante y distancias de frenado, mejorando la seguridad de los conductores.<\/p>\n<p>&nbsp;<\/p>\n<p><img decoding=\"async\" class=\"aligncenter wp-image-4994 size-full\" src=\"https:\/\/autofans.com.ar\/wp-content\/uploads\/2023\/09\/foto-2-18.jpg\" alt=\"Bosch\" width=\"1000\" height=\"667\" srcset=\"https:\/\/autofans.com.ar\/wp-content\/uploads\/2023\/09\/foto-2-18.jpg 1000w, https:\/\/autofans.com.ar\/wp-content\/uploads\/2023\/09\/foto-2-18-300x200.jpg 300w, https:\/\/autofans.com.ar\/wp-content\/uploads\/2023\/09\/foto-2-18-768x512.jpg 768w\" sizes=\"(max-width: 1000px) 100vw, 1000px\" \/><\/p>\n<p>&nbsp;<\/p>\n<p>No solo se trata de veh\u00edculos, sino tambi\u00e9n de la forma en que se fabrican. Bosch utiliza soluciones de seguimiento y localizaci\u00f3n para garantizar cadenas de suministro transparentes y seguras, reduciendo tasas de desecho en f\u00e1bricas de c\u00e9lulas de bater\u00edas y empleando la inteligencia artificial (IA) para detectar errores en la producci\u00f3n, reduciendo costos significativamente.<\/p>\n<p>En resumen, Bosch se posiciona como l\u00edder en la era del veh\u00edculo definido <a href=\"https:\/\/autofans.com.ar\/index.php\/2023\/06\/27\/bosch-argentina-presenta-mecanico-pro-para-talleres-mecanicos\/\" target=\"_blank\" rel=\"noopener\">por software<\/a>, con soluciones innovadoras que mejoran la seguridad y sostenibilidad en la movilidad. La empresa est\u00e1 dando forma al futuro de la industria automotriz y, con ventas proyectadas en miles de millones de euros, su impacto es innegable.<\/p>\n<p>&nbsp;<\/p>\n<p><i>Para enterarte de m\u00e1s novedades, no dejes de leer\u00a0<\/i><a href=\"https:\/\/autofans.thebrandsoup.com\/\"><i>nuestras notas<\/i><\/a><i>, de ver<\/i><b><i>\u00a0<\/i><\/b><a href=\"https:\/\/www.youtube.com\/channel\/UCgAC8UGHZYbT6P7PpmVnP7g\"><b><i>AUTOFANS TV<\/i><\/b><\/a><b><i>\u00a0<\/i><\/b><i>en nuestro\u00a0canal de Youtube. Adem\u00e1s seguinos en\u00a0<\/i><a href=\"https:\/\/www.instagram.com\/autofanstv\/\"><i>INSTAGRAM<\/i><\/a><i> y <\/i><a href=\"https:\/\/www.facebook.com\/autofansmas\/\"><i>FACEBOOK<\/i><\/a><i> para no perderte nada sobre las novedades del segmento automotor de Argentina y el mundo.<\/i><\/p>\n<p><i><span class=\"Apple-converted-space\">\u00a0<\/span><\/i><\/p>\n","protected":false},"excerpt":{"rendered":"<p>Bosch se destaca como l\u00edder en soluciones de software y tecnolog\u00eda para veh\u00edculos definidos por&#8230;<\/p>\n","protected":false},"author":2,"featured_media":4995,"comment_status":"closed","ping_status":"closed","sticky":false,"template":"","format":"standard","meta":{"footnotes":""},"categories":[218,16],"tags":[692,2507,2438,1818,1269,2506],"class_list":["post-4991","post","type-post","status-publish","format-standard","has-post-thumbnail","hentry","category-autotecno","category-noticias","tag-bosch","tag-boschautomotive","tag-iaamobility2023","tag-innovacionautomotriz","tag-movilidadsostenible","tag-vehiculodefinidoporsoftware"],"yoast_head":"<!-- This site is optimized with the Yoast SEO plugin v27.5 - https:\/\/yoast.com\/product\/yoast-seo-wordpress\/ -->\n<title>Bosch l\u00edder en software para veh\u00edculos en IAA Mobility 2023 -<\/title>\n<meta name=\"description\" content=\"Bosch, en el coraz\u00f3n de la IAA Mobility 2023, la marca se alza como un pionero en la revoluci\u00f3n del veh\u00edculo definido por software...\" \/>\n<meta name=\"robots\" content=\"index, follow, max-snippet:-1, max-image-preview:large, max-video-preview:-1\" \/>\n<link rel=\"canonical\" href=\"https:\/\/autofans.com.ar\/index.php\/2023\/09\/12\/bosch-lider-en-software-para-vehiculos-en-iaa-mobility-2023\/\" \/>\n<meta property=\"og:locale\" content=\"es_ES\" \/>\n<meta property=\"og:type\" content=\"article\" \/>\n<meta property=\"og:title\" content=\"Bosch l\u00edder en software para veh\u00edculos en IAA Mobility 2023 -\" \/>\n<meta property=\"og:description\" content=\"Bosch, en el coraz\u00f3n de la IAA Mobility 2023, la marca se alza como un pionero en la revoluci\u00f3n del veh\u00edculo definido por software...\" \/>\n<meta property=\"og:url\" content=\"https:\/\/autofans.com.ar\/index.php\/2023\/09\/12\/bosch-lider-en-software-para-vehiculos-en-iaa-mobility-2023\/\" \/>\n<meta property=\"article:published_time\" content=\"2023-09-13T00:04:38+00:00\" \/>\n<meta property=\"og:image\" content=\"https:\/\/autofans.com.ar\/wp-content\/uploads\/2023\/09\/foto-1-18.jpg\" \/>\n\t<meta property=\"og:image:width\" content=\"1000\" \/>\n\t<meta property=\"og:image:height\" content=\"667\" \/>\n\t<meta property=\"og:image:type\" content=\"image\/jpeg\" \/>\n<meta name=\"author\" content=\"Alejandro Gabriel Rosito\" \/>\n<meta name=\"twitter:card\" content=\"summary_large_image\" \/>\n<meta name=\"twitter:label1\" content=\"Escrito por\" \/>\n\t<meta name=\"twitter:data1\" content=\"Alejandro Gabriel Rosito\" \/>\n\t<meta name=\"twitter:label2\" content=\"Tiempo de lectura\" \/>\n\t<meta name=\"twitter:data2\" content=\"3 minutos\" \/>\n<script type=\"application\/ld+json\" class=\"yoast-schema-graph\">{\"@context\":\"https:\\\/\\\/schema.org\",\"@graph\":[{\"@type\":\"Article\",\"@id\":\"https:\\\/\\\/autofans.com.ar\\\/index.php\\\/2023\\\/09\\\/12\\\/bosch-lider-en-software-para-vehiculos-en-iaa-mobility-2023\\\/#article\",\"isPartOf\":{\"@id\":\"https:\\\/\\\/autofans.com.ar\\\/index.php\\\/2023\\\/09\\\/12\\\/bosch-lider-en-software-para-vehiculos-en-iaa-mobility-2023\\\/\"},\"author\":{\"name\":\"Alejandro Gabriel Rosito\",\"@id\":\"https:\\\/\\\/autofans.com.ar\\\/#\\\/schema\\\/person\\\/4a8dda0b6df83ac3d6723e921274c2aa\"},\"headline\":\"Bosch l\u00edder en software para veh\u00edculos en IAA Mobility 2023\",\"datePublished\":\"2023-09-13T00:04:38+00:00\",\"mainEntityOfPage\":{\"@id\":\"https:\\\/\\\/autofans.com.ar\\\/index.php\\\/2023\\\/09\\\/12\\\/bosch-lider-en-software-para-vehiculos-en-iaa-mobility-2023\\\/\"},\"wordCount\":785,\"image\":{\"@id\":\"https:\\\/\\\/autofans.com.ar\\\/index.php\\\/2023\\\/09\\\/12\\\/bosch-lider-en-software-para-vehiculos-en-iaa-mobility-2023\\\/#primaryimage\"},\"thumbnailUrl\":\"https:\\\/\\\/autofans.com.ar\\\/wp-content\\\/uploads\\\/2023\\\/09\\\/foto-1-18.jpg\",\"keywords\":[\"Bosch\",\"BoschAutomotive\",\"IAAMobility2023\",\"Innovaci\u00f3nAutomotriz\",\"MovilidadSostenible\",\"Veh\u00edculoDefinidoPorSoftware\"],\"articleSection\":[\"AUTOTECNO\",\"NOTICIAS\"],\"inLanguage\":\"es\"},{\"@type\":\"WebPage\",\"@id\":\"https:\\\/\\\/autofans.com.ar\\\/index.php\\\/2023\\\/09\\\/12\\\/bosch-lider-en-software-para-vehiculos-en-iaa-mobility-2023\\\/\",\"url\":\"https:\\\/\\\/autofans.com.ar\\\/index.php\\\/2023\\\/09\\\/12\\\/bosch-lider-en-software-para-vehiculos-en-iaa-mobility-2023\\\/\",\"name\":\"Bosch l\u00edder en software para veh\u00edculos en IAA Mobility 2023 -\",\"isPartOf\":{\"@id\":\"https:\\\/\\\/autofans.com.ar\\\/#website\"},\"primaryImageOfPage\":{\"@id\":\"https:\\\/\\\/autofans.com.ar\\\/index.php\\\/2023\\\/09\\\/12\\\/bosch-lider-en-software-para-vehiculos-en-iaa-mobility-2023\\\/#primaryimage\"},\"image\":{\"@id\":\"https:\\\/\\\/autofans.com.ar\\\/index.php\\\/2023\\\/09\\\/12\\\/bosch-lider-en-software-para-vehiculos-en-iaa-mobility-2023\\\/#primaryimage\"},\"thumbnailUrl\":\"https:\\\/\\\/autofans.com.ar\\\/wp-content\\\/uploads\\\/2023\\\/09\\\/foto-1-18.jpg\",\"datePublished\":\"2023-09-13T00:04:38+00:00\",\"author\":{\"@id\":\"https:\\\/\\\/autofans.com.ar\\\/#\\\/schema\\\/person\\\/4a8dda0b6df83ac3d6723e921274c2aa\"},\"description\":\"Bosch, en el coraz\u00f3n de la IAA Mobility 2023, la marca se alza como un pionero en la revoluci\u00f3n del veh\u00edculo definido por software...\",\"breadcrumb\":{\"@id\":\"https:\\\/\\\/autofans.com.ar\\\/index.php\\\/2023\\\/09\\\/12\\\/bosch-lider-en-software-para-vehiculos-en-iaa-mobility-2023\\\/#breadcrumb\"},\"inLanguage\":\"es\",\"potentialAction\":[{\"@type\":\"ReadAction\",\"target\":[\"https:\\\/\\\/autofans.com.ar\\\/index.php\\\/2023\\\/09\\\/12\\\/bosch-lider-en-software-para-vehiculos-en-iaa-mobility-2023\\\/\"]}]},{\"@type\":\"ImageObject\",\"inLanguage\":\"es\",\"@id\":\"https:\\\/\\\/autofans.com.ar\\\/index.php\\\/2023\\\/09\\\/12\\\/bosch-lider-en-software-para-vehiculos-en-iaa-mobility-2023\\\/#primaryimage\",\"url\":\"https:\\\/\\\/autofans.com.ar\\\/wp-content\\\/uploads\\\/2023\\\/09\\\/foto-1-18.jpg\",\"contentUrl\":\"https:\\\/\\\/autofans.com.ar\\\/wp-content\\\/uploads\\\/2023\\\/09\\\/foto-1-18.jpg\",\"width\":1000,\"height\":667,\"caption\":\"Bosch\"},{\"@type\":\"BreadcrumbList\",\"@id\":\"https:\\\/\\\/autofans.com.ar\\\/index.php\\\/2023\\\/09\\\/12\\\/bosch-lider-en-software-para-vehiculos-en-iaa-mobility-2023\\\/#breadcrumb\",\"itemListElement\":[{\"@type\":\"ListItem\",\"position\":1,\"name\":\"Inicio\",\"item\":\"https:\\\/\\\/autofans.com.ar\\\/\"},{\"@type\":\"ListItem\",\"position\":2,\"name\":\"Bosch l\u00edder en software para veh\u00edculos en IAA Mobility 2023\"}]},{\"@type\":\"WebSite\",\"@id\":\"https:\\\/\\\/autofans.com.ar\\\/#website\",\"url\":\"https:\\\/\\\/autofans.com.ar\\\/\",\"name\":\"\",\"description\":\"El multimedio referente de la industria automotriz\",\"potentialAction\":[{\"@type\":\"SearchAction\",\"target\":{\"@type\":\"EntryPoint\",\"urlTemplate\":\"https:\\\/\\\/autofans.com.ar\\\/?s={search_term_string}\"},\"query-input\":{\"@type\":\"PropertyValueSpecification\",\"valueRequired\":true,\"valueName\":\"search_term_string\"}}],\"inLanguage\":\"es\"},{\"@type\":\"Person\",\"@id\":\"https:\\\/\\\/autofans.com.ar\\\/#\\\/schema\\\/person\\\/4a8dda0b6df83ac3d6723e921274c2aa\",\"name\":\"Alejandro Gabriel Rosito\",\"image\":{\"@type\":\"ImageObject\",\"inLanguage\":\"es\",\"@id\":\"https:\\\/\\\/secure.gravatar.com\\\/avatar\\\/16c5dda1489adfc62618084dcbb91cffd879c374b13fe5dd8e44ed6733852c88?s=96&d=mm&r=g\",\"url\":\"https:\\\/\\\/secure.gravatar.com\\\/avatar\\\/16c5dda1489adfc62618084dcbb91cffd879c374b13fe5dd8e44ed6733852c88?s=96&d=mm&r=g\",\"contentUrl\":\"https:\\\/\\\/secure.gravatar.com\\\/avatar\\\/16c5dda1489adfc62618084dcbb91cffd879c374b13fe5dd8e44ed6733852c88?s=96&d=mm&r=g\",\"caption\":\"Alejandro Gabriel Rosito\"},\"url\":\"https:\\\/\\\/autofans.com.ar\\\/index.php\\\/author\\\/gabrielr\\\/\"}]}<\/script>\n<!-- \/ Yoast SEO plugin. -->","yoast_head_json":{"title":"Bosch l\u00edder en software para veh\u00edculos en IAA Mobility 2023 -","description":"Bosch, en el coraz\u00f3n de la IAA Mobility 2023, la marca se alza como un pionero en la revoluci\u00f3n del veh\u00edculo definido por software...","robots":{"index":"index","follow":"follow","max-snippet":"max-snippet:-1","max-image-preview":"max-image-preview:large","max-video-preview":"max-video-preview:-1"},"canonical":"https:\/\/autofans.com.ar\/index.php\/2023\/09\/12\/bosch-lider-en-software-para-vehiculos-en-iaa-mobility-2023\/","og_locale":"es_ES","og_type":"article","og_title":"Bosch l\u00edder en software para veh\u00edculos en IAA Mobility 2023 -","og_description":"Bosch, en el coraz\u00f3n de la IAA Mobility 2023, la marca se alza como un pionero en la revoluci\u00f3n del veh\u00edculo definido por software...","og_url":"https:\/\/autofans.com.ar\/index.php\/2023\/09\/12\/bosch-lider-en-software-para-vehiculos-en-iaa-mobility-2023\/","article_published_time":"2023-09-13T00:04:38+00:00","og_image":[{"width":1000,"height":667,"url":"https:\/\/autofans.com.ar\/wp-content\/uploads\/2023\/09\/foto-1-18.jpg","type":"image\/jpeg"}],"author":"Alejandro Gabriel Rosito","twitter_card":"summary_large_image","twitter_misc":{"Escrito por":"Alejandro Gabriel Rosito","Tiempo de lectura":"3 minutos"},"schema":{"@context":"https:\/\/schema.org","@graph":[{"@type":"Article","@id":"https:\/\/autofans.com.ar\/index.php\/2023\/09\/12\/bosch-lider-en-software-para-vehiculos-en-iaa-mobility-2023\/#article","isPartOf":{"@id":"https:\/\/autofans.com.ar\/index.php\/2023\/09\/12\/bosch-lider-en-software-para-vehiculos-en-iaa-mobility-2023\/"},"author":{"name":"Alejandro Gabriel Rosito","@id":"https:\/\/autofans.com.ar\/#\/schema\/person\/4a8dda0b6df83ac3d6723e921274c2aa"},"headline":"Bosch l\u00edder en software para veh\u00edculos en IAA Mobility 2023","datePublished":"2023-09-13T00:04:38+00:00","mainEntityOfPage":{"@id":"https:\/\/autofans.com.ar\/index.php\/2023\/09\/12\/bosch-lider-en-software-para-vehiculos-en-iaa-mobility-2023\/"},"wordCount":785,"image":{"@id":"https:\/\/autofans.com.ar\/index.php\/2023\/09\/12\/bosch-lider-en-software-para-vehiculos-en-iaa-mobility-2023\/#primaryimage"},"thumbnailUrl":"https:\/\/autofans.com.ar\/wp-content\/uploads\/2023\/09\/foto-1-18.jpg","keywords":["Bosch","BoschAutomotive","IAAMobility2023","Innovaci\u00f3nAutomotriz","MovilidadSostenible","Veh\u00edculoDefinidoPorSoftware"],"articleSection":["AUTOTECNO","NOTICIAS"],"inLanguage":"es"},{"@type":"WebPage","@id":"https:\/\/autofans.com.ar\/index.php\/2023\/09\/12\/bosch-lider-en-software-para-vehiculos-en-iaa-mobility-2023\/","url":"https:\/\/autofans.com.ar\/index.php\/2023\/09\/12\/bosch-lider-en-software-para-vehiculos-en-iaa-mobility-2023\/","name":"Bosch l\u00edder en software para veh\u00edculos en IAA Mobility 2023 -","isPartOf":{"@id":"https:\/\/autofans.com.ar\/#website"},"primaryImageOfPage":{"@id":"https:\/\/autofans.com.ar\/index.php\/2023\/09\/12\/bosch-lider-en-software-para-vehiculos-en-iaa-mobility-2023\/#primaryimage"},"image":{"@id":"https:\/\/autofans.com.ar\/index.php\/2023\/09\/12\/bosch-lider-en-software-para-vehiculos-en-iaa-mobility-2023\/#primaryimage"},"thumbnailUrl":"https:\/\/autofans.com.ar\/wp-content\/uploads\/2023\/09\/foto-1-18.jpg","datePublished":"2023-09-13T00:04:38+00:00","author":{"@id":"https:\/\/autofans.com.ar\/#\/schema\/person\/4a8dda0b6df83ac3d6723e921274c2aa"},"description":"Bosch, en el coraz\u00f3n de la IAA Mobility 2023, la marca se alza como un pionero en la revoluci\u00f3n del veh\u00edculo definido por software...","breadcrumb":{"@id":"https:\/\/autofans.com.ar\/index.php\/2023\/09\/12\/bosch-lider-en-software-para-vehiculos-en-iaa-mobility-2023\/#breadcrumb"},"inLanguage":"es","potentialAction":[{"@type":"ReadAction","target":["https:\/\/autofans.com.ar\/index.php\/2023\/09\/12\/bosch-lider-en-software-para-vehiculos-en-iaa-mobility-2023\/"]}]},{"@type":"ImageObject","inLanguage":"es","@id":"https:\/\/autofans.com.ar\/index.php\/2023\/09\/12\/bosch-lider-en-software-para-vehiculos-en-iaa-mobility-2023\/#primaryimage","url":"https:\/\/autofans.com.ar\/wp-content\/uploads\/2023\/09\/foto-1-18.jpg","contentUrl":"https:\/\/autofans.com.ar\/wp-content\/uploads\/2023\/09\/foto-1-18.jpg","width":1000,"height":667,"caption":"Bosch"},{"@type":"BreadcrumbList","@id":"https:\/\/autofans.com.ar\/index.php\/2023\/09\/12\/bosch-lider-en-software-para-vehiculos-en-iaa-mobility-2023\/#breadcrumb","itemListElement":[{"@type":"ListItem","position":1,"name":"Inicio","item":"https:\/\/autofans.com.ar\/"},{"@type":"ListItem","position":2,"name":"Bosch l\u00edder en software para veh\u00edculos en IAA Mobility 2023"}]},{"@type":"WebSite","@id":"https:\/\/autofans.com.ar\/#website","url":"https:\/\/autofans.com.ar\/","name":"","description":"El multimedio referente de la industria automotriz","potentialAction":[{"@type":"SearchAction","target":{"@type":"EntryPoint","urlTemplate":"https:\/\/autofans.com.ar\/?s={search_term_string}"},"query-input":{"@type":"PropertyValueSpecification","valueRequired":true,"valueName":"search_term_string"}}],"inLanguage":"es"},{"@type":"Person","@id":"https:\/\/autofans.com.ar\/#\/schema\/person\/4a8dda0b6df83ac3d6723e921274c2aa","name":"Alejandro Gabriel Rosito","image":{"@type":"ImageObject","inLanguage":"es","@id":"https:\/\/secure.gravatar.com\/avatar\/16c5dda1489adfc62618084dcbb91cffd879c374b13fe5dd8e44ed6733852c88?s=96&d=mm&r=g","url":"https:\/\/secure.gravatar.com\/avatar\/16c5dda1489adfc62618084dcbb91cffd879c374b13fe5dd8e44ed6733852c88?s=96&d=mm&r=g","contentUrl":"https:\/\/secure.gravatar.com\/avatar\/16c5dda1489adfc62618084dcbb91cffd879c374b13fe5dd8e44ed6733852c88?s=96&d=mm&r=g","caption":"Alejandro Gabriel Rosito"},"url":"https:\/\/autofans.com.ar\/index.php\/author\/gabrielr\/"}]}},"featured_image_urls":{"full":["https:\/\/autofans.com.ar\/wp-content\/uploads\/2023\/09\/foto-1-18.jpg",1000,667,false],"thumbnail":["https:\/\/autofans.com.ar\/wp-content\/uploads\/2023\/09\/foto-1-18-150x150.jpg",150,150,true],"medium":["https:\/\/autofans.com.ar\/wp-content\/uploads\/2023\/09\/foto-1-18-300x200.jpg",300,200,true],"medium_large":["https:\/\/autofans.com.ar\/wp-content\/uploads\/2023\/09\/foto-1-18-768x512.jpg",640,427,true],"large":["https:\/\/autofans.com.ar\/wp-content\/uploads\/2023\/09\/foto-1-18.jpg",640,427,false],"1536x1536":["https:\/\/autofans.com.ar\/wp-content\/uploads\/2023\/09\/foto-1-18.jpg",1000,667,false],"2048x2048":["https:\/\/autofans.com.ar\/wp-content\/uploads\/2023\/09\/foto-1-18.jpg",1000,667,false],"covernews-featured":["https:\/\/autofans.com.ar\/wp-content\/uploads\/2023\/09\/foto-1-18.jpg",1000,667,false],"covernews-medium":["https:\/\/autofans.com.ar\/wp-content\/uploads\/2023\/09\/foto-1-18-540x340.jpg",540,340,true]},"author_info":{"display_name":"Alejandro Gabriel Rosito","author_link":"https:\/\/autofans.com.ar\/index.php\/author\/gabrielr\/"},"category_info":"<a href=\"https:\/\/autofans.com.ar\/index.php\/category\/noticias\/autotecno\/\" rel=\"category tag\">AUTOTECNO<\/a> <a href=\"https:\/\/autofans.com.ar\/index.php\/category\/noticias\/\" rel=\"category tag\">NOTICIAS<\/a>","tag_info":"NOTICIAS","comment_count":0,"_links":{"self":[{"href":"https:\/\/autofans.com.ar\/index.php\/wp-json\/wp\/v2\/posts\/4991","targetHints":{"allow":["GET"]}}],"collection":[{"href":"https:\/\/autofans.com.ar\/index.php\/wp-json\/wp\/v2\/posts"}],"about":[{"href":"https:\/\/autofans.com.ar\/index.php\/wp-json\/wp\/v2\/types\/post"}],"author":[{"embeddable":true,"href":"https:\/\/autofans.com.ar\/index.php\/wp-json\/wp\/v2\/users\/2"}],"replies":[{"embeddable":true,"href":"https:\/\/autofans.com.ar\/index.php\/wp-json\/wp\/v2\/comments?post=4991"}],"version-history":[{"count":4,"href":"https:\/\/autofans.com.ar\/index.php\/wp-json\/wp\/v2\/posts\/4991\/revisions"}],"predecessor-version":[{"id":4999,"href":"https:\/\/autofans.com.ar\/index.php\/wp-json\/wp\/v2\/posts\/4991\/revisions\/4999"}],"wp:featuredmedia":[{"embeddable":true,"href":"https:\/\/autofans.com.ar\/index.php\/wp-json\/wp\/v2\/media\/4995"}],"wp:attachment":[{"href":"https:\/\/autofans.com.ar\/index.php\/wp-json\/wp\/v2\/media?parent=4991"}],"wp:term":[{"taxonomy":"category","embeddable":true,"href":"https:\/\/autofans.com.ar\/index.php\/wp-json\/wp\/v2\/categories?post=4991"},{"taxonomy":"post_tag","embeddable":true,"href":"https:\/\/autofans.com.ar\/index.php\/wp-json\/wp\/v2\/tags?post=4991"}],"curies":[{"name":"wp","href":"https:\/\/api.w.org\/{rel}","templated":true}]}}