{"id":5000,"date":"2023-09-13T16:47:16","date_gmt":"2023-09-13T19:47:16","guid":{"rendered":"https:\/\/autofans.com.ar\/?p=5000"},"modified":"2023-09-13T16:47:16","modified_gmt":"2023-09-13T19:47:16","slug":"bmw-vision-neue-klasse-el-futuro-sostenible-y-digital","status":"publish","type":"post","link":"https:\/\/autofans.com.ar\/index.php\/2023\/09\/13\/bmw-vision-neue-klasse-el-futuro-sostenible-y-digital\/","title":{"rendered":"BMW Vision Neue Klasse &#8211; el futuro sostenible y digital"},"content":{"rendered":"<p>BMW presenta el Vision Neue Klasse en el IAA Mobility 2023 en M\u00fanich, marcando el inicio de una nueva era de movilidad sostenible y digital. Conoce c\u00f3mo este veh\u00edculo combina innovaci\u00f3n, dise\u00f1o ic\u00f3nico y tecnolog\u00eda BMW eDrive de sexta generaci\u00f3n. BMW Group est\u00e1 llevando la movilidad del futuro a un nivel superior con el BMW Vision Neue Klasse, presentado en el Sal\u00f3n Internacional del Autom\u00f3vil IAA Mobility 2023 en M\u00fanich. Este veh\u00edculo encarna la visi\u00f3n de BMW de un futuro el\u00e9ctrico, digital y sostenible, y aqu\u00ed te contamos todo lo que necesitas saber.<\/p>\n<p>&nbsp;<\/p>\n<p>&nbsp;<\/p>\n<h2>Dise\u00f1o elegante y atemporal<\/h2>\n<p>El BMW Vision Neue Klasse presenta un dise\u00f1o claro y elegante, con superficies expansivas y l\u00edneas distintivas reducidas a lo esencial. Caracter\u00edsticas ic\u00f3nicas de BMW, como la parrilla doble en forma de ri\u00f1\u00f3n y el codo de Hofmeister, se destacan, manteniendo la esencia de la marca. Las llantas aerodin\u00e1micas de 21 pulgadas y la pintura Joyous bright a\u00f1aden un toque futurista y sostenible.<\/p>\n<p>&nbsp;<\/p>\n<div id='gallery-1' class='gallery galleryid-5000 gallery-columns-2 gallery-size-full'><figure class='gallery-item'>\n\t\t\t<div class='gallery-icon landscape'>\n\t\t\t\t<a href='https:\/\/autofans.com.ar\/index.php\/2023\/09\/13\/bmw-vision-neue-klasse-el-futuro-sostenible-y-digital\/foto-4-159\/'><img loading=\"lazy\" width=\"1000\" height=\"667\" src=\"https:\/\/autofans.com.ar\/wp-content\/uploads\/2023\/09\/foto-4-8.jpg\" class=\"attachment-full size-full\" alt=\"BMW Vision Neue Klasse\" srcset=\"https:\/\/autofans.com.ar\/wp-content\/uploads\/2023\/09\/foto-4-8.jpg 1000w, https:\/\/autofans.com.ar\/wp-content\/uploads\/2023\/09\/foto-4-8-300x200.jpg 300w, https:\/\/autofans.com.ar\/wp-content\/uploads\/2023\/09\/foto-4-8-768x512.jpg 768w\" sizes=\"auto, (max-width: 1000px) 100vw, 1000px\" loading=\"lazy\" decoding=\"async\" \/><\/a>\n\t\t\t<\/div><\/figure><figure class='gallery-item'>\n\t\t\t<div class='gallery-icon landscape'>\n\t\t\t\t<a href='https:\/\/autofans.com.ar\/index.php\/2023\/09\/13\/bmw-vision-neue-klasse-el-futuro-sostenible-y-digital\/foto-5-100\/'><img loading=\"lazy\" width=\"1000\" height=\"667\" src=\"https:\/\/autofans.com.ar\/wp-content\/uploads\/2023\/09\/foto-5-5.jpg\" class=\"attachment-full size-full\" alt=\"BMW Vision Neue Klasse\" srcset=\"https:\/\/autofans.com.ar\/wp-content\/uploads\/2023\/09\/foto-5-5.jpg 1000w, https:\/\/autofans.com.ar\/wp-content\/uploads\/2023\/09\/foto-5-5-300x200.jpg 300w, https:\/\/autofans.com.ar\/wp-content\/uploads\/2023\/09\/foto-5-5-768x512.jpg 768w\" sizes=\"auto, (max-width: 1000px) 100vw, 1000px\" loading=\"lazy\" decoding=\"async\" \/><\/a>\n\t\t\t<\/div><\/figure>\n\t\t<\/div>\n\n<p>&nbsp;<\/p>\n<p>En el interior, la pr\u00f3xima generaci\u00f3n del sistema BMW iDrive crea una experiencia de usuario \u00fanica que combina el mundo real y el virtual. El BMW Panoramic Vision, disponible por primera vez en la familia Neue Klasse, proyecta informaci\u00f3n en el parabrisas para una experiencia de conducci\u00f3n compartida entre el conductor y el pasajero. Adem\u00e1s, la interfaz de voz del Asistente Personal Inteligente de BMW simplifica la interacci\u00f3n con el veh\u00edculo.<\/p>\n<p>&nbsp;<\/p>\n<h2>Sostenibilidad en su m\u00e1xima expresi\u00f3n<\/h2>\n<p>El Vision Neue Klasse se fabrica en la nueva planta de Debrecen, sin combustibles f\u00f3siles y con un enfoque en la reducci\u00f3n de emisiones de CO2. La tecnolog\u00eda BMW eDrive de sexta generaci\u00f3n aumenta la eficiencia del veh\u00edculo en un 25%, con mejoras en la velocidad de carga y el alcance de hasta un 30%. Tambi\u00e9n se han utilizado materias primas secundarias y se ha optimizado el reciclaje para reducir la huella de carbono.<\/p>\n<p>&nbsp;<\/p>\n<p><img fetchpriority=\"high\" decoding=\"async\" class=\"aligncenter wp-image-5005 size-full\" src=\"https:\/\/autofans.com.ar\/wp-content\/uploads\/2023\/09\/foto-1-19.jpg\" alt=\"BMW Vision\" width=\"1000\" height=\"667\" srcset=\"https:\/\/autofans.com.ar\/wp-content\/uploads\/2023\/09\/foto-1-19.jpg 1000w, https:\/\/autofans.com.ar\/wp-content\/uploads\/2023\/09\/foto-1-19-300x200.jpg 300w, https:\/\/autofans.com.ar\/wp-content\/uploads\/2023\/09\/foto-1-19-768x512.jpg 768w\" sizes=\"(max-width: 1000px) 100vw, 1000px\" \/><\/p>\n<p>&nbsp;<\/p>\n<p>La marca se adentra en una nueva era de movilidad con el BMW Vision Neue Klasse, destacando su compromiso con la electrificaci\u00f3n, la digitalizaci\u00f3n y la sustentabilidad. Este veh\u00edculo representa un salto tecnol\u00f3gico y un dise\u00f1o futurista, sentando las bases para las generaciones venideras de modelos BMW.<\/p>\n<p>&nbsp;<\/p>\n<p><center><iframe title=\"The BMW Vision Neue Klasse. THE NEUE NEW.\" width=\"640\" height=\"360\" src=\"https:\/\/www.youtube.com\/embed\/Z1LTr6frDS4?feature=oembed\" frameborder=\"0\" allow=\"accelerometer; autoplay; clipboard-write; encrypted-media; gyroscope; picture-in-picture; web-share\" referrerpolicy=\"strict-origin-when-cross-origin\" allowfullscreen><\/iframe><\/p>\n<p>&nbsp;<\/p>\n<p><\/center>&nbsp;<\/p>\n<p><i>Para enterarte de m\u00e1s novedades, no dejes de leer\u00a0<\/i><a href=\"https:\/\/autofans.thebrandsoup.com\/\"><i>nuestras notas<\/i><\/a><i>, de ver<\/i><b><i>\u00a0<\/i><\/b><a href=\"https:\/\/www.youtube.com\/channel\/UCgAC8UGHZYbT6P7PpmVnP7g\"><b><i>AUTOFANS TV<\/i><\/b><\/a><b><i>\u00a0<\/i><\/b><i>en nuestro\u00a0canal de Youtube. Adem\u00e1s seguinos en\u00a0<\/i><a href=\"https:\/\/www.instagram.com\/autofanstv\/\"><i>INSTAGRAM<\/i><\/a><i> y <\/i><a href=\"https:\/\/www.facebook.com\/autofansmas\/\"><i>FACEBOOK<\/i><\/a><i> para no perderte nada sobre las novedades del segmento automotor de Argentina y el mundo.<\/i><\/p>\n<p><i><span class=\"Apple-converted-space\">\u00a0<\/span><\/i><\/p>\n","protected":false},"excerpt":{"rendered":"<p>BMW presenta el Vision Neue Klasse en el IAA Mobility 2023 en M\u00fanich, marcando el&#8230;<\/p>\n","protected":false},"author":2,"featured_media":5003,"comment_status":"closed","ping_status":"closed","sticky":false,"template":"","format":"standard","meta":{"footnotes":""},"categories":[3,16],"tags":[208,2049,2508,1582,1269],"class_list":["post-5000","post","type-post","status-publish","format-standard","has-post-thumbnail","hentry","category-autos","category-noticias","tag-bmw","tag-bmwgroup","tag-bmwneueklasse","tag-innovaciontecnologica","tag-movilidadsostenible"],"yoast_head":"<!-- This site is optimized with the Yoast SEO plugin v27.5 - https:\/\/yoast.com\/product\/yoast-seo-wordpress\/ -->\n<title>BMW Vision Neue Klasse - el futuro sostenible y digital -<\/title>\n<meta name=\"description\" content=\"BMW presenta el Vision Neue Klasse en el IAA Mobility 2023 en M\u00fanich, marcando el inicio de una nueva era de movilidad sostenible y digital..\" \/>\n<meta name=\"robots\" content=\"index, follow, max-snippet:-1, max-image-preview:large, max-video-preview:-1\" \/>\n<link rel=\"canonical\" href=\"https:\/\/autofans.com.ar\/index.php\/2023\/09\/13\/bmw-vision-neue-klasse-el-futuro-sostenible-y-digital\/\" \/>\n<meta property=\"og:locale\" content=\"es_ES\" \/>\n<meta property=\"og:type\" content=\"article\" \/>\n<meta property=\"og:title\" content=\"BMW Vision Neue Klasse - el futuro sostenible y digital -\" \/>\n<meta property=\"og:description\" content=\"BMW presenta el Vision Neue Klasse en el IAA Mobility 2023 en M\u00fanich, marcando el inicio de una nueva era de movilidad sostenible y digital..\" \/>\n<meta property=\"og:url\" content=\"https:\/\/autofans.com.ar\/index.php\/2023\/09\/13\/bmw-vision-neue-klasse-el-futuro-sostenible-y-digital\/\" \/>\n<meta property=\"article:published_time\" content=\"2023-09-13T19:47:16+00:00\" \/>\n<meta property=\"og:image\" content=\"https:\/\/autofans.com.ar\/wp-content\/uploads\/2023\/09\/foto-3-16.jpg\" \/>\n\t<meta property=\"og:image:width\" content=\"1000\" \/>\n\t<meta property=\"og:image:height\" content=\"667\" \/>\n\t<meta property=\"og:image:type\" content=\"image\/jpeg\" \/>\n<meta name=\"author\" content=\"Alejandro Gabriel Rosito\" \/>\n<meta name=\"twitter:card\" content=\"summary_large_image\" \/>\n<meta name=\"twitter:label1\" content=\"Escrito por\" \/>\n\t<meta name=\"twitter:data1\" content=\"Alejandro Gabriel Rosito\" \/>\n\t<meta name=\"twitter:label2\" content=\"Tiempo de lectura\" \/>\n\t<meta name=\"twitter:data2\" content=\"3 minutos\" \/>\n<script type=\"application\/ld+json\" class=\"yoast-schema-graph\">{\"@context\":\"https:\\\/\\\/schema.org\",\"@graph\":[{\"@type\":\"Article\",\"@id\":\"https:\\\/\\\/autofans.com.ar\\\/index.php\\\/2023\\\/09\\\/13\\\/bmw-vision-neue-klasse-el-futuro-sostenible-y-digital\\\/#article\",\"isPartOf\":{\"@id\":\"https:\\\/\\\/autofans.com.ar\\\/index.php\\\/2023\\\/09\\\/13\\\/bmw-vision-neue-klasse-el-futuro-sostenible-y-digital\\\/\"},\"author\":{\"name\":\"Alejandro Gabriel Rosito\",\"@id\":\"https:\\\/\\\/autofans.com.ar\\\/#\\\/schema\\\/person\\\/4a8dda0b6df83ac3d6723e921274c2aa\"},\"headline\":\"BMW Vision Neue Klasse &#8211; el futuro sostenible y digital\",\"datePublished\":\"2023-09-13T19:47:16+00:00\",\"mainEntityOfPage\":{\"@id\":\"https:\\\/\\\/autofans.com.ar\\\/index.php\\\/2023\\\/09\\\/13\\\/bmw-vision-neue-klasse-el-futuro-sostenible-y-digital\\\/\"},\"wordCount\":473,\"image\":{\"@id\":\"https:\\\/\\\/autofans.com.ar\\\/index.php\\\/2023\\\/09\\\/13\\\/bmw-vision-neue-klasse-el-futuro-sostenible-y-digital\\\/#primaryimage\"},\"thumbnailUrl\":\"https:\\\/\\\/autofans.com.ar\\\/wp-content\\\/uploads\\\/2023\\\/09\\\/foto-3-16.jpg\",\"keywords\":[\"#BMW\",\"BMWGroup\",\"BMWNeueKlasse\",\"Innovaci\u00f3nTecnol\u00f3gica\",\"MovilidadSostenible\"],\"articleSection\":[\"AUTOS y SUV\",\"NOTICIAS\"],\"inLanguage\":\"es\"},{\"@type\":\"WebPage\",\"@id\":\"https:\\\/\\\/autofans.com.ar\\\/index.php\\\/2023\\\/09\\\/13\\\/bmw-vision-neue-klasse-el-futuro-sostenible-y-digital\\\/\",\"url\":\"https:\\\/\\\/autofans.com.ar\\\/index.php\\\/2023\\\/09\\\/13\\\/bmw-vision-neue-klasse-el-futuro-sostenible-y-digital\\\/\",\"name\":\"BMW Vision Neue Klasse - el futuro sostenible y digital -\",\"isPartOf\":{\"@id\":\"https:\\\/\\\/autofans.com.ar\\\/#website\"},\"primaryImageOfPage\":{\"@id\":\"https:\\\/\\\/autofans.com.ar\\\/index.php\\\/2023\\\/09\\\/13\\\/bmw-vision-neue-klasse-el-futuro-sostenible-y-digital\\\/#primaryimage\"},\"image\":{\"@id\":\"https:\\\/\\\/autofans.com.ar\\\/index.php\\\/2023\\\/09\\\/13\\\/bmw-vision-neue-klasse-el-futuro-sostenible-y-digital\\\/#primaryimage\"},\"thumbnailUrl\":\"https:\\\/\\\/autofans.com.ar\\\/wp-content\\\/uploads\\\/2023\\\/09\\\/foto-3-16.jpg\",\"datePublished\":\"2023-09-13T19:47:16+00:00\",\"author\":{\"@id\":\"https:\\\/\\\/autofans.com.ar\\\/#\\\/schema\\\/person\\\/4a8dda0b6df83ac3d6723e921274c2aa\"},\"description\":\"BMW presenta el Vision Neue Klasse en el IAA Mobility 2023 en M\u00fanich, marcando el inicio de una nueva era de movilidad sostenible y digital..\",\"breadcrumb\":{\"@id\":\"https:\\\/\\\/autofans.com.ar\\\/index.php\\\/2023\\\/09\\\/13\\\/bmw-vision-neue-klasse-el-futuro-sostenible-y-digital\\\/#breadcrumb\"},\"inLanguage\":\"es\",\"potentialAction\":[{\"@type\":\"ReadAction\",\"target\":[\"https:\\\/\\\/autofans.com.ar\\\/index.php\\\/2023\\\/09\\\/13\\\/bmw-vision-neue-klasse-el-futuro-sostenible-y-digital\\\/\"]}]},{\"@type\":\"ImageObject\",\"inLanguage\":\"es\",\"@id\":\"https:\\\/\\\/autofans.com.ar\\\/index.php\\\/2023\\\/09\\\/13\\\/bmw-vision-neue-klasse-el-futuro-sostenible-y-digital\\\/#primaryimage\",\"url\":\"https:\\\/\\\/autofans.com.ar\\\/wp-content\\\/uploads\\\/2023\\\/09\\\/foto-3-16.jpg\",\"contentUrl\":\"https:\\\/\\\/autofans.com.ar\\\/wp-content\\\/uploads\\\/2023\\\/09\\\/foto-3-16.jpg\",\"width\":1000,\"height\":667,\"caption\":\"BMW Vision\"},{\"@type\":\"BreadcrumbList\",\"@id\":\"https:\\\/\\\/autofans.com.ar\\\/index.php\\\/2023\\\/09\\\/13\\\/bmw-vision-neue-klasse-el-futuro-sostenible-y-digital\\\/#breadcrumb\",\"itemListElement\":[{\"@type\":\"ListItem\",\"position\":1,\"name\":\"Inicio\",\"item\":\"https:\\\/\\\/autofans.com.ar\\\/\"},{\"@type\":\"ListItem\",\"position\":2,\"name\":\"BMW Vision Neue Klasse &#8211; el futuro sostenible y digital\"}]},{\"@type\":\"WebSite\",\"@id\":\"https:\\\/\\\/autofans.com.ar\\\/#website\",\"url\":\"https:\\\/\\\/autofans.com.ar\\\/\",\"name\":\"\",\"description\":\"El multimedio referente de la industria automotriz\",\"potentialAction\":[{\"@type\":\"SearchAction\",\"target\":{\"@type\":\"EntryPoint\",\"urlTemplate\":\"https:\\\/\\\/autofans.com.ar\\\/?s={search_term_string}\"},\"query-input\":{\"@type\":\"PropertyValueSpecification\",\"valueRequired\":true,\"valueName\":\"search_term_string\"}}],\"inLanguage\":\"es\"},{\"@type\":\"Person\",\"@id\":\"https:\\\/\\\/autofans.com.ar\\\/#\\\/schema\\\/person\\\/4a8dda0b6df83ac3d6723e921274c2aa\",\"name\":\"Alejandro Gabriel Rosito\",\"image\":{\"@type\":\"ImageObject\",\"inLanguage\":\"es\",\"@id\":\"https:\\\/\\\/secure.gravatar.com\\\/avatar\\\/16c5dda1489adfc62618084dcbb91cffd879c374b13fe5dd8e44ed6733852c88?s=96&d=mm&r=g\",\"url\":\"https:\\\/\\\/secure.gravatar.com\\\/avatar\\\/16c5dda1489adfc62618084dcbb91cffd879c374b13fe5dd8e44ed6733852c88?s=96&d=mm&r=g\",\"contentUrl\":\"https:\\\/\\\/secure.gravatar.com\\\/avatar\\\/16c5dda1489adfc62618084dcbb91cffd879c374b13fe5dd8e44ed6733852c88?s=96&d=mm&r=g\",\"caption\":\"Alejandro Gabriel Rosito\"},\"url\":\"https:\\\/\\\/autofans.com.ar\\\/index.php\\\/author\\\/gabrielr\\\/\"}]}<\/script>\n<!-- \/ Yoast SEO plugin. -->","yoast_head_json":{"title":"BMW Vision Neue Klasse - el futuro sostenible y digital -","description":"BMW presenta el Vision Neue Klasse en el IAA Mobility 2023 en M\u00fanich, marcando el inicio de una nueva era de movilidad sostenible y digital..","robots":{"index":"index","follow":"follow","max-snippet":"max-snippet:-1","max-image-preview":"max-image-preview:large","max-video-preview":"max-video-preview:-1"},"canonical":"https:\/\/autofans.com.ar\/index.php\/2023\/09\/13\/bmw-vision-neue-klasse-el-futuro-sostenible-y-digital\/","og_locale":"es_ES","og_type":"article","og_title":"BMW Vision Neue Klasse - el futuro sostenible y digital -","og_description":"BMW presenta el Vision Neue Klasse en el IAA Mobility 2023 en M\u00fanich, marcando el inicio de una nueva era de movilidad sostenible y digital..","og_url":"https:\/\/autofans.com.ar\/index.php\/2023\/09\/13\/bmw-vision-neue-klasse-el-futuro-sostenible-y-digital\/","article_published_time":"2023-09-13T19:47:16+00:00","og_image":[{"width":1000,"height":667,"url":"https:\/\/autofans.com.ar\/wp-content\/uploads\/2023\/09\/foto-3-16.jpg","type":"image\/jpeg"}],"author":"Alejandro Gabriel Rosito","twitter_card":"summary_large_image","twitter_misc":{"Escrito por":"Alejandro Gabriel Rosito","Tiempo de lectura":"3 minutos"},"schema":{"@context":"https:\/\/schema.org","@graph":[{"@type":"Article","@id":"https:\/\/autofans.com.ar\/index.php\/2023\/09\/13\/bmw-vision-neue-klasse-el-futuro-sostenible-y-digital\/#article","isPartOf":{"@id":"https:\/\/autofans.com.ar\/index.php\/2023\/09\/13\/bmw-vision-neue-klasse-el-futuro-sostenible-y-digital\/"},"author":{"name":"Alejandro Gabriel Rosito","@id":"https:\/\/autofans.com.ar\/#\/schema\/person\/4a8dda0b6df83ac3d6723e921274c2aa"},"headline":"BMW Vision Neue Klasse &#8211; el futuro sostenible y digital","datePublished":"2023-09-13T19:47:16+00:00","mainEntityOfPage":{"@id":"https:\/\/autofans.com.ar\/index.php\/2023\/09\/13\/bmw-vision-neue-klasse-el-futuro-sostenible-y-digital\/"},"wordCount":473,"image":{"@id":"https:\/\/autofans.com.ar\/index.php\/2023\/09\/13\/bmw-vision-neue-klasse-el-futuro-sostenible-y-digital\/#primaryimage"},"thumbnailUrl":"https:\/\/autofans.com.ar\/wp-content\/uploads\/2023\/09\/foto-3-16.jpg","keywords":["#BMW","BMWGroup","BMWNeueKlasse","Innovaci\u00f3nTecnol\u00f3gica","MovilidadSostenible"],"articleSection":["AUTOS y SUV","NOTICIAS"],"inLanguage":"es"},{"@type":"WebPage","@id":"https:\/\/autofans.com.ar\/index.php\/2023\/09\/13\/bmw-vision-neue-klasse-el-futuro-sostenible-y-digital\/","url":"https:\/\/autofans.com.ar\/index.php\/2023\/09\/13\/bmw-vision-neue-klasse-el-futuro-sostenible-y-digital\/","name":"BMW Vision Neue Klasse - el futuro sostenible y digital -","isPartOf":{"@id":"https:\/\/autofans.com.ar\/#website"},"primaryImageOfPage":{"@id":"https:\/\/autofans.com.ar\/index.php\/2023\/09\/13\/bmw-vision-neue-klasse-el-futuro-sostenible-y-digital\/#primaryimage"},"image":{"@id":"https:\/\/autofans.com.ar\/index.php\/2023\/09\/13\/bmw-vision-neue-klasse-el-futuro-sostenible-y-digital\/#primaryimage"},"thumbnailUrl":"https:\/\/autofans.com.ar\/wp-content\/uploads\/2023\/09\/foto-3-16.jpg","datePublished":"2023-09-13T19:47:16+00:00","author":{"@id":"https:\/\/autofans.com.ar\/#\/schema\/person\/4a8dda0b6df83ac3d6723e921274c2aa"},"description":"BMW presenta el Vision Neue Klasse en el IAA Mobility 2023 en M\u00fanich, marcando el inicio de una nueva era de movilidad sostenible y digital..","breadcrumb":{"@id":"https:\/\/autofans.com.ar\/index.php\/2023\/09\/13\/bmw-vision-neue-klasse-el-futuro-sostenible-y-digital\/#breadcrumb"},"inLanguage":"es","potentialAction":[{"@type":"ReadAction","target":["https:\/\/autofans.com.ar\/index.php\/2023\/09\/13\/bmw-vision-neue-klasse-el-futuro-sostenible-y-digital\/"]}]},{"@type":"ImageObject","inLanguage":"es","@id":"https:\/\/autofans.com.ar\/index.php\/2023\/09\/13\/bmw-vision-neue-klasse-el-futuro-sostenible-y-digital\/#primaryimage","url":"https:\/\/autofans.com.ar\/wp-content\/uploads\/2023\/09\/foto-3-16.jpg","contentUrl":"https:\/\/autofans.com.ar\/wp-content\/uploads\/2023\/09\/foto-3-16.jpg","width":1000,"height":667,"caption":"BMW Vision"},{"@type":"BreadcrumbList","@id":"https:\/\/autofans.com.ar\/index.php\/2023\/09\/13\/bmw-vision-neue-klasse-el-futuro-sostenible-y-digital\/#breadcrumb","itemListElement":[{"@type":"ListItem","position":1,"name":"Inicio","item":"https:\/\/autofans.com.ar\/"},{"@type":"ListItem","position":2,"name":"BMW Vision Neue Klasse &#8211; el futuro sostenible y digital"}]},{"@type":"WebSite","@id":"https:\/\/autofans.com.ar\/#website","url":"https:\/\/autofans.com.ar\/","name":"","description":"El multimedio referente de la industria automotriz","potentialAction":[{"@type":"SearchAction","target":{"@type":"EntryPoint","urlTemplate":"https:\/\/autofans.com.ar\/?s={search_term_string}"},"query-input":{"@type":"PropertyValueSpecification","valueRequired":true,"valueName":"search_term_string"}}],"inLanguage":"es"},{"@type":"Person","@id":"https:\/\/autofans.com.ar\/#\/schema\/person\/4a8dda0b6df83ac3d6723e921274c2aa","name":"Alejandro Gabriel Rosito","image":{"@type":"ImageObject","inLanguage":"es","@id":"https:\/\/secure.gravatar.com\/avatar\/16c5dda1489adfc62618084dcbb91cffd879c374b13fe5dd8e44ed6733852c88?s=96&d=mm&r=g","url":"https:\/\/secure.gravatar.com\/avatar\/16c5dda1489adfc62618084dcbb91cffd879c374b13fe5dd8e44ed6733852c88?s=96&d=mm&r=g","contentUrl":"https:\/\/secure.gravatar.com\/avatar\/16c5dda1489adfc62618084dcbb91cffd879c374b13fe5dd8e44ed6733852c88?s=96&d=mm&r=g","caption":"Alejandro Gabriel Rosito"},"url":"https:\/\/autofans.com.ar\/index.php\/author\/gabrielr\/"}]}},"featured_image_urls":{"full":["https:\/\/autofans.com.ar\/wp-content\/uploads\/2023\/09\/foto-3-16.jpg",1000,667,false],"thumbnail":["https:\/\/autofans.com.ar\/wp-content\/uploads\/2023\/09\/foto-3-16-150x150.jpg",150,150,true],"medium":["https:\/\/autofans.com.ar\/wp-content\/uploads\/2023\/09\/foto-3-16-300x200.jpg",300,200,true],"medium_large":["https:\/\/autofans.com.ar\/wp-content\/uploads\/2023\/09\/foto-3-16-768x512.jpg",640,427,true],"large":["https:\/\/autofans.com.ar\/wp-content\/uploads\/2023\/09\/foto-3-16.jpg",640,427,false],"1536x1536":["https:\/\/autofans.com.ar\/wp-content\/uploads\/2023\/09\/foto-3-16.jpg",1000,667,false],"2048x2048":["https:\/\/autofans.com.ar\/wp-content\/uploads\/2023\/09\/foto-3-16.jpg",1000,667,false],"covernews-featured":["https:\/\/autofans.com.ar\/wp-content\/uploads\/2023\/09\/foto-3-16.jpg",1000,667,false],"covernews-medium":["https:\/\/autofans.com.ar\/wp-content\/uploads\/2023\/09\/foto-3-16-540x340.jpg",540,340,true]},"author_info":{"display_name":"Alejandro Gabriel Rosito","author_link":"https:\/\/autofans.com.ar\/index.php\/author\/gabrielr\/"},"category_info":"<a href=\"https:\/\/autofans.com.ar\/index.php\/category\/noticias\/autos\/\" rel=\"category tag\">AUTOS y SUV<\/a> <a href=\"https:\/\/autofans.com.ar\/index.php\/category\/noticias\/\" rel=\"category tag\">NOTICIAS<\/a>","tag_info":"NOTICIAS","comment_count":0,"_links":{"self":[{"href":"https:\/\/autofans.com.ar\/index.php\/wp-json\/wp\/v2\/posts\/5000","targetHints":{"allow":["GET"]}}],"collection":[{"href":"https:\/\/autofans.com.ar\/index.php\/wp-json\/wp\/v2\/posts"}],"about":[{"href":"https:\/\/autofans.com.ar\/index.php\/wp-json\/wp\/v2\/types\/post"}],"author":[{"embeddable":true,"href":"https:\/\/autofans.com.ar\/index.php\/wp-json\/wp\/v2\/users\/2"}],"replies":[{"embeddable":true,"href":"https:\/\/autofans.com.ar\/index.php\/wp-json\/wp\/v2\/comments?post=5000"}],"version-history":[{"count":3,"href":"https:\/\/autofans.com.ar\/index.php\/wp-json\/wp\/v2\/posts\/5000\/revisions"}],"predecessor-version":[{"id":5008,"href":"https:\/\/autofans.com.ar\/index.php\/wp-json\/wp\/v2\/posts\/5000\/revisions\/5008"}],"wp:featuredmedia":[{"embeddable":true,"href":"https:\/\/autofans.com.ar\/index.php\/wp-json\/wp\/v2\/media\/5003"}],"wp:attachment":[{"href":"https:\/\/autofans.com.ar\/index.php\/wp-json\/wp\/v2\/media?parent=5000"}],"wp:term":[{"taxonomy":"category","embeddable":true,"href":"https:\/\/autofans.com.ar\/index.php\/wp-json\/wp\/v2\/categories?post=5000"},{"taxonomy":"post_tag","embeddable":true,"href":"https:\/\/autofans.com.ar\/index.php\/wp-json\/wp\/v2\/tags?post=5000"}],"curies":[{"name":"wp","href":"https:\/\/api.w.org\/{rel}","templated":true}]}}