{"id":5009,"date":"2023-09-13T18:18:30","date_gmt":"2023-09-13T21:18:30","guid":{"rendered":"https:\/\/autofans.com.ar\/?p=5009"},"modified":"2023-09-13T18:22:24","modified_gmt":"2023-09-13T21:22:24","slug":"iveco-presenta-soluciones-innovadoras-en-oilgas-expo-2023","status":"publish","type":"post","link":"https:\/\/autofans.com.ar\/index.php\/2023\/09\/13\/iveco-presenta-soluciones-innovadoras-en-oilgas-expo-2023\/","title":{"rendered":"IVECO Presenta Soluciones Innovadoras en Oil&#038;Gas Expo 2023"},"content":{"rendered":"<p>IVECO, l\u00edder en la industria automotriz y especializado en veh\u00edculos de transporte, se prepara para destacar en Oil&amp;Gas Expo 2023. El evento m\u00e1s destacado de la industria de hidrocarburos en la regi\u00f3n, que se llevar\u00e1 a cabo del 11 al 14 de septiembre en La Rural, Buenos Aires. Como parte de su compromiso continuo con la producci\u00f3n nacional y la innovaci\u00f3n en el transporte, IVECO presentar\u00e1 sus \u00faltimas soluciones dise\u00f1adas espec\u00edficamente para los sectores de gas y petr\u00f3leo.<\/p>\n<div dir=\"ltr\">\n<div dir=\"ltr\">\n<blockquote>\n<p style=\"text-align: center;\"><em>\u201cLa miner\u00eda y la industria de los hidrocarburos son actividades que tienen gran presente y futuro en el pa\u00eds. Nuestro Trakker Hi-Land es un cami\u00f3n desarrollado y producido en nuestra planta de C\u00f3rdoba especialmente para dar respuesta a estas industrias\u201d<\/em>, declar\u00f3 Santos Doncel Jones, Presidente de Iveco Group.<\/p>\n<\/blockquote>\n<p><img fetchpriority=\"high\" decoding=\"async\" class=\"aligncenter wp-image-5012 size-full\" src=\"https:\/\/autofans.com.ar\/wp-content\/uploads\/2023\/09\/foto-2-20.jpg\" alt=\"iveco\" width=\"1000\" height=\"667\" srcset=\"https:\/\/autofans.com.ar\/wp-content\/uploads\/2023\/09\/foto-2-20.jpg 1000w, https:\/\/autofans.com.ar\/wp-content\/uploads\/2023\/09\/foto-2-20-300x200.jpg 300w, https:\/\/autofans.com.ar\/wp-content\/uploads\/2023\/09\/foto-2-20-768x512.jpg 768w\" sizes=\"(max-width: 1000px) 100vw, 1000px\" \/><\/p>\n<\/div>\n<\/div>\n<p>En su stand, IVECO exhibir\u00e1 el Trakker Hi-Land, un cami\u00f3n extrapesado producido en la planta de C\u00f3rdoba. Ideal para operaciones off-road en la industria del gas y petr\u00f3leo. Este potente veh\u00edculo est\u00e1 equipado con un motor FPT Cursor 13 de 440 o 480 CV, ofreciendo versatilidad y potencia para diversas aplicaciones, desde la miner\u00eda hasta la recolecci\u00f3n de ca\u00f1a de az\u00facar.<\/p>\n<p>Adem\u00e1s del Trakker Hi-Land, IVECO presentar\u00e1 el Stralis Hi-Road con suspensi\u00f3n neum\u00e1tica y EBS, tecnolog\u00eda local que lo hace adecuado para el transporte de combustible y aplicaciones escalables como bitren o transporte de sustancias peligrosas. Tambi\u00e9n se exhibir\u00e1 el Tector a GNC, un cami\u00f3n \u00fanico en su clase impulsado por combustibles alternativos producido en Argentina.<\/p>\n<div dir=\"ltr\">\n<blockquote>\n<p style=\"text-align: center;\">\u201cEstamos orgullosos de nuestra planta donde producimos cada vez m\u00e1s y con proveedores locales que suman sus productos para que este tipo de camiones y tecnolog\u00edas sean posibles de fabricar en el pa\u00eds. Venimos incorporando nuevas tecnolog\u00edas para ofrecer productos cada vez m\u00e1s eficientes y sustentables que nos permitan acompa\u00f1ar a nuestros clientes en el desarrollo de sus negocios\u201d, expres\u00f3 Francisco Spasaro, Director Comercial de IVECO Argentina.<\/p>\n<\/blockquote>\n<\/div>\n<p><img decoding=\"async\" class=\"aligncenter wp-image-5011 size-full\" src=\"https:\/\/autofans.com.ar\/wp-content\/uploads\/2023\/09\/foto-3-17.jpg\" alt=\"iveco\" width=\"1000\" height=\"667\" srcset=\"https:\/\/autofans.com.ar\/wp-content\/uploads\/2023\/09\/foto-3-17.jpg 1000w, https:\/\/autofans.com.ar\/wp-content\/uploads\/2023\/09\/foto-3-17-300x200.jpg 300w, https:\/\/autofans.com.ar\/wp-content\/uploads\/2023\/09\/foto-3-17-768x512.jpg 768w\" sizes=\"(max-width: 1000px) 100vw, 1000px\" \/><\/p>\n<div dir=\"ltr\">\n<blockquote>\n<p style=\"text-align: center;\">\u201cEstamos muy orgullosos del Tector GNC, que es nuestro exponente nacional de la gama Natural Power que incluye a nuestros veh\u00edculos impulsados por energ\u00edas alternativas. Este cami\u00f3n tiene la particularidad de que al ser utilizado a gas tiene menores emisiones de material particulado, gases nocivos y ruido, un producto ideal para operaciones en ciudad. Para nosotros el transporte sustentable es sin dudas nuestra prioridad, as\u00ed como tambi\u00e9n seguir cumpliendo con las expectativas de nuestros clientes a trav\u00e9s de la innovaci\u00f3n y evoluci\u00f3n de nuestro portfolio de productos\u201d, a\u00f1adi\u00f3 Spasaro.<\/p>\n<\/blockquote>\n<\/div>\n<p>&nbsp;<\/p>\n<h2>IVECO Tector a GNC<\/h2>\n<p>El Tector a GNC, en su versi\u00f3n r\u00edgida y configuraci\u00f3n 4&#215;2 cabina corta, cuenta con seis tanques de GNC, otorg\u00e1ndole una autonom\u00eda de entre 300 y 400 kil\u00f3metros, dependiendo de la misi\u00f3n y el modo de conducci\u00f3n. Esto lo convierte en una opci\u00f3n ideal para operaciones urbanas y contribuye a la reducci\u00f3n de emisiones y ruido.<\/p>\n<p>&nbsp;<\/p>\n<p><img decoding=\"async\" class=\"aligncenter wp-image-5010 size-full\" src=\"https:\/\/autofans.com.ar\/wp-content\/uploads\/2023\/09\/foto-4-9.jpg\" alt=\"iveco\" width=\"1000\" height=\"667\" srcset=\"https:\/\/autofans.com.ar\/wp-content\/uploads\/2023\/09\/foto-4-9.jpg 1000w, https:\/\/autofans.com.ar\/wp-content\/uploads\/2023\/09\/foto-4-9-300x200.jpg 300w, https:\/\/autofans.com.ar\/wp-content\/uploads\/2023\/09\/foto-4-9-768x512.jpg 768w\" sizes=\"(max-width: 1000px) 100vw, 1000px\" \/><\/p>\n<p>&nbsp;<\/p>\n<p>Argentina, con su abundante suministro de gas natural, est\u00e1 posicionada para liderar la industria energ\u00e9tica en la regi\u00f3n. La reciente inauguraci\u00f3n de obras en Vaca Muerta y los esfuerzos para la licuefacci\u00f3n de gas natural demuestran el compromiso del pa\u00eds con la producci\u00f3n y exportaci\u00f3n de gas.<\/p>\n<p><a href=\"https:\/\/autofans.com.ar\/index.php\/2023\/09\/08\/iveco-group-impulsa-la-produccion-nacional\/\" target=\"_blank\" rel=\"noopener\">IVECO<\/a>, con su experiencia global en veh\u00edculos a gas, se encuentra en una posici\u00f3n \u00fanica para apoyar estos esfuerzos. Continuar ofreciendo soluciones de transporte sostenible y eficiente para la industria de hidrocarburos.<\/p>\n<p>&nbsp;<\/p>\n<p><i>Para enterarte de m\u00e1s novedades, no dejes de leer\u00a0<\/i><a href=\"https:\/\/autofans.thebrandsoup.com\/\"><i>nuestras notas<\/i><\/a><i>, de ver<\/i><b><i>\u00a0<\/i><\/b><a href=\"https:\/\/www.youtube.com\/channel\/UCgAC8UGHZYbT6P7PpmVnP7g\"><b><i>AUTOFANS TV<\/i><\/b><\/a><b><i>\u00a0<\/i><\/b><i>en nuestro\u00a0canal de Youtube. Adem\u00e1s seguinos en\u00a0<\/i><a href=\"https:\/\/www.instagram.com\/autofanstv\/\"><i>INSTAGRAM<\/i><\/a><i> y <\/i><a href=\"https:\/\/www.facebook.com\/autofansmas\/\"><i>FACEBOOK<\/i><\/a><i> para no perderte nada sobre las novedades del segmento automotor de Argentina y el mundo.<\/i><\/p>\n<p><i><span class=\"Apple-converted-space\">\u00a0<\/span><\/i><\/p>\n","protected":false},"excerpt":{"rendered":"<p>IVECO, l\u00edder en la industria automotriz y especializado en veh\u00edculos de transporte, se prepara para&#8230;<\/p>\n","protected":false},"author":2,"featured_media":5013,"comment_status":"closed","ping_status":"closed","sticky":false,"template":"","format":"standard","meta":{"footnotes":""},"categories":[16,10],"tags":[216,2512,654,2509,2511,2510],"class_list":["post-5009","post","type-post","status-publish","format-standard","has-post-thumbnail","hentry","category-noticias","category-utilitarios-y-pesados-lanzamientos","tag-sostenibilidad","tag-gas-natural","tag-iveco","tag-oilgas-expo","tag-trakker-hi-land","tag-transporte-de-hidrocarburos"],"yoast_head":"<!-- This site is optimized with the Yoast SEO plugin v27.5 - https:\/\/yoast.com\/product\/yoast-seo-wordpress\/ -->\n<title>IVECO Presenta Soluciones Innovadoras en Oil&amp;Gas Expo 2023 -<\/title>\n<meta name=\"description\" content=\"IVECO, l\u00edder en la industria automotriz y especializado en veh\u00edculos de transporte, se prepara para destacar en Oil&amp;Gas Expo 2023...\" \/>\n<meta name=\"robots\" content=\"index, follow, max-snippet:-1, max-image-preview:large, max-video-preview:-1\" \/>\n<link rel=\"canonical\" href=\"https:\/\/autofans.com.ar\/index.php\/2023\/09\/13\/iveco-presenta-soluciones-innovadoras-en-oilgas-expo-2023\/\" \/>\n<meta property=\"og:locale\" content=\"es_ES\" \/>\n<meta property=\"og:type\" content=\"article\" \/>\n<meta property=\"og:title\" content=\"IVECO Presenta Soluciones Innovadoras en Oil&amp;Gas Expo 2023 -\" \/>\n<meta property=\"og:description\" content=\"IVECO, l\u00edder en la industria automotriz y especializado en veh\u00edculos de transporte, se prepara para destacar en Oil&amp;Gas Expo 2023...\" \/>\n<meta property=\"og:url\" content=\"https:\/\/autofans.com.ar\/index.php\/2023\/09\/13\/iveco-presenta-soluciones-innovadoras-en-oilgas-expo-2023\/\" \/>\n<meta property=\"article:published_time\" content=\"2023-09-13T21:18:30+00:00\" \/>\n<meta property=\"article:modified_time\" content=\"2023-09-13T21:22:24+00:00\" \/>\n<meta property=\"og:image\" content=\"https:\/\/autofans.com.ar\/wp-content\/uploads\/2023\/09\/foto-1-20.jpg\" \/>\n\t<meta property=\"og:image:width\" content=\"1000\" \/>\n\t<meta property=\"og:image:height\" content=\"667\" \/>\n\t<meta property=\"og:image:type\" content=\"image\/jpeg\" \/>\n<meta name=\"author\" content=\"Alejandro Gabriel Rosito\" \/>\n<meta name=\"twitter:card\" content=\"summary_large_image\" \/>\n<meta name=\"twitter:label1\" content=\"Escrito por\" \/>\n\t<meta name=\"twitter:data1\" content=\"Alejandro Gabriel Rosito\" \/>\n\t<meta name=\"twitter:label2\" content=\"Tiempo de lectura\" \/>\n\t<meta name=\"twitter:data2\" content=\"3 minutos\" \/>\n<script type=\"application\/ld+json\" class=\"yoast-schema-graph\">{\"@context\":\"https:\\\/\\\/schema.org\",\"@graph\":[{\"@type\":\"Article\",\"@id\":\"https:\\\/\\\/autofans.com.ar\\\/index.php\\\/2023\\\/09\\\/13\\\/iveco-presenta-soluciones-innovadoras-en-oilgas-expo-2023\\\/#article\",\"isPartOf\":{\"@id\":\"https:\\\/\\\/autofans.com.ar\\\/index.php\\\/2023\\\/09\\\/13\\\/iveco-presenta-soluciones-innovadoras-en-oilgas-expo-2023\\\/\"},\"author\":{\"name\":\"Alejandro Gabriel Rosito\",\"@id\":\"https:\\\/\\\/autofans.com.ar\\\/#\\\/schema\\\/person\\\/4a8dda0b6df83ac3d6723e921274c2aa\"},\"headline\":\"IVECO Presenta Soluciones Innovadoras en Oil&#038;Gas Expo 2023\",\"datePublished\":\"2023-09-13T21:18:30+00:00\",\"dateModified\":\"2023-09-13T21:22:24+00:00\",\"mainEntityOfPage\":{\"@id\":\"https:\\\/\\\/autofans.com.ar\\\/index.php\\\/2023\\\/09\\\/13\\\/iveco-presenta-soluciones-innovadoras-en-oilgas-expo-2023\\\/\"},\"wordCount\":646,\"image\":{\"@id\":\"https:\\\/\\\/autofans.com.ar\\\/index.php\\\/2023\\\/09\\\/13\\\/iveco-presenta-soluciones-innovadoras-en-oilgas-expo-2023\\\/#primaryimage\"},\"thumbnailUrl\":\"https:\\\/\\\/autofans.com.ar\\\/wp-content\\\/uploads\\\/2023\\\/09\\\/foto-1-20.jpg\",\"keywords\":[\"#sostenibilidad\",\"gas natural\",\"IVECO\",\"Oil&amp;Gas Expo\",\"Trakker Hi-Land\",\"transporte de hidrocarburos\"],\"articleSection\":[\"NOTICIAS\",\"Pick Ups, Utilitarios y Pesados\"],\"inLanguage\":\"es\"},{\"@type\":\"WebPage\",\"@id\":\"https:\\\/\\\/autofans.com.ar\\\/index.php\\\/2023\\\/09\\\/13\\\/iveco-presenta-soluciones-innovadoras-en-oilgas-expo-2023\\\/\",\"url\":\"https:\\\/\\\/autofans.com.ar\\\/index.php\\\/2023\\\/09\\\/13\\\/iveco-presenta-soluciones-innovadoras-en-oilgas-expo-2023\\\/\",\"name\":\"IVECO Presenta Soluciones Innovadoras en Oil&Gas Expo 2023 -\",\"isPartOf\":{\"@id\":\"https:\\\/\\\/autofans.com.ar\\\/#website\"},\"primaryImageOfPage\":{\"@id\":\"https:\\\/\\\/autofans.com.ar\\\/index.php\\\/2023\\\/09\\\/13\\\/iveco-presenta-soluciones-innovadoras-en-oilgas-expo-2023\\\/#primaryimage\"},\"image\":{\"@id\":\"https:\\\/\\\/autofans.com.ar\\\/index.php\\\/2023\\\/09\\\/13\\\/iveco-presenta-soluciones-innovadoras-en-oilgas-expo-2023\\\/#primaryimage\"},\"thumbnailUrl\":\"https:\\\/\\\/autofans.com.ar\\\/wp-content\\\/uploads\\\/2023\\\/09\\\/foto-1-20.jpg\",\"datePublished\":\"2023-09-13T21:18:30+00:00\",\"dateModified\":\"2023-09-13T21:22:24+00:00\",\"author\":{\"@id\":\"https:\\\/\\\/autofans.com.ar\\\/#\\\/schema\\\/person\\\/4a8dda0b6df83ac3d6723e921274c2aa\"},\"description\":\"IVECO, l\u00edder en la industria automotriz y especializado en veh\u00edculos de transporte, se prepara para destacar en Oil&Gas Expo 2023...\",\"breadcrumb\":{\"@id\":\"https:\\\/\\\/autofans.com.ar\\\/index.php\\\/2023\\\/09\\\/13\\\/iveco-presenta-soluciones-innovadoras-en-oilgas-expo-2023\\\/#breadcrumb\"},\"inLanguage\":\"es\",\"potentialAction\":[{\"@type\":\"ReadAction\",\"target\":[\"https:\\\/\\\/autofans.com.ar\\\/index.php\\\/2023\\\/09\\\/13\\\/iveco-presenta-soluciones-innovadoras-en-oilgas-expo-2023\\\/\"]}]},{\"@type\":\"ImageObject\",\"inLanguage\":\"es\",\"@id\":\"https:\\\/\\\/autofans.com.ar\\\/index.php\\\/2023\\\/09\\\/13\\\/iveco-presenta-soluciones-innovadoras-en-oilgas-expo-2023\\\/#primaryimage\",\"url\":\"https:\\\/\\\/autofans.com.ar\\\/wp-content\\\/uploads\\\/2023\\\/09\\\/foto-1-20.jpg\",\"contentUrl\":\"https:\\\/\\\/autofans.com.ar\\\/wp-content\\\/uploads\\\/2023\\\/09\\\/foto-1-20.jpg\",\"width\":1000,\"height\":667,\"caption\":\"iveco\"},{\"@type\":\"BreadcrumbList\",\"@id\":\"https:\\\/\\\/autofans.com.ar\\\/index.php\\\/2023\\\/09\\\/13\\\/iveco-presenta-soluciones-innovadoras-en-oilgas-expo-2023\\\/#breadcrumb\",\"itemListElement\":[{\"@type\":\"ListItem\",\"position\":1,\"name\":\"Inicio\",\"item\":\"https:\\\/\\\/autofans.com.ar\\\/\"},{\"@type\":\"ListItem\",\"position\":2,\"name\":\"IVECO Presenta Soluciones Innovadoras en Oil&#038;Gas Expo 2023\"}]},{\"@type\":\"WebSite\",\"@id\":\"https:\\\/\\\/autofans.com.ar\\\/#website\",\"url\":\"https:\\\/\\\/autofans.com.ar\\\/\",\"name\":\"\",\"description\":\"El multimedio referente de la industria automotriz\",\"potentialAction\":[{\"@type\":\"SearchAction\",\"target\":{\"@type\":\"EntryPoint\",\"urlTemplate\":\"https:\\\/\\\/autofans.com.ar\\\/?s={search_term_string}\"},\"query-input\":{\"@type\":\"PropertyValueSpecification\",\"valueRequired\":true,\"valueName\":\"search_term_string\"}}],\"inLanguage\":\"es\"},{\"@type\":\"Person\",\"@id\":\"https:\\\/\\\/autofans.com.ar\\\/#\\\/schema\\\/person\\\/4a8dda0b6df83ac3d6723e921274c2aa\",\"name\":\"Alejandro Gabriel Rosito\",\"image\":{\"@type\":\"ImageObject\",\"inLanguage\":\"es\",\"@id\":\"https:\\\/\\\/secure.gravatar.com\\\/avatar\\\/16c5dda1489adfc62618084dcbb91cffd879c374b13fe5dd8e44ed6733852c88?s=96&d=mm&r=g\",\"url\":\"https:\\\/\\\/secure.gravatar.com\\\/avatar\\\/16c5dda1489adfc62618084dcbb91cffd879c374b13fe5dd8e44ed6733852c88?s=96&d=mm&r=g\",\"contentUrl\":\"https:\\\/\\\/secure.gravatar.com\\\/avatar\\\/16c5dda1489adfc62618084dcbb91cffd879c374b13fe5dd8e44ed6733852c88?s=96&d=mm&r=g\",\"caption\":\"Alejandro Gabriel Rosito\"},\"url\":\"https:\\\/\\\/autofans.com.ar\\\/index.php\\\/author\\\/gabrielr\\\/\"}]}<\/script>\n<!-- \/ Yoast SEO plugin. -->","yoast_head_json":{"title":"IVECO Presenta Soluciones Innovadoras en Oil&Gas Expo 2023 -","description":"IVECO, l\u00edder en la industria automotriz y especializado en veh\u00edculos de transporte, se prepara para destacar en Oil&Gas Expo 2023...","robots":{"index":"index","follow":"follow","max-snippet":"max-snippet:-1","max-image-preview":"max-image-preview:large","max-video-preview":"max-video-preview:-1"},"canonical":"https:\/\/autofans.com.ar\/index.php\/2023\/09\/13\/iveco-presenta-soluciones-innovadoras-en-oilgas-expo-2023\/","og_locale":"es_ES","og_type":"article","og_title":"IVECO Presenta Soluciones Innovadoras en Oil&Gas Expo 2023 -","og_description":"IVECO, l\u00edder en la industria automotriz y especializado en veh\u00edculos de transporte, se prepara para destacar en Oil&Gas Expo 2023...","og_url":"https:\/\/autofans.com.ar\/index.php\/2023\/09\/13\/iveco-presenta-soluciones-innovadoras-en-oilgas-expo-2023\/","article_published_time":"2023-09-13T21:18:30+00:00","article_modified_time":"2023-09-13T21:22:24+00:00","og_image":[{"width":1000,"height":667,"url":"https:\/\/autofans.com.ar\/wp-content\/uploads\/2023\/09\/foto-1-20.jpg","type":"image\/jpeg"}],"author":"Alejandro Gabriel Rosito","twitter_card":"summary_large_image","twitter_misc":{"Escrito por":"Alejandro Gabriel Rosito","Tiempo de lectura":"3 minutos"},"schema":{"@context":"https:\/\/schema.org","@graph":[{"@type":"Article","@id":"https:\/\/autofans.com.ar\/index.php\/2023\/09\/13\/iveco-presenta-soluciones-innovadoras-en-oilgas-expo-2023\/#article","isPartOf":{"@id":"https:\/\/autofans.com.ar\/index.php\/2023\/09\/13\/iveco-presenta-soluciones-innovadoras-en-oilgas-expo-2023\/"},"author":{"name":"Alejandro Gabriel Rosito","@id":"https:\/\/autofans.com.ar\/#\/schema\/person\/4a8dda0b6df83ac3d6723e921274c2aa"},"headline":"IVECO Presenta Soluciones Innovadoras en Oil&#038;Gas Expo 2023","datePublished":"2023-09-13T21:18:30+00:00","dateModified":"2023-09-13T21:22:24+00:00","mainEntityOfPage":{"@id":"https:\/\/autofans.com.ar\/index.php\/2023\/09\/13\/iveco-presenta-soluciones-innovadoras-en-oilgas-expo-2023\/"},"wordCount":646,"image":{"@id":"https:\/\/autofans.com.ar\/index.php\/2023\/09\/13\/iveco-presenta-soluciones-innovadoras-en-oilgas-expo-2023\/#primaryimage"},"thumbnailUrl":"https:\/\/autofans.com.ar\/wp-content\/uploads\/2023\/09\/foto-1-20.jpg","keywords":["#sostenibilidad","gas natural","IVECO","Oil&amp;Gas Expo","Trakker Hi-Land","transporte de hidrocarburos"],"articleSection":["NOTICIAS","Pick Ups, Utilitarios y Pesados"],"inLanguage":"es"},{"@type":"WebPage","@id":"https:\/\/autofans.com.ar\/index.php\/2023\/09\/13\/iveco-presenta-soluciones-innovadoras-en-oilgas-expo-2023\/","url":"https:\/\/autofans.com.ar\/index.php\/2023\/09\/13\/iveco-presenta-soluciones-innovadoras-en-oilgas-expo-2023\/","name":"IVECO Presenta Soluciones Innovadoras en Oil&Gas Expo 2023 -","isPartOf":{"@id":"https:\/\/autofans.com.ar\/#website"},"primaryImageOfPage":{"@id":"https:\/\/autofans.com.ar\/index.php\/2023\/09\/13\/iveco-presenta-soluciones-innovadoras-en-oilgas-expo-2023\/#primaryimage"},"image":{"@id":"https:\/\/autofans.com.ar\/index.php\/2023\/09\/13\/iveco-presenta-soluciones-innovadoras-en-oilgas-expo-2023\/#primaryimage"},"thumbnailUrl":"https:\/\/autofans.com.ar\/wp-content\/uploads\/2023\/09\/foto-1-20.jpg","datePublished":"2023-09-13T21:18:30+00:00","dateModified":"2023-09-13T21:22:24+00:00","author":{"@id":"https:\/\/autofans.com.ar\/#\/schema\/person\/4a8dda0b6df83ac3d6723e921274c2aa"},"description":"IVECO, l\u00edder en la industria automotriz y especializado en veh\u00edculos de transporte, se prepara para destacar en Oil&Gas Expo 2023...","breadcrumb":{"@id":"https:\/\/autofans.com.ar\/index.php\/2023\/09\/13\/iveco-presenta-soluciones-innovadoras-en-oilgas-expo-2023\/#breadcrumb"},"inLanguage":"es","potentialAction":[{"@type":"ReadAction","target":["https:\/\/autofans.com.ar\/index.php\/2023\/09\/13\/iveco-presenta-soluciones-innovadoras-en-oilgas-expo-2023\/"]}]},{"@type":"ImageObject","inLanguage":"es","@id":"https:\/\/autofans.com.ar\/index.php\/2023\/09\/13\/iveco-presenta-soluciones-innovadoras-en-oilgas-expo-2023\/#primaryimage","url":"https:\/\/autofans.com.ar\/wp-content\/uploads\/2023\/09\/foto-1-20.jpg","contentUrl":"https:\/\/autofans.com.ar\/wp-content\/uploads\/2023\/09\/foto-1-20.jpg","width":1000,"height":667,"caption":"iveco"},{"@type":"BreadcrumbList","@id":"https:\/\/autofans.com.ar\/index.php\/2023\/09\/13\/iveco-presenta-soluciones-innovadoras-en-oilgas-expo-2023\/#breadcrumb","itemListElement":[{"@type":"ListItem","position":1,"name":"Inicio","item":"https:\/\/autofans.com.ar\/"},{"@type":"ListItem","position":2,"name":"IVECO Presenta Soluciones Innovadoras en Oil&#038;Gas Expo 2023"}]},{"@type":"WebSite","@id":"https:\/\/autofans.com.ar\/#website","url":"https:\/\/autofans.com.ar\/","name":"","description":"El multimedio referente de la industria automotriz","potentialAction":[{"@type":"SearchAction","target":{"@type":"EntryPoint","urlTemplate":"https:\/\/autofans.com.ar\/?s={search_term_string}"},"query-input":{"@type":"PropertyValueSpecification","valueRequired":true,"valueName":"search_term_string"}}],"inLanguage":"es"},{"@type":"Person","@id":"https:\/\/autofans.com.ar\/#\/schema\/person\/4a8dda0b6df83ac3d6723e921274c2aa","name":"Alejandro Gabriel Rosito","image":{"@type":"ImageObject","inLanguage":"es","@id":"https:\/\/secure.gravatar.com\/avatar\/16c5dda1489adfc62618084dcbb91cffd879c374b13fe5dd8e44ed6733852c88?s=96&d=mm&r=g","url":"https:\/\/secure.gravatar.com\/avatar\/16c5dda1489adfc62618084dcbb91cffd879c374b13fe5dd8e44ed6733852c88?s=96&d=mm&r=g","contentUrl":"https:\/\/secure.gravatar.com\/avatar\/16c5dda1489adfc62618084dcbb91cffd879c374b13fe5dd8e44ed6733852c88?s=96&d=mm&r=g","caption":"Alejandro Gabriel Rosito"},"url":"https:\/\/autofans.com.ar\/index.php\/author\/gabrielr\/"}]}},"featured_image_urls":{"full":["https:\/\/autofans.com.ar\/wp-content\/uploads\/2023\/09\/foto-1-20.jpg",1000,667,false],"thumbnail":["https:\/\/autofans.com.ar\/wp-content\/uploads\/2023\/09\/foto-1-20-150x150.jpg",150,150,true],"medium":["https:\/\/autofans.com.ar\/wp-content\/uploads\/2023\/09\/foto-1-20-300x200.jpg",300,200,true],"medium_large":["https:\/\/autofans.com.ar\/wp-content\/uploads\/2023\/09\/foto-1-20-768x512.jpg",640,427,true],"large":["https:\/\/autofans.com.ar\/wp-content\/uploads\/2023\/09\/foto-1-20.jpg",640,427,false],"1536x1536":["https:\/\/autofans.com.ar\/wp-content\/uploads\/2023\/09\/foto-1-20.jpg",1000,667,false],"2048x2048":["https:\/\/autofans.com.ar\/wp-content\/uploads\/2023\/09\/foto-1-20.jpg",1000,667,false],"covernews-featured":["https:\/\/autofans.com.ar\/wp-content\/uploads\/2023\/09\/foto-1-20.jpg",1000,667,false],"covernews-medium":["https:\/\/autofans.com.ar\/wp-content\/uploads\/2023\/09\/foto-1-20-540x340.jpg",540,340,true]},"author_info":{"display_name":"Alejandro Gabriel Rosito","author_link":"https:\/\/autofans.com.ar\/index.php\/author\/gabrielr\/"},"category_info":"<a href=\"https:\/\/autofans.com.ar\/index.php\/category\/noticias\/\" rel=\"category tag\">NOTICIAS<\/a> <a href=\"https:\/\/autofans.com.ar\/index.php\/category\/lanzamientos\/utilitarios-y-pesados-lanzamientos\/\" rel=\"category tag\">Pick Ups, Utilitarios y Pesados<\/a>","tag_info":"Pick Ups, Utilitarios y Pesados","comment_count":0,"_links":{"self":[{"href":"https:\/\/autofans.com.ar\/index.php\/wp-json\/wp\/v2\/posts\/5009","targetHints":{"allow":["GET"]}}],"collection":[{"href":"https:\/\/autofans.com.ar\/index.php\/wp-json\/wp\/v2\/posts"}],"about":[{"href":"https:\/\/autofans.com.ar\/index.php\/wp-json\/wp\/v2\/types\/post"}],"author":[{"embeddable":true,"href":"https:\/\/autofans.com.ar\/index.php\/wp-json\/wp\/v2\/users\/2"}],"replies":[{"embeddable":true,"href":"https:\/\/autofans.com.ar\/index.php\/wp-json\/wp\/v2\/comments?post=5009"}],"version-history":[{"count":2,"href":"https:\/\/autofans.com.ar\/index.php\/wp-json\/wp\/v2\/posts\/5009\/revisions"}],"predecessor-version":[{"id":5015,"href":"https:\/\/autofans.com.ar\/index.php\/wp-json\/wp\/v2\/posts\/5009\/revisions\/5015"}],"wp:featuredmedia":[{"embeddable":true,"href":"https:\/\/autofans.com.ar\/index.php\/wp-json\/wp\/v2\/media\/5013"}],"wp:attachment":[{"href":"https:\/\/autofans.com.ar\/index.php\/wp-json\/wp\/v2\/media?parent=5009"}],"wp:term":[{"taxonomy":"category","embeddable":true,"href":"https:\/\/autofans.com.ar\/index.php\/wp-json\/wp\/v2\/categories?post=5009"},{"taxonomy":"post_tag","embeddable":true,"href":"https:\/\/autofans.com.ar\/index.php\/wp-json\/wp\/v2\/tags?post=5009"}],"curies":[{"name":"wp","href":"https:\/\/api.w.org\/{rel}","templated":true}]}}