{"id":5016,"date":"2023-09-14T14:11:50","date_gmt":"2023-09-14T17:11:50","guid":{"rendered":"https:\/\/autofans.com.ar\/?p=5016"},"modified":"2023-09-14T14:11:50","modified_gmt":"2023-09-14T17:11:50","slug":"unimog-de-mercedes-benz-mas-que-un-camion","status":"publish","type":"post","link":"https:\/\/autofans.com.ar\/index.php\/2023\/09\/14\/unimog-de-mercedes-benz-mas-que-un-camion\/","title":{"rendered":"Unimog de Mercedes-Benz, m\u00e1s que un cami\u00f3n"},"content":{"rendered":"<p>Unimog de Mercedes-Benz, desde su origen como herramienta agr\u00edcola hasta su versatilidad actual, este cami\u00f3n multiusos ha dejado huella en la industria automotriz. Mercedes-Benz Camiones y Buses, operando de manera independiente en Argentina desde hace a\u00f1o y medio, celebra el legado y la trayectoria del ic\u00f3nico Unimog, un veh\u00edculo que ha dejado una huella duradera en la industria automotriz y en diversos sectores a nivel mundial.<\/p>\n<p>&nbsp;<\/p>\n<h2>Historia y evoluci\u00f3n del Unimog<\/h2>\n<p>El Unimog es una l\u00ednea de camiones medianos multiusos que ha experimentado frecuentes cambios t\u00e9cnicos. Desde 1946, lleva m\u00e1s de 30 series de modelos desarrollados y m\u00e1s de 400.000 unidades vendidas.<\/p>\n<p>&nbsp;<\/p>\n<p><img fetchpriority=\"high\" decoding=\"async\" class=\"aligncenter wp-image-5021 size-full\" src=\"https:\/\/autofans.com.ar\/wp-content\/uploads\/2023\/09\/foto-2-21.jpg\" alt=\"Unimog mercedes\" width=\"1000\" height=\"667\" srcset=\"https:\/\/autofans.com.ar\/wp-content\/uploads\/2023\/09\/foto-2-21.jpg 1000w, https:\/\/autofans.com.ar\/wp-content\/uploads\/2023\/09\/foto-2-21-300x200.jpg 300w, https:\/\/autofans.com.ar\/wp-content\/uploads\/2023\/09\/foto-2-21-768x512.jpg 768w\" sizes=\"(max-width: 1000px) 100vw, 1000px\" \/><\/p>\n<p>&nbsp;<\/p>\n<p>El Unimog, cuyo nombre deriva del acr\u00f3nimo \u00abUNIversal-MOtorGer\u00e4t\u00bb (aparato motorizado para aplicaciones universales), es mucho m\u00e1s que un simple cami\u00f3n o tractor. Es una creaci\u00f3n ingeniosa capaz de abordar m\u00faltiples desaf\u00edos en diversos terrenos. Desde su concepci\u00f3n con un dise\u00f1o sencillo hasta su motor de 25 CV. El Unimog ha sido el compa\u00f1ero confiable de agricultores, trabajadores industriales y aventureros intr\u00e9pidos.<\/p>\n<p>Su versatilidad ha sido clave. Puede circular a una velocidad de 0,5 km\/h necesaria para su uso como tractor en el campo y alcanzar los 50 km\/h en caminos asfaltados.<\/p>\n<p>&nbsp;<\/p>\n<h2>Un aliado indispensable<\/h2>\n<p>Desde la producci\u00f3n en Alemania hasta las versiones fabricadas en todo el mundo, el Unimog ha demostrado su capacidad para moverse en cualquier terreno y realizar diversas tareas, desde el transporte de mercanc\u00edas hasta trabajos viales y el uso de implementos especializados. Esta adaptabilidad lo convierte en un aliado indispensable para enfrentar retos desafiantes.<\/p>\n<p>&nbsp;<\/p>\n<div id='gallery-1' class='gallery galleryid-5016 gallery-columns-3 gallery-size-full'><figure class='gallery-item'>\n\t\t\t<div class='gallery-icon landscape'>\n\t\t\t\t<a href='https:\/\/autofans.com.ar\/index.php\/2023\/09\/14\/unimog-de-mercedes-benz-mas-que-un-camion\/foto-6-58\/'><img loading=\"lazy\" width=\"1000\" height=\"667\" src=\"https:\/\/autofans.com.ar\/wp-content\/uploads\/2023\/09\/foto-6-2.jpg\" class=\"attachment-full size-full\" alt=\"Unimog\" srcset=\"https:\/\/autofans.com.ar\/wp-content\/uploads\/2023\/09\/foto-6-2.jpg 1000w, https:\/\/autofans.com.ar\/wp-content\/uploads\/2023\/09\/foto-6-2-300x200.jpg 300w, https:\/\/autofans.com.ar\/wp-content\/uploads\/2023\/09\/foto-6-2-768x512.jpg 768w\" sizes=\"auto, (max-width: 1000px) 100vw, 1000px\" loading=\"lazy\" decoding=\"async\" \/><\/a>\n\t\t\t<\/div><\/figure><figure class='gallery-item'>\n\t\t\t<div class='gallery-icon landscape'>\n\t\t\t\t<a href='https:\/\/autofans.com.ar\/index.php\/2023\/09\/14\/unimog-de-mercedes-benz-mas-que-un-camion\/foto-4-161\/'><img loading=\"lazy\" width=\"1000\" height=\"667\" src=\"https:\/\/autofans.com.ar\/wp-content\/uploads\/2023\/09\/foto-4-10.jpg\" class=\"attachment-full size-full\" alt=\"Unimog\" srcset=\"https:\/\/autofans.com.ar\/wp-content\/uploads\/2023\/09\/foto-4-10.jpg 1000w, https:\/\/autofans.com.ar\/wp-content\/uploads\/2023\/09\/foto-4-10-300x200.jpg 300w, https:\/\/autofans.com.ar\/wp-content\/uploads\/2023\/09\/foto-4-10-768x512.jpg 768w\" sizes=\"auto, (max-width: 1000px) 100vw, 1000px\" loading=\"lazy\" decoding=\"async\" \/><\/a>\n\t\t\t<\/div><\/figure><figure class='gallery-item'>\n\t\t\t<div class='gallery-icon landscape'>\n\t\t\t\t<a href='https:\/\/autofans.com.ar\/index.php\/2023\/09\/14\/unimog-de-mercedes-benz-mas-que-un-camion\/foto-5-101\/'><img loading=\"lazy\" width=\"1000\" height=\"667\" src=\"https:\/\/autofans.com.ar\/wp-content\/uploads\/2023\/09\/foto-5-6.jpg\" class=\"attachment-full size-full\" alt=\"Unimog\" srcset=\"https:\/\/autofans.com.ar\/wp-content\/uploads\/2023\/09\/foto-5-6.jpg 1000w, https:\/\/autofans.com.ar\/wp-content\/uploads\/2023\/09\/foto-5-6-300x200.jpg 300w, https:\/\/autofans.com.ar\/wp-content\/uploads\/2023\/09\/foto-5-6-768x512.jpg 768w\" sizes=\"auto, (max-width: 1000px) 100vw, 1000px\" loading=\"lazy\" decoding=\"async\" \/><\/a>\n\t\t\t<\/div><\/figure>\n\t\t<\/div>\n\n<p>&nbsp;<\/p>\n<p>Hoy en d\u00eda, se utiliza en una amplia gama de tareas, como extinci\u00f3n de incendios en zonas de dif\u00edcil acceso, tractor agr\u00edcola, unidades de rescate o ambulancia en terrenos inaccesibles para veh\u00edculos convencionales, y actividades recreativas de turismo aventura.<\/p>\n<p>&nbsp;<\/p>\n<h2>El Unimog en Argentina<\/h2>\n<p>Argentina ocupa un lugar especial en la historia del Unimog, siendo el primer pa\u00eds fuera de Alemania en fabricar este veh\u00edculo en el Centro Industrial Juan Manuel Fangio, ubicado en Virrey del Pino, La Matanza. A pesar de que la producci\u00f3n local concluy\u00f3 en los a\u00f1os &#8217;80, se llegaron a fabricar aproximadamente 6000 unidades.<\/p>\n<p>Hoy en d\u00eda, los Unimog que circulan por Argentina y otros pa\u00edses contin\u00faan siendo apreciados por entusiastas y aventureros que han restaurado y mantenido estas m\u00e1quinas hist\u00f3ricas para su uso en actividades recreativas y turismo aventura.<\/p>\n<p>El legado del Unimog es un testimonio de la constante b\u00fasqueda de excelencia de Mercedes-Benz Camiones y Buses en la creaci\u00f3n de soluciones de movilidad que perduran en el tiempo.<\/p>\n<p>&nbsp;<\/p>\n<p><i>Para enterarte de m\u00e1s novedades, no dejes de leer\u00a0<\/i><a href=\"https:\/\/autofans.thebrandsoup.com\/\"><i>nuestras notas<\/i><\/a><i>, de ver<\/i><b><i>\u00a0<\/i><\/b><a href=\"https:\/\/www.youtube.com\/channel\/UCgAC8UGHZYbT6P7PpmVnP7g\"><b><i>AUTOFANS TV<\/i><\/b><\/a><b><i>\u00a0<\/i><\/b><i>en nuestro\u00a0canal de Youtube. Adem\u00e1s seguinos en\u00a0<\/i><a href=\"https:\/\/www.instagram.com\/autofanstv\/\"><i>INSTAGRAM<\/i><\/a><i> y <\/i><a href=\"https:\/\/www.facebook.com\/autofansmas\/\"><i>FACEBOOK<\/i><\/a><i> para no perderte nada sobre las novedades del segmento automotor de Argentina y el mundo.<\/i><\/p>\n","protected":false},"excerpt":{"rendered":"<p>Unimog de Mercedes-Benz, desde su origen como herramienta agr\u00edcola hasta su versatilidad actual, este cami\u00f3n&#8230;<\/p>\n","protected":false},"author":2,"featured_media":5022,"comment_status":"closed","ping_status":"closed","sticky":false,"template":"","format":"standard","meta":{"footnotes":""},"categories":[16,5],"tags":[2514,2479,1816,1269,2513,2515],"class_list":["post-5016","post","type-post","status-publish","format-standard","has-post-thumbnail","hentry","category-noticias","category-otros","tag-camionmultiusos","tag-historiaautomotriz","tag-mercedesbenz","tag-movilidadsostenible","tag-unimog","tag-versatilidadunimog"],"yoast_head":"<!-- This site is optimized with the Yoast SEO plugin v27.5 - https:\/\/yoast.com\/product\/yoast-seo-wordpress\/ -->\n<title>Unimog de Mercedes-Benz, m\u00e1s que un cami\u00f3n -<\/title>\n<meta name=\"robots\" content=\"index, follow, max-snippet:-1, max-image-preview:large, max-video-preview:-1\" \/>\n<link rel=\"canonical\" href=\"https:\/\/autofans.com.ar\/index.php\/2023\/09\/14\/unimog-de-mercedes-benz-mas-que-un-camion\/\" \/>\n<meta property=\"og:locale\" content=\"es_ES\" \/>\n<meta property=\"og:type\" content=\"article\" \/>\n<meta property=\"og:title\" content=\"Unimog de Mercedes-Benz, m\u00e1s que un cami\u00f3n -\" \/>\n<meta property=\"og:description\" content=\"Unimog de Mercedes-Benz, desde su origen como herramienta agr\u00edcola hasta su versatilidad actual, este cami\u00f3n...\" \/>\n<meta property=\"og:url\" content=\"https:\/\/autofans.com.ar\/index.php\/2023\/09\/14\/unimog-de-mercedes-benz-mas-que-un-camion\/\" \/>\n<meta property=\"article:published_time\" content=\"2023-09-14T17:11:50+00:00\" \/>\n<meta property=\"og:image\" content=\"https:\/\/autofans.com.ar\/wp-content\/uploads\/2023\/09\/foto-1-21.jpg\" \/>\n\t<meta property=\"og:image:width\" content=\"1000\" \/>\n\t<meta property=\"og:image:height\" content=\"667\" \/>\n\t<meta property=\"og:image:type\" content=\"image\/jpeg\" \/>\n<meta name=\"author\" content=\"Alejandro Gabriel Rosito\" \/>\n<meta name=\"twitter:card\" content=\"summary_large_image\" \/>\n<meta name=\"twitter:label1\" content=\"Escrito por\" \/>\n\t<meta name=\"twitter:data1\" content=\"Alejandro Gabriel Rosito\" \/>\n\t<meta name=\"twitter:label2\" content=\"Tiempo de lectura\" \/>\n\t<meta name=\"twitter:data2\" content=\"3 minutos\" \/>\n<script type=\"application\/ld+json\" class=\"yoast-schema-graph\">{\"@context\":\"https:\\\/\\\/schema.org\",\"@graph\":[{\"@type\":\"Article\",\"@id\":\"https:\\\/\\\/autofans.com.ar\\\/index.php\\\/2023\\\/09\\\/14\\\/unimog-de-mercedes-benz-mas-que-un-camion\\\/#article\",\"isPartOf\":{\"@id\":\"https:\\\/\\\/autofans.com.ar\\\/index.php\\\/2023\\\/09\\\/14\\\/unimog-de-mercedes-benz-mas-que-un-camion\\\/\"},\"author\":{\"name\":\"Alejandro Gabriel Rosito\",\"@id\":\"https:\\\/\\\/autofans.com.ar\\\/#\\\/schema\\\/person\\\/4a8dda0b6df83ac3d6723e921274c2aa\"},\"headline\":\"Unimog de Mercedes-Benz, m\u00e1s que un cami\u00f3n\",\"datePublished\":\"2023-09-14T17:11:50+00:00\",\"mainEntityOfPage\":{\"@id\":\"https:\\\/\\\/autofans.com.ar\\\/index.php\\\/2023\\\/09\\\/14\\\/unimog-de-mercedes-benz-mas-que-un-camion\\\/\"},\"wordCount\":510,\"image\":{\"@id\":\"https:\\\/\\\/autofans.com.ar\\\/index.php\\\/2023\\\/09\\\/14\\\/unimog-de-mercedes-benz-mas-que-un-camion\\\/#primaryimage\"},\"thumbnailUrl\":\"https:\\\/\\\/autofans.com.ar\\\/wp-content\\\/uploads\\\/2023\\\/09\\\/foto-1-21.jpg\",\"keywords\":[\"Cami\u00f3nMultiusos\",\"HistoriaAutomotriz\",\"MercedesBenz\",\"MovilidadSostenible\",\"Unimog\",\"VersatilidadUnimog\"],\"articleSection\":[\"NOTICIAS\",\"PICK UPs, UTILITARIOS Y OTROS\"],\"inLanguage\":\"es\"},{\"@type\":\"WebPage\",\"@id\":\"https:\\\/\\\/autofans.com.ar\\\/index.php\\\/2023\\\/09\\\/14\\\/unimog-de-mercedes-benz-mas-que-un-camion\\\/\",\"url\":\"https:\\\/\\\/autofans.com.ar\\\/index.php\\\/2023\\\/09\\\/14\\\/unimog-de-mercedes-benz-mas-que-un-camion\\\/\",\"name\":\"Unimog de Mercedes-Benz, m\u00e1s que un cami\u00f3n -\",\"isPartOf\":{\"@id\":\"https:\\\/\\\/autofans.com.ar\\\/#website\"},\"primaryImageOfPage\":{\"@id\":\"https:\\\/\\\/autofans.com.ar\\\/index.php\\\/2023\\\/09\\\/14\\\/unimog-de-mercedes-benz-mas-que-un-camion\\\/#primaryimage\"},\"image\":{\"@id\":\"https:\\\/\\\/autofans.com.ar\\\/index.php\\\/2023\\\/09\\\/14\\\/unimog-de-mercedes-benz-mas-que-un-camion\\\/#primaryimage\"},\"thumbnailUrl\":\"https:\\\/\\\/autofans.com.ar\\\/wp-content\\\/uploads\\\/2023\\\/09\\\/foto-1-21.jpg\",\"datePublished\":\"2023-09-14T17:11:50+00:00\",\"author\":{\"@id\":\"https:\\\/\\\/autofans.com.ar\\\/#\\\/schema\\\/person\\\/4a8dda0b6df83ac3d6723e921274c2aa\"},\"breadcrumb\":{\"@id\":\"https:\\\/\\\/autofans.com.ar\\\/index.php\\\/2023\\\/09\\\/14\\\/unimog-de-mercedes-benz-mas-que-un-camion\\\/#breadcrumb\"},\"inLanguage\":\"es\",\"potentialAction\":[{\"@type\":\"ReadAction\",\"target\":[\"https:\\\/\\\/autofans.com.ar\\\/index.php\\\/2023\\\/09\\\/14\\\/unimog-de-mercedes-benz-mas-que-un-camion\\\/\"]}]},{\"@type\":\"ImageObject\",\"inLanguage\":\"es\",\"@id\":\"https:\\\/\\\/autofans.com.ar\\\/index.php\\\/2023\\\/09\\\/14\\\/unimog-de-mercedes-benz-mas-que-un-camion\\\/#primaryimage\",\"url\":\"https:\\\/\\\/autofans.com.ar\\\/wp-content\\\/uploads\\\/2023\\\/09\\\/foto-1-21.jpg\",\"contentUrl\":\"https:\\\/\\\/autofans.com.ar\\\/wp-content\\\/uploads\\\/2023\\\/09\\\/foto-1-21.jpg\",\"width\":1000,\"height\":667,\"caption\":\"Unimog mercedes\"},{\"@type\":\"BreadcrumbList\",\"@id\":\"https:\\\/\\\/autofans.com.ar\\\/index.php\\\/2023\\\/09\\\/14\\\/unimog-de-mercedes-benz-mas-que-un-camion\\\/#breadcrumb\",\"itemListElement\":[{\"@type\":\"ListItem\",\"position\":1,\"name\":\"Inicio\",\"item\":\"https:\\\/\\\/autofans.com.ar\\\/\"},{\"@type\":\"ListItem\",\"position\":2,\"name\":\"Unimog de Mercedes-Benz, m\u00e1s que un cami\u00f3n\"}]},{\"@type\":\"WebSite\",\"@id\":\"https:\\\/\\\/autofans.com.ar\\\/#website\",\"url\":\"https:\\\/\\\/autofans.com.ar\\\/\",\"name\":\"\",\"description\":\"El multimedio referente de la industria automotriz\",\"potentialAction\":[{\"@type\":\"SearchAction\",\"target\":{\"@type\":\"EntryPoint\",\"urlTemplate\":\"https:\\\/\\\/autofans.com.ar\\\/?s={search_term_string}\"},\"query-input\":{\"@type\":\"PropertyValueSpecification\",\"valueRequired\":true,\"valueName\":\"search_term_string\"}}],\"inLanguage\":\"es\"},{\"@type\":\"Person\",\"@id\":\"https:\\\/\\\/autofans.com.ar\\\/#\\\/schema\\\/person\\\/4a8dda0b6df83ac3d6723e921274c2aa\",\"name\":\"Alejandro Gabriel Rosito\",\"image\":{\"@type\":\"ImageObject\",\"inLanguage\":\"es\",\"@id\":\"https:\\\/\\\/secure.gravatar.com\\\/avatar\\\/16c5dda1489adfc62618084dcbb91cffd879c374b13fe5dd8e44ed6733852c88?s=96&d=mm&r=g\",\"url\":\"https:\\\/\\\/secure.gravatar.com\\\/avatar\\\/16c5dda1489adfc62618084dcbb91cffd879c374b13fe5dd8e44ed6733852c88?s=96&d=mm&r=g\",\"contentUrl\":\"https:\\\/\\\/secure.gravatar.com\\\/avatar\\\/16c5dda1489adfc62618084dcbb91cffd879c374b13fe5dd8e44ed6733852c88?s=96&d=mm&r=g\",\"caption\":\"Alejandro Gabriel Rosito\"},\"url\":\"https:\\\/\\\/autofans.com.ar\\\/index.php\\\/author\\\/gabrielr\\\/\"}]}<\/script>\n<!-- \/ Yoast SEO plugin. -->","yoast_head_json":{"title":"Unimog de Mercedes-Benz, m\u00e1s que un cami\u00f3n -","robots":{"index":"index","follow":"follow","max-snippet":"max-snippet:-1","max-image-preview":"max-image-preview:large","max-video-preview":"max-video-preview:-1"},"canonical":"https:\/\/autofans.com.ar\/index.php\/2023\/09\/14\/unimog-de-mercedes-benz-mas-que-un-camion\/","og_locale":"es_ES","og_type":"article","og_title":"Unimog de Mercedes-Benz, m\u00e1s que un cami\u00f3n -","og_description":"Unimog de Mercedes-Benz, desde su origen como herramienta agr\u00edcola hasta su versatilidad actual, este cami\u00f3n...","og_url":"https:\/\/autofans.com.ar\/index.php\/2023\/09\/14\/unimog-de-mercedes-benz-mas-que-un-camion\/","article_published_time":"2023-09-14T17:11:50+00:00","og_image":[{"width":1000,"height":667,"url":"https:\/\/autofans.com.ar\/wp-content\/uploads\/2023\/09\/foto-1-21.jpg","type":"image\/jpeg"}],"author":"Alejandro Gabriel Rosito","twitter_card":"summary_large_image","twitter_misc":{"Escrito por":"Alejandro Gabriel Rosito","Tiempo de lectura":"3 minutos"},"schema":{"@context":"https:\/\/schema.org","@graph":[{"@type":"Article","@id":"https:\/\/autofans.com.ar\/index.php\/2023\/09\/14\/unimog-de-mercedes-benz-mas-que-un-camion\/#article","isPartOf":{"@id":"https:\/\/autofans.com.ar\/index.php\/2023\/09\/14\/unimog-de-mercedes-benz-mas-que-un-camion\/"},"author":{"name":"Alejandro Gabriel Rosito","@id":"https:\/\/autofans.com.ar\/#\/schema\/person\/4a8dda0b6df83ac3d6723e921274c2aa"},"headline":"Unimog de Mercedes-Benz, m\u00e1s que un cami\u00f3n","datePublished":"2023-09-14T17:11:50+00:00","mainEntityOfPage":{"@id":"https:\/\/autofans.com.ar\/index.php\/2023\/09\/14\/unimog-de-mercedes-benz-mas-que-un-camion\/"},"wordCount":510,"image":{"@id":"https:\/\/autofans.com.ar\/index.php\/2023\/09\/14\/unimog-de-mercedes-benz-mas-que-un-camion\/#primaryimage"},"thumbnailUrl":"https:\/\/autofans.com.ar\/wp-content\/uploads\/2023\/09\/foto-1-21.jpg","keywords":["Cami\u00f3nMultiusos","HistoriaAutomotriz","MercedesBenz","MovilidadSostenible","Unimog","VersatilidadUnimog"],"articleSection":["NOTICIAS","PICK UPs, UTILITARIOS Y OTROS"],"inLanguage":"es"},{"@type":"WebPage","@id":"https:\/\/autofans.com.ar\/index.php\/2023\/09\/14\/unimog-de-mercedes-benz-mas-que-un-camion\/","url":"https:\/\/autofans.com.ar\/index.php\/2023\/09\/14\/unimog-de-mercedes-benz-mas-que-un-camion\/","name":"Unimog de Mercedes-Benz, m\u00e1s que un cami\u00f3n -","isPartOf":{"@id":"https:\/\/autofans.com.ar\/#website"},"primaryImageOfPage":{"@id":"https:\/\/autofans.com.ar\/index.php\/2023\/09\/14\/unimog-de-mercedes-benz-mas-que-un-camion\/#primaryimage"},"image":{"@id":"https:\/\/autofans.com.ar\/index.php\/2023\/09\/14\/unimog-de-mercedes-benz-mas-que-un-camion\/#primaryimage"},"thumbnailUrl":"https:\/\/autofans.com.ar\/wp-content\/uploads\/2023\/09\/foto-1-21.jpg","datePublished":"2023-09-14T17:11:50+00:00","author":{"@id":"https:\/\/autofans.com.ar\/#\/schema\/person\/4a8dda0b6df83ac3d6723e921274c2aa"},"breadcrumb":{"@id":"https:\/\/autofans.com.ar\/index.php\/2023\/09\/14\/unimog-de-mercedes-benz-mas-que-un-camion\/#breadcrumb"},"inLanguage":"es","potentialAction":[{"@type":"ReadAction","target":["https:\/\/autofans.com.ar\/index.php\/2023\/09\/14\/unimog-de-mercedes-benz-mas-que-un-camion\/"]}]},{"@type":"ImageObject","inLanguage":"es","@id":"https:\/\/autofans.com.ar\/index.php\/2023\/09\/14\/unimog-de-mercedes-benz-mas-que-un-camion\/#primaryimage","url":"https:\/\/autofans.com.ar\/wp-content\/uploads\/2023\/09\/foto-1-21.jpg","contentUrl":"https:\/\/autofans.com.ar\/wp-content\/uploads\/2023\/09\/foto-1-21.jpg","width":1000,"height":667,"caption":"Unimog mercedes"},{"@type":"BreadcrumbList","@id":"https:\/\/autofans.com.ar\/index.php\/2023\/09\/14\/unimog-de-mercedes-benz-mas-que-un-camion\/#breadcrumb","itemListElement":[{"@type":"ListItem","position":1,"name":"Inicio","item":"https:\/\/autofans.com.ar\/"},{"@type":"ListItem","position":2,"name":"Unimog de Mercedes-Benz, m\u00e1s que un cami\u00f3n"}]},{"@type":"WebSite","@id":"https:\/\/autofans.com.ar\/#website","url":"https:\/\/autofans.com.ar\/","name":"","description":"El multimedio referente de la industria automotriz","potentialAction":[{"@type":"SearchAction","target":{"@type":"EntryPoint","urlTemplate":"https:\/\/autofans.com.ar\/?s={search_term_string}"},"query-input":{"@type":"PropertyValueSpecification","valueRequired":true,"valueName":"search_term_string"}}],"inLanguage":"es"},{"@type":"Person","@id":"https:\/\/autofans.com.ar\/#\/schema\/person\/4a8dda0b6df83ac3d6723e921274c2aa","name":"Alejandro Gabriel Rosito","image":{"@type":"ImageObject","inLanguage":"es","@id":"https:\/\/secure.gravatar.com\/avatar\/16c5dda1489adfc62618084dcbb91cffd879c374b13fe5dd8e44ed6733852c88?s=96&d=mm&r=g","url":"https:\/\/secure.gravatar.com\/avatar\/16c5dda1489adfc62618084dcbb91cffd879c374b13fe5dd8e44ed6733852c88?s=96&d=mm&r=g","contentUrl":"https:\/\/secure.gravatar.com\/avatar\/16c5dda1489adfc62618084dcbb91cffd879c374b13fe5dd8e44ed6733852c88?s=96&d=mm&r=g","caption":"Alejandro Gabriel Rosito"},"url":"https:\/\/autofans.com.ar\/index.php\/author\/gabrielr\/"}]}},"featured_image_urls":{"full":["https:\/\/autofans.com.ar\/wp-content\/uploads\/2023\/09\/foto-1-21.jpg",1000,667,false],"thumbnail":["https:\/\/autofans.com.ar\/wp-content\/uploads\/2023\/09\/foto-1-21-150x150.jpg",150,150,true],"medium":["https:\/\/autofans.com.ar\/wp-content\/uploads\/2023\/09\/foto-1-21-300x200.jpg",300,200,true],"medium_large":["https:\/\/autofans.com.ar\/wp-content\/uploads\/2023\/09\/foto-1-21-768x512.jpg",640,427,true],"large":["https:\/\/autofans.com.ar\/wp-content\/uploads\/2023\/09\/foto-1-21.jpg",640,427,false],"1536x1536":["https:\/\/autofans.com.ar\/wp-content\/uploads\/2023\/09\/foto-1-21.jpg",1000,667,false],"2048x2048":["https:\/\/autofans.com.ar\/wp-content\/uploads\/2023\/09\/foto-1-21.jpg",1000,667,false],"covernews-featured":["https:\/\/autofans.com.ar\/wp-content\/uploads\/2023\/09\/foto-1-21.jpg",1000,667,false],"covernews-medium":["https:\/\/autofans.com.ar\/wp-content\/uploads\/2023\/09\/foto-1-21-540x340.jpg",540,340,true]},"author_info":{"display_name":"Alejandro Gabriel Rosito","author_link":"https:\/\/autofans.com.ar\/index.php\/author\/gabrielr\/"},"category_info":"<a href=\"https:\/\/autofans.com.ar\/index.php\/category\/noticias\/\" rel=\"category tag\">NOTICIAS<\/a> <a href=\"https:\/\/autofans.com.ar\/index.php\/category\/noticias\/otros\/\" rel=\"category tag\">PICK UPs, UTILITARIOS Y OTROS<\/a>","tag_info":"PICK UPs, UTILITARIOS Y OTROS","comment_count":0,"_links":{"self":[{"href":"https:\/\/autofans.com.ar\/index.php\/wp-json\/wp\/v2\/posts\/5016","targetHints":{"allow":["GET"]}}],"collection":[{"href":"https:\/\/autofans.com.ar\/index.php\/wp-json\/wp\/v2\/posts"}],"about":[{"href":"https:\/\/autofans.com.ar\/index.php\/wp-json\/wp\/v2\/types\/post"}],"author":[{"embeddable":true,"href":"https:\/\/autofans.com.ar\/index.php\/wp-json\/wp\/v2\/users\/2"}],"replies":[{"embeddable":true,"href":"https:\/\/autofans.com.ar\/index.php\/wp-json\/wp\/v2\/comments?post=5016"}],"version-history":[{"count":1,"href":"https:\/\/autofans.com.ar\/index.php\/wp-json\/wp\/v2\/posts\/5016\/revisions"}],"predecessor-version":[{"id":5023,"href":"https:\/\/autofans.com.ar\/index.php\/wp-json\/wp\/v2\/posts\/5016\/revisions\/5023"}],"wp:featuredmedia":[{"embeddable":true,"href":"https:\/\/autofans.com.ar\/index.php\/wp-json\/wp\/v2\/media\/5022"}],"wp:attachment":[{"href":"https:\/\/autofans.com.ar\/index.php\/wp-json\/wp\/v2\/media?parent=5016"}],"wp:term":[{"taxonomy":"category","embeddable":true,"href":"https:\/\/autofans.com.ar\/index.php\/wp-json\/wp\/v2\/categories?post=5016"},{"taxonomy":"post_tag","embeddable":true,"href":"https:\/\/autofans.com.ar\/index.php\/wp-json\/wp\/v2\/tags?post=5016"}],"curies":[{"name":"wp","href":"https:\/\/api.w.org\/{rel}","templated":true}]}}