{"id":5024,"date":"2023-09-14T18:49:53","date_gmt":"2023-09-14T21:49:53","guid":{"rendered":"https:\/\/autofans.com.ar\/?p=5024"},"modified":"2023-09-14T18:50:02","modified_gmt":"2023-09-14T21:50:02","slug":"nuevas-bmw-f-900-gs-f-900-gs-adventure-y-f-800-gs","status":"publish","type":"post","link":"https:\/\/autofans.com.ar\/index.php\/2023\/09\/14\/nuevas-bmw-f-900-gs-f-900-gs-adventure-y-f-800-gs\/","title":{"rendered":"Nuevas BMW F 900 GS, F 900 GS Adventure y F 800 GS"},"content":{"rendered":"<p>BMW Motorrad presenta las \u00faltimas incorporaciones a su gama de motos de aventura de segmento mediano: las BMW F 900 GS, F 900 GS Adventure y F 800 GS. Estas m\u00e1quinas de dos ruedas ofrecen una experiencia de conducci\u00f3n purista y emocionante gracias a su nuevo motor y una amplia gama de caracter\u00edsticas mejoradas. Descubre c\u00f3mo estas motocicletas de alto rendimiento est\u00e1n redefiniendo el juego en el mundo de las aventuras en dos ruedas.<\/p>\n<p>&nbsp;<\/p>\n<h2>Motor potenciado y m\u00e1s eficiente<\/h2>\n<p>Uno de los cambios m\u00e1s notables se encuentra bajo el cap\u00f3, donde un motor en l\u00ednea de 2 cilindros ha sido mejorado para proporcionar a\u00fan m\u00e1s potencia y control de par. La BMW F 900 GS y la F 900 GS Adventure ahora ofrecen 105 CV, mientras que la F 800 GS cuenta con 87 CV. Adem\u00e1s, estos nuevos motores ofrecen una curva de par m\u00e1s completa y una aceleraci\u00f3n m\u00e1s r\u00e1pida, lo que garantiza una experiencia de conducci\u00f3n emocionante en cualquier terreno.<\/p>\n<p>&nbsp;<\/p>\n<figure id=\"attachment_5027\" aria-describedby=\"caption-attachment-5027\" style=\"width: 1000px\" class=\"wp-caption aligncenter\"><img fetchpriority=\"high\" decoding=\"async\" class=\"wp-image-5027 size-full\" src=\"https:\/\/autofans.com.ar\/wp-content\/uploads\/2023\/09\/f800gs.jpg\" alt=\"BMW motorrad\" width=\"1000\" height=\"667\" srcset=\"https:\/\/autofans.com.ar\/wp-content\/uploads\/2023\/09\/f800gs.jpg 1000w, https:\/\/autofans.com.ar\/wp-content\/uploads\/2023\/09\/f800gs-300x200.jpg 300w, https:\/\/autofans.com.ar\/wp-content\/uploads\/2023\/09\/f800gs-768x512.jpg 768w\" sizes=\"(max-width: 1000px) 100vw, 1000px\" \/><figcaption id=\"caption-attachment-5027\" class=\"wp-caption-text\">F800-GS<\/figcaption><\/figure>\n<p>&nbsp;<\/p>\n<p>Las nuevas BMW F 900 GS, F 900 GS Adventure y F 800 GS vienen equipadas con caracter\u00edsticas tecnol\u00f3gicas de vanguardia, como los modos de conducci\u00f3n \u00abRain\u00bb y \u00abRoad\u00bb, Control de Tracci\u00f3n Din\u00e1mico (DTC) y ABS Pro optimizado para curvas. Para los entusiastas de la tecnolog\u00eda, est\u00e1n disponibles los \u00abmodos de conducci\u00f3n Pro\u00bb como equipamiento opcional, que desbloquean a\u00fan m\u00e1s posibilidades de personalizaci\u00f3n y rendimiento.<\/p>\n<p>&nbsp;<\/p>\n<h2>Dise\u00f1o y ergonom\u00eda<\/h2>\n<p>El dise\u00f1o de estas motocicletas tambi\u00e9n ha sido revisado para destacar su rendimiento y capacidades todoterreno. Con tanques de combustible de pl\u00e1stico m\u00e1s ligeros y secciones traseras redise\u00f1adas, estas motos no solo son m\u00e1s estilizadas sino tambi\u00e9n m\u00e1s \u00e1giles en terrenos dif\u00edciles. Adem\u00e1s, las nuevas horquillas telesc\u00f3picas invertidas y la ergonom\u00eda optimizada proporcionan una experiencia de conducci\u00f3n m\u00e1s c\u00f3moda y precisa.<\/p>\n<p>&nbsp;<\/p>\n<figure id=\"attachment_5026\" aria-describedby=\"caption-attachment-5026\" style=\"width: 1000px\" class=\"wp-caption aligncenter\"><img decoding=\"async\" class=\"wp-image-5026 size-full\" src=\"https:\/\/autofans.com.ar\/wp-content\/uploads\/2023\/09\/f900gs-advance.jpg\" alt=\"BMW\" width=\"1000\" height=\"667\" srcset=\"https:\/\/autofans.com.ar\/wp-content\/uploads\/2023\/09\/f900gs-advance.jpg 1000w, https:\/\/autofans.com.ar\/wp-content\/uploads\/2023\/09\/f900gs-advance-300x200.jpg 300w, https:\/\/autofans.com.ar\/wp-content\/uploads\/2023\/09\/f900gs-advance-768x512.jpg 768w\" sizes=\"(max-width: 1000px) 100vw, 1000px\" \/><figcaption id=\"caption-attachment-5026\" class=\"wp-caption-text\">F900-GS-Advance<\/figcaption><\/figure>\n<p>&nbsp;<\/p>\n<p>La conectividad no se queda atr\u00e1s, ya que las BMW F 900 GS vienen con una pantalla TFT de 6.5 pulgadas que permite una f\u00e1cil interacci\u00f3n con dispositivos de navegaci\u00f3n y c\u00e1maras de acci\u00f3n. Estas motocicletas est\u00e1n dise\u00f1adas para mantenerte conectado mientras disfrutas del viaje.<\/p>\n<p>&nbsp;<\/p>\n<h2>BMW amplias opciones de personalizaci\u00f3n<\/h2>\n<p>Tanto la BMW F 900 GS como la F 900 GS Adventure ofrecen paquetes opcionales como el Enduro Pro, que eleva a\u00fan m\u00e1s sus capacidades todoterreno. Adem\u00e1s, la suspensi\u00f3n electr\u00f3nica Dynamic ESA est\u00e1 disponible como equipo opcional para aquellos que buscan un rendimiento premium.<\/p>\n<p>&nbsp;<\/p>\n<figure id=\"attachment_5025\" aria-describedby=\"caption-attachment-5025\" style=\"width: 1000px\" class=\"wp-caption aligncenter\"><img decoding=\"async\" class=\"wp-image-5025 size-full\" src=\"https:\/\/autofans.com.ar\/wp-content\/uploads\/2023\/09\/f900gs.jpg\" alt=\"BMW\" width=\"1000\" height=\"667\" srcset=\"https:\/\/autofans.com.ar\/wp-content\/uploads\/2023\/09\/f900gs.jpg 1000w, https:\/\/autofans.com.ar\/wp-content\/uploads\/2023\/09\/f900gs-300x200.jpg 300w, https:\/\/autofans.com.ar\/wp-content\/uploads\/2023\/09\/f900gs-768x512.jpg 768w\" sizes=\"(max-width: 1000px) 100vw, 1000px\" \/><figcaption id=\"caption-attachment-5025\" class=\"wp-caption-text\">F900-GS<\/figcaption><\/figure>\n<p>&nbsp;<\/p>\n<p>En resumen, las nuevas BMW F 900 GS, F 900 GS Adventure y F 800 GS representan la evoluci\u00f3n de las motos de aventura de segmento mediano. Con m\u00e1s potencia, tecnolog\u00eda avanzada y un dise\u00f1o impresionante, estas motocicletas son la elecci\u00f3n perfecta para los amantes de las aventuras en dos ruedas. Prep\u00e1rate para una experiencia de conducci\u00f3n excepcional con <a href=\"https:\/\/autofans.com.ar\/index.php\/2023\/06\/26\/bmw-motorrad-presenta-la-esperada-r-1300-gs-con-motor-boxer\/\" target=\"_blank\" rel=\"noopener\">BMW Motorrad<\/a>.<\/p>\n<p>&nbsp;<\/p>\n<p>&nbsp;<\/p>\n<p><i>Para enterarte de m\u00e1s novedades, no dejes de leer\u00a0<\/i><a href=\"https:\/\/autofans.thebrandsoup.com\/\"><i>nuestras notas<\/i><\/a><i>, de ver<\/i><b><i>\u00a0<\/i><\/b><a href=\"https:\/\/www.youtube.com\/channel\/UCgAC8UGHZYbT6P7PpmVnP7g\"><b><i>AUTOFANS TV<\/i><\/b><\/a><b><i>\u00a0<\/i><\/b><i>en nuestro\u00a0canal de Youtube. Adem\u00e1s seguinos en\u00a0<\/i><a href=\"https:\/\/www.instagram.com\/autofanstv\/\"><i>INSTAGRAM<\/i><\/a><i> y <\/i><a href=\"https:\/\/www.facebook.com\/autofansmas\/\"><i>FACEBOOK<\/i><\/a><i> para no perderte nada sobre las novedades del segmento automotor de Argentina y el mundo.<\/i><\/p>\n<p><i><span class=\"Apple-converted-space\">\u00a0<\/span><\/i><\/p>\n","protected":false},"excerpt":{"rendered":"<p>BMW Motorrad presenta las \u00faltimas incorporaciones a su gama de motos de aventura de segmento&#8230;<\/p>\n","protected":false},"author":2,"featured_media":5028,"comment_status":"closed","ping_status":"closed","sticky":false,"template":"","format":"standard","meta":{"footnotes":""},"categories":[1,9],"tags":[2519,2517,2518,937,2521,2520,2516,2522,624],"class_list":["post-5024","post","type-post","status-publish","format-standard","has-post-thumbnail","hentry","category-lanzamientos","category-motos-lanzamientos","tag-bmw-f-800-gs","tag-bmw-f-900-gs","tag-bmw-f-900-gs-adventure","tag-conectividad","tag-diseno-de-motocicletas","tag-motor-en-linea","tag-motos-de-aventura","tag-personalizacion-de-motos","tag-tecnologia-avanzada"],"yoast_head":"<!-- This site is optimized with the Yoast SEO plugin v27.5 - https:\/\/yoast.com\/product\/yoast-seo-wordpress\/ -->\n<title>Nuevas BMW F 900 GS, F 900 GS Adventure y F 800 GS -<\/title>\n<meta name=\"description\" content=\"BMW Motorrad presenta las \u00faltimas incorporaciones a su gama de motos de aventura las BMW F 900 GS, F 900 GS Adventure y F 800 GS....\" \/>\n<meta name=\"robots\" content=\"index, follow, max-snippet:-1, max-image-preview:large, max-video-preview:-1\" \/>\n<link rel=\"canonical\" href=\"https:\/\/autofans.com.ar\/index.php\/2023\/09\/14\/nuevas-bmw-f-900-gs-f-900-gs-adventure-y-f-800-gs\/\" \/>\n<meta property=\"og:locale\" content=\"es_ES\" \/>\n<meta property=\"og:type\" content=\"article\" \/>\n<meta property=\"og:title\" content=\"Nuevas BMW F 900 GS, F 900 GS Adventure y F 800 GS -\" \/>\n<meta property=\"og:description\" content=\"BMW Motorrad presenta las \u00faltimas incorporaciones a su gama de motos de aventura las BMW F 900 GS, F 900 GS Adventure y F 800 GS....\" \/>\n<meta property=\"og:url\" content=\"https:\/\/autofans.com.ar\/index.php\/2023\/09\/14\/nuevas-bmw-f-900-gs-f-900-gs-adventure-y-f-800-gs\/\" \/>\n<meta property=\"article:published_time\" content=\"2023-09-14T21:49:53+00:00\" \/>\n<meta property=\"article:modified_time\" content=\"2023-09-14T21:50:02+00:00\" \/>\n<meta property=\"og:image\" content=\"https:\/\/autofans.com.ar\/wp-content\/uploads\/2023\/09\/foto-1-22.jpg\" \/>\n\t<meta property=\"og:image:width\" content=\"1000\" \/>\n\t<meta property=\"og:image:height\" content=\"667\" \/>\n\t<meta property=\"og:image:type\" content=\"image\/jpeg\" \/>\n<meta name=\"author\" content=\"Alejandro Gabriel Rosito\" \/>\n<meta name=\"twitter:card\" content=\"summary_large_image\" \/>\n<meta name=\"twitter:label1\" content=\"Escrito por\" \/>\n\t<meta name=\"twitter:data1\" content=\"Alejandro Gabriel Rosito\" \/>\n\t<meta name=\"twitter:label2\" content=\"Tiempo de lectura\" \/>\n\t<meta name=\"twitter:data2\" content=\"3 minutos\" \/>\n<script type=\"application\/ld+json\" class=\"yoast-schema-graph\">{\"@context\":\"https:\\\/\\\/schema.org\",\"@graph\":[{\"@type\":\"Article\",\"@id\":\"https:\\\/\\\/autofans.com.ar\\\/index.php\\\/2023\\\/09\\\/14\\\/nuevas-bmw-f-900-gs-f-900-gs-adventure-y-f-800-gs\\\/#article\",\"isPartOf\":{\"@id\":\"https:\\\/\\\/autofans.com.ar\\\/index.php\\\/2023\\\/09\\\/14\\\/nuevas-bmw-f-900-gs-f-900-gs-adventure-y-f-800-gs\\\/\"},\"author\":{\"name\":\"Alejandro Gabriel Rosito\",\"@id\":\"https:\\\/\\\/autofans.com.ar\\\/#\\\/schema\\\/person\\\/4a8dda0b6df83ac3d6723e921274c2aa\"},\"headline\":\"Nuevas BMW F 900 GS, F 900 GS Adventure y F 800 GS\",\"datePublished\":\"2023-09-14T21:49:53+00:00\",\"dateModified\":\"2023-09-14T21:50:02+00:00\",\"mainEntityOfPage\":{\"@id\":\"https:\\\/\\\/autofans.com.ar\\\/index.php\\\/2023\\\/09\\\/14\\\/nuevas-bmw-f-900-gs-f-900-gs-adventure-y-f-800-gs\\\/\"},\"wordCount\":583,\"image\":{\"@id\":\"https:\\\/\\\/autofans.com.ar\\\/index.php\\\/2023\\\/09\\\/14\\\/nuevas-bmw-f-900-gs-f-900-gs-adventure-y-f-800-gs\\\/#primaryimage\"},\"thumbnailUrl\":\"https:\\\/\\\/autofans.com.ar\\\/wp-content\\\/uploads\\\/2023\\\/09\\\/foto-1-22.jpg\",\"keywords\":[\"BMW F 800 GS\",\"BMW F 900 GS\",\"BMW F 900 GS Adventure\",\"conectividad\",\"dise\u00f1o de motocicletas\",\"motor en l\u00ednea\",\"motos de aventura\",\"personalizaci\u00f3n de motos\",\"tecnolog\u00eda avanzada\"],\"articleSection\":[\"LANZAMIENTOS\",\"Motos\"],\"inLanguage\":\"es\"},{\"@type\":\"WebPage\",\"@id\":\"https:\\\/\\\/autofans.com.ar\\\/index.php\\\/2023\\\/09\\\/14\\\/nuevas-bmw-f-900-gs-f-900-gs-adventure-y-f-800-gs\\\/\",\"url\":\"https:\\\/\\\/autofans.com.ar\\\/index.php\\\/2023\\\/09\\\/14\\\/nuevas-bmw-f-900-gs-f-900-gs-adventure-y-f-800-gs\\\/\",\"name\":\"Nuevas BMW F 900 GS, F 900 GS Adventure y F 800 GS -\",\"isPartOf\":{\"@id\":\"https:\\\/\\\/autofans.com.ar\\\/#website\"},\"primaryImageOfPage\":{\"@id\":\"https:\\\/\\\/autofans.com.ar\\\/index.php\\\/2023\\\/09\\\/14\\\/nuevas-bmw-f-900-gs-f-900-gs-adventure-y-f-800-gs\\\/#primaryimage\"},\"image\":{\"@id\":\"https:\\\/\\\/autofans.com.ar\\\/index.php\\\/2023\\\/09\\\/14\\\/nuevas-bmw-f-900-gs-f-900-gs-adventure-y-f-800-gs\\\/#primaryimage\"},\"thumbnailUrl\":\"https:\\\/\\\/autofans.com.ar\\\/wp-content\\\/uploads\\\/2023\\\/09\\\/foto-1-22.jpg\",\"datePublished\":\"2023-09-14T21:49:53+00:00\",\"dateModified\":\"2023-09-14T21:50:02+00:00\",\"author\":{\"@id\":\"https:\\\/\\\/autofans.com.ar\\\/#\\\/schema\\\/person\\\/4a8dda0b6df83ac3d6723e921274c2aa\"},\"description\":\"BMW Motorrad presenta las \u00faltimas incorporaciones a su gama de motos de aventura las BMW F 900 GS, F 900 GS Adventure y F 800 GS....\",\"breadcrumb\":{\"@id\":\"https:\\\/\\\/autofans.com.ar\\\/index.php\\\/2023\\\/09\\\/14\\\/nuevas-bmw-f-900-gs-f-900-gs-adventure-y-f-800-gs\\\/#breadcrumb\"},\"inLanguage\":\"es\",\"potentialAction\":[{\"@type\":\"ReadAction\",\"target\":[\"https:\\\/\\\/autofans.com.ar\\\/index.php\\\/2023\\\/09\\\/14\\\/nuevas-bmw-f-900-gs-f-900-gs-adventure-y-f-800-gs\\\/\"]}]},{\"@type\":\"ImageObject\",\"inLanguage\":\"es\",\"@id\":\"https:\\\/\\\/autofans.com.ar\\\/index.php\\\/2023\\\/09\\\/14\\\/nuevas-bmw-f-900-gs-f-900-gs-adventure-y-f-800-gs\\\/#primaryimage\",\"url\":\"https:\\\/\\\/autofans.com.ar\\\/wp-content\\\/uploads\\\/2023\\\/09\\\/foto-1-22.jpg\",\"contentUrl\":\"https:\\\/\\\/autofans.com.ar\\\/wp-content\\\/uploads\\\/2023\\\/09\\\/foto-1-22.jpg\",\"width\":1000,\"height\":667,\"caption\":\"BMW motorrad\"},{\"@type\":\"BreadcrumbList\",\"@id\":\"https:\\\/\\\/autofans.com.ar\\\/index.php\\\/2023\\\/09\\\/14\\\/nuevas-bmw-f-900-gs-f-900-gs-adventure-y-f-800-gs\\\/#breadcrumb\",\"itemListElement\":[{\"@type\":\"ListItem\",\"position\":1,\"name\":\"Inicio\",\"item\":\"https:\\\/\\\/autofans.com.ar\\\/\"},{\"@type\":\"ListItem\",\"position\":2,\"name\":\"Nuevas BMW F 900 GS, F 900 GS Adventure y F 800 GS\"}]},{\"@type\":\"WebSite\",\"@id\":\"https:\\\/\\\/autofans.com.ar\\\/#website\",\"url\":\"https:\\\/\\\/autofans.com.ar\\\/\",\"name\":\"\",\"description\":\"El multimedio referente de la industria automotriz\",\"potentialAction\":[{\"@type\":\"SearchAction\",\"target\":{\"@type\":\"EntryPoint\",\"urlTemplate\":\"https:\\\/\\\/autofans.com.ar\\\/?s={search_term_string}\"},\"query-input\":{\"@type\":\"PropertyValueSpecification\",\"valueRequired\":true,\"valueName\":\"search_term_string\"}}],\"inLanguage\":\"es\"},{\"@type\":\"Person\",\"@id\":\"https:\\\/\\\/autofans.com.ar\\\/#\\\/schema\\\/person\\\/4a8dda0b6df83ac3d6723e921274c2aa\",\"name\":\"Alejandro Gabriel Rosito\",\"image\":{\"@type\":\"ImageObject\",\"inLanguage\":\"es\",\"@id\":\"https:\\\/\\\/secure.gravatar.com\\\/avatar\\\/16c5dda1489adfc62618084dcbb91cffd879c374b13fe5dd8e44ed6733852c88?s=96&d=mm&r=g\",\"url\":\"https:\\\/\\\/secure.gravatar.com\\\/avatar\\\/16c5dda1489adfc62618084dcbb91cffd879c374b13fe5dd8e44ed6733852c88?s=96&d=mm&r=g\",\"contentUrl\":\"https:\\\/\\\/secure.gravatar.com\\\/avatar\\\/16c5dda1489adfc62618084dcbb91cffd879c374b13fe5dd8e44ed6733852c88?s=96&d=mm&r=g\",\"caption\":\"Alejandro Gabriel Rosito\"},\"url\":\"https:\\\/\\\/autofans.com.ar\\\/index.php\\\/author\\\/gabrielr\\\/\"}]}<\/script>\n<!-- \/ Yoast SEO plugin. -->","yoast_head_json":{"title":"Nuevas BMW F 900 GS, F 900 GS Adventure y F 800 GS -","description":"BMW Motorrad presenta las \u00faltimas incorporaciones a su gama de motos de aventura las BMW F 900 GS, F 900 GS Adventure y F 800 GS....","robots":{"index":"index","follow":"follow","max-snippet":"max-snippet:-1","max-image-preview":"max-image-preview:large","max-video-preview":"max-video-preview:-1"},"canonical":"https:\/\/autofans.com.ar\/index.php\/2023\/09\/14\/nuevas-bmw-f-900-gs-f-900-gs-adventure-y-f-800-gs\/","og_locale":"es_ES","og_type":"article","og_title":"Nuevas BMW F 900 GS, F 900 GS Adventure y F 800 GS -","og_description":"BMW Motorrad presenta las \u00faltimas incorporaciones a su gama de motos de aventura las BMW F 900 GS, F 900 GS Adventure y F 800 GS....","og_url":"https:\/\/autofans.com.ar\/index.php\/2023\/09\/14\/nuevas-bmw-f-900-gs-f-900-gs-adventure-y-f-800-gs\/","article_published_time":"2023-09-14T21:49:53+00:00","article_modified_time":"2023-09-14T21:50:02+00:00","og_image":[{"width":1000,"height":667,"url":"https:\/\/autofans.com.ar\/wp-content\/uploads\/2023\/09\/foto-1-22.jpg","type":"image\/jpeg"}],"author":"Alejandro Gabriel Rosito","twitter_card":"summary_large_image","twitter_misc":{"Escrito por":"Alejandro Gabriel Rosito","Tiempo de lectura":"3 minutos"},"schema":{"@context":"https:\/\/schema.org","@graph":[{"@type":"Article","@id":"https:\/\/autofans.com.ar\/index.php\/2023\/09\/14\/nuevas-bmw-f-900-gs-f-900-gs-adventure-y-f-800-gs\/#article","isPartOf":{"@id":"https:\/\/autofans.com.ar\/index.php\/2023\/09\/14\/nuevas-bmw-f-900-gs-f-900-gs-adventure-y-f-800-gs\/"},"author":{"name":"Alejandro Gabriel Rosito","@id":"https:\/\/autofans.com.ar\/#\/schema\/person\/4a8dda0b6df83ac3d6723e921274c2aa"},"headline":"Nuevas BMW F 900 GS, F 900 GS Adventure y F 800 GS","datePublished":"2023-09-14T21:49:53+00:00","dateModified":"2023-09-14T21:50:02+00:00","mainEntityOfPage":{"@id":"https:\/\/autofans.com.ar\/index.php\/2023\/09\/14\/nuevas-bmw-f-900-gs-f-900-gs-adventure-y-f-800-gs\/"},"wordCount":583,"image":{"@id":"https:\/\/autofans.com.ar\/index.php\/2023\/09\/14\/nuevas-bmw-f-900-gs-f-900-gs-adventure-y-f-800-gs\/#primaryimage"},"thumbnailUrl":"https:\/\/autofans.com.ar\/wp-content\/uploads\/2023\/09\/foto-1-22.jpg","keywords":["BMW F 800 GS","BMW F 900 GS","BMW F 900 GS Adventure","conectividad","dise\u00f1o de motocicletas","motor en l\u00ednea","motos de aventura","personalizaci\u00f3n de motos","tecnolog\u00eda avanzada"],"articleSection":["LANZAMIENTOS","Motos"],"inLanguage":"es"},{"@type":"WebPage","@id":"https:\/\/autofans.com.ar\/index.php\/2023\/09\/14\/nuevas-bmw-f-900-gs-f-900-gs-adventure-y-f-800-gs\/","url":"https:\/\/autofans.com.ar\/index.php\/2023\/09\/14\/nuevas-bmw-f-900-gs-f-900-gs-adventure-y-f-800-gs\/","name":"Nuevas BMW F 900 GS, F 900 GS Adventure y F 800 GS -","isPartOf":{"@id":"https:\/\/autofans.com.ar\/#website"},"primaryImageOfPage":{"@id":"https:\/\/autofans.com.ar\/index.php\/2023\/09\/14\/nuevas-bmw-f-900-gs-f-900-gs-adventure-y-f-800-gs\/#primaryimage"},"image":{"@id":"https:\/\/autofans.com.ar\/index.php\/2023\/09\/14\/nuevas-bmw-f-900-gs-f-900-gs-adventure-y-f-800-gs\/#primaryimage"},"thumbnailUrl":"https:\/\/autofans.com.ar\/wp-content\/uploads\/2023\/09\/foto-1-22.jpg","datePublished":"2023-09-14T21:49:53+00:00","dateModified":"2023-09-14T21:50:02+00:00","author":{"@id":"https:\/\/autofans.com.ar\/#\/schema\/person\/4a8dda0b6df83ac3d6723e921274c2aa"},"description":"BMW Motorrad presenta las \u00faltimas incorporaciones a su gama de motos de aventura las BMW F 900 GS, F 900 GS Adventure y F 800 GS....","breadcrumb":{"@id":"https:\/\/autofans.com.ar\/index.php\/2023\/09\/14\/nuevas-bmw-f-900-gs-f-900-gs-adventure-y-f-800-gs\/#breadcrumb"},"inLanguage":"es","potentialAction":[{"@type":"ReadAction","target":["https:\/\/autofans.com.ar\/index.php\/2023\/09\/14\/nuevas-bmw-f-900-gs-f-900-gs-adventure-y-f-800-gs\/"]}]},{"@type":"ImageObject","inLanguage":"es","@id":"https:\/\/autofans.com.ar\/index.php\/2023\/09\/14\/nuevas-bmw-f-900-gs-f-900-gs-adventure-y-f-800-gs\/#primaryimage","url":"https:\/\/autofans.com.ar\/wp-content\/uploads\/2023\/09\/foto-1-22.jpg","contentUrl":"https:\/\/autofans.com.ar\/wp-content\/uploads\/2023\/09\/foto-1-22.jpg","width":1000,"height":667,"caption":"BMW motorrad"},{"@type":"BreadcrumbList","@id":"https:\/\/autofans.com.ar\/index.php\/2023\/09\/14\/nuevas-bmw-f-900-gs-f-900-gs-adventure-y-f-800-gs\/#breadcrumb","itemListElement":[{"@type":"ListItem","position":1,"name":"Inicio","item":"https:\/\/autofans.com.ar\/"},{"@type":"ListItem","position":2,"name":"Nuevas BMW F 900 GS, F 900 GS Adventure y F 800 GS"}]},{"@type":"WebSite","@id":"https:\/\/autofans.com.ar\/#website","url":"https:\/\/autofans.com.ar\/","name":"","description":"El multimedio referente de la industria automotriz","potentialAction":[{"@type":"SearchAction","target":{"@type":"EntryPoint","urlTemplate":"https:\/\/autofans.com.ar\/?s={search_term_string}"},"query-input":{"@type":"PropertyValueSpecification","valueRequired":true,"valueName":"search_term_string"}}],"inLanguage":"es"},{"@type":"Person","@id":"https:\/\/autofans.com.ar\/#\/schema\/person\/4a8dda0b6df83ac3d6723e921274c2aa","name":"Alejandro Gabriel Rosito","image":{"@type":"ImageObject","inLanguage":"es","@id":"https:\/\/secure.gravatar.com\/avatar\/16c5dda1489adfc62618084dcbb91cffd879c374b13fe5dd8e44ed6733852c88?s=96&d=mm&r=g","url":"https:\/\/secure.gravatar.com\/avatar\/16c5dda1489adfc62618084dcbb91cffd879c374b13fe5dd8e44ed6733852c88?s=96&d=mm&r=g","contentUrl":"https:\/\/secure.gravatar.com\/avatar\/16c5dda1489adfc62618084dcbb91cffd879c374b13fe5dd8e44ed6733852c88?s=96&d=mm&r=g","caption":"Alejandro Gabriel Rosito"},"url":"https:\/\/autofans.com.ar\/index.php\/author\/gabrielr\/"}]}},"featured_image_urls":{"full":["https:\/\/autofans.com.ar\/wp-content\/uploads\/2023\/09\/foto-1-22.jpg",1000,667,false],"thumbnail":["https:\/\/autofans.com.ar\/wp-content\/uploads\/2023\/09\/foto-1-22-150x150.jpg",150,150,true],"medium":["https:\/\/autofans.com.ar\/wp-content\/uploads\/2023\/09\/foto-1-22-300x200.jpg",300,200,true],"medium_large":["https:\/\/autofans.com.ar\/wp-content\/uploads\/2023\/09\/foto-1-22-768x512.jpg",640,427,true],"large":["https:\/\/autofans.com.ar\/wp-content\/uploads\/2023\/09\/foto-1-22.jpg",640,427,false],"1536x1536":["https:\/\/autofans.com.ar\/wp-content\/uploads\/2023\/09\/foto-1-22.jpg",1000,667,false],"2048x2048":["https:\/\/autofans.com.ar\/wp-content\/uploads\/2023\/09\/foto-1-22.jpg",1000,667,false],"covernews-featured":["https:\/\/autofans.com.ar\/wp-content\/uploads\/2023\/09\/foto-1-22.jpg",1000,667,false],"covernews-medium":["https:\/\/autofans.com.ar\/wp-content\/uploads\/2023\/09\/foto-1-22-540x340.jpg",540,340,true]},"author_info":{"display_name":"Alejandro Gabriel Rosito","author_link":"https:\/\/autofans.com.ar\/index.php\/author\/gabrielr\/"},"category_info":"<a href=\"https:\/\/autofans.com.ar\/index.php\/category\/lanzamientos\/\" rel=\"category tag\">LANZAMIENTOS<\/a> <a href=\"https:\/\/autofans.com.ar\/index.php\/category\/lanzamientos\/motos-lanzamientos\/\" rel=\"category tag\">Motos<\/a>","tag_info":"Motos","comment_count":0,"_links":{"self":[{"href":"https:\/\/autofans.com.ar\/index.php\/wp-json\/wp\/v2\/posts\/5024","targetHints":{"allow":["GET"]}}],"collection":[{"href":"https:\/\/autofans.com.ar\/index.php\/wp-json\/wp\/v2\/posts"}],"about":[{"href":"https:\/\/autofans.com.ar\/index.php\/wp-json\/wp\/v2\/types\/post"}],"author":[{"embeddable":true,"href":"https:\/\/autofans.com.ar\/index.php\/wp-json\/wp\/v2\/users\/2"}],"replies":[{"embeddable":true,"href":"https:\/\/autofans.com.ar\/index.php\/wp-json\/wp\/v2\/comments?post=5024"}],"version-history":[{"count":1,"href":"https:\/\/autofans.com.ar\/index.php\/wp-json\/wp\/v2\/posts\/5024\/revisions"}],"predecessor-version":[{"id":5029,"href":"https:\/\/autofans.com.ar\/index.php\/wp-json\/wp\/v2\/posts\/5024\/revisions\/5029"}],"wp:featuredmedia":[{"embeddable":true,"href":"https:\/\/autofans.com.ar\/index.php\/wp-json\/wp\/v2\/media\/5028"}],"wp:attachment":[{"href":"https:\/\/autofans.com.ar\/index.php\/wp-json\/wp\/v2\/media?parent=5024"}],"wp:term":[{"taxonomy":"category","embeddable":true,"href":"https:\/\/autofans.com.ar\/index.php\/wp-json\/wp\/v2\/categories?post=5024"},{"taxonomy":"post_tag","embeddable":true,"href":"https:\/\/autofans.com.ar\/index.php\/wp-json\/wp\/v2\/tags?post=5024"}],"curies":[{"name":"wp","href":"https:\/\/api.w.org\/{rel}","templated":true}]}}