{"id":5044,"date":"2023-09-15T17:33:11","date_gmt":"2023-09-15T20:33:11","guid":{"rendered":"https:\/\/autofans.com.ar\/?p=5044"},"modified":"2023-09-15T17:33:11","modified_gmt":"2023-09-15T20:33:11","slug":"nissan-un-legado-de-innovacion-en-vehiculos-electricos","status":"publish","type":"post","link":"https:\/\/autofans.com.ar\/index.php\/2023\/09\/15\/nissan-un-legado-de-innovacion-en-vehiculos-electricos\/","title":{"rendered":"Nissan, un legado de innovaci\u00f3n en veh\u00edculos el\u00e9ctricos"},"content":{"rendered":"<p>En medio de la celebraci\u00f3n del D\u00eda Mundial del Veh\u00edculo El\u00e9ctrico el 9 de septiembre, Nissan conmemora su 90\u00ba aniversario y el impresionante logro de vender un mill\u00f3n de veh\u00edculos el\u00e9ctricos en todo el mundo. Este hito no solo representa un logro excepcional para la marca, sino que tambi\u00e9n subraya su compromiso constante con la electrificaci\u00f3n. Desde 1947, Nissan ha estado a la vanguardia de la movilidad el\u00e9ctrica con un prop\u00f3sito claro: mejorar la vida de las personas.<\/p>\n<p>&nbsp;<\/p>\n<h2>Reimaginando la ayuda en caso de desastre<\/h2>\n<p>En 2020, Nissan lanz\u00f3 el RE-LEAF, un veh\u00edculo dise\u00f1ado para brindar asistencia en zonas afectadas por desastres naturales y fen\u00f3menos meteorol\u00f3gicos extremos. Equipado con modificaciones como la capacidad de circular por carreteras bloqueadas y enchufes de carga resistentes a la intemperie, el RE-LEAF se convirti\u00f3 en un salvador para quienes m\u00e1s lo necesitaban.<\/p>\n<p>En 2011, Nissan present\u00f3 el LEAF NISMO RC, un veh\u00edculo de competici\u00f3n totalmente el\u00e9ctrico que adelant\u00f3 la incursi\u00f3n de Nissan en la F\u00f3rmula E. Demostr\u00f3 que la sostenibilidad y el rendimiento pueden ir de la mano.<\/p>\n<p>&nbsp;<\/p>\n<p><center><iframe title=\"The EV Chronicles: Dare to be Different - Nissan\u2019s EV Collection\" width=\"640\" height=\"360\" src=\"https:\/\/www.youtube.com\/embed\/ZwgRqOeZvZg?feature=oembed\" frameborder=\"0\" allow=\"accelerometer; autoplay; clipboard-write; encrypted-media; gyroscope; picture-in-picture; web-share\" referrerpolicy=\"strict-origin-when-cross-origin\" allowfullscreen><\/iframe><\/p>\n<p>&nbsp;<\/p>\n<p><\/center><\/p>\n<h2>Nissan &#8211; revolucionando la conducci\u00f3n urbana<\/h2>\n<p>El Nissan Land Glider, con su estructura \u00fanica en forma de capullo y una excepcional estabilidad en las cuatro ruedas, revolucion\u00f3 la percepci\u00f3n de la conducci\u00f3n urbana y mostr\u00f3 c\u00f3mo podr\u00edan ser los veh\u00edculos el\u00e9ctricos del futuro en las bulliciosas ciudades.<\/p>\n<p>En 2016, antes de la pandemia y la revoluci\u00f3n del teletrabajo, Nissan present\u00f3 la e-NV200 WORKSPACe, la primera oficina m\u00f3vil totalmente el\u00e9ctrica del mundo. Redise\u00f1ada para satisfacer las necesidades del trabajo a distancia, esta camioneta inclu\u00eda un escritorio plegable, conectividad inal\u00e1mbrica a Internet y hasta una cafetera.<\/p>\n<p>La e-NV200 Winter Camper ofrec\u00eda diversi\u00f3n y comodidad para los amantes de las aventuras invernales. Con su cocina integrada, heladera y cama plegable, destacaba la versatilidad de los veh\u00edculos el\u00e9ctricos. El prototipo e-NV200 Ice Cream Van, impulsado por energ\u00eda e\u00f3lica y solar, demostr\u00f3 que pod\u00eda existir una alternativa sostenible a las camionetas de helados tradicionales.<\/p>\n<p>&nbsp;<\/p>\n<h2>Explorando nuevos horizontes<\/h2>\n<p>La Expedici\u00f3n \u00abPole to Pole\u00bb Ariya e-4ORCE de Nissan est\u00e1 abriendo un camino de Polo a Polo, desafiando las creencias convencionales sobre lo que los veh\u00edculos el\u00e9ctricos pueden lograr.<\/p>\n<p>Estos ejemplos son solo una muestra del compromiso de Nissan con la innovaci\u00f3n en veh\u00edculos el\u00e9ctricos. Mientras celebramos el D\u00eda Mundial de los Veh\u00edculos El\u00e9ctricos 2023 y nuestro 90\u00ba aniversario, esperamos con entusiasmo los futuros avances en la movilidad el\u00e9ctrica que Nissan continuar\u00e1 liderando.<\/p>\n<p>&nbsp;<\/p>\n<p><i>Para enterarte de m\u00e1s novedades, no dejes de leer\u00a0<\/i><a href=\"https:\/\/autofans.thebrandsoup.com\/\"><i>nuestras notas<\/i><\/a><i>, de ver<\/i><b><i>\u00a0<\/i><\/b><a href=\"https:\/\/www.youtube.com\/channel\/UCgAC8UGHZYbT6P7PpmVnP7g\"><b><i>AUTOFANS TV<\/i><\/b><\/a><b><i>\u00a0<\/i><\/b><i>en nuestro\u00a0canal de Youtube. Adem\u00e1s seguinos en\u00a0<\/i><a href=\"https:\/\/www.instagram.com\/autofanstv\/\"><i>INSTAGRAM<\/i><\/a><i> y <\/i><a href=\"https:\/\/www.facebook.com\/autofansmas\/\"><i>FACEBOOK<\/i><\/a><i> para no perderte nada sobre las novedades del segmento automotor de Argentina y el mundo.<\/i><\/p>\n","protected":false},"excerpt":{"rendered":"<p>En medio de la celebraci\u00f3n del D\u00eda Mundial del Veh\u00edculo El\u00e9ctrico el 9 de septiembre,&#8230;<\/p>\n","protected":false},"author":2,"featured_media":5045,"comment_status":"closed","ping_status":"closed","sticky":false,"template":"","format":"standard","meta":{"footnotes":""},"categories":[341,16],"tags":[355,2532,2533,1269,2531,2530,2534],"class_list":["post-5044","post","type-post","status-publish","format-standard","has-post-thumbnail","hentry","category-hibridos-y-electricos","category-noticias","tag-electrificacion","tag-futurosostenible","tag-innovacionnissan","tag-movilidadsostenible","tag-nissan90","tag-nissanev","tag-vehiculoselectricos-nissaninnovacion"],"yoast_head":"<!-- This site is optimized with the Yoast SEO plugin v27.5 - https:\/\/yoast.com\/product\/yoast-seo-wordpress\/ -->\n<title>Nissan, un legado de innovaci\u00f3n en veh\u00edculos el\u00e9ctricos -<\/title>\n<meta name=\"description\" content=\"En el D\u00eda Mundial del Veh\u00edculo El\u00e9ctrico el 9 de septiembre, Nissan conmemora su 90\u00ba aniversario y el logro de vender un mill\u00f3n de veh\u00edculos.\" \/>\n<meta name=\"robots\" content=\"index, follow, max-snippet:-1, max-image-preview:large, max-video-preview:-1\" \/>\n<link rel=\"canonical\" href=\"https:\/\/autofans.com.ar\/index.php\/2023\/09\/15\/nissan-un-legado-de-innovacion-en-vehiculos-electricos\/\" \/>\n<meta property=\"og:locale\" content=\"es_ES\" \/>\n<meta property=\"og:type\" content=\"article\" \/>\n<meta property=\"og:title\" content=\"Nissan, un legado de innovaci\u00f3n en veh\u00edculos el\u00e9ctricos -\" \/>\n<meta property=\"og:description\" content=\"En el D\u00eda Mundial del Veh\u00edculo El\u00e9ctrico el 9 de septiembre, Nissan conmemora su 90\u00ba aniversario y el logro de vender un mill\u00f3n de veh\u00edculos.\" \/>\n<meta property=\"og:url\" content=\"https:\/\/autofans.com.ar\/index.php\/2023\/09\/15\/nissan-un-legado-de-innovacion-en-vehiculos-electricos\/\" \/>\n<meta property=\"article:published_time\" content=\"2023-09-15T20:33:11+00:00\" \/>\n<meta property=\"og:image\" content=\"https:\/\/autofans.com.ar\/wp-content\/uploads\/2023\/09\/foto-1-25.jpg\" \/>\n\t<meta property=\"og:image:width\" content=\"1000\" \/>\n\t<meta property=\"og:image:height\" content=\"667\" \/>\n\t<meta property=\"og:image:type\" content=\"image\/jpeg\" \/>\n<meta name=\"author\" content=\"Alejandro Gabriel Rosito\" \/>\n<meta name=\"twitter:card\" content=\"summary_large_image\" \/>\n<meta name=\"twitter:label1\" content=\"Escrito por\" \/>\n\t<meta name=\"twitter:data1\" content=\"Alejandro Gabriel Rosito\" \/>\n\t<meta name=\"twitter:label2\" content=\"Tiempo de lectura\" \/>\n\t<meta name=\"twitter:data2\" content=\"3 minutos\" \/>\n<script type=\"application\/ld+json\" class=\"yoast-schema-graph\">{\"@context\":\"https:\\\/\\\/schema.org\",\"@graph\":[{\"@type\":\"Article\",\"@id\":\"https:\\\/\\\/autofans.com.ar\\\/index.php\\\/2023\\\/09\\\/15\\\/nissan-un-legado-de-innovacion-en-vehiculos-electricos\\\/#article\",\"isPartOf\":{\"@id\":\"https:\\\/\\\/autofans.com.ar\\\/index.php\\\/2023\\\/09\\\/15\\\/nissan-un-legado-de-innovacion-en-vehiculos-electricos\\\/\"},\"author\":{\"name\":\"Alejandro Gabriel Rosito\",\"@id\":\"https:\\\/\\\/autofans.com.ar\\\/#\\\/schema\\\/person\\\/4a8dda0b6df83ac3d6723e921274c2aa\"},\"headline\":\"Nissan, un legado de innovaci\u00f3n en veh\u00edculos el\u00e9ctricos\",\"datePublished\":\"2023-09-15T20:33:11+00:00\",\"mainEntityOfPage\":{\"@id\":\"https:\\\/\\\/autofans.com.ar\\\/index.php\\\/2023\\\/09\\\/15\\\/nissan-un-legado-de-innovacion-en-vehiculos-electricos\\\/\"},\"wordCount\":511,\"image\":{\"@id\":\"https:\\\/\\\/autofans.com.ar\\\/index.php\\\/2023\\\/09\\\/15\\\/nissan-un-legado-de-innovacion-en-vehiculos-electricos\\\/#primaryimage\"},\"thumbnailUrl\":\"https:\\\/\\\/autofans.com.ar\\\/wp-content\\\/uploads\\\/2023\\\/09\\\/foto-1-25.jpg\",\"keywords\":[\"electrificaci\u00f3n\",\"FuturoSostenible\",\"Innovaci\u00f3nNissan\",\"MovilidadSostenible\",\"Nissan90\",\"NissanEV\",\"Veh\u00edculosEl\u00e9ctricos. NissanInnovaci\u00f3n\"],\"articleSection\":[\"HIBRIDOS, ELECTRICOS y otros\",\"NOTICIAS\"],\"inLanguage\":\"es\"},{\"@type\":\"WebPage\",\"@id\":\"https:\\\/\\\/autofans.com.ar\\\/index.php\\\/2023\\\/09\\\/15\\\/nissan-un-legado-de-innovacion-en-vehiculos-electricos\\\/\",\"url\":\"https:\\\/\\\/autofans.com.ar\\\/index.php\\\/2023\\\/09\\\/15\\\/nissan-un-legado-de-innovacion-en-vehiculos-electricos\\\/\",\"name\":\"Nissan, un legado de innovaci\u00f3n en veh\u00edculos el\u00e9ctricos -\",\"isPartOf\":{\"@id\":\"https:\\\/\\\/autofans.com.ar\\\/#website\"},\"primaryImageOfPage\":{\"@id\":\"https:\\\/\\\/autofans.com.ar\\\/index.php\\\/2023\\\/09\\\/15\\\/nissan-un-legado-de-innovacion-en-vehiculos-electricos\\\/#primaryimage\"},\"image\":{\"@id\":\"https:\\\/\\\/autofans.com.ar\\\/index.php\\\/2023\\\/09\\\/15\\\/nissan-un-legado-de-innovacion-en-vehiculos-electricos\\\/#primaryimage\"},\"thumbnailUrl\":\"https:\\\/\\\/autofans.com.ar\\\/wp-content\\\/uploads\\\/2023\\\/09\\\/foto-1-25.jpg\",\"datePublished\":\"2023-09-15T20:33:11+00:00\",\"author\":{\"@id\":\"https:\\\/\\\/autofans.com.ar\\\/#\\\/schema\\\/person\\\/4a8dda0b6df83ac3d6723e921274c2aa\"},\"description\":\"En el D\u00eda Mundial del Veh\u00edculo El\u00e9ctrico el 9 de septiembre, Nissan conmemora su 90\u00ba aniversario y el logro de vender un mill\u00f3n de veh\u00edculos.\",\"breadcrumb\":{\"@id\":\"https:\\\/\\\/autofans.com.ar\\\/index.php\\\/2023\\\/09\\\/15\\\/nissan-un-legado-de-innovacion-en-vehiculos-electricos\\\/#breadcrumb\"},\"inLanguage\":\"es\",\"potentialAction\":[{\"@type\":\"ReadAction\",\"target\":[\"https:\\\/\\\/autofans.com.ar\\\/index.php\\\/2023\\\/09\\\/15\\\/nissan-un-legado-de-innovacion-en-vehiculos-electricos\\\/\"]}]},{\"@type\":\"ImageObject\",\"inLanguage\":\"es\",\"@id\":\"https:\\\/\\\/autofans.com.ar\\\/index.php\\\/2023\\\/09\\\/15\\\/nissan-un-legado-de-innovacion-en-vehiculos-electricos\\\/#primaryimage\",\"url\":\"https:\\\/\\\/autofans.com.ar\\\/wp-content\\\/uploads\\\/2023\\\/09\\\/foto-1-25.jpg\",\"contentUrl\":\"https:\\\/\\\/autofans.com.ar\\\/wp-content\\\/uploads\\\/2023\\\/09\\\/foto-1-25.jpg\",\"width\":1000,\"height\":667,\"caption\":\"nissan\"},{\"@type\":\"BreadcrumbList\",\"@id\":\"https:\\\/\\\/autofans.com.ar\\\/index.php\\\/2023\\\/09\\\/15\\\/nissan-un-legado-de-innovacion-en-vehiculos-electricos\\\/#breadcrumb\",\"itemListElement\":[{\"@type\":\"ListItem\",\"position\":1,\"name\":\"Inicio\",\"item\":\"https:\\\/\\\/autofans.com.ar\\\/\"},{\"@type\":\"ListItem\",\"position\":2,\"name\":\"Nissan, un legado de innovaci\u00f3n en veh\u00edculos el\u00e9ctricos\"}]},{\"@type\":\"WebSite\",\"@id\":\"https:\\\/\\\/autofans.com.ar\\\/#website\",\"url\":\"https:\\\/\\\/autofans.com.ar\\\/\",\"name\":\"\",\"description\":\"El multimedio referente de la industria automotriz\",\"potentialAction\":[{\"@type\":\"SearchAction\",\"target\":{\"@type\":\"EntryPoint\",\"urlTemplate\":\"https:\\\/\\\/autofans.com.ar\\\/?s={search_term_string}\"},\"query-input\":{\"@type\":\"PropertyValueSpecification\",\"valueRequired\":true,\"valueName\":\"search_term_string\"}}],\"inLanguage\":\"es\"},{\"@type\":\"Person\",\"@id\":\"https:\\\/\\\/autofans.com.ar\\\/#\\\/schema\\\/person\\\/4a8dda0b6df83ac3d6723e921274c2aa\",\"name\":\"Alejandro Gabriel Rosito\",\"image\":{\"@type\":\"ImageObject\",\"inLanguage\":\"es\",\"@id\":\"https:\\\/\\\/secure.gravatar.com\\\/avatar\\\/16c5dda1489adfc62618084dcbb91cffd879c374b13fe5dd8e44ed6733852c88?s=96&d=mm&r=g\",\"url\":\"https:\\\/\\\/secure.gravatar.com\\\/avatar\\\/16c5dda1489adfc62618084dcbb91cffd879c374b13fe5dd8e44ed6733852c88?s=96&d=mm&r=g\",\"contentUrl\":\"https:\\\/\\\/secure.gravatar.com\\\/avatar\\\/16c5dda1489adfc62618084dcbb91cffd879c374b13fe5dd8e44ed6733852c88?s=96&d=mm&r=g\",\"caption\":\"Alejandro Gabriel Rosito\"},\"url\":\"https:\\\/\\\/autofans.com.ar\\\/index.php\\\/author\\\/gabrielr\\\/\"}]}<\/script>\n<!-- \/ Yoast SEO plugin. -->","yoast_head_json":{"title":"Nissan, un legado de innovaci\u00f3n en veh\u00edculos el\u00e9ctricos -","description":"En el D\u00eda Mundial del Veh\u00edculo El\u00e9ctrico el 9 de septiembre, Nissan conmemora su 90\u00ba aniversario y el logro de vender un mill\u00f3n de veh\u00edculos.","robots":{"index":"index","follow":"follow","max-snippet":"max-snippet:-1","max-image-preview":"max-image-preview:large","max-video-preview":"max-video-preview:-1"},"canonical":"https:\/\/autofans.com.ar\/index.php\/2023\/09\/15\/nissan-un-legado-de-innovacion-en-vehiculos-electricos\/","og_locale":"es_ES","og_type":"article","og_title":"Nissan, un legado de innovaci\u00f3n en veh\u00edculos el\u00e9ctricos -","og_description":"En el D\u00eda Mundial del Veh\u00edculo El\u00e9ctrico el 9 de septiembre, Nissan conmemora su 90\u00ba aniversario y el logro de vender un mill\u00f3n de veh\u00edculos.","og_url":"https:\/\/autofans.com.ar\/index.php\/2023\/09\/15\/nissan-un-legado-de-innovacion-en-vehiculos-electricos\/","article_published_time":"2023-09-15T20:33:11+00:00","og_image":[{"width":1000,"height":667,"url":"https:\/\/autofans.com.ar\/wp-content\/uploads\/2023\/09\/foto-1-25.jpg","type":"image\/jpeg"}],"author":"Alejandro Gabriel Rosito","twitter_card":"summary_large_image","twitter_misc":{"Escrito por":"Alejandro Gabriel Rosito","Tiempo de lectura":"3 minutos"},"schema":{"@context":"https:\/\/schema.org","@graph":[{"@type":"Article","@id":"https:\/\/autofans.com.ar\/index.php\/2023\/09\/15\/nissan-un-legado-de-innovacion-en-vehiculos-electricos\/#article","isPartOf":{"@id":"https:\/\/autofans.com.ar\/index.php\/2023\/09\/15\/nissan-un-legado-de-innovacion-en-vehiculos-electricos\/"},"author":{"name":"Alejandro Gabriel Rosito","@id":"https:\/\/autofans.com.ar\/#\/schema\/person\/4a8dda0b6df83ac3d6723e921274c2aa"},"headline":"Nissan, un legado de innovaci\u00f3n en veh\u00edculos el\u00e9ctricos","datePublished":"2023-09-15T20:33:11+00:00","mainEntityOfPage":{"@id":"https:\/\/autofans.com.ar\/index.php\/2023\/09\/15\/nissan-un-legado-de-innovacion-en-vehiculos-electricos\/"},"wordCount":511,"image":{"@id":"https:\/\/autofans.com.ar\/index.php\/2023\/09\/15\/nissan-un-legado-de-innovacion-en-vehiculos-electricos\/#primaryimage"},"thumbnailUrl":"https:\/\/autofans.com.ar\/wp-content\/uploads\/2023\/09\/foto-1-25.jpg","keywords":["electrificaci\u00f3n","FuturoSostenible","Innovaci\u00f3nNissan","MovilidadSostenible","Nissan90","NissanEV","Veh\u00edculosEl\u00e9ctricos. NissanInnovaci\u00f3n"],"articleSection":["HIBRIDOS, ELECTRICOS y otros","NOTICIAS"],"inLanguage":"es"},{"@type":"WebPage","@id":"https:\/\/autofans.com.ar\/index.php\/2023\/09\/15\/nissan-un-legado-de-innovacion-en-vehiculos-electricos\/","url":"https:\/\/autofans.com.ar\/index.php\/2023\/09\/15\/nissan-un-legado-de-innovacion-en-vehiculos-electricos\/","name":"Nissan, un legado de innovaci\u00f3n en veh\u00edculos el\u00e9ctricos -","isPartOf":{"@id":"https:\/\/autofans.com.ar\/#website"},"primaryImageOfPage":{"@id":"https:\/\/autofans.com.ar\/index.php\/2023\/09\/15\/nissan-un-legado-de-innovacion-en-vehiculos-electricos\/#primaryimage"},"image":{"@id":"https:\/\/autofans.com.ar\/index.php\/2023\/09\/15\/nissan-un-legado-de-innovacion-en-vehiculos-electricos\/#primaryimage"},"thumbnailUrl":"https:\/\/autofans.com.ar\/wp-content\/uploads\/2023\/09\/foto-1-25.jpg","datePublished":"2023-09-15T20:33:11+00:00","author":{"@id":"https:\/\/autofans.com.ar\/#\/schema\/person\/4a8dda0b6df83ac3d6723e921274c2aa"},"description":"En el D\u00eda Mundial del Veh\u00edculo El\u00e9ctrico el 9 de septiembre, Nissan conmemora su 90\u00ba aniversario y el logro de vender un mill\u00f3n de veh\u00edculos.","breadcrumb":{"@id":"https:\/\/autofans.com.ar\/index.php\/2023\/09\/15\/nissan-un-legado-de-innovacion-en-vehiculos-electricos\/#breadcrumb"},"inLanguage":"es","potentialAction":[{"@type":"ReadAction","target":["https:\/\/autofans.com.ar\/index.php\/2023\/09\/15\/nissan-un-legado-de-innovacion-en-vehiculos-electricos\/"]}]},{"@type":"ImageObject","inLanguage":"es","@id":"https:\/\/autofans.com.ar\/index.php\/2023\/09\/15\/nissan-un-legado-de-innovacion-en-vehiculos-electricos\/#primaryimage","url":"https:\/\/autofans.com.ar\/wp-content\/uploads\/2023\/09\/foto-1-25.jpg","contentUrl":"https:\/\/autofans.com.ar\/wp-content\/uploads\/2023\/09\/foto-1-25.jpg","width":1000,"height":667,"caption":"nissan"},{"@type":"BreadcrumbList","@id":"https:\/\/autofans.com.ar\/index.php\/2023\/09\/15\/nissan-un-legado-de-innovacion-en-vehiculos-electricos\/#breadcrumb","itemListElement":[{"@type":"ListItem","position":1,"name":"Inicio","item":"https:\/\/autofans.com.ar\/"},{"@type":"ListItem","position":2,"name":"Nissan, un legado de innovaci\u00f3n en veh\u00edculos el\u00e9ctricos"}]},{"@type":"WebSite","@id":"https:\/\/autofans.com.ar\/#website","url":"https:\/\/autofans.com.ar\/","name":"","description":"El multimedio referente de la industria automotriz","potentialAction":[{"@type":"SearchAction","target":{"@type":"EntryPoint","urlTemplate":"https:\/\/autofans.com.ar\/?s={search_term_string}"},"query-input":{"@type":"PropertyValueSpecification","valueRequired":true,"valueName":"search_term_string"}}],"inLanguage":"es"},{"@type":"Person","@id":"https:\/\/autofans.com.ar\/#\/schema\/person\/4a8dda0b6df83ac3d6723e921274c2aa","name":"Alejandro Gabriel Rosito","image":{"@type":"ImageObject","inLanguage":"es","@id":"https:\/\/secure.gravatar.com\/avatar\/16c5dda1489adfc62618084dcbb91cffd879c374b13fe5dd8e44ed6733852c88?s=96&d=mm&r=g","url":"https:\/\/secure.gravatar.com\/avatar\/16c5dda1489adfc62618084dcbb91cffd879c374b13fe5dd8e44ed6733852c88?s=96&d=mm&r=g","contentUrl":"https:\/\/secure.gravatar.com\/avatar\/16c5dda1489adfc62618084dcbb91cffd879c374b13fe5dd8e44ed6733852c88?s=96&d=mm&r=g","caption":"Alejandro Gabriel Rosito"},"url":"https:\/\/autofans.com.ar\/index.php\/author\/gabrielr\/"}]}},"featured_image_urls":{"full":["https:\/\/autofans.com.ar\/wp-content\/uploads\/2023\/09\/foto-1-25.jpg",1000,667,false],"thumbnail":["https:\/\/autofans.com.ar\/wp-content\/uploads\/2023\/09\/foto-1-25-150x150.jpg",150,150,true],"medium":["https:\/\/autofans.com.ar\/wp-content\/uploads\/2023\/09\/foto-1-25-300x200.jpg",300,200,true],"medium_large":["https:\/\/autofans.com.ar\/wp-content\/uploads\/2023\/09\/foto-1-25-768x512.jpg",640,427,true],"large":["https:\/\/autofans.com.ar\/wp-content\/uploads\/2023\/09\/foto-1-25.jpg",640,427,false],"1536x1536":["https:\/\/autofans.com.ar\/wp-content\/uploads\/2023\/09\/foto-1-25.jpg",1000,667,false],"2048x2048":["https:\/\/autofans.com.ar\/wp-content\/uploads\/2023\/09\/foto-1-25.jpg",1000,667,false],"covernews-featured":["https:\/\/autofans.com.ar\/wp-content\/uploads\/2023\/09\/foto-1-25.jpg",1000,667,false],"covernews-medium":["https:\/\/autofans.com.ar\/wp-content\/uploads\/2023\/09\/foto-1-25-540x340.jpg",540,340,true]},"author_info":{"display_name":"Alejandro Gabriel Rosito","author_link":"https:\/\/autofans.com.ar\/index.php\/author\/gabrielr\/"},"category_info":"<a href=\"https:\/\/autofans.com.ar\/index.php\/category\/noticias\/hibridos-y-electricos\/\" rel=\"category tag\">HIBRIDOS, ELECTRICOS y otros<\/a> <a href=\"https:\/\/autofans.com.ar\/index.php\/category\/noticias\/\" rel=\"category tag\">NOTICIAS<\/a>","tag_info":"NOTICIAS","comment_count":0,"_links":{"self":[{"href":"https:\/\/autofans.com.ar\/index.php\/wp-json\/wp\/v2\/posts\/5044","targetHints":{"allow":["GET"]}}],"collection":[{"href":"https:\/\/autofans.com.ar\/index.php\/wp-json\/wp\/v2\/posts"}],"about":[{"href":"https:\/\/autofans.com.ar\/index.php\/wp-json\/wp\/v2\/types\/post"}],"author":[{"embeddable":true,"href":"https:\/\/autofans.com.ar\/index.php\/wp-json\/wp\/v2\/users\/2"}],"replies":[{"embeddable":true,"href":"https:\/\/autofans.com.ar\/index.php\/wp-json\/wp\/v2\/comments?post=5044"}],"version-history":[{"count":6,"href":"https:\/\/autofans.com.ar\/index.php\/wp-json\/wp\/v2\/posts\/5044\/revisions"}],"predecessor-version":[{"id":5051,"href":"https:\/\/autofans.com.ar\/index.php\/wp-json\/wp\/v2\/posts\/5044\/revisions\/5051"}],"wp:featuredmedia":[{"embeddable":true,"href":"https:\/\/autofans.com.ar\/index.php\/wp-json\/wp\/v2\/media\/5045"}],"wp:attachment":[{"href":"https:\/\/autofans.com.ar\/index.php\/wp-json\/wp\/v2\/media?parent=5044"}],"wp:term":[{"taxonomy":"category","embeddable":true,"href":"https:\/\/autofans.com.ar\/index.php\/wp-json\/wp\/v2\/categories?post=5044"},{"taxonomy":"post_tag","embeddable":true,"href":"https:\/\/autofans.com.ar\/index.php\/wp-json\/wp\/v2\/tags?post=5044"}],"curies":[{"name":"wp","href":"https:\/\/api.w.org\/{rel}","templated":true}]}}