{"id":5069,"date":"2023-09-17T12:48:49","date_gmt":"2023-09-17T15:48:49","guid":{"rendered":"https:\/\/autofans.com.ar\/?p=5069"},"modified":"2023-09-24T16:35:53","modified_gmt":"2023-09-24T19:35:53","slug":"autofans-tv-programa-22-09-09-2023","status":"publish","type":"post","link":"https:\/\/autofans.com.ar\/index.php\/2023\/09\/17\/autofans-tv-programa-22-09-09-2023\/","title":{"rendered":"AUTOFANS TV &#8211; Programa 22 &#8211; 09\/09\/2023"},"content":{"rendered":"<p>Para el programa de hoy, te mostramos el nuevo Audi A3 40, en nuestro test drive. Tambi\u00e9n el evento de movilidad m\u00e1s grande del mundo en Munich en la IAA Mobility 2023, Las marcas m\u00e1s importantes estuvieron presente como BMW, Volkswagen, Mini, entre otras . El lanzamiento de la 5ta. Edici\u00f3n de Conductoras de la mano de Scania Argentina, \u00bfTe lo vas a perder?<\/p>\n<p>&nbsp;<\/p>\n<p><center><iframe title=\"AUTOFANS TV - Programa 22 - 09-09-2023\" width=\"640\" height=\"360\" src=\"https:\/\/www.youtube.com\/embed\/A-ZdwaK7G_w?list=PLbVpoKmIf-ginW2vutm24QB2rmNoQJFxN\" frameborder=\"0\" allow=\"accelerometer; autoplay; clipboard-write; encrypted-media; gyroscope; picture-in-picture; web-share\" referrerpolicy=\"strict-origin-when-cross-origin\" allowfullscreen><\/iframe><\/p>\n<p>&nbsp;<\/p>\n<p>&nbsp;<\/p>\n<p>&nbsp;<\/p>\n<p><\/center>&nbsp;<\/p>\n<p>&nbsp;<\/p>\n<p>&nbsp;<\/p>\n<p>Para volver a ver esta emisi\u00f3n, nuestros pr\u00f3ximos lives, streamings y mucho m\u00e1s contenido, suscribite a nuestro canal de YouTube y toc\u00e1 la campanita para recibir notificaciones de nuestras nuevas publicaciones.<\/p>\n<p>&nbsp;<\/p>\n<p>&nbsp;<\/p>\n<p>&nbsp;<\/p>\n<p><i>Para enterarte de m\u00e1s novedades, no dejes de leer\u00a0<\/i><a href=\"https:\/\/autofans.thebrandsoup.com\/\"><i>nuestras notas<\/i><\/a><i>, de ver<\/i><b><i>\u00a0<\/i><\/b><a href=\"https:\/\/www.youtube.com\/channel\/UCgAC8UGHZYbT6P7PpmVnP7g\"><b><i>AUTOFANS TV<\/i><\/b><\/a><b><i>\u00a0<\/i><\/b><i>en nuestro\u00a0canal de Youtube. Adem\u00e1s seguimos\u00a0en\u00a0<\/i><a href=\"https:\/\/www.instagram.com\/autofanstv\/\"><i>INSTAGRAM<\/i><\/a><i>\u00a0y\u00a0<\/i><a href=\"https:\/\/www.facebook.com\/autofansmas\/\"><i>FACEBOOK<\/i><\/a><i>\u00a0para no perderte nada sobre las novedades del segmento automotor de Argentina y el mundo.<\/i><\/p>\n","protected":false},"excerpt":{"rendered":"<p>Para el programa de hoy, te mostramos el nuevo Audi A3 40, en nuestro test&#8230;<\/p>\n","protected":false},"author":2,"featured_media":5072,"comment_status":"closed","ping_status":"closed","sticky":false,"template":"","format":"standard","meta":{"footnotes":""},"categories":[13,702,1028],"tags":[208,2541,430,82,166,382],"class_list":["post-5069","post","type-post","status-publish","format-standard","has-post-thumbnail","hentry","category-autofans-tv","category-programas-2023","category-programas-completos-2023","tag-bmw","tag-aa-mobility-2023","tag-mini","tag-programa","tag-scania-argentina","tag-volkswagen"],"yoast_head":"<!-- This site is optimized with the Yoast SEO plugin v27.5 - https:\/\/yoast.com\/product\/yoast-seo-wordpress\/ -->\n<title>AUTOFANS TV - Programa 22 - 09\/09\/2023 -<\/title>\n<meta name=\"description\" content=\"Para el programa de hoy, te mostramos el nuevo Audi A3 40, en nuestro test drive. Tambi\u00e9n el evento de movilidad m\u00e1s grande del mundo...\" \/>\n<meta name=\"robots\" content=\"index, follow, max-snippet:-1, max-image-preview:large, max-video-preview:-1\" \/>\n<link rel=\"canonical\" href=\"https:\/\/autofans.com.ar\/index.php\/2023\/09\/17\/autofans-tv-programa-22-09-09-2023\/\" \/>\n<meta property=\"og:locale\" content=\"es_ES\" \/>\n<meta property=\"og:type\" content=\"article\" \/>\n<meta property=\"og:title\" content=\"AUTOFANS TV - Programa 22 - 09\/09\/2023 -\" \/>\n<meta property=\"og:description\" content=\"Para el programa de hoy, te mostramos el nuevo Audi A3 40, en nuestro test drive. Tambi\u00e9n el evento de movilidad m\u00e1s grande del mundo...\" \/>\n<meta property=\"og:url\" content=\"https:\/\/autofans.com.ar\/index.php\/2023\/09\/17\/autofans-tv-programa-22-09-09-2023\/\" \/>\n<meta property=\"article:published_time\" content=\"2023-09-17T15:48:49+00:00\" \/>\n<meta property=\"article:modified_time\" content=\"2023-09-24T19:35:53+00:00\" \/>\n<meta property=\"og:image\" content=\"https:\/\/autofans.com.ar\/wp-content\/uploads\/2023\/09\/temporada-16-09-09-23.jpg\" \/>\n\t<meta property=\"og:image:width\" content=\"1831\" \/>\n\t<meta property=\"og:image:height\" content=\"957\" \/>\n\t<meta property=\"og:image:type\" content=\"image\/jpeg\" \/>\n<meta name=\"author\" content=\"Alejandro Gabriel Rosito\" \/>\n<meta name=\"twitter:card\" content=\"summary_large_image\" \/>\n<meta name=\"twitter:label1\" content=\"Escrito por\" \/>\n\t<meta name=\"twitter:data1\" content=\"Alejandro Gabriel Rosito\" \/>\n\t<meta name=\"twitter:label2\" content=\"Tiempo de lectura\" \/>\n\t<meta name=\"twitter:data2\" content=\"1 minuto\" \/>\n<script type=\"application\/ld+json\" class=\"yoast-schema-graph\">{\"@context\":\"https:\\\/\\\/schema.org\",\"@graph\":[{\"@type\":\"Article\",\"@id\":\"https:\\\/\\\/autofans.com.ar\\\/index.php\\\/2023\\\/09\\\/17\\\/autofans-tv-programa-22-09-09-2023\\\/#article\",\"isPartOf\":{\"@id\":\"https:\\\/\\\/autofans.com.ar\\\/index.php\\\/2023\\\/09\\\/17\\\/autofans-tv-programa-22-09-09-2023\\\/\"},\"author\":{\"name\":\"Alejandro Gabriel Rosito\",\"@id\":\"https:\\\/\\\/autofans.com.ar\\\/#\\\/schema\\\/person\\\/4a8dda0b6df83ac3d6723e921274c2aa\"},\"headline\":\"AUTOFANS TV &#8211; Programa 22 &#8211; 09\\\/09\\\/2023\",\"datePublished\":\"2023-09-17T15:48:49+00:00\",\"dateModified\":\"2023-09-24T19:35:53+00:00\",\"mainEntityOfPage\":{\"@id\":\"https:\\\/\\\/autofans.com.ar\\\/index.php\\\/2023\\\/09\\\/17\\\/autofans-tv-programa-22-09-09-2023\\\/\"},\"wordCount\":174,\"image\":{\"@id\":\"https:\\\/\\\/autofans.com.ar\\\/index.php\\\/2023\\\/09\\\/17\\\/autofans-tv-programa-22-09-09-2023\\\/#primaryimage\"},\"thumbnailUrl\":\"https:\\\/\\\/autofans.com.ar\\\/wp-content\\\/uploads\\\/2023\\\/09\\\/temporada-16-09-09-23.jpg\",\"keywords\":[\"#BMW\",\"AA Mobility 2023\",\"MINI\",\"Programa\",\"Scania Argentina\",\"Volkswagen\"],\"articleSection\":[\"AUTOFANS TV\",\"Programas 2023\",\"PROGRAMAS COMPLETOS 2023\"],\"inLanguage\":\"es\"},{\"@type\":\"WebPage\",\"@id\":\"https:\\\/\\\/autofans.com.ar\\\/index.php\\\/2023\\\/09\\\/17\\\/autofans-tv-programa-22-09-09-2023\\\/\",\"url\":\"https:\\\/\\\/autofans.com.ar\\\/index.php\\\/2023\\\/09\\\/17\\\/autofans-tv-programa-22-09-09-2023\\\/\",\"name\":\"AUTOFANS TV - Programa 22 - 09\\\/09\\\/2023 -\",\"isPartOf\":{\"@id\":\"https:\\\/\\\/autofans.com.ar\\\/#website\"},\"primaryImageOfPage\":{\"@id\":\"https:\\\/\\\/autofans.com.ar\\\/index.php\\\/2023\\\/09\\\/17\\\/autofans-tv-programa-22-09-09-2023\\\/#primaryimage\"},\"image\":{\"@id\":\"https:\\\/\\\/autofans.com.ar\\\/index.php\\\/2023\\\/09\\\/17\\\/autofans-tv-programa-22-09-09-2023\\\/#primaryimage\"},\"thumbnailUrl\":\"https:\\\/\\\/autofans.com.ar\\\/wp-content\\\/uploads\\\/2023\\\/09\\\/temporada-16-09-09-23.jpg\",\"datePublished\":\"2023-09-17T15:48:49+00:00\",\"dateModified\":\"2023-09-24T19:35:53+00:00\",\"author\":{\"@id\":\"https:\\\/\\\/autofans.com.ar\\\/#\\\/schema\\\/person\\\/4a8dda0b6df83ac3d6723e921274c2aa\"},\"description\":\"Para el programa de hoy, te mostramos el nuevo Audi A3 40, en nuestro test drive. Tambi\u00e9n el evento de movilidad m\u00e1s grande del mundo...\",\"breadcrumb\":{\"@id\":\"https:\\\/\\\/autofans.com.ar\\\/index.php\\\/2023\\\/09\\\/17\\\/autofans-tv-programa-22-09-09-2023\\\/#breadcrumb\"},\"inLanguage\":\"es\",\"potentialAction\":[{\"@type\":\"ReadAction\",\"target\":[\"https:\\\/\\\/autofans.com.ar\\\/index.php\\\/2023\\\/09\\\/17\\\/autofans-tv-programa-22-09-09-2023\\\/\"]}]},{\"@type\":\"ImageObject\",\"inLanguage\":\"es\",\"@id\":\"https:\\\/\\\/autofans.com.ar\\\/index.php\\\/2023\\\/09\\\/17\\\/autofans-tv-programa-22-09-09-2023\\\/#primaryimage\",\"url\":\"https:\\\/\\\/autofans.com.ar\\\/wp-content\\\/uploads\\\/2023\\\/09\\\/temporada-16-09-09-23.jpg\",\"contentUrl\":\"https:\\\/\\\/autofans.com.ar\\\/wp-content\\\/uploads\\\/2023\\\/09\\\/temporada-16-09-09-23.jpg\",\"width\":1831,\"height\":957,\"caption\":\"temporada 16 09-09-23\"},{\"@type\":\"BreadcrumbList\",\"@id\":\"https:\\\/\\\/autofans.com.ar\\\/index.php\\\/2023\\\/09\\\/17\\\/autofans-tv-programa-22-09-09-2023\\\/#breadcrumb\",\"itemListElement\":[{\"@type\":\"ListItem\",\"position\":1,\"name\":\"Inicio\",\"item\":\"https:\\\/\\\/autofans.com.ar\\\/\"},{\"@type\":\"ListItem\",\"position\":2,\"name\":\"AUTOFANS TV &#8211; Programa 22 &#8211; 09\\\/09\\\/2023\"}]},{\"@type\":\"WebSite\",\"@id\":\"https:\\\/\\\/autofans.com.ar\\\/#website\",\"url\":\"https:\\\/\\\/autofans.com.ar\\\/\",\"name\":\"\",\"description\":\"El multimedio referente de la industria automotriz\",\"potentialAction\":[{\"@type\":\"SearchAction\",\"target\":{\"@type\":\"EntryPoint\",\"urlTemplate\":\"https:\\\/\\\/autofans.com.ar\\\/?s={search_term_string}\"},\"query-input\":{\"@type\":\"PropertyValueSpecification\",\"valueRequired\":true,\"valueName\":\"search_term_string\"}}],\"inLanguage\":\"es\"},{\"@type\":\"Person\",\"@id\":\"https:\\\/\\\/autofans.com.ar\\\/#\\\/schema\\\/person\\\/4a8dda0b6df83ac3d6723e921274c2aa\",\"name\":\"Alejandro Gabriel Rosito\",\"image\":{\"@type\":\"ImageObject\",\"inLanguage\":\"es\",\"@id\":\"https:\\\/\\\/secure.gravatar.com\\\/avatar\\\/16c5dda1489adfc62618084dcbb91cffd879c374b13fe5dd8e44ed6733852c88?s=96&d=mm&r=g\",\"url\":\"https:\\\/\\\/secure.gravatar.com\\\/avatar\\\/16c5dda1489adfc62618084dcbb91cffd879c374b13fe5dd8e44ed6733852c88?s=96&d=mm&r=g\",\"contentUrl\":\"https:\\\/\\\/secure.gravatar.com\\\/avatar\\\/16c5dda1489adfc62618084dcbb91cffd879c374b13fe5dd8e44ed6733852c88?s=96&d=mm&r=g\",\"caption\":\"Alejandro Gabriel Rosito\"},\"url\":\"https:\\\/\\\/autofans.com.ar\\\/index.php\\\/author\\\/gabrielr\\\/\"}]}<\/script>\n<!-- \/ Yoast SEO plugin. -->","yoast_head_json":{"title":"AUTOFANS TV - Programa 22 - 09\/09\/2023 -","description":"Para el programa de hoy, te mostramos el nuevo Audi A3 40, en nuestro test drive. Tambi\u00e9n el evento de movilidad m\u00e1s grande del mundo...","robots":{"index":"index","follow":"follow","max-snippet":"max-snippet:-1","max-image-preview":"max-image-preview:large","max-video-preview":"max-video-preview:-1"},"canonical":"https:\/\/autofans.com.ar\/index.php\/2023\/09\/17\/autofans-tv-programa-22-09-09-2023\/","og_locale":"es_ES","og_type":"article","og_title":"AUTOFANS TV - Programa 22 - 09\/09\/2023 -","og_description":"Para el programa de hoy, te mostramos el nuevo Audi A3 40, en nuestro test drive. Tambi\u00e9n el evento de movilidad m\u00e1s grande del mundo...","og_url":"https:\/\/autofans.com.ar\/index.php\/2023\/09\/17\/autofans-tv-programa-22-09-09-2023\/","article_published_time":"2023-09-17T15:48:49+00:00","article_modified_time":"2023-09-24T19:35:53+00:00","og_image":[{"width":1831,"height":957,"url":"https:\/\/autofans.com.ar\/wp-content\/uploads\/2023\/09\/temporada-16-09-09-23.jpg","type":"image\/jpeg"}],"author":"Alejandro Gabriel Rosito","twitter_card":"summary_large_image","twitter_misc":{"Escrito por":"Alejandro Gabriel Rosito","Tiempo de lectura":"1 minuto"},"schema":{"@context":"https:\/\/schema.org","@graph":[{"@type":"Article","@id":"https:\/\/autofans.com.ar\/index.php\/2023\/09\/17\/autofans-tv-programa-22-09-09-2023\/#article","isPartOf":{"@id":"https:\/\/autofans.com.ar\/index.php\/2023\/09\/17\/autofans-tv-programa-22-09-09-2023\/"},"author":{"name":"Alejandro Gabriel Rosito","@id":"https:\/\/autofans.com.ar\/#\/schema\/person\/4a8dda0b6df83ac3d6723e921274c2aa"},"headline":"AUTOFANS TV &#8211; Programa 22 &#8211; 09\/09\/2023","datePublished":"2023-09-17T15:48:49+00:00","dateModified":"2023-09-24T19:35:53+00:00","mainEntityOfPage":{"@id":"https:\/\/autofans.com.ar\/index.php\/2023\/09\/17\/autofans-tv-programa-22-09-09-2023\/"},"wordCount":174,"image":{"@id":"https:\/\/autofans.com.ar\/index.php\/2023\/09\/17\/autofans-tv-programa-22-09-09-2023\/#primaryimage"},"thumbnailUrl":"https:\/\/autofans.com.ar\/wp-content\/uploads\/2023\/09\/temporada-16-09-09-23.jpg","keywords":["#BMW","AA Mobility 2023","MINI","Programa","Scania Argentina","Volkswagen"],"articleSection":["AUTOFANS TV","Programas 2023","PROGRAMAS COMPLETOS 2023"],"inLanguage":"es"},{"@type":"WebPage","@id":"https:\/\/autofans.com.ar\/index.php\/2023\/09\/17\/autofans-tv-programa-22-09-09-2023\/","url":"https:\/\/autofans.com.ar\/index.php\/2023\/09\/17\/autofans-tv-programa-22-09-09-2023\/","name":"AUTOFANS TV - Programa 22 - 09\/09\/2023 -","isPartOf":{"@id":"https:\/\/autofans.com.ar\/#website"},"primaryImageOfPage":{"@id":"https:\/\/autofans.com.ar\/index.php\/2023\/09\/17\/autofans-tv-programa-22-09-09-2023\/#primaryimage"},"image":{"@id":"https:\/\/autofans.com.ar\/index.php\/2023\/09\/17\/autofans-tv-programa-22-09-09-2023\/#primaryimage"},"thumbnailUrl":"https:\/\/autofans.com.ar\/wp-content\/uploads\/2023\/09\/temporada-16-09-09-23.jpg","datePublished":"2023-09-17T15:48:49+00:00","dateModified":"2023-09-24T19:35:53+00:00","author":{"@id":"https:\/\/autofans.com.ar\/#\/schema\/person\/4a8dda0b6df83ac3d6723e921274c2aa"},"description":"Para el programa de hoy, te mostramos el nuevo Audi A3 40, en nuestro test drive. Tambi\u00e9n el evento de movilidad m\u00e1s grande del mundo...","breadcrumb":{"@id":"https:\/\/autofans.com.ar\/index.php\/2023\/09\/17\/autofans-tv-programa-22-09-09-2023\/#breadcrumb"},"inLanguage":"es","potentialAction":[{"@type":"ReadAction","target":["https:\/\/autofans.com.ar\/index.php\/2023\/09\/17\/autofans-tv-programa-22-09-09-2023\/"]}]},{"@type":"ImageObject","inLanguage":"es","@id":"https:\/\/autofans.com.ar\/index.php\/2023\/09\/17\/autofans-tv-programa-22-09-09-2023\/#primaryimage","url":"https:\/\/autofans.com.ar\/wp-content\/uploads\/2023\/09\/temporada-16-09-09-23.jpg","contentUrl":"https:\/\/autofans.com.ar\/wp-content\/uploads\/2023\/09\/temporada-16-09-09-23.jpg","width":1831,"height":957,"caption":"temporada 16 09-09-23"},{"@type":"BreadcrumbList","@id":"https:\/\/autofans.com.ar\/index.php\/2023\/09\/17\/autofans-tv-programa-22-09-09-2023\/#breadcrumb","itemListElement":[{"@type":"ListItem","position":1,"name":"Inicio","item":"https:\/\/autofans.com.ar\/"},{"@type":"ListItem","position":2,"name":"AUTOFANS TV &#8211; Programa 22 &#8211; 09\/09\/2023"}]},{"@type":"WebSite","@id":"https:\/\/autofans.com.ar\/#website","url":"https:\/\/autofans.com.ar\/","name":"","description":"El multimedio referente de la industria automotriz","potentialAction":[{"@type":"SearchAction","target":{"@type":"EntryPoint","urlTemplate":"https:\/\/autofans.com.ar\/?s={search_term_string}"},"query-input":{"@type":"PropertyValueSpecification","valueRequired":true,"valueName":"search_term_string"}}],"inLanguage":"es"},{"@type":"Person","@id":"https:\/\/autofans.com.ar\/#\/schema\/person\/4a8dda0b6df83ac3d6723e921274c2aa","name":"Alejandro Gabriel Rosito","image":{"@type":"ImageObject","inLanguage":"es","@id":"https:\/\/secure.gravatar.com\/avatar\/16c5dda1489adfc62618084dcbb91cffd879c374b13fe5dd8e44ed6733852c88?s=96&d=mm&r=g","url":"https:\/\/secure.gravatar.com\/avatar\/16c5dda1489adfc62618084dcbb91cffd879c374b13fe5dd8e44ed6733852c88?s=96&d=mm&r=g","contentUrl":"https:\/\/secure.gravatar.com\/avatar\/16c5dda1489adfc62618084dcbb91cffd879c374b13fe5dd8e44ed6733852c88?s=96&d=mm&r=g","caption":"Alejandro Gabriel Rosito"},"url":"https:\/\/autofans.com.ar\/index.php\/author\/gabrielr\/"}]}},"featured_image_urls":{"full":["https:\/\/autofans.com.ar\/wp-content\/uploads\/2023\/09\/temporada-16-09-09-23.jpg",1831,957,false],"thumbnail":["https:\/\/autofans.com.ar\/wp-content\/uploads\/2023\/09\/temporada-16-09-09-23-150x150.jpg",150,150,true],"medium":["https:\/\/autofans.com.ar\/wp-content\/uploads\/2023\/09\/temporada-16-09-09-23-300x157.jpg",300,157,true],"medium_large":["https:\/\/autofans.com.ar\/wp-content\/uploads\/2023\/09\/temporada-16-09-09-23-768x401.jpg",640,334,true],"large":["https:\/\/autofans.com.ar\/wp-content\/uploads\/2023\/09\/temporada-16-09-09-23-1024x535.jpg",640,334,true],"1536x1536":["https:\/\/autofans.com.ar\/wp-content\/uploads\/2023\/09\/temporada-16-09-09-23-1536x803.jpg",1536,803,true],"2048x2048":["https:\/\/autofans.com.ar\/wp-content\/uploads\/2023\/09\/temporada-16-09-09-23.jpg",1831,957,false],"covernews-featured":["https:\/\/autofans.com.ar\/wp-content\/uploads\/2023\/09\/temporada-16-09-09-23-1024x535.jpg",1024,535,true],"covernews-medium":["https:\/\/autofans.com.ar\/wp-content\/uploads\/2023\/09\/temporada-16-09-09-23-540x340.jpg",540,340,true]},"author_info":{"display_name":"Alejandro Gabriel Rosito","author_link":"https:\/\/autofans.com.ar\/index.php\/author\/gabrielr\/"},"category_info":"<a href=\"https:\/\/autofans.com.ar\/index.php\/category\/autofans-tv\/\" rel=\"category tag\">AUTOFANS TV<\/a> <a href=\"https:\/\/autofans.com.ar\/index.php\/category\/autofans-tv\/programas-2023\/\" rel=\"category tag\">Programas 2023<\/a> <a href=\"https:\/\/autofans.com.ar\/index.php\/category\/autofans-tv\/programas-2023\/programas-completos-2023\/\" rel=\"category tag\">PROGRAMAS COMPLETOS 2023<\/a>","tag_info":"PROGRAMAS COMPLETOS 2023","comment_count":0,"_links":{"self":[{"href":"https:\/\/autofans.com.ar\/index.php\/wp-json\/wp\/v2\/posts\/5069","targetHints":{"allow":["GET"]}}],"collection":[{"href":"https:\/\/autofans.com.ar\/index.php\/wp-json\/wp\/v2\/posts"}],"about":[{"href":"https:\/\/autofans.com.ar\/index.php\/wp-json\/wp\/v2\/types\/post"}],"author":[{"embeddable":true,"href":"https:\/\/autofans.com.ar\/index.php\/wp-json\/wp\/v2\/users\/2"}],"replies":[{"embeddable":true,"href":"https:\/\/autofans.com.ar\/index.php\/wp-json\/wp\/v2\/comments?post=5069"}],"version-history":[{"count":4,"href":"https:\/\/autofans.com.ar\/index.php\/wp-json\/wp\/v2\/posts\/5069\/revisions"}],"predecessor-version":[{"id":5190,"href":"https:\/\/autofans.com.ar\/index.php\/wp-json\/wp\/v2\/posts\/5069\/revisions\/5190"}],"wp:featuredmedia":[{"embeddable":true,"href":"https:\/\/autofans.com.ar\/index.php\/wp-json\/wp\/v2\/media\/5072"}],"wp:attachment":[{"href":"https:\/\/autofans.com.ar\/index.php\/wp-json\/wp\/v2\/media?parent=5069"}],"wp:term":[{"taxonomy":"category","embeddable":true,"href":"https:\/\/autofans.com.ar\/index.php\/wp-json\/wp\/v2\/categories?post=5069"},{"taxonomy":"post_tag","embeddable":true,"href":"https:\/\/autofans.com.ar\/index.php\/wp-json\/wp\/v2\/tags?post=5069"}],"curies":[{"name":"wp","href":"https:\/\/api.w.org\/{rel}","templated":true}]}}