{"id":5077,"date":"2023-09-18T15:04:23","date_gmt":"2023-09-18T18:04:23","guid":{"rendered":"https:\/\/autofans.com.ar\/?p=5077"},"modified":"2023-09-18T15:04:23","modified_gmt":"2023-09-18T18:04:23","slug":"nissan-america-del-sur-expande-su-presencia","status":"publish","type":"post","link":"https:\/\/autofans.com.ar\/index.php\/2023\/09\/18\/nissan-america-del-sur-expande-su-presencia\/","title":{"rendered":"Nissan Am\u00e9rica del Sur expande su presencia"},"content":{"rendered":"<p>Nissan Am\u00e9rica del Sur ha demostrado un s\u00f3lido compromiso con su crecimiento en la regi\u00f3n durante el \u00faltimo a\u00f1o fiscal, que finaliz\u00f3 en marzo de 2022. La marca ha expandido su red de concesionarios a nueve nuevas localidades en Argentina, Brasil, Chile y Per\u00fa, donde anteriormente no ten\u00eda presencia. Este movimiento es parte de su ambicioso objetivo de implementar el Nissan Retail Concept en el 100% de sus concesionarios para el a\u00f1o fiscal 2024. Actualmente, ya han transformado casi el 70% de sus puntos de venta y servicios bajo este emocionante est\u00e1ndar global.<\/p>\n<p>&nbsp;<\/p>\n<h2>Expansi\u00f3n en Argentina<\/h2>\n<p>&nbsp;<\/p>\n<p><img fetchpriority=\"high\" decoding=\"async\" class=\"aligncenter wp-image-5081 size-full\" src=\"https:\/\/autofans.com.ar\/wp-content\/uploads\/2023\/09\/foto-1-27.jpg\" alt=\"Nissan America\" width=\"1000\" height=\"667\" srcset=\"https:\/\/autofans.com.ar\/wp-content\/uploads\/2023\/09\/foto-1-27.jpg 1000w, https:\/\/autofans.com.ar\/wp-content\/uploads\/2023\/09\/foto-1-27-300x200.jpg 300w, https:\/\/autofans.com.ar\/wp-content\/uploads\/2023\/09\/foto-1-27-768x512.jpg 768w\" sizes=\"(max-width: 1000px) 100vw, 1000px\" \/><\/p>\n<p>&nbsp;<\/p>\n<p>En Argentina, Nissan ha introducido un emocionante concepto de \u00abNissan Express Contact\u00bb en San Nicol\u00e1s de los Arroyos, en la Provincia de Buenos Aires. Este formato de tienda boutique se centra en brindar servicios de mantenimiento rutinario y cuenta con un showroom especialmente dise\u00f1ado para zonas rurales. La elecci\u00f3n de Argentina como pa\u00eds piloto para esta innovadora propuesta demuestra el compromiso de la marca con sus clientes en esta regi\u00f3n.<\/p>\n<p>&nbsp;<\/p>\n<h2>Brasil, Chile y Per\u00fa &#8211; nuevos territorios<\/h2>\n<p>&nbsp;<\/p>\n<p><img decoding=\"async\" class=\"aligncenter wp-image-5080 size-full\" src=\"https:\/\/autofans.com.ar\/wp-content\/uploads\/2023\/09\/foto-2-24.jpg\" alt=\"Nissan America\" width=\"1000\" height=\"667\" srcset=\"https:\/\/autofans.com.ar\/wp-content\/uploads\/2023\/09\/foto-2-24.jpg 1000w, https:\/\/autofans.com.ar\/wp-content\/uploads\/2023\/09\/foto-2-24-300x200.jpg 300w, https:\/\/autofans.com.ar\/wp-content\/uploads\/2023\/09\/foto-2-24-768x512.jpg 768w\" sizes=\"(max-width: 1000px) 100vw, 1000px\" \/><\/p>\n<p>&nbsp;<\/p>\n<p>En Brasil, la expansi\u00f3n de Nissan ha llegado a Erechim y Lajeado (R\u00edo Grande do Sul), Olinda (Pernambuco), Contagem (Minas Gerais), Catanduva (S\u00e3o Paulo) y Primavera do Leste (Mato Grosso). En Chile, la red de concesionarios se ha expandido a\u00fan m\u00e1s en Chicureo (Provincia Chacabuco, Gran Santiago Norte) y Ovalle (Provincia Limar\u00ed, Coquimbo). Finalmente, en el mercado peruano, Nissan ha establecido su presencia en Tarapoto (Provincia de San Mart\u00edn).<\/p>\n<p>&nbsp;<\/p>\n<h2>Nissan Retail Concept &#8211; una experiencia diferente<\/h2>\n<p>Nissan Retail Concept es un est\u00e1ndar global que se origin\u00f3 en Jap\u00f3n y se ha extendido a lo largo de los mercados en los que Nissan opera. Ofrece una experiencia \u00fanica en dise\u00f1o y servicio, estableciendo diferentes espacios para satisfacer las diversas necesidades de los clientes. La marca se esfuerza por que cada punto de contacto sea memorable y extraordinario.<\/p>\n<p>&nbsp;<\/p>\n<p><img decoding=\"async\" class=\"aligncenter wp-image-5079 size-full\" src=\"https:\/\/autofans.com.ar\/wp-content\/uploads\/2023\/09\/foto-3-21.jpg\" alt=\"Nissan\" width=\"1000\" height=\"667\" srcset=\"https:\/\/autofans.com.ar\/wp-content\/uploads\/2023\/09\/foto-3-21.jpg 1000w, https:\/\/autofans.com.ar\/wp-content\/uploads\/2023\/09\/foto-3-21-300x200.jpg 300w, https:\/\/autofans.com.ar\/wp-content\/uploads\/2023\/09\/foto-3-21-768x512.jpg 768w\" sizes=\"(max-width: 1000px) 100vw, 1000px\" \/><\/p>\n<p>&nbsp;<\/p>\n<p>Esta expansi\u00f3n constante y sostenida refleja el compromiso de <a href=\"https:\/\/autofans.com.ar\/index.php\/2023\/09\/12\/nissan-america-del-sur-programa-de-pasantias-2023\/\" target=\"_blank\" rel=\"noopener\">Nissan<\/a> con la satisfacci\u00f3n del cliente, brindando asistencia personalizada, servicios de calidad y soluciones digitales. A medida que la marca se acerca cada vez m\u00e1s a sus clientes en Am\u00e9rica del Sur, su presencia se hace a\u00fan m\u00e1s tangible en la regi\u00f3n.<\/p>\n<p>&nbsp;<\/p>\n<p><i>Para enterarte de m\u00e1s novedades, no dejes de leer\u00a0<\/i><a href=\"https:\/\/autofans.thebrandsoup.com\/\"><i>nuestras notas<\/i><\/a><i>, de ver<\/i><b><i>\u00a0<\/i><\/b><a href=\"https:\/\/www.youtube.com\/channel\/UCgAC8UGHZYbT6P7PpmVnP7g\"><b><i>AUTOFANS TV<\/i><\/b><\/a><b><i>\u00a0<\/i><\/b><i>en nuestro\u00a0canal de Youtube. Adem\u00e1s seguinos en\u00a0<\/i><a href=\"https:\/\/www.instagram.com\/autofanstv\/\"><i>INSTAGRAM<\/i><\/a><i> y <\/i><a href=\"https:\/\/www.facebook.com\/autofansmas\/\"><i>FACEBOOK<\/i><\/a><i> para no perderte nada sobre las novedades del segmento automotor de Argentina y el mundo.<\/i><\/p>\n<p><i><span class=\"Apple-converted-space\">\u00a0<\/span><\/i><\/p>\n","protected":false},"excerpt":{"rendered":"<p>Nissan Am\u00e9rica del Sur ha demostrado un s\u00f3lido compromiso con su crecimiento en la regi\u00f3n&#8230;<\/p>\n","protected":false},"author":2,"featured_media":5078,"comment_status":"closed","ping_status":"closed","sticky":false,"template":"","format":"standard","meta":{"footnotes":""},"categories":[292,16],"tags":[2542,2545,2544,1430,2543],"class_list":["post-5077","post","type-post","status-publish","format-standard","has-post-thumbnail","hentry","category-empresas","category-noticias","tag-expansion-de-concesionarios","tag-expansion-en-america-del-sur","tag-experiencia-del-cliente","tag-nissan-america-del-sur","tag-nissan-retail-concept"],"yoast_head":"<!-- This site is optimized with the Yoast SEO plugin v27.5 - https:\/\/yoast.com\/product\/yoast-seo-wordpress\/ -->\n<title>Nissan Am\u00e9rica del Sur expande su presencia -<\/title>\n<meta name=\"description\" content=\"Nissan Am\u00e9rica del Sur ha demostrado un s\u00f3lido compromiso con su crecimiento en la regi\u00f3n durante el \u00faltimo a\u00f1o, que finaliz\u00f3 en marzo del 22\" \/>\n<meta name=\"robots\" content=\"index, follow, max-snippet:-1, max-image-preview:large, max-video-preview:-1\" \/>\n<link rel=\"canonical\" href=\"https:\/\/autofans.com.ar\/index.php\/2023\/09\/18\/nissan-america-del-sur-expande-su-presencia\/\" \/>\n<meta property=\"og:locale\" content=\"es_ES\" \/>\n<meta property=\"og:type\" content=\"article\" \/>\n<meta property=\"og:title\" content=\"Nissan Am\u00e9rica del Sur expande su presencia -\" \/>\n<meta property=\"og:description\" content=\"Nissan Am\u00e9rica del Sur ha demostrado un s\u00f3lido compromiso con su crecimiento en la regi\u00f3n durante el \u00faltimo a\u00f1o, que finaliz\u00f3 en marzo del 22\" \/>\n<meta property=\"og:url\" content=\"https:\/\/autofans.com.ar\/index.php\/2023\/09\/18\/nissan-america-del-sur-expande-su-presencia\/\" \/>\n<meta property=\"article:published_time\" content=\"2023-09-18T18:04:23+00:00\" \/>\n<meta property=\"og:image\" content=\"https:\/\/autofans.com.ar\/wp-content\/uploads\/2023\/09\/foto-4-12.jpg\" \/>\n\t<meta property=\"og:image:width\" content=\"1000\" \/>\n\t<meta property=\"og:image:height\" content=\"667\" \/>\n\t<meta property=\"og:image:type\" content=\"image\/jpeg\" \/>\n<meta name=\"author\" content=\"Alejandro Gabriel Rosito\" \/>\n<meta name=\"twitter:card\" content=\"summary_large_image\" \/>\n<meta name=\"twitter:label1\" content=\"Escrito por\" \/>\n\t<meta name=\"twitter:data1\" content=\"Alejandro Gabriel Rosito\" \/>\n\t<meta name=\"twitter:label2\" content=\"Tiempo de lectura\" \/>\n\t<meta name=\"twitter:data2\" content=\"3 minutos\" \/>\n<script type=\"application\/ld+json\" class=\"yoast-schema-graph\">{\"@context\":\"https:\\\/\\\/schema.org\",\"@graph\":[{\"@type\":\"Article\",\"@id\":\"https:\\\/\\\/autofans.com.ar\\\/index.php\\\/2023\\\/09\\\/18\\\/nissan-america-del-sur-expande-su-presencia\\\/#article\",\"isPartOf\":{\"@id\":\"https:\\\/\\\/autofans.com.ar\\\/index.php\\\/2023\\\/09\\\/18\\\/nissan-america-del-sur-expande-su-presencia\\\/\"},\"author\":{\"name\":\"Alejandro Gabriel Rosito\",\"@id\":\"https:\\\/\\\/autofans.com.ar\\\/#\\\/schema\\\/person\\\/4a8dda0b6df83ac3d6723e921274c2aa\"},\"headline\":\"Nissan Am\u00e9rica del Sur expande su presencia\",\"datePublished\":\"2023-09-18T18:04:23+00:00\",\"mainEntityOfPage\":{\"@id\":\"https:\\\/\\\/autofans.com.ar\\\/index.php\\\/2023\\\/09\\\/18\\\/nissan-america-del-sur-expande-su-presencia\\\/\"},\"wordCount\":446,\"image\":{\"@id\":\"https:\\\/\\\/autofans.com.ar\\\/index.php\\\/2023\\\/09\\\/18\\\/nissan-america-del-sur-expande-su-presencia\\\/#primaryimage\"},\"thumbnailUrl\":\"https:\\\/\\\/autofans.com.ar\\\/wp-content\\\/uploads\\\/2023\\\/09\\\/foto-4-12.jpg\",\"keywords\":[\"Expansi\u00f3n de Concesionarios\",\"Expansi\u00f3n en Am\u00e9rica del Sur\",\"Experiencia del Cliente\",\"Nissan Am\u00e9rica del Sur\",\"Nissan Retail Concept\"],\"articleSection\":[\"EMPRESAS\",\"NOTICIAS\"],\"inLanguage\":\"es\"},{\"@type\":\"WebPage\",\"@id\":\"https:\\\/\\\/autofans.com.ar\\\/index.php\\\/2023\\\/09\\\/18\\\/nissan-america-del-sur-expande-su-presencia\\\/\",\"url\":\"https:\\\/\\\/autofans.com.ar\\\/index.php\\\/2023\\\/09\\\/18\\\/nissan-america-del-sur-expande-su-presencia\\\/\",\"name\":\"Nissan Am\u00e9rica del Sur expande su presencia -\",\"isPartOf\":{\"@id\":\"https:\\\/\\\/autofans.com.ar\\\/#website\"},\"primaryImageOfPage\":{\"@id\":\"https:\\\/\\\/autofans.com.ar\\\/index.php\\\/2023\\\/09\\\/18\\\/nissan-america-del-sur-expande-su-presencia\\\/#primaryimage\"},\"image\":{\"@id\":\"https:\\\/\\\/autofans.com.ar\\\/index.php\\\/2023\\\/09\\\/18\\\/nissan-america-del-sur-expande-su-presencia\\\/#primaryimage\"},\"thumbnailUrl\":\"https:\\\/\\\/autofans.com.ar\\\/wp-content\\\/uploads\\\/2023\\\/09\\\/foto-4-12.jpg\",\"datePublished\":\"2023-09-18T18:04:23+00:00\",\"author\":{\"@id\":\"https:\\\/\\\/autofans.com.ar\\\/#\\\/schema\\\/person\\\/4a8dda0b6df83ac3d6723e921274c2aa\"},\"description\":\"Nissan Am\u00e9rica del Sur ha demostrado un s\u00f3lido compromiso con su crecimiento en la regi\u00f3n durante el \u00faltimo a\u00f1o, que finaliz\u00f3 en marzo del 22\",\"breadcrumb\":{\"@id\":\"https:\\\/\\\/autofans.com.ar\\\/index.php\\\/2023\\\/09\\\/18\\\/nissan-america-del-sur-expande-su-presencia\\\/#breadcrumb\"},\"inLanguage\":\"es\",\"potentialAction\":[{\"@type\":\"ReadAction\",\"target\":[\"https:\\\/\\\/autofans.com.ar\\\/index.php\\\/2023\\\/09\\\/18\\\/nissan-america-del-sur-expande-su-presencia\\\/\"]}]},{\"@type\":\"ImageObject\",\"inLanguage\":\"es\",\"@id\":\"https:\\\/\\\/autofans.com.ar\\\/index.php\\\/2023\\\/09\\\/18\\\/nissan-america-del-sur-expande-su-presencia\\\/#primaryimage\",\"url\":\"https:\\\/\\\/autofans.com.ar\\\/wp-content\\\/uploads\\\/2023\\\/09\\\/foto-4-12.jpg\",\"contentUrl\":\"https:\\\/\\\/autofans.com.ar\\\/wp-content\\\/uploads\\\/2023\\\/09\\\/foto-4-12.jpg\",\"width\":1000,\"height\":667,\"caption\":\"Nissan\"},{\"@type\":\"BreadcrumbList\",\"@id\":\"https:\\\/\\\/autofans.com.ar\\\/index.php\\\/2023\\\/09\\\/18\\\/nissan-america-del-sur-expande-su-presencia\\\/#breadcrumb\",\"itemListElement\":[{\"@type\":\"ListItem\",\"position\":1,\"name\":\"Inicio\",\"item\":\"https:\\\/\\\/autofans.com.ar\\\/\"},{\"@type\":\"ListItem\",\"position\":2,\"name\":\"Nissan Am\u00e9rica del Sur expande su presencia\"}]},{\"@type\":\"WebSite\",\"@id\":\"https:\\\/\\\/autofans.com.ar\\\/#website\",\"url\":\"https:\\\/\\\/autofans.com.ar\\\/\",\"name\":\"\",\"description\":\"El multimedio referente de la industria automotriz\",\"potentialAction\":[{\"@type\":\"SearchAction\",\"target\":{\"@type\":\"EntryPoint\",\"urlTemplate\":\"https:\\\/\\\/autofans.com.ar\\\/?s={search_term_string}\"},\"query-input\":{\"@type\":\"PropertyValueSpecification\",\"valueRequired\":true,\"valueName\":\"search_term_string\"}}],\"inLanguage\":\"es\"},{\"@type\":\"Person\",\"@id\":\"https:\\\/\\\/autofans.com.ar\\\/#\\\/schema\\\/person\\\/4a8dda0b6df83ac3d6723e921274c2aa\",\"name\":\"Alejandro Gabriel Rosito\",\"image\":{\"@type\":\"ImageObject\",\"inLanguage\":\"es\",\"@id\":\"https:\\\/\\\/secure.gravatar.com\\\/avatar\\\/16c5dda1489adfc62618084dcbb91cffd879c374b13fe5dd8e44ed6733852c88?s=96&d=mm&r=g\",\"url\":\"https:\\\/\\\/secure.gravatar.com\\\/avatar\\\/16c5dda1489adfc62618084dcbb91cffd879c374b13fe5dd8e44ed6733852c88?s=96&d=mm&r=g\",\"contentUrl\":\"https:\\\/\\\/secure.gravatar.com\\\/avatar\\\/16c5dda1489adfc62618084dcbb91cffd879c374b13fe5dd8e44ed6733852c88?s=96&d=mm&r=g\",\"caption\":\"Alejandro Gabriel Rosito\"},\"url\":\"https:\\\/\\\/autofans.com.ar\\\/index.php\\\/author\\\/gabrielr\\\/\"}]}<\/script>\n<!-- \/ Yoast SEO plugin. -->","yoast_head_json":{"title":"Nissan Am\u00e9rica del Sur expande su presencia -","description":"Nissan Am\u00e9rica del Sur ha demostrado un s\u00f3lido compromiso con su crecimiento en la regi\u00f3n durante el \u00faltimo a\u00f1o, que finaliz\u00f3 en marzo del 22","robots":{"index":"index","follow":"follow","max-snippet":"max-snippet:-1","max-image-preview":"max-image-preview:large","max-video-preview":"max-video-preview:-1"},"canonical":"https:\/\/autofans.com.ar\/index.php\/2023\/09\/18\/nissan-america-del-sur-expande-su-presencia\/","og_locale":"es_ES","og_type":"article","og_title":"Nissan Am\u00e9rica del Sur expande su presencia -","og_description":"Nissan Am\u00e9rica del Sur ha demostrado un s\u00f3lido compromiso con su crecimiento en la regi\u00f3n durante el \u00faltimo a\u00f1o, que finaliz\u00f3 en marzo del 22","og_url":"https:\/\/autofans.com.ar\/index.php\/2023\/09\/18\/nissan-america-del-sur-expande-su-presencia\/","article_published_time":"2023-09-18T18:04:23+00:00","og_image":[{"width":1000,"height":667,"url":"https:\/\/autofans.com.ar\/wp-content\/uploads\/2023\/09\/foto-4-12.jpg","type":"image\/jpeg"}],"author":"Alejandro Gabriel Rosito","twitter_card":"summary_large_image","twitter_misc":{"Escrito por":"Alejandro Gabriel Rosito","Tiempo de lectura":"3 minutos"},"schema":{"@context":"https:\/\/schema.org","@graph":[{"@type":"Article","@id":"https:\/\/autofans.com.ar\/index.php\/2023\/09\/18\/nissan-america-del-sur-expande-su-presencia\/#article","isPartOf":{"@id":"https:\/\/autofans.com.ar\/index.php\/2023\/09\/18\/nissan-america-del-sur-expande-su-presencia\/"},"author":{"name":"Alejandro Gabriel Rosito","@id":"https:\/\/autofans.com.ar\/#\/schema\/person\/4a8dda0b6df83ac3d6723e921274c2aa"},"headline":"Nissan Am\u00e9rica del Sur expande su presencia","datePublished":"2023-09-18T18:04:23+00:00","mainEntityOfPage":{"@id":"https:\/\/autofans.com.ar\/index.php\/2023\/09\/18\/nissan-america-del-sur-expande-su-presencia\/"},"wordCount":446,"image":{"@id":"https:\/\/autofans.com.ar\/index.php\/2023\/09\/18\/nissan-america-del-sur-expande-su-presencia\/#primaryimage"},"thumbnailUrl":"https:\/\/autofans.com.ar\/wp-content\/uploads\/2023\/09\/foto-4-12.jpg","keywords":["Expansi\u00f3n de Concesionarios","Expansi\u00f3n en Am\u00e9rica del Sur","Experiencia del Cliente","Nissan Am\u00e9rica del Sur","Nissan Retail Concept"],"articleSection":["EMPRESAS","NOTICIAS"],"inLanguage":"es"},{"@type":"WebPage","@id":"https:\/\/autofans.com.ar\/index.php\/2023\/09\/18\/nissan-america-del-sur-expande-su-presencia\/","url":"https:\/\/autofans.com.ar\/index.php\/2023\/09\/18\/nissan-america-del-sur-expande-su-presencia\/","name":"Nissan Am\u00e9rica del Sur expande su presencia -","isPartOf":{"@id":"https:\/\/autofans.com.ar\/#website"},"primaryImageOfPage":{"@id":"https:\/\/autofans.com.ar\/index.php\/2023\/09\/18\/nissan-america-del-sur-expande-su-presencia\/#primaryimage"},"image":{"@id":"https:\/\/autofans.com.ar\/index.php\/2023\/09\/18\/nissan-america-del-sur-expande-su-presencia\/#primaryimage"},"thumbnailUrl":"https:\/\/autofans.com.ar\/wp-content\/uploads\/2023\/09\/foto-4-12.jpg","datePublished":"2023-09-18T18:04:23+00:00","author":{"@id":"https:\/\/autofans.com.ar\/#\/schema\/person\/4a8dda0b6df83ac3d6723e921274c2aa"},"description":"Nissan Am\u00e9rica del Sur ha demostrado un s\u00f3lido compromiso con su crecimiento en la regi\u00f3n durante el \u00faltimo a\u00f1o, que finaliz\u00f3 en marzo del 22","breadcrumb":{"@id":"https:\/\/autofans.com.ar\/index.php\/2023\/09\/18\/nissan-america-del-sur-expande-su-presencia\/#breadcrumb"},"inLanguage":"es","potentialAction":[{"@type":"ReadAction","target":["https:\/\/autofans.com.ar\/index.php\/2023\/09\/18\/nissan-america-del-sur-expande-su-presencia\/"]}]},{"@type":"ImageObject","inLanguage":"es","@id":"https:\/\/autofans.com.ar\/index.php\/2023\/09\/18\/nissan-america-del-sur-expande-su-presencia\/#primaryimage","url":"https:\/\/autofans.com.ar\/wp-content\/uploads\/2023\/09\/foto-4-12.jpg","contentUrl":"https:\/\/autofans.com.ar\/wp-content\/uploads\/2023\/09\/foto-4-12.jpg","width":1000,"height":667,"caption":"Nissan"},{"@type":"BreadcrumbList","@id":"https:\/\/autofans.com.ar\/index.php\/2023\/09\/18\/nissan-america-del-sur-expande-su-presencia\/#breadcrumb","itemListElement":[{"@type":"ListItem","position":1,"name":"Inicio","item":"https:\/\/autofans.com.ar\/"},{"@type":"ListItem","position":2,"name":"Nissan Am\u00e9rica del Sur expande su presencia"}]},{"@type":"WebSite","@id":"https:\/\/autofans.com.ar\/#website","url":"https:\/\/autofans.com.ar\/","name":"","description":"El multimedio referente de la industria automotriz","potentialAction":[{"@type":"SearchAction","target":{"@type":"EntryPoint","urlTemplate":"https:\/\/autofans.com.ar\/?s={search_term_string}"},"query-input":{"@type":"PropertyValueSpecification","valueRequired":true,"valueName":"search_term_string"}}],"inLanguage":"es"},{"@type":"Person","@id":"https:\/\/autofans.com.ar\/#\/schema\/person\/4a8dda0b6df83ac3d6723e921274c2aa","name":"Alejandro Gabriel Rosito","image":{"@type":"ImageObject","inLanguage":"es","@id":"https:\/\/secure.gravatar.com\/avatar\/16c5dda1489adfc62618084dcbb91cffd879c374b13fe5dd8e44ed6733852c88?s=96&d=mm&r=g","url":"https:\/\/secure.gravatar.com\/avatar\/16c5dda1489adfc62618084dcbb91cffd879c374b13fe5dd8e44ed6733852c88?s=96&d=mm&r=g","contentUrl":"https:\/\/secure.gravatar.com\/avatar\/16c5dda1489adfc62618084dcbb91cffd879c374b13fe5dd8e44ed6733852c88?s=96&d=mm&r=g","caption":"Alejandro Gabriel Rosito"},"url":"https:\/\/autofans.com.ar\/index.php\/author\/gabrielr\/"}]}},"featured_image_urls":{"full":["https:\/\/autofans.com.ar\/wp-content\/uploads\/2023\/09\/foto-4-12.jpg",1000,667,false],"thumbnail":["https:\/\/autofans.com.ar\/wp-content\/uploads\/2023\/09\/foto-4-12-150x150.jpg",150,150,true],"medium":["https:\/\/autofans.com.ar\/wp-content\/uploads\/2023\/09\/foto-4-12-300x200.jpg",300,200,true],"medium_large":["https:\/\/autofans.com.ar\/wp-content\/uploads\/2023\/09\/foto-4-12-768x512.jpg",640,427,true],"large":["https:\/\/autofans.com.ar\/wp-content\/uploads\/2023\/09\/foto-4-12.jpg",640,427,false],"1536x1536":["https:\/\/autofans.com.ar\/wp-content\/uploads\/2023\/09\/foto-4-12.jpg",1000,667,false],"2048x2048":["https:\/\/autofans.com.ar\/wp-content\/uploads\/2023\/09\/foto-4-12.jpg",1000,667,false],"covernews-featured":["https:\/\/autofans.com.ar\/wp-content\/uploads\/2023\/09\/foto-4-12.jpg",1000,667,false],"covernews-medium":["https:\/\/autofans.com.ar\/wp-content\/uploads\/2023\/09\/foto-4-12-540x340.jpg",540,340,true]},"author_info":{"display_name":"Alejandro Gabriel Rosito","author_link":"https:\/\/autofans.com.ar\/index.php\/author\/gabrielr\/"},"category_info":"<a href=\"https:\/\/autofans.com.ar\/index.php\/category\/noticias\/empresas\/\" rel=\"category tag\">EMPRESAS<\/a> <a href=\"https:\/\/autofans.com.ar\/index.php\/category\/noticias\/\" rel=\"category tag\">NOTICIAS<\/a>","tag_info":"NOTICIAS","comment_count":0,"_links":{"self":[{"href":"https:\/\/autofans.com.ar\/index.php\/wp-json\/wp\/v2\/posts\/5077","targetHints":{"allow":["GET"]}}],"collection":[{"href":"https:\/\/autofans.com.ar\/index.php\/wp-json\/wp\/v2\/posts"}],"about":[{"href":"https:\/\/autofans.com.ar\/index.php\/wp-json\/wp\/v2\/types\/post"}],"author":[{"embeddable":true,"href":"https:\/\/autofans.com.ar\/index.php\/wp-json\/wp\/v2\/users\/2"}],"replies":[{"embeddable":true,"href":"https:\/\/autofans.com.ar\/index.php\/wp-json\/wp\/v2\/comments?post=5077"}],"version-history":[{"count":2,"href":"https:\/\/autofans.com.ar\/index.php\/wp-json\/wp\/v2\/posts\/5077\/revisions"}],"predecessor-version":[{"id":5083,"href":"https:\/\/autofans.com.ar\/index.php\/wp-json\/wp\/v2\/posts\/5077\/revisions\/5083"}],"wp:featuredmedia":[{"embeddable":true,"href":"https:\/\/autofans.com.ar\/index.php\/wp-json\/wp\/v2\/media\/5078"}],"wp:attachment":[{"href":"https:\/\/autofans.com.ar\/index.php\/wp-json\/wp\/v2\/media?parent=5077"}],"wp:term":[{"taxonomy":"category","embeddable":true,"href":"https:\/\/autofans.com.ar\/index.php\/wp-json\/wp\/v2\/categories?post=5077"},{"taxonomy":"post_tag","embeddable":true,"href":"https:\/\/autofans.com.ar\/index.php\/wp-json\/wp\/v2\/tags?post=5077"}],"curies":[{"name":"wp","href":"https:\/\/api.w.org\/{rel}","templated":true}]}}