{"id":5094,"date":"2023-09-18T21:36:37","date_gmt":"2023-09-19T00:36:37","guid":{"rendered":"https:\/\/autofans.com.ar\/?p=5094"},"modified":"2023-09-18T21:36:37","modified_gmt":"2023-09-19T00:36:37","slug":"general-motors-y-cesvi-se-unen-por-la-seguridad-vial","status":"publish","type":"post","link":"https:\/\/autofans.com.ar\/index.php\/2023\/09\/18\/general-motors-y-cesvi-se-unen-por-la-seguridad-vial\/","title":{"rendered":"General Motors y CESVI se unen por la Seguridad Vial"},"content":{"rendered":"<p>General Motors y CESVI renuevan su compromiso en la promoci\u00f3n de la Seguridad Vial en Argentina y la regi\u00f3n. Descubre c\u00f3mo esta colaboraci\u00f3n de seis a\u00f1os busca crear una cultura vial m\u00e1s segura y qu\u00e9 significa para la comunidad.<\/p>\n<p>&nbsp;<\/p>\n<h2>General Motors &#8211; sexto a\u00f1o de colaboraci\u00f3n<\/h2>\n<p>En una demostraci\u00f3n continua de su compromiso con la seguridad en las carreteras, General Motors y CESVI han anunciado la renovaci\u00f3n de su acuerdo de colaboraci\u00f3n. Este convenio, que entra en su sexto a\u00f1o consecutivo, tiene como objetivo concienciar y promover pr\u00e1cticas de Seguridad Vial en Argentina y sus alrededores.<\/p>\n<p>La alianza estrat\u00e9gica entre General Motors y CESVI implica el intercambio de recursos. La realizaci\u00f3n de capacitaciones y la creaci\u00f3n de contenido especializado que ser\u00e1 distribuido a trav\u00e9s de diversos canales de comunicaci\u00f3n a nivel nacional y regional.<\/p>\n<div dir=\"ltr\">\n<blockquote>\n<p style=\"text-align: center;\">Ra\u00fal Mier, Director Comercial de GM Argentina asegura que \u201ceste acuerdo sigue buscando la constante concientizaci\u00f3n acerca de la Seguridad Vial. Estamos convencidos que la relaci\u00f3n estrat\u00e9gica con CESVI que incluye a nuestro veh\u00edculo Chevrolet Cruze al servicio de sus capacitaciones, que es un estandarte de calidad de manufactura nacional y por su alto nivel de seguridad desde sus versiones base, es muy positiva para toda nuestra cadena de valor en Argentina y regional. Sobre excelentes experiencias seguimos generando una constante y necesaria concientizaci\u00f3n sobre este tema clave en la sociedad.\u201d<\/p>\n<\/blockquote>\n<\/div>\n<h2>CESVI y GM por Carreteras Seguras<\/h2>\n<p>&nbsp;<\/p>\n<p><img fetchpriority=\"high\" decoding=\"async\" class=\"aligncenter wp-image-5095 size-full\" src=\"https:\/\/autofans.com.ar\/wp-content\/uploads\/2023\/09\/foto-2-26.jpg\" alt=\"General Motors\" width=\"1000\" height=\"667\" srcset=\"https:\/\/autofans.com.ar\/wp-content\/uploads\/2023\/09\/foto-2-26.jpg 1000w, https:\/\/autofans.com.ar\/wp-content\/uploads\/2023\/09\/foto-2-26-300x200.jpg 300w, https:\/\/autofans.com.ar\/wp-content\/uploads\/2023\/09\/foto-2-26-768x512.jpg 768w\" sizes=\"(max-width: 1000px) 100vw, 1000px\" \/><\/p>\n<p>&nbsp;<\/p>\n<p>Un aspecto destacado de esta colaboraci\u00f3n es el enfoque en la prevenci\u00f3n. CESVI lleva a cabo an\u00e1lisis de las carreteras del pa\u00eds, eval\u00faa el comportamiento de los diferentes actores del tr\u00e1nsito y estudia las problem\u00e1ticas que se presentan en ellas. Este proceso permite obtener un diagn\u00f3stico vial que sirve como base para desarrollar un plan educativo y brindar capacitaci\u00f3n sobre las mejores pr\u00e1cticas de conducci\u00f3n en diversas situaciones. Posteriormente, se dise\u00f1a un plan de comunicaci\u00f3n para difundir resultados, estad\u00edsticas y consejos de prevenci\u00f3n de accidentes a trav\u00e9s de las redes sociales y los medios de comunicaci\u00f3n masiva, con el respaldo de ambas compa\u00f1\u00edas.<\/p>\n<div dir=\"ltr\">\n<blockquote>\n<p style=\"text-align: center;\">Marcelo Aiello, Gerente General de CESVI ARGENTINA, valoriz\u00f3 la continuidad de este acuerdo afirmando que \u201cuna vez m\u00e1s nos unimos a General Motors para generar conciencia vial en Argentina. En las ediciones anteriores qued\u00f3 demostrado c\u00f3mo la sinergia de ambas compa\u00f1\u00edas potencia los mensajes de prevenci\u00f3n en la comunidad. Por eso seguiremos trabajando en pos de un tr\u00e1nsito m\u00e1s seguro, de la mano de las nuevas tecnolog\u00edas que incorporan los modelos de Chevrolet y la experiencia de nuestros especialistas\u201d.<\/p>\n<\/blockquote>\n<\/div>\n<p>Dentro de este convenio, General Motors facilitar\u00e1 unidades del Chevrolet Cruze para la realizaci\u00f3n de cursos de CESVI en todo el pa\u00eds. Estos veh\u00edculos, fabricados en la planta industrial de Alvear, Rosario, Provincia de Santa Fe. Se utilizan en actividades pr\u00e1cticas de capacitaci\u00f3n y luego se comparten en los canales de comunicaci\u00f3n corporativos de ambas organizaciones, a nivel nacional y regional.<\/p>\n<p>Durante el \u00faltimo a\u00f1o, CESVI ha capacitado a m\u00e1s de 6,125 personas en 570 cursos, abordando temas como la conducci\u00f3n segura en diversas condiciones y h\u00e1bitos de conducci\u00f3n responsable. Adem\u00e1s, el Centro de Experimentaci\u00f3n de CESVI ha sido un espacio para capacitar a miembros de organismos gubernamentales y empresas de diversos sectores.<\/p>\n<p>En el marco de este acuerdo, se llevar\u00e1 a cabo un ciclo de charlas y se crear\u00e1n contenidos relacionados con la Seguridad Vial, con el objetivo de contribuir a la concienciaci\u00f3n a nivel nacional y regional. Sigue de cerca esta alianza entre General Motors y CESVI mientras trabajan juntos por carreteras m\u00e1s seguras.<\/p>\n<p>&nbsp;<\/p>\n<p><i>Para enterarte de m\u00e1s novedades, no dejes de leer\u00a0<\/i><a href=\"https:\/\/autofans.thebrandsoup.com\/\"><i>nuestras notas<\/i><\/a><i>, de ver<\/i><b><i>\u00a0<\/i><\/b><a href=\"https:\/\/www.youtube.com\/channel\/UCgAC8UGHZYbT6P7PpmVnP7g\"><b><i>AUTOFANS TV<\/i><\/b><\/a><b><i>\u00a0<\/i><\/b><i>en nuestro\u00a0canal de Youtube. Adem\u00e1s seguinos en\u00a0<\/i><a href=\"https:\/\/www.instagram.com\/autofanstv\/\"><i>INSTAGRAM<\/i><\/a><i> y <\/i><a href=\"https:\/\/www.facebook.com\/autofansmas\/\"><i>FACEBOOK<\/i><\/a><i> para no perderte nada sobre las novedades del segmento automotor de Argentina y el mundo.<\/i><\/p>\n<p><i><span class=\"Apple-converted-space\">\u00a0<\/span><\/i><\/p>\n","protected":false},"excerpt":{"rendered":"<p>General Motors y CESVI renuevan su compromiso en la promoci\u00f3n de la Seguridad Vial en&#8230;<\/p>\n","protected":false},"author":2,"featured_media":5096,"comment_status":"closed","ping_status":"closed","sticky":false,"template":"","format":"standard","meta":{"footnotes":""},"categories":[292,16],"tags":[1243,2554,1318,2551,2556,1309,2555,2553,377,2552,698],"class_list":["post-5094","post","type-post","status-publish","format-standard","has-post-thumbnail","hentry","category-empresas","category-noticias","tag-cesvi","tag-chevrolet-cruze","tag-colaboracion","tag-compromiso","tag-concienciacion","tag-conduccion-segura","tag-cultura-vial","tag-educacion-vial","tag-general-motors","tag-prevencion-de-accidentes","tag-seguridad-vial"],"yoast_head":"<!-- This site is optimized with the Yoast SEO plugin v27.5 - https:\/\/yoast.com\/product\/yoast-seo-wordpress\/ -->\n<title>General Motors y CESVI se unen por la Seguridad Vial -<\/title>\n<meta name=\"description\" content=\"General Motors y CESVI renuevan su compromiso en la promoci\u00f3n de la Seguridad Vial en la regi\u00f3n. Descubr\u00ed esta colaboraci\u00f3n de seis a\u00f1os...\" \/>\n<meta name=\"robots\" content=\"index, follow, max-snippet:-1, max-image-preview:large, max-video-preview:-1\" \/>\n<link rel=\"canonical\" href=\"https:\/\/autofans.com.ar\/index.php\/2023\/09\/18\/general-motors-y-cesvi-se-unen-por-la-seguridad-vial\/\" \/>\n<meta property=\"og:locale\" content=\"es_ES\" \/>\n<meta property=\"og:type\" content=\"article\" \/>\n<meta property=\"og:title\" content=\"General Motors y CESVI se unen por la Seguridad Vial -\" \/>\n<meta property=\"og:description\" content=\"General Motors y CESVI renuevan su compromiso en la promoci\u00f3n de la Seguridad Vial en la regi\u00f3n. Descubr\u00ed esta colaboraci\u00f3n de seis a\u00f1os...\" \/>\n<meta property=\"og:url\" content=\"https:\/\/autofans.com.ar\/index.php\/2023\/09\/18\/general-motors-y-cesvi-se-unen-por-la-seguridad-vial\/\" \/>\n<meta property=\"article:published_time\" content=\"2023-09-19T00:36:37+00:00\" \/>\n<meta property=\"og:image\" content=\"https:\/\/autofans.com.ar\/wp-content\/uploads\/2023\/09\/foto-1-29.jpg\" \/>\n\t<meta property=\"og:image:width\" content=\"1000\" \/>\n\t<meta property=\"og:image:height\" content=\"667\" \/>\n\t<meta property=\"og:image:type\" content=\"image\/jpeg\" \/>\n<meta name=\"author\" content=\"Alejandro Gabriel Rosito\" \/>\n<meta name=\"twitter:card\" content=\"summary_large_image\" \/>\n<meta name=\"twitter:label1\" content=\"Escrito por\" \/>\n\t<meta name=\"twitter:data1\" content=\"Alejandro Gabriel Rosito\" \/>\n\t<meta name=\"twitter:label2\" content=\"Tiempo de lectura\" \/>\n\t<meta name=\"twitter:data2\" content=\"3 minutos\" \/>\n<script type=\"application\/ld+json\" class=\"yoast-schema-graph\">{\"@context\":\"https:\\\/\\\/schema.org\",\"@graph\":[{\"@type\":\"Article\",\"@id\":\"https:\\\/\\\/autofans.com.ar\\\/index.php\\\/2023\\\/09\\\/18\\\/general-motors-y-cesvi-se-unen-por-la-seguridad-vial\\\/#article\",\"isPartOf\":{\"@id\":\"https:\\\/\\\/autofans.com.ar\\\/index.php\\\/2023\\\/09\\\/18\\\/general-motors-y-cesvi-se-unen-por-la-seguridad-vial\\\/\"},\"author\":{\"name\":\"Alejandro Gabriel Rosito\",\"@id\":\"https:\\\/\\\/autofans.com.ar\\\/#\\\/schema\\\/person\\\/4a8dda0b6df83ac3d6723e921274c2aa\"},\"headline\":\"General Motors y CESVI se unen por la Seguridad Vial\",\"datePublished\":\"2023-09-19T00:36:37+00:00\",\"mainEntityOfPage\":{\"@id\":\"https:\\\/\\\/autofans.com.ar\\\/index.php\\\/2023\\\/09\\\/18\\\/general-motors-y-cesvi-se-unen-por-la-seguridad-vial\\\/\"},\"wordCount\":699,\"image\":{\"@id\":\"https:\\\/\\\/autofans.com.ar\\\/index.php\\\/2023\\\/09\\\/18\\\/general-motors-y-cesvi-se-unen-por-la-seguridad-vial\\\/#primaryimage\"},\"thumbnailUrl\":\"https:\\\/\\\/autofans.com.ar\\\/wp-content\\\/uploads\\\/2023\\\/09\\\/foto-1-29.jpg\",\"keywords\":[\"cesvi\",\"Chevrolet Cruze\",\"colaboraci\u00f3n\",\"compromiso\",\"concienciaci\u00f3n\",\"conducci\u00f3n segura\",\"cultura vial\",\"educaci\u00f3n vial\",\"General Motors\",\"prevenci\u00f3n de accidentes\",\"Seguridad Vial\"],\"articleSection\":[\"EMPRESAS\",\"NOTICIAS\"],\"inLanguage\":\"es\"},{\"@type\":\"WebPage\",\"@id\":\"https:\\\/\\\/autofans.com.ar\\\/index.php\\\/2023\\\/09\\\/18\\\/general-motors-y-cesvi-se-unen-por-la-seguridad-vial\\\/\",\"url\":\"https:\\\/\\\/autofans.com.ar\\\/index.php\\\/2023\\\/09\\\/18\\\/general-motors-y-cesvi-se-unen-por-la-seguridad-vial\\\/\",\"name\":\"General Motors y CESVI se unen por la Seguridad Vial -\",\"isPartOf\":{\"@id\":\"https:\\\/\\\/autofans.com.ar\\\/#website\"},\"primaryImageOfPage\":{\"@id\":\"https:\\\/\\\/autofans.com.ar\\\/index.php\\\/2023\\\/09\\\/18\\\/general-motors-y-cesvi-se-unen-por-la-seguridad-vial\\\/#primaryimage\"},\"image\":{\"@id\":\"https:\\\/\\\/autofans.com.ar\\\/index.php\\\/2023\\\/09\\\/18\\\/general-motors-y-cesvi-se-unen-por-la-seguridad-vial\\\/#primaryimage\"},\"thumbnailUrl\":\"https:\\\/\\\/autofans.com.ar\\\/wp-content\\\/uploads\\\/2023\\\/09\\\/foto-1-29.jpg\",\"datePublished\":\"2023-09-19T00:36:37+00:00\",\"author\":{\"@id\":\"https:\\\/\\\/autofans.com.ar\\\/#\\\/schema\\\/person\\\/4a8dda0b6df83ac3d6723e921274c2aa\"},\"description\":\"General Motors y CESVI renuevan su compromiso en la promoci\u00f3n de la Seguridad Vial en la regi\u00f3n. Descubr\u00ed esta colaboraci\u00f3n de seis a\u00f1os...\",\"breadcrumb\":{\"@id\":\"https:\\\/\\\/autofans.com.ar\\\/index.php\\\/2023\\\/09\\\/18\\\/general-motors-y-cesvi-se-unen-por-la-seguridad-vial\\\/#breadcrumb\"},\"inLanguage\":\"es\",\"potentialAction\":[{\"@type\":\"ReadAction\",\"target\":[\"https:\\\/\\\/autofans.com.ar\\\/index.php\\\/2023\\\/09\\\/18\\\/general-motors-y-cesvi-se-unen-por-la-seguridad-vial\\\/\"]}]},{\"@type\":\"ImageObject\",\"inLanguage\":\"es\",\"@id\":\"https:\\\/\\\/autofans.com.ar\\\/index.php\\\/2023\\\/09\\\/18\\\/general-motors-y-cesvi-se-unen-por-la-seguridad-vial\\\/#primaryimage\",\"url\":\"https:\\\/\\\/autofans.com.ar\\\/wp-content\\\/uploads\\\/2023\\\/09\\\/foto-1-29.jpg\",\"contentUrl\":\"https:\\\/\\\/autofans.com.ar\\\/wp-content\\\/uploads\\\/2023\\\/09\\\/foto-1-29.jpg\",\"width\":1000,\"height\":667,\"caption\":\"General Motors\"},{\"@type\":\"BreadcrumbList\",\"@id\":\"https:\\\/\\\/autofans.com.ar\\\/index.php\\\/2023\\\/09\\\/18\\\/general-motors-y-cesvi-se-unen-por-la-seguridad-vial\\\/#breadcrumb\",\"itemListElement\":[{\"@type\":\"ListItem\",\"position\":1,\"name\":\"Inicio\",\"item\":\"https:\\\/\\\/autofans.com.ar\\\/\"},{\"@type\":\"ListItem\",\"position\":2,\"name\":\"General Motors y CESVI se unen por la Seguridad Vial\"}]},{\"@type\":\"WebSite\",\"@id\":\"https:\\\/\\\/autofans.com.ar\\\/#website\",\"url\":\"https:\\\/\\\/autofans.com.ar\\\/\",\"name\":\"\",\"description\":\"El multimedio referente de la industria automotriz\",\"potentialAction\":[{\"@type\":\"SearchAction\",\"target\":{\"@type\":\"EntryPoint\",\"urlTemplate\":\"https:\\\/\\\/autofans.com.ar\\\/?s={search_term_string}\"},\"query-input\":{\"@type\":\"PropertyValueSpecification\",\"valueRequired\":true,\"valueName\":\"search_term_string\"}}],\"inLanguage\":\"es\"},{\"@type\":\"Person\",\"@id\":\"https:\\\/\\\/autofans.com.ar\\\/#\\\/schema\\\/person\\\/4a8dda0b6df83ac3d6723e921274c2aa\",\"name\":\"Alejandro Gabriel Rosito\",\"image\":{\"@type\":\"ImageObject\",\"inLanguage\":\"es\",\"@id\":\"https:\\\/\\\/secure.gravatar.com\\\/avatar\\\/16c5dda1489adfc62618084dcbb91cffd879c374b13fe5dd8e44ed6733852c88?s=96&d=mm&r=g\",\"url\":\"https:\\\/\\\/secure.gravatar.com\\\/avatar\\\/16c5dda1489adfc62618084dcbb91cffd879c374b13fe5dd8e44ed6733852c88?s=96&d=mm&r=g\",\"contentUrl\":\"https:\\\/\\\/secure.gravatar.com\\\/avatar\\\/16c5dda1489adfc62618084dcbb91cffd879c374b13fe5dd8e44ed6733852c88?s=96&d=mm&r=g\",\"caption\":\"Alejandro Gabriel Rosito\"},\"url\":\"https:\\\/\\\/autofans.com.ar\\\/index.php\\\/author\\\/gabrielr\\\/\"}]}<\/script>\n<!-- \/ Yoast SEO plugin. -->","yoast_head_json":{"title":"General Motors y CESVI se unen por la Seguridad Vial -","description":"General Motors y CESVI renuevan su compromiso en la promoci\u00f3n de la Seguridad Vial en la regi\u00f3n. Descubr\u00ed esta colaboraci\u00f3n de seis a\u00f1os...","robots":{"index":"index","follow":"follow","max-snippet":"max-snippet:-1","max-image-preview":"max-image-preview:large","max-video-preview":"max-video-preview:-1"},"canonical":"https:\/\/autofans.com.ar\/index.php\/2023\/09\/18\/general-motors-y-cesvi-se-unen-por-la-seguridad-vial\/","og_locale":"es_ES","og_type":"article","og_title":"General Motors y CESVI se unen por la Seguridad Vial -","og_description":"General Motors y CESVI renuevan su compromiso en la promoci\u00f3n de la Seguridad Vial en la regi\u00f3n. Descubr\u00ed esta colaboraci\u00f3n de seis a\u00f1os...","og_url":"https:\/\/autofans.com.ar\/index.php\/2023\/09\/18\/general-motors-y-cesvi-se-unen-por-la-seguridad-vial\/","article_published_time":"2023-09-19T00:36:37+00:00","og_image":[{"width":1000,"height":667,"url":"https:\/\/autofans.com.ar\/wp-content\/uploads\/2023\/09\/foto-1-29.jpg","type":"image\/jpeg"}],"author":"Alejandro Gabriel Rosito","twitter_card":"summary_large_image","twitter_misc":{"Escrito por":"Alejandro Gabriel Rosito","Tiempo de lectura":"3 minutos"},"schema":{"@context":"https:\/\/schema.org","@graph":[{"@type":"Article","@id":"https:\/\/autofans.com.ar\/index.php\/2023\/09\/18\/general-motors-y-cesvi-se-unen-por-la-seguridad-vial\/#article","isPartOf":{"@id":"https:\/\/autofans.com.ar\/index.php\/2023\/09\/18\/general-motors-y-cesvi-se-unen-por-la-seguridad-vial\/"},"author":{"name":"Alejandro Gabriel Rosito","@id":"https:\/\/autofans.com.ar\/#\/schema\/person\/4a8dda0b6df83ac3d6723e921274c2aa"},"headline":"General Motors y CESVI se unen por la Seguridad Vial","datePublished":"2023-09-19T00:36:37+00:00","mainEntityOfPage":{"@id":"https:\/\/autofans.com.ar\/index.php\/2023\/09\/18\/general-motors-y-cesvi-se-unen-por-la-seguridad-vial\/"},"wordCount":699,"image":{"@id":"https:\/\/autofans.com.ar\/index.php\/2023\/09\/18\/general-motors-y-cesvi-se-unen-por-la-seguridad-vial\/#primaryimage"},"thumbnailUrl":"https:\/\/autofans.com.ar\/wp-content\/uploads\/2023\/09\/foto-1-29.jpg","keywords":["cesvi","Chevrolet Cruze","colaboraci\u00f3n","compromiso","concienciaci\u00f3n","conducci\u00f3n segura","cultura vial","educaci\u00f3n vial","General Motors","prevenci\u00f3n de accidentes","Seguridad Vial"],"articleSection":["EMPRESAS","NOTICIAS"],"inLanguage":"es"},{"@type":"WebPage","@id":"https:\/\/autofans.com.ar\/index.php\/2023\/09\/18\/general-motors-y-cesvi-se-unen-por-la-seguridad-vial\/","url":"https:\/\/autofans.com.ar\/index.php\/2023\/09\/18\/general-motors-y-cesvi-se-unen-por-la-seguridad-vial\/","name":"General Motors y CESVI se unen por la Seguridad Vial -","isPartOf":{"@id":"https:\/\/autofans.com.ar\/#website"},"primaryImageOfPage":{"@id":"https:\/\/autofans.com.ar\/index.php\/2023\/09\/18\/general-motors-y-cesvi-se-unen-por-la-seguridad-vial\/#primaryimage"},"image":{"@id":"https:\/\/autofans.com.ar\/index.php\/2023\/09\/18\/general-motors-y-cesvi-se-unen-por-la-seguridad-vial\/#primaryimage"},"thumbnailUrl":"https:\/\/autofans.com.ar\/wp-content\/uploads\/2023\/09\/foto-1-29.jpg","datePublished":"2023-09-19T00:36:37+00:00","author":{"@id":"https:\/\/autofans.com.ar\/#\/schema\/person\/4a8dda0b6df83ac3d6723e921274c2aa"},"description":"General Motors y CESVI renuevan su compromiso en la promoci\u00f3n de la Seguridad Vial en la regi\u00f3n. Descubr\u00ed esta colaboraci\u00f3n de seis a\u00f1os...","breadcrumb":{"@id":"https:\/\/autofans.com.ar\/index.php\/2023\/09\/18\/general-motors-y-cesvi-se-unen-por-la-seguridad-vial\/#breadcrumb"},"inLanguage":"es","potentialAction":[{"@type":"ReadAction","target":["https:\/\/autofans.com.ar\/index.php\/2023\/09\/18\/general-motors-y-cesvi-se-unen-por-la-seguridad-vial\/"]}]},{"@type":"ImageObject","inLanguage":"es","@id":"https:\/\/autofans.com.ar\/index.php\/2023\/09\/18\/general-motors-y-cesvi-se-unen-por-la-seguridad-vial\/#primaryimage","url":"https:\/\/autofans.com.ar\/wp-content\/uploads\/2023\/09\/foto-1-29.jpg","contentUrl":"https:\/\/autofans.com.ar\/wp-content\/uploads\/2023\/09\/foto-1-29.jpg","width":1000,"height":667,"caption":"General Motors"},{"@type":"BreadcrumbList","@id":"https:\/\/autofans.com.ar\/index.php\/2023\/09\/18\/general-motors-y-cesvi-se-unen-por-la-seguridad-vial\/#breadcrumb","itemListElement":[{"@type":"ListItem","position":1,"name":"Inicio","item":"https:\/\/autofans.com.ar\/"},{"@type":"ListItem","position":2,"name":"General Motors y CESVI se unen por la Seguridad Vial"}]},{"@type":"WebSite","@id":"https:\/\/autofans.com.ar\/#website","url":"https:\/\/autofans.com.ar\/","name":"","description":"El multimedio referente de la industria automotriz","potentialAction":[{"@type":"SearchAction","target":{"@type":"EntryPoint","urlTemplate":"https:\/\/autofans.com.ar\/?s={search_term_string}"},"query-input":{"@type":"PropertyValueSpecification","valueRequired":true,"valueName":"search_term_string"}}],"inLanguage":"es"},{"@type":"Person","@id":"https:\/\/autofans.com.ar\/#\/schema\/person\/4a8dda0b6df83ac3d6723e921274c2aa","name":"Alejandro Gabriel Rosito","image":{"@type":"ImageObject","inLanguage":"es","@id":"https:\/\/secure.gravatar.com\/avatar\/16c5dda1489adfc62618084dcbb91cffd879c374b13fe5dd8e44ed6733852c88?s=96&d=mm&r=g","url":"https:\/\/secure.gravatar.com\/avatar\/16c5dda1489adfc62618084dcbb91cffd879c374b13fe5dd8e44ed6733852c88?s=96&d=mm&r=g","contentUrl":"https:\/\/secure.gravatar.com\/avatar\/16c5dda1489adfc62618084dcbb91cffd879c374b13fe5dd8e44ed6733852c88?s=96&d=mm&r=g","caption":"Alejandro Gabriel Rosito"},"url":"https:\/\/autofans.com.ar\/index.php\/author\/gabrielr\/"}]}},"featured_image_urls":{"full":["https:\/\/autofans.com.ar\/wp-content\/uploads\/2023\/09\/foto-1-29.jpg",1000,667,false],"thumbnail":["https:\/\/autofans.com.ar\/wp-content\/uploads\/2023\/09\/foto-1-29-150x150.jpg",150,150,true],"medium":["https:\/\/autofans.com.ar\/wp-content\/uploads\/2023\/09\/foto-1-29-300x200.jpg",300,200,true],"medium_large":["https:\/\/autofans.com.ar\/wp-content\/uploads\/2023\/09\/foto-1-29-768x512.jpg",640,427,true],"large":["https:\/\/autofans.com.ar\/wp-content\/uploads\/2023\/09\/foto-1-29.jpg",640,427,false],"1536x1536":["https:\/\/autofans.com.ar\/wp-content\/uploads\/2023\/09\/foto-1-29.jpg",1000,667,false],"2048x2048":["https:\/\/autofans.com.ar\/wp-content\/uploads\/2023\/09\/foto-1-29.jpg",1000,667,false],"covernews-featured":["https:\/\/autofans.com.ar\/wp-content\/uploads\/2023\/09\/foto-1-29.jpg",1000,667,false],"covernews-medium":["https:\/\/autofans.com.ar\/wp-content\/uploads\/2023\/09\/foto-1-29-540x340.jpg",540,340,true]},"author_info":{"display_name":"Alejandro Gabriel Rosito","author_link":"https:\/\/autofans.com.ar\/index.php\/author\/gabrielr\/"},"category_info":"<a href=\"https:\/\/autofans.com.ar\/index.php\/category\/noticias\/empresas\/\" rel=\"category tag\">EMPRESAS<\/a> <a href=\"https:\/\/autofans.com.ar\/index.php\/category\/noticias\/\" rel=\"category tag\">NOTICIAS<\/a>","tag_info":"NOTICIAS","comment_count":0,"_links":{"self":[{"href":"https:\/\/autofans.com.ar\/index.php\/wp-json\/wp\/v2\/posts\/5094","targetHints":{"allow":["GET"]}}],"collection":[{"href":"https:\/\/autofans.com.ar\/index.php\/wp-json\/wp\/v2\/posts"}],"about":[{"href":"https:\/\/autofans.com.ar\/index.php\/wp-json\/wp\/v2\/types\/post"}],"author":[{"embeddable":true,"href":"https:\/\/autofans.com.ar\/index.php\/wp-json\/wp\/v2\/users\/2"}],"replies":[{"embeddable":true,"href":"https:\/\/autofans.com.ar\/index.php\/wp-json\/wp\/v2\/comments?post=5094"}],"version-history":[{"count":1,"href":"https:\/\/autofans.com.ar\/index.php\/wp-json\/wp\/v2\/posts\/5094\/revisions"}],"predecessor-version":[{"id":5097,"href":"https:\/\/autofans.com.ar\/index.php\/wp-json\/wp\/v2\/posts\/5094\/revisions\/5097"}],"wp:featuredmedia":[{"embeddable":true,"href":"https:\/\/autofans.com.ar\/index.php\/wp-json\/wp\/v2\/media\/5096"}],"wp:attachment":[{"href":"https:\/\/autofans.com.ar\/index.php\/wp-json\/wp\/v2\/media?parent=5094"}],"wp:term":[{"taxonomy":"category","embeddable":true,"href":"https:\/\/autofans.com.ar\/index.php\/wp-json\/wp\/v2\/categories?post=5094"},{"taxonomy":"post_tag","embeddable":true,"href":"https:\/\/autofans.com.ar\/index.php\/wp-json\/wp\/v2\/tags?post=5094"}],"curies":[{"name":"wp","href":"https:\/\/api.w.org\/{rel}","templated":true}]}}