{"id":5126,"date":"2023-09-20T18:42:15","date_gmt":"2023-09-20T21:42:15","guid":{"rendered":"https:\/\/autofans.com.ar\/?p=5126"},"modified":"2023-09-20T18:42:15","modified_gmt":"2023-09-20T21:42:15","slug":"fiat-cronos-se-une-al-programa-de-precios-justos","status":"publish","type":"post","link":"https:\/\/autofans.com.ar\/index.php\/2023\/09\/20\/fiat-cronos-se-une-al-programa-de-precios-justos\/","title":{"rendered":"Fiat Cronos se une al programa de Precios Justos"},"content":{"rendered":"<p>Fiat, una marca de Stellantis, ha dado un nuevo paso en su compromiso con los argentinos al sumar al programa de Precios Justos de la Secretar\u00eda de Comercio del Ministerio de Econom\u00eda de la Naci\u00f3n a su modelo estrella, el Fiat Cronos en su versi\u00f3n Like 1.3 MT. Este sed\u00e1n, fabricado en la Planta de Stellantis en C\u00f3rdoba, ha logrado posicionarse como l\u00edder del mercado por segundo a\u00f1o consecutivo, consolidando su reputaci\u00f3n de confiabilidad y versatilidad.<\/p>\n<p>El Fiat Cronos ha conquistado a m\u00e1s de 300,000 conductores en Argentina, con m\u00e1s de 140,000 unidades vendidas en nuestro pa\u00eds. Su \u00e9xito comercial no solo lo ha convertido en el referente indiscutido del segmento B-Sed\u00e1n, sino que tambi\u00e9n ha reforzado la importancia de este segmento en el mercado automotor argentino.<\/p>\n<p>&nbsp;<\/p>\n<h2>Caracter\u00edsticas destacadas del Fiat Cronos Like 1.3 MT<\/h2>\n<p>Esta versi\u00f3n del Cronos se destaca por sus llantas de aleaci\u00f3n de 15\u201d, espejos y manijas del color de la carrocer\u00eda, y un motor de 1.3 litros con una caja manual de 5 velocidades. En t\u00e9rminos de seguridad, el Cronos Like cuenta con caracter\u00edsticas imprescindibles como control de estabilidad y tracci\u00f3n, sistema de frenos ABS con distribuci\u00f3n electr\u00f3nica de fuerza de frenado EBD, asistente de arranque en pendiente y doble airbag frontal para conductor y pasajero, entre otros.<\/p>\n<p>En cuanto a comodidad, el veh\u00edculo ofrece un climatizador manual, cuadro de instrumentos multifunci\u00f3n de 3.5\u201d, radio AM\/FM con conectividad AUX\/USB, cierre autom\u00e1tico en rodaje, levanta vidrios el\u00e9ctricos delanteros y un elegante tapizado interior en tela.<\/p>\n<p>&nbsp;<\/p>\n<p><img fetchpriority=\"high\" decoding=\"async\" class=\"aligncenter wp-image-5127 size-full\" src=\"https:\/\/autofans.com.ar\/wp-content\/uploads\/2023\/09\/foto-3-24.jpg\" alt=\"Cronos\" width=\"1000\" height=\"667\" srcset=\"https:\/\/autofans.com.ar\/wp-content\/uploads\/2023\/09\/foto-3-24.jpg 1000w, https:\/\/autofans.com.ar\/wp-content\/uploads\/2023\/09\/foto-3-24-300x200.jpg 300w, https:\/\/autofans.com.ar\/wp-content\/uploads\/2023\/09\/foto-3-24-768x512.jpg 768w\" sizes=\"(max-width: 1000px) 100vw, 1000px\" \/><\/p>\n<p>&nbsp;<\/p>\n<h2>Opciones de financiamiento atractivas<\/h2>\n<p>El Fiat Cronos tambi\u00e9n presenta condiciones comerciales especiales, incluyendo una financiaci\u00f3n exclusiva con un pr\u00e9stamo de la l\u00ednea UVA de hasta $6,000,000 con la posibilidad de pagar en hasta 60 cuotas. Adicionalmente, existe una alternativa a tasa fija del 15.9% para financiar hasta $2,000,000 en 12 meses, aplicable tanto para individuos como para sociedades.<\/p>\n<p>&nbsp;<\/p>\n<p>El precio sugerido al p\u00fablico, con IVA incluido, del Cronos Like 1.3 MT es de $8,830,500.<\/p>\n<p>&nbsp;<\/p>\n<p><i>Para enterarte de m\u00e1s novedades, no dejes de leer\u00a0<\/i><a href=\"https:\/\/autofans.thebrandsoup.com\/\"><i>nuestras notas<\/i><\/a><i>, de ver<\/i><b><i>\u00a0<\/i><\/b><a href=\"https:\/\/www.youtube.com\/channel\/UCgAC8UGHZYbT6P7PpmVnP7g\"><b><i>AUTOFANS TV<\/i><\/b><\/a><b><i>\u00a0<\/i><\/b><i>en nuestro\u00a0canal de Youtube. Adem\u00e1s seguinos en\u00a0<\/i><a href=\"https:\/\/www.instagram.com\/autofanstv\/\"><i>INSTAGRAM<\/i><\/a><i> y <\/i><a href=\"https:\/\/www.facebook.com\/autofansmas\/\"><i>FACEBOOK<\/i><\/a><i> para no perderte nada sobre las novedades del segmento automotor de Argentina y el mundo.<\/i><\/p>\n<p>&nbsp;<\/p>\n","protected":false},"excerpt":{"rendered":"<p>Fiat, una marca de Stellantis, ha dado un nuevo paso en su compromiso con los&#8230;<\/p>\n","protected":false},"author":2,"featured_media":5129,"comment_status":"closed","ping_status":"closed","sticky":false,"template":"","format":"standard","meta":{"footnotes":""},"categories":[3,16],"tags":[2572,2477,2570,2571,37],"class_list":["post-5126","post","type-post","status-publish","format-standard","has-post-thumbnail","hentry","category-autos","category-noticias","tag-autoargentino","tag-fiatargentina","tag-preciosjustos","tag-sedaneconomico","tag-stellantis"],"yoast_head":"<!-- This site is optimized with the Yoast SEO plugin v27.5 - https:\/\/yoast.com\/product\/yoast-seo-wordpress\/ -->\n<title>Fiat Cronos se une al programa de Precios Justos -<\/title>\n<meta name=\"description\" content=\"Fiat Cronos, una marca de Stellantis, ha dado un nuevo paso en su compromiso con los argentinos al sumar al programa de Precios Justos..\" \/>\n<meta name=\"robots\" content=\"index, follow, max-snippet:-1, max-image-preview:large, max-video-preview:-1\" \/>\n<link rel=\"canonical\" href=\"https:\/\/autofans.com.ar\/index.php\/2023\/09\/20\/fiat-cronos-se-une-al-programa-de-precios-justos\/\" \/>\n<meta property=\"og:locale\" content=\"es_ES\" \/>\n<meta property=\"og:type\" content=\"article\" \/>\n<meta property=\"og:title\" content=\"Fiat Cronos se une al programa de Precios Justos -\" \/>\n<meta property=\"og:description\" content=\"Fiat Cronos, una marca de Stellantis, ha dado un nuevo paso en su compromiso con los argentinos al sumar al programa de Precios Justos..\" \/>\n<meta property=\"og:url\" content=\"https:\/\/autofans.com.ar\/index.php\/2023\/09\/20\/fiat-cronos-se-une-al-programa-de-precios-justos\/\" \/>\n<meta property=\"article:published_time\" content=\"2023-09-20T21:42:15+00:00\" \/>\n<meta property=\"og:image\" content=\"https:\/\/autofans.com.ar\/wp-content\/uploads\/2023\/09\/foto-1-34.jpg\" \/>\n\t<meta property=\"og:image:width\" content=\"1000\" \/>\n\t<meta property=\"og:image:height\" content=\"667\" \/>\n\t<meta property=\"og:image:type\" content=\"image\/jpeg\" \/>\n<meta name=\"author\" content=\"Alejandro Gabriel Rosito\" \/>\n<meta name=\"twitter:card\" content=\"summary_large_image\" \/>\n<meta name=\"twitter:label1\" content=\"Escrito por\" \/>\n\t<meta name=\"twitter:data1\" content=\"Alejandro Gabriel Rosito\" \/>\n\t<meta name=\"twitter:label2\" content=\"Tiempo de lectura\" \/>\n\t<meta name=\"twitter:data2\" content=\"2 minutos\" \/>\n<script type=\"application\/ld+json\" class=\"yoast-schema-graph\">{\"@context\":\"https:\\\/\\\/schema.org\",\"@graph\":[{\"@type\":\"Article\",\"@id\":\"https:\\\/\\\/autofans.com.ar\\\/index.php\\\/2023\\\/09\\\/20\\\/fiat-cronos-se-une-al-programa-de-precios-justos\\\/#article\",\"isPartOf\":{\"@id\":\"https:\\\/\\\/autofans.com.ar\\\/index.php\\\/2023\\\/09\\\/20\\\/fiat-cronos-se-une-al-programa-de-precios-justos\\\/\"},\"author\":{\"name\":\"Alejandro Gabriel Rosito\",\"@id\":\"https:\\\/\\\/autofans.com.ar\\\/#\\\/schema\\\/person\\\/4a8dda0b6df83ac3d6723e921274c2aa\"},\"headline\":\"Fiat Cronos se une al programa de Precios Justos\",\"datePublished\":\"2023-09-20T21:42:15+00:00\",\"mainEntityOfPage\":{\"@id\":\"https:\\\/\\\/autofans.com.ar\\\/index.php\\\/2023\\\/09\\\/20\\\/fiat-cronos-se-une-al-programa-de-precios-justos\\\/\"},\"wordCount\":400,\"image\":{\"@id\":\"https:\\\/\\\/autofans.com.ar\\\/index.php\\\/2023\\\/09\\\/20\\\/fiat-cronos-se-une-al-programa-de-precios-justos\\\/#primaryimage\"},\"thumbnailUrl\":\"https:\\\/\\\/autofans.com.ar\\\/wp-content\\\/uploads\\\/2023\\\/09\\\/foto-1-34.jpg\",\"keywords\":[\"AutoArgentino\",\"FiatArgentina\",\"PreciosJustos\",\"Sed\u00e1nEcon\u00f3mico\",\"Stellantis\"],\"articleSection\":[\"AUTOS y SUV\",\"NOTICIAS\"],\"inLanguage\":\"es\"},{\"@type\":\"WebPage\",\"@id\":\"https:\\\/\\\/autofans.com.ar\\\/index.php\\\/2023\\\/09\\\/20\\\/fiat-cronos-se-une-al-programa-de-precios-justos\\\/\",\"url\":\"https:\\\/\\\/autofans.com.ar\\\/index.php\\\/2023\\\/09\\\/20\\\/fiat-cronos-se-une-al-programa-de-precios-justos\\\/\",\"name\":\"Fiat Cronos se une al programa de Precios Justos -\",\"isPartOf\":{\"@id\":\"https:\\\/\\\/autofans.com.ar\\\/#website\"},\"primaryImageOfPage\":{\"@id\":\"https:\\\/\\\/autofans.com.ar\\\/index.php\\\/2023\\\/09\\\/20\\\/fiat-cronos-se-une-al-programa-de-precios-justos\\\/#primaryimage\"},\"image\":{\"@id\":\"https:\\\/\\\/autofans.com.ar\\\/index.php\\\/2023\\\/09\\\/20\\\/fiat-cronos-se-une-al-programa-de-precios-justos\\\/#primaryimage\"},\"thumbnailUrl\":\"https:\\\/\\\/autofans.com.ar\\\/wp-content\\\/uploads\\\/2023\\\/09\\\/foto-1-34.jpg\",\"datePublished\":\"2023-09-20T21:42:15+00:00\",\"author\":{\"@id\":\"https:\\\/\\\/autofans.com.ar\\\/#\\\/schema\\\/person\\\/4a8dda0b6df83ac3d6723e921274c2aa\"},\"description\":\"Fiat Cronos, una marca de Stellantis, ha dado un nuevo paso en su compromiso con los argentinos al sumar al programa de Precios Justos..\",\"breadcrumb\":{\"@id\":\"https:\\\/\\\/autofans.com.ar\\\/index.php\\\/2023\\\/09\\\/20\\\/fiat-cronos-se-une-al-programa-de-precios-justos\\\/#breadcrumb\"},\"inLanguage\":\"es\",\"potentialAction\":[{\"@type\":\"ReadAction\",\"target\":[\"https:\\\/\\\/autofans.com.ar\\\/index.php\\\/2023\\\/09\\\/20\\\/fiat-cronos-se-une-al-programa-de-precios-justos\\\/\"]}]},{\"@type\":\"ImageObject\",\"inLanguage\":\"es\",\"@id\":\"https:\\\/\\\/autofans.com.ar\\\/index.php\\\/2023\\\/09\\\/20\\\/fiat-cronos-se-une-al-programa-de-precios-justos\\\/#primaryimage\",\"url\":\"https:\\\/\\\/autofans.com.ar\\\/wp-content\\\/uploads\\\/2023\\\/09\\\/foto-1-34.jpg\",\"contentUrl\":\"https:\\\/\\\/autofans.com.ar\\\/wp-content\\\/uploads\\\/2023\\\/09\\\/foto-1-34.jpg\",\"width\":1000,\"height\":667,\"caption\":\"Fiat Cronos\"},{\"@type\":\"BreadcrumbList\",\"@id\":\"https:\\\/\\\/autofans.com.ar\\\/index.php\\\/2023\\\/09\\\/20\\\/fiat-cronos-se-une-al-programa-de-precios-justos\\\/#breadcrumb\",\"itemListElement\":[{\"@type\":\"ListItem\",\"position\":1,\"name\":\"Inicio\",\"item\":\"https:\\\/\\\/autofans.com.ar\\\/\"},{\"@type\":\"ListItem\",\"position\":2,\"name\":\"Fiat Cronos se une al programa de Precios Justos\"}]},{\"@type\":\"WebSite\",\"@id\":\"https:\\\/\\\/autofans.com.ar\\\/#website\",\"url\":\"https:\\\/\\\/autofans.com.ar\\\/\",\"name\":\"\",\"description\":\"El multimedio referente de la industria automotriz\",\"potentialAction\":[{\"@type\":\"SearchAction\",\"target\":{\"@type\":\"EntryPoint\",\"urlTemplate\":\"https:\\\/\\\/autofans.com.ar\\\/?s={search_term_string}\"},\"query-input\":{\"@type\":\"PropertyValueSpecification\",\"valueRequired\":true,\"valueName\":\"search_term_string\"}}],\"inLanguage\":\"es\"},{\"@type\":\"Person\",\"@id\":\"https:\\\/\\\/autofans.com.ar\\\/#\\\/schema\\\/person\\\/4a8dda0b6df83ac3d6723e921274c2aa\",\"name\":\"Alejandro Gabriel Rosito\",\"image\":{\"@type\":\"ImageObject\",\"inLanguage\":\"es\",\"@id\":\"https:\\\/\\\/secure.gravatar.com\\\/avatar\\\/16c5dda1489adfc62618084dcbb91cffd879c374b13fe5dd8e44ed6733852c88?s=96&d=mm&r=g\",\"url\":\"https:\\\/\\\/secure.gravatar.com\\\/avatar\\\/16c5dda1489adfc62618084dcbb91cffd879c374b13fe5dd8e44ed6733852c88?s=96&d=mm&r=g\",\"contentUrl\":\"https:\\\/\\\/secure.gravatar.com\\\/avatar\\\/16c5dda1489adfc62618084dcbb91cffd879c374b13fe5dd8e44ed6733852c88?s=96&d=mm&r=g\",\"caption\":\"Alejandro Gabriel Rosito\"},\"url\":\"https:\\\/\\\/autofans.com.ar\\\/index.php\\\/author\\\/gabrielr\\\/\"}]}<\/script>\n<!-- \/ Yoast SEO plugin. -->","yoast_head_json":{"title":"Fiat Cronos se une al programa de Precios Justos -","description":"Fiat Cronos, una marca de Stellantis, ha dado un nuevo paso en su compromiso con los argentinos al sumar al programa de Precios Justos..","robots":{"index":"index","follow":"follow","max-snippet":"max-snippet:-1","max-image-preview":"max-image-preview:large","max-video-preview":"max-video-preview:-1"},"canonical":"https:\/\/autofans.com.ar\/index.php\/2023\/09\/20\/fiat-cronos-se-une-al-programa-de-precios-justos\/","og_locale":"es_ES","og_type":"article","og_title":"Fiat Cronos se une al programa de Precios Justos -","og_description":"Fiat Cronos, una marca de Stellantis, ha dado un nuevo paso en su compromiso con los argentinos al sumar al programa de Precios Justos..","og_url":"https:\/\/autofans.com.ar\/index.php\/2023\/09\/20\/fiat-cronos-se-une-al-programa-de-precios-justos\/","article_published_time":"2023-09-20T21:42:15+00:00","og_image":[{"width":1000,"height":667,"url":"https:\/\/autofans.com.ar\/wp-content\/uploads\/2023\/09\/foto-1-34.jpg","type":"image\/jpeg"}],"author":"Alejandro Gabriel Rosito","twitter_card":"summary_large_image","twitter_misc":{"Escrito por":"Alejandro Gabriel Rosito","Tiempo de lectura":"2 minutos"},"schema":{"@context":"https:\/\/schema.org","@graph":[{"@type":"Article","@id":"https:\/\/autofans.com.ar\/index.php\/2023\/09\/20\/fiat-cronos-se-une-al-programa-de-precios-justos\/#article","isPartOf":{"@id":"https:\/\/autofans.com.ar\/index.php\/2023\/09\/20\/fiat-cronos-se-une-al-programa-de-precios-justos\/"},"author":{"name":"Alejandro Gabriel Rosito","@id":"https:\/\/autofans.com.ar\/#\/schema\/person\/4a8dda0b6df83ac3d6723e921274c2aa"},"headline":"Fiat Cronos se une al programa de Precios Justos","datePublished":"2023-09-20T21:42:15+00:00","mainEntityOfPage":{"@id":"https:\/\/autofans.com.ar\/index.php\/2023\/09\/20\/fiat-cronos-se-une-al-programa-de-precios-justos\/"},"wordCount":400,"image":{"@id":"https:\/\/autofans.com.ar\/index.php\/2023\/09\/20\/fiat-cronos-se-une-al-programa-de-precios-justos\/#primaryimage"},"thumbnailUrl":"https:\/\/autofans.com.ar\/wp-content\/uploads\/2023\/09\/foto-1-34.jpg","keywords":["AutoArgentino","FiatArgentina","PreciosJustos","Sed\u00e1nEcon\u00f3mico","Stellantis"],"articleSection":["AUTOS y SUV","NOTICIAS"],"inLanguage":"es"},{"@type":"WebPage","@id":"https:\/\/autofans.com.ar\/index.php\/2023\/09\/20\/fiat-cronos-se-une-al-programa-de-precios-justos\/","url":"https:\/\/autofans.com.ar\/index.php\/2023\/09\/20\/fiat-cronos-se-une-al-programa-de-precios-justos\/","name":"Fiat Cronos se une al programa de Precios Justos -","isPartOf":{"@id":"https:\/\/autofans.com.ar\/#website"},"primaryImageOfPage":{"@id":"https:\/\/autofans.com.ar\/index.php\/2023\/09\/20\/fiat-cronos-se-une-al-programa-de-precios-justos\/#primaryimage"},"image":{"@id":"https:\/\/autofans.com.ar\/index.php\/2023\/09\/20\/fiat-cronos-se-une-al-programa-de-precios-justos\/#primaryimage"},"thumbnailUrl":"https:\/\/autofans.com.ar\/wp-content\/uploads\/2023\/09\/foto-1-34.jpg","datePublished":"2023-09-20T21:42:15+00:00","author":{"@id":"https:\/\/autofans.com.ar\/#\/schema\/person\/4a8dda0b6df83ac3d6723e921274c2aa"},"description":"Fiat Cronos, una marca de Stellantis, ha dado un nuevo paso en su compromiso con los argentinos al sumar al programa de Precios Justos..","breadcrumb":{"@id":"https:\/\/autofans.com.ar\/index.php\/2023\/09\/20\/fiat-cronos-se-une-al-programa-de-precios-justos\/#breadcrumb"},"inLanguage":"es","potentialAction":[{"@type":"ReadAction","target":["https:\/\/autofans.com.ar\/index.php\/2023\/09\/20\/fiat-cronos-se-une-al-programa-de-precios-justos\/"]}]},{"@type":"ImageObject","inLanguage":"es","@id":"https:\/\/autofans.com.ar\/index.php\/2023\/09\/20\/fiat-cronos-se-une-al-programa-de-precios-justos\/#primaryimage","url":"https:\/\/autofans.com.ar\/wp-content\/uploads\/2023\/09\/foto-1-34.jpg","contentUrl":"https:\/\/autofans.com.ar\/wp-content\/uploads\/2023\/09\/foto-1-34.jpg","width":1000,"height":667,"caption":"Fiat Cronos"},{"@type":"BreadcrumbList","@id":"https:\/\/autofans.com.ar\/index.php\/2023\/09\/20\/fiat-cronos-se-une-al-programa-de-precios-justos\/#breadcrumb","itemListElement":[{"@type":"ListItem","position":1,"name":"Inicio","item":"https:\/\/autofans.com.ar\/"},{"@type":"ListItem","position":2,"name":"Fiat Cronos se une al programa de Precios Justos"}]},{"@type":"WebSite","@id":"https:\/\/autofans.com.ar\/#website","url":"https:\/\/autofans.com.ar\/","name":"","description":"El multimedio referente de la industria automotriz","potentialAction":[{"@type":"SearchAction","target":{"@type":"EntryPoint","urlTemplate":"https:\/\/autofans.com.ar\/?s={search_term_string}"},"query-input":{"@type":"PropertyValueSpecification","valueRequired":true,"valueName":"search_term_string"}}],"inLanguage":"es"},{"@type":"Person","@id":"https:\/\/autofans.com.ar\/#\/schema\/person\/4a8dda0b6df83ac3d6723e921274c2aa","name":"Alejandro Gabriel Rosito","image":{"@type":"ImageObject","inLanguage":"es","@id":"https:\/\/secure.gravatar.com\/avatar\/16c5dda1489adfc62618084dcbb91cffd879c374b13fe5dd8e44ed6733852c88?s=96&d=mm&r=g","url":"https:\/\/secure.gravatar.com\/avatar\/16c5dda1489adfc62618084dcbb91cffd879c374b13fe5dd8e44ed6733852c88?s=96&d=mm&r=g","contentUrl":"https:\/\/secure.gravatar.com\/avatar\/16c5dda1489adfc62618084dcbb91cffd879c374b13fe5dd8e44ed6733852c88?s=96&d=mm&r=g","caption":"Alejandro Gabriel Rosito"},"url":"https:\/\/autofans.com.ar\/index.php\/author\/gabrielr\/"}]}},"featured_image_urls":{"full":["https:\/\/autofans.com.ar\/wp-content\/uploads\/2023\/09\/foto-1-34.jpg",1000,667,false],"thumbnail":["https:\/\/autofans.com.ar\/wp-content\/uploads\/2023\/09\/foto-1-34-150x150.jpg",150,150,true],"medium":["https:\/\/autofans.com.ar\/wp-content\/uploads\/2023\/09\/foto-1-34-300x200.jpg",300,200,true],"medium_large":["https:\/\/autofans.com.ar\/wp-content\/uploads\/2023\/09\/foto-1-34-768x512.jpg",640,427,true],"large":["https:\/\/autofans.com.ar\/wp-content\/uploads\/2023\/09\/foto-1-34.jpg",640,427,false],"1536x1536":["https:\/\/autofans.com.ar\/wp-content\/uploads\/2023\/09\/foto-1-34.jpg",1000,667,false],"2048x2048":["https:\/\/autofans.com.ar\/wp-content\/uploads\/2023\/09\/foto-1-34.jpg",1000,667,false],"covernews-featured":["https:\/\/autofans.com.ar\/wp-content\/uploads\/2023\/09\/foto-1-34.jpg",1000,667,false],"covernews-medium":["https:\/\/autofans.com.ar\/wp-content\/uploads\/2023\/09\/foto-1-34-540x340.jpg",540,340,true]},"author_info":{"display_name":"Alejandro Gabriel Rosito","author_link":"https:\/\/autofans.com.ar\/index.php\/author\/gabrielr\/"},"category_info":"<a href=\"https:\/\/autofans.com.ar\/index.php\/category\/noticias\/autos\/\" rel=\"category tag\">AUTOS y SUV<\/a> <a href=\"https:\/\/autofans.com.ar\/index.php\/category\/noticias\/\" rel=\"category tag\">NOTICIAS<\/a>","tag_info":"NOTICIAS","comment_count":0,"_links":{"self":[{"href":"https:\/\/autofans.com.ar\/index.php\/wp-json\/wp\/v2\/posts\/5126","targetHints":{"allow":["GET"]}}],"collection":[{"href":"https:\/\/autofans.com.ar\/index.php\/wp-json\/wp\/v2\/posts"}],"about":[{"href":"https:\/\/autofans.com.ar\/index.php\/wp-json\/wp\/v2\/types\/post"}],"author":[{"embeddable":true,"href":"https:\/\/autofans.com.ar\/index.php\/wp-json\/wp\/v2\/users\/2"}],"replies":[{"embeddable":true,"href":"https:\/\/autofans.com.ar\/index.php\/wp-json\/wp\/v2\/comments?post=5126"}],"version-history":[{"count":1,"href":"https:\/\/autofans.com.ar\/index.php\/wp-json\/wp\/v2\/posts\/5126\/revisions"}],"predecessor-version":[{"id":5130,"href":"https:\/\/autofans.com.ar\/index.php\/wp-json\/wp\/v2\/posts\/5126\/revisions\/5130"}],"wp:featuredmedia":[{"embeddable":true,"href":"https:\/\/autofans.com.ar\/index.php\/wp-json\/wp\/v2\/media\/5129"}],"wp:attachment":[{"href":"https:\/\/autofans.com.ar\/index.php\/wp-json\/wp\/v2\/media?parent=5126"}],"wp:term":[{"taxonomy":"category","embeddable":true,"href":"https:\/\/autofans.com.ar\/index.php\/wp-json\/wp\/v2\/categories?post=5126"},{"taxonomy":"post_tag","embeddable":true,"href":"https:\/\/autofans.com.ar\/index.php\/wp-json\/wp\/v2\/tags?post=5126"}],"curies":[{"name":"wp","href":"https:\/\/api.w.org\/{rel}","templated":true}]}}