{"id":5147,"date":"2023-09-21T20:27:15","date_gmt":"2023-09-21T23:27:15","guid":{"rendered":"https:\/\/autofans.com.ar\/?p=5147"},"modified":"2023-09-21T20:27:15","modified_gmt":"2023-09-21T23:27:15","slug":"bmw-3-0-csl-leyenda-del-automovilismo","status":"publish","type":"post","link":"https:\/\/autofans.com.ar\/index.php\/2023\/09\/21\/bmw-3-0-csl-leyenda-del-automovilismo\/","title":{"rendered":"BMW 3.0 CSL &#8211; leyenda del automovilismo"},"content":{"rendered":"<p>Conoce la historia del ic\u00f3nico BMW 3.0 CSL en su 50 aniversario. Desde su nacimiento en el mundo de las carreras hasta su transformaci\u00f3n en una obra maestra del automovilismo y el arte. Descubr\u00ed por qu\u00e9 este \u00abBatim\u00f3vil\u00bb de BMW sigue siendo un s\u00edmbolo de potencia y elegancia.<\/p>\n<p>&nbsp;<\/p>\n<h2>50 a\u00f1os del BMW 3.0 CSL<\/h2>\n<p>En el marco del Batman Day que DC Comics celebra cada septiembre, recordamos el \u00abBatim\u00f3vil\u00bb. Este legendario autom\u00f3vil ha dejado una huella imborrable en la historia del automovilismo y el dise\u00f1o automotriz.<\/p>\n<p>&nbsp;<\/p>\n<p><img fetchpriority=\"high\" decoding=\"async\" class=\"aligncenter wp-image-5150 size-full\" src=\"https:\/\/autofans.com.ar\/wp-content\/uploads\/2023\/09\/foto-4-17.jpg\" alt=\"BMW 3.0 CSL\" width=\"1000\" height=\"667\" srcset=\"https:\/\/autofans.com.ar\/wp-content\/uploads\/2023\/09\/foto-4-17.jpg 1000w, https:\/\/autofans.com.ar\/wp-content\/uploads\/2023\/09\/foto-4-17-300x200.jpg 300w, https:\/\/autofans.com.ar\/wp-content\/uploads\/2023\/09\/foto-4-17-768x512.jpg 768w\" sizes=\"(max-width: 1000px) 100vw, 1000px\" \/><\/p>\n<p>&nbsp;<\/p>\n<p>El BMW 3.0 CSL naci\u00f3 en 1972, cuando se fund\u00f3 <a href=\"https:\/\/autofans.com.ar\/index.php\/2023\/06\/29\/bmw-v12-lmr-la-victoria-legendaria-en-le-mans\/\" target=\"_blank\" rel=\"noopener\">BMW Motorsport<\/a> GmbH. Desde entonces, este autom\u00f3vil ha acumulado un impresionante historial de logros en el mundo del deporte motor. Gan\u00f3 seis campeonatos europeos y estableci\u00f3 un r\u00e9cord de vuelta en N\u00fcrburgring que dej\u00f3 a todos boquiabiertos.<\/p>\n<p>Este autom\u00f3vil no solo destac\u00f3 en las pistas, sino que tambi\u00e9n se convirti\u00f3 en una obra de arte sobre ruedas. En 1975, el escultor Alexander Calder cre\u00f3 el primer BMW Art Car basado en el 3.0 CSL, marcando el comienzo de una colecci\u00f3n \u00fanica de autos art\u00edsticos que incluye nombres como Andy Warhol y Jeff Koons.<\/p>\n<p>&nbsp;<\/p>\n<h2>La leyenda que domin\u00f3 las pistas<\/h2>\n<p>Este modelo tambi\u00e9n se gan\u00f3 el apodo de \u00abBatim\u00f3vil\u00bb debido a su llamativo paquete aerodin\u00e1mico. Sus caracter\u00edsticas \u00abalas de murci\u00e9lago\u00bb y su dise\u00f1o aerodin\u00e1mico lo hicieron inconfundible en la carretera.<\/p>\n<p>Lo que realmente hac\u00eda especial al BMW 3.0 CSL era su enfoque en la ligereza. Casi todos sus componentes se hicieron m\u00e1s ligeros para lograr una relaci\u00f3n potencia-peso sorprendente. Con solo 1,270 kg y 206 hp, ten\u00eda una relaci\u00f3n de 6.1 kg\/hp, un logro impresionante en la d\u00e9cada de 1970.<\/p>\n<p>&nbsp;<\/p>\n<p><img decoding=\"async\" class=\"aligncenter wp-image-5151 size-full\" src=\"https:\/\/autofans.com.ar\/wp-content\/uploads\/2023\/09\/foto-3-27.jpg\" alt=\"BMW 3.0\" width=\"1000\" height=\"667\" srcset=\"https:\/\/autofans.com.ar\/wp-content\/uploads\/2023\/09\/foto-3-27.jpg 1000w, https:\/\/autofans.com.ar\/wp-content\/uploads\/2023\/09\/foto-3-27-300x200.jpg 300w, https:\/\/autofans.com.ar\/wp-content\/uploads\/2023\/09\/foto-3-27-768x512.jpg 768w\" sizes=\"(max-width: 1000px) 100vw, 1000px\" \/><\/p>\n<p>&nbsp;<\/p>\n<p>Este autom\u00f3vil tambi\u00e9n marc\u00f3 la entrada de BMW en las carreras de turismos, bajo la direcci\u00f3n de Bob Lutz y Jochen Neerpasch. Hasta 1979, ning\u00fan competidor pudo superar al BMW 3.0 CSL, que se convirti\u00f3 en sin\u00f3nimo de \u00e9xito en el automovilismo.<\/p>\n<p>&nbsp;<\/p>\n<p>En resumen, este auto es mucho m\u00e1s que un autom\u00f3vil deportivo; es una obra maestra de la ingenier\u00eda y el arte. Su legado perdura a lo largo de los a\u00f1os, y su valor como autom\u00f3vil cl\u00e1sico es indiscutible. Un hito en la historia del automovilismo que contin\u00faa inspirando a entusiastas y amantes de la velocidad en todo el mundo.<\/p>\n<p>&nbsp;<\/p>\n<p><i>Para enterarte de m\u00e1s novedades, no dejes de leer\u00a0<\/i><a href=\"https:\/\/autofans.thebrandsoup.com\/\"><i>nuestras notas<\/i><\/a><i>, de ver<\/i><b><i>\u00a0<\/i><\/b><a href=\"https:\/\/www.youtube.com\/channel\/UCgAC8UGHZYbT6P7PpmVnP7g\"><b><i>AUTOFANS TV<\/i><\/b><\/a><b><i>\u00a0<\/i><\/b><i>en nuestro\u00a0canal de Youtube. Adem\u00e1s seguinos en\u00a0<\/i><a href=\"https:\/\/www.instagram.com\/autofanstv\/\"><i>INSTAGRAM<\/i><\/a><i> y <\/i><a href=\"https:\/\/www.facebook.com\/autofansmas\/\"><i>FACEBOOK<\/i><\/a><i> para no perderte nada sobre las novedades del segmento automotor de Argentina y el mundo.<\/i><\/p>\n","protected":false},"excerpt":{"rendered":"<p>Conoce la historia del ic\u00f3nico BMW 3.0 CSL en su 50 aniversario. Desde su nacimiento&#8230;<\/p>\n","protected":false},"author":2,"featured_media":5149,"comment_status":"closed","ping_status":"closed","sticky":false,"template":"","format":"standard","meta":{"footnotes":""},"categories":[3,16],"tags":[185,208,2581,501,2582,2584,2583],"class_list":["post-5147","post","type-post","status-publish","format-standard","has-post-thumbnail","hentry","category-autos","category-noticias","tag-automovilismo","tag-bmw","tag-3-0-csl","tag-arte","tag-batimovil","tag-bmw-motorsport-gmbh","tag-deportes-de-motor"],"yoast_head":"<!-- This site is optimized with the Yoast SEO plugin v27.5 - https:\/\/yoast.com\/product\/yoast-seo-wordpress\/ -->\n<title>BMW 3.0 CSL - leyenda del automovilismo -<\/title>\n<meta name=\"description\" content=\"BMW 3.0 CSL en su 50 aniversario y en el marco del Batman Day que DC Comics celebra cada septiembre, recordamos el &quot;Batim\u00f3vil&quot; de BMW...\" \/>\n<meta name=\"robots\" content=\"index, follow, max-snippet:-1, max-image-preview:large, max-video-preview:-1\" \/>\n<link rel=\"canonical\" href=\"https:\/\/autofans.com.ar\/index.php\/2023\/09\/21\/bmw-3-0-csl-leyenda-del-automovilismo\/\" \/>\n<meta property=\"og:locale\" content=\"es_ES\" \/>\n<meta property=\"og:type\" content=\"article\" \/>\n<meta property=\"og:title\" content=\"BMW 3.0 CSL - leyenda del automovilismo -\" \/>\n<meta property=\"og:description\" content=\"BMW 3.0 CSL en su 50 aniversario y en el marco del Batman Day que DC Comics celebra cada septiembre, recordamos el &quot;Batim\u00f3vil&quot; de BMW...\" \/>\n<meta property=\"og:url\" content=\"https:\/\/autofans.com.ar\/index.php\/2023\/09\/21\/bmw-3-0-csl-leyenda-del-automovilismo\/\" \/>\n<meta property=\"article:published_time\" content=\"2023-09-21T23:27:15+00:00\" \/>\n<meta property=\"og:image\" content=\"https:\/\/autofans.com.ar\/wp-content\/uploads\/2023\/09\/foto-5-9.jpg\" \/>\n\t<meta property=\"og:image:width\" content=\"1000\" \/>\n\t<meta property=\"og:image:height\" content=\"667\" \/>\n\t<meta property=\"og:image:type\" content=\"image\/jpeg\" \/>\n<meta name=\"author\" content=\"Alejandro Gabriel Rosito\" \/>\n<meta name=\"twitter:card\" content=\"summary_large_image\" \/>\n<meta name=\"twitter:label1\" content=\"Escrito por\" \/>\n\t<meta name=\"twitter:data1\" content=\"Alejandro Gabriel Rosito\" \/>\n\t<meta name=\"twitter:label2\" content=\"Tiempo de lectura\" \/>\n\t<meta name=\"twitter:data2\" content=\"3 minutos\" \/>\n<script type=\"application\/ld+json\" class=\"yoast-schema-graph\">{\"@context\":\"https:\\\/\\\/schema.org\",\"@graph\":[{\"@type\":\"Article\",\"@id\":\"https:\\\/\\\/autofans.com.ar\\\/index.php\\\/2023\\\/09\\\/21\\\/bmw-3-0-csl-leyenda-del-automovilismo\\\/#article\",\"isPartOf\":{\"@id\":\"https:\\\/\\\/autofans.com.ar\\\/index.php\\\/2023\\\/09\\\/21\\\/bmw-3-0-csl-leyenda-del-automovilismo\\\/\"},\"author\":{\"name\":\"Alejandro Gabriel Rosito\",\"@id\":\"https:\\\/\\\/autofans.com.ar\\\/#\\\/schema\\\/person\\\/4a8dda0b6df83ac3d6723e921274c2aa\"},\"headline\":\"BMW 3.0 CSL &#8211; leyenda del automovilismo\",\"datePublished\":\"2023-09-21T23:27:15+00:00\",\"mainEntityOfPage\":{\"@id\":\"https:\\\/\\\/autofans.com.ar\\\/index.php\\\/2023\\\/09\\\/21\\\/bmw-3-0-csl-leyenda-del-automovilismo\\\/\"},\"wordCount\":459,\"image\":{\"@id\":\"https:\\\/\\\/autofans.com.ar\\\/index.php\\\/2023\\\/09\\\/21\\\/bmw-3-0-csl-leyenda-del-automovilismo\\\/#primaryimage\"},\"thumbnailUrl\":\"https:\\\/\\\/autofans.com.ar\\\/wp-content\\\/uploads\\\/2023\\\/09\\\/foto-5-9.jpg\",\"keywords\":[\"#automovilismo\",\"#BMW\",\"3.0 CSL\",\"arte\",\"Batim\u00f3vil\",\"BMW Motorsport GmbH\",\"deportes de motor\"],\"articleSection\":[\"AUTOS y SUV\",\"NOTICIAS\"],\"inLanguage\":\"es\"},{\"@type\":\"WebPage\",\"@id\":\"https:\\\/\\\/autofans.com.ar\\\/index.php\\\/2023\\\/09\\\/21\\\/bmw-3-0-csl-leyenda-del-automovilismo\\\/\",\"url\":\"https:\\\/\\\/autofans.com.ar\\\/index.php\\\/2023\\\/09\\\/21\\\/bmw-3-0-csl-leyenda-del-automovilismo\\\/\",\"name\":\"BMW 3.0 CSL - leyenda del automovilismo -\",\"isPartOf\":{\"@id\":\"https:\\\/\\\/autofans.com.ar\\\/#website\"},\"primaryImageOfPage\":{\"@id\":\"https:\\\/\\\/autofans.com.ar\\\/index.php\\\/2023\\\/09\\\/21\\\/bmw-3-0-csl-leyenda-del-automovilismo\\\/#primaryimage\"},\"image\":{\"@id\":\"https:\\\/\\\/autofans.com.ar\\\/index.php\\\/2023\\\/09\\\/21\\\/bmw-3-0-csl-leyenda-del-automovilismo\\\/#primaryimage\"},\"thumbnailUrl\":\"https:\\\/\\\/autofans.com.ar\\\/wp-content\\\/uploads\\\/2023\\\/09\\\/foto-5-9.jpg\",\"datePublished\":\"2023-09-21T23:27:15+00:00\",\"author\":{\"@id\":\"https:\\\/\\\/autofans.com.ar\\\/#\\\/schema\\\/person\\\/4a8dda0b6df83ac3d6723e921274c2aa\"},\"description\":\"BMW 3.0 CSL en su 50 aniversario y en el marco del Batman Day que DC Comics celebra cada septiembre, recordamos el \\\"Batim\u00f3vil\\\" de BMW...\",\"breadcrumb\":{\"@id\":\"https:\\\/\\\/autofans.com.ar\\\/index.php\\\/2023\\\/09\\\/21\\\/bmw-3-0-csl-leyenda-del-automovilismo\\\/#breadcrumb\"},\"inLanguage\":\"es\",\"potentialAction\":[{\"@type\":\"ReadAction\",\"target\":[\"https:\\\/\\\/autofans.com.ar\\\/index.php\\\/2023\\\/09\\\/21\\\/bmw-3-0-csl-leyenda-del-automovilismo\\\/\"]}]},{\"@type\":\"ImageObject\",\"inLanguage\":\"es\",\"@id\":\"https:\\\/\\\/autofans.com.ar\\\/index.php\\\/2023\\\/09\\\/21\\\/bmw-3-0-csl-leyenda-del-automovilismo\\\/#primaryimage\",\"url\":\"https:\\\/\\\/autofans.com.ar\\\/wp-content\\\/uploads\\\/2023\\\/09\\\/foto-5-9.jpg\",\"contentUrl\":\"https:\\\/\\\/autofans.com.ar\\\/wp-content\\\/uploads\\\/2023\\\/09\\\/foto-5-9.jpg\",\"width\":1000,\"height\":667,\"caption\":\"BMW 3.0 CSL\"},{\"@type\":\"BreadcrumbList\",\"@id\":\"https:\\\/\\\/autofans.com.ar\\\/index.php\\\/2023\\\/09\\\/21\\\/bmw-3-0-csl-leyenda-del-automovilismo\\\/#breadcrumb\",\"itemListElement\":[{\"@type\":\"ListItem\",\"position\":1,\"name\":\"Inicio\",\"item\":\"https:\\\/\\\/autofans.com.ar\\\/\"},{\"@type\":\"ListItem\",\"position\":2,\"name\":\"BMW 3.0 CSL &#8211; leyenda del automovilismo\"}]},{\"@type\":\"WebSite\",\"@id\":\"https:\\\/\\\/autofans.com.ar\\\/#website\",\"url\":\"https:\\\/\\\/autofans.com.ar\\\/\",\"name\":\"\",\"description\":\"El multimedio referente de la industria automotriz\",\"potentialAction\":[{\"@type\":\"SearchAction\",\"target\":{\"@type\":\"EntryPoint\",\"urlTemplate\":\"https:\\\/\\\/autofans.com.ar\\\/?s={search_term_string}\"},\"query-input\":{\"@type\":\"PropertyValueSpecification\",\"valueRequired\":true,\"valueName\":\"search_term_string\"}}],\"inLanguage\":\"es\"},{\"@type\":\"Person\",\"@id\":\"https:\\\/\\\/autofans.com.ar\\\/#\\\/schema\\\/person\\\/4a8dda0b6df83ac3d6723e921274c2aa\",\"name\":\"Alejandro Gabriel Rosito\",\"image\":{\"@type\":\"ImageObject\",\"inLanguage\":\"es\",\"@id\":\"https:\\\/\\\/secure.gravatar.com\\\/avatar\\\/16c5dda1489adfc62618084dcbb91cffd879c374b13fe5dd8e44ed6733852c88?s=96&d=mm&r=g\",\"url\":\"https:\\\/\\\/secure.gravatar.com\\\/avatar\\\/16c5dda1489adfc62618084dcbb91cffd879c374b13fe5dd8e44ed6733852c88?s=96&d=mm&r=g\",\"contentUrl\":\"https:\\\/\\\/secure.gravatar.com\\\/avatar\\\/16c5dda1489adfc62618084dcbb91cffd879c374b13fe5dd8e44ed6733852c88?s=96&d=mm&r=g\",\"caption\":\"Alejandro Gabriel Rosito\"},\"url\":\"https:\\\/\\\/autofans.com.ar\\\/index.php\\\/author\\\/gabrielr\\\/\"}]}<\/script>\n<!-- \/ Yoast SEO plugin. -->","yoast_head_json":{"title":"BMW 3.0 CSL - leyenda del automovilismo -","description":"BMW 3.0 CSL en su 50 aniversario y en el marco del Batman Day que DC Comics celebra cada septiembre, recordamos el \"Batim\u00f3vil\" de BMW...","robots":{"index":"index","follow":"follow","max-snippet":"max-snippet:-1","max-image-preview":"max-image-preview:large","max-video-preview":"max-video-preview:-1"},"canonical":"https:\/\/autofans.com.ar\/index.php\/2023\/09\/21\/bmw-3-0-csl-leyenda-del-automovilismo\/","og_locale":"es_ES","og_type":"article","og_title":"BMW 3.0 CSL - leyenda del automovilismo -","og_description":"BMW 3.0 CSL en su 50 aniversario y en el marco del Batman Day que DC Comics celebra cada septiembre, recordamos el \"Batim\u00f3vil\" de BMW...","og_url":"https:\/\/autofans.com.ar\/index.php\/2023\/09\/21\/bmw-3-0-csl-leyenda-del-automovilismo\/","article_published_time":"2023-09-21T23:27:15+00:00","og_image":[{"width":1000,"height":667,"url":"https:\/\/autofans.com.ar\/wp-content\/uploads\/2023\/09\/foto-5-9.jpg","type":"image\/jpeg"}],"author":"Alejandro Gabriel Rosito","twitter_card":"summary_large_image","twitter_misc":{"Escrito por":"Alejandro Gabriel Rosito","Tiempo de lectura":"3 minutos"},"schema":{"@context":"https:\/\/schema.org","@graph":[{"@type":"Article","@id":"https:\/\/autofans.com.ar\/index.php\/2023\/09\/21\/bmw-3-0-csl-leyenda-del-automovilismo\/#article","isPartOf":{"@id":"https:\/\/autofans.com.ar\/index.php\/2023\/09\/21\/bmw-3-0-csl-leyenda-del-automovilismo\/"},"author":{"name":"Alejandro Gabriel Rosito","@id":"https:\/\/autofans.com.ar\/#\/schema\/person\/4a8dda0b6df83ac3d6723e921274c2aa"},"headline":"BMW 3.0 CSL &#8211; leyenda del automovilismo","datePublished":"2023-09-21T23:27:15+00:00","mainEntityOfPage":{"@id":"https:\/\/autofans.com.ar\/index.php\/2023\/09\/21\/bmw-3-0-csl-leyenda-del-automovilismo\/"},"wordCount":459,"image":{"@id":"https:\/\/autofans.com.ar\/index.php\/2023\/09\/21\/bmw-3-0-csl-leyenda-del-automovilismo\/#primaryimage"},"thumbnailUrl":"https:\/\/autofans.com.ar\/wp-content\/uploads\/2023\/09\/foto-5-9.jpg","keywords":["#automovilismo","#BMW","3.0 CSL","arte","Batim\u00f3vil","BMW Motorsport GmbH","deportes de motor"],"articleSection":["AUTOS y SUV","NOTICIAS"],"inLanguage":"es"},{"@type":"WebPage","@id":"https:\/\/autofans.com.ar\/index.php\/2023\/09\/21\/bmw-3-0-csl-leyenda-del-automovilismo\/","url":"https:\/\/autofans.com.ar\/index.php\/2023\/09\/21\/bmw-3-0-csl-leyenda-del-automovilismo\/","name":"BMW 3.0 CSL - leyenda del automovilismo -","isPartOf":{"@id":"https:\/\/autofans.com.ar\/#website"},"primaryImageOfPage":{"@id":"https:\/\/autofans.com.ar\/index.php\/2023\/09\/21\/bmw-3-0-csl-leyenda-del-automovilismo\/#primaryimage"},"image":{"@id":"https:\/\/autofans.com.ar\/index.php\/2023\/09\/21\/bmw-3-0-csl-leyenda-del-automovilismo\/#primaryimage"},"thumbnailUrl":"https:\/\/autofans.com.ar\/wp-content\/uploads\/2023\/09\/foto-5-9.jpg","datePublished":"2023-09-21T23:27:15+00:00","author":{"@id":"https:\/\/autofans.com.ar\/#\/schema\/person\/4a8dda0b6df83ac3d6723e921274c2aa"},"description":"BMW 3.0 CSL en su 50 aniversario y en el marco del Batman Day que DC Comics celebra cada septiembre, recordamos el \"Batim\u00f3vil\" de BMW...","breadcrumb":{"@id":"https:\/\/autofans.com.ar\/index.php\/2023\/09\/21\/bmw-3-0-csl-leyenda-del-automovilismo\/#breadcrumb"},"inLanguage":"es","potentialAction":[{"@type":"ReadAction","target":["https:\/\/autofans.com.ar\/index.php\/2023\/09\/21\/bmw-3-0-csl-leyenda-del-automovilismo\/"]}]},{"@type":"ImageObject","inLanguage":"es","@id":"https:\/\/autofans.com.ar\/index.php\/2023\/09\/21\/bmw-3-0-csl-leyenda-del-automovilismo\/#primaryimage","url":"https:\/\/autofans.com.ar\/wp-content\/uploads\/2023\/09\/foto-5-9.jpg","contentUrl":"https:\/\/autofans.com.ar\/wp-content\/uploads\/2023\/09\/foto-5-9.jpg","width":1000,"height":667,"caption":"BMW 3.0 CSL"},{"@type":"BreadcrumbList","@id":"https:\/\/autofans.com.ar\/index.php\/2023\/09\/21\/bmw-3-0-csl-leyenda-del-automovilismo\/#breadcrumb","itemListElement":[{"@type":"ListItem","position":1,"name":"Inicio","item":"https:\/\/autofans.com.ar\/"},{"@type":"ListItem","position":2,"name":"BMW 3.0 CSL &#8211; leyenda del automovilismo"}]},{"@type":"WebSite","@id":"https:\/\/autofans.com.ar\/#website","url":"https:\/\/autofans.com.ar\/","name":"","description":"El multimedio referente de la industria automotriz","potentialAction":[{"@type":"SearchAction","target":{"@type":"EntryPoint","urlTemplate":"https:\/\/autofans.com.ar\/?s={search_term_string}"},"query-input":{"@type":"PropertyValueSpecification","valueRequired":true,"valueName":"search_term_string"}}],"inLanguage":"es"},{"@type":"Person","@id":"https:\/\/autofans.com.ar\/#\/schema\/person\/4a8dda0b6df83ac3d6723e921274c2aa","name":"Alejandro Gabriel Rosito","image":{"@type":"ImageObject","inLanguage":"es","@id":"https:\/\/secure.gravatar.com\/avatar\/16c5dda1489adfc62618084dcbb91cffd879c374b13fe5dd8e44ed6733852c88?s=96&d=mm&r=g","url":"https:\/\/secure.gravatar.com\/avatar\/16c5dda1489adfc62618084dcbb91cffd879c374b13fe5dd8e44ed6733852c88?s=96&d=mm&r=g","contentUrl":"https:\/\/secure.gravatar.com\/avatar\/16c5dda1489adfc62618084dcbb91cffd879c374b13fe5dd8e44ed6733852c88?s=96&d=mm&r=g","caption":"Alejandro Gabriel Rosito"},"url":"https:\/\/autofans.com.ar\/index.php\/author\/gabrielr\/"}]}},"featured_image_urls":{"full":["https:\/\/autofans.com.ar\/wp-content\/uploads\/2023\/09\/foto-5-9.jpg",1000,667,false],"thumbnail":["https:\/\/autofans.com.ar\/wp-content\/uploads\/2023\/09\/foto-5-9-150x150.jpg",150,150,true],"medium":["https:\/\/autofans.com.ar\/wp-content\/uploads\/2023\/09\/foto-5-9-300x200.jpg",300,200,true],"medium_large":["https:\/\/autofans.com.ar\/wp-content\/uploads\/2023\/09\/foto-5-9-768x512.jpg",640,427,true],"large":["https:\/\/autofans.com.ar\/wp-content\/uploads\/2023\/09\/foto-5-9.jpg",640,427,false],"1536x1536":["https:\/\/autofans.com.ar\/wp-content\/uploads\/2023\/09\/foto-5-9.jpg",1000,667,false],"2048x2048":["https:\/\/autofans.com.ar\/wp-content\/uploads\/2023\/09\/foto-5-9.jpg",1000,667,false],"covernews-featured":["https:\/\/autofans.com.ar\/wp-content\/uploads\/2023\/09\/foto-5-9.jpg",1000,667,false],"covernews-medium":["https:\/\/autofans.com.ar\/wp-content\/uploads\/2023\/09\/foto-5-9-540x340.jpg",540,340,true]},"author_info":{"display_name":"Alejandro Gabriel Rosito","author_link":"https:\/\/autofans.com.ar\/index.php\/author\/gabrielr\/"},"category_info":"<a href=\"https:\/\/autofans.com.ar\/index.php\/category\/noticias\/autos\/\" rel=\"category tag\">AUTOS y SUV<\/a> <a href=\"https:\/\/autofans.com.ar\/index.php\/category\/noticias\/\" rel=\"category tag\">NOTICIAS<\/a>","tag_info":"NOTICIAS","comment_count":0,"_links":{"self":[{"href":"https:\/\/autofans.com.ar\/index.php\/wp-json\/wp\/v2\/posts\/5147","targetHints":{"allow":["GET"]}}],"collection":[{"href":"https:\/\/autofans.com.ar\/index.php\/wp-json\/wp\/v2\/posts"}],"about":[{"href":"https:\/\/autofans.com.ar\/index.php\/wp-json\/wp\/v2\/types\/post"}],"author":[{"embeddable":true,"href":"https:\/\/autofans.com.ar\/index.php\/wp-json\/wp\/v2\/users\/2"}],"replies":[{"embeddable":true,"href":"https:\/\/autofans.com.ar\/index.php\/wp-json\/wp\/v2\/comments?post=5147"}],"version-history":[{"count":1,"href":"https:\/\/autofans.com.ar\/index.php\/wp-json\/wp\/v2\/posts\/5147\/revisions"}],"predecessor-version":[{"id":5154,"href":"https:\/\/autofans.com.ar\/index.php\/wp-json\/wp\/v2\/posts\/5147\/revisions\/5154"}],"wp:featuredmedia":[{"embeddable":true,"href":"https:\/\/autofans.com.ar\/index.php\/wp-json\/wp\/v2\/media\/5149"}],"wp:attachment":[{"href":"https:\/\/autofans.com.ar\/index.php\/wp-json\/wp\/v2\/media?parent=5147"}],"wp:term":[{"taxonomy":"category","embeddable":true,"href":"https:\/\/autofans.com.ar\/index.php\/wp-json\/wp\/v2\/categories?post=5147"},{"taxonomy":"post_tag","embeddable":true,"href":"https:\/\/autofans.com.ar\/index.php\/wp-json\/wp\/v2\/tags?post=5147"}],"curies":[{"name":"wp","href":"https:\/\/api.w.org\/{rel}","templated":true}]}}