{"id":5156,"date":"2023-09-22T13:58:18","date_gmt":"2023-09-22T16:58:18","guid":{"rendered":"https:\/\/autofans.com.ar\/?p=5156"},"modified":"2023-09-22T13:58:18","modified_gmt":"2023-09-22T16:58:18","slug":"citroen-pionero-en-la-inclusion-femenina","status":"publish","type":"post","link":"https:\/\/autofans.com.ar\/index.php\/2023\/09\/22\/citroen-pionero-en-la-inclusion-femenina\/","title":{"rendered":"Citro\u00ebn &#8211; pionero en la inclusi\u00f3n femenina"},"content":{"rendered":"<p>En una era en la que la industria automotriz estaba dominada por hombres, Citro\u00ebn se destac\u00f3 como una marca verdaderamente disruptiva al otorgar derechos a sus colaboradoras mujeres en la d\u00e9cada de 1920. En un movimiento audaz, Andr\u00e9 Citro\u00ebn, el fundador de la marca, dise\u00f1\u00f3 un veh\u00edculo m\u00e1s ligero en 1922. Dirigido espec\u00edficamente a las mujeres de la \u00e9poca que se sent\u00edan intimidadas por los autos pesados. Esta decisi\u00f3n marc\u00f3 el comienzo de una larga historia de inclusi\u00f3n en Citro\u00ebn.<\/p>\n<p>&nbsp;<\/p>\n<h2>Citro\u00ebn &#8211; el auto que cambi\u00f3 la historia de las mujeres<\/h2>\n<p>En 1922, Andr\u00e9 Citro\u00ebn present\u00f3 el Citro\u00ebn 5CV, apodado cari\u00f1osamente como el \u00abPetit Citron\u00bb, en el Sal\u00f3n del Autom\u00f3vil de Par\u00eds. En una \u00e9poca en la que los autom\u00f3viles estaban dise\u00f1ados principalmente para hombres, este modelo innovador abri\u00f3 nuevas posibilidades para las mujeres y para una generaci\u00f3n m\u00e1s joven que ansiaba tener su propio autom\u00f3vil. Ligero, \u00e1gil y f\u00e1cil de mantener, el 5CV se convirti\u00f3 en el primer autom\u00f3vil popular producido a gran escala en Europa, disponible en colores vivos y alegres.<\/p>\n<p>&nbsp;<\/p>\n<div id='gallery-1' class='gallery galleryid-5156 gallery-columns-2 gallery-size-full'><figure class='gallery-item'>\n\t\t\t<div class='gallery-icon landscape'>\n\t\t\t\t<a href='https:\/\/autofans.com.ar\/index.php\/2023\/09\/22\/citroen-pionero-en-la-inclusion-femenina\/foto-4-169\/'><img loading=\"lazy\" width=\"1000\" height=\"667\" src=\"https:\/\/autofans.com.ar\/wp-content\/uploads\/2023\/09\/foto-4-18.jpg\" class=\"attachment-full size-full\" alt=\"Citro\u00ebn\" srcset=\"https:\/\/autofans.com.ar\/wp-content\/uploads\/2023\/09\/foto-4-18.jpg 1000w, https:\/\/autofans.com.ar\/wp-content\/uploads\/2023\/09\/foto-4-18-300x200.jpg 300w, https:\/\/autofans.com.ar\/wp-content\/uploads\/2023\/09\/foto-4-18-768x512.jpg 768w\" sizes=\"auto, (max-width: 1000px) 100vw, 1000px\" loading=\"lazy\" decoding=\"async\" \/><\/a>\n\t\t\t<\/div><\/figure><figure class='gallery-item'>\n\t\t\t<div class='gallery-icon landscape'>\n\t\t\t\t<a href='https:\/\/autofans.com.ar\/index.php\/2023\/09\/22\/citroen-pionero-en-la-inclusion-femenina\/foto-2-307\/'><img loading=\"lazy\" width=\"1000\" height=\"667\" src=\"https:\/\/autofans.com.ar\/wp-content\/uploads\/2023\/09\/foto-2-35.jpg\" class=\"attachment-full size-full\" alt=\"Citro\u00ebn- dos\" srcset=\"https:\/\/autofans.com.ar\/wp-content\/uploads\/2023\/09\/foto-2-35.jpg 1000w, https:\/\/autofans.com.ar\/wp-content\/uploads\/2023\/09\/foto-2-35-300x200.jpg 300w, https:\/\/autofans.com.ar\/wp-content\/uploads\/2023\/09\/foto-2-35-768x512.jpg 768w\" sizes=\"auto, (max-width: 1000px) 100vw, 1000px\" loading=\"lazy\" decoding=\"async\" \/><\/a>\n\t\t\t<\/div><\/figure>\n\t\t<\/div>\n\n<p>&nbsp;<\/p>\n<p>A lo largo de la historia, Citro\u00ebn ha continuado su compromiso con las mujeres en el mundo del automovilismo. Un ejemplo reciente es el Nuevo Citro\u00ebn C5 X, que fue votado como el Mejor Auto Familiar 2023 en los premios \u00abWomen&#8217;s World Car of the Year Awards\u00bb. El jurado destac\u00f3 su excepcional comodidad, amplio espacio interior y dise\u00f1o atractivo. Esto lo convierte en una elecci\u00f3n popular entre las mujeres.<\/p>\n<p>&nbsp;<\/p>\n<h2>Empoderando a mujeres en 26 pa\u00edses<\/h2>\n<p>En el \u00e1mbito de la igualdad de g\u00e9nero, Stellantis, el grupo al que pertenece Citro\u00ebn, firm\u00f3 los Principios de Empoderamiento de las Mujeres de las Naciones Unidas (WEP), demostrando un compromiso global con la igualdad de g\u00e9nero. En 2022, m\u00e1s del 40% de las contrataciones en las plantas de Stellantis en Am\u00e9rica del Sur fueron mujeres.<\/p>\n<p>&nbsp;<\/p>\n<p><img fetchpriority=\"high\" decoding=\"async\" class=\"aligncenter wp-image-5160 size-full\" src=\"https:\/\/autofans.com.ar\/wp-content\/uploads\/2023\/09\/foto-3-28.jpg\" alt=\"\" width=\"1000\" height=\"667\" srcset=\"https:\/\/autofans.com.ar\/wp-content\/uploads\/2023\/09\/foto-3-28.jpg 1000w, https:\/\/autofans.com.ar\/wp-content\/uploads\/2023\/09\/foto-3-28-300x200.jpg 300w, https:\/\/autofans.com.ar\/wp-content\/uploads\/2023\/09\/foto-3-28-768x512.jpg 768w\" sizes=\"(max-width: 1000px) 100vw, 1000px\" \/><\/p>\n<p>&nbsp;<\/p>\n<p>La iniciativa \u00abWomen of Stellantis\u00bb fue creada hace dos a\u00f1os como el primer grupo de afinidad global de la compa\u00f1\u00eda dedicado a la Diversidad de G\u00e9nero. En Am\u00e9rica del Sur, este grupo est\u00e1 dirigido por Vanessa Castanho, vicepresidenta de Citro\u00ebn para Am\u00e9rica del Sur. Vanessa, la primera mujer en liderar la marca en el continente, supervisa las operaciones de Citro\u00ebn en varios pa\u00edses de la regi\u00f3n.<\/p>\n<p>Women of Stellantis, que ahora cuenta con miembros y aliados en 26 pa\u00edses, tiene como objetivo principal mejorar la representaci\u00f3n y el avance de las mujeres en la empresa. Brindando a las empleadas la oportunidad de participar activamente en las estrategias comerciales y de productos de la compa\u00f1\u00eda.<\/p>\n<p><a href=\"https:\/\/autofans.com.ar\/index.php\/2023\/08\/30\/nuevo-citroen-c3-aircross\/\" target=\"_blank\" rel=\"noopener\">La marca Citro\u00ebn<\/a>, ha demostrado que la inclusi\u00f3n y la igualdad de g\u00e9nero son fundamentales en la industria automotriz. Su legado de innovaci\u00f3n y apoyo a las mujeres contin\u00faa siendo una inspiraci\u00f3n para todos.<\/p>\n<p>&nbsp;<\/p>\n<p><i>Para enterarte de m\u00e1s novedades, no dejes de leer\u00a0<\/i><a href=\"https:\/\/autofans.thebrandsoup.com\/\"><i>nuestras notas<\/i><\/a><i>, de ver<\/i><b><i>\u00a0<\/i><\/b><a href=\"https:\/\/www.youtube.com\/channel\/UCgAC8UGHZYbT6P7PpmVnP7g\"><b><i>AUTOFANS TV<\/i><\/b><\/a><b><i>\u00a0<\/i><\/b><i>en nuestro\u00a0canal de Youtube. Adem\u00e1s seguinos en\u00a0<\/i><a href=\"https:\/\/www.instagram.com\/autofanstv\/\"><i>INSTAGRAM<\/i><\/a><i> y <\/i><a href=\"https:\/\/www.facebook.com\/autofansmas\/\"><i>FACEBOOK<\/i><\/a><i> para no perderte nada sobre las novedades del segmento automotor de Argentina y el mundo.<\/i><\/p>\n<p><i><span class=\"Apple-converted-space\">\u00a0<\/span><\/i><\/p>\n","protected":false},"excerpt":{"rendered":"<p>En una era en la que la industria automotriz estaba dominada por hombres, Citro\u00ebn se&#8230;<\/p>\n","protected":false},"author":2,"featured_media":5162,"comment_status":"closed","ping_status":"closed","sticky":false,"template":"","format":"standard","meta":{"footnotes":""},"categories":[3,16],"tags":[36,1571,1565,86,2585,37,2588,2587,2586],"class_list":["post-5156","post","type-post","status-publish","format-standard","has-post-thumbnail","hentry","category-autos","category-noticias","tag-citroen","tag-igualdad-de-genero","tag-inclusion","tag-industria-automotriz","tag-nuevo-citroen-c5-x","tag-stellantis","tag-vanessa-castanho","tag-women-of-stellantis","tag-womens-world-car-of-the-year-awards"],"yoast_head":"<!-- This site is optimized with the Yoast SEO plugin v27.5 - https:\/\/yoast.com\/product\/yoast-seo-wordpress\/ -->\n<title>Citro\u00ebn - pionero en la inclusi\u00f3n femenina -<\/title>\n<meta name=\"description\" content=\"Citro\u00ebn se destac\u00f3 como una marca verdaderamente disruptiva al otorgar derechos a sus colaboradoras mujeres en la d\u00e9cada de 1920.\" \/>\n<meta name=\"robots\" content=\"index, follow, max-snippet:-1, max-image-preview:large, max-video-preview:-1\" \/>\n<link rel=\"canonical\" href=\"https:\/\/autofans.com.ar\/index.php\/2023\/09\/22\/citroen-pionero-en-la-inclusion-femenina\/\" \/>\n<meta property=\"og:locale\" content=\"es_ES\" \/>\n<meta property=\"og:type\" content=\"article\" \/>\n<meta property=\"og:title\" content=\"Citro\u00ebn - pionero en la inclusi\u00f3n femenina -\" \/>\n<meta property=\"og:description\" content=\"Citro\u00ebn se destac\u00f3 como una marca verdaderamente disruptiva al otorgar derechos a sus colaboradoras mujeres en la d\u00e9cada de 1920.\" \/>\n<meta property=\"og:url\" content=\"https:\/\/autofans.com.ar\/index.php\/2023\/09\/22\/citroen-pionero-en-la-inclusion-femenina\/\" \/>\n<meta property=\"article:published_time\" content=\"2023-09-22T16:58:18+00:00\" \/>\n<meta property=\"og:image\" content=\"https:\/\/autofans.com.ar\/wp-content\/uploads\/2023\/09\/foto-1-38.jpg\" \/>\n\t<meta property=\"og:image:width\" content=\"1000\" \/>\n\t<meta property=\"og:image:height\" content=\"667\" \/>\n\t<meta property=\"og:image:type\" content=\"image\/jpeg\" \/>\n<meta name=\"author\" content=\"Alejandro Gabriel Rosito\" \/>\n<meta name=\"twitter:card\" content=\"summary_large_image\" \/>\n<meta name=\"twitter:label1\" content=\"Escrito por\" \/>\n\t<meta name=\"twitter:data1\" content=\"Alejandro Gabriel Rosito\" \/>\n\t<meta name=\"twitter:label2\" content=\"Tiempo de lectura\" \/>\n\t<meta name=\"twitter:data2\" content=\"3 minutos\" \/>\n<script type=\"application\/ld+json\" class=\"yoast-schema-graph\">{\"@context\":\"https:\\\/\\\/schema.org\",\"@graph\":[{\"@type\":\"Article\",\"@id\":\"https:\\\/\\\/autofans.com.ar\\\/index.php\\\/2023\\\/09\\\/22\\\/citroen-pionero-en-la-inclusion-femenina\\\/#article\",\"isPartOf\":{\"@id\":\"https:\\\/\\\/autofans.com.ar\\\/index.php\\\/2023\\\/09\\\/22\\\/citroen-pionero-en-la-inclusion-femenina\\\/\"},\"author\":{\"name\":\"Alejandro Gabriel Rosito\",\"@id\":\"https:\\\/\\\/autofans.com.ar\\\/#\\\/schema\\\/person\\\/4a8dda0b6df83ac3d6723e921274c2aa\"},\"headline\":\"Citro\u00ebn &#8211; pionero en la inclusi\u00f3n femenina\",\"datePublished\":\"2023-09-22T16:58:18+00:00\",\"mainEntityOfPage\":{\"@id\":\"https:\\\/\\\/autofans.com.ar\\\/index.php\\\/2023\\\/09\\\/22\\\/citroen-pionero-en-la-inclusion-femenina\\\/\"},\"wordCount\":561,\"image\":{\"@id\":\"https:\\\/\\\/autofans.com.ar\\\/index.php\\\/2023\\\/09\\\/22\\\/citroen-pionero-en-la-inclusion-femenina\\\/#primaryimage\"},\"thumbnailUrl\":\"https:\\\/\\\/autofans.com.ar\\\/wp-content\\\/uploads\\\/2023\\\/09\\\/foto-1-38.jpg\",\"keywords\":[\"Citroen\",\"igualdad de g\u00e9nero\",\"inclusi\u00f3n\",\"Industria Automotriz\",\"Nuevo Citro\u00ebn C5 X\",\"Stellantis\",\"Vanessa Castanho\",\"Women of Stellantis\",\"Women's World Car of the Year Awards\"],\"articleSection\":[\"AUTOS y SUV\",\"NOTICIAS\"],\"inLanguage\":\"es\"},{\"@type\":\"WebPage\",\"@id\":\"https:\\\/\\\/autofans.com.ar\\\/index.php\\\/2023\\\/09\\\/22\\\/citroen-pionero-en-la-inclusion-femenina\\\/\",\"url\":\"https:\\\/\\\/autofans.com.ar\\\/index.php\\\/2023\\\/09\\\/22\\\/citroen-pionero-en-la-inclusion-femenina\\\/\",\"name\":\"Citro\u00ebn - pionero en la inclusi\u00f3n femenina -\",\"isPartOf\":{\"@id\":\"https:\\\/\\\/autofans.com.ar\\\/#website\"},\"primaryImageOfPage\":{\"@id\":\"https:\\\/\\\/autofans.com.ar\\\/index.php\\\/2023\\\/09\\\/22\\\/citroen-pionero-en-la-inclusion-femenina\\\/#primaryimage\"},\"image\":{\"@id\":\"https:\\\/\\\/autofans.com.ar\\\/index.php\\\/2023\\\/09\\\/22\\\/citroen-pionero-en-la-inclusion-femenina\\\/#primaryimage\"},\"thumbnailUrl\":\"https:\\\/\\\/autofans.com.ar\\\/wp-content\\\/uploads\\\/2023\\\/09\\\/foto-1-38.jpg\",\"datePublished\":\"2023-09-22T16:58:18+00:00\",\"author\":{\"@id\":\"https:\\\/\\\/autofans.com.ar\\\/#\\\/schema\\\/person\\\/4a8dda0b6df83ac3d6723e921274c2aa\"},\"description\":\"Citro\u00ebn se destac\u00f3 como una marca verdaderamente disruptiva al otorgar derechos a sus colaboradoras mujeres en la d\u00e9cada de 1920.\",\"breadcrumb\":{\"@id\":\"https:\\\/\\\/autofans.com.ar\\\/index.php\\\/2023\\\/09\\\/22\\\/citroen-pionero-en-la-inclusion-femenina\\\/#breadcrumb\"},\"inLanguage\":\"es\",\"potentialAction\":[{\"@type\":\"ReadAction\",\"target\":[\"https:\\\/\\\/autofans.com.ar\\\/index.php\\\/2023\\\/09\\\/22\\\/citroen-pionero-en-la-inclusion-femenina\\\/\"]}]},{\"@type\":\"ImageObject\",\"inLanguage\":\"es\",\"@id\":\"https:\\\/\\\/autofans.com.ar\\\/index.php\\\/2023\\\/09\\\/22\\\/citroen-pionero-en-la-inclusion-femenina\\\/#primaryimage\",\"url\":\"https:\\\/\\\/autofans.com.ar\\\/wp-content\\\/uploads\\\/2023\\\/09\\\/foto-1-38.jpg\",\"contentUrl\":\"https:\\\/\\\/autofans.com.ar\\\/wp-content\\\/uploads\\\/2023\\\/09\\\/foto-1-38.jpg\",\"width\":1000,\"height\":667,\"caption\":\"Citro\u00ebn- dos\"},{\"@type\":\"BreadcrumbList\",\"@id\":\"https:\\\/\\\/autofans.com.ar\\\/index.php\\\/2023\\\/09\\\/22\\\/citroen-pionero-en-la-inclusion-femenina\\\/#breadcrumb\",\"itemListElement\":[{\"@type\":\"ListItem\",\"position\":1,\"name\":\"Inicio\",\"item\":\"https:\\\/\\\/autofans.com.ar\\\/\"},{\"@type\":\"ListItem\",\"position\":2,\"name\":\"Citro\u00ebn &#8211; pionero en la inclusi\u00f3n femenina\"}]},{\"@type\":\"WebSite\",\"@id\":\"https:\\\/\\\/autofans.com.ar\\\/#website\",\"url\":\"https:\\\/\\\/autofans.com.ar\\\/\",\"name\":\"\",\"description\":\"El multimedio referente de la industria automotriz\",\"potentialAction\":[{\"@type\":\"SearchAction\",\"target\":{\"@type\":\"EntryPoint\",\"urlTemplate\":\"https:\\\/\\\/autofans.com.ar\\\/?s={search_term_string}\"},\"query-input\":{\"@type\":\"PropertyValueSpecification\",\"valueRequired\":true,\"valueName\":\"search_term_string\"}}],\"inLanguage\":\"es\"},{\"@type\":\"Person\",\"@id\":\"https:\\\/\\\/autofans.com.ar\\\/#\\\/schema\\\/person\\\/4a8dda0b6df83ac3d6723e921274c2aa\",\"name\":\"Alejandro Gabriel Rosito\",\"image\":{\"@type\":\"ImageObject\",\"inLanguage\":\"es\",\"@id\":\"https:\\\/\\\/secure.gravatar.com\\\/avatar\\\/16c5dda1489adfc62618084dcbb91cffd879c374b13fe5dd8e44ed6733852c88?s=96&d=mm&r=g\",\"url\":\"https:\\\/\\\/secure.gravatar.com\\\/avatar\\\/16c5dda1489adfc62618084dcbb91cffd879c374b13fe5dd8e44ed6733852c88?s=96&d=mm&r=g\",\"contentUrl\":\"https:\\\/\\\/secure.gravatar.com\\\/avatar\\\/16c5dda1489adfc62618084dcbb91cffd879c374b13fe5dd8e44ed6733852c88?s=96&d=mm&r=g\",\"caption\":\"Alejandro Gabriel Rosito\"},\"url\":\"https:\\\/\\\/autofans.com.ar\\\/index.php\\\/author\\\/gabrielr\\\/\"}]}<\/script>\n<!-- \/ Yoast SEO plugin. -->","yoast_head_json":{"title":"Citro\u00ebn - pionero en la inclusi\u00f3n femenina -","description":"Citro\u00ebn se destac\u00f3 como una marca verdaderamente disruptiva al otorgar derechos a sus colaboradoras mujeres en la d\u00e9cada de 1920.","robots":{"index":"index","follow":"follow","max-snippet":"max-snippet:-1","max-image-preview":"max-image-preview:large","max-video-preview":"max-video-preview:-1"},"canonical":"https:\/\/autofans.com.ar\/index.php\/2023\/09\/22\/citroen-pionero-en-la-inclusion-femenina\/","og_locale":"es_ES","og_type":"article","og_title":"Citro\u00ebn - pionero en la inclusi\u00f3n femenina -","og_description":"Citro\u00ebn se destac\u00f3 como una marca verdaderamente disruptiva al otorgar derechos a sus colaboradoras mujeres en la d\u00e9cada de 1920.","og_url":"https:\/\/autofans.com.ar\/index.php\/2023\/09\/22\/citroen-pionero-en-la-inclusion-femenina\/","article_published_time":"2023-09-22T16:58:18+00:00","og_image":[{"width":1000,"height":667,"url":"https:\/\/autofans.com.ar\/wp-content\/uploads\/2023\/09\/foto-1-38.jpg","type":"image\/jpeg"}],"author":"Alejandro Gabriel Rosito","twitter_card":"summary_large_image","twitter_misc":{"Escrito por":"Alejandro Gabriel Rosito","Tiempo de lectura":"3 minutos"},"schema":{"@context":"https:\/\/schema.org","@graph":[{"@type":"Article","@id":"https:\/\/autofans.com.ar\/index.php\/2023\/09\/22\/citroen-pionero-en-la-inclusion-femenina\/#article","isPartOf":{"@id":"https:\/\/autofans.com.ar\/index.php\/2023\/09\/22\/citroen-pionero-en-la-inclusion-femenina\/"},"author":{"name":"Alejandro Gabriel Rosito","@id":"https:\/\/autofans.com.ar\/#\/schema\/person\/4a8dda0b6df83ac3d6723e921274c2aa"},"headline":"Citro\u00ebn &#8211; pionero en la inclusi\u00f3n femenina","datePublished":"2023-09-22T16:58:18+00:00","mainEntityOfPage":{"@id":"https:\/\/autofans.com.ar\/index.php\/2023\/09\/22\/citroen-pionero-en-la-inclusion-femenina\/"},"wordCount":561,"image":{"@id":"https:\/\/autofans.com.ar\/index.php\/2023\/09\/22\/citroen-pionero-en-la-inclusion-femenina\/#primaryimage"},"thumbnailUrl":"https:\/\/autofans.com.ar\/wp-content\/uploads\/2023\/09\/foto-1-38.jpg","keywords":["Citroen","igualdad de g\u00e9nero","inclusi\u00f3n","Industria Automotriz","Nuevo Citro\u00ebn C5 X","Stellantis","Vanessa Castanho","Women of Stellantis","Women's World Car of the Year Awards"],"articleSection":["AUTOS y SUV","NOTICIAS"],"inLanguage":"es"},{"@type":"WebPage","@id":"https:\/\/autofans.com.ar\/index.php\/2023\/09\/22\/citroen-pionero-en-la-inclusion-femenina\/","url":"https:\/\/autofans.com.ar\/index.php\/2023\/09\/22\/citroen-pionero-en-la-inclusion-femenina\/","name":"Citro\u00ebn - pionero en la inclusi\u00f3n femenina -","isPartOf":{"@id":"https:\/\/autofans.com.ar\/#website"},"primaryImageOfPage":{"@id":"https:\/\/autofans.com.ar\/index.php\/2023\/09\/22\/citroen-pionero-en-la-inclusion-femenina\/#primaryimage"},"image":{"@id":"https:\/\/autofans.com.ar\/index.php\/2023\/09\/22\/citroen-pionero-en-la-inclusion-femenina\/#primaryimage"},"thumbnailUrl":"https:\/\/autofans.com.ar\/wp-content\/uploads\/2023\/09\/foto-1-38.jpg","datePublished":"2023-09-22T16:58:18+00:00","author":{"@id":"https:\/\/autofans.com.ar\/#\/schema\/person\/4a8dda0b6df83ac3d6723e921274c2aa"},"description":"Citro\u00ebn se destac\u00f3 como una marca verdaderamente disruptiva al otorgar derechos a sus colaboradoras mujeres en la d\u00e9cada de 1920.","breadcrumb":{"@id":"https:\/\/autofans.com.ar\/index.php\/2023\/09\/22\/citroen-pionero-en-la-inclusion-femenina\/#breadcrumb"},"inLanguage":"es","potentialAction":[{"@type":"ReadAction","target":["https:\/\/autofans.com.ar\/index.php\/2023\/09\/22\/citroen-pionero-en-la-inclusion-femenina\/"]}]},{"@type":"ImageObject","inLanguage":"es","@id":"https:\/\/autofans.com.ar\/index.php\/2023\/09\/22\/citroen-pionero-en-la-inclusion-femenina\/#primaryimage","url":"https:\/\/autofans.com.ar\/wp-content\/uploads\/2023\/09\/foto-1-38.jpg","contentUrl":"https:\/\/autofans.com.ar\/wp-content\/uploads\/2023\/09\/foto-1-38.jpg","width":1000,"height":667,"caption":"Citro\u00ebn- dos"},{"@type":"BreadcrumbList","@id":"https:\/\/autofans.com.ar\/index.php\/2023\/09\/22\/citroen-pionero-en-la-inclusion-femenina\/#breadcrumb","itemListElement":[{"@type":"ListItem","position":1,"name":"Inicio","item":"https:\/\/autofans.com.ar\/"},{"@type":"ListItem","position":2,"name":"Citro\u00ebn &#8211; pionero en la inclusi\u00f3n femenina"}]},{"@type":"WebSite","@id":"https:\/\/autofans.com.ar\/#website","url":"https:\/\/autofans.com.ar\/","name":"","description":"El multimedio referente de la industria automotriz","potentialAction":[{"@type":"SearchAction","target":{"@type":"EntryPoint","urlTemplate":"https:\/\/autofans.com.ar\/?s={search_term_string}"},"query-input":{"@type":"PropertyValueSpecification","valueRequired":true,"valueName":"search_term_string"}}],"inLanguage":"es"},{"@type":"Person","@id":"https:\/\/autofans.com.ar\/#\/schema\/person\/4a8dda0b6df83ac3d6723e921274c2aa","name":"Alejandro Gabriel Rosito","image":{"@type":"ImageObject","inLanguage":"es","@id":"https:\/\/secure.gravatar.com\/avatar\/16c5dda1489adfc62618084dcbb91cffd879c374b13fe5dd8e44ed6733852c88?s=96&d=mm&r=g","url":"https:\/\/secure.gravatar.com\/avatar\/16c5dda1489adfc62618084dcbb91cffd879c374b13fe5dd8e44ed6733852c88?s=96&d=mm&r=g","contentUrl":"https:\/\/secure.gravatar.com\/avatar\/16c5dda1489adfc62618084dcbb91cffd879c374b13fe5dd8e44ed6733852c88?s=96&d=mm&r=g","caption":"Alejandro Gabriel Rosito"},"url":"https:\/\/autofans.com.ar\/index.php\/author\/gabrielr\/"}]}},"featured_image_urls":{"full":["https:\/\/autofans.com.ar\/wp-content\/uploads\/2023\/09\/foto-1-38.jpg",1000,667,false],"thumbnail":["https:\/\/autofans.com.ar\/wp-content\/uploads\/2023\/09\/foto-1-38-150x150.jpg",150,150,true],"medium":["https:\/\/autofans.com.ar\/wp-content\/uploads\/2023\/09\/foto-1-38-300x200.jpg",300,200,true],"medium_large":["https:\/\/autofans.com.ar\/wp-content\/uploads\/2023\/09\/foto-1-38-768x512.jpg",640,427,true],"large":["https:\/\/autofans.com.ar\/wp-content\/uploads\/2023\/09\/foto-1-38.jpg",640,427,false],"1536x1536":["https:\/\/autofans.com.ar\/wp-content\/uploads\/2023\/09\/foto-1-38.jpg",1000,667,false],"2048x2048":["https:\/\/autofans.com.ar\/wp-content\/uploads\/2023\/09\/foto-1-38.jpg",1000,667,false],"covernews-featured":["https:\/\/autofans.com.ar\/wp-content\/uploads\/2023\/09\/foto-1-38.jpg",1000,667,false],"covernews-medium":["https:\/\/autofans.com.ar\/wp-content\/uploads\/2023\/09\/foto-1-38-540x340.jpg",540,340,true]},"author_info":{"display_name":"Alejandro Gabriel Rosito","author_link":"https:\/\/autofans.com.ar\/index.php\/author\/gabrielr\/"},"category_info":"<a href=\"https:\/\/autofans.com.ar\/index.php\/category\/noticias\/autos\/\" rel=\"category tag\">AUTOS y SUV<\/a> <a href=\"https:\/\/autofans.com.ar\/index.php\/category\/noticias\/\" rel=\"category tag\">NOTICIAS<\/a>","tag_info":"NOTICIAS","comment_count":0,"_links":{"self":[{"href":"https:\/\/autofans.com.ar\/index.php\/wp-json\/wp\/v2\/posts\/5156","targetHints":{"allow":["GET"]}}],"collection":[{"href":"https:\/\/autofans.com.ar\/index.php\/wp-json\/wp\/v2\/posts"}],"about":[{"href":"https:\/\/autofans.com.ar\/index.php\/wp-json\/wp\/v2\/types\/post"}],"author":[{"embeddable":true,"href":"https:\/\/autofans.com.ar\/index.php\/wp-json\/wp\/v2\/users\/2"}],"replies":[{"embeddable":true,"href":"https:\/\/autofans.com.ar\/index.php\/wp-json\/wp\/v2\/comments?post=5156"}],"version-history":[{"count":4,"href":"https:\/\/autofans.com.ar\/index.php\/wp-json\/wp\/v2\/posts\/5156\/revisions"}],"predecessor-version":[{"id":5165,"href":"https:\/\/autofans.com.ar\/index.php\/wp-json\/wp\/v2\/posts\/5156\/revisions\/5165"}],"wp:featuredmedia":[{"embeddable":true,"href":"https:\/\/autofans.com.ar\/index.php\/wp-json\/wp\/v2\/media\/5162"}],"wp:attachment":[{"href":"https:\/\/autofans.com.ar\/index.php\/wp-json\/wp\/v2\/media?parent=5156"}],"wp:term":[{"taxonomy":"category","embeddable":true,"href":"https:\/\/autofans.com.ar\/index.php\/wp-json\/wp\/v2\/categories?post=5156"},{"taxonomy":"post_tag","embeddable":true,"href":"https:\/\/autofans.com.ar\/index.php\/wp-json\/wp\/v2\/tags?post=5156"}],"curies":[{"name":"wp","href":"https:\/\/api.w.org\/{rel}","templated":true}]}}