{"id":5215,"date":"2023-09-26T13:39:29","date_gmt":"2023-09-26T16:39:29","guid":{"rendered":"https:\/\/autofans.com.ar\/?p=5215"},"modified":"2023-09-26T13:39:29","modified_gmt":"2023-09-26T16:39:29","slug":"iveco-revoluciona-la-movilidad-sustentable","status":"publish","type":"post","link":"https:\/\/autofans.com.ar\/index.php\/2023\/09\/26\/iveco-revoluciona-la-movilidad-sustentable\/","title":{"rendered":"IVECO revoluciona la movilidad sustentable"},"content":{"rendered":"<p>IVECO marca presencia por quinto a\u00f1o consecutivo en la Semana de la Movilidad Sustentable, destacando avances en veh\u00edculos ecoamigables y pr\u00e1cticas de producci\u00f3n cero emisiones. Conoce c\u00f3mo lideran el cambio hacia un transporte m\u00e1s sostenible. En un esfuerzo constante por impulsar la movilidad sustentable y reducir la huella de carbono, IVECO contin\u00faa innovando en la fabricaci\u00f3n de veh\u00edculos propulsados por energ\u00edas renovables. Este compromiso no se limita \u00fanicamente a la creaci\u00f3n de veh\u00edculos ecoamigables, sino que tambi\u00e9n abarca un enfoque revolucionario en el proceso de producci\u00f3n. Por quinto a\u00f1o consecutivo, IVECO se destaca en la Semana de la Movilidad Sustentable con propuestas que apuntan hacia las cero emisiones.<\/p>\n<blockquote>\n<p style=\"text-align: center;\">\u201cEn el caso de IVECO la sustentabilidad es algo que venimos trabajando desde hace muchos a\u00f1os y hoy por hoy se convirti\u00f3 en un eje transversal a toda nuestra organizaci\u00f3n. Con el principal foco en disminuci\u00f3n de gases contaminantes, impulsamos el desarrollo de veh\u00edculos a gas natural y tambi\u00e9n, avanzamos en el uso de un modelo circular de producci\u00f3n, donde los residuos se convierten en recursos mediante la metodolog\u00eda de las 5R: rechazar, reducir, reutilizar, reciclar y recuperar\u201d, expres\u00f3 Santos Doncel Jones, presidente de Iveco Group Argentina.<\/p>\n<\/blockquote>\n<h2>Avances en veh\u00edculos sustentables<\/h2>\n<p>IVECO, parte de Iveco Group, se sum\u00f3 a la Semana de la Movilidad Sustentable en 2019 con la presentaci\u00f3n del Tector a GNC, el primer cami\u00f3n impulsado por un combustible alternativo homologado para su fabricaci\u00f3n en Argentina. Este hito coincidi\u00f3 con la celebraci\u00f3n de los 50 a\u00f1os de producci\u00f3n en el pa\u00eds y el lanzamiento de Natural Power, una gama de productos alimentados por energ\u00edas limpias. La adici\u00f3n m\u00e1s reciente a esta l\u00ednea es el Bus 170G21, que se une a los exitosos modelos Stralis y Daily.<\/p>\n<p>&nbsp;<\/p>\n<p><img fetchpriority=\"high\" decoding=\"async\" class=\"aligncenter wp-image-5217 size-full\" src=\"https:\/\/autofans.com.ar\/wp-content\/uploads\/2023\/09\/foto-4-21.jpg\" alt=\"IVECO\" width=\"1000\" height=\"667\" srcset=\"https:\/\/autofans.com.ar\/wp-content\/uploads\/2023\/09\/foto-4-21.jpg 1000w, https:\/\/autofans.com.ar\/wp-content\/uploads\/2023\/09\/foto-4-21-300x200.jpg 300w, https:\/\/autofans.com.ar\/wp-content\/uploads\/2023\/09\/foto-4-21-768x512.jpg 768w\" sizes=\"(max-width: 1000px) 100vw, 1000px\" \/><\/p>\n<p>&nbsp;<\/p>\n<p>Este a\u00f1o marca el inicio de la comercializaci\u00f3n del chasis del Bus a GNC, con veh\u00edculos que ya realizan pruebas en diversas ciudades. En Neuqu\u00e9n, por ejemplo, se ha presentado la propuesta de buses impulsados a gas para el servicio p\u00fablico de pasajeros, con el objetivo de mitigar el cambio clim\u00e1tico, reducir el ruido y mejorar la eficiencia operativa, al mismo tiempo que se disminuyen los costos operativos. Adem\u00e1s, algunas unidades del modelo 170G21 est\u00e1n en proceso de exportaci\u00f3n y pronto circular\u00e1n por las calles de Per\u00fa.<\/p>\n<div dir=\"ltr\">\n<blockquote>\n<p style=\"text-align: center;\">\u201cNatural Power tuvo un importante crecimiento en los \u00faltimos a\u00f1os, no s\u00f3lo en relaci\u00f3n a la incorporaci\u00f3n de nuevos equipos a la gama sino tambi\u00e9n, a la recepci\u00f3n por parte de los transportistas, lo que se traduce en mayor circulaci\u00f3n de veh\u00edculos en las calles y rutas del pa\u00eds para lograr una movilidad cada vez m\u00e1s sostenible. Estamos muy satisfechos con esta evoluci\u00f3n\u201d, coment\u00f3 Francisco Spasaro, Director Comercial de IVECO Argentina.<\/p>\n<\/blockquote>\n<\/div>\n<h2>IVECO &#8211; revolucionando la producci\u00f3n<\/h2>\n<p>IVECO tambi\u00e9n est\u00e1 cambiando la forma en que se produce. Durante septiembre, la compa\u00f1\u00eda recibi\u00f3 su primer lote de piezas de cami\u00f3n fabricadas con material reciclado. Este proyecto, impulsado por el Comit\u00e9 interno de Sustentabilidad de Iveco Group, tiene como objetivo reducir los desechos en la planta mediante la reutilizaci\u00f3n de materiales. El resultado es la creaci\u00f3n del escurridero, una pieza permanente que fija el sistema de frenos de la rueda con el extremo del eje. Este proceso utiliza virutas generadas en el mecanizado del motor, transform\u00e1ndolas en briquetas en la Isla Ecol\u00f3gica. Luego, las briquetas se env\u00edan a FUNDICI\u00d3N API, socio de la compa\u00f1\u00eda, para la fundici\u00f3n y conversi\u00f3n en el escurridero.<\/p>\n<p>&nbsp;<\/p>\n<div id='gallery-1' class='gallery galleryid-5215 gallery-columns-2 gallery-size-full'><figure class='gallery-item'>\n\t\t\t<div class='gallery-icon landscape'>\n\t\t\t\t<a href='https:\/\/autofans.com.ar\/index.php\/2023\/09\/26\/iveco-revoluciona-la-movilidad-sustentable\/foto-2-312\/'><img loading=\"lazy\" width=\"1000\" height=\"667\" src=\"https:\/\/autofans.com.ar\/wp-content\/uploads\/2023\/09\/foto-2-40.jpg\" class=\"attachment-full size-full\" alt=\"Group\" srcset=\"https:\/\/autofans.com.ar\/wp-content\/uploads\/2023\/09\/foto-2-40.jpg 1000w, https:\/\/autofans.com.ar\/wp-content\/uploads\/2023\/09\/foto-2-40-300x200.jpg 300w, https:\/\/autofans.com.ar\/wp-content\/uploads\/2023\/09\/foto-2-40-768x512.jpg 768w\" sizes=\"auto, (max-width: 1000px) 100vw, 1000px\" loading=\"lazy\" decoding=\"async\" \/><\/a>\n\t\t\t<\/div><\/figure><figure class='gallery-item'>\n\t\t\t<div class='gallery-icon landscape'>\n\t\t\t\t<a href='https:\/\/autofans.com.ar\/index.php\/2023\/09\/26\/iveco-revoluciona-la-movilidad-sustentable\/foto-3-260\/'><img loading=\"lazy\" width=\"1000\" height=\"667\" src=\"https:\/\/autofans.com.ar\/wp-content\/uploads\/2023\/09\/foto-3-32.jpg\" class=\"attachment-full size-full\" alt=\"Group\" srcset=\"https:\/\/autofans.com.ar\/wp-content\/uploads\/2023\/09\/foto-3-32.jpg 1000w, https:\/\/autofans.com.ar\/wp-content\/uploads\/2023\/09\/foto-3-32-300x200.jpg 300w, https:\/\/autofans.com.ar\/wp-content\/uploads\/2023\/09\/foto-3-32-768x512.jpg 768w\" sizes=\"auto, (max-width: 1000px) 100vw, 1000px\" loading=\"lazy\" decoding=\"async\" \/><\/a>\n\t\t\t<\/div><\/figure>\n\t\t<\/div>\n\n<p>&nbsp;<\/p>\n<p>Esta iniciativa reduce los costos, minimiza el impacto ambiental y disminuye los residuos generados en la producci\u00f3n de camiones. Se estima que semanalmente se env\u00eden aproximadamente 19 toneladas de briquetas para fundici\u00f3n, contribuyendo significativamente a la sostenibilidad ambiental.<\/p>\n<div dir=\"ltr\">\n<blockquote>\n<p style=\"text-align: center;\">\u201cCon este proyecto volvemos al circuito productivo todo el desperdicio de viruta generado en el mecanizado de los motores. Este \u2018desecho\u2019 deja de serlo para convertirse en una pieza permanente para el cami\u00f3n. El escurridero es parte de una serie part number que estamos trabajando en conjunto con las \u00e1reas de Compras y el cl\u00faster de econom\u00eda circular\u201d, coment\u00f3 Lorena Eberhardt, Coordinadora de Medio Ambiente de Iveco Group Argentina.<\/p>\n<\/blockquote>\n<\/div>\n<h2>Acciones a largo plazo<\/h2>\n<p>IVECO no solo est\u00e1 revolucionando la producci\u00f3n, sino tambi\u00e9n contribuyendo a la reforestaci\u00f3n en \u00e1reas afectadas por incendios. Colaboradores de la empresa han participado en la plantaci\u00f3n de \u00e1rboles aut\u00f3ctonos en La Calera, donde se han plantado 275 \u00e1rboles de las especies Molle, Tala y Algarrobo Blanco. Estos \u00e1rboles no solo purifican el aire al transformar el di\u00f3xido de carbono, sino que tambi\u00e9n ayudan a prevenir inundaciones, regulan el clima y evitan la erosi\u00f3n.<\/p>\n<p>&nbsp;<\/p>\n<p><img decoding=\"async\" class=\"aligncenter wp-image-5220 size-full\" src=\"https:\/\/autofans.com.ar\/wp-content\/uploads\/2023\/09\/foto-1-43.jpg\" alt=\"Iveco Group\" width=\"1000\" height=\"667\" srcset=\"https:\/\/autofans.com.ar\/wp-content\/uploads\/2023\/09\/foto-1-43.jpg 1000w, https:\/\/autofans.com.ar\/wp-content\/uploads\/2023\/09\/foto-1-43-300x200.jpg 300w, https:\/\/autofans.com.ar\/wp-content\/uploads\/2023\/09\/foto-1-43-768x512.jpg 768w\" sizes=\"(max-width: 1000px) 100vw, 1000px\" \/><\/p>\n<p>&nbsp;<\/p>\n<p>IVECO demuestra su compromiso con la sustentabilidad, no solo a corto plazo, sino tambi\u00e9n a trav\u00e9s de acciones continuas que impactan positivamente en el medio ambiente y la movilidad sustentable.<\/p>\n<div dir=\"ltr\">\n<blockquote>\n<p style=\"text-align: center;\">\u201cDecimos que somos una marca comprometida con el cuidado del ambiente y lo mostramos a trav\u00e9s de estas acciones. Claro que la fabricaci\u00f3n de veh\u00edculos con energ\u00edas limpias es una prioridad para nosotros, pero creemos importante que todo el proceso de esta producci\u00f3n sea amigable con el planeta tambi\u00e9n\u201d, concluy\u00f3 el presidente de Iveco Group Argentina.<\/p>\n<\/blockquote>\n<\/div>\n<p>&nbsp;<\/p>\n<p>&nbsp;<\/p>\n<p><i>Para enterarte de m\u00e1s novedades, no dejes de leer\u00a0<\/i><a href=\"https:\/\/autofans.thebrandsoup.com\/\"><i>nuestras notas<\/i><\/a><i>, de ver<\/i><b><i>\u00a0<\/i><\/b><a href=\"https:\/\/www.youtube.com\/channel\/UCgAC8UGHZYbT6P7PpmVnP7g\"><b><i>AUTOFANS TV<\/i><\/b><\/a><b><i>\u00a0<\/i><\/b><i>en nuestro\u00a0canal de Youtube. Adem\u00e1s seguinos en\u00a0<\/i><a href=\"https:\/\/www.instagram.com\/autofanstv\/\"><i>INSTAGRAM<\/i><\/a><i> y <\/i><a href=\"https:\/\/www.facebook.com\/autofansmas\/\"><i>FACEBOOK<\/i><\/a><i> para no perderte nada sobre las novedades del segmento automotor de Argentina y el mundo.<\/i><\/p>\n<p><i><span class=\"Apple-converted-space\">\u00a0<\/span><\/i><\/p>\n","protected":false},"excerpt":{"rendered":"<p>IVECO marca presencia por quinto a\u00f1o consecutivo en la Semana de la Movilidad Sustentable, destacando&#8230;<\/p>\n","protected":false},"author":2,"featured_media":5216,"comment_status":"closed","ping_status":"closed","sticky":false,"template":"","format":"standard","meta":{"footnotes":""},"categories":[341,16],"tags":[2210,654,1460,2610,2611,2612,513,2609],"class_list":["post-5215","post","type-post","status-publish","format-standard","has-post-thumbnail","hentry","category-hibridos-y-electricos","category-noticias","tag-innovacion-en-transporte","tag-iveco","tag-movilidad-sustentable","tag-produccion-sostenible","tag-reduccion-de-huella-de-carbono","tag-semana-de-la-movilidad-sustentable","tag-sustentabilidad","tag-vehiculos-ecoamigables"],"yoast_head":"<!-- This site is optimized with the Yoast SEO plugin v27.5 - https:\/\/yoast.com\/product\/yoast-seo-wordpress\/ -->\n<title>IVECO revoluciona la movilidad sustentable -<\/title>\n<meta name=\"description\" content=\"IVECO marca presencia por quinto a\u00f1o consecutivo en la Semana de la Movilidad Sustentable, destacando avances en veh\u00edculos ecoamigables...\" \/>\n<meta name=\"robots\" content=\"index, follow, max-snippet:-1, max-image-preview:large, max-video-preview:-1\" \/>\n<link rel=\"canonical\" href=\"https:\/\/autofans.com.ar\/index.php\/2023\/09\/26\/iveco-revoluciona-la-movilidad-sustentable\/\" \/>\n<meta property=\"og:locale\" content=\"es_ES\" \/>\n<meta property=\"og:type\" content=\"article\" \/>\n<meta property=\"og:title\" content=\"IVECO revoluciona la movilidad sustentable -\" \/>\n<meta property=\"og:description\" content=\"IVECO marca presencia por quinto a\u00f1o consecutivo en la Semana de la Movilidad Sustentable, destacando avances en veh\u00edculos ecoamigables...\" \/>\n<meta property=\"og:url\" content=\"https:\/\/autofans.com.ar\/index.php\/2023\/09\/26\/iveco-revoluciona-la-movilidad-sustentable\/\" \/>\n<meta property=\"article:published_time\" content=\"2023-09-26T16:39:29+00:00\" \/>\n<meta property=\"og:image\" content=\"https:\/\/autofans.com.ar\/wp-content\/uploads\/2023\/09\/foto-5-13.jpg\" \/>\n\t<meta property=\"og:image:width\" content=\"1000\" \/>\n\t<meta property=\"og:image:height\" content=\"667\" \/>\n\t<meta property=\"og:image:type\" content=\"image\/jpeg\" \/>\n<meta name=\"author\" content=\"Alejandro Gabriel Rosito\" \/>\n<meta name=\"twitter:card\" content=\"summary_large_image\" \/>\n<meta name=\"twitter:label1\" content=\"Escrito por\" \/>\n\t<meta name=\"twitter:data1\" content=\"Alejandro Gabriel Rosito\" \/>\n\t<meta name=\"twitter:label2\" content=\"Tiempo de lectura\" \/>\n\t<meta name=\"twitter:data2\" content=\"4 minutos\" \/>\n<script type=\"application\/ld+json\" class=\"yoast-schema-graph\">{\"@context\":\"https:\\\/\\\/schema.org\",\"@graph\":[{\"@type\":\"Article\",\"@id\":\"https:\\\/\\\/autofans.com.ar\\\/index.php\\\/2023\\\/09\\\/26\\\/iveco-revoluciona-la-movilidad-sustentable\\\/#article\",\"isPartOf\":{\"@id\":\"https:\\\/\\\/autofans.com.ar\\\/index.php\\\/2023\\\/09\\\/26\\\/iveco-revoluciona-la-movilidad-sustentable\\\/\"},\"author\":{\"name\":\"Alejandro Gabriel Rosito\",\"@id\":\"https:\\\/\\\/autofans.com.ar\\\/#\\\/schema\\\/person\\\/4a8dda0b6df83ac3d6723e921274c2aa\"},\"headline\":\"IVECO revoluciona la movilidad sustentable\",\"datePublished\":\"2023-09-26T16:39:29+00:00\",\"mainEntityOfPage\":{\"@id\":\"https:\\\/\\\/autofans.com.ar\\\/index.php\\\/2023\\\/09\\\/26\\\/iveco-revoluciona-la-movilidad-sustentable\\\/\"},\"wordCount\":980,\"image\":{\"@id\":\"https:\\\/\\\/autofans.com.ar\\\/index.php\\\/2023\\\/09\\\/26\\\/iveco-revoluciona-la-movilidad-sustentable\\\/#primaryimage\"},\"thumbnailUrl\":\"https:\\\/\\\/autofans.com.ar\\\/wp-content\\\/uploads\\\/2023\\\/09\\\/foto-5-13.jpg\",\"keywords\":[\"innovaci\u00f3n en transporte\",\"IVECO\",\"movilidad sustentable\",\"Producci\u00f3n Sostenible\",\"Reducci\u00f3n de Huella de Carbono\",\"Semana de la Movilidad Sustentable\",\"sustentabilidad\",\"Veh\u00edculos Ecoamigables\"],\"articleSection\":[\"HIBRIDOS, ELECTRICOS y otros\",\"NOTICIAS\"],\"inLanguage\":\"es\"},{\"@type\":\"WebPage\",\"@id\":\"https:\\\/\\\/autofans.com.ar\\\/index.php\\\/2023\\\/09\\\/26\\\/iveco-revoluciona-la-movilidad-sustentable\\\/\",\"url\":\"https:\\\/\\\/autofans.com.ar\\\/index.php\\\/2023\\\/09\\\/26\\\/iveco-revoluciona-la-movilidad-sustentable\\\/\",\"name\":\"IVECO revoluciona la movilidad sustentable -\",\"isPartOf\":{\"@id\":\"https:\\\/\\\/autofans.com.ar\\\/#website\"},\"primaryImageOfPage\":{\"@id\":\"https:\\\/\\\/autofans.com.ar\\\/index.php\\\/2023\\\/09\\\/26\\\/iveco-revoluciona-la-movilidad-sustentable\\\/#primaryimage\"},\"image\":{\"@id\":\"https:\\\/\\\/autofans.com.ar\\\/index.php\\\/2023\\\/09\\\/26\\\/iveco-revoluciona-la-movilidad-sustentable\\\/#primaryimage\"},\"thumbnailUrl\":\"https:\\\/\\\/autofans.com.ar\\\/wp-content\\\/uploads\\\/2023\\\/09\\\/foto-5-13.jpg\",\"datePublished\":\"2023-09-26T16:39:29+00:00\",\"author\":{\"@id\":\"https:\\\/\\\/autofans.com.ar\\\/#\\\/schema\\\/person\\\/4a8dda0b6df83ac3d6723e921274c2aa\"},\"description\":\"IVECO marca presencia por quinto a\u00f1o consecutivo en la Semana de la Movilidad Sustentable, destacando avances en veh\u00edculos ecoamigables...\",\"breadcrumb\":{\"@id\":\"https:\\\/\\\/autofans.com.ar\\\/index.php\\\/2023\\\/09\\\/26\\\/iveco-revoluciona-la-movilidad-sustentable\\\/#breadcrumb\"},\"inLanguage\":\"es\",\"potentialAction\":[{\"@type\":\"ReadAction\",\"target\":[\"https:\\\/\\\/autofans.com.ar\\\/index.php\\\/2023\\\/09\\\/26\\\/iveco-revoluciona-la-movilidad-sustentable\\\/\"]}]},{\"@type\":\"ImageObject\",\"inLanguage\":\"es\",\"@id\":\"https:\\\/\\\/autofans.com.ar\\\/index.php\\\/2023\\\/09\\\/26\\\/iveco-revoluciona-la-movilidad-sustentable\\\/#primaryimage\",\"url\":\"https:\\\/\\\/autofans.com.ar\\\/wp-content\\\/uploads\\\/2023\\\/09\\\/foto-5-13.jpg\",\"contentUrl\":\"https:\\\/\\\/autofans.com.ar\\\/wp-content\\\/uploads\\\/2023\\\/09\\\/foto-5-13.jpg\",\"width\":1000,\"height\":667,\"caption\":\"IVECO\"},{\"@type\":\"BreadcrumbList\",\"@id\":\"https:\\\/\\\/autofans.com.ar\\\/index.php\\\/2023\\\/09\\\/26\\\/iveco-revoluciona-la-movilidad-sustentable\\\/#breadcrumb\",\"itemListElement\":[{\"@type\":\"ListItem\",\"position\":1,\"name\":\"Inicio\",\"item\":\"https:\\\/\\\/autofans.com.ar\\\/\"},{\"@type\":\"ListItem\",\"position\":2,\"name\":\"IVECO revoluciona la movilidad sustentable\"}]},{\"@type\":\"WebSite\",\"@id\":\"https:\\\/\\\/autofans.com.ar\\\/#website\",\"url\":\"https:\\\/\\\/autofans.com.ar\\\/\",\"name\":\"\",\"description\":\"El multimedio referente de la industria automotriz\",\"potentialAction\":[{\"@type\":\"SearchAction\",\"target\":{\"@type\":\"EntryPoint\",\"urlTemplate\":\"https:\\\/\\\/autofans.com.ar\\\/?s={search_term_string}\"},\"query-input\":{\"@type\":\"PropertyValueSpecification\",\"valueRequired\":true,\"valueName\":\"search_term_string\"}}],\"inLanguage\":\"es\"},{\"@type\":\"Person\",\"@id\":\"https:\\\/\\\/autofans.com.ar\\\/#\\\/schema\\\/person\\\/4a8dda0b6df83ac3d6723e921274c2aa\",\"name\":\"Alejandro Gabriel Rosito\",\"image\":{\"@type\":\"ImageObject\",\"inLanguage\":\"es\",\"@id\":\"https:\\\/\\\/secure.gravatar.com\\\/avatar\\\/16c5dda1489adfc62618084dcbb91cffd879c374b13fe5dd8e44ed6733852c88?s=96&d=mm&r=g\",\"url\":\"https:\\\/\\\/secure.gravatar.com\\\/avatar\\\/16c5dda1489adfc62618084dcbb91cffd879c374b13fe5dd8e44ed6733852c88?s=96&d=mm&r=g\",\"contentUrl\":\"https:\\\/\\\/secure.gravatar.com\\\/avatar\\\/16c5dda1489adfc62618084dcbb91cffd879c374b13fe5dd8e44ed6733852c88?s=96&d=mm&r=g\",\"caption\":\"Alejandro Gabriel Rosito\"},\"url\":\"https:\\\/\\\/autofans.com.ar\\\/index.php\\\/author\\\/gabrielr\\\/\"}]}<\/script>\n<!-- \/ Yoast SEO plugin. -->","yoast_head_json":{"title":"IVECO revoluciona la movilidad sustentable -","description":"IVECO marca presencia por quinto a\u00f1o consecutivo en la Semana de la Movilidad Sustentable, destacando avances en veh\u00edculos ecoamigables...","robots":{"index":"index","follow":"follow","max-snippet":"max-snippet:-1","max-image-preview":"max-image-preview:large","max-video-preview":"max-video-preview:-1"},"canonical":"https:\/\/autofans.com.ar\/index.php\/2023\/09\/26\/iveco-revoluciona-la-movilidad-sustentable\/","og_locale":"es_ES","og_type":"article","og_title":"IVECO revoluciona la movilidad sustentable -","og_description":"IVECO marca presencia por quinto a\u00f1o consecutivo en la Semana de la Movilidad Sustentable, destacando avances en veh\u00edculos ecoamigables...","og_url":"https:\/\/autofans.com.ar\/index.php\/2023\/09\/26\/iveco-revoluciona-la-movilidad-sustentable\/","article_published_time":"2023-09-26T16:39:29+00:00","og_image":[{"width":1000,"height":667,"url":"https:\/\/autofans.com.ar\/wp-content\/uploads\/2023\/09\/foto-5-13.jpg","type":"image\/jpeg"}],"author":"Alejandro Gabriel Rosito","twitter_card":"summary_large_image","twitter_misc":{"Escrito por":"Alejandro Gabriel Rosito","Tiempo de lectura":"4 minutos"},"schema":{"@context":"https:\/\/schema.org","@graph":[{"@type":"Article","@id":"https:\/\/autofans.com.ar\/index.php\/2023\/09\/26\/iveco-revoluciona-la-movilidad-sustentable\/#article","isPartOf":{"@id":"https:\/\/autofans.com.ar\/index.php\/2023\/09\/26\/iveco-revoluciona-la-movilidad-sustentable\/"},"author":{"name":"Alejandro Gabriel Rosito","@id":"https:\/\/autofans.com.ar\/#\/schema\/person\/4a8dda0b6df83ac3d6723e921274c2aa"},"headline":"IVECO revoluciona la movilidad sustentable","datePublished":"2023-09-26T16:39:29+00:00","mainEntityOfPage":{"@id":"https:\/\/autofans.com.ar\/index.php\/2023\/09\/26\/iveco-revoluciona-la-movilidad-sustentable\/"},"wordCount":980,"image":{"@id":"https:\/\/autofans.com.ar\/index.php\/2023\/09\/26\/iveco-revoluciona-la-movilidad-sustentable\/#primaryimage"},"thumbnailUrl":"https:\/\/autofans.com.ar\/wp-content\/uploads\/2023\/09\/foto-5-13.jpg","keywords":["innovaci\u00f3n en transporte","IVECO","movilidad sustentable","Producci\u00f3n Sostenible","Reducci\u00f3n de Huella de Carbono","Semana de la Movilidad Sustentable","sustentabilidad","Veh\u00edculos Ecoamigables"],"articleSection":["HIBRIDOS, ELECTRICOS y otros","NOTICIAS"],"inLanguage":"es"},{"@type":"WebPage","@id":"https:\/\/autofans.com.ar\/index.php\/2023\/09\/26\/iveco-revoluciona-la-movilidad-sustentable\/","url":"https:\/\/autofans.com.ar\/index.php\/2023\/09\/26\/iveco-revoluciona-la-movilidad-sustentable\/","name":"IVECO revoluciona la movilidad sustentable -","isPartOf":{"@id":"https:\/\/autofans.com.ar\/#website"},"primaryImageOfPage":{"@id":"https:\/\/autofans.com.ar\/index.php\/2023\/09\/26\/iveco-revoluciona-la-movilidad-sustentable\/#primaryimage"},"image":{"@id":"https:\/\/autofans.com.ar\/index.php\/2023\/09\/26\/iveco-revoluciona-la-movilidad-sustentable\/#primaryimage"},"thumbnailUrl":"https:\/\/autofans.com.ar\/wp-content\/uploads\/2023\/09\/foto-5-13.jpg","datePublished":"2023-09-26T16:39:29+00:00","author":{"@id":"https:\/\/autofans.com.ar\/#\/schema\/person\/4a8dda0b6df83ac3d6723e921274c2aa"},"description":"IVECO marca presencia por quinto a\u00f1o consecutivo en la Semana de la Movilidad Sustentable, destacando avances en veh\u00edculos ecoamigables...","breadcrumb":{"@id":"https:\/\/autofans.com.ar\/index.php\/2023\/09\/26\/iveco-revoluciona-la-movilidad-sustentable\/#breadcrumb"},"inLanguage":"es","potentialAction":[{"@type":"ReadAction","target":["https:\/\/autofans.com.ar\/index.php\/2023\/09\/26\/iveco-revoluciona-la-movilidad-sustentable\/"]}]},{"@type":"ImageObject","inLanguage":"es","@id":"https:\/\/autofans.com.ar\/index.php\/2023\/09\/26\/iveco-revoluciona-la-movilidad-sustentable\/#primaryimage","url":"https:\/\/autofans.com.ar\/wp-content\/uploads\/2023\/09\/foto-5-13.jpg","contentUrl":"https:\/\/autofans.com.ar\/wp-content\/uploads\/2023\/09\/foto-5-13.jpg","width":1000,"height":667,"caption":"IVECO"},{"@type":"BreadcrumbList","@id":"https:\/\/autofans.com.ar\/index.php\/2023\/09\/26\/iveco-revoluciona-la-movilidad-sustentable\/#breadcrumb","itemListElement":[{"@type":"ListItem","position":1,"name":"Inicio","item":"https:\/\/autofans.com.ar\/"},{"@type":"ListItem","position":2,"name":"IVECO revoluciona la movilidad sustentable"}]},{"@type":"WebSite","@id":"https:\/\/autofans.com.ar\/#website","url":"https:\/\/autofans.com.ar\/","name":"","description":"El multimedio referente de la industria automotriz","potentialAction":[{"@type":"SearchAction","target":{"@type":"EntryPoint","urlTemplate":"https:\/\/autofans.com.ar\/?s={search_term_string}"},"query-input":{"@type":"PropertyValueSpecification","valueRequired":true,"valueName":"search_term_string"}}],"inLanguage":"es"},{"@type":"Person","@id":"https:\/\/autofans.com.ar\/#\/schema\/person\/4a8dda0b6df83ac3d6723e921274c2aa","name":"Alejandro Gabriel Rosito","image":{"@type":"ImageObject","inLanguage":"es","@id":"https:\/\/secure.gravatar.com\/avatar\/16c5dda1489adfc62618084dcbb91cffd879c374b13fe5dd8e44ed6733852c88?s=96&d=mm&r=g","url":"https:\/\/secure.gravatar.com\/avatar\/16c5dda1489adfc62618084dcbb91cffd879c374b13fe5dd8e44ed6733852c88?s=96&d=mm&r=g","contentUrl":"https:\/\/secure.gravatar.com\/avatar\/16c5dda1489adfc62618084dcbb91cffd879c374b13fe5dd8e44ed6733852c88?s=96&d=mm&r=g","caption":"Alejandro Gabriel Rosito"},"url":"https:\/\/autofans.com.ar\/index.php\/author\/gabrielr\/"}]}},"featured_image_urls":{"full":["https:\/\/autofans.com.ar\/wp-content\/uploads\/2023\/09\/foto-5-13.jpg",1000,667,false],"thumbnail":["https:\/\/autofans.com.ar\/wp-content\/uploads\/2023\/09\/foto-5-13-150x150.jpg",150,150,true],"medium":["https:\/\/autofans.com.ar\/wp-content\/uploads\/2023\/09\/foto-5-13-300x200.jpg",300,200,true],"medium_large":["https:\/\/autofans.com.ar\/wp-content\/uploads\/2023\/09\/foto-5-13-768x512.jpg",640,427,true],"large":["https:\/\/autofans.com.ar\/wp-content\/uploads\/2023\/09\/foto-5-13.jpg",640,427,false],"1536x1536":["https:\/\/autofans.com.ar\/wp-content\/uploads\/2023\/09\/foto-5-13.jpg",1000,667,false],"2048x2048":["https:\/\/autofans.com.ar\/wp-content\/uploads\/2023\/09\/foto-5-13.jpg",1000,667,false],"covernews-featured":["https:\/\/autofans.com.ar\/wp-content\/uploads\/2023\/09\/foto-5-13.jpg",1000,667,false],"covernews-medium":["https:\/\/autofans.com.ar\/wp-content\/uploads\/2023\/09\/foto-5-13-540x340.jpg",540,340,true]},"author_info":{"display_name":"Alejandro Gabriel Rosito","author_link":"https:\/\/autofans.com.ar\/index.php\/author\/gabrielr\/"},"category_info":"<a href=\"https:\/\/autofans.com.ar\/index.php\/category\/noticias\/hibridos-y-electricos\/\" rel=\"category tag\">HIBRIDOS, ELECTRICOS y otros<\/a> <a href=\"https:\/\/autofans.com.ar\/index.php\/category\/noticias\/\" rel=\"category tag\">NOTICIAS<\/a>","tag_info":"NOTICIAS","comment_count":0,"_links":{"self":[{"href":"https:\/\/autofans.com.ar\/index.php\/wp-json\/wp\/v2\/posts\/5215","targetHints":{"allow":["GET"]}}],"collection":[{"href":"https:\/\/autofans.com.ar\/index.php\/wp-json\/wp\/v2\/posts"}],"about":[{"href":"https:\/\/autofans.com.ar\/index.php\/wp-json\/wp\/v2\/types\/post"}],"author":[{"embeddable":true,"href":"https:\/\/autofans.com.ar\/index.php\/wp-json\/wp\/v2\/users\/2"}],"replies":[{"embeddable":true,"href":"https:\/\/autofans.com.ar\/index.php\/wp-json\/wp\/v2\/comments?post=5215"}],"version-history":[{"count":4,"href":"https:\/\/autofans.com.ar\/index.php\/wp-json\/wp\/v2\/posts\/5215\/revisions"}],"predecessor-version":[{"id":5224,"href":"https:\/\/autofans.com.ar\/index.php\/wp-json\/wp\/v2\/posts\/5215\/revisions\/5224"}],"wp:featuredmedia":[{"embeddable":true,"href":"https:\/\/autofans.com.ar\/index.php\/wp-json\/wp\/v2\/media\/5216"}],"wp:attachment":[{"href":"https:\/\/autofans.com.ar\/index.php\/wp-json\/wp\/v2\/media?parent=5215"}],"wp:term":[{"taxonomy":"category","embeddable":true,"href":"https:\/\/autofans.com.ar\/index.php\/wp-json\/wp\/v2\/categories?post=5215"},{"taxonomy":"post_tag","embeddable":true,"href":"https:\/\/autofans.com.ar\/index.php\/wp-json\/wp\/v2\/tags?post=5215"}],"curies":[{"name":"wp","href":"https:\/\/api.w.org\/{rel}","templated":true}]}}