{"id":5225,"date":"2023-09-26T17:22:04","date_gmt":"2023-09-26T20:22:04","guid":{"rendered":"https:\/\/autofans.com.ar\/?p=5225"},"modified":"2023-09-26T17:22:04","modified_gmt":"2023-09-26T20:22:04","slug":"jeep-gladiator-60-anos-de-leyenda-en-argentina","status":"publish","type":"post","link":"https:\/\/autofans.com.ar\/index.php\/2023\/09\/26\/jeep-gladiator-60-anos-de-leyenda-en-argentina\/","title":{"rendered":"Jeep Gladiator, 60 a\u00f1os de leyenda en Argentina"},"content":{"rendered":"<p>Descubr\u00ed la historia y evoluci\u00f3n de la ic\u00f3nica Jeep Gladiator en su 60 aniversario en Argentina. Desde su primer modelo en 1963 hasta su regreso en 2021, esta pick-up ha dejado una huella imborrable en la industria automotriz. Conoce m\u00e1s sobre sus caracter\u00edsticas y c\u00f3mo ha evolucionado a lo largo de las d\u00e9cadas.<\/p>\n<p>&nbsp;<\/p>\n<h2>La evoluci\u00f3n de la Jeep Gladiator<\/h2>\n<p>La legendaria Jeep Gladiator est\u00e1 de fiesta en Argentina, celebrando sus 60 a\u00f1os de historia desde que la primera unidad sali\u00f3 de la l\u00ednea de producci\u00f3n un 20 de septiembre de 1963. Este modelo ic\u00f3nico no solo marc\u00f3 el inicio de una era en la industria automotriz argentina, sino que tambi\u00e9n se gan\u00f3 un lugar especial en el coraz\u00f3n de los amantes de los veh\u00edculos todoterreno.<\/p>\n<p>&nbsp;<\/p>\n<p><img fetchpriority=\"high\" decoding=\"async\" class=\"aligncenter wp-image-5227 size-full\" src=\"https:\/\/autofans.com.ar\/wp-content\/uploads\/2023\/09\/foto-1-44.jpg\" alt=\"Jeep Gladiator\" width=\"1000\" height=\"667\" srcset=\"https:\/\/autofans.com.ar\/wp-content\/uploads\/2023\/09\/foto-1-44.jpg 1000w, https:\/\/autofans.com.ar\/wp-content\/uploads\/2023\/09\/foto-1-44-300x200.jpg 300w, https:\/\/autofans.com.ar\/wp-content\/uploads\/2023\/09\/foto-1-44-768x512.jpg 768w\" sizes=\"(max-width: 1000px) 100vw, 1000px\" \/><\/p>\n<p>&nbsp;<\/p>\n<p>La Gladiator original estaba equipada con el confiable motor Continental 6L-226 de 3.707 cc y 115 hp, con una transmisi\u00f3n manual de tres velocidades Borg-Warner. Se ofrec\u00eda en dos capacidades de carga, 500 kilos y 1.000 kilos, con diferencias en la altura y los neum\u00e1ticos utilizados.<\/p>\n<p>Lo que hac\u00eda especial a la Gladiator era su versatilidad, con versiones de tracci\u00f3n simple y doble tracci\u00f3n, una caracter\u00edstica que la convert\u00eda en una compa\u00f1era confiable en cualquier tipo de terreno. Adem\u00e1s, su suspensi\u00f3n delantera independiente mejoraba la comodidad de conducci\u00f3n y la estabilidad.<\/p>\n<p>&nbsp;<\/p>\n<p>&nbsp;<\/p>\n<h2>De 1978 a 2021 &#8211; la resurrecci\u00f3n<\/h2>\n<p>Con una cabina espaciosa y opciones de equipamiento como reloj el\u00e9ctrico, radio y calefactor, la Gladiator ofrec\u00eda comodidad incluso en condiciones extremas. Su distintiva parrilla de barras verticales dejaba claro su linaje Jeep.<\/p>\n<p>A lo largo de los a\u00f1os, la Gladiator experiment\u00f3 mejoras significativas, incluyendo la adopci\u00f3n del motor Tornado Super Power y cambios en el dise\u00f1o frontal. En 1970, se present\u00f3 la versi\u00f3n Jeep 1000 Diesel, impulsada por un motor Perkins 4-203.<\/p>\n<p>&nbsp;<\/p>\n<div id='gallery-1' class='gallery galleryid-5225 gallery-columns-3 gallery-size-full'><figure class='gallery-item'>\n\t\t\t<div class='gallery-icon landscape'>\n\t\t\t\t<a href='https:\/\/autofans.com.ar\/index.php\/2023\/09\/26\/jeep-gladiator-60-anos-de-leyenda-en-argentina\/1944-jeep-willysmb\/'><img loading=\"lazy\" width=\"1000\" height=\"667\" src=\"https:\/\/autofans.com.ar\/wp-content\/uploads\/2023\/09\/1944-jeep-WillysMB.jpg\" class=\"attachment-full size-full\" alt=\"Gladiator\" aria-describedby=\"gallery-1-5231\" srcset=\"https:\/\/autofans.com.ar\/wp-content\/uploads\/2023\/09\/1944-jeep-WillysMB.jpg 1000w, https:\/\/autofans.com.ar\/wp-content\/uploads\/2023\/09\/1944-jeep-WillysMB-300x200.jpg 300w, https:\/\/autofans.com.ar\/wp-content\/uploads\/2023\/09\/1944-jeep-WillysMB-768x512.jpg 768w\" sizes=\"auto, (max-width: 1000px) 100vw, 1000px\" loading=\"lazy\" decoding=\"async\" \/><\/a>\n\t\t\t<\/div>\n\t\t\t\t<figcaption class='wp-caption-text gallery-caption' id='gallery-1-5231'>\n\t\t\t\t1944 jeep Willys MB\n\t\t\t\t<\/figcaption><\/figure><figure class='gallery-item'>\n\t\t\t<div class='gallery-icon landscape'>\n\t\t\t\t<a href='https:\/\/autofans.com.ar\/index.php\/2023\/09\/26\/jeep-gladiator-60-anos-de-leyenda-en-argentina\/1948-jeepster\/'><img loading=\"lazy\" width=\"1000\" height=\"667\" src=\"https:\/\/autofans.com.ar\/wp-content\/uploads\/2023\/09\/1948-jeepster.jpg\" class=\"attachment-full size-full\" alt=\"Jeep\" aria-describedby=\"gallery-1-5232\" srcset=\"https:\/\/autofans.com.ar\/wp-content\/uploads\/2023\/09\/1948-jeepster.jpg 1000w, https:\/\/autofans.com.ar\/wp-content\/uploads\/2023\/09\/1948-jeepster-300x200.jpg 300w, https:\/\/autofans.com.ar\/wp-content\/uploads\/2023\/09\/1948-jeepster-768x512.jpg 768w\" sizes=\"auto, (max-width: 1000px) 100vw, 1000px\" loading=\"lazy\" decoding=\"async\" \/><\/a>\n\t\t\t<\/div>\n\t\t\t\t<figcaption class='wp-caption-text gallery-caption' id='gallery-1-5232'>\n\t\t\t\t1948 Jeep Jeepster\n\t\t\t\t<\/figcaption><\/figure><figure class='gallery-item'>\n\t\t\t<div class='gallery-icon landscape'>\n\t\t\t\t<a href='https:\/\/autofans.com.ar\/index.php\/2023\/09\/26\/jeep-gladiator-60-anos-de-leyenda-en-argentina\/1949-jeep-willys\/'><img loading=\"lazy\" width=\"1000\" height=\"667\" src=\"https:\/\/autofans.com.ar\/wp-content\/uploads\/2023\/09\/1949-jeep-Willys.jpg\" class=\"attachment-full size-full\" alt=\"Jeep\" aria-describedby=\"gallery-1-5233\" srcset=\"https:\/\/autofans.com.ar\/wp-content\/uploads\/2023\/09\/1949-jeep-Willys.jpg 1000w, https:\/\/autofans.com.ar\/wp-content\/uploads\/2023\/09\/1949-jeep-Willys-300x200.jpg 300w, https:\/\/autofans.com.ar\/wp-content\/uploads\/2023\/09\/1949-jeep-Willys-768x512.jpg 768w\" sizes=\"auto, (max-width: 1000px) 100vw, 1000px\" loading=\"lazy\" decoding=\"async\" \/><\/a>\n\t\t\t<\/div>\n\t\t\t\t<figcaption class='wp-caption-text gallery-caption' id='gallery-1-5233'>\n\t\t\t\t1949 jeep Willys\n\t\t\t\t<\/figcaption><\/figure><figure class='gallery-item'>\n\t\t\t<div class='gallery-icon landscape'>\n\t\t\t\t<a href='https:\/\/autofans.com.ar\/index.php\/2023\/09\/26\/jeep-gladiator-60-anos-de-leyenda-en-argentina\/jeepcj\/'><img loading=\"lazy\" width=\"1000\" height=\"667\" src=\"https:\/\/autofans.com.ar\/wp-content\/uploads\/2023\/09\/jeepCJ.jpg\" class=\"attachment-full size-full\" alt=\"Gladiator\" aria-describedby=\"gallery-1-5230\" srcset=\"https:\/\/autofans.com.ar\/wp-content\/uploads\/2023\/09\/jeepCJ.jpg 1000w, https:\/\/autofans.com.ar\/wp-content\/uploads\/2023\/09\/jeepCJ-300x200.jpg 300w, https:\/\/autofans.com.ar\/wp-content\/uploads\/2023\/09\/jeepCJ-768x512.jpg 768w\" sizes=\"auto, (max-width: 1000px) 100vw, 1000px\" loading=\"lazy\" decoding=\"async\" \/><\/a>\n\t\t\t<\/div>\n\t\t\t\t<figcaption class='wp-caption-text gallery-caption' id='gallery-1-5230'>\n\t\t\t\tJeep CJ-5 1963\n\t\t\t\t<\/figcaption><\/figure><figure class='gallery-item'>\n\t\t\t<div class='gallery-icon landscape'>\n\t\t\t\t<a href='https:\/\/autofans.com.ar\/index.php\/2023\/09\/26\/jeep-gladiator-60-anos-de-leyenda-en-argentina\/1980jeepcj5renegade\/'><img loading=\"lazy\" width=\"1000\" height=\"667\" src=\"https:\/\/autofans.com.ar\/wp-content\/uploads\/2023\/09\/1980JeepCJ5Renegade.jpg\" class=\"attachment-full size-full\" alt=\"Gladiator\" aria-describedby=\"gallery-1-5229\" srcset=\"https:\/\/autofans.com.ar\/wp-content\/uploads\/2023\/09\/1980JeepCJ5Renegade.jpg 1000w, https:\/\/autofans.com.ar\/wp-content\/uploads\/2023\/09\/1980JeepCJ5Renegade-300x200.jpg 300w, https:\/\/autofans.com.ar\/wp-content\/uploads\/2023\/09\/1980JeepCJ5Renegade-768x512.jpg 768w\" sizes=\"auto, (max-width: 1000px) 100vw, 1000px\" loading=\"lazy\" decoding=\"async\" \/><\/a>\n\t\t\t<\/div>\n\t\t\t\t<figcaption class='wp-caption-text gallery-caption' id='gallery-1-5229'>\n\t\t\t\t1980 Jeep CJ5 Renegade\n\t\t\t\t<\/figcaption><\/figure><figure class='gallery-item'>\n\t\t\t<div class='gallery-icon landscape'>\n\t\t\t\t<a href='https:\/\/autofans.com.ar\/index.php\/2023\/09\/26\/jeep-gladiator-60-anos-de-leyenda-en-argentina\/1986jeepgrandwagoneer\/'><img loading=\"lazy\" width=\"1000\" height=\"667\" src=\"https:\/\/autofans.com.ar\/wp-content\/uploads\/2023\/09\/1986JeepGrandWagoneer.jpg\" class=\"attachment-full size-full\" alt=\"Jeep Gladiator\" aria-describedby=\"gallery-1-5228\" srcset=\"https:\/\/autofans.com.ar\/wp-content\/uploads\/2023\/09\/1986JeepGrandWagoneer.jpg 1000w, https:\/\/autofans.com.ar\/wp-content\/uploads\/2023\/09\/1986JeepGrandWagoneer-300x200.jpg 300w, https:\/\/autofans.com.ar\/wp-content\/uploads\/2023\/09\/1986JeepGrandWagoneer-768x512.jpg 768w\" sizes=\"auto, (max-width: 1000px) 100vw, 1000px\" loading=\"lazy\" decoding=\"async\" \/><\/a>\n\t\t\t<\/div>\n\t\t\t\t<figcaption class='wp-caption-text gallery-caption' id='gallery-1-5228'>\n\t\t\t\t1986 jeep grand wagoneer\n\t\t\t\t<\/figcaption><\/figure>\n\t\t<\/div>\n\n<p>&nbsp;<\/p>\n<p>La producci\u00f3n de la Gladiator en Argentina finaliz\u00f3 el 30 de marzo de 1978, despu\u00e9s de haber fabricado 27.811 unidades en la planta de Santa Isabel en C\u00f3rdoba. Sin embargo, la historia de este ic\u00f3nico modelo no termin\u00f3 all\u00ed.<\/p>\n<p>En abril de 2021, la Gladiator hizo su esperado regreso al pa\u00eds, emocionando a una nueva generaci\u00f3n de entusiastas con su esp\u00edritu aventurero y capacidad todoterreno.<\/p>\n<p>Esta celebraci\u00f3n de los 60 a\u00f1os de la Jeep Gladiator es un recordatorio de su legado duradero y su impacto en la industria automotriz argentina. Un tributo a un veh\u00edculo que ha resistido la prueba del tiempo y sigue siendo una parte importante de la cultura automotriz del pa\u00eds.<\/p>\n<p>&nbsp;<\/p>\n<p>&nbsp;<\/p>\n<p><i>Para enterarte de m\u00e1s novedades, no dejes de leer\u00a0<\/i><a href=\"https:\/\/autofans.thebrandsoup.com\/\"><i>nuestras notas<\/i><\/a><i>, de ver<\/i><b><i>\u00a0<\/i><\/b><a href=\"https:\/\/www.youtube.com\/channel\/UCgAC8UGHZYbT6P7PpmVnP7g\"><b><i>AUTOFANS TV<\/i><\/b><\/a><b><i>\u00a0<\/i><\/b><i>en nuestro\u00a0canal de Youtube. Adem\u00e1s seguinos en\u00a0<\/i><a href=\"https:\/\/www.instagram.com\/autofanstv\/\"><i>INSTAGRAM<\/i><\/a><i> y <\/i><a href=\"https:\/\/www.facebook.com\/autofansmas\/\"><i>FACEBOOK<\/i><\/a><i> para no perderte nada sobre las novedades del segmento automotor de Argentina y el mundo.<\/i><\/p>\n","protected":false},"excerpt":{"rendered":"<p>Descubr\u00ed la historia y evoluci\u00f3n de la ic\u00f3nica Jeep Gladiator en su 60 aniversario en&#8230;<\/p>\n","protected":false},"author":2,"featured_media":5226,"comment_status":"closed","ping_status":"closed","sticky":false,"template":"","format":"standard","meta":{"footnotes":""},"categories":[16,5],"tags":[2614,2613,1246,538,2615],"class_list":["post-5225","post","type-post","status-publish","format-standard","has-post-thumbnail","hentry","category-noticias","category-otros","tag-60-aniversario","tag-historia-automotriz","tag-jeep-gladiator","tag-jepp-argentina","tag-vehiculos-todoterreno"],"yoast_head":"<!-- This site is optimized with the Yoast SEO plugin v27.5 - https:\/\/yoast.com\/product\/yoast-seo-wordpress\/ -->\n<title>Jeep Gladiator, 60 a\u00f1os de leyenda en Argentina -<\/title>\n<meta name=\"description\" content=\"Jeep Gladiator en su 60 aniversario en Argentina. Desde su primer modelo en 1963 hasta su regreso en 2021, esta pick-up ha dejado una huella.\" \/>\n<meta name=\"robots\" content=\"index, follow, max-snippet:-1, max-image-preview:large, max-video-preview:-1\" \/>\n<link rel=\"canonical\" href=\"https:\/\/autofans.com.ar\/index.php\/2023\/09\/26\/jeep-gladiator-60-anos-de-leyenda-en-argentina\/\" \/>\n<meta property=\"og:locale\" content=\"es_ES\" \/>\n<meta property=\"og:type\" content=\"article\" \/>\n<meta property=\"og:title\" content=\"Jeep Gladiator, 60 a\u00f1os de leyenda en Argentina -\" \/>\n<meta property=\"og:description\" content=\"Jeep Gladiator en su 60 aniversario en Argentina. Desde su primer modelo en 1963 hasta su regreso en 2021, esta pick-up ha dejado una huella.\" \/>\n<meta property=\"og:url\" content=\"https:\/\/autofans.com.ar\/index.php\/2023\/09\/26\/jeep-gladiator-60-anos-de-leyenda-en-argentina\/\" \/>\n<meta property=\"article:published_time\" content=\"2023-09-26T20:22:04+00:00\" \/>\n<meta property=\"og:image\" content=\"https:\/\/autofans.com.ar\/wp-content\/uploads\/2023\/09\/foto-2-41.jpg\" \/>\n\t<meta property=\"og:image:width\" content=\"1000\" \/>\n\t<meta property=\"og:image:height\" content=\"667\" \/>\n\t<meta property=\"og:image:type\" content=\"image\/jpeg\" \/>\n<meta name=\"author\" content=\"Alejandro Gabriel Rosito\" \/>\n<meta name=\"twitter:card\" content=\"summary_large_image\" \/>\n<meta name=\"twitter:label1\" content=\"Escrito por\" \/>\n\t<meta name=\"twitter:data1\" content=\"Alejandro Gabriel Rosito\" \/>\n\t<meta name=\"twitter:label2\" content=\"Tiempo de lectura\" \/>\n\t<meta name=\"twitter:data2\" content=\"3 minutos\" \/>\n<script type=\"application\/ld+json\" class=\"yoast-schema-graph\">{\"@context\":\"https:\\\/\\\/schema.org\",\"@graph\":[{\"@type\":\"Article\",\"@id\":\"https:\\\/\\\/autofans.com.ar\\\/index.php\\\/2023\\\/09\\\/26\\\/jeep-gladiator-60-anos-de-leyenda-en-argentina\\\/#article\",\"isPartOf\":{\"@id\":\"https:\\\/\\\/autofans.com.ar\\\/index.php\\\/2023\\\/09\\\/26\\\/jeep-gladiator-60-anos-de-leyenda-en-argentina\\\/\"},\"author\":{\"name\":\"Alejandro Gabriel Rosito\",\"@id\":\"https:\\\/\\\/autofans.com.ar\\\/#\\\/schema\\\/person\\\/4a8dda0b6df83ac3d6723e921274c2aa\"},\"headline\":\"Jeep Gladiator, 60 a\u00f1os de leyenda en Argentina\",\"datePublished\":\"2023-09-26T20:22:04+00:00\",\"mainEntityOfPage\":{\"@id\":\"https:\\\/\\\/autofans.com.ar\\\/index.php\\\/2023\\\/09\\\/26\\\/jeep-gladiator-60-anos-de-leyenda-en-argentina\\\/\"},\"wordCount\":499,\"image\":{\"@id\":\"https:\\\/\\\/autofans.com.ar\\\/index.php\\\/2023\\\/09\\\/26\\\/jeep-gladiator-60-anos-de-leyenda-en-argentina\\\/#primaryimage\"},\"thumbnailUrl\":\"https:\\\/\\\/autofans.com.ar\\\/wp-content\\\/uploads\\\/2023\\\/09\\\/foto-2-41.jpg\",\"keywords\":[\"60 aniversario\",\"historia automotriz\",\"Jeep Gladiator\",\"Jepp argentina\",\"veh\u00edculos todoterreno\"],\"articleSection\":[\"NOTICIAS\",\"PICK UPs, UTILITARIOS Y OTROS\"],\"inLanguage\":\"es\"},{\"@type\":\"WebPage\",\"@id\":\"https:\\\/\\\/autofans.com.ar\\\/index.php\\\/2023\\\/09\\\/26\\\/jeep-gladiator-60-anos-de-leyenda-en-argentina\\\/\",\"url\":\"https:\\\/\\\/autofans.com.ar\\\/index.php\\\/2023\\\/09\\\/26\\\/jeep-gladiator-60-anos-de-leyenda-en-argentina\\\/\",\"name\":\"Jeep Gladiator, 60 a\u00f1os de leyenda en Argentina -\",\"isPartOf\":{\"@id\":\"https:\\\/\\\/autofans.com.ar\\\/#website\"},\"primaryImageOfPage\":{\"@id\":\"https:\\\/\\\/autofans.com.ar\\\/index.php\\\/2023\\\/09\\\/26\\\/jeep-gladiator-60-anos-de-leyenda-en-argentina\\\/#primaryimage\"},\"image\":{\"@id\":\"https:\\\/\\\/autofans.com.ar\\\/index.php\\\/2023\\\/09\\\/26\\\/jeep-gladiator-60-anos-de-leyenda-en-argentina\\\/#primaryimage\"},\"thumbnailUrl\":\"https:\\\/\\\/autofans.com.ar\\\/wp-content\\\/uploads\\\/2023\\\/09\\\/foto-2-41.jpg\",\"datePublished\":\"2023-09-26T20:22:04+00:00\",\"author\":{\"@id\":\"https:\\\/\\\/autofans.com.ar\\\/#\\\/schema\\\/person\\\/4a8dda0b6df83ac3d6723e921274c2aa\"},\"description\":\"Jeep Gladiator en su 60 aniversario en Argentina. Desde su primer modelo en 1963 hasta su regreso en 2021, esta pick-up ha dejado una huella.\",\"breadcrumb\":{\"@id\":\"https:\\\/\\\/autofans.com.ar\\\/index.php\\\/2023\\\/09\\\/26\\\/jeep-gladiator-60-anos-de-leyenda-en-argentina\\\/#breadcrumb\"},\"inLanguage\":\"es\",\"potentialAction\":[{\"@type\":\"ReadAction\",\"target\":[\"https:\\\/\\\/autofans.com.ar\\\/index.php\\\/2023\\\/09\\\/26\\\/jeep-gladiator-60-anos-de-leyenda-en-argentina\\\/\"]}]},{\"@type\":\"ImageObject\",\"inLanguage\":\"es\",\"@id\":\"https:\\\/\\\/autofans.com.ar\\\/index.php\\\/2023\\\/09\\\/26\\\/jeep-gladiator-60-anos-de-leyenda-en-argentina\\\/#primaryimage\",\"url\":\"https:\\\/\\\/autofans.com.ar\\\/wp-content\\\/uploads\\\/2023\\\/09\\\/foto-2-41.jpg\",\"contentUrl\":\"https:\\\/\\\/autofans.com.ar\\\/wp-content\\\/uploads\\\/2023\\\/09\\\/foto-2-41.jpg\",\"width\":1000,\"height\":667,\"caption\":\"Jeep Gladiator\"},{\"@type\":\"BreadcrumbList\",\"@id\":\"https:\\\/\\\/autofans.com.ar\\\/index.php\\\/2023\\\/09\\\/26\\\/jeep-gladiator-60-anos-de-leyenda-en-argentina\\\/#breadcrumb\",\"itemListElement\":[{\"@type\":\"ListItem\",\"position\":1,\"name\":\"Inicio\",\"item\":\"https:\\\/\\\/autofans.com.ar\\\/\"},{\"@type\":\"ListItem\",\"position\":2,\"name\":\"Jeep Gladiator, 60 a\u00f1os de leyenda en Argentina\"}]},{\"@type\":\"WebSite\",\"@id\":\"https:\\\/\\\/autofans.com.ar\\\/#website\",\"url\":\"https:\\\/\\\/autofans.com.ar\\\/\",\"name\":\"\",\"description\":\"El multimedio referente de la industria automotriz\",\"potentialAction\":[{\"@type\":\"SearchAction\",\"target\":{\"@type\":\"EntryPoint\",\"urlTemplate\":\"https:\\\/\\\/autofans.com.ar\\\/?s={search_term_string}\"},\"query-input\":{\"@type\":\"PropertyValueSpecification\",\"valueRequired\":true,\"valueName\":\"search_term_string\"}}],\"inLanguage\":\"es\"},{\"@type\":\"Person\",\"@id\":\"https:\\\/\\\/autofans.com.ar\\\/#\\\/schema\\\/person\\\/4a8dda0b6df83ac3d6723e921274c2aa\",\"name\":\"Alejandro Gabriel Rosito\",\"image\":{\"@type\":\"ImageObject\",\"inLanguage\":\"es\",\"@id\":\"https:\\\/\\\/secure.gravatar.com\\\/avatar\\\/16c5dda1489adfc62618084dcbb91cffd879c374b13fe5dd8e44ed6733852c88?s=96&d=mm&r=g\",\"url\":\"https:\\\/\\\/secure.gravatar.com\\\/avatar\\\/16c5dda1489adfc62618084dcbb91cffd879c374b13fe5dd8e44ed6733852c88?s=96&d=mm&r=g\",\"contentUrl\":\"https:\\\/\\\/secure.gravatar.com\\\/avatar\\\/16c5dda1489adfc62618084dcbb91cffd879c374b13fe5dd8e44ed6733852c88?s=96&d=mm&r=g\",\"caption\":\"Alejandro Gabriel Rosito\"},\"url\":\"https:\\\/\\\/autofans.com.ar\\\/index.php\\\/author\\\/gabrielr\\\/\"}]}<\/script>\n<!-- \/ Yoast SEO plugin. -->","yoast_head_json":{"title":"Jeep Gladiator, 60 a\u00f1os de leyenda en Argentina -","description":"Jeep Gladiator en su 60 aniversario en Argentina. Desde su primer modelo en 1963 hasta su regreso en 2021, esta pick-up ha dejado una huella.","robots":{"index":"index","follow":"follow","max-snippet":"max-snippet:-1","max-image-preview":"max-image-preview:large","max-video-preview":"max-video-preview:-1"},"canonical":"https:\/\/autofans.com.ar\/index.php\/2023\/09\/26\/jeep-gladiator-60-anos-de-leyenda-en-argentina\/","og_locale":"es_ES","og_type":"article","og_title":"Jeep Gladiator, 60 a\u00f1os de leyenda en Argentina -","og_description":"Jeep Gladiator en su 60 aniversario en Argentina. Desde su primer modelo en 1963 hasta su regreso en 2021, esta pick-up ha dejado una huella.","og_url":"https:\/\/autofans.com.ar\/index.php\/2023\/09\/26\/jeep-gladiator-60-anos-de-leyenda-en-argentina\/","article_published_time":"2023-09-26T20:22:04+00:00","og_image":[{"width":1000,"height":667,"url":"https:\/\/autofans.com.ar\/wp-content\/uploads\/2023\/09\/foto-2-41.jpg","type":"image\/jpeg"}],"author":"Alejandro Gabriel Rosito","twitter_card":"summary_large_image","twitter_misc":{"Escrito por":"Alejandro Gabriel Rosito","Tiempo de lectura":"3 minutos"},"schema":{"@context":"https:\/\/schema.org","@graph":[{"@type":"Article","@id":"https:\/\/autofans.com.ar\/index.php\/2023\/09\/26\/jeep-gladiator-60-anos-de-leyenda-en-argentina\/#article","isPartOf":{"@id":"https:\/\/autofans.com.ar\/index.php\/2023\/09\/26\/jeep-gladiator-60-anos-de-leyenda-en-argentina\/"},"author":{"name":"Alejandro Gabriel Rosito","@id":"https:\/\/autofans.com.ar\/#\/schema\/person\/4a8dda0b6df83ac3d6723e921274c2aa"},"headline":"Jeep Gladiator, 60 a\u00f1os de leyenda en Argentina","datePublished":"2023-09-26T20:22:04+00:00","mainEntityOfPage":{"@id":"https:\/\/autofans.com.ar\/index.php\/2023\/09\/26\/jeep-gladiator-60-anos-de-leyenda-en-argentina\/"},"wordCount":499,"image":{"@id":"https:\/\/autofans.com.ar\/index.php\/2023\/09\/26\/jeep-gladiator-60-anos-de-leyenda-en-argentina\/#primaryimage"},"thumbnailUrl":"https:\/\/autofans.com.ar\/wp-content\/uploads\/2023\/09\/foto-2-41.jpg","keywords":["60 aniversario","historia automotriz","Jeep Gladiator","Jepp argentina","veh\u00edculos todoterreno"],"articleSection":["NOTICIAS","PICK UPs, UTILITARIOS Y OTROS"],"inLanguage":"es"},{"@type":"WebPage","@id":"https:\/\/autofans.com.ar\/index.php\/2023\/09\/26\/jeep-gladiator-60-anos-de-leyenda-en-argentina\/","url":"https:\/\/autofans.com.ar\/index.php\/2023\/09\/26\/jeep-gladiator-60-anos-de-leyenda-en-argentina\/","name":"Jeep Gladiator, 60 a\u00f1os de leyenda en Argentina -","isPartOf":{"@id":"https:\/\/autofans.com.ar\/#website"},"primaryImageOfPage":{"@id":"https:\/\/autofans.com.ar\/index.php\/2023\/09\/26\/jeep-gladiator-60-anos-de-leyenda-en-argentina\/#primaryimage"},"image":{"@id":"https:\/\/autofans.com.ar\/index.php\/2023\/09\/26\/jeep-gladiator-60-anos-de-leyenda-en-argentina\/#primaryimage"},"thumbnailUrl":"https:\/\/autofans.com.ar\/wp-content\/uploads\/2023\/09\/foto-2-41.jpg","datePublished":"2023-09-26T20:22:04+00:00","author":{"@id":"https:\/\/autofans.com.ar\/#\/schema\/person\/4a8dda0b6df83ac3d6723e921274c2aa"},"description":"Jeep Gladiator en su 60 aniversario en Argentina. Desde su primer modelo en 1963 hasta su regreso en 2021, esta pick-up ha dejado una huella.","breadcrumb":{"@id":"https:\/\/autofans.com.ar\/index.php\/2023\/09\/26\/jeep-gladiator-60-anos-de-leyenda-en-argentina\/#breadcrumb"},"inLanguage":"es","potentialAction":[{"@type":"ReadAction","target":["https:\/\/autofans.com.ar\/index.php\/2023\/09\/26\/jeep-gladiator-60-anos-de-leyenda-en-argentina\/"]}]},{"@type":"ImageObject","inLanguage":"es","@id":"https:\/\/autofans.com.ar\/index.php\/2023\/09\/26\/jeep-gladiator-60-anos-de-leyenda-en-argentina\/#primaryimage","url":"https:\/\/autofans.com.ar\/wp-content\/uploads\/2023\/09\/foto-2-41.jpg","contentUrl":"https:\/\/autofans.com.ar\/wp-content\/uploads\/2023\/09\/foto-2-41.jpg","width":1000,"height":667,"caption":"Jeep Gladiator"},{"@type":"BreadcrumbList","@id":"https:\/\/autofans.com.ar\/index.php\/2023\/09\/26\/jeep-gladiator-60-anos-de-leyenda-en-argentina\/#breadcrumb","itemListElement":[{"@type":"ListItem","position":1,"name":"Inicio","item":"https:\/\/autofans.com.ar\/"},{"@type":"ListItem","position":2,"name":"Jeep Gladiator, 60 a\u00f1os de leyenda en Argentina"}]},{"@type":"WebSite","@id":"https:\/\/autofans.com.ar\/#website","url":"https:\/\/autofans.com.ar\/","name":"","description":"El multimedio referente de la industria automotriz","potentialAction":[{"@type":"SearchAction","target":{"@type":"EntryPoint","urlTemplate":"https:\/\/autofans.com.ar\/?s={search_term_string}"},"query-input":{"@type":"PropertyValueSpecification","valueRequired":true,"valueName":"search_term_string"}}],"inLanguage":"es"},{"@type":"Person","@id":"https:\/\/autofans.com.ar\/#\/schema\/person\/4a8dda0b6df83ac3d6723e921274c2aa","name":"Alejandro Gabriel Rosito","image":{"@type":"ImageObject","inLanguage":"es","@id":"https:\/\/secure.gravatar.com\/avatar\/16c5dda1489adfc62618084dcbb91cffd879c374b13fe5dd8e44ed6733852c88?s=96&d=mm&r=g","url":"https:\/\/secure.gravatar.com\/avatar\/16c5dda1489adfc62618084dcbb91cffd879c374b13fe5dd8e44ed6733852c88?s=96&d=mm&r=g","contentUrl":"https:\/\/secure.gravatar.com\/avatar\/16c5dda1489adfc62618084dcbb91cffd879c374b13fe5dd8e44ed6733852c88?s=96&d=mm&r=g","caption":"Alejandro Gabriel Rosito"},"url":"https:\/\/autofans.com.ar\/index.php\/author\/gabrielr\/"}]}},"featured_image_urls":{"full":["https:\/\/autofans.com.ar\/wp-content\/uploads\/2023\/09\/foto-2-41.jpg",1000,667,false],"thumbnail":["https:\/\/autofans.com.ar\/wp-content\/uploads\/2023\/09\/foto-2-41-150x150.jpg",150,150,true],"medium":["https:\/\/autofans.com.ar\/wp-content\/uploads\/2023\/09\/foto-2-41-300x200.jpg",300,200,true],"medium_large":["https:\/\/autofans.com.ar\/wp-content\/uploads\/2023\/09\/foto-2-41-768x512.jpg",640,427,true],"large":["https:\/\/autofans.com.ar\/wp-content\/uploads\/2023\/09\/foto-2-41.jpg",640,427,false],"1536x1536":["https:\/\/autofans.com.ar\/wp-content\/uploads\/2023\/09\/foto-2-41.jpg",1000,667,false],"2048x2048":["https:\/\/autofans.com.ar\/wp-content\/uploads\/2023\/09\/foto-2-41.jpg",1000,667,false],"covernews-featured":["https:\/\/autofans.com.ar\/wp-content\/uploads\/2023\/09\/foto-2-41.jpg",1000,667,false],"covernews-medium":["https:\/\/autofans.com.ar\/wp-content\/uploads\/2023\/09\/foto-2-41-540x340.jpg",540,340,true]},"author_info":{"display_name":"Alejandro Gabriel Rosito","author_link":"https:\/\/autofans.com.ar\/index.php\/author\/gabrielr\/"},"category_info":"<a href=\"https:\/\/autofans.com.ar\/index.php\/category\/noticias\/\" rel=\"category tag\">NOTICIAS<\/a> <a href=\"https:\/\/autofans.com.ar\/index.php\/category\/noticias\/otros\/\" rel=\"category tag\">PICK UPs, UTILITARIOS Y OTROS<\/a>","tag_info":"PICK UPs, UTILITARIOS Y OTROS","comment_count":0,"_links":{"self":[{"href":"https:\/\/autofans.com.ar\/index.php\/wp-json\/wp\/v2\/posts\/5225","targetHints":{"allow":["GET"]}}],"collection":[{"href":"https:\/\/autofans.com.ar\/index.php\/wp-json\/wp\/v2\/posts"}],"about":[{"href":"https:\/\/autofans.com.ar\/index.php\/wp-json\/wp\/v2\/types\/post"}],"author":[{"embeddable":true,"href":"https:\/\/autofans.com.ar\/index.php\/wp-json\/wp\/v2\/users\/2"}],"replies":[{"embeddable":true,"href":"https:\/\/autofans.com.ar\/index.php\/wp-json\/wp\/v2\/comments?post=5225"}],"version-history":[{"count":3,"href":"https:\/\/autofans.com.ar\/index.php\/wp-json\/wp\/v2\/posts\/5225\/revisions"}],"predecessor-version":[{"id":5236,"href":"https:\/\/autofans.com.ar\/index.php\/wp-json\/wp\/v2\/posts\/5225\/revisions\/5236"}],"wp:featuredmedia":[{"embeddable":true,"href":"https:\/\/autofans.com.ar\/index.php\/wp-json\/wp\/v2\/media\/5226"}],"wp:attachment":[{"href":"https:\/\/autofans.com.ar\/index.php\/wp-json\/wp\/v2\/media?parent=5225"}],"wp:term":[{"taxonomy":"category","embeddable":true,"href":"https:\/\/autofans.com.ar\/index.php\/wp-json\/wp\/v2\/categories?post=5225"},{"taxonomy":"post_tag","embeddable":true,"href":"https:\/\/autofans.com.ar\/index.php\/wp-json\/wp\/v2\/tags?post=5225"}],"curies":[{"name":"wp","href":"https:\/\/api.w.org\/{rel}","templated":true}]}}