{"id":5254,"date":"2023-09-27T18:15:17","date_gmt":"2023-09-27T21:15:17","guid":{"rendered":"https:\/\/autofans.com.ar\/?p=5254"},"modified":"2023-09-27T18:15:17","modified_gmt":"2023-09-27T21:15:17","slug":"jeep-junto-a-la-ellerstina-polo-team","status":"publish","type":"post","link":"https:\/\/autofans.com.ar\/index.php\/2023\/09\/27\/jeep-junto-a-la-ellerstina-polo-team\/","title":{"rendered":"Jeep junto a la Ellerstina Polo Team"},"content":{"rendered":"<p>La marca Jeep se une nuevamente al equipo Ellerstina Polo Team en su und\u00e9cima temporada, compitiendo con los poderosos Jeep Gladiator y el flamante Grand Cherokee. Descubre c\u00f3mo esta alianza hist\u00f3rica sigue marcando la pauta en el mundo del polo y el automovilismo.<\/p>\n<p>&nbsp;<\/p>\n<h2>Jeep &#8211; la potencia detr\u00e1s del polo de \u00e9lite<\/h2>\n<p>En una emocionante y legendaria colaboraci\u00f3n que entra en su und\u00e9cima temporada, la marca Jeep se une una vez m\u00e1s al equipo Ellerstina Polo Team en su apasionada b\u00fasqueda de la Triple Corona. General Rodr\u00edguez se convierte en el epicentro de la acci\u00f3n, donde los ic\u00f3nicos <a href=\"https:\/\/autofans.com.ar\/index.php\/2023\/09\/26\/jeep-gladiator-60-anos-de-leyenda-en-argentina\/\" target=\"_blank\" rel=\"noopener\">Jeep Gladiator<\/a> y el nuevo Grand Cherokee Limited se convierten en los fieles compa\u00f1eros de los polistas de \u00e9lite, incluyendo a los Pieres, Ignatius Du Plessis y Bautista Bayugar.<\/p>\n<p>&nbsp;<\/p>\n<div id='gallery-1' class='gallery galleryid-5254 gallery-columns-2 gallery-size-full'><figure class='gallery-item'>\n\t\t\t<div class='gallery-icon landscape'>\n\t\t\t\t<a href='https:\/\/autofans.com.ar\/index.php\/2023\/09\/27\/jeep-junto-a-la-ellerstina-polo-team\/foto-3-262\/'><img loading=\"lazy\" width=\"1000\" height=\"667\" src=\"https:\/\/autofans.com.ar\/wp-content\/uploads\/2023\/09\/foto-3-34.jpg\" class=\"attachment-full size-full\" alt=\"Jeep\" srcset=\"https:\/\/autofans.com.ar\/wp-content\/uploads\/2023\/09\/foto-3-34.jpg 1000w, https:\/\/autofans.com.ar\/wp-content\/uploads\/2023\/09\/foto-3-34-300x200.jpg 300w, https:\/\/autofans.com.ar\/wp-content\/uploads\/2023\/09\/foto-3-34-768x512.jpg 768w\" sizes=\"auto, (max-width: 1000px) 100vw, 1000px\" loading=\"lazy\" decoding=\"async\" \/><\/a>\n\t\t\t<\/div><\/figure><figure class='gallery-item'>\n\t\t\t<div class='gallery-icon landscape'>\n\t\t\t\t<a href='https:\/\/autofans.com.ar\/index.php\/2023\/09\/27\/jeep-junto-a-la-ellerstina-polo-team\/foto-1-327\/'><img loading=\"lazy\" width=\"1000\" height=\"667\" src=\"https:\/\/autofans.com.ar\/wp-content\/uploads\/2023\/09\/foto-1-46.jpg\" class=\"attachment-full size-full\" alt=\"Jeep\" srcset=\"https:\/\/autofans.com.ar\/wp-content\/uploads\/2023\/09\/foto-1-46.jpg 1000w, https:\/\/autofans.com.ar\/wp-content\/uploads\/2023\/09\/foto-1-46-300x200.jpg 300w, https:\/\/autofans.com.ar\/wp-content\/uploads\/2023\/09\/foto-1-46-768x512.jpg 768w\" sizes=\"auto, (max-width: 1000px) 100vw, 1000px\" loading=\"lazy\" decoding=\"async\" \/><\/a>\n\t\t\t<\/div><\/figure>\n\t\t<\/div>\n\n<p>&nbsp;<\/p>\n<p>La quinta generaci\u00f3n del Jeep Grand Cherokee se presenta como una maravilla del mundo automotor. Equipado con el motor Pentastar V6 de 3.6 litros y 293 CV, este SUV incorpora una arquitectura de dise\u00f1o interior y exterior completamente nueva. Ofrece acabados artesanales y tecnolog\u00eda de vanguardia en su segmento, consolidando su posici\u00f3n como el SUV m\u00e1s premiado de todos los tiempos.<\/p>\n<div dir=\"ltr\">\n<blockquote>\n<p style=\"text-align: center;\">Martin Zuppi, Presidente de Jeep asegur\u00f3: \u201c<em>Para la marca es un enorme privilegio volver a acompa\u00f1ar a la Ellerstina como ya lo venimos haciendo desde hace m\u00e1s de 11 temporadas. Renovamos esta alianza estrat\u00e9gica con la familia Pieres convencidos de que los valores que representan son parte del ADN de nuestra marca<\/em>\u201d.<\/p>\n<\/blockquote>\n<\/div>\n<p>&nbsp;<\/p>\n<p><i>Para enterarte de m\u00e1s novedades, no dejes de leer\u00a0<\/i><a href=\"https:\/\/autofans.thebrandsoup.com\/\"><i>nuestras notas<\/i><\/a><i>, de ver<\/i><b><i>\u00a0<\/i><\/b><a href=\"https:\/\/www.youtube.com\/channel\/UCgAC8UGHZYbT6P7PpmVnP7g\"><b><i>AUTOFANS TV<\/i><\/b><\/a><b><i>\u00a0<\/i><\/b><i>en nuestro\u00a0canal de Youtube. Adem\u00e1s seguinos en\u00a0<\/i><a href=\"https:\/\/www.instagram.com\/autofanstv\/\"><i>INSTAGRAM<\/i><\/a><i> y <\/i><a href=\"https:\/\/www.facebook.com\/autofansmas\/\"><i>FACEBOOK<\/i><\/a><i> para no perderte nada sobre las novedades del segmento automotor de Argentina y el mundo.<\/i><\/p>\n<p><i><span class=\"Apple-converted-space\">\u00a0<\/span><\/i><\/p>\n","protected":false},"excerpt":{"rendered":"<p>La marca Jeep se une nuevamente al equipo Ellerstina Polo Team en su und\u00e9cima temporada,&#8230;<\/p>\n","protected":false},"author":2,"featured_media":5256,"comment_status":"closed","ping_status":"closed","sticky":false,"template":"","format":"standard","meta":{"footnotes":""},"categories":[6,16],"tags":[2631,2633,2630,2634,2629,2628,1246,2632],"class_list":["post-5254","post","type-post","status-publish","format-standard","has-post-thumbnail","hentry","category-bizstyle","category-noticias","tag-alianza-historica","tag-automovilismo-de-elite","tag-equipo-de-polo","tag-general-rodriguez","tag-grand-cherokee-limited","tag-jeep-ellerstina","tag-jeep-gladiator","tag-triple-corona"],"yoast_head":"<!-- This site is optimized with the Yoast SEO plugin v27.5 - https:\/\/yoast.com\/product\/yoast-seo-wordpress\/ -->\n<title>Jeep junto a la Ellerstina Polo Team -<\/title>\n<meta name=\"description\" content=\"Jeep se une al equipo Ellerstina Polo Team en su und\u00e9cima temporada, compitiendo con los poderosos Jeep Gladiator y la Grand Cherokee...\" \/>\n<meta name=\"robots\" content=\"index, follow, max-snippet:-1, max-image-preview:large, max-video-preview:-1\" \/>\n<link rel=\"canonical\" href=\"https:\/\/autofans.com.ar\/index.php\/2023\/09\/27\/jeep-junto-a-la-ellerstina-polo-team\/\" \/>\n<meta property=\"og:locale\" content=\"es_ES\" \/>\n<meta property=\"og:type\" content=\"article\" \/>\n<meta property=\"og:title\" content=\"Jeep junto a la Ellerstina Polo Team -\" \/>\n<meta property=\"og:description\" content=\"Jeep se une al equipo Ellerstina Polo Team en su und\u00e9cima temporada, compitiendo con los poderosos Jeep Gladiator y la Grand Cherokee...\" \/>\n<meta property=\"og:url\" content=\"https:\/\/autofans.com.ar\/index.php\/2023\/09\/27\/jeep-junto-a-la-ellerstina-polo-team\/\" \/>\n<meta property=\"article:published_time\" content=\"2023-09-27T21:15:17+00:00\" \/>\n<meta property=\"og:image\" content=\"https:\/\/autofans.com.ar\/wp-content\/uploads\/2023\/09\/foto-2-44.jpg\" \/>\n\t<meta property=\"og:image:width\" content=\"1000\" \/>\n\t<meta property=\"og:image:height\" content=\"667\" \/>\n\t<meta property=\"og:image:type\" content=\"image\/jpeg\" \/>\n<meta name=\"author\" content=\"Alejandro Gabriel Rosito\" \/>\n<meta name=\"twitter:card\" content=\"summary_large_image\" \/>\n<meta name=\"twitter:label1\" content=\"Escrito por\" \/>\n\t<meta name=\"twitter:data1\" content=\"Alejandro Gabriel Rosito\" \/>\n\t<meta name=\"twitter:label2\" content=\"Tiempo de lectura\" \/>\n\t<meta name=\"twitter:data2\" content=\"2 minutos\" \/>\n<script type=\"application\/ld+json\" class=\"yoast-schema-graph\">{\"@context\":\"https:\\\/\\\/schema.org\",\"@graph\":[{\"@type\":\"Article\",\"@id\":\"https:\\\/\\\/autofans.com.ar\\\/index.php\\\/2023\\\/09\\\/27\\\/jeep-junto-a-la-ellerstina-polo-team\\\/#article\",\"isPartOf\":{\"@id\":\"https:\\\/\\\/autofans.com.ar\\\/index.php\\\/2023\\\/09\\\/27\\\/jeep-junto-a-la-ellerstina-polo-team\\\/\"},\"author\":{\"name\":\"Alejandro Gabriel Rosito\",\"@id\":\"https:\\\/\\\/autofans.com.ar\\\/#\\\/schema\\\/person\\\/4a8dda0b6df83ac3d6723e921274c2aa\"},\"headline\":\"Jeep junto a la Ellerstina Polo Team\",\"datePublished\":\"2023-09-27T21:15:17+00:00\",\"mainEntityOfPage\":{\"@id\":\"https:\\\/\\\/autofans.com.ar\\\/index.php\\\/2023\\\/09\\\/27\\\/jeep-junto-a-la-ellerstina-polo-team\\\/\"},\"wordCount\":316,\"image\":{\"@id\":\"https:\\\/\\\/autofans.com.ar\\\/index.php\\\/2023\\\/09\\\/27\\\/jeep-junto-a-la-ellerstina-polo-team\\\/#primaryimage\"},\"thumbnailUrl\":\"https:\\\/\\\/autofans.com.ar\\\/wp-content\\\/uploads\\\/2023\\\/09\\\/foto-2-44.jpg\",\"keywords\":[\"Alianza Hist\u00f3rica\",\"Automovilismo de \u00e9lite\",\"Equipo de Polo\",\"General Rodr\u00edguez\",\"Grand Cherokee Limited\",\"Jeep Ellerstina\",\"Jeep Gladiator\",\"Triple Corona\"],\"articleSection\":[\"BIZSTYLE\",\"NOTICIAS\"],\"inLanguage\":\"es\"},{\"@type\":\"WebPage\",\"@id\":\"https:\\\/\\\/autofans.com.ar\\\/index.php\\\/2023\\\/09\\\/27\\\/jeep-junto-a-la-ellerstina-polo-team\\\/\",\"url\":\"https:\\\/\\\/autofans.com.ar\\\/index.php\\\/2023\\\/09\\\/27\\\/jeep-junto-a-la-ellerstina-polo-team\\\/\",\"name\":\"Jeep junto a la Ellerstina Polo Team -\",\"isPartOf\":{\"@id\":\"https:\\\/\\\/autofans.com.ar\\\/#website\"},\"primaryImageOfPage\":{\"@id\":\"https:\\\/\\\/autofans.com.ar\\\/index.php\\\/2023\\\/09\\\/27\\\/jeep-junto-a-la-ellerstina-polo-team\\\/#primaryimage\"},\"image\":{\"@id\":\"https:\\\/\\\/autofans.com.ar\\\/index.php\\\/2023\\\/09\\\/27\\\/jeep-junto-a-la-ellerstina-polo-team\\\/#primaryimage\"},\"thumbnailUrl\":\"https:\\\/\\\/autofans.com.ar\\\/wp-content\\\/uploads\\\/2023\\\/09\\\/foto-2-44.jpg\",\"datePublished\":\"2023-09-27T21:15:17+00:00\",\"author\":{\"@id\":\"https:\\\/\\\/autofans.com.ar\\\/#\\\/schema\\\/person\\\/4a8dda0b6df83ac3d6723e921274c2aa\"},\"description\":\"Jeep se une al equipo Ellerstina Polo Team en su und\u00e9cima temporada, compitiendo con los poderosos Jeep Gladiator y la Grand Cherokee...\",\"breadcrumb\":{\"@id\":\"https:\\\/\\\/autofans.com.ar\\\/index.php\\\/2023\\\/09\\\/27\\\/jeep-junto-a-la-ellerstina-polo-team\\\/#breadcrumb\"},\"inLanguage\":\"es\",\"potentialAction\":[{\"@type\":\"ReadAction\",\"target\":[\"https:\\\/\\\/autofans.com.ar\\\/index.php\\\/2023\\\/09\\\/27\\\/jeep-junto-a-la-ellerstina-polo-team\\\/\"]}]},{\"@type\":\"ImageObject\",\"inLanguage\":\"es\",\"@id\":\"https:\\\/\\\/autofans.com.ar\\\/index.php\\\/2023\\\/09\\\/27\\\/jeep-junto-a-la-ellerstina-polo-team\\\/#primaryimage\",\"url\":\"https:\\\/\\\/autofans.com.ar\\\/wp-content\\\/uploads\\\/2023\\\/09\\\/foto-2-44.jpg\",\"contentUrl\":\"https:\\\/\\\/autofans.com.ar\\\/wp-content\\\/uploads\\\/2023\\\/09\\\/foto-2-44.jpg\",\"width\":1000,\"height\":667,\"caption\":\"Jeep\"},{\"@type\":\"BreadcrumbList\",\"@id\":\"https:\\\/\\\/autofans.com.ar\\\/index.php\\\/2023\\\/09\\\/27\\\/jeep-junto-a-la-ellerstina-polo-team\\\/#breadcrumb\",\"itemListElement\":[{\"@type\":\"ListItem\",\"position\":1,\"name\":\"Inicio\",\"item\":\"https:\\\/\\\/autofans.com.ar\\\/\"},{\"@type\":\"ListItem\",\"position\":2,\"name\":\"Jeep junto a la Ellerstina Polo Team\"}]},{\"@type\":\"WebSite\",\"@id\":\"https:\\\/\\\/autofans.com.ar\\\/#website\",\"url\":\"https:\\\/\\\/autofans.com.ar\\\/\",\"name\":\"\",\"description\":\"El multimedio referente de la industria automotriz\",\"potentialAction\":[{\"@type\":\"SearchAction\",\"target\":{\"@type\":\"EntryPoint\",\"urlTemplate\":\"https:\\\/\\\/autofans.com.ar\\\/?s={search_term_string}\"},\"query-input\":{\"@type\":\"PropertyValueSpecification\",\"valueRequired\":true,\"valueName\":\"search_term_string\"}}],\"inLanguage\":\"es\"},{\"@type\":\"Person\",\"@id\":\"https:\\\/\\\/autofans.com.ar\\\/#\\\/schema\\\/person\\\/4a8dda0b6df83ac3d6723e921274c2aa\",\"name\":\"Alejandro Gabriel Rosito\",\"image\":{\"@type\":\"ImageObject\",\"inLanguage\":\"es\",\"@id\":\"https:\\\/\\\/secure.gravatar.com\\\/avatar\\\/16c5dda1489adfc62618084dcbb91cffd879c374b13fe5dd8e44ed6733852c88?s=96&d=mm&r=g\",\"url\":\"https:\\\/\\\/secure.gravatar.com\\\/avatar\\\/16c5dda1489adfc62618084dcbb91cffd879c374b13fe5dd8e44ed6733852c88?s=96&d=mm&r=g\",\"contentUrl\":\"https:\\\/\\\/secure.gravatar.com\\\/avatar\\\/16c5dda1489adfc62618084dcbb91cffd879c374b13fe5dd8e44ed6733852c88?s=96&d=mm&r=g\",\"caption\":\"Alejandro Gabriel Rosito\"},\"url\":\"https:\\\/\\\/autofans.com.ar\\\/index.php\\\/author\\\/gabrielr\\\/\"}]}<\/script>\n<!-- \/ Yoast SEO plugin. -->","yoast_head_json":{"title":"Jeep junto a la Ellerstina Polo Team -","description":"Jeep se une al equipo Ellerstina Polo Team en su und\u00e9cima temporada, compitiendo con los poderosos Jeep Gladiator y la Grand Cherokee...","robots":{"index":"index","follow":"follow","max-snippet":"max-snippet:-1","max-image-preview":"max-image-preview:large","max-video-preview":"max-video-preview:-1"},"canonical":"https:\/\/autofans.com.ar\/index.php\/2023\/09\/27\/jeep-junto-a-la-ellerstina-polo-team\/","og_locale":"es_ES","og_type":"article","og_title":"Jeep junto a la Ellerstina Polo Team -","og_description":"Jeep se une al equipo Ellerstina Polo Team en su und\u00e9cima temporada, compitiendo con los poderosos Jeep Gladiator y la Grand Cherokee...","og_url":"https:\/\/autofans.com.ar\/index.php\/2023\/09\/27\/jeep-junto-a-la-ellerstina-polo-team\/","article_published_time":"2023-09-27T21:15:17+00:00","og_image":[{"width":1000,"height":667,"url":"https:\/\/autofans.com.ar\/wp-content\/uploads\/2023\/09\/foto-2-44.jpg","type":"image\/jpeg"}],"author":"Alejandro Gabriel Rosito","twitter_card":"summary_large_image","twitter_misc":{"Escrito por":"Alejandro Gabriel Rosito","Tiempo de lectura":"2 minutos"},"schema":{"@context":"https:\/\/schema.org","@graph":[{"@type":"Article","@id":"https:\/\/autofans.com.ar\/index.php\/2023\/09\/27\/jeep-junto-a-la-ellerstina-polo-team\/#article","isPartOf":{"@id":"https:\/\/autofans.com.ar\/index.php\/2023\/09\/27\/jeep-junto-a-la-ellerstina-polo-team\/"},"author":{"name":"Alejandro Gabriel Rosito","@id":"https:\/\/autofans.com.ar\/#\/schema\/person\/4a8dda0b6df83ac3d6723e921274c2aa"},"headline":"Jeep junto a la Ellerstina Polo Team","datePublished":"2023-09-27T21:15:17+00:00","mainEntityOfPage":{"@id":"https:\/\/autofans.com.ar\/index.php\/2023\/09\/27\/jeep-junto-a-la-ellerstina-polo-team\/"},"wordCount":316,"image":{"@id":"https:\/\/autofans.com.ar\/index.php\/2023\/09\/27\/jeep-junto-a-la-ellerstina-polo-team\/#primaryimage"},"thumbnailUrl":"https:\/\/autofans.com.ar\/wp-content\/uploads\/2023\/09\/foto-2-44.jpg","keywords":["Alianza Hist\u00f3rica","Automovilismo de \u00e9lite","Equipo de Polo","General Rodr\u00edguez","Grand Cherokee Limited","Jeep Ellerstina","Jeep Gladiator","Triple Corona"],"articleSection":["BIZSTYLE","NOTICIAS"],"inLanguage":"es"},{"@type":"WebPage","@id":"https:\/\/autofans.com.ar\/index.php\/2023\/09\/27\/jeep-junto-a-la-ellerstina-polo-team\/","url":"https:\/\/autofans.com.ar\/index.php\/2023\/09\/27\/jeep-junto-a-la-ellerstina-polo-team\/","name":"Jeep junto a la Ellerstina Polo Team -","isPartOf":{"@id":"https:\/\/autofans.com.ar\/#website"},"primaryImageOfPage":{"@id":"https:\/\/autofans.com.ar\/index.php\/2023\/09\/27\/jeep-junto-a-la-ellerstina-polo-team\/#primaryimage"},"image":{"@id":"https:\/\/autofans.com.ar\/index.php\/2023\/09\/27\/jeep-junto-a-la-ellerstina-polo-team\/#primaryimage"},"thumbnailUrl":"https:\/\/autofans.com.ar\/wp-content\/uploads\/2023\/09\/foto-2-44.jpg","datePublished":"2023-09-27T21:15:17+00:00","author":{"@id":"https:\/\/autofans.com.ar\/#\/schema\/person\/4a8dda0b6df83ac3d6723e921274c2aa"},"description":"Jeep se une al equipo Ellerstina Polo Team en su und\u00e9cima temporada, compitiendo con los poderosos Jeep Gladiator y la Grand Cherokee...","breadcrumb":{"@id":"https:\/\/autofans.com.ar\/index.php\/2023\/09\/27\/jeep-junto-a-la-ellerstina-polo-team\/#breadcrumb"},"inLanguage":"es","potentialAction":[{"@type":"ReadAction","target":["https:\/\/autofans.com.ar\/index.php\/2023\/09\/27\/jeep-junto-a-la-ellerstina-polo-team\/"]}]},{"@type":"ImageObject","inLanguage":"es","@id":"https:\/\/autofans.com.ar\/index.php\/2023\/09\/27\/jeep-junto-a-la-ellerstina-polo-team\/#primaryimage","url":"https:\/\/autofans.com.ar\/wp-content\/uploads\/2023\/09\/foto-2-44.jpg","contentUrl":"https:\/\/autofans.com.ar\/wp-content\/uploads\/2023\/09\/foto-2-44.jpg","width":1000,"height":667,"caption":"Jeep"},{"@type":"BreadcrumbList","@id":"https:\/\/autofans.com.ar\/index.php\/2023\/09\/27\/jeep-junto-a-la-ellerstina-polo-team\/#breadcrumb","itemListElement":[{"@type":"ListItem","position":1,"name":"Inicio","item":"https:\/\/autofans.com.ar\/"},{"@type":"ListItem","position":2,"name":"Jeep junto a la Ellerstina Polo Team"}]},{"@type":"WebSite","@id":"https:\/\/autofans.com.ar\/#website","url":"https:\/\/autofans.com.ar\/","name":"","description":"El multimedio referente de la industria automotriz","potentialAction":[{"@type":"SearchAction","target":{"@type":"EntryPoint","urlTemplate":"https:\/\/autofans.com.ar\/?s={search_term_string}"},"query-input":{"@type":"PropertyValueSpecification","valueRequired":true,"valueName":"search_term_string"}}],"inLanguage":"es"},{"@type":"Person","@id":"https:\/\/autofans.com.ar\/#\/schema\/person\/4a8dda0b6df83ac3d6723e921274c2aa","name":"Alejandro Gabriel Rosito","image":{"@type":"ImageObject","inLanguage":"es","@id":"https:\/\/secure.gravatar.com\/avatar\/16c5dda1489adfc62618084dcbb91cffd879c374b13fe5dd8e44ed6733852c88?s=96&d=mm&r=g","url":"https:\/\/secure.gravatar.com\/avatar\/16c5dda1489adfc62618084dcbb91cffd879c374b13fe5dd8e44ed6733852c88?s=96&d=mm&r=g","contentUrl":"https:\/\/secure.gravatar.com\/avatar\/16c5dda1489adfc62618084dcbb91cffd879c374b13fe5dd8e44ed6733852c88?s=96&d=mm&r=g","caption":"Alejandro Gabriel Rosito"},"url":"https:\/\/autofans.com.ar\/index.php\/author\/gabrielr\/"}]}},"featured_image_urls":{"full":["https:\/\/autofans.com.ar\/wp-content\/uploads\/2023\/09\/foto-2-44.jpg",1000,667,false],"thumbnail":["https:\/\/autofans.com.ar\/wp-content\/uploads\/2023\/09\/foto-2-44-150x150.jpg",150,150,true],"medium":["https:\/\/autofans.com.ar\/wp-content\/uploads\/2023\/09\/foto-2-44-300x200.jpg",300,200,true],"medium_large":["https:\/\/autofans.com.ar\/wp-content\/uploads\/2023\/09\/foto-2-44-768x512.jpg",640,427,true],"large":["https:\/\/autofans.com.ar\/wp-content\/uploads\/2023\/09\/foto-2-44.jpg",640,427,false],"1536x1536":["https:\/\/autofans.com.ar\/wp-content\/uploads\/2023\/09\/foto-2-44.jpg",1000,667,false],"2048x2048":["https:\/\/autofans.com.ar\/wp-content\/uploads\/2023\/09\/foto-2-44.jpg",1000,667,false],"covernews-featured":["https:\/\/autofans.com.ar\/wp-content\/uploads\/2023\/09\/foto-2-44.jpg",1000,667,false],"covernews-medium":["https:\/\/autofans.com.ar\/wp-content\/uploads\/2023\/09\/foto-2-44-540x340.jpg",540,340,true]},"author_info":{"display_name":"Alejandro Gabriel Rosito","author_link":"https:\/\/autofans.com.ar\/index.php\/author\/gabrielr\/"},"category_info":"<a href=\"https:\/\/autofans.com.ar\/index.php\/category\/noticias\/bizstyle\/\" rel=\"category tag\">BIZSTYLE<\/a> <a href=\"https:\/\/autofans.com.ar\/index.php\/category\/noticias\/\" rel=\"category tag\">NOTICIAS<\/a>","tag_info":"NOTICIAS","comment_count":0,"_links":{"self":[{"href":"https:\/\/autofans.com.ar\/index.php\/wp-json\/wp\/v2\/posts\/5254","targetHints":{"allow":["GET"]}}],"collection":[{"href":"https:\/\/autofans.com.ar\/index.php\/wp-json\/wp\/v2\/posts"}],"about":[{"href":"https:\/\/autofans.com.ar\/index.php\/wp-json\/wp\/v2\/types\/post"}],"author":[{"embeddable":true,"href":"https:\/\/autofans.com.ar\/index.php\/wp-json\/wp\/v2\/users\/2"}],"replies":[{"embeddable":true,"href":"https:\/\/autofans.com.ar\/index.php\/wp-json\/wp\/v2\/comments?post=5254"}],"version-history":[{"count":1,"href":"https:\/\/autofans.com.ar\/index.php\/wp-json\/wp\/v2\/posts\/5254\/revisions"}],"predecessor-version":[{"id":5258,"href":"https:\/\/autofans.com.ar\/index.php\/wp-json\/wp\/v2\/posts\/5254\/revisions\/5258"}],"wp:featuredmedia":[{"embeddable":true,"href":"https:\/\/autofans.com.ar\/index.php\/wp-json\/wp\/v2\/media\/5256"}],"wp:attachment":[{"href":"https:\/\/autofans.com.ar\/index.php\/wp-json\/wp\/v2\/media?parent=5254"}],"wp:term":[{"taxonomy":"category","embeddable":true,"href":"https:\/\/autofans.com.ar\/index.php\/wp-json\/wp\/v2\/categories?post=5254"},{"taxonomy":"post_tag","embeddable":true,"href":"https:\/\/autofans.com.ar\/index.php\/wp-json\/wp\/v2\/tags?post=5254"}],"curies":[{"name":"wp","href":"https:\/\/api.w.org\/{rel}","templated":true}]}}