{"id":5271,"date":"2023-09-28T18:11:37","date_gmt":"2023-09-28T21:11:37","guid":{"rendered":"https:\/\/autofans.com.ar\/?p=5271"},"modified":"2023-09-28T18:11:37","modified_gmt":"2023-09-28T21:11:37","slug":"nissan-frontier-nissan-navara-personalizacion-a-la-medida","status":"publish","type":"post","link":"https:\/\/autofans.com.ar\/index.php\/2023\/09\/28\/nissan-frontier-nissan-navara-personalizacion-a-la-medida\/","title":{"rendered":"Nissan Frontier-Nissan Navara, personalizaci\u00f3n a la medida"},"content":{"rendered":"<p>En un rinc\u00f3n de la majestuosa F\u00e1brica Santa Isabel en C\u00f3rdoba, Argentina, se encuentra un lugar donde la personalizaci\u00f3n y la innovaci\u00f3n se combinan para dar vida a la Nissan Frontier-Nissan Navara. Este rinc\u00f3n especial es el Vehicle Processing Center, donde la compa\u00f1\u00eda japonesa coloca accesorios exclusivos en trece versiones de esta potente pick-up, destinadas al mercado local y a tres pa\u00edses vecinos: Brasil, Chile y Colombia.<\/p>\n<p>&nbsp;<\/p>\n<h2>Personalizaci\u00f3n a la medida<\/h2>\n<p>Durante el a\u00f1o fiscal 2022, que concluy\u00f3 en marzo de 2023, se personalizaron m\u00e1s de 11,000 unidades de Nissan Frontier-Nissan Navara en este centro de excelencia. Pero, \u00bfc\u00f3mo se eligen los accesorios que adornar\u00e1n estas impresionantes camionetas?<\/p>\n<p>La selecci\u00f3n de accesorios puede ocurrir de dos maneras distintas. En la primera, el equipo regional de dise\u00f1o puede solicitar una versi\u00f3n espec\u00edfica de la pick-up que ya incluye ciertos accesorios desde el inicio, y luego, en la F\u00e1brica Santa Isabel, se lleva a cabo el desarrollo y la incorporaci\u00f3n de estos elementos. Un ejemplo de esto son las versiones Nissan Frontier-Navara pro-4x, Attack y X-Gear.<\/p>\n<p>La segunda alternativa es m\u00e1s flexible y permite a las filiales de Nissan en los diferentes mercados imprimir su propia personalidad en los veh\u00edculos. Por ejemplo, Nissan Chile puede adquirir la camioneta base y, de una amplia gama de opciones, seleccionar los accesorios que considera m\u00e1s adecuados. Posteriormente, la unidad sale de la l\u00ednea de producci\u00f3n, pasa por el Vehicle Processing Center (tambi\u00e9n conocido como el \u00abcentro de montaje de accesorios\u00bb) y est\u00e1 lista para su despacho local o internacional.<\/p>\n<p>&nbsp;<\/p>\n<p><img fetchpriority=\"high\" decoding=\"async\" class=\"aligncenter wp-image-5273 size-full\" src=\"https:\/\/autofans.com.ar\/wp-content\/uploads\/2023\/09\/foto-1-49.jpg\" alt=\"Nissan\" width=\"1000\" height=\"667\" srcset=\"https:\/\/autofans.com.ar\/wp-content\/uploads\/2023\/09\/foto-1-49.jpg 1000w, https:\/\/autofans.com.ar\/wp-content\/uploads\/2023\/09\/foto-1-49-300x200.jpg 300w, https:\/\/autofans.com.ar\/wp-content\/uploads\/2023\/09\/foto-1-49-768x512.jpg 768w\" sizes=\"(max-width: 1000px) 100vw, 1000px\" \/><\/p>\n<p>&nbsp;<\/p>\n<h2>Compromiso con las econom\u00edas regionales<\/h2>\n<p>El compromiso de Nissan con las econom\u00edas regionales es un aspecto fundamental de esta operaci\u00f3n. Se requieren aproximadamente entre ocho y diez meses de trabajo previo para que un accesorio se considere listo y sea validado como genuino para el inicio de la producci\u00f3n.<\/p>\n<p>Desde que comenzaron las operaciones en la f\u00e1brica, el n\u00famero de accesorios locales ha aumentado gradualmente. A finales de 2021, se ten\u00edan siete referencias locales, y para marzo de 2023, se hab\u00edan incrementado a 10 referencias producidas en Argentina, incluyendo elementos como el cobertor, cubre alfombras y la barra decorativa.<\/p>\n<p>&nbsp;<\/p>\n<h2>Nissan y su inversi\u00f3n en Am\u00e9rica del Sur<\/h2>\n<p><a href=\"https:\/\/autofans.com.ar\/index.php\/2023\/09\/22\/nissan-e-pedal-la-conduccion-de-un-solo-pedal\/\" target=\"_blank\" rel=\"noopener\">Nissan,<\/a> ha invertido m\u00e1s de 730 millones de d\u00f3lares en el proyecto de manufactura en Argentina, consolidando su posici\u00f3n como productor y exportador en Am\u00e9rica del Sur. Abasteciendo a Chile y Colombia, la F\u00e1brica Santa Isabel se ha convertido en el centro de exportaci\u00f3n de camionetas que cumplen con la normativa Euro 6 para Am\u00e9rica Latina. La Nissan Frontier-Nissan Navara ofrece robustez, confort, seguridad y tecnolog\u00eda de vanguardia, con la posibilidad de personalizarla en el Vehicle Processing Center.<\/p>\n<p>Nissan Am\u00e9rica del Sur (NSAM) es una unidad de negocios creada en 2020 como parte de la estrategia global de la compa\u00f1\u00eda. Comprende las operaciones administrativas en Brasil, Argentina, Chile y Per\u00fa, con el objetivo de acelerar el desarrollo de la marca en Am\u00e9rica del Sur. Sigue las cuentas oficiales en LinkedIn de Nissan Argentina, Brasil, Chile y Per\u00fa, y escucha el podcast \u00abNissan On Air\u00bb en Spotify.<\/p>\n<p>&nbsp;<\/p>\n<p><i>Para enterarte de m\u00e1s novedades, no dejes de leer\u00a0<\/i><a href=\"https:\/\/autofans.thebrandsoup.com\/\"><i>nuestras notas<\/i><\/a><i>, de ver<\/i><b><i>\u00a0<\/i><\/b><a href=\"https:\/\/www.youtube.com\/channel\/UCgAC8UGHZYbT6P7PpmVnP7g\"><b><i>AUTOFANS TV<\/i><\/b><\/a><b><i>\u00a0<\/i><\/b><i>en nuestro\u00a0canal de Youtube. Adem\u00e1s seguinos en\u00a0<\/i><a href=\"https:\/\/www.instagram.com\/autofanstv\/\"><i>INSTAGRAM<\/i><\/a><i> y <\/i><a href=\"https:\/\/www.facebook.com\/autofansmas\/\"><i>FACEBOOK<\/i><\/a><i> para no perderte nada sobre las novedades del segmento automotor de Argentina y el mundo.<\/i><\/p>\n","protected":false},"excerpt":{"rendered":"<p>En un rinc\u00f3n de la majestuosa F\u00e1brica Santa Isabel en C\u00f3rdoba, Argentina, se encuentra un&#8230;<\/p>\n","protected":false},"author":2,"featured_media":5272,"comment_status":"closed","ping_status":"closed","sticky":false,"template":"","format":"standard","meta":{"footnotes":""},"categories":[218,16],"tags":[176,2643,900,897,2271],"class_list":["post-5271","post","type-post","status-publish","format-standard","has-post-thumbnail","hentry","category-autotecno","category-noticias","tag-navara","tag-accesorios-para-pick-up","tag-fabrica-santa-isabel","tag-nissan-frontier","tag-personalizacion-de-vehiculos"],"yoast_head":"<!-- This site is optimized with the Yoast SEO plugin v27.5 - https:\/\/yoast.com\/product\/yoast-seo-wordpress\/ -->\n<title>Nissan Frontier-Nissan Navara, personalizaci\u00f3n a la medida -<\/title>\n<meta name=\"description\" content=\"Nissan en la F\u00e1brica Santa Isabel en C\u00f3rdoba, se encuentra un lugar donde la personalizaci\u00f3n y la innovaci\u00f3n se combinan para darle vida...\" \/>\n<meta name=\"robots\" content=\"index, follow, max-snippet:-1, max-image-preview:large, max-video-preview:-1\" \/>\n<link rel=\"canonical\" href=\"https:\/\/autofans.com.ar\/index.php\/2023\/09\/28\/nissan-frontier-nissan-navara-personalizacion-a-la-medida\/\" \/>\n<meta property=\"og:locale\" content=\"es_ES\" \/>\n<meta property=\"og:type\" content=\"article\" \/>\n<meta property=\"og:title\" content=\"Nissan Frontier-Nissan Navara, personalizaci\u00f3n a la medida -\" \/>\n<meta property=\"og:description\" content=\"Nissan en la F\u00e1brica Santa Isabel en C\u00f3rdoba, se encuentra un lugar donde la personalizaci\u00f3n y la innovaci\u00f3n se combinan para darle vida...\" \/>\n<meta property=\"og:url\" content=\"https:\/\/autofans.com.ar\/index.php\/2023\/09\/28\/nissan-frontier-nissan-navara-personalizacion-a-la-medida\/\" \/>\n<meta property=\"article:published_time\" content=\"2023-09-28T21:11:37+00:00\" \/>\n<meta property=\"og:image\" content=\"https:\/\/autofans.com.ar\/wp-content\/uploads\/2023\/09\/foto-2-47.jpg\" \/>\n\t<meta property=\"og:image:width\" content=\"1000\" \/>\n\t<meta property=\"og:image:height\" content=\"667\" \/>\n\t<meta property=\"og:image:type\" content=\"image\/jpeg\" \/>\n<meta name=\"author\" content=\"Alejandro Gabriel Rosito\" \/>\n<meta name=\"twitter:card\" content=\"summary_large_image\" \/>\n<meta name=\"twitter:label1\" content=\"Escrito por\" \/>\n\t<meta name=\"twitter:data1\" content=\"Alejandro Gabriel Rosito\" \/>\n\t<meta name=\"twitter:label2\" content=\"Tiempo de lectura\" \/>\n\t<meta name=\"twitter:data2\" content=\"3 minutos\" \/>\n<script type=\"application\/ld+json\" class=\"yoast-schema-graph\">{\"@context\":\"https:\\\/\\\/schema.org\",\"@graph\":[{\"@type\":\"Article\",\"@id\":\"https:\\\/\\\/autofans.com.ar\\\/index.php\\\/2023\\\/09\\\/28\\\/nissan-frontier-nissan-navara-personalizacion-a-la-medida\\\/#article\",\"isPartOf\":{\"@id\":\"https:\\\/\\\/autofans.com.ar\\\/index.php\\\/2023\\\/09\\\/28\\\/nissan-frontier-nissan-navara-personalizacion-a-la-medida\\\/\"},\"author\":{\"name\":\"Alejandro Gabriel Rosito\",\"@id\":\"https:\\\/\\\/autofans.com.ar\\\/#\\\/schema\\\/person\\\/4a8dda0b6df83ac3d6723e921274c2aa\"},\"headline\":\"Nissan Frontier-Nissan Navara, personalizaci\u00f3n a la medida\",\"datePublished\":\"2023-09-28T21:11:37+00:00\",\"mainEntityOfPage\":{\"@id\":\"https:\\\/\\\/autofans.com.ar\\\/index.php\\\/2023\\\/09\\\/28\\\/nissan-frontier-nissan-navara-personalizacion-a-la-medida\\\/\"},\"wordCount\":601,\"image\":{\"@id\":\"https:\\\/\\\/autofans.com.ar\\\/index.php\\\/2023\\\/09\\\/28\\\/nissan-frontier-nissan-navara-personalizacion-a-la-medida\\\/#primaryimage\"},\"thumbnailUrl\":\"https:\\\/\\\/autofans.com.ar\\\/wp-content\\\/uploads\\\/2023\\\/09\\\/foto-2-47.jpg\",\"keywords\":[\"#Navara\",\"accesorios para pick-up\",\"F\u00e1brica Santa Isabel\",\"Nissan Frontier\",\"Personalizaci\u00f3n de veh\u00edculos\"],\"articleSection\":[\"AUTOTECNO\",\"NOTICIAS\"],\"inLanguage\":\"es\"},{\"@type\":\"WebPage\",\"@id\":\"https:\\\/\\\/autofans.com.ar\\\/index.php\\\/2023\\\/09\\\/28\\\/nissan-frontier-nissan-navara-personalizacion-a-la-medida\\\/\",\"url\":\"https:\\\/\\\/autofans.com.ar\\\/index.php\\\/2023\\\/09\\\/28\\\/nissan-frontier-nissan-navara-personalizacion-a-la-medida\\\/\",\"name\":\"Nissan Frontier-Nissan Navara, personalizaci\u00f3n a la medida -\",\"isPartOf\":{\"@id\":\"https:\\\/\\\/autofans.com.ar\\\/#website\"},\"primaryImageOfPage\":{\"@id\":\"https:\\\/\\\/autofans.com.ar\\\/index.php\\\/2023\\\/09\\\/28\\\/nissan-frontier-nissan-navara-personalizacion-a-la-medida\\\/#primaryimage\"},\"image\":{\"@id\":\"https:\\\/\\\/autofans.com.ar\\\/index.php\\\/2023\\\/09\\\/28\\\/nissan-frontier-nissan-navara-personalizacion-a-la-medida\\\/#primaryimage\"},\"thumbnailUrl\":\"https:\\\/\\\/autofans.com.ar\\\/wp-content\\\/uploads\\\/2023\\\/09\\\/foto-2-47.jpg\",\"datePublished\":\"2023-09-28T21:11:37+00:00\",\"author\":{\"@id\":\"https:\\\/\\\/autofans.com.ar\\\/#\\\/schema\\\/person\\\/4a8dda0b6df83ac3d6723e921274c2aa\"},\"description\":\"Nissan en la F\u00e1brica Santa Isabel en C\u00f3rdoba, se encuentra un lugar donde la personalizaci\u00f3n y la innovaci\u00f3n se combinan para darle vida...\",\"breadcrumb\":{\"@id\":\"https:\\\/\\\/autofans.com.ar\\\/index.php\\\/2023\\\/09\\\/28\\\/nissan-frontier-nissan-navara-personalizacion-a-la-medida\\\/#breadcrumb\"},\"inLanguage\":\"es\",\"potentialAction\":[{\"@type\":\"ReadAction\",\"target\":[\"https:\\\/\\\/autofans.com.ar\\\/index.php\\\/2023\\\/09\\\/28\\\/nissan-frontier-nissan-navara-personalizacion-a-la-medida\\\/\"]}]},{\"@type\":\"ImageObject\",\"inLanguage\":\"es\",\"@id\":\"https:\\\/\\\/autofans.com.ar\\\/index.php\\\/2023\\\/09\\\/28\\\/nissan-frontier-nissan-navara-personalizacion-a-la-medida\\\/#primaryimage\",\"url\":\"https:\\\/\\\/autofans.com.ar\\\/wp-content\\\/uploads\\\/2023\\\/09\\\/foto-2-47.jpg\",\"contentUrl\":\"https:\\\/\\\/autofans.com.ar\\\/wp-content\\\/uploads\\\/2023\\\/09\\\/foto-2-47.jpg\",\"width\":1000,\"height\":667,\"caption\":\"Nissan\"},{\"@type\":\"BreadcrumbList\",\"@id\":\"https:\\\/\\\/autofans.com.ar\\\/index.php\\\/2023\\\/09\\\/28\\\/nissan-frontier-nissan-navara-personalizacion-a-la-medida\\\/#breadcrumb\",\"itemListElement\":[{\"@type\":\"ListItem\",\"position\":1,\"name\":\"Inicio\",\"item\":\"https:\\\/\\\/autofans.com.ar\\\/\"},{\"@type\":\"ListItem\",\"position\":2,\"name\":\"Nissan Frontier-Nissan Navara, personalizaci\u00f3n a la medida\"}]},{\"@type\":\"WebSite\",\"@id\":\"https:\\\/\\\/autofans.com.ar\\\/#website\",\"url\":\"https:\\\/\\\/autofans.com.ar\\\/\",\"name\":\"\",\"description\":\"El multimedio referente de la industria automotriz\",\"potentialAction\":[{\"@type\":\"SearchAction\",\"target\":{\"@type\":\"EntryPoint\",\"urlTemplate\":\"https:\\\/\\\/autofans.com.ar\\\/?s={search_term_string}\"},\"query-input\":{\"@type\":\"PropertyValueSpecification\",\"valueRequired\":true,\"valueName\":\"search_term_string\"}}],\"inLanguage\":\"es\"},{\"@type\":\"Person\",\"@id\":\"https:\\\/\\\/autofans.com.ar\\\/#\\\/schema\\\/person\\\/4a8dda0b6df83ac3d6723e921274c2aa\",\"name\":\"Alejandro Gabriel Rosito\",\"image\":{\"@type\":\"ImageObject\",\"inLanguage\":\"es\",\"@id\":\"https:\\\/\\\/secure.gravatar.com\\\/avatar\\\/16c5dda1489adfc62618084dcbb91cffd879c374b13fe5dd8e44ed6733852c88?s=96&d=mm&r=g\",\"url\":\"https:\\\/\\\/secure.gravatar.com\\\/avatar\\\/16c5dda1489adfc62618084dcbb91cffd879c374b13fe5dd8e44ed6733852c88?s=96&d=mm&r=g\",\"contentUrl\":\"https:\\\/\\\/secure.gravatar.com\\\/avatar\\\/16c5dda1489adfc62618084dcbb91cffd879c374b13fe5dd8e44ed6733852c88?s=96&d=mm&r=g\",\"caption\":\"Alejandro Gabriel Rosito\"},\"url\":\"https:\\\/\\\/autofans.com.ar\\\/index.php\\\/author\\\/gabrielr\\\/\"}]}<\/script>\n<!-- \/ Yoast SEO plugin. -->","yoast_head_json":{"title":"Nissan Frontier-Nissan Navara, personalizaci\u00f3n a la medida -","description":"Nissan en la F\u00e1brica Santa Isabel en C\u00f3rdoba, se encuentra un lugar donde la personalizaci\u00f3n y la innovaci\u00f3n se combinan para darle vida...","robots":{"index":"index","follow":"follow","max-snippet":"max-snippet:-1","max-image-preview":"max-image-preview:large","max-video-preview":"max-video-preview:-1"},"canonical":"https:\/\/autofans.com.ar\/index.php\/2023\/09\/28\/nissan-frontier-nissan-navara-personalizacion-a-la-medida\/","og_locale":"es_ES","og_type":"article","og_title":"Nissan Frontier-Nissan Navara, personalizaci\u00f3n a la medida -","og_description":"Nissan en la F\u00e1brica Santa Isabel en C\u00f3rdoba, se encuentra un lugar donde la personalizaci\u00f3n y la innovaci\u00f3n se combinan para darle vida...","og_url":"https:\/\/autofans.com.ar\/index.php\/2023\/09\/28\/nissan-frontier-nissan-navara-personalizacion-a-la-medida\/","article_published_time":"2023-09-28T21:11:37+00:00","og_image":[{"width":1000,"height":667,"url":"https:\/\/autofans.com.ar\/wp-content\/uploads\/2023\/09\/foto-2-47.jpg","type":"image\/jpeg"}],"author":"Alejandro Gabriel Rosito","twitter_card":"summary_large_image","twitter_misc":{"Escrito por":"Alejandro Gabriel Rosito","Tiempo de lectura":"3 minutos"},"schema":{"@context":"https:\/\/schema.org","@graph":[{"@type":"Article","@id":"https:\/\/autofans.com.ar\/index.php\/2023\/09\/28\/nissan-frontier-nissan-navara-personalizacion-a-la-medida\/#article","isPartOf":{"@id":"https:\/\/autofans.com.ar\/index.php\/2023\/09\/28\/nissan-frontier-nissan-navara-personalizacion-a-la-medida\/"},"author":{"name":"Alejandro Gabriel Rosito","@id":"https:\/\/autofans.com.ar\/#\/schema\/person\/4a8dda0b6df83ac3d6723e921274c2aa"},"headline":"Nissan Frontier-Nissan Navara, personalizaci\u00f3n a la medida","datePublished":"2023-09-28T21:11:37+00:00","mainEntityOfPage":{"@id":"https:\/\/autofans.com.ar\/index.php\/2023\/09\/28\/nissan-frontier-nissan-navara-personalizacion-a-la-medida\/"},"wordCount":601,"image":{"@id":"https:\/\/autofans.com.ar\/index.php\/2023\/09\/28\/nissan-frontier-nissan-navara-personalizacion-a-la-medida\/#primaryimage"},"thumbnailUrl":"https:\/\/autofans.com.ar\/wp-content\/uploads\/2023\/09\/foto-2-47.jpg","keywords":["#Navara","accesorios para pick-up","F\u00e1brica Santa Isabel","Nissan Frontier","Personalizaci\u00f3n de veh\u00edculos"],"articleSection":["AUTOTECNO","NOTICIAS"],"inLanguage":"es"},{"@type":"WebPage","@id":"https:\/\/autofans.com.ar\/index.php\/2023\/09\/28\/nissan-frontier-nissan-navara-personalizacion-a-la-medida\/","url":"https:\/\/autofans.com.ar\/index.php\/2023\/09\/28\/nissan-frontier-nissan-navara-personalizacion-a-la-medida\/","name":"Nissan Frontier-Nissan Navara, personalizaci\u00f3n a la medida -","isPartOf":{"@id":"https:\/\/autofans.com.ar\/#website"},"primaryImageOfPage":{"@id":"https:\/\/autofans.com.ar\/index.php\/2023\/09\/28\/nissan-frontier-nissan-navara-personalizacion-a-la-medida\/#primaryimage"},"image":{"@id":"https:\/\/autofans.com.ar\/index.php\/2023\/09\/28\/nissan-frontier-nissan-navara-personalizacion-a-la-medida\/#primaryimage"},"thumbnailUrl":"https:\/\/autofans.com.ar\/wp-content\/uploads\/2023\/09\/foto-2-47.jpg","datePublished":"2023-09-28T21:11:37+00:00","author":{"@id":"https:\/\/autofans.com.ar\/#\/schema\/person\/4a8dda0b6df83ac3d6723e921274c2aa"},"description":"Nissan en la F\u00e1brica Santa Isabel en C\u00f3rdoba, se encuentra un lugar donde la personalizaci\u00f3n y la innovaci\u00f3n se combinan para darle vida...","breadcrumb":{"@id":"https:\/\/autofans.com.ar\/index.php\/2023\/09\/28\/nissan-frontier-nissan-navara-personalizacion-a-la-medida\/#breadcrumb"},"inLanguage":"es","potentialAction":[{"@type":"ReadAction","target":["https:\/\/autofans.com.ar\/index.php\/2023\/09\/28\/nissan-frontier-nissan-navara-personalizacion-a-la-medida\/"]}]},{"@type":"ImageObject","inLanguage":"es","@id":"https:\/\/autofans.com.ar\/index.php\/2023\/09\/28\/nissan-frontier-nissan-navara-personalizacion-a-la-medida\/#primaryimage","url":"https:\/\/autofans.com.ar\/wp-content\/uploads\/2023\/09\/foto-2-47.jpg","contentUrl":"https:\/\/autofans.com.ar\/wp-content\/uploads\/2023\/09\/foto-2-47.jpg","width":1000,"height":667,"caption":"Nissan"},{"@type":"BreadcrumbList","@id":"https:\/\/autofans.com.ar\/index.php\/2023\/09\/28\/nissan-frontier-nissan-navara-personalizacion-a-la-medida\/#breadcrumb","itemListElement":[{"@type":"ListItem","position":1,"name":"Inicio","item":"https:\/\/autofans.com.ar\/"},{"@type":"ListItem","position":2,"name":"Nissan Frontier-Nissan Navara, personalizaci\u00f3n a la medida"}]},{"@type":"WebSite","@id":"https:\/\/autofans.com.ar\/#website","url":"https:\/\/autofans.com.ar\/","name":"","description":"El multimedio referente de la industria automotriz","potentialAction":[{"@type":"SearchAction","target":{"@type":"EntryPoint","urlTemplate":"https:\/\/autofans.com.ar\/?s={search_term_string}"},"query-input":{"@type":"PropertyValueSpecification","valueRequired":true,"valueName":"search_term_string"}}],"inLanguage":"es"},{"@type":"Person","@id":"https:\/\/autofans.com.ar\/#\/schema\/person\/4a8dda0b6df83ac3d6723e921274c2aa","name":"Alejandro Gabriel Rosito","image":{"@type":"ImageObject","inLanguage":"es","@id":"https:\/\/secure.gravatar.com\/avatar\/16c5dda1489adfc62618084dcbb91cffd879c374b13fe5dd8e44ed6733852c88?s=96&d=mm&r=g","url":"https:\/\/secure.gravatar.com\/avatar\/16c5dda1489adfc62618084dcbb91cffd879c374b13fe5dd8e44ed6733852c88?s=96&d=mm&r=g","contentUrl":"https:\/\/secure.gravatar.com\/avatar\/16c5dda1489adfc62618084dcbb91cffd879c374b13fe5dd8e44ed6733852c88?s=96&d=mm&r=g","caption":"Alejandro Gabriel Rosito"},"url":"https:\/\/autofans.com.ar\/index.php\/author\/gabrielr\/"}]}},"featured_image_urls":{"full":["https:\/\/autofans.com.ar\/wp-content\/uploads\/2023\/09\/foto-2-47.jpg",1000,667,false],"thumbnail":["https:\/\/autofans.com.ar\/wp-content\/uploads\/2023\/09\/foto-2-47-150x150.jpg",150,150,true],"medium":["https:\/\/autofans.com.ar\/wp-content\/uploads\/2023\/09\/foto-2-47-300x200.jpg",300,200,true],"medium_large":["https:\/\/autofans.com.ar\/wp-content\/uploads\/2023\/09\/foto-2-47-768x512.jpg",640,427,true],"large":["https:\/\/autofans.com.ar\/wp-content\/uploads\/2023\/09\/foto-2-47.jpg",640,427,false],"1536x1536":["https:\/\/autofans.com.ar\/wp-content\/uploads\/2023\/09\/foto-2-47.jpg",1000,667,false],"2048x2048":["https:\/\/autofans.com.ar\/wp-content\/uploads\/2023\/09\/foto-2-47.jpg",1000,667,false],"covernews-featured":["https:\/\/autofans.com.ar\/wp-content\/uploads\/2023\/09\/foto-2-47.jpg",1000,667,false],"covernews-medium":["https:\/\/autofans.com.ar\/wp-content\/uploads\/2023\/09\/foto-2-47-540x340.jpg",540,340,true]},"author_info":{"display_name":"Alejandro Gabriel Rosito","author_link":"https:\/\/autofans.com.ar\/index.php\/author\/gabrielr\/"},"category_info":"<a href=\"https:\/\/autofans.com.ar\/index.php\/category\/noticias\/autotecno\/\" rel=\"category tag\">AUTOTECNO<\/a> <a href=\"https:\/\/autofans.com.ar\/index.php\/category\/noticias\/\" rel=\"category tag\">NOTICIAS<\/a>","tag_info":"NOTICIAS","comment_count":0,"_links":{"self":[{"href":"https:\/\/autofans.com.ar\/index.php\/wp-json\/wp\/v2\/posts\/5271","targetHints":{"allow":["GET"]}}],"collection":[{"href":"https:\/\/autofans.com.ar\/index.php\/wp-json\/wp\/v2\/posts"}],"about":[{"href":"https:\/\/autofans.com.ar\/index.php\/wp-json\/wp\/v2\/types\/post"}],"author":[{"embeddable":true,"href":"https:\/\/autofans.com.ar\/index.php\/wp-json\/wp\/v2\/users\/2"}],"replies":[{"embeddable":true,"href":"https:\/\/autofans.com.ar\/index.php\/wp-json\/wp\/v2\/comments?post=5271"}],"version-history":[{"count":1,"href":"https:\/\/autofans.com.ar\/index.php\/wp-json\/wp\/v2\/posts\/5271\/revisions"}],"predecessor-version":[{"id":5274,"href":"https:\/\/autofans.com.ar\/index.php\/wp-json\/wp\/v2\/posts\/5271\/revisions\/5274"}],"wp:featuredmedia":[{"embeddable":true,"href":"https:\/\/autofans.com.ar\/index.php\/wp-json\/wp\/v2\/media\/5272"}],"wp:attachment":[{"href":"https:\/\/autofans.com.ar\/index.php\/wp-json\/wp\/v2\/media?parent=5271"}],"wp:term":[{"taxonomy":"category","embeddable":true,"href":"https:\/\/autofans.com.ar\/index.php\/wp-json\/wp\/v2\/categories?post=5271"},{"taxonomy":"post_tag","embeddable":true,"href":"https:\/\/autofans.com.ar\/index.php\/wp-json\/wp\/v2\/tags?post=5271"}],"curies":[{"name":"wp","href":"https:\/\/api.w.org\/{rel}","templated":true}]}}