{"id":5275,"date":"2023-09-28T21:16:26","date_gmt":"2023-09-29T00:16:26","guid":{"rendered":"https:\/\/autofans.com.ar\/?p=5275"},"modified":"2023-09-28T21:16:26","modified_gmt":"2023-09-29T00:16:26","slug":"bmw-manaus-innovacion-sostenible-en-la-produccion-de-motos","status":"publish","type":"post","link":"https:\/\/autofans.com.ar\/index.php\/2023\/09\/28\/bmw-manaus-innovacion-sostenible-en-la-produccion-de-motos\/","title":{"rendered":"BMW Manaus &#8211; innovaci\u00f3n sostenible en la producci\u00f3n de motos"},"content":{"rendered":"<p>La Planta de BMW Group en Manaus, Brasil, l\u00edder en la producci\u00f3n de motos BMW Motorrad fuera de Alemania, se embarca en nueve iniciativas sostenibles para impulsar su compromiso con el medio ambiente. Descubr\u00ed c\u00f3mo est\u00e1n reutilizando agua de lluvia, reciclando el 99% de los residuos y generando energ\u00eda limpia con paneles solares.<\/p>\n<p>&nbsp;<\/p>\n<h2>BMW Manaus abraza la sostenibilidad<\/h2>\n<p>En un mundo cada vez m\u00e1s enfocado en la sostenibilidad, la Planta de BMW Group en Manaus, Brasil, est\u00e1 liderando el camino al adoptar nueve emocionantes iniciativas destinadas a promover la responsabilidad ambiental y la eficiencia en la producci\u00f3n de motocicletas BMW Motorrad. Bajo la direcci\u00f3n de Alex Donatti, Director General de la Planta de Manaus, estas acciones est\u00e1n transformando la f\u00e1brica en un ejemplo de respeto por el medio ambiente.<\/p>\n<p>&nbsp;<\/p>\n<h2>Iniciativas para un futuro m\u00e1s sustentable<\/h2>\n<ol>\n<li><strong>Manejo de Residuos S\u00f3lidos<\/strong>: La f\u00e1brica ha implementado un Plan de Manejo de Residuos S\u00f3lidos en cumplimiento con la Ley Federal de Brasil N\u00b012.305 de 2010, gestionando eficientemente los residuos generados.<\/li>\n<li><strong>Reciclaje Integral<\/strong>: Con el concepto &#8216;Zero Waste to Landfill&#8217;. La Planta de Manaus recicla el 99% de sus residuos, incluso utilizando madera de pallets para el mobiliario de sus \u00e1reas de descanso.<\/li>\n<li><strong>Acciones Sustentables para el Personal<\/strong>: Talleres y acciones que involucran a empleados, proveedores y clientes, junto con capacitaci\u00f3n interna enfocada en soluciones sostenibles.<\/li>\n<li><strong>Tratamiento de Efluentes<\/strong>: La planta cuenta con un sistema de tratamiento de efluentes para garantizar que el agua utilizada sea devuelta al medio ambiente de manera segura.<\/li>\n<li><strong>Reutilizaci\u00f3n de Aguas Pluviales<\/strong>: Se recoge y utiliza agua de lluvia para descargas sanitarias y limpieza de \u00e1reas exteriores, reduciendo el consumo de agua potable.<\/li>\n<li><strong>Energ\u00eda Limpia con Paneles Solares<\/strong>: La Planta ha instalado una estructura de paneles solares en el estacionamiento para generar energ\u00eda limpia y reducir su huella de carbono.<\/li>\n<li><strong>Pol\u00edticas de Bajo Consumo de Agua y Energ\u00eda<\/strong>: Estas pol\u00edticas son monitoreadas constantemente mediante objetivos (KPI) para garantizar la eficiencia en el uso de recursos.<\/li>\n<li><strong>Bajas Emisiones y Contenci\u00f3n de Contaminantes<\/strong>: Se han implementado estrategias para reducir significativamente las emisiones de CO2, como la inauguraci\u00f3n del edificio 3 en 2023.<\/li>\n<li><strong>Energ\u00eda de Fuentes Renovables<\/strong>: La planta utiliza energ\u00eda de fuentes renovables y compensa sus emisiones de CO2 a trav\u00e9s del Complejo E\u00f3lico Morrinhos en Campo Formoso.<\/li>\n<\/ol>\n<p>La Planta de BMW Group en Manaus, adem\u00e1s de producir motores de alta calidad, demuestra un firme compromiso con la sostenibilidad y el medio ambiente. Estas acciones reflejan los objetivos globales de BMW Group para 2030 de reducir las emisiones de CO2 en la producci\u00f3n. El uso de veh\u00edculos y la cadena de suministro.<\/p>\n<p>&nbsp;<\/p>\n<p><img fetchpriority=\"high\" decoding=\"async\" class=\"aligncenter wp-image-5276 size-full\" src=\"https:\/\/autofans.com.ar\/wp-content\/uploads\/2023\/09\/fotos-2-1.jpg\" alt=\"BMW Manaus\" width=\"1000\" height=\"667\" srcset=\"https:\/\/autofans.com.ar\/wp-content\/uploads\/2023\/09\/fotos-2-1.jpg 1000w, https:\/\/autofans.com.ar\/wp-content\/uploads\/2023\/09\/fotos-2-1-300x200.jpg 300w, https:\/\/autofans.com.ar\/wp-content\/uploads\/2023\/09\/fotos-2-1-768x512.jpg 768w\" sizes=\"(max-width: 1000px) 100vw, 1000px\" \/><\/p>\n<p>&nbsp;<\/p>\n<h2>Acerca de la planta de Manaus<\/h2>\n<p>Fundada en 2016, la Planta de BMW Group en Manaus es la \u00fanica planta completamente dedicada a la producci\u00f3n de motocicletas BMW Motorrad fuera de Alemania. Con un enfoque en la sostenibilidad y el medio ambient. La planta utiliza energ\u00eda de fuentes renovables y cuenta con la certificaci\u00f3n I-REC (International REC Standard). Actualmente, produce nueve modelos de motos BMW Motorrad. Contribuyendo al mercado interno de Brasil y al compromiso de BMW Group con un futuro m\u00e1s sostenible.<\/p>\n<p>&nbsp;<\/p>\n<p>&nbsp;<\/p>\n<p><i>Para enterarte de m\u00e1s novedades, no dejes de leer\u00a0<\/i><a href=\"https:\/\/autofans.thebrandsoup.com\/\"><i>nuestras notas<\/i><\/a><i>, de ver<\/i><b><i>\u00a0<\/i><\/b><a href=\"https:\/\/www.youtube.com\/channel\/UCgAC8UGHZYbT6P7PpmVnP7g\"><b><i>AUTOFANS TV<\/i><\/b><\/a><b><i>\u00a0<\/i><\/b><i>en nuestro\u00a0canal de Youtube. Adem\u00e1s seguinos en\u00a0<\/i><a href=\"https:\/\/www.instagram.com\/autofanstv\/\"><i>INSTAGRAM<\/i><\/a><i> y <\/i><a href=\"https:\/\/www.facebook.com\/autofansmas\/\"><i>FACEBOOK<\/i><\/a><i> para no perderte nada sobre las novedades del segmento automotor de Argentina y el mundo.<\/i><\/p>\n<p><i><span class=\"Apple-converted-space\">\u00a0<\/span><\/i><\/p>\n","protected":false},"excerpt":{"rendered":"<p>La Planta de BMW Group en Manaus, Brasil, l\u00edder en la producci\u00f3n de motos BMW&#8230;<\/p>\n","protected":false},"author":2,"featured_media":5277,"comment_status":"closed","ping_status":"closed","sticky":false,"template":"","format":"standard","meta":{"footnotes":""},"categories":[4,16],"tags":[2644,1159,963,161,2646,357,2645],"class_list":["post-5275","post","type-post","status-publish","format-standard","has-post-thumbnail","hentry","category-motos","category-noticias","tag-bmw-manaus","tag-bmw-motorrad","tag-compromiso-ambiental","tag-energia-limpia","tag-iniciativas-sostenibles","tag-medio-ambiente","tag-planta-de-produccion-de-motos"],"yoast_head":"<!-- This site is optimized with the Yoast SEO plugin v27.5 - https:\/\/yoast.com\/product\/yoast-seo-wordpress\/ -->\n<title>BMW Manaus - innovaci\u00f3n sostenible en la producci\u00f3n de motos -<\/title>\n<meta name=\"description\" content=\"BMW Group en Manaus, Brasil, l\u00edder en la producci\u00f3n de motos BMW Motorrad fuera de Alemania, se embarca en nueve iniciativas sostenibles...\" \/>\n<meta name=\"robots\" content=\"index, follow, max-snippet:-1, max-image-preview:large, max-video-preview:-1\" \/>\n<link rel=\"canonical\" href=\"https:\/\/autofans.com.ar\/index.php\/2023\/09\/28\/bmw-manaus-innovacion-sostenible-en-la-produccion-de-motos\/\" \/>\n<meta property=\"og:locale\" content=\"es_ES\" \/>\n<meta property=\"og:type\" content=\"article\" \/>\n<meta property=\"og:title\" content=\"BMW Manaus - innovaci\u00f3n sostenible en la producci\u00f3n de motos -\" \/>\n<meta property=\"og:description\" content=\"BMW Group en Manaus, Brasil, l\u00edder en la producci\u00f3n de motos BMW Motorrad fuera de Alemania, se embarca en nueve iniciativas sostenibles...\" \/>\n<meta property=\"og:url\" content=\"https:\/\/autofans.com.ar\/index.php\/2023\/09\/28\/bmw-manaus-innovacion-sostenible-en-la-produccion-de-motos\/\" \/>\n<meta property=\"article:published_time\" content=\"2023-09-29T00:16:26+00:00\" \/>\n<meta property=\"og:image\" content=\"https:\/\/autofans.com.ar\/wp-content\/uploads\/2023\/09\/fotos-1-1.jpg\" \/>\n\t<meta property=\"og:image:width\" content=\"1000\" \/>\n\t<meta property=\"og:image:height\" content=\"667\" \/>\n\t<meta property=\"og:image:type\" content=\"image\/jpeg\" \/>\n<meta name=\"author\" content=\"Alejandro Gabriel Rosito\" \/>\n<meta name=\"twitter:card\" content=\"summary_large_image\" \/>\n<meta name=\"twitter:label1\" content=\"Escrito por\" \/>\n\t<meta name=\"twitter:data1\" content=\"Alejandro Gabriel Rosito\" \/>\n\t<meta name=\"twitter:label2\" content=\"Tiempo de lectura\" \/>\n\t<meta name=\"twitter:data2\" content=\"3 minutos\" \/>\n<script type=\"application\/ld+json\" class=\"yoast-schema-graph\">{\"@context\":\"https:\\\/\\\/schema.org\",\"@graph\":[{\"@type\":\"Article\",\"@id\":\"https:\\\/\\\/autofans.com.ar\\\/index.php\\\/2023\\\/09\\\/28\\\/bmw-manaus-innovacion-sostenible-en-la-produccion-de-motos\\\/#article\",\"isPartOf\":{\"@id\":\"https:\\\/\\\/autofans.com.ar\\\/index.php\\\/2023\\\/09\\\/28\\\/bmw-manaus-innovacion-sostenible-en-la-produccion-de-motos\\\/\"},\"author\":{\"name\":\"Alejandro Gabriel Rosito\",\"@id\":\"https:\\\/\\\/autofans.com.ar\\\/#\\\/schema\\\/person\\\/4a8dda0b6df83ac3d6723e921274c2aa\"},\"headline\":\"BMW Manaus &#8211; innovaci\u00f3n sostenible en la producci\u00f3n de motos\",\"datePublished\":\"2023-09-29T00:16:26+00:00\",\"mainEntityOfPage\":{\"@id\":\"https:\\\/\\\/autofans.com.ar\\\/index.php\\\/2023\\\/09\\\/28\\\/bmw-manaus-innovacion-sostenible-en-la-produccion-de-motos\\\/\"},\"wordCount\":601,\"image\":{\"@id\":\"https:\\\/\\\/autofans.com.ar\\\/index.php\\\/2023\\\/09\\\/28\\\/bmw-manaus-innovacion-sostenible-en-la-produccion-de-motos\\\/#primaryimage\"},\"thumbnailUrl\":\"https:\\\/\\\/autofans.com.ar\\\/wp-content\\\/uploads\\\/2023\\\/09\\\/fotos-1-1.jpg\",\"keywords\":[\"BMW Manaus\",\"BMW Motorrad\",\"Compromiso Ambiental\",\"energia limpia\",\"Iniciativas Sostenibles\",\"medio ambiente\",\"Planta de Producci\u00f3n de Motos\"],\"articleSection\":[\"MOTOS\",\"NOTICIAS\"],\"inLanguage\":\"es\"},{\"@type\":\"WebPage\",\"@id\":\"https:\\\/\\\/autofans.com.ar\\\/index.php\\\/2023\\\/09\\\/28\\\/bmw-manaus-innovacion-sostenible-en-la-produccion-de-motos\\\/\",\"url\":\"https:\\\/\\\/autofans.com.ar\\\/index.php\\\/2023\\\/09\\\/28\\\/bmw-manaus-innovacion-sostenible-en-la-produccion-de-motos\\\/\",\"name\":\"BMW Manaus - innovaci\u00f3n sostenible en la producci\u00f3n de motos -\",\"isPartOf\":{\"@id\":\"https:\\\/\\\/autofans.com.ar\\\/#website\"},\"primaryImageOfPage\":{\"@id\":\"https:\\\/\\\/autofans.com.ar\\\/index.php\\\/2023\\\/09\\\/28\\\/bmw-manaus-innovacion-sostenible-en-la-produccion-de-motos\\\/#primaryimage\"},\"image\":{\"@id\":\"https:\\\/\\\/autofans.com.ar\\\/index.php\\\/2023\\\/09\\\/28\\\/bmw-manaus-innovacion-sostenible-en-la-produccion-de-motos\\\/#primaryimage\"},\"thumbnailUrl\":\"https:\\\/\\\/autofans.com.ar\\\/wp-content\\\/uploads\\\/2023\\\/09\\\/fotos-1-1.jpg\",\"datePublished\":\"2023-09-29T00:16:26+00:00\",\"author\":{\"@id\":\"https:\\\/\\\/autofans.com.ar\\\/#\\\/schema\\\/person\\\/4a8dda0b6df83ac3d6723e921274c2aa\"},\"description\":\"BMW Group en Manaus, Brasil, l\u00edder en la producci\u00f3n de motos BMW Motorrad fuera de Alemania, se embarca en nueve iniciativas sostenibles...\",\"breadcrumb\":{\"@id\":\"https:\\\/\\\/autofans.com.ar\\\/index.php\\\/2023\\\/09\\\/28\\\/bmw-manaus-innovacion-sostenible-en-la-produccion-de-motos\\\/#breadcrumb\"},\"inLanguage\":\"es\",\"potentialAction\":[{\"@type\":\"ReadAction\",\"target\":[\"https:\\\/\\\/autofans.com.ar\\\/index.php\\\/2023\\\/09\\\/28\\\/bmw-manaus-innovacion-sostenible-en-la-produccion-de-motos\\\/\"]}]},{\"@type\":\"ImageObject\",\"inLanguage\":\"es\",\"@id\":\"https:\\\/\\\/autofans.com.ar\\\/index.php\\\/2023\\\/09\\\/28\\\/bmw-manaus-innovacion-sostenible-en-la-produccion-de-motos\\\/#primaryimage\",\"url\":\"https:\\\/\\\/autofans.com.ar\\\/wp-content\\\/uploads\\\/2023\\\/09\\\/fotos-1-1.jpg\",\"contentUrl\":\"https:\\\/\\\/autofans.com.ar\\\/wp-content\\\/uploads\\\/2023\\\/09\\\/fotos-1-1.jpg\",\"width\":1000,\"height\":667,\"caption\":\"BMW Manaus\"},{\"@type\":\"BreadcrumbList\",\"@id\":\"https:\\\/\\\/autofans.com.ar\\\/index.php\\\/2023\\\/09\\\/28\\\/bmw-manaus-innovacion-sostenible-en-la-produccion-de-motos\\\/#breadcrumb\",\"itemListElement\":[{\"@type\":\"ListItem\",\"position\":1,\"name\":\"Inicio\",\"item\":\"https:\\\/\\\/autofans.com.ar\\\/\"},{\"@type\":\"ListItem\",\"position\":2,\"name\":\"BMW Manaus &#8211; innovaci\u00f3n sostenible en la producci\u00f3n de motos\"}]},{\"@type\":\"WebSite\",\"@id\":\"https:\\\/\\\/autofans.com.ar\\\/#website\",\"url\":\"https:\\\/\\\/autofans.com.ar\\\/\",\"name\":\"\",\"description\":\"El multimedio referente de la industria automotriz\",\"potentialAction\":[{\"@type\":\"SearchAction\",\"target\":{\"@type\":\"EntryPoint\",\"urlTemplate\":\"https:\\\/\\\/autofans.com.ar\\\/?s={search_term_string}\"},\"query-input\":{\"@type\":\"PropertyValueSpecification\",\"valueRequired\":true,\"valueName\":\"search_term_string\"}}],\"inLanguage\":\"es\"},{\"@type\":\"Person\",\"@id\":\"https:\\\/\\\/autofans.com.ar\\\/#\\\/schema\\\/person\\\/4a8dda0b6df83ac3d6723e921274c2aa\",\"name\":\"Alejandro Gabriel Rosito\",\"image\":{\"@type\":\"ImageObject\",\"inLanguage\":\"es\",\"@id\":\"https:\\\/\\\/secure.gravatar.com\\\/avatar\\\/16c5dda1489adfc62618084dcbb91cffd879c374b13fe5dd8e44ed6733852c88?s=96&d=mm&r=g\",\"url\":\"https:\\\/\\\/secure.gravatar.com\\\/avatar\\\/16c5dda1489adfc62618084dcbb91cffd879c374b13fe5dd8e44ed6733852c88?s=96&d=mm&r=g\",\"contentUrl\":\"https:\\\/\\\/secure.gravatar.com\\\/avatar\\\/16c5dda1489adfc62618084dcbb91cffd879c374b13fe5dd8e44ed6733852c88?s=96&d=mm&r=g\",\"caption\":\"Alejandro Gabriel Rosito\"},\"url\":\"https:\\\/\\\/autofans.com.ar\\\/index.php\\\/author\\\/gabrielr\\\/\"}]}<\/script>\n<!-- \/ Yoast SEO plugin. -->","yoast_head_json":{"title":"BMW Manaus - innovaci\u00f3n sostenible en la producci\u00f3n de motos -","description":"BMW Group en Manaus, Brasil, l\u00edder en la producci\u00f3n de motos BMW Motorrad fuera de Alemania, se embarca en nueve iniciativas sostenibles...","robots":{"index":"index","follow":"follow","max-snippet":"max-snippet:-1","max-image-preview":"max-image-preview:large","max-video-preview":"max-video-preview:-1"},"canonical":"https:\/\/autofans.com.ar\/index.php\/2023\/09\/28\/bmw-manaus-innovacion-sostenible-en-la-produccion-de-motos\/","og_locale":"es_ES","og_type":"article","og_title":"BMW Manaus - innovaci\u00f3n sostenible en la producci\u00f3n de motos -","og_description":"BMW Group en Manaus, Brasil, l\u00edder en la producci\u00f3n de motos BMW Motorrad fuera de Alemania, se embarca en nueve iniciativas sostenibles...","og_url":"https:\/\/autofans.com.ar\/index.php\/2023\/09\/28\/bmw-manaus-innovacion-sostenible-en-la-produccion-de-motos\/","article_published_time":"2023-09-29T00:16:26+00:00","og_image":[{"width":1000,"height":667,"url":"https:\/\/autofans.com.ar\/wp-content\/uploads\/2023\/09\/fotos-1-1.jpg","type":"image\/jpeg"}],"author":"Alejandro Gabriel Rosito","twitter_card":"summary_large_image","twitter_misc":{"Escrito por":"Alejandro Gabriel Rosito","Tiempo de lectura":"3 minutos"},"schema":{"@context":"https:\/\/schema.org","@graph":[{"@type":"Article","@id":"https:\/\/autofans.com.ar\/index.php\/2023\/09\/28\/bmw-manaus-innovacion-sostenible-en-la-produccion-de-motos\/#article","isPartOf":{"@id":"https:\/\/autofans.com.ar\/index.php\/2023\/09\/28\/bmw-manaus-innovacion-sostenible-en-la-produccion-de-motos\/"},"author":{"name":"Alejandro Gabriel Rosito","@id":"https:\/\/autofans.com.ar\/#\/schema\/person\/4a8dda0b6df83ac3d6723e921274c2aa"},"headline":"BMW Manaus &#8211; innovaci\u00f3n sostenible en la producci\u00f3n de motos","datePublished":"2023-09-29T00:16:26+00:00","mainEntityOfPage":{"@id":"https:\/\/autofans.com.ar\/index.php\/2023\/09\/28\/bmw-manaus-innovacion-sostenible-en-la-produccion-de-motos\/"},"wordCount":601,"image":{"@id":"https:\/\/autofans.com.ar\/index.php\/2023\/09\/28\/bmw-manaus-innovacion-sostenible-en-la-produccion-de-motos\/#primaryimage"},"thumbnailUrl":"https:\/\/autofans.com.ar\/wp-content\/uploads\/2023\/09\/fotos-1-1.jpg","keywords":["BMW Manaus","BMW Motorrad","Compromiso Ambiental","energia limpia","Iniciativas Sostenibles","medio ambiente","Planta de Producci\u00f3n de Motos"],"articleSection":["MOTOS","NOTICIAS"],"inLanguage":"es"},{"@type":"WebPage","@id":"https:\/\/autofans.com.ar\/index.php\/2023\/09\/28\/bmw-manaus-innovacion-sostenible-en-la-produccion-de-motos\/","url":"https:\/\/autofans.com.ar\/index.php\/2023\/09\/28\/bmw-manaus-innovacion-sostenible-en-la-produccion-de-motos\/","name":"BMW Manaus - innovaci\u00f3n sostenible en la producci\u00f3n de motos -","isPartOf":{"@id":"https:\/\/autofans.com.ar\/#website"},"primaryImageOfPage":{"@id":"https:\/\/autofans.com.ar\/index.php\/2023\/09\/28\/bmw-manaus-innovacion-sostenible-en-la-produccion-de-motos\/#primaryimage"},"image":{"@id":"https:\/\/autofans.com.ar\/index.php\/2023\/09\/28\/bmw-manaus-innovacion-sostenible-en-la-produccion-de-motos\/#primaryimage"},"thumbnailUrl":"https:\/\/autofans.com.ar\/wp-content\/uploads\/2023\/09\/fotos-1-1.jpg","datePublished":"2023-09-29T00:16:26+00:00","author":{"@id":"https:\/\/autofans.com.ar\/#\/schema\/person\/4a8dda0b6df83ac3d6723e921274c2aa"},"description":"BMW Group en Manaus, Brasil, l\u00edder en la producci\u00f3n de motos BMW Motorrad fuera de Alemania, se embarca en nueve iniciativas sostenibles...","breadcrumb":{"@id":"https:\/\/autofans.com.ar\/index.php\/2023\/09\/28\/bmw-manaus-innovacion-sostenible-en-la-produccion-de-motos\/#breadcrumb"},"inLanguage":"es","potentialAction":[{"@type":"ReadAction","target":["https:\/\/autofans.com.ar\/index.php\/2023\/09\/28\/bmw-manaus-innovacion-sostenible-en-la-produccion-de-motos\/"]}]},{"@type":"ImageObject","inLanguage":"es","@id":"https:\/\/autofans.com.ar\/index.php\/2023\/09\/28\/bmw-manaus-innovacion-sostenible-en-la-produccion-de-motos\/#primaryimage","url":"https:\/\/autofans.com.ar\/wp-content\/uploads\/2023\/09\/fotos-1-1.jpg","contentUrl":"https:\/\/autofans.com.ar\/wp-content\/uploads\/2023\/09\/fotos-1-1.jpg","width":1000,"height":667,"caption":"BMW Manaus"},{"@type":"BreadcrumbList","@id":"https:\/\/autofans.com.ar\/index.php\/2023\/09\/28\/bmw-manaus-innovacion-sostenible-en-la-produccion-de-motos\/#breadcrumb","itemListElement":[{"@type":"ListItem","position":1,"name":"Inicio","item":"https:\/\/autofans.com.ar\/"},{"@type":"ListItem","position":2,"name":"BMW Manaus &#8211; innovaci\u00f3n sostenible en la producci\u00f3n de motos"}]},{"@type":"WebSite","@id":"https:\/\/autofans.com.ar\/#website","url":"https:\/\/autofans.com.ar\/","name":"","description":"El multimedio referente de la industria automotriz","potentialAction":[{"@type":"SearchAction","target":{"@type":"EntryPoint","urlTemplate":"https:\/\/autofans.com.ar\/?s={search_term_string}"},"query-input":{"@type":"PropertyValueSpecification","valueRequired":true,"valueName":"search_term_string"}}],"inLanguage":"es"},{"@type":"Person","@id":"https:\/\/autofans.com.ar\/#\/schema\/person\/4a8dda0b6df83ac3d6723e921274c2aa","name":"Alejandro Gabriel Rosito","image":{"@type":"ImageObject","inLanguage":"es","@id":"https:\/\/secure.gravatar.com\/avatar\/16c5dda1489adfc62618084dcbb91cffd879c374b13fe5dd8e44ed6733852c88?s=96&d=mm&r=g","url":"https:\/\/secure.gravatar.com\/avatar\/16c5dda1489adfc62618084dcbb91cffd879c374b13fe5dd8e44ed6733852c88?s=96&d=mm&r=g","contentUrl":"https:\/\/secure.gravatar.com\/avatar\/16c5dda1489adfc62618084dcbb91cffd879c374b13fe5dd8e44ed6733852c88?s=96&d=mm&r=g","caption":"Alejandro Gabriel Rosito"},"url":"https:\/\/autofans.com.ar\/index.php\/author\/gabrielr\/"}]}},"featured_image_urls":{"full":["https:\/\/autofans.com.ar\/wp-content\/uploads\/2023\/09\/fotos-1-1.jpg",1000,667,false],"thumbnail":["https:\/\/autofans.com.ar\/wp-content\/uploads\/2023\/09\/fotos-1-1-150x150.jpg",150,150,true],"medium":["https:\/\/autofans.com.ar\/wp-content\/uploads\/2023\/09\/fotos-1-1-300x200.jpg",300,200,true],"medium_large":["https:\/\/autofans.com.ar\/wp-content\/uploads\/2023\/09\/fotos-1-1-768x512.jpg",640,427,true],"large":["https:\/\/autofans.com.ar\/wp-content\/uploads\/2023\/09\/fotos-1-1.jpg",640,427,false],"1536x1536":["https:\/\/autofans.com.ar\/wp-content\/uploads\/2023\/09\/fotos-1-1.jpg",1000,667,false],"2048x2048":["https:\/\/autofans.com.ar\/wp-content\/uploads\/2023\/09\/fotos-1-1.jpg",1000,667,false],"covernews-featured":["https:\/\/autofans.com.ar\/wp-content\/uploads\/2023\/09\/fotos-1-1.jpg",1000,667,false],"covernews-medium":["https:\/\/autofans.com.ar\/wp-content\/uploads\/2023\/09\/fotos-1-1-540x340.jpg",540,340,true]},"author_info":{"display_name":"Alejandro Gabriel Rosito","author_link":"https:\/\/autofans.com.ar\/index.php\/author\/gabrielr\/"},"category_info":"<a href=\"https:\/\/autofans.com.ar\/index.php\/category\/noticias\/motos\/\" rel=\"category tag\">MOTOS<\/a> <a href=\"https:\/\/autofans.com.ar\/index.php\/category\/noticias\/\" rel=\"category tag\">NOTICIAS<\/a>","tag_info":"NOTICIAS","comment_count":0,"_links":{"self":[{"href":"https:\/\/autofans.com.ar\/index.php\/wp-json\/wp\/v2\/posts\/5275","targetHints":{"allow":["GET"]}}],"collection":[{"href":"https:\/\/autofans.com.ar\/index.php\/wp-json\/wp\/v2\/posts"}],"about":[{"href":"https:\/\/autofans.com.ar\/index.php\/wp-json\/wp\/v2\/types\/post"}],"author":[{"embeddable":true,"href":"https:\/\/autofans.com.ar\/index.php\/wp-json\/wp\/v2\/users\/2"}],"replies":[{"embeddable":true,"href":"https:\/\/autofans.com.ar\/index.php\/wp-json\/wp\/v2\/comments?post=5275"}],"version-history":[{"count":1,"href":"https:\/\/autofans.com.ar\/index.php\/wp-json\/wp\/v2\/posts\/5275\/revisions"}],"predecessor-version":[{"id":5278,"href":"https:\/\/autofans.com.ar\/index.php\/wp-json\/wp\/v2\/posts\/5275\/revisions\/5278"}],"wp:featuredmedia":[{"embeddable":true,"href":"https:\/\/autofans.com.ar\/index.php\/wp-json\/wp\/v2\/media\/5277"}],"wp:attachment":[{"href":"https:\/\/autofans.com.ar\/index.php\/wp-json\/wp\/v2\/media?parent=5275"}],"wp:term":[{"taxonomy":"category","embeddable":true,"href":"https:\/\/autofans.com.ar\/index.php\/wp-json\/wp\/v2\/categories?post=5275"},{"taxonomy":"post_tag","embeddable":true,"href":"https:\/\/autofans.com.ar\/index.php\/wp-json\/wp\/v2\/tags?post=5275"}],"curies":[{"name":"wp","href":"https:\/\/api.w.org\/{rel}","templated":true}]}}