{"id":5279,"date":"2023-09-29T15:38:42","date_gmt":"2023-09-29T18:38:42","guid":{"rendered":"https:\/\/autofans.com.ar\/?p=5279"},"modified":"2023-09-29T15:38:42","modified_gmt":"2023-09-29T18:38:42","slug":"ducati-electrifica-las-pistas-con-la-v21l-en-el-motoe","status":"publish","type":"post","link":"https:\/\/autofans.com.ar\/index.php\/2023\/09\/29\/ducati-electrifica-las-pistas-con-la-v21l-en-el-motoe\/","title":{"rendered":"Ducati electrifica las pistas con la V21L en el MotoE"},"content":{"rendered":"<p>Ducati marca un hito en la electrificaci\u00f3n del motociclismo con la V21L en su debut en el Campeonato Mundial de MotoE. Descubr\u00ed c\u00f3mo esta moto el\u00e9ctrica revolucionaria se convirti\u00f3 en un \u00e9xito en su primera temporada y qu\u00e9 nos espera en el futuro de la electrificaci\u00f3n de Ducati.<\/p>\n<p>&nbsp;<\/p>\n<h2>Ducati V21L &#8211; \u00e9xito en el campeonato MotoE<\/h2>\n<p>En un emocionante giro de los acontecimientos en el mundo del motociclismo, Ducati ha dejado una marca indeleble en el Campeonato Mundial FIM EnEl de MotoE con su innovadora motocicleta el\u00e9ctrica, la V21L. Esta brillante primera temporada como proveedor exclusivo ha sido un \u00e9xito rotundo, con nuevos r\u00e9cords y una gran aceptaci\u00f3n por parte de pilotos y aficionados por igual.<\/p>\n<p>&nbsp;<\/p>\n<p><img fetchpriority=\"high\" decoding=\"async\" class=\"aligncenter wp-image-5283 size-full\" src=\"https:\/\/autofans.com.ar\/wp-content\/uploads\/2023\/09\/foto-3-37.jpg\" alt=\"Ducati\" width=\"1000\" height=\"667\" srcset=\"https:\/\/autofans.com.ar\/wp-content\/uploads\/2023\/09\/foto-3-37.jpg 1000w, https:\/\/autofans.com.ar\/wp-content\/uploads\/2023\/09\/foto-3-37-300x200.jpg 300w, https:\/\/autofans.com.ar\/wp-content\/uploads\/2023\/09\/foto-3-37-768x512.jpg 768w\" sizes=\"(max-width: 1000px) 100vw, 1000px\" \/><\/p>\n<p>&nbsp;<\/p>\n<p>En menos de dos a\u00f1os desde su primera aparici\u00f3n en pista, la Ducati V21L se ha ganado una reputaci\u00f3n como un hito en la electrificaci\u00f3n de las motos de competici\u00f3n. Desarrollada en colaboraci\u00f3n entre el Departamento de Investigaci\u00f3n &amp; Desarrollo de Ducati y Ducati Corse, esta moto el\u00e9ctrica \u00fanica ha impresionado a todos con sus soluciones t\u00e9cnicas vanguardistas en cuanto a motor, bater\u00eda e inversor de corriente.<\/p>\n<p>&nbsp;<\/p>\n<h2>Potencia, innovaci\u00f3n y velocidad en MotoE<\/h2>\n<p>Con 150 CV de potencia y un par m\u00e1ximo de 140 Nm, la V21L se ha comparado con la \u00abMotoGP de las motos el\u00e9ctricas\u00bb y ha superado las expectativas desde sus primeras pruebas en el circuito de Jerez en 2022. Su peso total de 225 kg, su distribuci\u00f3n de peso y su distancia entre ejes de 1.471 mm la convierten en una m\u00e1quina de alto rendimiento.<\/p>\n<p>Lo m\u00e1s sorprendente es su paquete de bater\u00edas, que pesa 110 kg y utiliza celdas cil\u00edndricas \u00ab21700\u00bb de alto rendimiento. Con un dise\u00f1o de distribuci\u00f3n de celdas \u00fanico y un sistema de refrigeraci\u00f3n l\u00edquida, esta bater\u00eda garantiza un rendimiento constante y una recarga r\u00e1pida despu\u00e9s de cada uso, un hito en el mundo de las motos el\u00e9ctricas.<\/p>\n<p>&nbsp;<\/p>\n<div id='gallery-1' class='gallery galleryid-5279 gallery-columns-3 gallery-size-full'><figure class='gallery-item'>\n\t\t\t<div class='gallery-icon landscape'>\n\t\t\t\t<a href='https:\/\/autofans.com.ar\/index.php\/2023\/09\/29\/ducati-electrifica-las-pistas-con-la-v21l-en-el-motoe\/foto-6-61\/'><img loading=\"lazy\" width=\"1000\" height=\"667\" src=\"https:\/\/autofans.com.ar\/wp-content\/uploads\/2023\/09\/foto-6-5.jpg\" class=\"attachment-full size-full\" alt=\"Ducati V21L\" srcset=\"https:\/\/autofans.com.ar\/wp-content\/uploads\/2023\/09\/foto-6-5.jpg 1000w, https:\/\/autofans.com.ar\/wp-content\/uploads\/2023\/09\/foto-6-5-300x200.jpg 300w, https:\/\/autofans.com.ar\/wp-content\/uploads\/2023\/09\/foto-6-5-768x512.jpg 768w\" sizes=\"auto, (max-width: 1000px) 100vw, 1000px\" loading=\"lazy\" decoding=\"async\" \/><\/a>\n\t\t\t<\/div><\/figure><figure class='gallery-item'>\n\t\t\t<div class='gallery-icon landscape'>\n\t\t\t\t<a href='https:\/\/autofans.com.ar\/index.php\/2023\/09\/29\/ducati-electrifica-las-pistas-con-la-v21l-en-el-motoe\/foto-4-174\/'><img loading=\"lazy\" width=\"1000\" height=\"667\" src=\"https:\/\/autofans.com.ar\/wp-content\/uploads\/2023\/09\/foto-4-23.jpg\" class=\"attachment-full size-full\" alt=\"Ducati V21L\" srcset=\"https:\/\/autofans.com.ar\/wp-content\/uploads\/2023\/09\/foto-4-23.jpg 1000w, https:\/\/autofans.com.ar\/wp-content\/uploads\/2023\/09\/foto-4-23-300x200.jpg 300w, https:\/\/autofans.com.ar\/wp-content\/uploads\/2023\/09\/foto-4-23-768x512.jpg 768w\" sizes=\"auto, (max-width: 1000px) 100vw, 1000px\" loading=\"lazy\" decoding=\"async\" \/><\/a>\n\t\t\t<\/div><\/figure><figure class='gallery-item'>\n\t\t\t<div class='gallery-icon landscape'>\n\t\t\t\t<a href='https:\/\/autofans.com.ar\/index.php\/2023\/09\/29\/ducati-electrifica-las-pistas-con-la-v21l-en-el-motoe\/foto-5-110\/'><img loading=\"lazy\" width=\"1000\" height=\"667\" src=\"https:\/\/autofans.com.ar\/wp-content\/uploads\/2023\/09\/foto-5-15.jpg\" class=\"attachment-full size-full\" alt=\"Ducati V21L\" srcset=\"https:\/\/autofans.com.ar\/wp-content\/uploads\/2023\/09\/foto-5-15.jpg 1000w, https:\/\/autofans.com.ar\/wp-content\/uploads\/2023\/09\/foto-5-15-300x200.jpg 300w, https:\/\/autofans.com.ar\/wp-content\/uploads\/2023\/09\/foto-5-15-768x512.jpg 768w\" sizes=\"auto, (max-width: 1000px) 100vw, 1000px\" loading=\"lazy\" decoding=\"async\" \/><\/a>\n\t\t\t<\/div><\/figure>\n\t\t<\/div>\n\n<p>&nbsp;<\/p>\n<p>La V21L ha llevado la competencia al l\u00edmite, mejorando los tiempos de vuelta anteriores en cada circuito y batiendo r\u00e9cords en la categor\u00eda Moto3 en muchos de ellos. Su impacto fue tan significativo que se exhibi\u00f3 en la IAA MOBILITY de M\u00fanich con una decoraci\u00f3n especial que rinde homenaje a la historia deportiva de Ducati.<\/p>\n<p>Pero esto es solo el comienzo. Ducati ya est\u00e1 trabajando en el desarrollo futuro de la MotoE, con el objetivo de superar sus propias marcas y mantenerse a la vanguardia de la electrificaci\u00f3n en el motociclismo. Este compromiso con la innovaci\u00f3n y la excelencia demuestra que Ducati est\u00e1 listo para satisfacer a sus apasionados seguidores con una moto deportiva el\u00e9ctrica que seguir\u00e1 haciendo historia.<\/p>\n<p>&nbsp;<\/p>\n<p><i>Para enterarte de m\u00e1s novedades, no dejes de leer\u00a0<\/i><a href=\"https:\/\/autofans.thebrandsoup.com\/\"><i>nuestras notas<\/i><\/a><i>, de ver<\/i><b><i>\u00a0<\/i><\/b><a href=\"https:\/\/www.youtube.com\/channel\/UCgAC8UGHZYbT6P7PpmVnP7g\"><b><i>AUTOFANS TV<\/i><\/b><\/a><b><i>\u00a0<\/i><\/b><i>en nuestro\u00a0canal de Youtube. Adem\u00e1s seguinos en\u00a0<\/i><a href=\"https:\/\/www.instagram.com\/autofanstv\/\"><i>INSTAGRAM<\/i><\/a><i> y <\/i><a href=\"https:\/\/www.facebook.com\/autofansmas\/\"><i>FACEBOOK<\/i><\/a><i> para no perderte nada sobre las novedades del segmento automotor de Argentina y el mundo.<\/i><\/p>\n","protected":false},"excerpt":{"rendered":"<p>Ducati marca un hito en la electrificaci\u00f3n del motociclismo con la V21L en su debut&#8230;<\/p>\n","protected":false},"author":2,"featured_media":5285,"comment_status":"closed","ping_status":"closed","sticky":false,"template":"","format":"standard","meta":{"footnotes":""},"categories":[4,16],"tags":[213,2649,219,542,2647,1615,2648],"class_list":["post-5279","post","type-post","status-publish","format-standard","has-post-thumbnail","hentry","category-motos","category-noticias","tag-innovacion","tag-campeonato-mundial-de-motoe","tag-ducati","tag-electromovilidad","tag-moto-electrica","tag-records-de-vuelta","tag-v21l"],"yoast_head":"<!-- This site is optimized with the Yoast SEO plugin v27.5 - https:\/\/yoast.com\/product\/yoast-seo-wordpress\/ -->\n<title>Ducati electrifica las pistas con la V21L en el MotoE -<\/title>\n<meta name=\"description\" content=\"Ducati marca un hito en la electrificaci\u00f3n con la V21L en su debut en el Campeonato Mundial de MotoE. \u00e9xito en su primera temporada...\" \/>\n<meta name=\"robots\" content=\"index, follow, max-snippet:-1, max-image-preview:large, max-video-preview:-1\" \/>\n<link rel=\"canonical\" href=\"https:\/\/autofans.com.ar\/index.php\/2023\/09\/29\/ducati-electrifica-las-pistas-con-la-v21l-en-el-motoe\/\" \/>\n<meta property=\"og:locale\" content=\"es_ES\" \/>\n<meta property=\"og:type\" content=\"article\" \/>\n<meta property=\"og:title\" content=\"Ducati electrifica las pistas con la V21L en el MotoE -\" \/>\n<meta property=\"og:description\" content=\"Ducati marca un hito en la electrificaci\u00f3n con la V21L en su debut en el Campeonato Mundial de MotoE. \u00e9xito en su primera temporada...\" \/>\n<meta property=\"og:url\" content=\"https:\/\/autofans.com.ar\/index.php\/2023\/09\/29\/ducati-electrifica-las-pistas-con-la-v21l-en-el-motoe\/\" \/>\n<meta property=\"article:published_time\" content=\"2023-09-29T18:38:42+00:00\" \/>\n<meta property=\"og:image\" content=\"https:\/\/autofans.com.ar\/wp-content\/uploads\/2023\/09\/foto-1-50.jpg\" \/>\n\t<meta property=\"og:image:width\" content=\"1000\" \/>\n\t<meta property=\"og:image:height\" content=\"667\" \/>\n\t<meta property=\"og:image:type\" content=\"image\/jpeg\" \/>\n<meta name=\"author\" content=\"Alejandro Gabriel Rosito\" \/>\n<meta name=\"twitter:card\" content=\"summary_large_image\" \/>\n<meta name=\"twitter:label1\" content=\"Escrito por\" \/>\n\t<meta name=\"twitter:data1\" content=\"Alejandro Gabriel Rosito\" \/>\n\t<meta name=\"twitter:label2\" content=\"Tiempo de lectura\" \/>\n\t<meta name=\"twitter:data2\" content=\"3 minutos\" \/>\n<script type=\"application\/ld+json\" class=\"yoast-schema-graph\">{\"@context\":\"https:\\\/\\\/schema.org\",\"@graph\":[{\"@type\":\"Article\",\"@id\":\"https:\\\/\\\/autofans.com.ar\\\/index.php\\\/2023\\\/09\\\/29\\\/ducati-electrifica-las-pistas-con-la-v21l-en-el-motoe\\\/#article\",\"isPartOf\":{\"@id\":\"https:\\\/\\\/autofans.com.ar\\\/index.php\\\/2023\\\/09\\\/29\\\/ducati-electrifica-las-pistas-con-la-v21l-en-el-motoe\\\/\"},\"author\":{\"name\":\"Alejandro Gabriel Rosito\",\"@id\":\"https:\\\/\\\/autofans.com.ar\\\/#\\\/schema\\\/person\\\/4a8dda0b6df83ac3d6723e921274c2aa\"},\"headline\":\"Ducati electrifica las pistas con la V21L en el MotoE\",\"datePublished\":\"2023-09-29T18:38:42+00:00\",\"mainEntityOfPage\":{\"@id\":\"https:\\\/\\\/autofans.com.ar\\\/index.php\\\/2023\\\/09\\\/29\\\/ducati-electrifica-las-pistas-con-la-v21l-en-el-motoe\\\/\"},\"wordCount\":536,\"image\":{\"@id\":\"https:\\\/\\\/autofans.com.ar\\\/index.php\\\/2023\\\/09\\\/29\\\/ducati-electrifica-las-pistas-con-la-v21l-en-el-motoe\\\/#primaryimage\"},\"thumbnailUrl\":\"https:\\\/\\\/autofans.com.ar\\\/wp-content\\\/uploads\\\/2023\\\/09\\\/foto-1-50.jpg\",\"keywords\":[\"#innovaci\u00f3n\",\"Campeonato Mundial de MotoE\",\"Ducati\",\"electromovilidad\",\"Moto el\u00e9ctrica\",\"r\u00e9cords de vuelta\",\"V21L\"],\"articleSection\":[\"MOTOS\",\"NOTICIAS\"],\"inLanguage\":\"es\"},{\"@type\":\"WebPage\",\"@id\":\"https:\\\/\\\/autofans.com.ar\\\/index.php\\\/2023\\\/09\\\/29\\\/ducati-electrifica-las-pistas-con-la-v21l-en-el-motoe\\\/\",\"url\":\"https:\\\/\\\/autofans.com.ar\\\/index.php\\\/2023\\\/09\\\/29\\\/ducati-electrifica-las-pistas-con-la-v21l-en-el-motoe\\\/\",\"name\":\"Ducati electrifica las pistas con la V21L en el MotoE -\",\"isPartOf\":{\"@id\":\"https:\\\/\\\/autofans.com.ar\\\/#website\"},\"primaryImageOfPage\":{\"@id\":\"https:\\\/\\\/autofans.com.ar\\\/index.php\\\/2023\\\/09\\\/29\\\/ducati-electrifica-las-pistas-con-la-v21l-en-el-motoe\\\/#primaryimage\"},\"image\":{\"@id\":\"https:\\\/\\\/autofans.com.ar\\\/index.php\\\/2023\\\/09\\\/29\\\/ducati-electrifica-las-pistas-con-la-v21l-en-el-motoe\\\/#primaryimage\"},\"thumbnailUrl\":\"https:\\\/\\\/autofans.com.ar\\\/wp-content\\\/uploads\\\/2023\\\/09\\\/foto-1-50.jpg\",\"datePublished\":\"2023-09-29T18:38:42+00:00\",\"author\":{\"@id\":\"https:\\\/\\\/autofans.com.ar\\\/#\\\/schema\\\/person\\\/4a8dda0b6df83ac3d6723e921274c2aa\"},\"description\":\"Ducati marca un hito en la electrificaci\u00f3n con la V21L en su debut en el Campeonato Mundial de MotoE. \u00e9xito en su primera temporada...\",\"breadcrumb\":{\"@id\":\"https:\\\/\\\/autofans.com.ar\\\/index.php\\\/2023\\\/09\\\/29\\\/ducati-electrifica-las-pistas-con-la-v21l-en-el-motoe\\\/#breadcrumb\"},\"inLanguage\":\"es\",\"potentialAction\":[{\"@type\":\"ReadAction\",\"target\":[\"https:\\\/\\\/autofans.com.ar\\\/index.php\\\/2023\\\/09\\\/29\\\/ducati-electrifica-las-pistas-con-la-v21l-en-el-motoe\\\/\"]}]},{\"@type\":\"ImageObject\",\"inLanguage\":\"es\",\"@id\":\"https:\\\/\\\/autofans.com.ar\\\/index.php\\\/2023\\\/09\\\/29\\\/ducati-electrifica-las-pistas-con-la-v21l-en-el-motoe\\\/#primaryimage\",\"url\":\"https:\\\/\\\/autofans.com.ar\\\/wp-content\\\/uploads\\\/2023\\\/09\\\/foto-1-50.jpg\",\"contentUrl\":\"https:\\\/\\\/autofans.com.ar\\\/wp-content\\\/uploads\\\/2023\\\/09\\\/foto-1-50.jpg\",\"width\":1000,\"height\":667,\"caption\":\"Ducati\"},{\"@type\":\"BreadcrumbList\",\"@id\":\"https:\\\/\\\/autofans.com.ar\\\/index.php\\\/2023\\\/09\\\/29\\\/ducati-electrifica-las-pistas-con-la-v21l-en-el-motoe\\\/#breadcrumb\",\"itemListElement\":[{\"@type\":\"ListItem\",\"position\":1,\"name\":\"Inicio\",\"item\":\"https:\\\/\\\/autofans.com.ar\\\/\"},{\"@type\":\"ListItem\",\"position\":2,\"name\":\"Ducati electrifica las pistas con la V21L en el MotoE\"}]},{\"@type\":\"WebSite\",\"@id\":\"https:\\\/\\\/autofans.com.ar\\\/#website\",\"url\":\"https:\\\/\\\/autofans.com.ar\\\/\",\"name\":\"\",\"description\":\"El multimedio referente de la industria automotriz\",\"potentialAction\":[{\"@type\":\"SearchAction\",\"target\":{\"@type\":\"EntryPoint\",\"urlTemplate\":\"https:\\\/\\\/autofans.com.ar\\\/?s={search_term_string}\"},\"query-input\":{\"@type\":\"PropertyValueSpecification\",\"valueRequired\":true,\"valueName\":\"search_term_string\"}}],\"inLanguage\":\"es\"},{\"@type\":\"Person\",\"@id\":\"https:\\\/\\\/autofans.com.ar\\\/#\\\/schema\\\/person\\\/4a8dda0b6df83ac3d6723e921274c2aa\",\"name\":\"Alejandro Gabriel Rosito\",\"image\":{\"@type\":\"ImageObject\",\"inLanguage\":\"es\",\"@id\":\"https:\\\/\\\/secure.gravatar.com\\\/avatar\\\/16c5dda1489adfc62618084dcbb91cffd879c374b13fe5dd8e44ed6733852c88?s=96&d=mm&r=g\",\"url\":\"https:\\\/\\\/secure.gravatar.com\\\/avatar\\\/16c5dda1489adfc62618084dcbb91cffd879c374b13fe5dd8e44ed6733852c88?s=96&d=mm&r=g\",\"contentUrl\":\"https:\\\/\\\/secure.gravatar.com\\\/avatar\\\/16c5dda1489adfc62618084dcbb91cffd879c374b13fe5dd8e44ed6733852c88?s=96&d=mm&r=g\",\"caption\":\"Alejandro Gabriel Rosito\"},\"url\":\"https:\\\/\\\/autofans.com.ar\\\/index.php\\\/author\\\/gabrielr\\\/\"}]}<\/script>\n<!-- \/ Yoast SEO plugin. -->","yoast_head_json":{"title":"Ducati electrifica las pistas con la V21L en el MotoE -","description":"Ducati marca un hito en la electrificaci\u00f3n con la V21L en su debut en el Campeonato Mundial de MotoE. \u00e9xito en su primera temporada...","robots":{"index":"index","follow":"follow","max-snippet":"max-snippet:-1","max-image-preview":"max-image-preview:large","max-video-preview":"max-video-preview:-1"},"canonical":"https:\/\/autofans.com.ar\/index.php\/2023\/09\/29\/ducati-electrifica-las-pistas-con-la-v21l-en-el-motoe\/","og_locale":"es_ES","og_type":"article","og_title":"Ducati electrifica las pistas con la V21L en el MotoE -","og_description":"Ducati marca un hito en la electrificaci\u00f3n con la V21L en su debut en el Campeonato Mundial de MotoE. \u00e9xito en su primera temporada...","og_url":"https:\/\/autofans.com.ar\/index.php\/2023\/09\/29\/ducati-electrifica-las-pistas-con-la-v21l-en-el-motoe\/","article_published_time":"2023-09-29T18:38:42+00:00","og_image":[{"width":1000,"height":667,"url":"https:\/\/autofans.com.ar\/wp-content\/uploads\/2023\/09\/foto-1-50.jpg","type":"image\/jpeg"}],"author":"Alejandro Gabriel Rosito","twitter_card":"summary_large_image","twitter_misc":{"Escrito por":"Alejandro Gabriel Rosito","Tiempo de lectura":"3 minutos"},"schema":{"@context":"https:\/\/schema.org","@graph":[{"@type":"Article","@id":"https:\/\/autofans.com.ar\/index.php\/2023\/09\/29\/ducati-electrifica-las-pistas-con-la-v21l-en-el-motoe\/#article","isPartOf":{"@id":"https:\/\/autofans.com.ar\/index.php\/2023\/09\/29\/ducati-electrifica-las-pistas-con-la-v21l-en-el-motoe\/"},"author":{"name":"Alejandro Gabriel Rosito","@id":"https:\/\/autofans.com.ar\/#\/schema\/person\/4a8dda0b6df83ac3d6723e921274c2aa"},"headline":"Ducati electrifica las pistas con la V21L en el MotoE","datePublished":"2023-09-29T18:38:42+00:00","mainEntityOfPage":{"@id":"https:\/\/autofans.com.ar\/index.php\/2023\/09\/29\/ducati-electrifica-las-pistas-con-la-v21l-en-el-motoe\/"},"wordCount":536,"image":{"@id":"https:\/\/autofans.com.ar\/index.php\/2023\/09\/29\/ducati-electrifica-las-pistas-con-la-v21l-en-el-motoe\/#primaryimage"},"thumbnailUrl":"https:\/\/autofans.com.ar\/wp-content\/uploads\/2023\/09\/foto-1-50.jpg","keywords":["#innovaci\u00f3n","Campeonato Mundial de MotoE","Ducati","electromovilidad","Moto el\u00e9ctrica","r\u00e9cords de vuelta","V21L"],"articleSection":["MOTOS","NOTICIAS"],"inLanguage":"es"},{"@type":"WebPage","@id":"https:\/\/autofans.com.ar\/index.php\/2023\/09\/29\/ducati-electrifica-las-pistas-con-la-v21l-en-el-motoe\/","url":"https:\/\/autofans.com.ar\/index.php\/2023\/09\/29\/ducati-electrifica-las-pistas-con-la-v21l-en-el-motoe\/","name":"Ducati electrifica las pistas con la V21L en el MotoE -","isPartOf":{"@id":"https:\/\/autofans.com.ar\/#website"},"primaryImageOfPage":{"@id":"https:\/\/autofans.com.ar\/index.php\/2023\/09\/29\/ducati-electrifica-las-pistas-con-la-v21l-en-el-motoe\/#primaryimage"},"image":{"@id":"https:\/\/autofans.com.ar\/index.php\/2023\/09\/29\/ducati-electrifica-las-pistas-con-la-v21l-en-el-motoe\/#primaryimage"},"thumbnailUrl":"https:\/\/autofans.com.ar\/wp-content\/uploads\/2023\/09\/foto-1-50.jpg","datePublished":"2023-09-29T18:38:42+00:00","author":{"@id":"https:\/\/autofans.com.ar\/#\/schema\/person\/4a8dda0b6df83ac3d6723e921274c2aa"},"description":"Ducati marca un hito en la electrificaci\u00f3n con la V21L en su debut en el Campeonato Mundial de MotoE. \u00e9xito en su primera temporada...","breadcrumb":{"@id":"https:\/\/autofans.com.ar\/index.php\/2023\/09\/29\/ducati-electrifica-las-pistas-con-la-v21l-en-el-motoe\/#breadcrumb"},"inLanguage":"es","potentialAction":[{"@type":"ReadAction","target":["https:\/\/autofans.com.ar\/index.php\/2023\/09\/29\/ducati-electrifica-las-pistas-con-la-v21l-en-el-motoe\/"]}]},{"@type":"ImageObject","inLanguage":"es","@id":"https:\/\/autofans.com.ar\/index.php\/2023\/09\/29\/ducati-electrifica-las-pistas-con-la-v21l-en-el-motoe\/#primaryimage","url":"https:\/\/autofans.com.ar\/wp-content\/uploads\/2023\/09\/foto-1-50.jpg","contentUrl":"https:\/\/autofans.com.ar\/wp-content\/uploads\/2023\/09\/foto-1-50.jpg","width":1000,"height":667,"caption":"Ducati"},{"@type":"BreadcrumbList","@id":"https:\/\/autofans.com.ar\/index.php\/2023\/09\/29\/ducati-electrifica-las-pistas-con-la-v21l-en-el-motoe\/#breadcrumb","itemListElement":[{"@type":"ListItem","position":1,"name":"Inicio","item":"https:\/\/autofans.com.ar\/"},{"@type":"ListItem","position":2,"name":"Ducati electrifica las pistas con la V21L en el MotoE"}]},{"@type":"WebSite","@id":"https:\/\/autofans.com.ar\/#website","url":"https:\/\/autofans.com.ar\/","name":"","description":"El multimedio referente de la industria automotriz","potentialAction":[{"@type":"SearchAction","target":{"@type":"EntryPoint","urlTemplate":"https:\/\/autofans.com.ar\/?s={search_term_string}"},"query-input":{"@type":"PropertyValueSpecification","valueRequired":true,"valueName":"search_term_string"}}],"inLanguage":"es"},{"@type":"Person","@id":"https:\/\/autofans.com.ar\/#\/schema\/person\/4a8dda0b6df83ac3d6723e921274c2aa","name":"Alejandro Gabriel Rosito","image":{"@type":"ImageObject","inLanguage":"es","@id":"https:\/\/secure.gravatar.com\/avatar\/16c5dda1489adfc62618084dcbb91cffd879c374b13fe5dd8e44ed6733852c88?s=96&d=mm&r=g","url":"https:\/\/secure.gravatar.com\/avatar\/16c5dda1489adfc62618084dcbb91cffd879c374b13fe5dd8e44ed6733852c88?s=96&d=mm&r=g","contentUrl":"https:\/\/secure.gravatar.com\/avatar\/16c5dda1489adfc62618084dcbb91cffd879c374b13fe5dd8e44ed6733852c88?s=96&d=mm&r=g","caption":"Alejandro Gabriel Rosito"},"url":"https:\/\/autofans.com.ar\/index.php\/author\/gabrielr\/"}]}},"featured_image_urls":{"full":["https:\/\/autofans.com.ar\/wp-content\/uploads\/2023\/09\/foto-1-50.jpg",1000,667,false],"thumbnail":["https:\/\/autofans.com.ar\/wp-content\/uploads\/2023\/09\/foto-1-50-150x150.jpg",150,150,true],"medium":["https:\/\/autofans.com.ar\/wp-content\/uploads\/2023\/09\/foto-1-50-300x200.jpg",300,200,true],"medium_large":["https:\/\/autofans.com.ar\/wp-content\/uploads\/2023\/09\/foto-1-50-768x512.jpg",640,427,true],"large":["https:\/\/autofans.com.ar\/wp-content\/uploads\/2023\/09\/foto-1-50.jpg",640,427,false],"1536x1536":["https:\/\/autofans.com.ar\/wp-content\/uploads\/2023\/09\/foto-1-50.jpg",1000,667,false],"2048x2048":["https:\/\/autofans.com.ar\/wp-content\/uploads\/2023\/09\/foto-1-50.jpg",1000,667,false],"covernews-featured":["https:\/\/autofans.com.ar\/wp-content\/uploads\/2023\/09\/foto-1-50.jpg",1000,667,false],"covernews-medium":["https:\/\/autofans.com.ar\/wp-content\/uploads\/2023\/09\/foto-1-50-540x340.jpg",540,340,true]},"author_info":{"display_name":"Alejandro Gabriel Rosito","author_link":"https:\/\/autofans.com.ar\/index.php\/author\/gabrielr\/"},"category_info":"<a href=\"https:\/\/autofans.com.ar\/index.php\/category\/noticias\/motos\/\" rel=\"category tag\">MOTOS<\/a> <a href=\"https:\/\/autofans.com.ar\/index.php\/category\/noticias\/\" rel=\"category tag\">NOTICIAS<\/a>","tag_info":"NOTICIAS","comment_count":0,"_links":{"self":[{"href":"https:\/\/autofans.com.ar\/index.php\/wp-json\/wp\/v2\/posts\/5279","targetHints":{"allow":["GET"]}}],"collection":[{"href":"https:\/\/autofans.com.ar\/index.php\/wp-json\/wp\/v2\/posts"}],"about":[{"href":"https:\/\/autofans.com.ar\/index.php\/wp-json\/wp\/v2\/types\/post"}],"author":[{"embeddable":true,"href":"https:\/\/autofans.com.ar\/index.php\/wp-json\/wp\/v2\/users\/2"}],"replies":[{"embeddable":true,"href":"https:\/\/autofans.com.ar\/index.php\/wp-json\/wp\/v2\/comments?post=5279"}],"version-history":[{"count":1,"href":"https:\/\/autofans.com.ar\/index.php\/wp-json\/wp\/v2\/posts\/5279\/revisions"}],"predecessor-version":[{"id":5286,"href":"https:\/\/autofans.com.ar\/index.php\/wp-json\/wp\/v2\/posts\/5279\/revisions\/5286"}],"wp:featuredmedia":[{"embeddable":true,"href":"https:\/\/autofans.com.ar\/index.php\/wp-json\/wp\/v2\/media\/5285"}],"wp:attachment":[{"href":"https:\/\/autofans.com.ar\/index.php\/wp-json\/wp\/v2\/media?parent=5279"}],"wp:term":[{"taxonomy":"category","embeddable":true,"href":"https:\/\/autofans.com.ar\/index.php\/wp-json\/wp\/v2\/categories?post=5279"},{"taxonomy":"post_tag","embeddable":true,"href":"https:\/\/autofans.com.ar\/index.php\/wp-json\/wp\/v2\/tags?post=5279"}],"curies":[{"name":"wp","href":"https:\/\/api.w.org\/{rel}","templated":true}]}}