{"id":5287,"date":"2023-09-29T20:33:52","date_gmt":"2023-09-29T23:33:52","guid":{"rendered":"https:\/\/autofans.com.ar\/?p=5287"},"modified":"2023-09-29T20:33:52","modified_gmt":"2023-09-29T23:33:52","slug":"mercedes-benz-duplica-capacitacion-en-su-red-de-concesionarios","status":"publish","type":"post","link":"https:\/\/autofans.com.ar\/index.php\/2023\/09\/29\/mercedes-benz-duplica-capacitacion-en-su-red-de-concesionarios\/","title":{"rendered":"Mercedes-Benz &#8211; duplica capacitaci\u00f3n en su red de concesionarios"},"content":{"rendered":"<p>Mercedes-Benz Camiones y Buses, l\u00edder en la industria automotriz, est\u00e1 dando un paso gigante en su compromiso con la capacitaci\u00f3n y la excelencia en su Red de Concesionarios en Argentina. Bajo el lema \u00abKil\u00f3metro a Kil\u00f3metro\u00bb, la compa\u00f1\u00eda se enfoca en tres pilares fundamentales: satisfacci\u00f3n del cliente, rentabilidad y negocio sostenible. Para lograrlo, est\u00e1n duplicando la formaci\u00f3n y profesionalizaci\u00f3n de su personal en su avanzado Training Center ubicado en Tortuguitas.<\/p>\n<p>&nbsp;<\/p>\n<h2>Training center de Mercedes-Benz<\/h2>\n<p>En un esfuerzo por ofrecer la mejor atenci\u00f3n y servicio a sus clientes, Mercedes-Benz est\u00e1 enfocando sus esfuerzos en la capacitaci\u00f3n de su personal en el Training Center de vanguardia. Este centro de 3.300 metros cuadrados est\u00e1 equipado con aulas talleres, aulas de ventas y gerencial, y aulas de IT para capacitaci\u00f3n en procesos y sistemas. Adem\u00e1s, cuenta con comodidades que garantizan un ambiente propicio para la formaci\u00f3n.<\/p>\n<p>&nbsp;<\/p>\n<p><img fetchpriority=\"high\" decoding=\"async\" class=\"aligncenter wp-image-5288 size-full\" src=\"https:\/\/autofans.com.ar\/wp-content\/uploads\/2023\/09\/foto-3-38.jpg\" alt=\"Mercedes-Benz\" width=\"1000\" height=\"667\" srcset=\"https:\/\/autofans.com.ar\/wp-content\/uploads\/2023\/09\/foto-3-38.jpg 1000w, https:\/\/autofans.com.ar\/wp-content\/uploads\/2023\/09\/foto-3-38-300x200.jpg 300w, https:\/\/autofans.com.ar\/wp-content\/uploads\/2023\/09\/foto-3-38-768x512.jpg 768w\" sizes=\"(max-width: 1000px) 100vw, 1000px\" \/><\/p>\n<p>&nbsp;<\/p>\n<p>La capacitaci\u00f3n se imparte de manera flexible, con cursos tanto presenciales como virtuales interactivos, adaptados a las necesidades de aprendizaje de su personal. Los instructores est\u00e1n certificados por Daimler Truck AG y siguen los est\u00e1ndares globales de la corporaci\u00f3n, lo que garantiza la calidad de la formaci\u00f3n.<\/p>\n<p>&nbsp;<\/p>\n<h2>Est\u00e1ndares globales de capacitaci\u00f3n<\/h2>\n<p>Mercedes-Benz Camiones y Buses tambi\u00e9n est\u00e1 certificada a nivel global por Daimler Truck, y se someter\u00e1 a una recertificaci\u00f3n en 2025, asegurando que sus t\u00e9cnicos tengan los mismos est\u00e1ndares internacionales de conocimientos y habilidades que sus colegas en todo el mundo.<\/p>\n<p>La compa\u00f1\u00eda ofrece un extenso cat\u00e1logo de casi 2.000 horas de formaci\u00f3n para los diversos perfiles que trabajan en su Red Comercial, garantizando un alto nivel de competencia en su equipo.<\/p>\n<p>Para el a\u00f1o 2024, Mercedes-Benz Camiones y Buses tiene como objetivo duplicar la cantidad de horas de capacitaci\u00f3n y el n\u00famero de personas calificadas en su Red Comercial, demostrando su compromiso constante con la excelencia y la mejora continua.<\/p>\n<p>&nbsp;<\/p>\n<figure id=\"attachment_5289\" aria-describedby=\"caption-attachment-5289\" style=\"width: 1000px\" class=\"wp-caption aligncenter\"><img decoding=\"async\" class=\"wp-image-5289 size-full\" src=\"https:\/\/autofans.com.ar\/wp-content\/uploads\/2023\/09\/foto-2-49.jpg\" alt=\"Mercedes-Benz\" width=\"1000\" height=\"667\" srcset=\"https:\/\/autofans.com.ar\/wp-content\/uploads\/2023\/09\/foto-2-49.jpg 1000w, https:\/\/autofans.com.ar\/wp-content\/uploads\/2023\/09\/foto-2-49-300x200.jpg 300w, https:\/\/autofans.com.ar\/wp-content\/uploads\/2023\/09\/foto-2-49-768x512.jpg 768w\" sizes=\"(max-width: 1000px) 100vw, 1000px\" \/><figcaption id=\"caption-attachment-5289\" class=\"wp-caption-text\">Instructores certificados por Daimler Truck. Mercedes-Benz Camiones y Buses<\/figcaption><\/figure>\n<p>&nbsp;<\/p>\n<p>La Red Comercial tambi\u00e9n est\u00e1 realizando inversiones significativas en infraestructura para adecuar cada concesionario y taller a los est\u00e1ndares de calidad establecidos por Daimler Truck AG a nivel mundial, proyectando una inversi\u00f3n de m\u00e1s de USD10.000.000 para 2025.<\/p>\n<p>Esta inversi\u00f3n en capacitaci\u00f3n y mejora de infraestructura refleja el compromiso de Mercedes-Benz Camiones y Buses con la excelencia y la mejora continua, asegurando que su Red Comercial est\u00e9 a la vanguardia de la industria y brinde un servicio excepcional a sus clientes, contribuyendo al crecimiento sostenible de su negocio en Argentina.<\/p>\n<p>&nbsp;<\/p>\n<p>&nbsp;<\/p>\n<p><i>Para enterarte de m\u00e1s novedades, no dejes de leer\u00a0<\/i><a href=\"https:\/\/autofans.thebrandsoup.com\/\"><i>nuestras notas<\/i><\/a><i>, de ver<\/i><b><i>\u00a0<\/i><\/b><a href=\"https:\/\/www.youtube.com\/channel\/UCgAC8UGHZYbT6P7PpmVnP7g\"><b><i>AUTOFANS TV<\/i><\/b><\/a><b><i>\u00a0<\/i><\/b><i>en nuestro\u00a0canal de Youtube. Adem\u00e1s seguinos en\u00a0<\/i><a href=\"https:\/\/www.instagram.com\/autofanstv\/\"><i>INSTAGRAM<\/i><\/a><i> y <\/i><a href=\"https:\/\/www.facebook.com\/autofansmas\/\"><i>FACEBOOK<\/i><\/a><i> para no perderte nada sobre las novedades del segmento automotor de Argentina y el mundo.<\/i><\/p>\n","protected":false},"excerpt":{"rendered":"<p>Mercedes-Benz Camiones y Buses, l\u00edder en la industria automotriz, est\u00e1 dando un paso gigante en&#8230;<\/p>\n","protected":false},"author":2,"featured_media":5290,"comment_status":"closed","ping_status":"closed","sticky":false,"template":"","format":"standard","meta":{"footnotes":""},"categories":[16,10],"tags":[38,2650,2652,86,364,1351,2651],"class_list":["post-5287","post","type-post","status-publish","format-standard","has-post-thumbnail","hentry","category-noticias","category-utilitarios-y-pesados-lanzamientos","tag-argentina","tag-capacitacion-automotriz","tag-excelencia-en-servicio","tag-industria-automotriz","tag-mercedes-benz","tag-red-de-concesionarios","tag-training-center"],"yoast_head":"<!-- This site is optimized with the Yoast SEO plugin v27.5 - https:\/\/yoast.com\/product\/yoast-seo-wordpress\/ -->\n<title>Mercedes-Benz - duplica capacitaci\u00f3n en su red de concesionarios -<\/title>\n<meta name=\"description\" content=\"Mercedes-Benz Camiones y Buses, l\u00edder en la industria automotriz, est\u00e1 dando un paso gigante en su compromiso con la capacitaci\u00f3n...\" \/>\n<meta name=\"robots\" content=\"index, follow, max-snippet:-1, max-image-preview:large, max-video-preview:-1\" \/>\n<link rel=\"canonical\" href=\"https:\/\/autofans.com.ar\/index.php\/2023\/09\/29\/mercedes-benz-duplica-capacitacion-en-su-red-de-concesionarios\/\" \/>\n<meta property=\"og:locale\" content=\"es_ES\" \/>\n<meta property=\"og:type\" content=\"article\" \/>\n<meta property=\"og:title\" content=\"Mercedes-Benz - duplica capacitaci\u00f3n en su red de concesionarios -\" \/>\n<meta property=\"og:description\" content=\"Mercedes-Benz Camiones y Buses, l\u00edder en la industria automotriz, est\u00e1 dando un paso gigante en su compromiso con la capacitaci\u00f3n...\" \/>\n<meta property=\"og:url\" content=\"https:\/\/autofans.com.ar\/index.php\/2023\/09\/29\/mercedes-benz-duplica-capacitacion-en-su-red-de-concesionarios\/\" \/>\n<meta property=\"article:published_time\" content=\"2023-09-29T23:33:52+00:00\" \/>\n<meta property=\"og:image\" content=\"https:\/\/autofans.com.ar\/wp-content\/uploads\/2023\/09\/foto-1-51.jpg\" \/>\n\t<meta property=\"og:image:width\" content=\"1000\" \/>\n\t<meta property=\"og:image:height\" content=\"667\" \/>\n\t<meta property=\"og:image:type\" content=\"image\/jpeg\" \/>\n<meta name=\"author\" content=\"Alejandro Gabriel Rosito\" \/>\n<meta name=\"twitter:card\" content=\"summary_large_image\" \/>\n<meta name=\"twitter:label1\" content=\"Escrito por\" \/>\n\t<meta name=\"twitter:data1\" content=\"Alejandro Gabriel Rosito\" \/>\n\t<meta name=\"twitter:label2\" content=\"Tiempo de lectura\" \/>\n\t<meta name=\"twitter:data2\" content=\"3 minutos\" \/>\n<script type=\"application\/ld+json\" class=\"yoast-schema-graph\">{\"@context\":\"https:\\\/\\\/schema.org\",\"@graph\":[{\"@type\":\"Article\",\"@id\":\"https:\\\/\\\/autofans.com.ar\\\/index.php\\\/2023\\\/09\\\/29\\\/mercedes-benz-duplica-capacitacion-en-su-red-de-concesionarios\\\/#article\",\"isPartOf\":{\"@id\":\"https:\\\/\\\/autofans.com.ar\\\/index.php\\\/2023\\\/09\\\/29\\\/mercedes-benz-duplica-capacitacion-en-su-red-de-concesionarios\\\/\"},\"author\":{\"name\":\"Alejandro Gabriel Rosito\",\"@id\":\"https:\\\/\\\/autofans.com.ar\\\/#\\\/schema\\\/person\\\/4a8dda0b6df83ac3d6723e921274c2aa\"},\"headline\":\"Mercedes-Benz &#8211; duplica capacitaci\u00f3n en su red de concesionarios\",\"datePublished\":\"2023-09-29T23:33:52+00:00\",\"mainEntityOfPage\":{\"@id\":\"https:\\\/\\\/autofans.com.ar\\\/index.php\\\/2023\\\/09\\\/29\\\/mercedes-benz-duplica-capacitacion-en-su-red-de-concesionarios\\\/\"},\"wordCount\":503,\"image\":{\"@id\":\"https:\\\/\\\/autofans.com.ar\\\/index.php\\\/2023\\\/09\\\/29\\\/mercedes-benz-duplica-capacitacion-en-su-red-de-concesionarios\\\/#primaryimage\"},\"thumbnailUrl\":\"https:\\\/\\\/autofans.com.ar\\\/wp-content\\\/uploads\\\/2023\\\/09\\\/foto-1-51.jpg\",\"keywords\":[\"Argentina\",\"capacitaci\u00f3n automotriz\",\"excelencia en servicio\",\"Industria Automotriz\",\"Mercedes-Benz\",\"Red de Concesionarios\",\"Training Center\"],\"articleSection\":[\"NOTICIAS\",\"Pick Ups, Utilitarios y Pesados\"],\"inLanguage\":\"es\"},{\"@type\":\"WebPage\",\"@id\":\"https:\\\/\\\/autofans.com.ar\\\/index.php\\\/2023\\\/09\\\/29\\\/mercedes-benz-duplica-capacitacion-en-su-red-de-concesionarios\\\/\",\"url\":\"https:\\\/\\\/autofans.com.ar\\\/index.php\\\/2023\\\/09\\\/29\\\/mercedes-benz-duplica-capacitacion-en-su-red-de-concesionarios\\\/\",\"name\":\"Mercedes-Benz - duplica capacitaci\u00f3n en su red de concesionarios -\",\"isPartOf\":{\"@id\":\"https:\\\/\\\/autofans.com.ar\\\/#website\"},\"primaryImageOfPage\":{\"@id\":\"https:\\\/\\\/autofans.com.ar\\\/index.php\\\/2023\\\/09\\\/29\\\/mercedes-benz-duplica-capacitacion-en-su-red-de-concesionarios\\\/#primaryimage\"},\"image\":{\"@id\":\"https:\\\/\\\/autofans.com.ar\\\/index.php\\\/2023\\\/09\\\/29\\\/mercedes-benz-duplica-capacitacion-en-su-red-de-concesionarios\\\/#primaryimage\"},\"thumbnailUrl\":\"https:\\\/\\\/autofans.com.ar\\\/wp-content\\\/uploads\\\/2023\\\/09\\\/foto-1-51.jpg\",\"datePublished\":\"2023-09-29T23:33:52+00:00\",\"author\":{\"@id\":\"https:\\\/\\\/autofans.com.ar\\\/#\\\/schema\\\/person\\\/4a8dda0b6df83ac3d6723e921274c2aa\"},\"description\":\"Mercedes-Benz Camiones y Buses, l\u00edder en la industria automotriz, est\u00e1 dando un paso gigante en su compromiso con la capacitaci\u00f3n...\",\"breadcrumb\":{\"@id\":\"https:\\\/\\\/autofans.com.ar\\\/index.php\\\/2023\\\/09\\\/29\\\/mercedes-benz-duplica-capacitacion-en-su-red-de-concesionarios\\\/#breadcrumb\"},\"inLanguage\":\"es\",\"potentialAction\":[{\"@type\":\"ReadAction\",\"target\":[\"https:\\\/\\\/autofans.com.ar\\\/index.php\\\/2023\\\/09\\\/29\\\/mercedes-benz-duplica-capacitacion-en-su-red-de-concesionarios\\\/\"]}]},{\"@type\":\"ImageObject\",\"inLanguage\":\"es\",\"@id\":\"https:\\\/\\\/autofans.com.ar\\\/index.php\\\/2023\\\/09\\\/29\\\/mercedes-benz-duplica-capacitacion-en-su-red-de-concesionarios\\\/#primaryimage\",\"url\":\"https:\\\/\\\/autofans.com.ar\\\/wp-content\\\/uploads\\\/2023\\\/09\\\/foto-1-51.jpg\",\"contentUrl\":\"https:\\\/\\\/autofans.com.ar\\\/wp-content\\\/uploads\\\/2023\\\/09\\\/foto-1-51.jpg\",\"width\":1000,\"height\":667,\"caption\":\"Mercedes-Benz\"},{\"@type\":\"BreadcrumbList\",\"@id\":\"https:\\\/\\\/autofans.com.ar\\\/index.php\\\/2023\\\/09\\\/29\\\/mercedes-benz-duplica-capacitacion-en-su-red-de-concesionarios\\\/#breadcrumb\",\"itemListElement\":[{\"@type\":\"ListItem\",\"position\":1,\"name\":\"Inicio\",\"item\":\"https:\\\/\\\/autofans.com.ar\\\/\"},{\"@type\":\"ListItem\",\"position\":2,\"name\":\"Mercedes-Benz &#8211; duplica capacitaci\u00f3n en su red de concesionarios\"}]},{\"@type\":\"WebSite\",\"@id\":\"https:\\\/\\\/autofans.com.ar\\\/#website\",\"url\":\"https:\\\/\\\/autofans.com.ar\\\/\",\"name\":\"\",\"description\":\"El multimedio referente de la industria automotriz\",\"potentialAction\":[{\"@type\":\"SearchAction\",\"target\":{\"@type\":\"EntryPoint\",\"urlTemplate\":\"https:\\\/\\\/autofans.com.ar\\\/?s={search_term_string}\"},\"query-input\":{\"@type\":\"PropertyValueSpecification\",\"valueRequired\":true,\"valueName\":\"search_term_string\"}}],\"inLanguage\":\"es\"},{\"@type\":\"Person\",\"@id\":\"https:\\\/\\\/autofans.com.ar\\\/#\\\/schema\\\/person\\\/4a8dda0b6df83ac3d6723e921274c2aa\",\"name\":\"Alejandro Gabriel Rosito\",\"image\":{\"@type\":\"ImageObject\",\"inLanguage\":\"es\",\"@id\":\"https:\\\/\\\/secure.gravatar.com\\\/avatar\\\/16c5dda1489adfc62618084dcbb91cffd879c374b13fe5dd8e44ed6733852c88?s=96&d=mm&r=g\",\"url\":\"https:\\\/\\\/secure.gravatar.com\\\/avatar\\\/16c5dda1489adfc62618084dcbb91cffd879c374b13fe5dd8e44ed6733852c88?s=96&d=mm&r=g\",\"contentUrl\":\"https:\\\/\\\/secure.gravatar.com\\\/avatar\\\/16c5dda1489adfc62618084dcbb91cffd879c374b13fe5dd8e44ed6733852c88?s=96&d=mm&r=g\",\"caption\":\"Alejandro Gabriel Rosito\"},\"url\":\"https:\\\/\\\/autofans.com.ar\\\/index.php\\\/author\\\/gabrielr\\\/\"}]}<\/script>\n<!-- \/ Yoast SEO plugin. -->","yoast_head_json":{"title":"Mercedes-Benz - duplica capacitaci\u00f3n en su red de concesionarios -","description":"Mercedes-Benz Camiones y Buses, l\u00edder en la industria automotriz, est\u00e1 dando un paso gigante en su compromiso con la capacitaci\u00f3n...","robots":{"index":"index","follow":"follow","max-snippet":"max-snippet:-1","max-image-preview":"max-image-preview:large","max-video-preview":"max-video-preview:-1"},"canonical":"https:\/\/autofans.com.ar\/index.php\/2023\/09\/29\/mercedes-benz-duplica-capacitacion-en-su-red-de-concesionarios\/","og_locale":"es_ES","og_type":"article","og_title":"Mercedes-Benz - duplica capacitaci\u00f3n en su red de concesionarios -","og_description":"Mercedes-Benz Camiones y Buses, l\u00edder en la industria automotriz, est\u00e1 dando un paso gigante en su compromiso con la capacitaci\u00f3n...","og_url":"https:\/\/autofans.com.ar\/index.php\/2023\/09\/29\/mercedes-benz-duplica-capacitacion-en-su-red-de-concesionarios\/","article_published_time":"2023-09-29T23:33:52+00:00","og_image":[{"width":1000,"height":667,"url":"https:\/\/autofans.com.ar\/wp-content\/uploads\/2023\/09\/foto-1-51.jpg","type":"image\/jpeg"}],"author":"Alejandro Gabriel Rosito","twitter_card":"summary_large_image","twitter_misc":{"Escrito por":"Alejandro Gabriel Rosito","Tiempo de lectura":"3 minutos"},"schema":{"@context":"https:\/\/schema.org","@graph":[{"@type":"Article","@id":"https:\/\/autofans.com.ar\/index.php\/2023\/09\/29\/mercedes-benz-duplica-capacitacion-en-su-red-de-concesionarios\/#article","isPartOf":{"@id":"https:\/\/autofans.com.ar\/index.php\/2023\/09\/29\/mercedes-benz-duplica-capacitacion-en-su-red-de-concesionarios\/"},"author":{"name":"Alejandro Gabriel Rosito","@id":"https:\/\/autofans.com.ar\/#\/schema\/person\/4a8dda0b6df83ac3d6723e921274c2aa"},"headline":"Mercedes-Benz &#8211; duplica capacitaci\u00f3n en su red de concesionarios","datePublished":"2023-09-29T23:33:52+00:00","mainEntityOfPage":{"@id":"https:\/\/autofans.com.ar\/index.php\/2023\/09\/29\/mercedes-benz-duplica-capacitacion-en-su-red-de-concesionarios\/"},"wordCount":503,"image":{"@id":"https:\/\/autofans.com.ar\/index.php\/2023\/09\/29\/mercedes-benz-duplica-capacitacion-en-su-red-de-concesionarios\/#primaryimage"},"thumbnailUrl":"https:\/\/autofans.com.ar\/wp-content\/uploads\/2023\/09\/foto-1-51.jpg","keywords":["Argentina","capacitaci\u00f3n automotriz","excelencia en servicio","Industria Automotriz","Mercedes-Benz","Red de Concesionarios","Training Center"],"articleSection":["NOTICIAS","Pick Ups, Utilitarios y Pesados"],"inLanguage":"es"},{"@type":"WebPage","@id":"https:\/\/autofans.com.ar\/index.php\/2023\/09\/29\/mercedes-benz-duplica-capacitacion-en-su-red-de-concesionarios\/","url":"https:\/\/autofans.com.ar\/index.php\/2023\/09\/29\/mercedes-benz-duplica-capacitacion-en-su-red-de-concesionarios\/","name":"Mercedes-Benz - duplica capacitaci\u00f3n en su red de concesionarios -","isPartOf":{"@id":"https:\/\/autofans.com.ar\/#website"},"primaryImageOfPage":{"@id":"https:\/\/autofans.com.ar\/index.php\/2023\/09\/29\/mercedes-benz-duplica-capacitacion-en-su-red-de-concesionarios\/#primaryimage"},"image":{"@id":"https:\/\/autofans.com.ar\/index.php\/2023\/09\/29\/mercedes-benz-duplica-capacitacion-en-su-red-de-concesionarios\/#primaryimage"},"thumbnailUrl":"https:\/\/autofans.com.ar\/wp-content\/uploads\/2023\/09\/foto-1-51.jpg","datePublished":"2023-09-29T23:33:52+00:00","author":{"@id":"https:\/\/autofans.com.ar\/#\/schema\/person\/4a8dda0b6df83ac3d6723e921274c2aa"},"description":"Mercedes-Benz Camiones y Buses, l\u00edder en la industria automotriz, est\u00e1 dando un paso gigante en su compromiso con la capacitaci\u00f3n...","breadcrumb":{"@id":"https:\/\/autofans.com.ar\/index.php\/2023\/09\/29\/mercedes-benz-duplica-capacitacion-en-su-red-de-concesionarios\/#breadcrumb"},"inLanguage":"es","potentialAction":[{"@type":"ReadAction","target":["https:\/\/autofans.com.ar\/index.php\/2023\/09\/29\/mercedes-benz-duplica-capacitacion-en-su-red-de-concesionarios\/"]}]},{"@type":"ImageObject","inLanguage":"es","@id":"https:\/\/autofans.com.ar\/index.php\/2023\/09\/29\/mercedes-benz-duplica-capacitacion-en-su-red-de-concesionarios\/#primaryimage","url":"https:\/\/autofans.com.ar\/wp-content\/uploads\/2023\/09\/foto-1-51.jpg","contentUrl":"https:\/\/autofans.com.ar\/wp-content\/uploads\/2023\/09\/foto-1-51.jpg","width":1000,"height":667,"caption":"Mercedes-Benz"},{"@type":"BreadcrumbList","@id":"https:\/\/autofans.com.ar\/index.php\/2023\/09\/29\/mercedes-benz-duplica-capacitacion-en-su-red-de-concesionarios\/#breadcrumb","itemListElement":[{"@type":"ListItem","position":1,"name":"Inicio","item":"https:\/\/autofans.com.ar\/"},{"@type":"ListItem","position":2,"name":"Mercedes-Benz &#8211; duplica capacitaci\u00f3n en su red de concesionarios"}]},{"@type":"WebSite","@id":"https:\/\/autofans.com.ar\/#website","url":"https:\/\/autofans.com.ar\/","name":"","description":"El multimedio referente de la industria automotriz","potentialAction":[{"@type":"SearchAction","target":{"@type":"EntryPoint","urlTemplate":"https:\/\/autofans.com.ar\/?s={search_term_string}"},"query-input":{"@type":"PropertyValueSpecification","valueRequired":true,"valueName":"search_term_string"}}],"inLanguage":"es"},{"@type":"Person","@id":"https:\/\/autofans.com.ar\/#\/schema\/person\/4a8dda0b6df83ac3d6723e921274c2aa","name":"Alejandro Gabriel Rosito","image":{"@type":"ImageObject","inLanguage":"es","@id":"https:\/\/secure.gravatar.com\/avatar\/16c5dda1489adfc62618084dcbb91cffd879c374b13fe5dd8e44ed6733852c88?s=96&d=mm&r=g","url":"https:\/\/secure.gravatar.com\/avatar\/16c5dda1489adfc62618084dcbb91cffd879c374b13fe5dd8e44ed6733852c88?s=96&d=mm&r=g","contentUrl":"https:\/\/secure.gravatar.com\/avatar\/16c5dda1489adfc62618084dcbb91cffd879c374b13fe5dd8e44ed6733852c88?s=96&d=mm&r=g","caption":"Alejandro Gabriel Rosito"},"url":"https:\/\/autofans.com.ar\/index.php\/author\/gabrielr\/"}]}},"featured_image_urls":{"full":["https:\/\/autofans.com.ar\/wp-content\/uploads\/2023\/09\/foto-1-51.jpg",1000,667,false],"thumbnail":["https:\/\/autofans.com.ar\/wp-content\/uploads\/2023\/09\/foto-1-51-150x150.jpg",150,150,true],"medium":["https:\/\/autofans.com.ar\/wp-content\/uploads\/2023\/09\/foto-1-51-300x200.jpg",300,200,true],"medium_large":["https:\/\/autofans.com.ar\/wp-content\/uploads\/2023\/09\/foto-1-51-768x512.jpg",640,427,true],"large":["https:\/\/autofans.com.ar\/wp-content\/uploads\/2023\/09\/foto-1-51.jpg",640,427,false],"1536x1536":["https:\/\/autofans.com.ar\/wp-content\/uploads\/2023\/09\/foto-1-51.jpg",1000,667,false],"2048x2048":["https:\/\/autofans.com.ar\/wp-content\/uploads\/2023\/09\/foto-1-51.jpg",1000,667,false],"covernews-featured":["https:\/\/autofans.com.ar\/wp-content\/uploads\/2023\/09\/foto-1-51.jpg",1000,667,false],"covernews-medium":["https:\/\/autofans.com.ar\/wp-content\/uploads\/2023\/09\/foto-1-51-540x340.jpg",540,340,true]},"author_info":{"display_name":"Alejandro Gabriel Rosito","author_link":"https:\/\/autofans.com.ar\/index.php\/author\/gabrielr\/"},"category_info":"<a href=\"https:\/\/autofans.com.ar\/index.php\/category\/noticias\/\" rel=\"category tag\">NOTICIAS<\/a> <a href=\"https:\/\/autofans.com.ar\/index.php\/category\/lanzamientos\/utilitarios-y-pesados-lanzamientos\/\" rel=\"category tag\">Pick Ups, Utilitarios y Pesados<\/a>","tag_info":"Pick Ups, Utilitarios y Pesados","comment_count":0,"_links":{"self":[{"href":"https:\/\/autofans.com.ar\/index.php\/wp-json\/wp\/v2\/posts\/5287","targetHints":{"allow":["GET"]}}],"collection":[{"href":"https:\/\/autofans.com.ar\/index.php\/wp-json\/wp\/v2\/posts"}],"about":[{"href":"https:\/\/autofans.com.ar\/index.php\/wp-json\/wp\/v2\/types\/post"}],"author":[{"embeddable":true,"href":"https:\/\/autofans.com.ar\/index.php\/wp-json\/wp\/v2\/users\/2"}],"replies":[{"embeddable":true,"href":"https:\/\/autofans.com.ar\/index.php\/wp-json\/wp\/v2\/comments?post=5287"}],"version-history":[{"count":1,"href":"https:\/\/autofans.com.ar\/index.php\/wp-json\/wp\/v2\/posts\/5287\/revisions"}],"predecessor-version":[{"id":5291,"href":"https:\/\/autofans.com.ar\/index.php\/wp-json\/wp\/v2\/posts\/5287\/revisions\/5291"}],"wp:featuredmedia":[{"embeddable":true,"href":"https:\/\/autofans.com.ar\/index.php\/wp-json\/wp\/v2\/media\/5290"}],"wp:attachment":[{"href":"https:\/\/autofans.com.ar\/index.php\/wp-json\/wp\/v2\/media?parent=5287"}],"wp:term":[{"taxonomy":"category","embeddable":true,"href":"https:\/\/autofans.com.ar\/index.php\/wp-json\/wp\/v2\/categories?post=5287"},{"taxonomy":"post_tag","embeddable":true,"href":"https:\/\/autofans.com.ar\/index.php\/wp-json\/wp\/v2\/tags?post=5287"}],"curies":[{"name":"wp","href":"https:\/\/api.w.org\/{rel}","templated":true}]}}