{"id":5292,"date":"2023-09-29T22:17:14","date_gmt":"2023-09-30T01:17:14","guid":{"rendered":"https:\/\/autofans.com.ar\/?p=5292"},"modified":"2023-09-29T22:17:14","modified_gmt":"2023-09-30T01:17:14","slug":"ram-y-la-dolfina-alianza-de-potencia-en-el-polo","status":"publish","type":"post","link":"https:\/\/autofans.com.ar\/index.php\/2023\/09\/29\/ram-y-la-dolfina-alianza-de-potencia-en-el-polo\/","title":{"rendered":"RAM y La Dolfina, alianza de potencia en el Polo"},"content":{"rendered":"<p>En una emocionante noticia que combina la potencia de los veh\u00edculos RAM con la elegancia del polo de alto nivel, la marca de pickups premium de Stellantis, RAM, ha anunciado su asociaci\u00f3n continua con La Dolfina Polo Team en su b\u00fasqueda de la Triple Corona. Este emocionante acuerdo marca el cuarto a\u00f1o consecutivo en el que RAM apoya a los talentosos jugadores de polo de Ca\u00f1uelas.<\/p>\n<p>&nbsp;<\/p>\n<h2>RAM y La Dolfina<\/h2>\n<p>La Dolfina Polo Team es un equipo legendario en el mundo del polo, creado en 1997 por Adolfo Cambiaso (h) y compuesto por notables jugadores de polo, incluyendo a David Stirling (h), Adolfo Cambiaso (n) y Juan M. Nero, quienes ostentan un impresionante handicap de 40 goles. Como parte de esta asociaci\u00f3n, los integrantes del equipo tendr\u00e1n el lujo de conducir dos modelos emblem\u00e1ticos de RAM: la RAM 1500 Laramie y la flamante RAM 1500 Rebel.<\/p>\n<p>&nbsp;<\/p>\n<div id='gallery-1' class='gallery galleryid-5292 gallery-columns-2 gallery-size-full'><figure class='gallery-item'>\n\t\t\t<div class='gallery-icon landscape'>\n\t\t\t\t<a href='https:\/\/autofans.com.ar\/index.php\/2023\/09\/29\/ram-y-la-dolfina-alianza-de-potencia-en-el-polo\/ladolfi-4\/'><img loading=\"lazy\" width=\"1000\" height=\"667\" src=\"https:\/\/autofans.com.ar\/wp-content\/uploads\/2023\/09\/ladolfi-4.jpg\" class=\"attachment-full size-full\" alt=\"RAM y La Dolfina\" srcset=\"https:\/\/autofans.com.ar\/wp-content\/uploads\/2023\/09\/ladolfi-4.jpg 1000w, https:\/\/autofans.com.ar\/wp-content\/uploads\/2023\/09\/ladolfi-4-300x200.jpg 300w, https:\/\/autofans.com.ar\/wp-content\/uploads\/2023\/09\/ladolfi-4-768x512.jpg 768w\" sizes=\"auto, (max-width: 1000px) 100vw, 1000px\" loading=\"lazy\" decoding=\"async\" \/><\/a>\n\t\t\t<\/div><\/figure><figure class='gallery-item'>\n\t\t\t<div class='gallery-icon landscape'>\n\t\t\t\t<a href='https:\/\/autofans.com.ar\/index.php\/2023\/09\/29\/ram-y-la-dolfina-alianza-de-potencia-en-el-polo\/ladolfi-3\/'><img loading=\"lazy\" width=\"1000\" height=\"667\" src=\"https:\/\/autofans.com.ar\/wp-content\/uploads\/2023\/09\/ladolfi-3.jpg\" class=\"attachment-full size-full\" alt=\"RAM y La Dolfina\" srcset=\"https:\/\/autofans.com.ar\/wp-content\/uploads\/2023\/09\/ladolfi-3.jpg 1000w, https:\/\/autofans.com.ar\/wp-content\/uploads\/2023\/09\/ladolfi-3-300x200.jpg 300w, https:\/\/autofans.com.ar\/wp-content\/uploads\/2023\/09\/ladolfi-3-768x512.jpg 768w\" sizes=\"auto, (max-width: 1000px) 100vw, 1000px\" loading=\"lazy\" decoding=\"async\" \/><\/a>\n\t\t\t<\/div><\/figure>\n\t\t<\/div>\n\n<p>&nbsp;<\/p>\n<p>La RAM 1500 Rebel es un verdadero todoterreno, dise\u00f1ado para abordar cualquier tipo de trabajo gracias a su formidable potencia y durabilidad. Adem\u00e1s, ofrece un nivel de confort interior excepcional que la distingue en su categor\u00eda, brindando una experiencia de conducci\u00f3n incomparable.<\/p>\n<blockquote>\n<div dir=\"ltr\"><center>Mart\u00edn Zuppi, Presidente de RAM asegur\u00f3: \u201c<em>es un gran orgullo para la marca RAM acompa\u00f1ar nuevamente a La Dolfina en este camino hacia la triple corona. Como siempre tenemos muchas expectativas puestas en este consagrado equipo y esperamos que este a\u00f1o nos vea nuevamente en lo m\u00e1s alto del podio\u00bb.<\/em><\/center><\/div>\n<\/blockquote>\n<h2>RAM m\u00e1s que una Pick-up<\/h2>\n<p>Sobre RAM, la marca se lanz\u00f3 en 2009 como una entidad independiente, centrada en satisfacer las demandas de los compradores de pick-ups y ofreciendo veh\u00edculos de referencia en cuanto a calidad. Con una l\u00ednea completa de pick-ups, RAM construye veh\u00edculos que no solo hacen el trabajo pesado, sino que tambi\u00e9n llevan a las familias a donde necesitan ir.<\/p>\n<p>&nbsp;<\/p>\n<p><img fetchpriority=\"high\" decoding=\"async\" class=\"aligncenter wp-image-5295 size-full\" src=\"https:\/\/autofans.com.ar\/wp-content\/uploads\/2023\/09\/ladolfi-2.jpg\" alt=\"RAM y La Dolfina\" width=\"1000\" height=\"667\" srcset=\"https:\/\/autofans.com.ar\/wp-content\/uploads\/2023\/09\/ladolfi-2.jpg 1000w, https:\/\/autofans.com.ar\/wp-content\/uploads\/2023\/09\/ladolfi-2-300x200.jpg 300w, https:\/\/autofans.com.ar\/wp-content\/uploads\/2023\/09\/ladolfi-2-768x512.jpg 768w\" sizes=\"(max-width: 1000px) 100vw, 1000px\" \/><\/p>\n<p>&nbsp;<\/p>\n<p>Esta emocionante asociaci\u00f3n entre RAM y La Dolfina Polo Team promete ser una sinergia perfecta entre la excelencia en autom\u00f3viles y el deporte de alto nivel.<\/p>\n<p>&nbsp;<\/p>\n<p>&nbsp;<\/p>\n<p><i>Para enterarte de m\u00e1s novedades, no dejes de leer\u00a0<\/i><a href=\"https:\/\/autofans.thebrandsoup.com\/\"><i>nuestras notas<\/i><\/a><i>, de ver<\/i><b><i>\u00a0<\/i><\/b><a href=\"https:\/\/www.youtube.com\/channel\/UCgAC8UGHZYbT6P7PpmVnP7g\"><b><i>AUTOFANS TV<\/i><\/b><\/a><b><i>\u00a0<\/i><\/b><i>en nuestro\u00a0canal de Youtube. Adem\u00e1s seguinos en\u00a0<\/i><a href=\"https:\/\/www.instagram.com\/autofanstv\/\"><i>INSTAGRAM<\/i><\/a><i> y <\/i><a href=\"https:\/\/www.facebook.com\/autofansmas\/\"><i>FACEBOOK<\/i><\/a><i> para no perderte nada sobre las novedades del segmento automotor de Argentina y el mundo.<\/i><\/p>\n","protected":false},"excerpt":{"rendered":"<p>En una emocionante noticia que combina la potencia de los veh\u00edculos RAM con la elegancia&#8230;<\/p>\n","protected":false},"author":2,"featured_media":5296,"comment_status":"closed","ping_status":"closed","sticky":false,"template":"","format":"standard","meta":{"footnotes":""},"categories":[6,16],"tags":[2654,2653,2656,2655,296,2068,2632],"class_list":["post-5292","post","type-post","status-publish","format-standard","has-post-thumbnail","hentry","category-bizstyle","category-noticias","tag-asociacion-ram-y-la-dolfina","tag-la-dolfina-polo-team","tag-pickups-premium","tag-polo-de-alto-nivel","tag-ram","tag-ram-1500","tag-triple-corona"],"yoast_head":"<!-- This site is optimized with the Yoast SEO plugin v27.5 - https:\/\/yoast.com\/product\/yoast-seo-wordpress\/ -->\n<title>RAM y La Dolfina, alianza de potencia en el Polo -<\/title>\n<meta name=\"description\" content=\"La marca de pickups premium de Stellantis, RAM, ha anunciado su asociaci\u00f3n continua con La Dolfina Polo Team....\" \/>\n<meta name=\"robots\" content=\"index, follow, max-snippet:-1, max-image-preview:large, max-video-preview:-1\" \/>\n<link rel=\"canonical\" href=\"https:\/\/autofans.com.ar\/index.php\/2023\/09\/29\/ram-y-la-dolfina-alianza-de-potencia-en-el-polo\/\" \/>\n<meta property=\"og:locale\" content=\"es_ES\" \/>\n<meta property=\"og:type\" content=\"article\" \/>\n<meta property=\"og:title\" content=\"RAM y La Dolfina, alianza de potencia en el Polo -\" \/>\n<meta property=\"og:description\" content=\"La marca de pickups premium de Stellantis, RAM, ha anunciado su asociaci\u00f3n continua con La Dolfina Polo Team....\" \/>\n<meta property=\"og:url\" content=\"https:\/\/autofans.com.ar\/index.php\/2023\/09\/29\/ram-y-la-dolfina-alianza-de-potencia-en-el-polo\/\" \/>\n<meta property=\"article:published_time\" content=\"2023-09-30T01:17:14+00:00\" \/>\n<meta property=\"og:image\" content=\"https:\/\/autofans.com.ar\/wp-content\/uploads\/2023\/09\/ladolfi-1.jpg\" \/>\n\t<meta property=\"og:image:width\" content=\"1000\" \/>\n\t<meta property=\"og:image:height\" content=\"667\" \/>\n\t<meta property=\"og:image:type\" content=\"image\/jpeg\" \/>\n<meta name=\"author\" content=\"Alejandro Gabriel Rosito\" \/>\n<meta name=\"twitter:card\" content=\"summary_large_image\" \/>\n<meta name=\"twitter:label1\" content=\"Escrito por\" \/>\n\t<meta name=\"twitter:data1\" content=\"Alejandro Gabriel Rosito\" \/>\n\t<meta name=\"twitter:label2\" content=\"Tiempo de lectura\" \/>\n\t<meta name=\"twitter:data2\" content=\"2 minutos\" \/>\n<script type=\"application\/ld+json\" class=\"yoast-schema-graph\">{\"@context\":\"https:\\\/\\\/schema.org\",\"@graph\":[{\"@type\":\"Article\",\"@id\":\"https:\\\/\\\/autofans.com.ar\\\/index.php\\\/2023\\\/09\\\/29\\\/ram-y-la-dolfina-alianza-de-potencia-en-el-polo\\\/#article\",\"isPartOf\":{\"@id\":\"https:\\\/\\\/autofans.com.ar\\\/index.php\\\/2023\\\/09\\\/29\\\/ram-y-la-dolfina-alianza-de-potencia-en-el-polo\\\/\"},\"author\":{\"name\":\"Alejandro Gabriel Rosito\",\"@id\":\"https:\\\/\\\/autofans.com.ar\\\/#\\\/schema\\\/person\\\/4a8dda0b6df83ac3d6723e921274c2aa\"},\"headline\":\"RAM y La Dolfina, alianza de potencia en el Polo\",\"datePublished\":\"2023-09-30T01:17:14+00:00\",\"mainEntityOfPage\":{\"@id\":\"https:\\\/\\\/autofans.com.ar\\\/index.php\\\/2023\\\/09\\\/29\\\/ram-y-la-dolfina-alianza-de-potencia-en-el-polo\\\/\"},\"wordCount\":409,\"image\":{\"@id\":\"https:\\\/\\\/autofans.com.ar\\\/index.php\\\/2023\\\/09\\\/29\\\/ram-y-la-dolfina-alianza-de-potencia-en-el-polo\\\/#primaryimage\"},\"thumbnailUrl\":\"https:\\\/\\\/autofans.com.ar\\\/wp-content\\\/uploads\\\/2023\\\/09\\\/ladolfi-1.jpg\",\"keywords\":[\"Asociaci\u00f3n RAM y La Dolfina\",\"La Dolfina Polo Team\",\"Pickups premium\",\"Polo de alto nivel\",\"RAM\",\"RAM 1500\",\"Triple Corona\"],\"articleSection\":[\"BIZSTYLE\",\"NOTICIAS\"],\"inLanguage\":\"es\"},{\"@type\":\"WebPage\",\"@id\":\"https:\\\/\\\/autofans.com.ar\\\/index.php\\\/2023\\\/09\\\/29\\\/ram-y-la-dolfina-alianza-de-potencia-en-el-polo\\\/\",\"url\":\"https:\\\/\\\/autofans.com.ar\\\/index.php\\\/2023\\\/09\\\/29\\\/ram-y-la-dolfina-alianza-de-potencia-en-el-polo\\\/\",\"name\":\"RAM y La Dolfina, alianza de potencia en el Polo -\",\"isPartOf\":{\"@id\":\"https:\\\/\\\/autofans.com.ar\\\/#website\"},\"primaryImageOfPage\":{\"@id\":\"https:\\\/\\\/autofans.com.ar\\\/index.php\\\/2023\\\/09\\\/29\\\/ram-y-la-dolfina-alianza-de-potencia-en-el-polo\\\/#primaryimage\"},\"image\":{\"@id\":\"https:\\\/\\\/autofans.com.ar\\\/index.php\\\/2023\\\/09\\\/29\\\/ram-y-la-dolfina-alianza-de-potencia-en-el-polo\\\/#primaryimage\"},\"thumbnailUrl\":\"https:\\\/\\\/autofans.com.ar\\\/wp-content\\\/uploads\\\/2023\\\/09\\\/ladolfi-1.jpg\",\"datePublished\":\"2023-09-30T01:17:14+00:00\",\"author\":{\"@id\":\"https:\\\/\\\/autofans.com.ar\\\/#\\\/schema\\\/person\\\/4a8dda0b6df83ac3d6723e921274c2aa\"},\"description\":\"La marca de pickups premium de Stellantis, RAM, ha anunciado su asociaci\u00f3n continua con La Dolfina Polo Team....\",\"breadcrumb\":{\"@id\":\"https:\\\/\\\/autofans.com.ar\\\/index.php\\\/2023\\\/09\\\/29\\\/ram-y-la-dolfina-alianza-de-potencia-en-el-polo\\\/#breadcrumb\"},\"inLanguage\":\"es\",\"potentialAction\":[{\"@type\":\"ReadAction\",\"target\":[\"https:\\\/\\\/autofans.com.ar\\\/index.php\\\/2023\\\/09\\\/29\\\/ram-y-la-dolfina-alianza-de-potencia-en-el-polo\\\/\"]}]},{\"@type\":\"ImageObject\",\"inLanguage\":\"es\",\"@id\":\"https:\\\/\\\/autofans.com.ar\\\/index.php\\\/2023\\\/09\\\/29\\\/ram-y-la-dolfina-alianza-de-potencia-en-el-polo\\\/#primaryimage\",\"url\":\"https:\\\/\\\/autofans.com.ar\\\/wp-content\\\/uploads\\\/2023\\\/09\\\/ladolfi-1.jpg\",\"contentUrl\":\"https:\\\/\\\/autofans.com.ar\\\/wp-content\\\/uploads\\\/2023\\\/09\\\/ladolfi-1.jpg\",\"width\":1000,\"height\":667,\"caption\":\"RAM y La Dolfina\"},{\"@type\":\"BreadcrumbList\",\"@id\":\"https:\\\/\\\/autofans.com.ar\\\/index.php\\\/2023\\\/09\\\/29\\\/ram-y-la-dolfina-alianza-de-potencia-en-el-polo\\\/#breadcrumb\",\"itemListElement\":[{\"@type\":\"ListItem\",\"position\":1,\"name\":\"Inicio\",\"item\":\"https:\\\/\\\/autofans.com.ar\\\/\"},{\"@type\":\"ListItem\",\"position\":2,\"name\":\"RAM y La Dolfina, alianza de potencia en el Polo\"}]},{\"@type\":\"WebSite\",\"@id\":\"https:\\\/\\\/autofans.com.ar\\\/#website\",\"url\":\"https:\\\/\\\/autofans.com.ar\\\/\",\"name\":\"\",\"description\":\"El multimedio referente de la industria automotriz\",\"potentialAction\":[{\"@type\":\"SearchAction\",\"target\":{\"@type\":\"EntryPoint\",\"urlTemplate\":\"https:\\\/\\\/autofans.com.ar\\\/?s={search_term_string}\"},\"query-input\":{\"@type\":\"PropertyValueSpecification\",\"valueRequired\":true,\"valueName\":\"search_term_string\"}}],\"inLanguage\":\"es\"},{\"@type\":\"Person\",\"@id\":\"https:\\\/\\\/autofans.com.ar\\\/#\\\/schema\\\/person\\\/4a8dda0b6df83ac3d6723e921274c2aa\",\"name\":\"Alejandro Gabriel Rosito\",\"image\":{\"@type\":\"ImageObject\",\"inLanguage\":\"es\",\"@id\":\"https:\\\/\\\/secure.gravatar.com\\\/avatar\\\/16c5dda1489adfc62618084dcbb91cffd879c374b13fe5dd8e44ed6733852c88?s=96&d=mm&r=g\",\"url\":\"https:\\\/\\\/secure.gravatar.com\\\/avatar\\\/16c5dda1489adfc62618084dcbb91cffd879c374b13fe5dd8e44ed6733852c88?s=96&d=mm&r=g\",\"contentUrl\":\"https:\\\/\\\/secure.gravatar.com\\\/avatar\\\/16c5dda1489adfc62618084dcbb91cffd879c374b13fe5dd8e44ed6733852c88?s=96&d=mm&r=g\",\"caption\":\"Alejandro Gabriel Rosito\"},\"url\":\"https:\\\/\\\/autofans.com.ar\\\/index.php\\\/author\\\/gabrielr\\\/\"}]}<\/script>\n<!-- \/ Yoast SEO plugin. -->","yoast_head_json":{"title":"RAM y La Dolfina, alianza de potencia en el Polo -","description":"La marca de pickups premium de Stellantis, RAM, ha anunciado su asociaci\u00f3n continua con La Dolfina Polo Team....","robots":{"index":"index","follow":"follow","max-snippet":"max-snippet:-1","max-image-preview":"max-image-preview:large","max-video-preview":"max-video-preview:-1"},"canonical":"https:\/\/autofans.com.ar\/index.php\/2023\/09\/29\/ram-y-la-dolfina-alianza-de-potencia-en-el-polo\/","og_locale":"es_ES","og_type":"article","og_title":"RAM y La Dolfina, alianza de potencia en el Polo -","og_description":"La marca de pickups premium de Stellantis, RAM, ha anunciado su asociaci\u00f3n continua con La Dolfina Polo Team....","og_url":"https:\/\/autofans.com.ar\/index.php\/2023\/09\/29\/ram-y-la-dolfina-alianza-de-potencia-en-el-polo\/","article_published_time":"2023-09-30T01:17:14+00:00","og_image":[{"width":1000,"height":667,"url":"https:\/\/autofans.com.ar\/wp-content\/uploads\/2023\/09\/ladolfi-1.jpg","type":"image\/jpeg"}],"author":"Alejandro Gabriel Rosito","twitter_card":"summary_large_image","twitter_misc":{"Escrito por":"Alejandro Gabriel Rosito","Tiempo de lectura":"2 minutos"},"schema":{"@context":"https:\/\/schema.org","@graph":[{"@type":"Article","@id":"https:\/\/autofans.com.ar\/index.php\/2023\/09\/29\/ram-y-la-dolfina-alianza-de-potencia-en-el-polo\/#article","isPartOf":{"@id":"https:\/\/autofans.com.ar\/index.php\/2023\/09\/29\/ram-y-la-dolfina-alianza-de-potencia-en-el-polo\/"},"author":{"name":"Alejandro Gabriel Rosito","@id":"https:\/\/autofans.com.ar\/#\/schema\/person\/4a8dda0b6df83ac3d6723e921274c2aa"},"headline":"RAM y La Dolfina, alianza de potencia en el Polo","datePublished":"2023-09-30T01:17:14+00:00","mainEntityOfPage":{"@id":"https:\/\/autofans.com.ar\/index.php\/2023\/09\/29\/ram-y-la-dolfina-alianza-de-potencia-en-el-polo\/"},"wordCount":409,"image":{"@id":"https:\/\/autofans.com.ar\/index.php\/2023\/09\/29\/ram-y-la-dolfina-alianza-de-potencia-en-el-polo\/#primaryimage"},"thumbnailUrl":"https:\/\/autofans.com.ar\/wp-content\/uploads\/2023\/09\/ladolfi-1.jpg","keywords":["Asociaci\u00f3n RAM y La Dolfina","La Dolfina Polo Team","Pickups premium","Polo de alto nivel","RAM","RAM 1500","Triple Corona"],"articleSection":["BIZSTYLE","NOTICIAS"],"inLanguage":"es"},{"@type":"WebPage","@id":"https:\/\/autofans.com.ar\/index.php\/2023\/09\/29\/ram-y-la-dolfina-alianza-de-potencia-en-el-polo\/","url":"https:\/\/autofans.com.ar\/index.php\/2023\/09\/29\/ram-y-la-dolfina-alianza-de-potencia-en-el-polo\/","name":"RAM y La Dolfina, alianza de potencia en el Polo -","isPartOf":{"@id":"https:\/\/autofans.com.ar\/#website"},"primaryImageOfPage":{"@id":"https:\/\/autofans.com.ar\/index.php\/2023\/09\/29\/ram-y-la-dolfina-alianza-de-potencia-en-el-polo\/#primaryimage"},"image":{"@id":"https:\/\/autofans.com.ar\/index.php\/2023\/09\/29\/ram-y-la-dolfina-alianza-de-potencia-en-el-polo\/#primaryimage"},"thumbnailUrl":"https:\/\/autofans.com.ar\/wp-content\/uploads\/2023\/09\/ladolfi-1.jpg","datePublished":"2023-09-30T01:17:14+00:00","author":{"@id":"https:\/\/autofans.com.ar\/#\/schema\/person\/4a8dda0b6df83ac3d6723e921274c2aa"},"description":"La marca de pickups premium de Stellantis, RAM, ha anunciado su asociaci\u00f3n continua con La Dolfina Polo Team....","breadcrumb":{"@id":"https:\/\/autofans.com.ar\/index.php\/2023\/09\/29\/ram-y-la-dolfina-alianza-de-potencia-en-el-polo\/#breadcrumb"},"inLanguage":"es","potentialAction":[{"@type":"ReadAction","target":["https:\/\/autofans.com.ar\/index.php\/2023\/09\/29\/ram-y-la-dolfina-alianza-de-potencia-en-el-polo\/"]}]},{"@type":"ImageObject","inLanguage":"es","@id":"https:\/\/autofans.com.ar\/index.php\/2023\/09\/29\/ram-y-la-dolfina-alianza-de-potencia-en-el-polo\/#primaryimage","url":"https:\/\/autofans.com.ar\/wp-content\/uploads\/2023\/09\/ladolfi-1.jpg","contentUrl":"https:\/\/autofans.com.ar\/wp-content\/uploads\/2023\/09\/ladolfi-1.jpg","width":1000,"height":667,"caption":"RAM y La Dolfina"},{"@type":"BreadcrumbList","@id":"https:\/\/autofans.com.ar\/index.php\/2023\/09\/29\/ram-y-la-dolfina-alianza-de-potencia-en-el-polo\/#breadcrumb","itemListElement":[{"@type":"ListItem","position":1,"name":"Inicio","item":"https:\/\/autofans.com.ar\/"},{"@type":"ListItem","position":2,"name":"RAM y La Dolfina, alianza de potencia en el Polo"}]},{"@type":"WebSite","@id":"https:\/\/autofans.com.ar\/#website","url":"https:\/\/autofans.com.ar\/","name":"","description":"El multimedio referente de la industria automotriz","potentialAction":[{"@type":"SearchAction","target":{"@type":"EntryPoint","urlTemplate":"https:\/\/autofans.com.ar\/?s={search_term_string}"},"query-input":{"@type":"PropertyValueSpecification","valueRequired":true,"valueName":"search_term_string"}}],"inLanguage":"es"},{"@type":"Person","@id":"https:\/\/autofans.com.ar\/#\/schema\/person\/4a8dda0b6df83ac3d6723e921274c2aa","name":"Alejandro Gabriel Rosito","image":{"@type":"ImageObject","inLanguage":"es","@id":"https:\/\/secure.gravatar.com\/avatar\/16c5dda1489adfc62618084dcbb91cffd879c374b13fe5dd8e44ed6733852c88?s=96&d=mm&r=g","url":"https:\/\/secure.gravatar.com\/avatar\/16c5dda1489adfc62618084dcbb91cffd879c374b13fe5dd8e44ed6733852c88?s=96&d=mm&r=g","contentUrl":"https:\/\/secure.gravatar.com\/avatar\/16c5dda1489adfc62618084dcbb91cffd879c374b13fe5dd8e44ed6733852c88?s=96&d=mm&r=g","caption":"Alejandro Gabriel Rosito"},"url":"https:\/\/autofans.com.ar\/index.php\/author\/gabrielr\/"}]}},"featured_image_urls":{"full":["https:\/\/autofans.com.ar\/wp-content\/uploads\/2023\/09\/ladolfi-1.jpg",1000,667,false],"thumbnail":["https:\/\/autofans.com.ar\/wp-content\/uploads\/2023\/09\/ladolfi-1-150x150.jpg",150,150,true],"medium":["https:\/\/autofans.com.ar\/wp-content\/uploads\/2023\/09\/ladolfi-1-300x200.jpg",300,200,true],"medium_large":["https:\/\/autofans.com.ar\/wp-content\/uploads\/2023\/09\/ladolfi-1-768x512.jpg",640,427,true],"large":["https:\/\/autofans.com.ar\/wp-content\/uploads\/2023\/09\/ladolfi-1.jpg",640,427,false],"1536x1536":["https:\/\/autofans.com.ar\/wp-content\/uploads\/2023\/09\/ladolfi-1.jpg",1000,667,false],"2048x2048":["https:\/\/autofans.com.ar\/wp-content\/uploads\/2023\/09\/ladolfi-1.jpg",1000,667,false],"covernews-featured":["https:\/\/autofans.com.ar\/wp-content\/uploads\/2023\/09\/ladolfi-1.jpg",1000,667,false],"covernews-medium":["https:\/\/autofans.com.ar\/wp-content\/uploads\/2023\/09\/ladolfi-1-540x340.jpg",540,340,true]},"author_info":{"display_name":"Alejandro Gabriel Rosito","author_link":"https:\/\/autofans.com.ar\/index.php\/author\/gabrielr\/"},"category_info":"<a href=\"https:\/\/autofans.com.ar\/index.php\/category\/noticias\/bizstyle\/\" rel=\"category tag\">BIZSTYLE<\/a> <a href=\"https:\/\/autofans.com.ar\/index.php\/category\/noticias\/\" rel=\"category tag\">NOTICIAS<\/a>","tag_info":"NOTICIAS","comment_count":0,"_links":{"self":[{"href":"https:\/\/autofans.com.ar\/index.php\/wp-json\/wp\/v2\/posts\/5292","targetHints":{"allow":["GET"]}}],"collection":[{"href":"https:\/\/autofans.com.ar\/index.php\/wp-json\/wp\/v2\/posts"}],"about":[{"href":"https:\/\/autofans.com.ar\/index.php\/wp-json\/wp\/v2\/types\/post"}],"author":[{"embeddable":true,"href":"https:\/\/autofans.com.ar\/index.php\/wp-json\/wp\/v2\/users\/2"}],"replies":[{"embeddable":true,"href":"https:\/\/autofans.com.ar\/index.php\/wp-json\/wp\/v2\/comments?post=5292"}],"version-history":[{"count":3,"href":"https:\/\/autofans.com.ar\/index.php\/wp-json\/wp\/v2\/posts\/5292\/revisions"}],"predecessor-version":[{"id":5299,"href":"https:\/\/autofans.com.ar\/index.php\/wp-json\/wp\/v2\/posts\/5292\/revisions\/5299"}],"wp:featuredmedia":[{"embeddable":true,"href":"https:\/\/autofans.com.ar\/index.php\/wp-json\/wp\/v2\/media\/5296"}],"wp:attachment":[{"href":"https:\/\/autofans.com.ar\/index.php\/wp-json\/wp\/v2\/media?parent=5292"}],"wp:term":[{"taxonomy":"category","embeddable":true,"href":"https:\/\/autofans.com.ar\/index.php\/wp-json\/wp\/v2\/categories?post=5292"},{"taxonomy":"post_tag","embeddable":true,"href":"https:\/\/autofans.com.ar\/index.php\/wp-json\/wp\/v2\/tags?post=5292"}],"curies":[{"name":"wp","href":"https:\/\/api.w.org\/{rel}","templated":true}]}}