{"id":5310,"date":"2023-10-02T21:08:58","date_gmt":"2023-10-03T00:08:58","guid":{"rendered":"https:\/\/autofans.com.ar\/?p=5310"},"modified":"2023-10-02T21:08:58","modified_gmt":"2023-10-03T00:08:58","slug":"60-anos-del-abarth-595","status":"publish","type":"post","link":"https:\/\/autofans.com.ar\/index.php\/2023\/10\/02\/60-anos-del-abarth-595\/","title":{"rendered":"60 A\u00f1os del Abarth 595"},"content":{"rendered":"<p>Conmemorando seis d\u00e9cadas de emoci\u00f3n y estilo, el Abarth 595 sigue encendiendo motores y corazones. Descubre su historia y evoluci\u00f3n en esta nota especial sobre el ic\u00f3nico \u00abpeque\u00f1o, pero malvado\u00bb.<\/p>\n<p>&nbsp;<\/p>\n<h2>60 a\u00f1os de historia y potencia<\/h2>\n<p>Hace 60 a\u00f1os, en septiembre de 1963, Carlo Abarth revel\u00f3 el Fiat Abarth 595 al mundo. Basado en el Fiat 500 D, un modelo qu\u00e9 hab\u00eda tenido un creciente \u00e9xito a partir de 1961, el nuevo Fiat Abarth 595 tom\u00f3 su nombre por su desplazamiento, el cual aument\u00f3 gracias al trabajo qu\u00e9 se hizo en sus cilindros y pistones y en sus materiales completamente nuevos.<\/p>\n<p>&nbsp;<\/p>\n<p><img fetchpriority=\"high\" decoding=\"async\" class=\"aligncenter wp-image-5314 size-full\" src=\"https:\/\/autofans.com.ar\/wp-content\/uploads\/2023\/10\/foto-1-1.jpg\" alt=\"Abarth\" width=\"1000\" height=\"667\" srcset=\"https:\/\/autofans.com.ar\/wp-content\/uploads\/2023\/10\/foto-1-1.jpg 1000w, https:\/\/autofans.com.ar\/wp-content\/uploads\/2023\/10\/foto-1-1-300x200.jpg 300w, https:\/\/autofans.com.ar\/wp-content\/uploads\/2023\/10\/foto-1-1-768x512.jpg 768w\" sizes=\"(max-width: 1000px) 100vw, 1000px\" \/><\/p>\n<p>&nbsp;<\/p>\n<p>Se diferenciaba del Fiat 500 D en el exterior con su llamativa parrilla delantera perforada del tipo 850TC, el brillante grabado en metal de \u201cFiat Abarth 595\u201d en la parte trasera y el cap\u00f3, y la orgullosa inscripci\u00f3n de \u201cCampe\u00f3n del Mundo\u201d en el lado derecho, el cual hace referencia a muchos de los r\u00e9cords logrados por las creaciones de las Officine di Corso Marche. El esp\u00edritu de las carreras se enfatiz\u00f3 a trav\u00e9s del gran c\u00e1rter de aceite de aluminio qu\u00e9 sobresale bajo el paragolpes trasero, y sobre todo, el silenciador deportivo de doble salida tipo \u201cRecord Monza\u201d. El resultado fue un peque\u00f1o pero particularmente agresivo e incluso ruidoso auto qu\u00e9 fue cargado con un 30% m\u00e1s de potencia qu\u00e9 su versi\u00f3n original, 27 hp a 5000 rpm y una velocidad m\u00e1xima de 120 km.<\/p>\n<p>&nbsp;<\/p>\n<h2>Carlo Abarth revoluciona Tur\u00edn con el Fiat Abarth 595<\/h2>\n<p>Esencialmente, Abarth tom\u00f3 un exitoso autom\u00f3vil de ciudad, el 500D, y lo convirti\u00f3 en un exitoso auto de alto rendimiento. Es la misma receta qu\u00e9 Abarth ha aplicado recientemente para crear el Nuevo Abarth 500e el cual naci\u00f3 a partir del exitoso Fiat New 500 el\u00e9ctrico, el auto urbano el\u00e9ctrico m\u00e1s vendido en Europa.<\/p>\n<p>&nbsp;<\/p>\n<p><img decoding=\"async\" class=\"aligncenter wp-image-5313 size-full\" src=\"https:\/\/autofans.com.ar\/wp-content\/uploads\/2023\/10\/foto-2-1.jpg\" alt=\"Abarth\" width=\"1000\" height=\"667\" srcset=\"https:\/\/autofans.com.ar\/wp-content\/uploads\/2023\/10\/foto-2-1.jpg 1000w, https:\/\/autofans.com.ar\/wp-content\/uploads\/2023\/10\/foto-2-1-300x200.jpg 300w, https:\/\/autofans.com.ar\/wp-content\/uploads\/2023\/10\/foto-2-1-768x512.jpg 768w\" sizes=\"(max-width: 1000px) 100vw, 1000px\" \/><\/p>\n<p>&nbsp;<\/p>\n<p>Un mes despu\u00e9s, el 31 de octubre de 1963, el 595 fue presentado al p\u00fablico en el Sal\u00f3n del Autom\u00f3vil de Tur\u00edn. Abarth, un gran experto en negocios y automovilismo, decidi\u00f3 destacarse del resto al ofrecerle a los visitantes qu\u00e9 se amontonaban en los pasillos de la exposici\u00f3n de Tur\u00edn un cup\u00f3n para una prueba de manejo del nuevo lanzamiento. La iniciativa tuvo tanto \u00e9xito qu\u00e9 Carlo Abarth declar\u00f3 qu\u00e9 pronto se comenzar\u00eda a producir las primeras 1000 unidades de Fiat Abarth 595 destinados a la homologaci\u00f3n para carreras.<\/p>\n<p>&nbsp;<\/p>\n<h2>La herencia de Abarth<\/h2>\n<p>C\u00f3mo una evoluci\u00f3n natural del 595, Carlo Abarth present\u00f3 el Fiat Abarth 695 en el Sal\u00f3n del Autom\u00f3vil de Ginebra en marzo de 1964, siguiendo el concepto de una mejora t\u00e9cnica, qu\u00e9 pronto se convertir\u00eda en un pilar de la tradici\u00f3n de Abarth. M\u00e1s tarde, el fen\u00f3meno de los kits de transformaci\u00f3n permiti\u00f3 qu\u00e9 las principales mejoras de Abarth se aplicar\u00e1n en la producci\u00f3n de autos de Fiat, transform\u00e1ndolos tanto mec\u00e1nica c\u00f3mo est\u00e9ticamente.<\/p>\n<p>&nbsp;<\/p>\n<p><img decoding=\"async\" class=\"aligncenter wp-image-5312 size-full\" src=\"https:\/\/autofans.com.ar\/wp-content\/uploads\/2023\/10\/foto-3-1.jpg\" alt=\"Abarth 595\" width=\"1000\" height=\"667\" srcset=\"https:\/\/autofans.com.ar\/wp-content\/uploads\/2023\/10\/foto-3-1.jpg 1000w, https:\/\/autofans.com.ar\/wp-content\/uploads\/2023\/10\/foto-3-1-300x200.jpg 300w, https:\/\/autofans.com.ar\/wp-content\/uploads\/2023\/10\/foto-3-1-768x512.jpg 768w\" sizes=\"(max-width: 1000px) 100vw, 1000px\" \/><\/p>\n<p>&nbsp;<\/p>\n<p>Los valores de la marca con respecto al rendimiento y el estilo promovidos por estos predecesores, ahora son una parte integral de la herencia de la gama Abarth, qu\u00e9, adem\u00e1s de contar con el Nuevo Abarth 500e, incluye el Abarth 595 de 165 CV y un a\u00fan m\u00e1s potente Abarth 695 de 180 CV. Ambos modelos ofrecen un rendimiento excitante, un escape estruendoso, y un estilo l\u00fadico pero tambi\u00e9n audaz.<\/p>\n<p>En la actualidad, el \u00e9xito de ambos modelos confirma qu\u00e9, incluso sesenta a\u00f1os despu\u00e9s, los valores qu\u00e9 Carlo Abarth infundi\u00f3 en sus creaciones siguen siendo extremadamente relevantes y se encuentran vivos en las almas de los fans de la marca del escorpi\u00f3n.<\/p>\n<p>&nbsp;<\/p>\n<p>&nbsp;<\/p>\n<p><i>Para enterarte de m\u00e1s novedades, no dejes de leer\u00a0<\/i><a href=\"https:\/\/autofans.thebrandsoup.com\/\"><i>nuestras notas<\/i><\/a><i>, de ver<\/i><b><i>\u00a0<\/i><\/b><a href=\"https:\/\/www.youtube.com\/channel\/UCgAC8UGHZYbT6P7PpmVnP7g\"><b><i>AUTOFANS TV<\/i><\/b><\/a><b><i>\u00a0<\/i><\/b><i>en nuestro\u00a0canal de Youtube. Adem\u00e1s seguinos en\u00a0<\/i><a href=\"https:\/\/www.instagram.com\/autofanstv\/\"><i>INSTAGRAM<\/i><\/a><i> y <\/i><a href=\"https:\/\/www.facebook.com\/autofansmas\/\"><i>FACEBOOK<\/i><\/a><i> para no perderte nada sobre las novedades del segmento automotor de Argentina y el mundo.<\/i><\/p>\n","protected":false},"excerpt":{"rendered":"<p>Conmemorando seis d\u00e9cadas de emoci\u00f3n y estilo, el Abarth 595 sigue encendiendo motores y corazones&#8230;.<\/p>\n","protected":false},"author":2,"featured_media":5311,"comment_status":"closed","ping_status":"closed","sticky":false,"template":"","format":"standard","meta":{"footnotes":""},"categories":[3,16],"tags":[2666,2668,2669,2667,2670],"class_list":["post-5310","post","type-post","status-publish","format-standard","has-post-thumbnail","hentry","category-autos","category-noticias","tag-abarth-595","tag-aniversario-del-abarth","tag-coches-deportivos-fiat","tag-historia-del-abarth-595","tag-iconos-del-automovilismo"],"yoast_head":"<!-- This site is optimized with the Yoast SEO plugin v27.5 - https:\/\/yoast.com\/product\/yoast-seo-wordpress\/ -->\n<title>60 A\u00f1os del Abarth 595 -<\/title>\n<meta name=\"description\" content=\"El Abarth 595 sigue encendiendo motores y corazones. Descubre su historia y evoluci\u00f3n en esta nota especial sobre el ic\u00f3nico auto...\" \/>\n<meta name=\"robots\" content=\"index, follow, max-snippet:-1, max-image-preview:large, max-video-preview:-1\" \/>\n<link rel=\"canonical\" href=\"https:\/\/autofans.com.ar\/index.php\/2023\/10\/02\/60-anos-del-abarth-595\/\" \/>\n<meta property=\"og:locale\" content=\"es_ES\" \/>\n<meta property=\"og:type\" content=\"article\" \/>\n<meta property=\"og:title\" content=\"60 A\u00f1os del Abarth 595 -\" \/>\n<meta property=\"og:description\" content=\"El Abarth 595 sigue encendiendo motores y corazones. Descubre su historia y evoluci\u00f3n en esta nota especial sobre el ic\u00f3nico auto...\" \/>\n<meta property=\"og:url\" content=\"https:\/\/autofans.com.ar\/index.php\/2023\/10\/02\/60-anos-del-abarth-595\/\" \/>\n<meta property=\"article:published_time\" content=\"2023-10-03T00:08:58+00:00\" \/>\n<meta property=\"og:image\" content=\"https:\/\/autofans.com.ar\/wp-content\/uploads\/2023\/10\/foto-4-1.jpg\" \/>\n\t<meta property=\"og:image:width\" content=\"1000\" \/>\n\t<meta property=\"og:image:height\" content=\"667\" \/>\n\t<meta property=\"og:image:type\" content=\"image\/jpeg\" \/>\n<meta name=\"author\" content=\"Alejandro Gabriel Rosito\" \/>\n<meta name=\"twitter:card\" content=\"summary_large_image\" \/>\n<meta name=\"twitter:label1\" content=\"Escrito por\" \/>\n\t<meta name=\"twitter:data1\" content=\"Alejandro Gabriel Rosito\" \/>\n\t<meta name=\"twitter:label2\" content=\"Tiempo de lectura\" \/>\n\t<meta name=\"twitter:data2\" content=\"4 minutos\" \/>\n<script type=\"application\/ld+json\" class=\"yoast-schema-graph\">{\"@context\":\"https:\\\/\\\/schema.org\",\"@graph\":[{\"@type\":\"Article\",\"@id\":\"https:\\\/\\\/autofans.com.ar\\\/index.php\\\/2023\\\/10\\\/02\\\/60-anos-del-abarth-595\\\/#article\",\"isPartOf\":{\"@id\":\"https:\\\/\\\/autofans.com.ar\\\/index.php\\\/2023\\\/10\\\/02\\\/60-anos-del-abarth-595\\\/\"},\"author\":{\"name\":\"Alejandro Gabriel Rosito\",\"@id\":\"https:\\\/\\\/autofans.com.ar\\\/#\\\/schema\\\/person\\\/4a8dda0b6df83ac3d6723e921274c2aa\"},\"headline\":\"60 A\u00f1os del Abarth 595\",\"datePublished\":\"2023-10-03T00:08:58+00:00\",\"mainEntityOfPage\":{\"@id\":\"https:\\\/\\\/autofans.com.ar\\\/index.php\\\/2023\\\/10\\\/02\\\/60-anos-del-abarth-595\\\/\"},\"wordCount\":665,\"image\":{\"@id\":\"https:\\\/\\\/autofans.com.ar\\\/index.php\\\/2023\\\/10\\\/02\\\/60-anos-del-abarth-595\\\/#primaryimage\"},\"thumbnailUrl\":\"https:\\\/\\\/autofans.com.ar\\\/wp-content\\\/uploads\\\/2023\\\/10\\\/foto-4-1.jpg\",\"keywords\":[\"Abarth 595\",\"Aniversario del Abarth\",\"Coches Deportivos Fiat\",\"Historia del Abarth 595\",\"Iconos del Automovilismo\"],\"articleSection\":[\"AUTOS y SUV\",\"NOTICIAS\"],\"inLanguage\":\"es\"},{\"@type\":\"WebPage\",\"@id\":\"https:\\\/\\\/autofans.com.ar\\\/index.php\\\/2023\\\/10\\\/02\\\/60-anos-del-abarth-595\\\/\",\"url\":\"https:\\\/\\\/autofans.com.ar\\\/index.php\\\/2023\\\/10\\\/02\\\/60-anos-del-abarth-595\\\/\",\"name\":\"60 A\u00f1os del Abarth 595 -\",\"isPartOf\":{\"@id\":\"https:\\\/\\\/autofans.com.ar\\\/#website\"},\"primaryImageOfPage\":{\"@id\":\"https:\\\/\\\/autofans.com.ar\\\/index.php\\\/2023\\\/10\\\/02\\\/60-anos-del-abarth-595\\\/#primaryimage\"},\"image\":{\"@id\":\"https:\\\/\\\/autofans.com.ar\\\/index.php\\\/2023\\\/10\\\/02\\\/60-anos-del-abarth-595\\\/#primaryimage\"},\"thumbnailUrl\":\"https:\\\/\\\/autofans.com.ar\\\/wp-content\\\/uploads\\\/2023\\\/10\\\/foto-4-1.jpg\",\"datePublished\":\"2023-10-03T00:08:58+00:00\",\"author\":{\"@id\":\"https:\\\/\\\/autofans.com.ar\\\/#\\\/schema\\\/person\\\/4a8dda0b6df83ac3d6723e921274c2aa\"},\"description\":\"El Abarth 595 sigue encendiendo motores y corazones. Descubre su historia y evoluci\u00f3n en esta nota especial sobre el ic\u00f3nico auto...\",\"breadcrumb\":{\"@id\":\"https:\\\/\\\/autofans.com.ar\\\/index.php\\\/2023\\\/10\\\/02\\\/60-anos-del-abarth-595\\\/#breadcrumb\"},\"inLanguage\":\"es\",\"potentialAction\":[{\"@type\":\"ReadAction\",\"target\":[\"https:\\\/\\\/autofans.com.ar\\\/index.php\\\/2023\\\/10\\\/02\\\/60-anos-del-abarth-595\\\/\"]}]},{\"@type\":\"ImageObject\",\"inLanguage\":\"es\",\"@id\":\"https:\\\/\\\/autofans.com.ar\\\/index.php\\\/2023\\\/10\\\/02\\\/60-anos-del-abarth-595\\\/#primaryimage\",\"url\":\"https:\\\/\\\/autofans.com.ar\\\/wp-content\\\/uploads\\\/2023\\\/10\\\/foto-4-1.jpg\",\"contentUrl\":\"https:\\\/\\\/autofans.com.ar\\\/wp-content\\\/uploads\\\/2023\\\/10\\\/foto-4-1.jpg\",\"width\":1000,\"height\":667,\"caption\":\"Abarth 595\"},{\"@type\":\"BreadcrumbList\",\"@id\":\"https:\\\/\\\/autofans.com.ar\\\/index.php\\\/2023\\\/10\\\/02\\\/60-anos-del-abarth-595\\\/#breadcrumb\",\"itemListElement\":[{\"@type\":\"ListItem\",\"position\":1,\"name\":\"Inicio\",\"item\":\"https:\\\/\\\/autofans.com.ar\\\/\"},{\"@type\":\"ListItem\",\"position\":2,\"name\":\"60 A\u00f1os del Abarth 595\"}]},{\"@type\":\"WebSite\",\"@id\":\"https:\\\/\\\/autofans.com.ar\\\/#website\",\"url\":\"https:\\\/\\\/autofans.com.ar\\\/\",\"name\":\"\",\"description\":\"El multimedio referente de la industria automotriz\",\"potentialAction\":[{\"@type\":\"SearchAction\",\"target\":{\"@type\":\"EntryPoint\",\"urlTemplate\":\"https:\\\/\\\/autofans.com.ar\\\/?s={search_term_string}\"},\"query-input\":{\"@type\":\"PropertyValueSpecification\",\"valueRequired\":true,\"valueName\":\"search_term_string\"}}],\"inLanguage\":\"es\"},{\"@type\":\"Person\",\"@id\":\"https:\\\/\\\/autofans.com.ar\\\/#\\\/schema\\\/person\\\/4a8dda0b6df83ac3d6723e921274c2aa\",\"name\":\"Alejandro Gabriel Rosito\",\"image\":{\"@type\":\"ImageObject\",\"inLanguage\":\"es\",\"@id\":\"https:\\\/\\\/secure.gravatar.com\\\/avatar\\\/16c5dda1489adfc62618084dcbb91cffd879c374b13fe5dd8e44ed6733852c88?s=96&d=mm&r=g\",\"url\":\"https:\\\/\\\/secure.gravatar.com\\\/avatar\\\/16c5dda1489adfc62618084dcbb91cffd879c374b13fe5dd8e44ed6733852c88?s=96&d=mm&r=g\",\"contentUrl\":\"https:\\\/\\\/secure.gravatar.com\\\/avatar\\\/16c5dda1489adfc62618084dcbb91cffd879c374b13fe5dd8e44ed6733852c88?s=96&d=mm&r=g\",\"caption\":\"Alejandro Gabriel Rosito\"},\"url\":\"https:\\\/\\\/autofans.com.ar\\\/index.php\\\/author\\\/gabrielr\\\/\"}]}<\/script>\n<!-- \/ Yoast SEO plugin. -->","yoast_head_json":{"title":"60 A\u00f1os del Abarth 595 -","description":"El Abarth 595 sigue encendiendo motores y corazones. Descubre su historia y evoluci\u00f3n en esta nota especial sobre el ic\u00f3nico auto...","robots":{"index":"index","follow":"follow","max-snippet":"max-snippet:-1","max-image-preview":"max-image-preview:large","max-video-preview":"max-video-preview:-1"},"canonical":"https:\/\/autofans.com.ar\/index.php\/2023\/10\/02\/60-anos-del-abarth-595\/","og_locale":"es_ES","og_type":"article","og_title":"60 A\u00f1os del Abarth 595 -","og_description":"El Abarth 595 sigue encendiendo motores y corazones. Descubre su historia y evoluci\u00f3n en esta nota especial sobre el ic\u00f3nico auto...","og_url":"https:\/\/autofans.com.ar\/index.php\/2023\/10\/02\/60-anos-del-abarth-595\/","article_published_time":"2023-10-03T00:08:58+00:00","og_image":[{"width":1000,"height":667,"url":"https:\/\/autofans.com.ar\/wp-content\/uploads\/2023\/10\/foto-4-1.jpg","type":"image\/jpeg"}],"author":"Alejandro Gabriel Rosito","twitter_card":"summary_large_image","twitter_misc":{"Escrito por":"Alejandro Gabriel Rosito","Tiempo de lectura":"4 minutos"},"schema":{"@context":"https:\/\/schema.org","@graph":[{"@type":"Article","@id":"https:\/\/autofans.com.ar\/index.php\/2023\/10\/02\/60-anos-del-abarth-595\/#article","isPartOf":{"@id":"https:\/\/autofans.com.ar\/index.php\/2023\/10\/02\/60-anos-del-abarth-595\/"},"author":{"name":"Alejandro Gabriel Rosito","@id":"https:\/\/autofans.com.ar\/#\/schema\/person\/4a8dda0b6df83ac3d6723e921274c2aa"},"headline":"60 A\u00f1os del Abarth 595","datePublished":"2023-10-03T00:08:58+00:00","mainEntityOfPage":{"@id":"https:\/\/autofans.com.ar\/index.php\/2023\/10\/02\/60-anos-del-abarth-595\/"},"wordCount":665,"image":{"@id":"https:\/\/autofans.com.ar\/index.php\/2023\/10\/02\/60-anos-del-abarth-595\/#primaryimage"},"thumbnailUrl":"https:\/\/autofans.com.ar\/wp-content\/uploads\/2023\/10\/foto-4-1.jpg","keywords":["Abarth 595","Aniversario del Abarth","Coches Deportivos Fiat","Historia del Abarth 595","Iconos del Automovilismo"],"articleSection":["AUTOS y SUV","NOTICIAS"],"inLanguage":"es"},{"@type":"WebPage","@id":"https:\/\/autofans.com.ar\/index.php\/2023\/10\/02\/60-anos-del-abarth-595\/","url":"https:\/\/autofans.com.ar\/index.php\/2023\/10\/02\/60-anos-del-abarth-595\/","name":"60 A\u00f1os del Abarth 595 -","isPartOf":{"@id":"https:\/\/autofans.com.ar\/#website"},"primaryImageOfPage":{"@id":"https:\/\/autofans.com.ar\/index.php\/2023\/10\/02\/60-anos-del-abarth-595\/#primaryimage"},"image":{"@id":"https:\/\/autofans.com.ar\/index.php\/2023\/10\/02\/60-anos-del-abarth-595\/#primaryimage"},"thumbnailUrl":"https:\/\/autofans.com.ar\/wp-content\/uploads\/2023\/10\/foto-4-1.jpg","datePublished":"2023-10-03T00:08:58+00:00","author":{"@id":"https:\/\/autofans.com.ar\/#\/schema\/person\/4a8dda0b6df83ac3d6723e921274c2aa"},"description":"El Abarth 595 sigue encendiendo motores y corazones. Descubre su historia y evoluci\u00f3n en esta nota especial sobre el ic\u00f3nico auto...","breadcrumb":{"@id":"https:\/\/autofans.com.ar\/index.php\/2023\/10\/02\/60-anos-del-abarth-595\/#breadcrumb"},"inLanguage":"es","potentialAction":[{"@type":"ReadAction","target":["https:\/\/autofans.com.ar\/index.php\/2023\/10\/02\/60-anos-del-abarth-595\/"]}]},{"@type":"ImageObject","inLanguage":"es","@id":"https:\/\/autofans.com.ar\/index.php\/2023\/10\/02\/60-anos-del-abarth-595\/#primaryimage","url":"https:\/\/autofans.com.ar\/wp-content\/uploads\/2023\/10\/foto-4-1.jpg","contentUrl":"https:\/\/autofans.com.ar\/wp-content\/uploads\/2023\/10\/foto-4-1.jpg","width":1000,"height":667,"caption":"Abarth 595"},{"@type":"BreadcrumbList","@id":"https:\/\/autofans.com.ar\/index.php\/2023\/10\/02\/60-anos-del-abarth-595\/#breadcrumb","itemListElement":[{"@type":"ListItem","position":1,"name":"Inicio","item":"https:\/\/autofans.com.ar\/"},{"@type":"ListItem","position":2,"name":"60 A\u00f1os del Abarth 595"}]},{"@type":"WebSite","@id":"https:\/\/autofans.com.ar\/#website","url":"https:\/\/autofans.com.ar\/","name":"","description":"El multimedio referente de la industria automotriz","potentialAction":[{"@type":"SearchAction","target":{"@type":"EntryPoint","urlTemplate":"https:\/\/autofans.com.ar\/?s={search_term_string}"},"query-input":{"@type":"PropertyValueSpecification","valueRequired":true,"valueName":"search_term_string"}}],"inLanguage":"es"},{"@type":"Person","@id":"https:\/\/autofans.com.ar\/#\/schema\/person\/4a8dda0b6df83ac3d6723e921274c2aa","name":"Alejandro Gabriel Rosito","image":{"@type":"ImageObject","inLanguage":"es","@id":"https:\/\/secure.gravatar.com\/avatar\/16c5dda1489adfc62618084dcbb91cffd879c374b13fe5dd8e44ed6733852c88?s=96&d=mm&r=g","url":"https:\/\/secure.gravatar.com\/avatar\/16c5dda1489adfc62618084dcbb91cffd879c374b13fe5dd8e44ed6733852c88?s=96&d=mm&r=g","contentUrl":"https:\/\/secure.gravatar.com\/avatar\/16c5dda1489adfc62618084dcbb91cffd879c374b13fe5dd8e44ed6733852c88?s=96&d=mm&r=g","caption":"Alejandro Gabriel Rosito"},"url":"https:\/\/autofans.com.ar\/index.php\/author\/gabrielr\/"}]}},"featured_image_urls":{"full":["https:\/\/autofans.com.ar\/wp-content\/uploads\/2023\/10\/foto-4-1.jpg",1000,667,false],"thumbnail":["https:\/\/autofans.com.ar\/wp-content\/uploads\/2023\/10\/foto-4-1-150x150.jpg",150,150,true],"medium":["https:\/\/autofans.com.ar\/wp-content\/uploads\/2023\/10\/foto-4-1-300x200.jpg",300,200,true],"medium_large":["https:\/\/autofans.com.ar\/wp-content\/uploads\/2023\/10\/foto-4-1-768x512.jpg",640,427,true],"large":["https:\/\/autofans.com.ar\/wp-content\/uploads\/2023\/10\/foto-4-1.jpg",640,427,false],"1536x1536":["https:\/\/autofans.com.ar\/wp-content\/uploads\/2023\/10\/foto-4-1.jpg",1000,667,false],"2048x2048":["https:\/\/autofans.com.ar\/wp-content\/uploads\/2023\/10\/foto-4-1.jpg",1000,667,false],"covernews-featured":["https:\/\/autofans.com.ar\/wp-content\/uploads\/2023\/10\/foto-4-1.jpg",1000,667,false],"covernews-medium":["https:\/\/autofans.com.ar\/wp-content\/uploads\/2023\/10\/foto-4-1-540x340.jpg",540,340,true]},"author_info":{"display_name":"Alejandro Gabriel Rosito","author_link":"https:\/\/autofans.com.ar\/index.php\/author\/gabrielr\/"},"category_info":"<a href=\"https:\/\/autofans.com.ar\/index.php\/category\/noticias\/autos\/\" rel=\"category tag\">AUTOS y SUV<\/a> <a href=\"https:\/\/autofans.com.ar\/index.php\/category\/noticias\/\" rel=\"category tag\">NOTICIAS<\/a>","tag_info":"NOTICIAS","comment_count":0,"_links":{"self":[{"href":"https:\/\/autofans.com.ar\/index.php\/wp-json\/wp\/v2\/posts\/5310","targetHints":{"allow":["GET"]}}],"collection":[{"href":"https:\/\/autofans.com.ar\/index.php\/wp-json\/wp\/v2\/posts"}],"about":[{"href":"https:\/\/autofans.com.ar\/index.php\/wp-json\/wp\/v2\/types\/post"}],"author":[{"embeddable":true,"href":"https:\/\/autofans.com.ar\/index.php\/wp-json\/wp\/v2\/users\/2"}],"replies":[{"embeddable":true,"href":"https:\/\/autofans.com.ar\/index.php\/wp-json\/wp\/v2\/comments?post=5310"}],"version-history":[{"count":1,"href":"https:\/\/autofans.com.ar\/index.php\/wp-json\/wp\/v2\/posts\/5310\/revisions"}],"predecessor-version":[{"id":5315,"href":"https:\/\/autofans.com.ar\/index.php\/wp-json\/wp\/v2\/posts\/5310\/revisions\/5315"}],"wp:featuredmedia":[{"embeddable":true,"href":"https:\/\/autofans.com.ar\/index.php\/wp-json\/wp\/v2\/media\/5311"}],"wp:attachment":[{"href":"https:\/\/autofans.com.ar\/index.php\/wp-json\/wp\/v2\/media?parent=5310"}],"wp:term":[{"taxonomy":"category","embeddable":true,"href":"https:\/\/autofans.com.ar\/index.php\/wp-json\/wp\/v2\/categories?post=5310"},{"taxonomy":"post_tag","embeddable":true,"href":"https:\/\/autofans.com.ar\/index.php\/wp-json\/wp\/v2\/tags?post=5310"}],"curies":[{"name":"wp","href":"https:\/\/api.w.org\/{rel}","templated":true}]}}