{"id":5329,"date":"2023-10-03T17:24:11","date_gmt":"2023-10-03T20:24:11","guid":{"rendered":"https:\/\/autofans.com.ar\/?p=5329"},"modified":"2023-10-03T17:24:11","modified_gmt":"2023-10-03T20:24:11","slug":"neon-legacy-federer-y-mercedes-benz-impulsando-el-tenis-juvenil","status":"publish","type":"post","link":"https:\/\/autofans.com.ar\/index.php\/2023\/10\/03\/neon-legacy-federer-y-mercedes-benz-impulsando-el-tenis-juvenil\/","title":{"rendered":"Neon Legacy &#8211; Federer y Mercedes-Benz, impulsando el tenis juvenil"},"content":{"rendered":"<p>Mercedes-Benz y Roger Federer extienden su hist\u00f3rica colaboraci\u00f3n, marcando 15 a\u00f1os de \u00e9xito y compromiso. Descubr\u00ed c\u00f3mo esta asociaci\u00f3n impulsa la iniciativa \u00abNeon Legacy\u00bb y su impacto en el tenis y la comunidad.<\/p>\n<p>&nbsp;<\/p>\n<h2>15 a\u00f1os de \u00e9xito en el tenis y los autom\u00f3viles<\/h2>\n<p>En una emocionante noticia para los entusiastas del tenis y los amantes de los autom\u00f3viles, <a href=\"https:\/\/autofans.com.ar\/index.php\/2023\/09\/30\/autofans-tv-programa-25-30-09-2023\/\" target=\"_blank\" rel=\"noopener\">Mercedes-Benz y Roger Federer<\/a> han decidido prolongar su asociaci\u00f3n de 15 a\u00f1os. M\u00e1s all\u00e1 de ser una alianza deportiva, esta colaboraci\u00f3n ha demostrado ser mucho m\u00e1s que eso. Desde que Federer se retir\u00f3 de las canchas, ambos han trabajado incansablemente en la iniciativa \u00abNeon Legacy\u00bb, que busca apoyar y nutrir a las pr\u00f3ximas generaciones de tenistas.<\/p>\n<p>&nbsp;<\/p>\n<div id='gallery-1' class='gallery galleryid-5329 gallery-columns-2 gallery-size-full'><figure class='gallery-item'>\n\t\t\t<div class='gallery-icon landscape'>\n\t\t\t\t<a href='https:\/\/autofans.com.ar\/index.php\/2023\/10\/03\/neon-legacy-federer-y-mercedes-benz-impulsando-el-tenis-juvenil\/foto-4-179\/'><img loading=\"lazy\" width=\"1000\" height=\"667\" src=\"https:\/\/autofans.com.ar\/wp-content\/uploads\/2023\/10\/foto-4-4.jpg\" class=\"attachment-full size-full\" alt=\"Federer\" srcset=\"https:\/\/autofans.com.ar\/wp-content\/uploads\/2023\/10\/foto-4-4.jpg 1000w, https:\/\/autofans.com.ar\/wp-content\/uploads\/2023\/10\/foto-4-4-300x200.jpg 300w, https:\/\/autofans.com.ar\/wp-content\/uploads\/2023\/10\/foto-4-4-768x512.jpg 768w\" sizes=\"auto, (max-width: 1000px) 100vw, 1000px\" loading=\"lazy\" decoding=\"async\" \/><\/a>\n\t\t\t<\/div><\/figure><figure class='gallery-item'>\n\t\t\t<div class='gallery-icon landscape'>\n\t\t\t\t<a href='https:\/\/autofans.com.ar\/index.php\/2023\/10\/03\/neon-legacy-federer-y-mercedes-benz-impulsando-el-tenis-juvenil\/foto-5-111\/'><img loading=\"lazy\" width=\"1000\" height=\"667\" src=\"https:\/\/autofans.com.ar\/wp-content\/uploads\/2023\/10\/foto-5.jpg\" class=\"attachment-full size-full\" alt=\"Federer\" srcset=\"https:\/\/autofans.com.ar\/wp-content\/uploads\/2023\/10\/foto-5.jpg 1000w, https:\/\/autofans.com.ar\/wp-content\/uploads\/2023\/10\/foto-5-300x200.jpg 300w, https:\/\/autofans.com.ar\/wp-content\/uploads\/2023\/10\/foto-5-768x512.jpg 768w\" sizes=\"auto, (max-width: 1000px) 100vw, 1000px\" loading=\"lazy\" decoding=\"async\" \/><\/a>\n\t\t\t<\/div><\/figure>\n\t\t<\/div>\n\n<p>&nbsp;<\/p>\n<p>El compromiso de Federer con el desarrollo del tenis juvenil qued\u00f3 de manifiesto a mediados de 2023, cuando inaugur\u00f3 una cancha de tenis p\u00fablica en Abbey Wood, Londres. Recientemente, durante la \u00faltima edici\u00f3n de la Laver Cup, Federer regres\u00f3 a la cancha para interactuar con j\u00f3venes talentos locales en Vancouver. Cabe destacar que Mercedes-Benz ha sido socio de la Laver Cup desde 2017, proporcionando veh\u00edculos y servicios esenciales para los competidores.<\/p>\n<blockquote>\n<p style=\"text-align: center;\">\u00abEstamos encantados de anunciar la ampliaci\u00f3n de nuestra asociaci\u00f3n con Roger y<br \/>\nentusiasmados de poder continuar con nuestra iniciativa \u201cNeon Legacy\u201d. La pasi\u00f3n de Roger<br \/>\ny su admiraci\u00f3n mundial nos guiar\u00e1n hac\u00eda nuevos proyectos en los pr\u00f3ximos a\u00f1os\u00bb.<\/p>\n<p style=\"text-align: center;\">Britta Seeger, Member of the Board of Management Mercedes-Benz Group AG, Marketing &amp; Sales<\/p>\n<\/blockquote>\n<h2>Mercedes-Benz impulsa la \u00e9lite del tenis en la Laver Cup<\/h2>\n<p>&nbsp;<\/p>\n<p><img fetchpriority=\"high\" decoding=\"async\" class=\"aligncenter wp-image-5333 size-full\" src=\"https:\/\/autofans.com.ar\/wp-content\/uploads\/2023\/10\/foto-2-4.jpg\" alt=\"Mercedes-Benz\" width=\"1000\" height=\"667\" srcset=\"https:\/\/autofans.com.ar\/wp-content\/uploads\/2023\/10\/foto-2-4.jpg 1000w, https:\/\/autofans.com.ar\/wp-content\/uploads\/2023\/10\/foto-2-4-300x200.jpg 300w, https:\/\/autofans.com.ar\/wp-content\/uploads\/2023\/10\/foto-2-4-768x512.jpg 768w\" sizes=\"(max-width: 1000px) 100vw, 1000px\" \/><\/p>\n<p>&nbsp;<\/p>\n<p>La Laver Cup, que se celebra en Vancouver cada a\u00f1o, re\u00fane a la \u00e9lite del tenis mundial. Para rendir homenaje a este deporte y al tenista australiano Rod Laver. Desde su inicio en 2017, el torneo ha visto a las estrellas europeas competir contra los mejores jugadores del mundo en un emocionante torneo por equipos. Mercedes-Benz ha desempe\u00f1ado un papel fundamental al proporcionar una flota de veh\u00edculos para los jugadores, directivos e invitados. Destacando en especial los autos del equipo: dos SUV Mercedes-EQE 500 4MATIC. Dise\u00f1ados con los colores azul y rojo de los equipos.<\/p>\n<p>&nbsp;<\/p>\n<p>&nbsp;<\/p>\n<p><i>Para enterarte de m\u00e1s novedades, no dejes de leer\u00a0<\/i><a href=\"https:\/\/autofans.thebrandsoup.com\/\"><i>nuestras notas<\/i><\/a><i>, de ver<\/i><b><i>\u00a0<\/i><\/b><a href=\"https:\/\/www.youtube.com\/channel\/UCgAC8UGHZYbT6P7PpmVnP7g\"><b><i>AUTOFANS TV<\/i><\/b><\/a><b><i>\u00a0<\/i><\/b><i>en nuestro\u00a0canal de Youtube. Adem\u00e1s seguinos en\u00a0<\/i><a href=\"https:\/\/www.instagram.com\/autofanstv\/\"><i>INSTAGRAM<\/i><\/a><i> y <\/i><a href=\"https:\/\/www.facebook.com\/autofansmas\/\"><i>FACEBOOK<\/i><\/a><i> para no perderte nada sobre las novedades del segmento automotor de Argentina y el mundo.<\/i><\/p>\n","protected":false},"excerpt":{"rendered":"<p>Mercedes-Benz y Roger Federer extienden su hist\u00f3rica colaboraci\u00f3n, marcando 15 a\u00f1os de \u00e9xito y compromiso&#8230;.<\/p>\n","protected":false},"author":2,"featured_media":5332,"comment_status":"closed","ping_status":"closed","sticky":false,"template":"","format":"standard","meta":{"footnotes":""},"categories":[6,16],"tags":[432,2687,2686,364,2685,2684,115],"class_list":["post-5329","post","type-post","status-publish","format-standard","has-post-thumbnail","hentry","category-bizstyle","category-noticias","tag-automoviles-de-lujo","tag-colaboracion-a-largo-plazo","tag-laver-cup","tag-mercedes-benz","tag-neon-legacy","tag-roger-federer","tag-tenis"],"yoast_head":"<!-- This site is optimized with the Yoast SEO plugin v27.5 - https:\/\/yoast.com\/product\/yoast-seo-wordpress\/ -->\n<title>Neon Legacy - Federer y Mercedes-Benz, impulsando el tenis juvenil -<\/title>\n<meta name=\"description\" content=\"Mercedes-Benz y Roger Federer extienden su hist\u00f3rica colaboraci\u00f3n, marcando 15 a\u00f1os de \u00e9xito y compromiso. Descubr\u00ed la iniciativa Neon Legacy.\" \/>\n<meta name=\"robots\" content=\"index, follow, max-snippet:-1, max-image-preview:large, max-video-preview:-1\" \/>\n<link rel=\"canonical\" href=\"https:\/\/autofans.com.ar\/index.php\/2023\/10\/03\/neon-legacy-federer-y-mercedes-benz-impulsando-el-tenis-juvenil\/\" \/>\n<meta property=\"og:locale\" content=\"es_ES\" \/>\n<meta property=\"og:type\" content=\"article\" \/>\n<meta property=\"og:title\" content=\"Neon Legacy - Federer y Mercedes-Benz, impulsando el tenis juvenil -\" \/>\n<meta property=\"og:description\" content=\"Mercedes-Benz y Roger Federer extienden su hist\u00f3rica colaboraci\u00f3n, marcando 15 a\u00f1os de \u00e9xito y compromiso. Descubr\u00ed la iniciativa Neon Legacy.\" \/>\n<meta property=\"og:url\" content=\"https:\/\/autofans.com.ar\/index.php\/2023\/10\/03\/neon-legacy-federer-y-mercedes-benz-impulsando-el-tenis-juvenil\/\" \/>\n<meta property=\"article:published_time\" content=\"2023-10-03T20:24:11+00:00\" \/>\n<meta property=\"og:image\" content=\"https:\/\/autofans.com.ar\/wp-content\/uploads\/2023\/10\/foto-3-4.jpg\" \/>\n\t<meta property=\"og:image:width\" content=\"1000\" \/>\n\t<meta property=\"og:image:height\" content=\"667\" \/>\n\t<meta property=\"og:image:type\" content=\"image\/jpeg\" \/>\n<meta name=\"author\" content=\"Alejandro Gabriel Rosito\" \/>\n<meta name=\"twitter:card\" content=\"summary_large_image\" \/>\n<meta name=\"twitter:label1\" content=\"Escrito por\" \/>\n\t<meta name=\"twitter:data1\" content=\"Alejandro Gabriel Rosito\" \/>\n\t<meta name=\"twitter:label2\" content=\"Tiempo de lectura\" \/>\n\t<meta name=\"twitter:data2\" content=\"2 minutos\" \/>\n<script type=\"application\/ld+json\" class=\"yoast-schema-graph\">{\"@context\":\"https:\\\/\\\/schema.org\",\"@graph\":[{\"@type\":\"Article\",\"@id\":\"https:\\\/\\\/autofans.com.ar\\\/index.php\\\/2023\\\/10\\\/03\\\/neon-legacy-federer-y-mercedes-benz-impulsando-el-tenis-juvenil\\\/#article\",\"isPartOf\":{\"@id\":\"https:\\\/\\\/autofans.com.ar\\\/index.php\\\/2023\\\/10\\\/03\\\/neon-legacy-federer-y-mercedes-benz-impulsando-el-tenis-juvenil\\\/\"},\"author\":{\"name\":\"Alejandro Gabriel Rosito\",\"@id\":\"https:\\\/\\\/autofans.com.ar\\\/#\\\/schema\\\/person\\\/4a8dda0b6df83ac3d6723e921274c2aa\"},\"headline\":\"Neon Legacy &#8211; Federer y Mercedes-Benz, impulsando el tenis juvenil\",\"datePublished\":\"2023-10-03T20:24:11+00:00\",\"mainEntityOfPage\":{\"@id\":\"https:\\\/\\\/autofans.com.ar\\\/index.php\\\/2023\\\/10\\\/03\\\/neon-legacy-federer-y-mercedes-benz-impulsando-el-tenis-juvenil\\\/\"},\"wordCount\":431,\"image\":{\"@id\":\"https:\\\/\\\/autofans.com.ar\\\/index.php\\\/2023\\\/10\\\/03\\\/neon-legacy-federer-y-mercedes-benz-impulsando-el-tenis-juvenil\\\/#primaryimage\"},\"thumbnailUrl\":\"https:\\\/\\\/autofans.com.ar\\\/wp-content\\\/uploads\\\/2023\\\/10\\\/foto-3-4.jpg\",\"keywords\":[\"autom\u00f3viles de lujo\",\"colaboraci\u00f3n a largo plazo\",\"Laver Cup\",\"Mercedes-Benz\",\"Neon Legacy\",\"Roger Federer\",\"Tenis\"],\"articleSection\":[\"BIZSTYLE\",\"NOTICIAS\"],\"inLanguage\":\"es\"},{\"@type\":\"WebPage\",\"@id\":\"https:\\\/\\\/autofans.com.ar\\\/index.php\\\/2023\\\/10\\\/03\\\/neon-legacy-federer-y-mercedes-benz-impulsando-el-tenis-juvenil\\\/\",\"url\":\"https:\\\/\\\/autofans.com.ar\\\/index.php\\\/2023\\\/10\\\/03\\\/neon-legacy-federer-y-mercedes-benz-impulsando-el-tenis-juvenil\\\/\",\"name\":\"Neon Legacy - Federer y Mercedes-Benz, impulsando el tenis juvenil -\",\"isPartOf\":{\"@id\":\"https:\\\/\\\/autofans.com.ar\\\/#website\"},\"primaryImageOfPage\":{\"@id\":\"https:\\\/\\\/autofans.com.ar\\\/index.php\\\/2023\\\/10\\\/03\\\/neon-legacy-federer-y-mercedes-benz-impulsando-el-tenis-juvenil\\\/#primaryimage\"},\"image\":{\"@id\":\"https:\\\/\\\/autofans.com.ar\\\/index.php\\\/2023\\\/10\\\/03\\\/neon-legacy-federer-y-mercedes-benz-impulsando-el-tenis-juvenil\\\/#primaryimage\"},\"thumbnailUrl\":\"https:\\\/\\\/autofans.com.ar\\\/wp-content\\\/uploads\\\/2023\\\/10\\\/foto-3-4.jpg\",\"datePublished\":\"2023-10-03T20:24:11+00:00\",\"author\":{\"@id\":\"https:\\\/\\\/autofans.com.ar\\\/#\\\/schema\\\/person\\\/4a8dda0b6df83ac3d6723e921274c2aa\"},\"description\":\"Mercedes-Benz y Roger Federer extienden su hist\u00f3rica colaboraci\u00f3n, marcando 15 a\u00f1os de \u00e9xito y compromiso. Descubr\u00ed la iniciativa Neon Legacy.\",\"breadcrumb\":{\"@id\":\"https:\\\/\\\/autofans.com.ar\\\/index.php\\\/2023\\\/10\\\/03\\\/neon-legacy-federer-y-mercedes-benz-impulsando-el-tenis-juvenil\\\/#breadcrumb\"},\"inLanguage\":\"es\",\"potentialAction\":[{\"@type\":\"ReadAction\",\"target\":[\"https:\\\/\\\/autofans.com.ar\\\/index.php\\\/2023\\\/10\\\/03\\\/neon-legacy-federer-y-mercedes-benz-impulsando-el-tenis-juvenil\\\/\"]}]},{\"@type\":\"ImageObject\",\"inLanguage\":\"es\",\"@id\":\"https:\\\/\\\/autofans.com.ar\\\/index.php\\\/2023\\\/10\\\/03\\\/neon-legacy-federer-y-mercedes-benz-impulsando-el-tenis-juvenil\\\/#primaryimage\",\"url\":\"https:\\\/\\\/autofans.com.ar\\\/wp-content\\\/uploads\\\/2023\\\/10\\\/foto-3-4.jpg\",\"contentUrl\":\"https:\\\/\\\/autofans.com.ar\\\/wp-content\\\/uploads\\\/2023\\\/10\\\/foto-3-4.jpg\",\"width\":1000,\"height\":667,\"caption\":\"Mercedes-Benz\"},{\"@type\":\"BreadcrumbList\",\"@id\":\"https:\\\/\\\/autofans.com.ar\\\/index.php\\\/2023\\\/10\\\/03\\\/neon-legacy-federer-y-mercedes-benz-impulsando-el-tenis-juvenil\\\/#breadcrumb\",\"itemListElement\":[{\"@type\":\"ListItem\",\"position\":1,\"name\":\"Inicio\",\"item\":\"https:\\\/\\\/autofans.com.ar\\\/\"},{\"@type\":\"ListItem\",\"position\":2,\"name\":\"Neon Legacy &#8211; Federer y Mercedes-Benz, impulsando el tenis juvenil\"}]},{\"@type\":\"WebSite\",\"@id\":\"https:\\\/\\\/autofans.com.ar\\\/#website\",\"url\":\"https:\\\/\\\/autofans.com.ar\\\/\",\"name\":\"\",\"description\":\"El multimedio referente de la industria automotriz\",\"potentialAction\":[{\"@type\":\"SearchAction\",\"target\":{\"@type\":\"EntryPoint\",\"urlTemplate\":\"https:\\\/\\\/autofans.com.ar\\\/?s={search_term_string}\"},\"query-input\":{\"@type\":\"PropertyValueSpecification\",\"valueRequired\":true,\"valueName\":\"search_term_string\"}}],\"inLanguage\":\"es\"},{\"@type\":\"Person\",\"@id\":\"https:\\\/\\\/autofans.com.ar\\\/#\\\/schema\\\/person\\\/4a8dda0b6df83ac3d6723e921274c2aa\",\"name\":\"Alejandro Gabriel Rosito\",\"image\":{\"@type\":\"ImageObject\",\"inLanguage\":\"es\",\"@id\":\"https:\\\/\\\/secure.gravatar.com\\\/avatar\\\/16c5dda1489adfc62618084dcbb91cffd879c374b13fe5dd8e44ed6733852c88?s=96&d=mm&r=g\",\"url\":\"https:\\\/\\\/secure.gravatar.com\\\/avatar\\\/16c5dda1489adfc62618084dcbb91cffd879c374b13fe5dd8e44ed6733852c88?s=96&d=mm&r=g\",\"contentUrl\":\"https:\\\/\\\/secure.gravatar.com\\\/avatar\\\/16c5dda1489adfc62618084dcbb91cffd879c374b13fe5dd8e44ed6733852c88?s=96&d=mm&r=g\",\"caption\":\"Alejandro Gabriel Rosito\"},\"url\":\"https:\\\/\\\/autofans.com.ar\\\/index.php\\\/author\\\/gabrielr\\\/\"}]}<\/script>\n<!-- \/ Yoast SEO plugin. -->","yoast_head_json":{"title":"Neon Legacy - Federer y Mercedes-Benz, impulsando el tenis juvenil -","description":"Mercedes-Benz y Roger Federer extienden su hist\u00f3rica colaboraci\u00f3n, marcando 15 a\u00f1os de \u00e9xito y compromiso. Descubr\u00ed la iniciativa Neon Legacy.","robots":{"index":"index","follow":"follow","max-snippet":"max-snippet:-1","max-image-preview":"max-image-preview:large","max-video-preview":"max-video-preview:-1"},"canonical":"https:\/\/autofans.com.ar\/index.php\/2023\/10\/03\/neon-legacy-federer-y-mercedes-benz-impulsando-el-tenis-juvenil\/","og_locale":"es_ES","og_type":"article","og_title":"Neon Legacy - Federer y Mercedes-Benz, impulsando el tenis juvenil -","og_description":"Mercedes-Benz y Roger Federer extienden su hist\u00f3rica colaboraci\u00f3n, marcando 15 a\u00f1os de \u00e9xito y compromiso. Descubr\u00ed la iniciativa Neon Legacy.","og_url":"https:\/\/autofans.com.ar\/index.php\/2023\/10\/03\/neon-legacy-federer-y-mercedes-benz-impulsando-el-tenis-juvenil\/","article_published_time":"2023-10-03T20:24:11+00:00","og_image":[{"width":1000,"height":667,"url":"https:\/\/autofans.com.ar\/wp-content\/uploads\/2023\/10\/foto-3-4.jpg","type":"image\/jpeg"}],"author":"Alejandro Gabriel Rosito","twitter_card":"summary_large_image","twitter_misc":{"Escrito por":"Alejandro Gabriel Rosito","Tiempo de lectura":"2 minutos"},"schema":{"@context":"https:\/\/schema.org","@graph":[{"@type":"Article","@id":"https:\/\/autofans.com.ar\/index.php\/2023\/10\/03\/neon-legacy-federer-y-mercedes-benz-impulsando-el-tenis-juvenil\/#article","isPartOf":{"@id":"https:\/\/autofans.com.ar\/index.php\/2023\/10\/03\/neon-legacy-federer-y-mercedes-benz-impulsando-el-tenis-juvenil\/"},"author":{"name":"Alejandro Gabriel Rosito","@id":"https:\/\/autofans.com.ar\/#\/schema\/person\/4a8dda0b6df83ac3d6723e921274c2aa"},"headline":"Neon Legacy &#8211; Federer y Mercedes-Benz, impulsando el tenis juvenil","datePublished":"2023-10-03T20:24:11+00:00","mainEntityOfPage":{"@id":"https:\/\/autofans.com.ar\/index.php\/2023\/10\/03\/neon-legacy-federer-y-mercedes-benz-impulsando-el-tenis-juvenil\/"},"wordCount":431,"image":{"@id":"https:\/\/autofans.com.ar\/index.php\/2023\/10\/03\/neon-legacy-federer-y-mercedes-benz-impulsando-el-tenis-juvenil\/#primaryimage"},"thumbnailUrl":"https:\/\/autofans.com.ar\/wp-content\/uploads\/2023\/10\/foto-3-4.jpg","keywords":["autom\u00f3viles de lujo","colaboraci\u00f3n a largo plazo","Laver Cup","Mercedes-Benz","Neon Legacy","Roger Federer","Tenis"],"articleSection":["BIZSTYLE","NOTICIAS"],"inLanguage":"es"},{"@type":"WebPage","@id":"https:\/\/autofans.com.ar\/index.php\/2023\/10\/03\/neon-legacy-federer-y-mercedes-benz-impulsando-el-tenis-juvenil\/","url":"https:\/\/autofans.com.ar\/index.php\/2023\/10\/03\/neon-legacy-federer-y-mercedes-benz-impulsando-el-tenis-juvenil\/","name":"Neon Legacy - Federer y Mercedes-Benz, impulsando el tenis juvenil -","isPartOf":{"@id":"https:\/\/autofans.com.ar\/#website"},"primaryImageOfPage":{"@id":"https:\/\/autofans.com.ar\/index.php\/2023\/10\/03\/neon-legacy-federer-y-mercedes-benz-impulsando-el-tenis-juvenil\/#primaryimage"},"image":{"@id":"https:\/\/autofans.com.ar\/index.php\/2023\/10\/03\/neon-legacy-federer-y-mercedes-benz-impulsando-el-tenis-juvenil\/#primaryimage"},"thumbnailUrl":"https:\/\/autofans.com.ar\/wp-content\/uploads\/2023\/10\/foto-3-4.jpg","datePublished":"2023-10-03T20:24:11+00:00","author":{"@id":"https:\/\/autofans.com.ar\/#\/schema\/person\/4a8dda0b6df83ac3d6723e921274c2aa"},"description":"Mercedes-Benz y Roger Federer extienden su hist\u00f3rica colaboraci\u00f3n, marcando 15 a\u00f1os de \u00e9xito y compromiso. Descubr\u00ed la iniciativa Neon Legacy.","breadcrumb":{"@id":"https:\/\/autofans.com.ar\/index.php\/2023\/10\/03\/neon-legacy-federer-y-mercedes-benz-impulsando-el-tenis-juvenil\/#breadcrumb"},"inLanguage":"es","potentialAction":[{"@type":"ReadAction","target":["https:\/\/autofans.com.ar\/index.php\/2023\/10\/03\/neon-legacy-federer-y-mercedes-benz-impulsando-el-tenis-juvenil\/"]}]},{"@type":"ImageObject","inLanguage":"es","@id":"https:\/\/autofans.com.ar\/index.php\/2023\/10\/03\/neon-legacy-federer-y-mercedes-benz-impulsando-el-tenis-juvenil\/#primaryimage","url":"https:\/\/autofans.com.ar\/wp-content\/uploads\/2023\/10\/foto-3-4.jpg","contentUrl":"https:\/\/autofans.com.ar\/wp-content\/uploads\/2023\/10\/foto-3-4.jpg","width":1000,"height":667,"caption":"Mercedes-Benz"},{"@type":"BreadcrumbList","@id":"https:\/\/autofans.com.ar\/index.php\/2023\/10\/03\/neon-legacy-federer-y-mercedes-benz-impulsando-el-tenis-juvenil\/#breadcrumb","itemListElement":[{"@type":"ListItem","position":1,"name":"Inicio","item":"https:\/\/autofans.com.ar\/"},{"@type":"ListItem","position":2,"name":"Neon Legacy &#8211; Federer y Mercedes-Benz, impulsando el tenis juvenil"}]},{"@type":"WebSite","@id":"https:\/\/autofans.com.ar\/#website","url":"https:\/\/autofans.com.ar\/","name":"","description":"El multimedio referente de la industria automotriz","potentialAction":[{"@type":"SearchAction","target":{"@type":"EntryPoint","urlTemplate":"https:\/\/autofans.com.ar\/?s={search_term_string}"},"query-input":{"@type":"PropertyValueSpecification","valueRequired":true,"valueName":"search_term_string"}}],"inLanguage":"es"},{"@type":"Person","@id":"https:\/\/autofans.com.ar\/#\/schema\/person\/4a8dda0b6df83ac3d6723e921274c2aa","name":"Alejandro Gabriel Rosito","image":{"@type":"ImageObject","inLanguage":"es","@id":"https:\/\/secure.gravatar.com\/avatar\/16c5dda1489adfc62618084dcbb91cffd879c374b13fe5dd8e44ed6733852c88?s=96&d=mm&r=g","url":"https:\/\/secure.gravatar.com\/avatar\/16c5dda1489adfc62618084dcbb91cffd879c374b13fe5dd8e44ed6733852c88?s=96&d=mm&r=g","contentUrl":"https:\/\/secure.gravatar.com\/avatar\/16c5dda1489adfc62618084dcbb91cffd879c374b13fe5dd8e44ed6733852c88?s=96&d=mm&r=g","caption":"Alejandro Gabriel Rosito"},"url":"https:\/\/autofans.com.ar\/index.php\/author\/gabrielr\/"}]}},"featured_image_urls":{"full":["https:\/\/autofans.com.ar\/wp-content\/uploads\/2023\/10\/foto-3-4.jpg",1000,667,false],"thumbnail":["https:\/\/autofans.com.ar\/wp-content\/uploads\/2023\/10\/foto-3-4-150x150.jpg",150,150,true],"medium":["https:\/\/autofans.com.ar\/wp-content\/uploads\/2023\/10\/foto-3-4-300x200.jpg",300,200,true],"medium_large":["https:\/\/autofans.com.ar\/wp-content\/uploads\/2023\/10\/foto-3-4-768x512.jpg",640,427,true],"large":["https:\/\/autofans.com.ar\/wp-content\/uploads\/2023\/10\/foto-3-4.jpg",640,427,false],"1536x1536":["https:\/\/autofans.com.ar\/wp-content\/uploads\/2023\/10\/foto-3-4.jpg",1000,667,false],"2048x2048":["https:\/\/autofans.com.ar\/wp-content\/uploads\/2023\/10\/foto-3-4.jpg",1000,667,false],"covernews-featured":["https:\/\/autofans.com.ar\/wp-content\/uploads\/2023\/10\/foto-3-4.jpg",1000,667,false],"covernews-medium":["https:\/\/autofans.com.ar\/wp-content\/uploads\/2023\/10\/foto-3-4-540x340.jpg",540,340,true]},"author_info":{"display_name":"Alejandro Gabriel Rosito","author_link":"https:\/\/autofans.com.ar\/index.php\/author\/gabrielr\/"},"category_info":"<a href=\"https:\/\/autofans.com.ar\/index.php\/category\/noticias\/bizstyle\/\" rel=\"category tag\">BIZSTYLE<\/a> <a href=\"https:\/\/autofans.com.ar\/index.php\/category\/noticias\/\" rel=\"category tag\">NOTICIAS<\/a>","tag_info":"NOTICIAS","comment_count":0,"_links":{"self":[{"href":"https:\/\/autofans.com.ar\/index.php\/wp-json\/wp\/v2\/posts\/5329","targetHints":{"allow":["GET"]}}],"collection":[{"href":"https:\/\/autofans.com.ar\/index.php\/wp-json\/wp\/v2\/posts"}],"about":[{"href":"https:\/\/autofans.com.ar\/index.php\/wp-json\/wp\/v2\/types\/post"}],"author":[{"embeddable":true,"href":"https:\/\/autofans.com.ar\/index.php\/wp-json\/wp\/v2\/users\/2"}],"replies":[{"embeddable":true,"href":"https:\/\/autofans.com.ar\/index.php\/wp-json\/wp\/v2\/comments?post=5329"}],"version-history":[{"count":2,"href":"https:\/\/autofans.com.ar\/index.php\/wp-json\/wp\/v2\/posts\/5329\/revisions"}],"predecessor-version":[{"id":5336,"href":"https:\/\/autofans.com.ar\/index.php\/wp-json\/wp\/v2\/posts\/5329\/revisions\/5336"}],"wp:featuredmedia":[{"embeddable":true,"href":"https:\/\/autofans.com.ar\/index.php\/wp-json\/wp\/v2\/media\/5332"}],"wp:attachment":[{"href":"https:\/\/autofans.com.ar\/index.php\/wp-json\/wp\/v2\/media?parent=5329"}],"wp:term":[{"taxonomy":"category","embeddable":true,"href":"https:\/\/autofans.com.ar\/index.php\/wp-json\/wp\/v2\/categories?post=5329"},{"taxonomy":"post_tag","embeddable":true,"href":"https:\/\/autofans.com.ar\/index.php\/wp-json\/wp\/v2\/tags?post=5329"}],"curies":[{"name":"wp","href":"https:\/\/api.w.org\/{rel}","templated":true}]}}