{"id":5343,"date":"2023-10-04T14:32:44","date_gmt":"2023-10-04T17:32:44","guid":{"rendered":"https:\/\/autofans.com.ar\/?p=5343"},"modified":"2023-10-04T14:32:44","modified_gmt":"2023-10-04T17:32:44","slug":"ds-automobiles-renueva-su-compromiso-con-la-formula-e","status":"publish","type":"post","link":"https:\/\/autofans.com.ar\/index.php\/2023\/10\/04\/ds-automobiles-renueva-su-compromiso-con-la-formula-e\/","title":{"rendered":"DS Automobiles renueva su compromiso con la F\u00f3rmula E"},"content":{"rendered":"<p>DS Automobiles y PENSKE AUTOSPORT anuncian la continuidad de su alianza con los campeones Jean-Eric Vergne y Stoffel Vandoorne en la d\u00e9cima temporada de la F\u00f3rmula E. Descubr\u00ed c\u00f3mo este d\u00fao de campeones buscar\u00e1 llevar al equipo DS PENSKE a nuevas alturas en el emocionante mundo de la competici\u00f3n el\u00e9ctrica.<\/p>\n<p>&nbsp;<\/p>\n<h2>Vergne y Vandoorne listos para la acci\u00f3n<\/h2>\n<p>La d\u00e9cima temporada del Campeonato del Mundo ABB FIA de F\u00f3rmula E, est\u00e1 generando una gran expectaci\u00f3n en el mundo del automovilismo. Jean-Eric Vergne, bicampe\u00f3n de la F\u00f3rmula E en 2018 y 2019, y Stoffel Vandoorne, campe\u00f3n del mundo en 2022, continuar\u00e1n al volante de sus DS E-TENSE FE23, con el objetivo de lograr un rendimiento excepcional y llevar al equipo DS PENSKE a la gloria en esta emocionante competici\u00f3n el\u00e9ctrica.<\/p>\n<p>&nbsp;<\/p>\n<p><img fetchpriority=\"high\" decoding=\"async\" class=\"aligncenter wp-image-5347 size-full\" src=\"https:\/\/autofans.com.ar\/wp-content\/uploads\/2023\/10\/DS-Automobiles-2.jpg\" alt=\"DS Automobiles\" width=\"1000\" height=\"667\" srcset=\"https:\/\/autofans.com.ar\/wp-content\/uploads\/2023\/10\/DS-Automobiles-2.jpg 1000w, https:\/\/autofans.com.ar\/wp-content\/uploads\/2023\/10\/DS-Automobiles-2-300x200.jpg 300w, https:\/\/autofans.com.ar\/wp-content\/uploads\/2023\/10\/DS-Automobiles-2-768x512.jpg 768w\" sizes=\"(max-width: 1000px) 100vw, 1000px\" \/><\/p>\n<p>&nbsp;<\/p>\n<p>La noticia llega justo antes de los entrenamientos oficiales de apertura de la d\u00e9cima temporada de F\u00f3rmula E, programados para llevarse a cabo en Valencia, Espa\u00f1a, del 24 al 27 de octubre. DS Automobiles y PENSKE AUTOSPORT est\u00e1n decididos a mantener su posici\u00f3n en la cima de la competici\u00f3n y conf\u00edan en la experiencia y habilidades de Vergne y Vandoorne para lograrlo.<\/p>\n<p>&nbsp;<\/p>\n<h2>DS Automobiles &#8211; l\u00edder en electrificaci\u00f3n en la F\u00f3rmula E<\/h2>\n<p>La temporada pasada fue una monta\u00f1a rusa de emociones para el equipo DS PENSKE, con momentos de victoria en la India y podios en lugares como Ciudad del Cabo y Berl\u00edn. Esta temporada, est\u00e1n decididos a mantener la consistencia y luchar por el campeonato desde el inicio, comenzando en M\u00e9xico el 13 de enero de 2023.<\/p>\n<p>&nbsp;<\/p>\n<p><img decoding=\"async\" class=\"aligncenter wp-image-5348 size-full\" src=\"https:\/\/autofans.com.ar\/wp-content\/uploads\/2023\/10\/DS-Automobiles-1.jpg\" alt=\"DS Automobiles\" width=\"1000\" height=\"667\" srcset=\"https:\/\/autofans.com.ar\/wp-content\/uploads\/2023\/10\/DS-Automobiles-1.jpg 1000w, https:\/\/autofans.com.ar\/wp-content\/uploads\/2023\/10\/DS-Automobiles-1-300x200.jpg 300w, https:\/\/autofans.com.ar\/wp-content\/uploads\/2023\/10\/DS-Automobiles-1-768x512.jpg 768w\" sizes=\"(max-width: 1000px) 100vw, 1000px\" \/><\/p>\n<p>&nbsp;<\/p>\n<p>El fabricante premium del grupo Stellantis tiene una gran fe en su DS E-TENSE FE23, cuyo nuevo dise\u00f1o se dar\u00e1 a conocer el 9 de octubre, y espera conquistar nuevos podios con este veh\u00edculo de vanguardia.<\/p>\n<p>La F\u00f3rmula E es un aut\u00e9ntico laboratorio tecnol\u00f3gico que se alinea con la visi\u00f3n de DS Automobiles de ser una marca 100% el\u00e9ctrica a partir de 2024. Esta participaci\u00f3n en la competici\u00f3n no solo destaca su compromiso con la electrificaci\u00f3n, sino que tambi\u00e9n brinda una plataforma para demostrar su experiencia en movilidad el\u00e9ctrica.<\/p>\n<p>&nbsp;<\/p>\n<blockquote>\n<p style=\"text-align: center;\">Eugenio Franzetti, director de DS Performance:<\/p>\n<p style=\"text-align: center;\">\u201cLa temporada pasada tuvimos momentos emocionantes, con la victoria en la India, los podios de Ciudad del Cabo y Berl\u00edn o la pole en San Pablo, pero tambi\u00e9n pasamos por momentos dif\u00edciles. A lo largo de todos estos altibajos, hemos tenido una gran constante: \u00a1nuestros pilotos! Siempre r\u00e1pidos y decididos a darlo todo dentro y fuera de la pista. Por eso estamos encantados de continuar esta aventura con nuestros dos campeones. De hecho, conviene recordar que somos el \u00fanico equipo que cuenta con dos campeones del mundo y, bas\u00e1ndonos en su talento, estamos construyendo nuestra pr\u00f3xima temporada prestando especial atenci\u00f3n a la preparaci\u00f3n y el rendimiento a lo largo de los fines de semana de carrera.\u201d<\/p>\n<\/blockquote>\n<p>&nbsp;<\/p>\n<blockquote>\n<p style=\"text-align: center;\">Jean-Eric Vergne, campe\u00f3n de FE en 2018 y 2019:<\/p>\n<p style=\"text-align: center;\">\u201cEstoy muy contento de continuar la aventura con DS PENSKE con el mismo compa\u00f1ero de equipo y con nuestro auto Gen3. Cuando un cap\u00edtulo llega a su fin, tenemos que centrarnos en lo que tenemos por delante. Me encanta la competici\u00f3n y, sobre todo, \u00a1me encanta ganar! Es una sensaci\u00f3n muy especial que quiero revivir con el equipo. Tengo una verdadera relaci\u00f3n de confianza con los ingenieros y mec\u00e1nicos, y su dedicaci\u00f3n y trabajo duro son realmente inspiradores. Tambi\u00e9n quiero dar lo mejor de m\u00ed mismo para agradecer la confianza que Jay Penske y el resto del equipo han depositado en m\u00ed. Estamos al principio de la temporada, \u00a1el contador empieza de cero! Con Stoffel formamos un d\u00fao s\u00f3lido. Hemos hecho buenas carreras y estamos trabajando muy duro para volver a lo m\u00e1s alto. S\u00f3lo tenemos que intentar hacerlo mejor y no pararemos hasta conseguirlo. Mi concentraci\u00f3n y mi determinaci\u00f3n son m\u00e1ximas. Y mi motivaci\u00f3n para conseguir nuevos t\u00edtulos con el equipo es a\u00fan mayor que en a\u00f1os anteriores.\u00bb<\/p>\n<\/blockquote>\n<p>&nbsp;<\/p>\n<blockquote>\n<p style=\"text-align: center;\">Stoffel Vandoorne, campe\u00f3n de FE en 2022:<\/p>\n<p style=\"text-align: center;\">\u201cEstoy encantado de continuar esta gran aventura que iniciamos con el equipo hace un a\u00f1o. La regularidad y la constancia ser\u00e1n las bases de nuestro \u00e9xito futuro. JEV y yo formamos uno de los mejores d\u00faos de la grilla. Hemos progresado mucho en la \u00faltima temporada y juntos somos m\u00e1s fuertes. Un rendimiento constante es nuestro objetivo para la pr\u00f3xima temporada. Con el equipo, el objetivo final es ganar el campeonato, \u00a1y estoy encantado de volver a luchar por unos grandes resultados.\u201d<\/p>\n<\/blockquote>\n<p>&nbsp;<\/p>\n<p>Desde que DS Automobiles se uni\u00f3 a la <a href=\"https:\/\/autofans.com.ar\/index.php\/2023\/05\/12\/ds-automobiles-en-busca-de-su-tercer-triunfo-en-monaco\/\" target=\"_blank\" rel=\"noopener\">F\u00f3rmula E<\/a>, han participado en 105 carreras, obteniendo 4 t\u00edtulos, 16 victorias, 47 podios y 22 pole positions. Su compromiso con la electrificaci\u00f3n y la innovaci\u00f3n sigue siendo una parte integral de su identidad como marca l\u00edder en el mundo de los veh\u00edculos el\u00e9ctricos.<\/p>\n<p>Este anuncio marca el inicio de una emocionante temporada de F\u00f3rmula E con DS Automobiles y PENSKE AUTOSPORT listos para enfrentar nuevos desaf\u00edos y conquistar el podio una vez m\u00e1s. \u00a1Segu\u00ed atento a las novedades de esta emocionante temporada!<\/p>\n<p>&nbsp;<\/p>\n<p><i>Para enterarte de m\u00e1s novedades, no dejes de leer\u00a0<\/i><a href=\"https:\/\/autofans.thebrandsoup.com\/\"><i>nuestras notas<\/i><\/a><i>, de ver<\/i><b><i>\u00a0<\/i><\/b><a href=\"https:\/\/www.youtube.com\/channel\/UCgAC8UGHZYbT6P7PpmVnP7g\"><b><i>AUTOFANS TV<\/i><\/b><\/a><b><i>\u00a0<\/i><\/b><i>en nuestro\u00a0canal de Youtube. Adem\u00e1s seguinos en\u00a0<\/i><a href=\"https:\/\/www.instagram.com\/autofanstv\/\"><i>INSTAGRAM<\/i><\/a><i> y <\/i><a href=\"https:\/\/www.facebook.com\/autofansmas\/\"><i>FACEBOOK<\/i><\/a><i> para no perderte nada sobre las novedades del segmento automotor de Argentina y el mundo.<\/i><\/p>\n","protected":false},"excerpt":{"rendered":"<p>DS Automobiles y PENSKE AUTOSPORT anuncian la continuidad de su alianza con los campeones Jean-Eric&#8230;<\/p>\n","protected":false},"author":2,"featured_media":5346,"comment_status":"closed","ping_status":"closed","sticky":false,"template":"","format":"standard","meta":{"footnotes":""},"categories":[127,16],"tags":[2696,2697,545,2694,355,267,880,379,1157,881,2695,359],"class_list":["post-5343","post","type-post","status-publish","format-standard","has-post-thumbnail","hentry","category-deporte","category-noticias","tag-campeonato-del-mundo-abb-fia-de-formula-e","tag-competicion-de-automovilismo","tag-ds-automobiles","tag-ds-e-tense-fe23","tag-electrificacion","tag-formula-e","tag-jean-eric-vergne","tag-movilidad-electrica","tag-penske-autosport","tag-stoffel-vandoorne","tag-temporada-10","tag-vehiculos-electricos"],"yoast_head":"<!-- This site is optimized with the Yoast SEO plugin v27.5 - https:\/\/yoast.com\/product\/yoast-seo-wordpress\/ -->\n<title>DS Automobiles renueva su compromiso con la F\u00f3rmula E -<\/title>\n<meta name=\"description\" content=\"DS Automobiles y PENSKE AUTOSPORT anuncian la continuidad de su alianza con los campeones Jean-Eric Vergne y Stoffel Vandoorne...\" \/>\n<meta name=\"robots\" content=\"index, follow, max-snippet:-1, max-image-preview:large, max-video-preview:-1\" \/>\n<link rel=\"canonical\" href=\"https:\/\/autofans.com.ar\/index.php\/2023\/10\/04\/ds-automobiles-renueva-su-compromiso-con-la-formula-e\/\" \/>\n<meta property=\"og:locale\" content=\"es_ES\" \/>\n<meta property=\"og:type\" content=\"article\" \/>\n<meta property=\"og:title\" content=\"DS Automobiles renueva su compromiso con la F\u00f3rmula E -\" \/>\n<meta property=\"og:description\" content=\"DS Automobiles y PENSKE AUTOSPORT anuncian la continuidad de su alianza con los campeones Jean-Eric Vergne y Stoffel Vandoorne...\" \/>\n<meta property=\"og:url\" content=\"https:\/\/autofans.com.ar\/index.php\/2023\/10\/04\/ds-automobiles-renueva-su-compromiso-con-la-formula-e\/\" \/>\n<meta property=\"article:published_time\" content=\"2023-10-04T17:32:44+00:00\" \/>\n<meta property=\"og:image\" content=\"https:\/\/autofans.com.ar\/wp-content\/uploads\/2023\/10\/DS-Automobiles-3.jpg\" \/>\n\t<meta property=\"og:image:width\" content=\"1000\" \/>\n\t<meta property=\"og:image:height\" content=\"667\" \/>\n\t<meta property=\"og:image:type\" content=\"image\/jpeg\" \/>\n<meta name=\"author\" content=\"Alejandro Gabriel Rosito\" \/>\n<meta name=\"twitter:card\" content=\"summary_large_image\" \/>\n<meta name=\"twitter:label1\" content=\"Escrito por\" \/>\n\t<meta name=\"twitter:data1\" content=\"Alejandro Gabriel Rosito\" \/>\n\t<meta name=\"twitter:label2\" content=\"Tiempo de lectura\" \/>\n\t<meta name=\"twitter:data2\" content=\"3 minutos\" \/>\n<script type=\"application\/ld+json\" class=\"yoast-schema-graph\">{\"@context\":\"https:\\\/\\\/schema.org\",\"@graph\":[{\"@type\":\"Article\",\"@id\":\"https:\\\/\\\/autofans.com.ar\\\/index.php\\\/2023\\\/10\\\/04\\\/ds-automobiles-renueva-su-compromiso-con-la-formula-e\\\/#article\",\"isPartOf\":{\"@id\":\"https:\\\/\\\/autofans.com.ar\\\/index.php\\\/2023\\\/10\\\/04\\\/ds-automobiles-renueva-su-compromiso-con-la-formula-e\\\/\"},\"author\":{\"name\":\"Alejandro Gabriel Rosito\",\"@id\":\"https:\\\/\\\/autofans.com.ar\\\/#\\\/schema\\\/person\\\/4a8dda0b6df83ac3d6723e921274c2aa\"},\"headline\":\"DS Automobiles renueva su compromiso con la F\u00f3rmula E\",\"datePublished\":\"2023-10-04T17:32:44+00:00\",\"mainEntityOfPage\":{\"@id\":\"https:\\\/\\\/autofans.com.ar\\\/index.php\\\/2023\\\/10\\\/04\\\/ds-automobiles-renueva-su-compromiso-con-la-formula-e\\\/\"},\"wordCount\":957,\"image\":{\"@id\":\"https:\\\/\\\/autofans.com.ar\\\/index.php\\\/2023\\\/10\\\/04\\\/ds-automobiles-renueva-su-compromiso-con-la-formula-e\\\/#primaryimage\"},\"thumbnailUrl\":\"https:\\\/\\\/autofans.com.ar\\\/wp-content\\\/uploads\\\/2023\\\/10\\\/DS-Automobiles-3.jpg\",\"keywords\":[\"Campeonato del Mundo ABB FIA de F\u00f3rmula E\",\"Competici\u00f3n de Automovilismo\",\"DS Automobiles\",\"DS E-TENSE FE23\",\"electrificaci\u00f3n\",\"F\u00f3rmula E\",\"Jean-Eric Vergne\",\"movilidad el\u00e9ctrica\",\"Penske Autosport\",\"Stoffel Vandoorne\",\"Temporada 10\",\"veh\u00edculos el\u00e9ctricos\"],\"articleSection\":[\"DEPORTE MOTOR\",\"NOTICIAS\"],\"inLanguage\":\"es\"},{\"@type\":\"WebPage\",\"@id\":\"https:\\\/\\\/autofans.com.ar\\\/index.php\\\/2023\\\/10\\\/04\\\/ds-automobiles-renueva-su-compromiso-con-la-formula-e\\\/\",\"url\":\"https:\\\/\\\/autofans.com.ar\\\/index.php\\\/2023\\\/10\\\/04\\\/ds-automobiles-renueva-su-compromiso-con-la-formula-e\\\/\",\"name\":\"DS Automobiles renueva su compromiso con la F\u00f3rmula E -\",\"isPartOf\":{\"@id\":\"https:\\\/\\\/autofans.com.ar\\\/#website\"},\"primaryImageOfPage\":{\"@id\":\"https:\\\/\\\/autofans.com.ar\\\/index.php\\\/2023\\\/10\\\/04\\\/ds-automobiles-renueva-su-compromiso-con-la-formula-e\\\/#primaryimage\"},\"image\":{\"@id\":\"https:\\\/\\\/autofans.com.ar\\\/index.php\\\/2023\\\/10\\\/04\\\/ds-automobiles-renueva-su-compromiso-con-la-formula-e\\\/#primaryimage\"},\"thumbnailUrl\":\"https:\\\/\\\/autofans.com.ar\\\/wp-content\\\/uploads\\\/2023\\\/10\\\/DS-Automobiles-3.jpg\",\"datePublished\":\"2023-10-04T17:32:44+00:00\",\"author\":{\"@id\":\"https:\\\/\\\/autofans.com.ar\\\/#\\\/schema\\\/person\\\/4a8dda0b6df83ac3d6723e921274c2aa\"},\"description\":\"DS Automobiles y PENSKE AUTOSPORT anuncian la continuidad de su alianza con los campeones Jean-Eric Vergne y Stoffel Vandoorne...\",\"breadcrumb\":{\"@id\":\"https:\\\/\\\/autofans.com.ar\\\/index.php\\\/2023\\\/10\\\/04\\\/ds-automobiles-renueva-su-compromiso-con-la-formula-e\\\/#breadcrumb\"},\"inLanguage\":\"es\",\"potentialAction\":[{\"@type\":\"ReadAction\",\"target\":[\"https:\\\/\\\/autofans.com.ar\\\/index.php\\\/2023\\\/10\\\/04\\\/ds-automobiles-renueva-su-compromiso-con-la-formula-e\\\/\"]}]},{\"@type\":\"ImageObject\",\"inLanguage\":\"es\",\"@id\":\"https:\\\/\\\/autofans.com.ar\\\/index.php\\\/2023\\\/10\\\/04\\\/ds-automobiles-renueva-su-compromiso-con-la-formula-e\\\/#primaryimage\",\"url\":\"https:\\\/\\\/autofans.com.ar\\\/wp-content\\\/uploads\\\/2023\\\/10\\\/DS-Automobiles-3.jpg\",\"contentUrl\":\"https:\\\/\\\/autofans.com.ar\\\/wp-content\\\/uploads\\\/2023\\\/10\\\/DS-Automobiles-3.jpg\",\"width\":1000,\"height\":667,\"caption\":\"DS Automobiles\"},{\"@type\":\"BreadcrumbList\",\"@id\":\"https:\\\/\\\/autofans.com.ar\\\/index.php\\\/2023\\\/10\\\/04\\\/ds-automobiles-renueva-su-compromiso-con-la-formula-e\\\/#breadcrumb\",\"itemListElement\":[{\"@type\":\"ListItem\",\"position\":1,\"name\":\"Inicio\",\"item\":\"https:\\\/\\\/autofans.com.ar\\\/\"},{\"@type\":\"ListItem\",\"position\":2,\"name\":\"DS Automobiles renueva su compromiso con la F\u00f3rmula E\"}]},{\"@type\":\"WebSite\",\"@id\":\"https:\\\/\\\/autofans.com.ar\\\/#website\",\"url\":\"https:\\\/\\\/autofans.com.ar\\\/\",\"name\":\"\",\"description\":\"El multimedio referente de la industria automotriz\",\"potentialAction\":[{\"@type\":\"SearchAction\",\"target\":{\"@type\":\"EntryPoint\",\"urlTemplate\":\"https:\\\/\\\/autofans.com.ar\\\/?s={search_term_string}\"},\"query-input\":{\"@type\":\"PropertyValueSpecification\",\"valueRequired\":true,\"valueName\":\"search_term_string\"}}],\"inLanguage\":\"es\"},{\"@type\":\"Person\",\"@id\":\"https:\\\/\\\/autofans.com.ar\\\/#\\\/schema\\\/person\\\/4a8dda0b6df83ac3d6723e921274c2aa\",\"name\":\"Alejandro Gabriel Rosito\",\"image\":{\"@type\":\"ImageObject\",\"inLanguage\":\"es\",\"@id\":\"https:\\\/\\\/secure.gravatar.com\\\/avatar\\\/16c5dda1489adfc62618084dcbb91cffd879c374b13fe5dd8e44ed6733852c88?s=96&d=mm&r=g\",\"url\":\"https:\\\/\\\/secure.gravatar.com\\\/avatar\\\/16c5dda1489adfc62618084dcbb91cffd879c374b13fe5dd8e44ed6733852c88?s=96&d=mm&r=g\",\"contentUrl\":\"https:\\\/\\\/secure.gravatar.com\\\/avatar\\\/16c5dda1489adfc62618084dcbb91cffd879c374b13fe5dd8e44ed6733852c88?s=96&d=mm&r=g\",\"caption\":\"Alejandro Gabriel Rosito\"},\"url\":\"https:\\\/\\\/autofans.com.ar\\\/index.php\\\/author\\\/gabrielr\\\/\"}]}<\/script>\n<!-- \/ Yoast SEO plugin. -->","yoast_head_json":{"title":"DS Automobiles renueva su compromiso con la F\u00f3rmula E -","description":"DS Automobiles y PENSKE AUTOSPORT anuncian la continuidad de su alianza con los campeones Jean-Eric Vergne y Stoffel Vandoorne...","robots":{"index":"index","follow":"follow","max-snippet":"max-snippet:-1","max-image-preview":"max-image-preview:large","max-video-preview":"max-video-preview:-1"},"canonical":"https:\/\/autofans.com.ar\/index.php\/2023\/10\/04\/ds-automobiles-renueva-su-compromiso-con-la-formula-e\/","og_locale":"es_ES","og_type":"article","og_title":"DS Automobiles renueva su compromiso con la F\u00f3rmula E -","og_description":"DS Automobiles y PENSKE AUTOSPORT anuncian la continuidad de su alianza con los campeones Jean-Eric Vergne y Stoffel Vandoorne...","og_url":"https:\/\/autofans.com.ar\/index.php\/2023\/10\/04\/ds-automobiles-renueva-su-compromiso-con-la-formula-e\/","article_published_time":"2023-10-04T17:32:44+00:00","og_image":[{"width":1000,"height":667,"url":"https:\/\/autofans.com.ar\/wp-content\/uploads\/2023\/10\/DS-Automobiles-3.jpg","type":"image\/jpeg"}],"author":"Alejandro Gabriel Rosito","twitter_card":"summary_large_image","twitter_misc":{"Escrito por":"Alejandro Gabriel Rosito","Tiempo de lectura":"3 minutos"},"schema":{"@context":"https:\/\/schema.org","@graph":[{"@type":"Article","@id":"https:\/\/autofans.com.ar\/index.php\/2023\/10\/04\/ds-automobiles-renueva-su-compromiso-con-la-formula-e\/#article","isPartOf":{"@id":"https:\/\/autofans.com.ar\/index.php\/2023\/10\/04\/ds-automobiles-renueva-su-compromiso-con-la-formula-e\/"},"author":{"name":"Alejandro Gabriel Rosito","@id":"https:\/\/autofans.com.ar\/#\/schema\/person\/4a8dda0b6df83ac3d6723e921274c2aa"},"headline":"DS Automobiles renueva su compromiso con la F\u00f3rmula E","datePublished":"2023-10-04T17:32:44+00:00","mainEntityOfPage":{"@id":"https:\/\/autofans.com.ar\/index.php\/2023\/10\/04\/ds-automobiles-renueva-su-compromiso-con-la-formula-e\/"},"wordCount":957,"image":{"@id":"https:\/\/autofans.com.ar\/index.php\/2023\/10\/04\/ds-automobiles-renueva-su-compromiso-con-la-formula-e\/#primaryimage"},"thumbnailUrl":"https:\/\/autofans.com.ar\/wp-content\/uploads\/2023\/10\/DS-Automobiles-3.jpg","keywords":["Campeonato del Mundo ABB FIA de F\u00f3rmula E","Competici\u00f3n de Automovilismo","DS Automobiles","DS E-TENSE FE23","electrificaci\u00f3n","F\u00f3rmula E","Jean-Eric Vergne","movilidad el\u00e9ctrica","Penske Autosport","Stoffel Vandoorne","Temporada 10","veh\u00edculos el\u00e9ctricos"],"articleSection":["DEPORTE MOTOR","NOTICIAS"],"inLanguage":"es"},{"@type":"WebPage","@id":"https:\/\/autofans.com.ar\/index.php\/2023\/10\/04\/ds-automobiles-renueva-su-compromiso-con-la-formula-e\/","url":"https:\/\/autofans.com.ar\/index.php\/2023\/10\/04\/ds-automobiles-renueva-su-compromiso-con-la-formula-e\/","name":"DS Automobiles renueva su compromiso con la F\u00f3rmula E -","isPartOf":{"@id":"https:\/\/autofans.com.ar\/#website"},"primaryImageOfPage":{"@id":"https:\/\/autofans.com.ar\/index.php\/2023\/10\/04\/ds-automobiles-renueva-su-compromiso-con-la-formula-e\/#primaryimage"},"image":{"@id":"https:\/\/autofans.com.ar\/index.php\/2023\/10\/04\/ds-automobiles-renueva-su-compromiso-con-la-formula-e\/#primaryimage"},"thumbnailUrl":"https:\/\/autofans.com.ar\/wp-content\/uploads\/2023\/10\/DS-Automobiles-3.jpg","datePublished":"2023-10-04T17:32:44+00:00","author":{"@id":"https:\/\/autofans.com.ar\/#\/schema\/person\/4a8dda0b6df83ac3d6723e921274c2aa"},"description":"DS Automobiles y PENSKE AUTOSPORT anuncian la continuidad de su alianza con los campeones Jean-Eric Vergne y Stoffel Vandoorne...","breadcrumb":{"@id":"https:\/\/autofans.com.ar\/index.php\/2023\/10\/04\/ds-automobiles-renueva-su-compromiso-con-la-formula-e\/#breadcrumb"},"inLanguage":"es","potentialAction":[{"@type":"ReadAction","target":["https:\/\/autofans.com.ar\/index.php\/2023\/10\/04\/ds-automobiles-renueva-su-compromiso-con-la-formula-e\/"]}]},{"@type":"ImageObject","inLanguage":"es","@id":"https:\/\/autofans.com.ar\/index.php\/2023\/10\/04\/ds-automobiles-renueva-su-compromiso-con-la-formula-e\/#primaryimage","url":"https:\/\/autofans.com.ar\/wp-content\/uploads\/2023\/10\/DS-Automobiles-3.jpg","contentUrl":"https:\/\/autofans.com.ar\/wp-content\/uploads\/2023\/10\/DS-Automobiles-3.jpg","width":1000,"height":667,"caption":"DS Automobiles"},{"@type":"BreadcrumbList","@id":"https:\/\/autofans.com.ar\/index.php\/2023\/10\/04\/ds-automobiles-renueva-su-compromiso-con-la-formula-e\/#breadcrumb","itemListElement":[{"@type":"ListItem","position":1,"name":"Inicio","item":"https:\/\/autofans.com.ar\/"},{"@type":"ListItem","position":2,"name":"DS Automobiles renueva su compromiso con la F\u00f3rmula E"}]},{"@type":"WebSite","@id":"https:\/\/autofans.com.ar\/#website","url":"https:\/\/autofans.com.ar\/","name":"","description":"El multimedio referente de la industria automotriz","potentialAction":[{"@type":"SearchAction","target":{"@type":"EntryPoint","urlTemplate":"https:\/\/autofans.com.ar\/?s={search_term_string}"},"query-input":{"@type":"PropertyValueSpecification","valueRequired":true,"valueName":"search_term_string"}}],"inLanguage":"es"},{"@type":"Person","@id":"https:\/\/autofans.com.ar\/#\/schema\/person\/4a8dda0b6df83ac3d6723e921274c2aa","name":"Alejandro Gabriel Rosito","image":{"@type":"ImageObject","inLanguage":"es","@id":"https:\/\/secure.gravatar.com\/avatar\/16c5dda1489adfc62618084dcbb91cffd879c374b13fe5dd8e44ed6733852c88?s=96&d=mm&r=g","url":"https:\/\/secure.gravatar.com\/avatar\/16c5dda1489adfc62618084dcbb91cffd879c374b13fe5dd8e44ed6733852c88?s=96&d=mm&r=g","contentUrl":"https:\/\/secure.gravatar.com\/avatar\/16c5dda1489adfc62618084dcbb91cffd879c374b13fe5dd8e44ed6733852c88?s=96&d=mm&r=g","caption":"Alejandro Gabriel Rosito"},"url":"https:\/\/autofans.com.ar\/index.php\/author\/gabrielr\/"}]}},"featured_image_urls":{"full":["https:\/\/autofans.com.ar\/wp-content\/uploads\/2023\/10\/DS-Automobiles-3.jpg",1000,667,false],"thumbnail":["https:\/\/autofans.com.ar\/wp-content\/uploads\/2023\/10\/DS-Automobiles-3-150x150.jpg",150,150,true],"medium":["https:\/\/autofans.com.ar\/wp-content\/uploads\/2023\/10\/DS-Automobiles-3-300x200.jpg",300,200,true],"medium_large":["https:\/\/autofans.com.ar\/wp-content\/uploads\/2023\/10\/DS-Automobiles-3-768x512.jpg",640,427,true],"large":["https:\/\/autofans.com.ar\/wp-content\/uploads\/2023\/10\/DS-Automobiles-3.jpg",640,427,false],"1536x1536":["https:\/\/autofans.com.ar\/wp-content\/uploads\/2023\/10\/DS-Automobiles-3.jpg",1000,667,false],"2048x2048":["https:\/\/autofans.com.ar\/wp-content\/uploads\/2023\/10\/DS-Automobiles-3.jpg",1000,667,false],"covernews-featured":["https:\/\/autofans.com.ar\/wp-content\/uploads\/2023\/10\/DS-Automobiles-3.jpg",1000,667,false],"covernews-medium":["https:\/\/autofans.com.ar\/wp-content\/uploads\/2023\/10\/DS-Automobiles-3-540x340.jpg",540,340,true]},"author_info":{"display_name":"Alejandro Gabriel Rosito","author_link":"https:\/\/autofans.com.ar\/index.php\/author\/gabrielr\/"},"category_info":"<a href=\"https:\/\/autofans.com.ar\/index.php\/category\/noticias\/deporte\/\" rel=\"category tag\">DEPORTE MOTOR<\/a> <a href=\"https:\/\/autofans.com.ar\/index.php\/category\/noticias\/\" rel=\"category tag\">NOTICIAS<\/a>","tag_info":"NOTICIAS","comment_count":0,"_links":{"self":[{"href":"https:\/\/autofans.com.ar\/index.php\/wp-json\/wp\/v2\/posts\/5343","targetHints":{"allow":["GET"]}}],"collection":[{"href":"https:\/\/autofans.com.ar\/index.php\/wp-json\/wp\/v2\/posts"}],"about":[{"href":"https:\/\/autofans.com.ar\/index.php\/wp-json\/wp\/v2\/types\/post"}],"author":[{"embeddable":true,"href":"https:\/\/autofans.com.ar\/index.php\/wp-json\/wp\/v2\/users\/2"}],"replies":[{"embeddable":true,"href":"https:\/\/autofans.com.ar\/index.php\/wp-json\/wp\/v2\/comments?post=5343"}],"version-history":[{"count":2,"href":"https:\/\/autofans.com.ar\/index.php\/wp-json\/wp\/v2\/posts\/5343\/revisions"}],"predecessor-version":[{"id":5349,"href":"https:\/\/autofans.com.ar\/index.php\/wp-json\/wp\/v2\/posts\/5343\/revisions\/5349"}],"wp:featuredmedia":[{"embeddable":true,"href":"https:\/\/autofans.com.ar\/index.php\/wp-json\/wp\/v2\/media\/5346"}],"wp:attachment":[{"href":"https:\/\/autofans.com.ar\/index.php\/wp-json\/wp\/v2\/media?parent=5343"}],"wp:term":[{"taxonomy":"category","embeddable":true,"href":"https:\/\/autofans.com.ar\/index.php\/wp-json\/wp\/v2\/categories?post=5343"},{"taxonomy":"post_tag","embeddable":true,"href":"https:\/\/autofans.com.ar\/index.php\/wp-json\/wp\/v2\/tags?post=5343"}],"curies":[{"name":"wp","href":"https:\/\/api.w.org\/{rel}","templated":true}]}}