{"id":5392,"date":"2023-10-09T13:07:19","date_gmt":"2023-10-09T16:07:19","guid":{"rendered":"https:\/\/autofans.com.ar\/?p=5392"},"modified":"2023-10-09T13:07:19","modified_gmt":"2023-10-09T16:07:19","slug":"sacha-fenestraz-y-johann-aime-el-duo-que-desafia-la-formula-e","status":"publish","type":"post","link":"https:\/\/autofans.com.ar\/index.php\/2023\/10\/09\/sacha-fenestraz-y-johann-aime-el-duo-que-desafia-la-formula-e\/","title":{"rendered":"Sacha Fenestraz y Johann Aime &#8211; el duo que desaf\u00eda la F\u00f3rmula E"},"content":{"rendered":"<p>Sacha Fenestraz y Johann Aime, piloto e ingeniero de Nissan F\u00f3rmula E, reflexionan sobre su temporada de debut en la F\u00f3rmula E y c\u00f3mo han superado desaf\u00edos juntos. Descubr\u00ed c\u00f3mo la relaci\u00f3n entre piloto e ingeniero es crucial en el mundo de las carreras el\u00e9ctricas.<\/p>\n<p>&nbsp;<\/p>\n<h2>Sacha Fenestraz y Johann Aime &#8211; el duo novato<\/h2>\n<p>En el mundo vertiginoso de la F\u00f3rmula E, dos nombres nuevos han emergido con un impacto sorprendente: Sacha Fenestraz y Johann Aime. Como un d\u00fao novato en el equipo Nissan F\u00f3rmula E, se enfrentaron a una temporada llena de desaf\u00edos y aprendizajes. En esta entrevista exclusiva, exploramos su viaje en esta emocionante categor\u00eda de automovilismo y c\u00f3mo han forjado una relaci\u00f3n s\u00f3lida dentro y fuera de la pista.<\/p>\n<p>&nbsp;<\/p>\n<p><img fetchpriority=\"high\" decoding=\"async\" class=\"aligncenter wp-image-5397 size-full\" src=\"https:\/\/autofans.com.ar\/wp-content\/uploads\/2023\/10\/nissan-1-1.jpg\" alt=\"Sacha Fenestraz\" width=\"1000\" height=\"667\" srcset=\"https:\/\/autofans.com.ar\/wp-content\/uploads\/2023\/10\/nissan-1-1.jpg 1000w, https:\/\/autofans.com.ar\/wp-content\/uploads\/2023\/10\/nissan-1-1-300x200.jpg 300w, https:\/\/autofans.com.ar\/wp-content\/uploads\/2023\/10\/nissan-1-1-768x512.jpg 768w\" sizes=\"(max-width: 1000px) 100vw, 1000px\" \/><\/p>\n<p>&nbsp;<\/p>\n<p>El encuentro inicial de Sacha y Johann en las pruebas de pretemporada en Espa\u00f1a marc\u00f3 el comienzo de su asociaci\u00f3n en la F\u00f3rmula E. Para Sacha, la incertidumbre inicial dio paso a una colaboraci\u00f3n exitosa, aunque con un peque\u00f1o tropiezo inicial debido a problemas t\u00e9cnicos en la computadora port\u00e1til de Johann.<\/p>\n<p>&nbsp;<\/p>\n<h2>La importancia de la relaci\u00f3n piloto-ingeniero<\/h2>\n<p>Sacha y Johann reconocen la importancia de construir una relaci\u00f3n s\u00f3lida fuera de la pista. La confianza mutua es esencial para un rendimiento \u00f3ptimo, ya que pasan tanto tiempo juntos en el circuito. La honestidad y la comunicaci\u00f3n efectiva son las bases de su \u00e9xito.<\/p>\n<p>Recuerdan momentos desafiantes, como la primera carrera en M\u00e9xico, donde la comunicaci\u00f3n por radio result\u00f3 ser un desaf\u00edo. Sin embargo, tambi\u00e9n hubo triunfos notables, como la pole position en Ciudad del Cabo y M\u00f3naco, que destacan como momentos inolvidables.<\/p>\n<p>&nbsp;<\/p>\n<p><img decoding=\"async\" class=\"aligncenter wp-image-5395 size-full\" src=\"https:\/\/autofans.com.ar\/wp-content\/uploads\/2023\/10\/nissan-3-1.jpg\" alt=\"Sacha Fenestraz\" width=\"1000\" height=\"667\" srcset=\"https:\/\/autofans.com.ar\/wp-content\/uploads\/2023\/10\/nissan-3-1.jpg 1000w, https:\/\/autofans.com.ar\/wp-content\/uploads\/2023\/10\/nissan-3-1-300x200.jpg 300w, https:\/\/autofans.com.ar\/wp-content\/uploads\/2023\/10\/nissan-3-1-768x512.jpg 768w\" sizes=\"(max-width: 1000px) 100vw, 1000px\" \/><\/p>\n<p>&nbsp;<\/p>\n<p>A pesar de altibajos, Sacha y Johann est\u00e1n satisfechos con el progreso realizado en su temporada debut. Para la temporada 10, su objetivo es claro: ganar una carrera y mejorar la consistencia en su desempe\u00f1o. Conf\u00edan en que con experiencia y trabajo en equipo, alcanzar\u00e1n sus metas.<\/p>\n<p>Durante la temporada baja, planean analizar a fondo su rendimiento y buscar \u00e1reas de mejora. La gesti\u00f3n de energ\u00eda es un enfoque clave en su preparaci\u00f3n para la pr\u00f3xima temporada.<\/p>\n<p>La comunicaci\u00f3n constante entre piloto e ingeniero es esencial durante los fines de semana de carreras. Discuten estrategias, escenarios y planes de juego para garantizar el m\u00e1ximo rendimiento en la pista.<\/p>\n<p>&nbsp;<\/p>\n<h2>Apoyo mutuo en la adaptaci\u00f3n a la F\u00f3rmula E<\/h2>\n<p>Ambos admiten que la adaptaci\u00f3n a la <a href=\"https:\/\/autofans.com.ar\/index.php\/2023\/05\/22\/nissan-formula-e-aprendizajes-y-resultados-de-la-9a-temporada\/\" target=\"_blank\" rel=\"noopener\">F\u00f3rmula E<\/a> present\u00f3 desaf\u00edos \u00fanicos. Johann tuvo que lidiar con la complejidad de los sistemas del autom\u00f3vil, mientras que Sacha se enfrent\u00f3 a la gesti\u00f3n energ\u00e9tica, algo completamente nuevo para \u00e9l.<\/p>\n<p>&nbsp;<\/p>\n<p><img decoding=\"async\" class=\"aligncenter wp-image-5394 size-full\" src=\"https:\/\/autofans.com.ar\/wp-content\/uploads\/2023\/10\/nissan-4-1.jpg\" alt=\"Sacha Fenestraz\" width=\"1000\" height=\"667\" srcset=\"https:\/\/autofans.com.ar\/wp-content\/uploads\/2023\/10\/nissan-4-1.jpg 1000w, https:\/\/autofans.com.ar\/wp-content\/uploads\/2023\/10\/nissan-4-1-300x200.jpg 300w, https:\/\/autofans.com.ar\/wp-content\/uploads\/2023\/10\/nissan-4-1-768x512.jpg 768w\" sizes=\"(max-width: 1000px) 100vw, 1000px\" \/><\/p>\n<p>&nbsp;<\/p>\n<p>Sacha Fenestraz y Johann Aime se preparan para las pruebas de pretemporada en Valencia y la emocionante carrera inaugural de la temporada 10 en Ciudad de M\u00e9xico en enero de 2024. Contin\u00faa siguiendo su emocionante trayectoria en la F\u00f3rmula E mientras estos novatos contin\u00faan su ascenso en el mundo de las carreras el\u00e9ctricas.<\/p>\n<p>&nbsp;<\/p>\n<p>&nbsp;<\/p>\n<p><i>Para enterarte de m\u00e1s novedades, no dejes de leer\u00a0<\/i><a href=\"https:\/\/autofans.thebrandsoup.com\/\"><i>nuestras notas<\/i><\/a><i>, de ver<\/i><b><i>\u00a0<\/i><\/b><a href=\"https:\/\/www.youtube.com\/channel\/UCgAC8UGHZYbT6P7PpmVnP7g\"><b><i>AUTOFANS TV<\/i><\/b><\/a><b><i>\u00a0<\/i><\/b><i>en nuestro\u00a0canal de Youtube. Adem\u00e1s seguinos en\u00a0<\/i><a href=\"https:\/\/www.instagram.com\/autofanstv\/\"><i>INSTAGRAM<\/i><\/a><i> y <\/i><a href=\"https:\/\/www.facebook.com\/autofansmas\/\"><i>FACEBOOK<\/i><\/a><i> para no perderte nada sobre las novedades del segmento automotor de Argentina y el mundo.<\/i><\/p>\n","protected":false},"excerpt":{"rendered":"<p>Sacha Fenestraz y Johann Aime, piloto e ingeniero de Nissan F\u00f3rmula E, reflexionan sobre su&#8230;<\/p>\n","protected":false},"author":2,"featured_media":5396,"comment_status":"closed","ping_status":"closed","sticky":false,"template":"","format":"standard","meta":{"footnotes":""},"categories":[127,16],"tags":[1545,1542,267,2722,2719,2720,266,2721],"class_list":["post-5392","post","type-post","status-publish","format-standard","has-post-thumbnail","hentry","category-deporte","category-noticias","tag-automovilismo-electrico","tag-equipo-nissan-formula-e","tag-formula-e","tag-gestion-energetica","tag-johann-aime","tag-piloto-e-ingeniero","tag-sacha-fenestraz","tag-temporada-debut"],"yoast_head":"<!-- This site is optimized with the Yoast SEO plugin v27.5 - https:\/\/yoast.com\/product\/yoast-seo-wordpress\/ -->\n<title>Sacha Fenestraz y Johann Aime - el duo que desaf\u00eda la F\u00f3rmula E -<\/title>\n<meta name=\"description\" content=\"Sacha Fenestraz y Johann Aime, piloto e ingeniero de Nissan F\u00f3rmula E, reflexionan sobre su temporada de debut en la F\u00f3rmula E...\" \/>\n<meta name=\"robots\" content=\"index, follow, max-snippet:-1, max-image-preview:large, max-video-preview:-1\" \/>\n<link rel=\"canonical\" href=\"https:\/\/autofans.com.ar\/index.php\/2023\/10\/09\/sacha-fenestraz-y-johann-aime-el-duo-que-desafia-la-formula-e\/\" \/>\n<meta property=\"og:locale\" content=\"es_ES\" \/>\n<meta property=\"og:type\" content=\"article\" \/>\n<meta property=\"og:title\" content=\"Sacha Fenestraz y Johann Aime - el duo que desaf\u00eda la F\u00f3rmula E -\" \/>\n<meta property=\"og:description\" content=\"Sacha Fenestraz y Johann Aime, piloto e ingeniero de Nissan F\u00f3rmula E, reflexionan sobre su temporada de debut en la F\u00f3rmula E...\" \/>\n<meta property=\"og:url\" content=\"https:\/\/autofans.com.ar\/index.php\/2023\/10\/09\/sacha-fenestraz-y-johann-aime-el-duo-que-desafia-la-formula-e\/\" \/>\n<meta property=\"article:published_time\" content=\"2023-10-09T16:07:19+00:00\" \/>\n<meta property=\"og:image\" content=\"https:\/\/autofans.com.ar\/wp-content\/uploads\/2023\/10\/nissan-2-1.jpg\" \/>\n\t<meta property=\"og:image:width\" content=\"1000\" \/>\n\t<meta property=\"og:image:height\" content=\"667\" \/>\n\t<meta property=\"og:image:type\" content=\"image\/jpeg\" \/>\n<meta name=\"author\" content=\"Alejandro Gabriel Rosito\" \/>\n<meta name=\"twitter:card\" content=\"summary_large_image\" \/>\n<meta name=\"twitter:label1\" content=\"Escrito por\" \/>\n\t<meta name=\"twitter:data1\" content=\"Alejandro Gabriel Rosito\" \/>\n\t<meta name=\"twitter:label2\" content=\"Tiempo de lectura\" \/>\n\t<meta name=\"twitter:data2\" content=\"3 minutos\" \/>\n<script type=\"application\/ld+json\" class=\"yoast-schema-graph\">{\"@context\":\"https:\\\/\\\/schema.org\",\"@graph\":[{\"@type\":\"Article\",\"@id\":\"https:\\\/\\\/autofans.com.ar\\\/index.php\\\/2023\\\/10\\\/09\\\/sacha-fenestraz-y-johann-aime-el-duo-que-desafia-la-formula-e\\\/#article\",\"isPartOf\":{\"@id\":\"https:\\\/\\\/autofans.com.ar\\\/index.php\\\/2023\\\/10\\\/09\\\/sacha-fenestraz-y-johann-aime-el-duo-que-desafia-la-formula-e\\\/\"},\"author\":{\"name\":\"Alejandro Gabriel Rosito\",\"@id\":\"https:\\\/\\\/autofans.com.ar\\\/#\\\/schema\\\/person\\\/4a8dda0b6df83ac3d6723e921274c2aa\"},\"headline\":\"Sacha Fenestraz y Johann Aime &#8211; el duo que desaf\u00eda la F\u00f3rmula E\",\"datePublished\":\"2023-10-09T16:07:19+00:00\",\"mainEntityOfPage\":{\"@id\":\"https:\\\/\\\/autofans.com.ar\\\/index.php\\\/2023\\\/10\\\/09\\\/sacha-fenestraz-y-johann-aime-el-duo-que-desafia-la-formula-e\\\/\"},\"wordCount\":591,\"image\":{\"@id\":\"https:\\\/\\\/autofans.com.ar\\\/index.php\\\/2023\\\/10\\\/09\\\/sacha-fenestraz-y-johann-aime-el-duo-que-desafia-la-formula-e\\\/#primaryimage\"},\"thumbnailUrl\":\"https:\\\/\\\/autofans.com.ar\\\/wp-content\\\/uploads\\\/2023\\\/10\\\/nissan-2-1.jpg\",\"keywords\":[\"Automovilismo el\u00e9ctrico\",\"Equipo Nissan F\u00f3rmula E\",\"F\u00f3rmula E\",\"gesti\u00f3n energ\u00e9tica\",\"Johann Aime\",\"piloto e ingeniero\",\"Sacha Fenestraz\",\"temporada debut\"],\"articleSection\":[\"DEPORTE MOTOR\",\"NOTICIAS\"],\"inLanguage\":\"es\"},{\"@type\":\"WebPage\",\"@id\":\"https:\\\/\\\/autofans.com.ar\\\/index.php\\\/2023\\\/10\\\/09\\\/sacha-fenestraz-y-johann-aime-el-duo-que-desafia-la-formula-e\\\/\",\"url\":\"https:\\\/\\\/autofans.com.ar\\\/index.php\\\/2023\\\/10\\\/09\\\/sacha-fenestraz-y-johann-aime-el-duo-que-desafia-la-formula-e\\\/\",\"name\":\"Sacha Fenestraz y Johann Aime - el duo que desaf\u00eda la F\u00f3rmula E -\",\"isPartOf\":{\"@id\":\"https:\\\/\\\/autofans.com.ar\\\/#website\"},\"primaryImageOfPage\":{\"@id\":\"https:\\\/\\\/autofans.com.ar\\\/index.php\\\/2023\\\/10\\\/09\\\/sacha-fenestraz-y-johann-aime-el-duo-que-desafia-la-formula-e\\\/#primaryimage\"},\"image\":{\"@id\":\"https:\\\/\\\/autofans.com.ar\\\/index.php\\\/2023\\\/10\\\/09\\\/sacha-fenestraz-y-johann-aime-el-duo-que-desafia-la-formula-e\\\/#primaryimage\"},\"thumbnailUrl\":\"https:\\\/\\\/autofans.com.ar\\\/wp-content\\\/uploads\\\/2023\\\/10\\\/nissan-2-1.jpg\",\"datePublished\":\"2023-10-09T16:07:19+00:00\",\"author\":{\"@id\":\"https:\\\/\\\/autofans.com.ar\\\/#\\\/schema\\\/person\\\/4a8dda0b6df83ac3d6723e921274c2aa\"},\"description\":\"Sacha Fenestraz y Johann Aime, piloto e ingeniero de Nissan F\u00f3rmula E, reflexionan sobre su temporada de debut en la F\u00f3rmula E...\",\"breadcrumb\":{\"@id\":\"https:\\\/\\\/autofans.com.ar\\\/index.php\\\/2023\\\/10\\\/09\\\/sacha-fenestraz-y-johann-aime-el-duo-que-desafia-la-formula-e\\\/#breadcrumb\"},\"inLanguage\":\"es\",\"potentialAction\":[{\"@type\":\"ReadAction\",\"target\":[\"https:\\\/\\\/autofans.com.ar\\\/index.php\\\/2023\\\/10\\\/09\\\/sacha-fenestraz-y-johann-aime-el-duo-que-desafia-la-formula-e\\\/\"]}]},{\"@type\":\"ImageObject\",\"inLanguage\":\"es\",\"@id\":\"https:\\\/\\\/autofans.com.ar\\\/index.php\\\/2023\\\/10\\\/09\\\/sacha-fenestraz-y-johann-aime-el-duo-que-desafia-la-formula-e\\\/#primaryimage\",\"url\":\"https:\\\/\\\/autofans.com.ar\\\/wp-content\\\/uploads\\\/2023\\\/10\\\/nissan-2-1.jpg\",\"contentUrl\":\"https:\\\/\\\/autofans.com.ar\\\/wp-content\\\/uploads\\\/2023\\\/10\\\/nissan-2-1.jpg\",\"width\":1000,\"height\":667,\"caption\":\"formula e\"},{\"@type\":\"BreadcrumbList\",\"@id\":\"https:\\\/\\\/autofans.com.ar\\\/index.php\\\/2023\\\/10\\\/09\\\/sacha-fenestraz-y-johann-aime-el-duo-que-desafia-la-formula-e\\\/#breadcrumb\",\"itemListElement\":[{\"@type\":\"ListItem\",\"position\":1,\"name\":\"Inicio\",\"item\":\"https:\\\/\\\/autofans.com.ar\\\/\"},{\"@type\":\"ListItem\",\"position\":2,\"name\":\"Sacha Fenestraz y Johann Aime &#8211; el duo que desaf\u00eda la F\u00f3rmula E\"}]},{\"@type\":\"WebSite\",\"@id\":\"https:\\\/\\\/autofans.com.ar\\\/#website\",\"url\":\"https:\\\/\\\/autofans.com.ar\\\/\",\"name\":\"\",\"description\":\"El multimedio referente de la industria automotriz\",\"potentialAction\":[{\"@type\":\"SearchAction\",\"target\":{\"@type\":\"EntryPoint\",\"urlTemplate\":\"https:\\\/\\\/autofans.com.ar\\\/?s={search_term_string}\"},\"query-input\":{\"@type\":\"PropertyValueSpecification\",\"valueRequired\":true,\"valueName\":\"search_term_string\"}}],\"inLanguage\":\"es\"},{\"@type\":\"Person\",\"@id\":\"https:\\\/\\\/autofans.com.ar\\\/#\\\/schema\\\/person\\\/4a8dda0b6df83ac3d6723e921274c2aa\",\"name\":\"Alejandro Gabriel Rosito\",\"image\":{\"@type\":\"ImageObject\",\"inLanguage\":\"es\",\"@id\":\"https:\\\/\\\/secure.gravatar.com\\\/avatar\\\/16c5dda1489adfc62618084dcbb91cffd879c374b13fe5dd8e44ed6733852c88?s=96&d=mm&r=g\",\"url\":\"https:\\\/\\\/secure.gravatar.com\\\/avatar\\\/16c5dda1489adfc62618084dcbb91cffd879c374b13fe5dd8e44ed6733852c88?s=96&d=mm&r=g\",\"contentUrl\":\"https:\\\/\\\/secure.gravatar.com\\\/avatar\\\/16c5dda1489adfc62618084dcbb91cffd879c374b13fe5dd8e44ed6733852c88?s=96&d=mm&r=g\",\"caption\":\"Alejandro Gabriel Rosito\"},\"url\":\"https:\\\/\\\/autofans.com.ar\\\/index.php\\\/author\\\/gabrielr\\\/\"}]}<\/script>\n<!-- \/ Yoast SEO plugin. -->","yoast_head_json":{"title":"Sacha Fenestraz y Johann Aime - el duo que desaf\u00eda la F\u00f3rmula E -","description":"Sacha Fenestraz y Johann Aime, piloto e ingeniero de Nissan F\u00f3rmula E, reflexionan sobre su temporada de debut en la F\u00f3rmula E...","robots":{"index":"index","follow":"follow","max-snippet":"max-snippet:-1","max-image-preview":"max-image-preview:large","max-video-preview":"max-video-preview:-1"},"canonical":"https:\/\/autofans.com.ar\/index.php\/2023\/10\/09\/sacha-fenestraz-y-johann-aime-el-duo-que-desafia-la-formula-e\/","og_locale":"es_ES","og_type":"article","og_title":"Sacha Fenestraz y Johann Aime - el duo que desaf\u00eda la F\u00f3rmula E -","og_description":"Sacha Fenestraz y Johann Aime, piloto e ingeniero de Nissan F\u00f3rmula E, reflexionan sobre su temporada de debut en la F\u00f3rmula E...","og_url":"https:\/\/autofans.com.ar\/index.php\/2023\/10\/09\/sacha-fenestraz-y-johann-aime-el-duo-que-desafia-la-formula-e\/","article_published_time":"2023-10-09T16:07:19+00:00","og_image":[{"width":1000,"height":667,"url":"https:\/\/autofans.com.ar\/wp-content\/uploads\/2023\/10\/nissan-2-1.jpg","type":"image\/jpeg"}],"author":"Alejandro Gabriel Rosito","twitter_card":"summary_large_image","twitter_misc":{"Escrito por":"Alejandro Gabriel Rosito","Tiempo de lectura":"3 minutos"},"schema":{"@context":"https:\/\/schema.org","@graph":[{"@type":"Article","@id":"https:\/\/autofans.com.ar\/index.php\/2023\/10\/09\/sacha-fenestraz-y-johann-aime-el-duo-que-desafia-la-formula-e\/#article","isPartOf":{"@id":"https:\/\/autofans.com.ar\/index.php\/2023\/10\/09\/sacha-fenestraz-y-johann-aime-el-duo-que-desafia-la-formula-e\/"},"author":{"name":"Alejandro Gabriel Rosito","@id":"https:\/\/autofans.com.ar\/#\/schema\/person\/4a8dda0b6df83ac3d6723e921274c2aa"},"headline":"Sacha Fenestraz y Johann Aime &#8211; el duo que desaf\u00eda la F\u00f3rmula E","datePublished":"2023-10-09T16:07:19+00:00","mainEntityOfPage":{"@id":"https:\/\/autofans.com.ar\/index.php\/2023\/10\/09\/sacha-fenestraz-y-johann-aime-el-duo-que-desafia-la-formula-e\/"},"wordCount":591,"image":{"@id":"https:\/\/autofans.com.ar\/index.php\/2023\/10\/09\/sacha-fenestraz-y-johann-aime-el-duo-que-desafia-la-formula-e\/#primaryimage"},"thumbnailUrl":"https:\/\/autofans.com.ar\/wp-content\/uploads\/2023\/10\/nissan-2-1.jpg","keywords":["Automovilismo el\u00e9ctrico","Equipo Nissan F\u00f3rmula E","F\u00f3rmula E","gesti\u00f3n energ\u00e9tica","Johann Aime","piloto e ingeniero","Sacha Fenestraz","temporada debut"],"articleSection":["DEPORTE MOTOR","NOTICIAS"],"inLanguage":"es"},{"@type":"WebPage","@id":"https:\/\/autofans.com.ar\/index.php\/2023\/10\/09\/sacha-fenestraz-y-johann-aime-el-duo-que-desafia-la-formula-e\/","url":"https:\/\/autofans.com.ar\/index.php\/2023\/10\/09\/sacha-fenestraz-y-johann-aime-el-duo-que-desafia-la-formula-e\/","name":"Sacha Fenestraz y Johann Aime - el duo que desaf\u00eda la F\u00f3rmula E -","isPartOf":{"@id":"https:\/\/autofans.com.ar\/#website"},"primaryImageOfPage":{"@id":"https:\/\/autofans.com.ar\/index.php\/2023\/10\/09\/sacha-fenestraz-y-johann-aime-el-duo-que-desafia-la-formula-e\/#primaryimage"},"image":{"@id":"https:\/\/autofans.com.ar\/index.php\/2023\/10\/09\/sacha-fenestraz-y-johann-aime-el-duo-que-desafia-la-formula-e\/#primaryimage"},"thumbnailUrl":"https:\/\/autofans.com.ar\/wp-content\/uploads\/2023\/10\/nissan-2-1.jpg","datePublished":"2023-10-09T16:07:19+00:00","author":{"@id":"https:\/\/autofans.com.ar\/#\/schema\/person\/4a8dda0b6df83ac3d6723e921274c2aa"},"description":"Sacha Fenestraz y Johann Aime, piloto e ingeniero de Nissan F\u00f3rmula E, reflexionan sobre su temporada de debut en la F\u00f3rmula E...","breadcrumb":{"@id":"https:\/\/autofans.com.ar\/index.php\/2023\/10\/09\/sacha-fenestraz-y-johann-aime-el-duo-que-desafia-la-formula-e\/#breadcrumb"},"inLanguage":"es","potentialAction":[{"@type":"ReadAction","target":["https:\/\/autofans.com.ar\/index.php\/2023\/10\/09\/sacha-fenestraz-y-johann-aime-el-duo-que-desafia-la-formula-e\/"]}]},{"@type":"ImageObject","inLanguage":"es","@id":"https:\/\/autofans.com.ar\/index.php\/2023\/10\/09\/sacha-fenestraz-y-johann-aime-el-duo-que-desafia-la-formula-e\/#primaryimage","url":"https:\/\/autofans.com.ar\/wp-content\/uploads\/2023\/10\/nissan-2-1.jpg","contentUrl":"https:\/\/autofans.com.ar\/wp-content\/uploads\/2023\/10\/nissan-2-1.jpg","width":1000,"height":667,"caption":"formula e"},{"@type":"BreadcrumbList","@id":"https:\/\/autofans.com.ar\/index.php\/2023\/10\/09\/sacha-fenestraz-y-johann-aime-el-duo-que-desafia-la-formula-e\/#breadcrumb","itemListElement":[{"@type":"ListItem","position":1,"name":"Inicio","item":"https:\/\/autofans.com.ar\/"},{"@type":"ListItem","position":2,"name":"Sacha Fenestraz y Johann Aime &#8211; el duo que desaf\u00eda la F\u00f3rmula E"}]},{"@type":"WebSite","@id":"https:\/\/autofans.com.ar\/#website","url":"https:\/\/autofans.com.ar\/","name":"","description":"El multimedio referente de la industria automotriz","potentialAction":[{"@type":"SearchAction","target":{"@type":"EntryPoint","urlTemplate":"https:\/\/autofans.com.ar\/?s={search_term_string}"},"query-input":{"@type":"PropertyValueSpecification","valueRequired":true,"valueName":"search_term_string"}}],"inLanguage":"es"},{"@type":"Person","@id":"https:\/\/autofans.com.ar\/#\/schema\/person\/4a8dda0b6df83ac3d6723e921274c2aa","name":"Alejandro Gabriel Rosito","image":{"@type":"ImageObject","inLanguage":"es","@id":"https:\/\/secure.gravatar.com\/avatar\/16c5dda1489adfc62618084dcbb91cffd879c374b13fe5dd8e44ed6733852c88?s=96&d=mm&r=g","url":"https:\/\/secure.gravatar.com\/avatar\/16c5dda1489adfc62618084dcbb91cffd879c374b13fe5dd8e44ed6733852c88?s=96&d=mm&r=g","contentUrl":"https:\/\/secure.gravatar.com\/avatar\/16c5dda1489adfc62618084dcbb91cffd879c374b13fe5dd8e44ed6733852c88?s=96&d=mm&r=g","caption":"Alejandro Gabriel Rosito"},"url":"https:\/\/autofans.com.ar\/index.php\/author\/gabrielr\/"}]}},"featured_image_urls":{"full":["https:\/\/autofans.com.ar\/wp-content\/uploads\/2023\/10\/nissan-2-1.jpg",1000,667,false],"thumbnail":["https:\/\/autofans.com.ar\/wp-content\/uploads\/2023\/10\/nissan-2-1-150x150.jpg",150,150,true],"medium":["https:\/\/autofans.com.ar\/wp-content\/uploads\/2023\/10\/nissan-2-1-300x200.jpg",300,200,true],"medium_large":["https:\/\/autofans.com.ar\/wp-content\/uploads\/2023\/10\/nissan-2-1-768x512.jpg",640,427,true],"large":["https:\/\/autofans.com.ar\/wp-content\/uploads\/2023\/10\/nissan-2-1.jpg",640,427,false],"1536x1536":["https:\/\/autofans.com.ar\/wp-content\/uploads\/2023\/10\/nissan-2-1.jpg",1000,667,false],"2048x2048":["https:\/\/autofans.com.ar\/wp-content\/uploads\/2023\/10\/nissan-2-1.jpg",1000,667,false],"covernews-featured":["https:\/\/autofans.com.ar\/wp-content\/uploads\/2023\/10\/nissan-2-1.jpg",1000,667,false],"covernews-medium":["https:\/\/autofans.com.ar\/wp-content\/uploads\/2023\/10\/nissan-2-1-540x340.jpg",540,340,true]},"author_info":{"display_name":"Alejandro Gabriel Rosito","author_link":"https:\/\/autofans.com.ar\/index.php\/author\/gabrielr\/"},"category_info":"<a href=\"https:\/\/autofans.com.ar\/index.php\/category\/noticias\/deporte\/\" rel=\"category tag\">DEPORTE MOTOR<\/a> <a href=\"https:\/\/autofans.com.ar\/index.php\/category\/noticias\/\" rel=\"category tag\">NOTICIAS<\/a>","tag_info":"NOTICIAS","comment_count":0,"_links":{"self":[{"href":"https:\/\/autofans.com.ar\/index.php\/wp-json\/wp\/v2\/posts\/5392","targetHints":{"allow":["GET"]}}],"collection":[{"href":"https:\/\/autofans.com.ar\/index.php\/wp-json\/wp\/v2\/posts"}],"about":[{"href":"https:\/\/autofans.com.ar\/index.php\/wp-json\/wp\/v2\/types\/post"}],"author":[{"embeddable":true,"href":"https:\/\/autofans.com.ar\/index.php\/wp-json\/wp\/v2\/users\/2"}],"replies":[{"embeddable":true,"href":"https:\/\/autofans.com.ar\/index.php\/wp-json\/wp\/v2\/comments?post=5392"}],"version-history":[{"count":2,"href":"https:\/\/autofans.com.ar\/index.php\/wp-json\/wp\/v2\/posts\/5392\/revisions"}],"predecessor-version":[{"id":5398,"href":"https:\/\/autofans.com.ar\/index.php\/wp-json\/wp\/v2\/posts\/5392\/revisions\/5398"}],"wp:featuredmedia":[{"embeddable":true,"href":"https:\/\/autofans.com.ar\/index.php\/wp-json\/wp\/v2\/media\/5396"}],"wp:attachment":[{"href":"https:\/\/autofans.com.ar\/index.php\/wp-json\/wp\/v2\/media?parent=5392"}],"wp:term":[{"taxonomy":"category","embeddable":true,"href":"https:\/\/autofans.com.ar\/index.php\/wp-json\/wp\/v2\/categories?post=5392"},{"taxonomy":"post_tag","embeddable":true,"href":"https:\/\/autofans.com.ar\/index.php\/wp-json\/wp\/v2\/tags?post=5392"}],"curies":[{"name":"wp","href":"https:\/\/api.w.org\/{rel}","templated":true}]}}