{"id":5406,"date":"2023-10-10T14:10:02","date_gmt":"2023-10-10T17:10:02","guid":{"rendered":"https:\/\/autofans.com.ar\/?p=5406"},"modified":"2023-10-10T14:10:02","modified_gmt":"2023-10-10T17:10:02","slug":"toyota-ofrecera-movilidad-en-los-juegos-olimpicos-y-paralimpicos-de-paris-2024","status":"publish","type":"post","link":"https:\/\/autofans.com.ar\/index.php\/2023\/10\/10\/toyota-ofrecera-movilidad-en-los-juegos-olimpicos-y-paralimpicos-de-paris-2024\/","title":{"rendered":"Toyota ofrecer\u00e1 movilidad en los Juegos Ol\u00edmpicos y Paral\u00edmpicos de Par\u00eds 2024"},"content":{"rendered":"<p>Toyota se compromete a proporcionar una movilidad sostenible y accesible en los Juegos Ol\u00edmpicos y Paral\u00edmpicos de Par\u00eds 2024, con una flota de veh\u00edculos electrificados y soluciones de hidr\u00f3geno. Descubr\u00ed c\u00f3mo la marca automotriz l\u00edder est\u00e1 ayudando a reducir las emisiones y promoviendo la inclusi\u00f3n en este evento deportivo.<\/p>\n<p>&nbsp;<\/p>\n<h2>Toyota y Par\u00eds 2024 &#8211; movilidad inclusiva para todos<\/h2>\n<p>En colaboraci\u00f3n con el Comit\u00e9 Ol\u00edmpico Internacional (COI) y el Comit\u00e9 Paral\u00edmpico Internacional (IPC), Toyota se ha convertido en el socio mundial de movilidad de Par\u00eds 2024, llevando su compromiso con la \u00abMovilidad para Todos\u00bb al siguiente nivel. La compa\u00f1\u00eda tiene como objetivo fundamental hacer que la movilidad sea accesible para personas de todas las capacidades f\u00edsicas.<\/p>\n<p>&nbsp;<\/p>\n<p><img fetchpriority=\"high\" decoding=\"async\" class=\"aligncenter wp-image-5407 size-full\" src=\"https:\/\/autofans.com.ar\/wp-content\/uploads\/2023\/10\/toyota-3-1.jpg\" alt=\"Toyota\" width=\"1000\" height=\"667\" srcset=\"https:\/\/autofans.com.ar\/wp-content\/uploads\/2023\/10\/toyota-3-1.jpg 1000w, https:\/\/autofans.com.ar\/wp-content\/uploads\/2023\/10\/toyota-3-1-300x200.jpg 300w, https:\/\/autofans.com.ar\/wp-content\/uploads\/2023\/10\/toyota-3-1-768x512.jpg 768w\" sizes=\"(max-width: 1000px) 100vw, 1000px\" \/><\/p>\n<p>&nbsp;<\/p>\n<p>En este evento, Toyota pondr\u00e1 a disposici\u00f3n alrededor de 700 veh\u00edculos de movilidad personal, incluyendo modelos C+walkS y C+walkT, dise\u00f1ados tanto para asiento como para uso de pie. Adem\u00e1s, se ofrecer\u00e1n 50 impulsores electr\u00f3nicos (e-pullers) para usuarios de sillas de ruedas y se proporcionar\u00e1n 150 adicionales durante la ceremonia de apertura de los Juegos Paral\u00edmpicos. Estas soluciones de micromovilidad estar\u00e1n disponibles a trav\u00e9s de la aplicaci\u00f3n m\u00f3vil KINTO Share, asegurando un acceso sencillo y equitativo en la Villa Paral\u00edmpica.<\/p>\n<p>&nbsp;<\/p>\n<h2>Reducci\u00f3n del 50% en emisiones<\/h2>\n<p>La flota de Toyota para Par\u00eds 2024 ser\u00e1 m\u00e1s sostenible que nunca, con m\u00e1s del 60% de los veh\u00edculos con cero emisiones de escape. Esto incluye veh\u00edculos el\u00e9ctricos a bater\u00eda (BEV) como el Toyota bZ4X, Proace y Proace Verso, as\u00ed como el Lexus RZ, adem\u00e1s de veh\u00edculos el\u00e9ctricos de celda de combustible (FCEV) como el Toyota Mirai. Tras los Juegos, 500 unidades del Mirai se unir\u00e1n a la flota de taxis de hidr\u00f3geno en Par\u00eds, impulsando a\u00fan m\u00e1s la adopci\u00f3n de esta tecnolog\u00eda.<\/p>\n<p>&nbsp;<\/p>\n<p><img decoding=\"async\" class=\"aligncenter wp-image-5408 size-full\" src=\"https:\/\/autofans.com.ar\/wp-content\/uploads\/2023\/10\/toyota-2-1.jpg\" alt=\"Toyota\" width=\"1000\" height=\"667\" srcset=\"https:\/\/autofans.com.ar\/wp-content\/uploads\/2023\/10\/toyota-2-1.jpg 1000w, https:\/\/autofans.com.ar\/wp-content\/uploads\/2023\/10\/toyota-2-1-300x200.jpg 300w, https:\/\/autofans.com.ar\/wp-content\/uploads\/2023\/10\/toyota-2-1-768x512.jpg 768w\" sizes=\"(max-width: 1000px) 100vw, 1000px\" \/><\/p>\n<p>&nbsp;<\/p>\n<p>Toyota tambi\u00e9n aportar\u00e1 alrededor de 1.000 veh\u00edculos h\u00edbridos e h\u00edbridos enchufables, ofreciendo a la comunidad ol\u00edmpica y paral\u00edmpica flexibilidad en su movilidad. Todas estas iniciativas reducir\u00e1n las emisiones de carbono en los Juegos de Par\u00eds 2024 en un 50% en comparaci\u00f3n con ediciones anteriores.<\/p>\n<p><a href=\"https:\/\/autofans.com.ar\/index.php\/2023\/09\/27\/toyota-y-el-futuro-de-la-produccion-de-vehiculos\/\" target=\"_blank\" rel=\"noopener\">Pero la visi\u00f3n de Toyota va m\u00e1s all\u00e1<\/a> del evento en s\u00ed. La compa\u00f1\u00eda cree en el poder del hidr\u00f3geno como base para una sociedad baja en carbono, y durante Par\u00eds 2024, mostrar\u00e1 una variedad de aplicaciones de movilidad de hidr\u00f3geno, desde autobuses hasta carretillas elevadoras. Destaca el prototipo de Hilux a hidr\u00f3geno, que participar\u00e1 en las exhibiciones y promover\u00e1 el desarrollo de la infraestructura de hidr\u00f3geno.<\/p>\n<p>&nbsp;<\/p>\n<h2>El esp\u00edritu Ol\u00edmpico y Paral\u00edmpico en Toyota<\/h2>\n<p>El Equipo Global de Atletas Toyota (GTTA) es el coraz\u00f3n de esta iniciativa, con alrededor de 200 atletas de 40 pa\u00edses entrenando y compitiendo bajo su paraguas. Toyota celebra el esp\u00edritu de superaci\u00f3n y mejora continua que encarnan estos atletas, reflejando su compromiso con una sociedad m\u00e1s inclusiva y sostenible.<\/p>\n<p>Este esfuerzo de Toyota en Par\u00eds 2024 representa un paso importante hacia un futuro de movilidad m\u00e1s sostenible y accesible para todos.<\/p>\n<p>&nbsp;<\/p>\n<p><i>Para enterarte de m\u00e1s novedades, no dejes de leer\u00a0<\/i><a href=\"https:\/\/autofans.thebrandsoup.com\/\"><i>nuestras notas<\/i><\/a><i>, de ver<\/i><b><i>\u00a0<\/i><\/b><a href=\"https:\/\/www.youtube.com\/channel\/UCgAC8UGHZYbT6P7PpmVnP7g\"><b><i>AUTOFANS TV<\/i><\/b><\/a><b><i>\u00a0<\/i><\/b><i>en nuestro\u00a0canal de Youtube. Adem\u00e1s seguinos en\u00a0<\/i><a href=\"https:\/\/www.instagram.com\/autofanstv\/\"><i>INSTAGRAM<\/i><\/a><i> y <\/i><a href=\"https:\/\/www.facebook.com\/autofansmas\/\"><i>FACEBOOK<\/i><\/a><i> para no perderte nada sobre las novedades del segmento automotor de Argentina y el mundo.<\/i><\/p>\n","protected":false},"excerpt":{"rendered":"<p>Toyota se compromete a proporcionar una movilidad sostenible y accesible en los Juegos Ol\u00edmpicos y&#8230;<\/p>\n","protected":false},"author":2,"featured_media":5409,"comment_status":"closed","ping_status":"closed","sticky":false,"template":"","format":"standard","meta":{"footnotes":""},"categories":[218,16],"tags":[210,216,2188,2726,1565,2725,1464,125,277,359],"class_list":["post-5406","post","type-post","status-publish","format-standard","has-post-thumbnail","hentry","category-autotecno","category-noticias","tag-hidrogeno","tag-sostenibilidad","tag-emisiones-de-carbono","tag-flota-ecologica","tag-inclusion","tag-juegos-olimpicos-de-paris-2024","tag-movilidad-personal","tag-movilidad-sostenible","tag-toyota","tag-vehiculos-electricos"],"yoast_head":"<!-- This site is optimized with the Yoast SEO plugin v27.5 - https:\/\/yoast.com\/product\/yoast-seo-wordpress\/ -->\n<title>Toyota ofrecer\u00e1 movilidad en los Juegos Ol\u00edmpicos y Paral\u00edmpicos de Par\u00eds 2024 -<\/title>\n<meta name=\"description\" content=\"Toyota se compromete a proporcionar una movilidad sostenible y accesible en los Juegos Ol\u00edmpicos y Paral\u00edmpicos de Par\u00eds 2024...\" \/>\n<meta name=\"robots\" content=\"index, follow, max-snippet:-1, max-image-preview:large, max-video-preview:-1\" \/>\n<link rel=\"canonical\" href=\"https:\/\/autofans.com.ar\/index.php\/2023\/10\/10\/toyota-ofrecera-movilidad-en-los-juegos-olimpicos-y-paralimpicos-de-paris-2024\/\" \/>\n<meta property=\"og:locale\" content=\"es_ES\" \/>\n<meta property=\"og:type\" content=\"article\" \/>\n<meta property=\"og:title\" content=\"Toyota ofrecer\u00e1 movilidad en los Juegos Ol\u00edmpicos y Paral\u00edmpicos de Par\u00eds 2024 -\" \/>\n<meta property=\"og:description\" content=\"Toyota se compromete a proporcionar una movilidad sostenible y accesible en los Juegos Ol\u00edmpicos y Paral\u00edmpicos de Par\u00eds 2024...\" \/>\n<meta property=\"og:url\" content=\"https:\/\/autofans.com.ar\/index.php\/2023\/10\/10\/toyota-ofrecera-movilidad-en-los-juegos-olimpicos-y-paralimpicos-de-paris-2024\/\" \/>\n<meta property=\"article:published_time\" content=\"2023-10-10T17:10:02+00:00\" \/>\n<meta property=\"og:image\" content=\"https:\/\/autofans.com.ar\/wp-content\/uploads\/2023\/10\/toyota-1-1.jpg\" \/>\n\t<meta property=\"og:image:width\" content=\"1000\" \/>\n\t<meta property=\"og:image:height\" content=\"667\" \/>\n\t<meta property=\"og:image:type\" content=\"image\/jpeg\" \/>\n<meta name=\"author\" content=\"Alejandro Gabriel Rosito\" \/>\n<meta name=\"twitter:card\" content=\"summary_large_image\" \/>\n<meta name=\"twitter:label1\" content=\"Escrito por\" \/>\n\t<meta name=\"twitter:data1\" content=\"Alejandro Gabriel Rosito\" \/>\n\t<meta name=\"twitter:label2\" content=\"Tiempo de lectura\" \/>\n\t<meta name=\"twitter:data2\" content=\"3 minutos\" \/>\n<script type=\"application\/ld+json\" class=\"yoast-schema-graph\">{\"@context\":\"https:\\\/\\\/schema.org\",\"@graph\":[{\"@type\":\"Article\",\"@id\":\"https:\\\/\\\/autofans.com.ar\\\/index.php\\\/2023\\\/10\\\/10\\\/toyota-ofrecera-movilidad-en-los-juegos-olimpicos-y-paralimpicos-de-paris-2024\\\/#article\",\"isPartOf\":{\"@id\":\"https:\\\/\\\/autofans.com.ar\\\/index.php\\\/2023\\\/10\\\/10\\\/toyota-ofrecera-movilidad-en-los-juegos-olimpicos-y-paralimpicos-de-paris-2024\\\/\"},\"author\":{\"name\":\"Alejandro Gabriel Rosito\",\"@id\":\"https:\\\/\\\/autofans.com.ar\\\/#\\\/schema\\\/person\\\/4a8dda0b6df83ac3d6723e921274c2aa\"},\"headline\":\"Toyota ofrecer\u00e1 movilidad en los Juegos Ol\u00edmpicos y Paral\u00edmpicos de Par\u00eds 2024\",\"datePublished\":\"2023-10-10T17:10:02+00:00\",\"mainEntityOfPage\":{\"@id\":\"https:\\\/\\\/autofans.com.ar\\\/index.php\\\/2023\\\/10\\\/10\\\/toyota-ofrecera-movilidad-en-los-juegos-olimpicos-y-paralimpicos-de-paris-2024\\\/\"},\"wordCount\":596,\"image\":{\"@id\":\"https:\\\/\\\/autofans.com.ar\\\/index.php\\\/2023\\\/10\\\/10\\\/toyota-ofrecera-movilidad-en-los-juegos-olimpicos-y-paralimpicos-de-paris-2024\\\/#primaryimage\"},\"thumbnailUrl\":\"https:\\\/\\\/autofans.com.ar\\\/wp-content\\\/uploads\\\/2023\\\/10\\\/toyota-1-1.jpg\",\"keywords\":[\"#hidr\u00f3geno\",\"#sostenibilidad\",\"emisiones de carbono\",\"Flota ecol\u00f3gica\",\"inclusi\u00f3n\",\"Juegos Ol\u00edmpicos de Par\u00eds 2024\",\"movilidad personal\",\"Movilidad Sostenible\",\"Toyota\",\"veh\u00edculos el\u00e9ctricos\"],\"articleSection\":[\"AUTOTECNO\",\"NOTICIAS\"],\"inLanguage\":\"es\"},{\"@type\":\"WebPage\",\"@id\":\"https:\\\/\\\/autofans.com.ar\\\/index.php\\\/2023\\\/10\\\/10\\\/toyota-ofrecera-movilidad-en-los-juegos-olimpicos-y-paralimpicos-de-paris-2024\\\/\",\"url\":\"https:\\\/\\\/autofans.com.ar\\\/index.php\\\/2023\\\/10\\\/10\\\/toyota-ofrecera-movilidad-en-los-juegos-olimpicos-y-paralimpicos-de-paris-2024\\\/\",\"name\":\"Toyota ofrecer\u00e1 movilidad en los Juegos Ol\u00edmpicos y Paral\u00edmpicos de Par\u00eds 2024 -\",\"isPartOf\":{\"@id\":\"https:\\\/\\\/autofans.com.ar\\\/#website\"},\"primaryImageOfPage\":{\"@id\":\"https:\\\/\\\/autofans.com.ar\\\/index.php\\\/2023\\\/10\\\/10\\\/toyota-ofrecera-movilidad-en-los-juegos-olimpicos-y-paralimpicos-de-paris-2024\\\/#primaryimage\"},\"image\":{\"@id\":\"https:\\\/\\\/autofans.com.ar\\\/index.php\\\/2023\\\/10\\\/10\\\/toyota-ofrecera-movilidad-en-los-juegos-olimpicos-y-paralimpicos-de-paris-2024\\\/#primaryimage\"},\"thumbnailUrl\":\"https:\\\/\\\/autofans.com.ar\\\/wp-content\\\/uploads\\\/2023\\\/10\\\/toyota-1-1.jpg\",\"datePublished\":\"2023-10-10T17:10:02+00:00\",\"author\":{\"@id\":\"https:\\\/\\\/autofans.com.ar\\\/#\\\/schema\\\/person\\\/4a8dda0b6df83ac3d6723e921274c2aa\"},\"description\":\"Toyota se compromete a proporcionar una movilidad sostenible y accesible en los Juegos Ol\u00edmpicos y Paral\u00edmpicos de Par\u00eds 2024...\",\"breadcrumb\":{\"@id\":\"https:\\\/\\\/autofans.com.ar\\\/index.php\\\/2023\\\/10\\\/10\\\/toyota-ofrecera-movilidad-en-los-juegos-olimpicos-y-paralimpicos-de-paris-2024\\\/#breadcrumb\"},\"inLanguage\":\"es\",\"potentialAction\":[{\"@type\":\"ReadAction\",\"target\":[\"https:\\\/\\\/autofans.com.ar\\\/index.php\\\/2023\\\/10\\\/10\\\/toyota-ofrecera-movilidad-en-los-juegos-olimpicos-y-paralimpicos-de-paris-2024\\\/\"]}]},{\"@type\":\"ImageObject\",\"inLanguage\":\"es\",\"@id\":\"https:\\\/\\\/autofans.com.ar\\\/index.php\\\/2023\\\/10\\\/10\\\/toyota-ofrecera-movilidad-en-los-juegos-olimpicos-y-paralimpicos-de-paris-2024\\\/#primaryimage\",\"url\":\"https:\\\/\\\/autofans.com.ar\\\/wp-content\\\/uploads\\\/2023\\\/10\\\/toyota-1-1.jpg\",\"contentUrl\":\"https:\\\/\\\/autofans.com.ar\\\/wp-content\\\/uploads\\\/2023\\\/10\\\/toyota-1-1.jpg\",\"width\":1000,\"height\":667,\"caption\":\"Toyota\"},{\"@type\":\"BreadcrumbList\",\"@id\":\"https:\\\/\\\/autofans.com.ar\\\/index.php\\\/2023\\\/10\\\/10\\\/toyota-ofrecera-movilidad-en-los-juegos-olimpicos-y-paralimpicos-de-paris-2024\\\/#breadcrumb\",\"itemListElement\":[{\"@type\":\"ListItem\",\"position\":1,\"name\":\"Inicio\",\"item\":\"https:\\\/\\\/autofans.com.ar\\\/\"},{\"@type\":\"ListItem\",\"position\":2,\"name\":\"Toyota ofrecer\u00e1 movilidad en los Juegos Ol\u00edmpicos y Paral\u00edmpicos de Par\u00eds 2024\"}]},{\"@type\":\"WebSite\",\"@id\":\"https:\\\/\\\/autofans.com.ar\\\/#website\",\"url\":\"https:\\\/\\\/autofans.com.ar\\\/\",\"name\":\"\",\"description\":\"El multimedio referente de la industria automotriz\",\"potentialAction\":[{\"@type\":\"SearchAction\",\"target\":{\"@type\":\"EntryPoint\",\"urlTemplate\":\"https:\\\/\\\/autofans.com.ar\\\/?s={search_term_string}\"},\"query-input\":{\"@type\":\"PropertyValueSpecification\",\"valueRequired\":true,\"valueName\":\"search_term_string\"}}],\"inLanguage\":\"es\"},{\"@type\":\"Person\",\"@id\":\"https:\\\/\\\/autofans.com.ar\\\/#\\\/schema\\\/person\\\/4a8dda0b6df83ac3d6723e921274c2aa\",\"name\":\"Alejandro Gabriel Rosito\",\"image\":{\"@type\":\"ImageObject\",\"inLanguage\":\"es\",\"@id\":\"https:\\\/\\\/secure.gravatar.com\\\/avatar\\\/16c5dda1489adfc62618084dcbb91cffd879c374b13fe5dd8e44ed6733852c88?s=96&d=mm&r=g\",\"url\":\"https:\\\/\\\/secure.gravatar.com\\\/avatar\\\/16c5dda1489adfc62618084dcbb91cffd879c374b13fe5dd8e44ed6733852c88?s=96&d=mm&r=g\",\"contentUrl\":\"https:\\\/\\\/secure.gravatar.com\\\/avatar\\\/16c5dda1489adfc62618084dcbb91cffd879c374b13fe5dd8e44ed6733852c88?s=96&d=mm&r=g\",\"caption\":\"Alejandro Gabriel Rosito\"},\"url\":\"https:\\\/\\\/autofans.com.ar\\\/index.php\\\/author\\\/gabrielr\\\/\"}]}<\/script>\n<!-- \/ Yoast SEO plugin. -->","yoast_head_json":{"title":"Toyota ofrecer\u00e1 movilidad en los Juegos Ol\u00edmpicos y Paral\u00edmpicos de Par\u00eds 2024 -","description":"Toyota se compromete a proporcionar una movilidad sostenible y accesible en los Juegos Ol\u00edmpicos y Paral\u00edmpicos de Par\u00eds 2024...","robots":{"index":"index","follow":"follow","max-snippet":"max-snippet:-1","max-image-preview":"max-image-preview:large","max-video-preview":"max-video-preview:-1"},"canonical":"https:\/\/autofans.com.ar\/index.php\/2023\/10\/10\/toyota-ofrecera-movilidad-en-los-juegos-olimpicos-y-paralimpicos-de-paris-2024\/","og_locale":"es_ES","og_type":"article","og_title":"Toyota ofrecer\u00e1 movilidad en los Juegos Ol\u00edmpicos y Paral\u00edmpicos de Par\u00eds 2024 -","og_description":"Toyota se compromete a proporcionar una movilidad sostenible y accesible en los Juegos Ol\u00edmpicos y Paral\u00edmpicos de Par\u00eds 2024...","og_url":"https:\/\/autofans.com.ar\/index.php\/2023\/10\/10\/toyota-ofrecera-movilidad-en-los-juegos-olimpicos-y-paralimpicos-de-paris-2024\/","article_published_time":"2023-10-10T17:10:02+00:00","og_image":[{"width":1000,"height":667,"url":"https:\/\/autofans.com.ar\/wp-content\/uploads\/2023\/10\/toyota-1-1.jpg","type":"image\/jpeg"}],"author":"Alejandro Gabriel Rosito","twitter_card":"summary_large_image","twitter_misc":{"Escrito por":"Alejandro Gabriel Rosito","Tiempo de lectura":"3 minutos"},"schema":{"@context":"https:\/\/schema.org","@graph":[{"@type":"Article","@id":"https:\/\/autofans.com.ar\/index.php\/2023\/10\/10\/toyota-ofrecera-movilidad-en-los-juegos-olimpicos-y-paralimpicos-de-paris-2024\/#article","isPartOf":{"@id":"https:\/\/autofans.com.ar\/index.php\/2023\/10\/10\/toyota-ofrecera-movilidad-en-los-juegos-olimpicos-y-paralimpicos-de-paris-2024\/"},"author":{"name":"Alejandro Gabriel Rosito","@id":"https:\/\/autofans.com.ar\/#\/schema\/person\/4a8dda0b6df83ac3d6723e921274c2aa"},"headline":"Toyota ofrecer\u00e1 movilidad en los Juegos Ol\u00edmpicos y Paral\u00edmpicos de Par\u00eds 2024","datePublished":"2023-10-10T17:10:02+00:00","mainEntityOfPage":{"@id":"https:\/\/autofans.com.ar\/index.php\/2023\/10\/10\/toyota-ofrecera-movilidad-en-los-juegos-olimpicos-y-paralimpicos-de-paris-2024\/"},"wordCount":596,"image":{"@id":"https:\/\/autofans.com.ar\/index.php\/2023\/10\/10\/toyota-ofrecera-movilidad-en-los-juegos-olimpicos-y-paralimpicos-de-paris-2024\/#primaryimage"},"thumbnailUrl":"https:\/\/autofans.com.ar\/wp-content\/uploads\/2023\/10\/toyota-1-1.jpg","keywords":["#hidr\u00f3geno","#sostenibilidad","emisiones de carbono","Flota ecol\u00f3gica","inclusi\u00f3n","Juegos Ol\u00edmpicos de Par\u00eds 2024","movilidad personal","Movilidad Sostenible","Toyota","veh\u00edculos el\u00e9ctricos"],"articleSection":["AUTOTECNO","NOTICIAS"],"inLanguage":"es"},{"@type":"WebPage","@id":"https:\/\/autofans.com.ar\/index.php\/2023\/10\/10\/toyota-ofrecera-movilidad-en-los-juegos-olimpicos-y-paralimpicos-de-paris-2024\/","url":"https:\/\/autofans.com.ar\/index.php\/2023\/10\/10\/toyota-ofrecera-movilidad-en-los-juegos-olimpicos-y-paralimpicos-de-paris-2024\/","name":"Toyota ofrecer\u00e1 movilidad en los Juegos Ol\u00edmpicos y Paral\u00edmpicos de Par\u00eds 2024 -","isPartOf":{"@id":"https:\/\/autofans.com.ar\/#website"},"primaryImageOfPage":{"@id":"https:\/\/autofans.com.ar\/index.php\/2023\/10\/10\/toyota-ofrecera-movilidad-en-los-juegos-olimpicos-y-paralimpicos-de-paris-2024\/#primaryimage"},"image":{"@id":"https:\/\/autofans.com.ar\/index.php\/2023\/10\/10\/toyota-ofrecera-movilidad-en-los-juegos-olimpicos-y-paralimpicos-de-paris-2024\/#primaryimage"},"thumbnailUrl":"https:\/\/autofans.com.ar\/wp-content\/uploads\/2023\/10\/toyota-1-1.jpg","datePublished":"2023-10-10T17:10:02+00:00","author":{"@id":"https:\/\/autofans.com.ar\/#\/schema\/person\/4a8dda0b6df83ac3d6723e921274c2aa"},"description":"Toyota se compromete a proporcionar una movilidad sostenible y accesible en los Juegos Ol\u00edmpicos y Paral\u00edmpicos de Par\u00eds 2024...","breadcrumb":{"@id":"https:\/\/autofans.com.ar\/index.php\/2023\/10\/10\/toyota-ofrecera-movilidad-en-los-juegos-olimpicos-y-paralimpicos-de-paris-2024\/#breadcrumb"},"inLanguage":"es","potentialAction":[{"@type":"ReadAction","target":["https:\/\/autofans.com.ar\/index.php\/2023\/10\/10\/toyota-ofrecera-movilidad-en-los-juegos-olimpicos-y-paralimpicos-de-paris-2024\/"]}]},{"@type":"ImageObject","inLanguage":"es","@id":"https:\/\/autofans.com.ar\/index.php\/2023\/10\/10\/toyota-ofrecera-movilidad-en-los-juegos-olimpicos-y-paralimpicos-de-paris-2024\/#primaryimage","url":"https:\/\/autofans.com.ar\/wp-content\/uploads\/2023\/10\/toyota-1-1.jpg","contentUrl":"https:\/\/autofans.com.ar\/wp-content\/uploads\/2023\/10\/toyota-1-1.jpg","width":1000,"height":667,"caption":"Toyota"},{"@type":"BreadcrumbList","@id":"https:\/\/autofans.com.ar\/index.php\/2023\/10\/10\/toyota-ofrecera-movilidad-en-los-juegos-olimpicos-y-paralimpicos-de-paris-2024\/#breadcrumb","itemListElement":[{"@type":"ListItem","position":1,"name":"Inicio","item":"https:\/\/autofans.com.ar\/"},{"@type":"ListItem","position":2,"name":"Toyota ofrecer\u00e1 movilidad en los Juegos Ol\u00edmpicos y Paral\u00edmpicos de Par\u00eds 2024"}]},{"@type":"WebSite","@id":"https:\/\/autofans.com.ar\/#website","url":"https:\/\/autofans.com.ar\/","name":"","description":"El multimedio referente de la industria automotriz","potentialAction":[{"@type":"SearchAction","target":{"@type":"EntryPoint","urlTemplate":"https:\/\/autofans.com.ar\/?s={search_term_string}"},"query-input":{"@type":"PropertyValueSpecification","valueRequired":true,"valueName":"search_term_string"}}],"inLanguage":"es"},{"@type":"Person","@id":"https:\/\/autofans.com.ar\/#\/schema\/person\/4a8dda0b6df83ac3d6723e921274c2aa","name":"Alejandro Gabriel Rosito","image":{"@type":"ImageObject","inLanguage":"es","@id":"https:\/\/secure.gravatar.com\/avatar\/16c5dda1489adfc62618084dcbb91cffd879c374b13fe5dd8e44ed6733852c88?s=96&d=mm&r=g","url":"https:\/\/secure.gravatar.com\/avatar\/16c5dda1489adfc62618084dcbb91cffd879c374b13fe5dd8e44ed6733852c88?s=96&d=mm&r=g","contentUrl":"https:\/\/secure.gravatar.com\/avatar\/16c5dda1489adfc62618084dcbb91cffd879c374b13fe5dd8e44ed6733852c88?s=96&d=mm&r=g","caption":"Alejandro Gabriel Rosito"},"url":"https:\/\/autofans.com.ar\/index.php\/author\/gabrielr\/"}]}},"featured_image_urls":{"full":["https:\/\/autofans.com.ar\/wp-content\/uploads\/2023\/10\/toyota-1-1.jpg",1000,667,false],"thumbnail":["https:\/\/autofans.com.ar\/wp-content\/uploads\/2023\/10\/toyota-1-1-150x150.jpg",150,150,true],"medium":["https:\/\/autofans.com.ar\/wp-content\/uploads\/2023\/10\/toyota-1-1-300x200.jpg",300,200,true],"medium_large":["https:\/\/autofans.com.ar\/wp-content\/uploads\/2023\/10\/toyota-1-1-768x512.jpg",640,427,true],"large":["https:\/\/autofans.com.ar\/wp-content\/uploads\/2023\/10\/toyota-1-1.jpg",640,427,false],"1536x1536":["https:\/\/autofans.com.ar\/wp-content\/uploads\/2023\/10\/toyota-1-1.jpg",1000,667,false],"2048x2048":["https:\/\/autofans.com.ar\/wp-content\/uploads\/2023\/10\/toyota-1-1.jpg",1000,667,false],"covernews-featured":["https:\/\/autofans.com.ar\/wp-content\/uploads\/2023\/10\/toyota-1-1.jpg",1000,667,false],"covernews-medium":["https:\/\/autofans.com.ar\/wp-content\/uploads\/2023\/10\/toyota-1-1-540x340.jpg",540,340,true]},"author_info":{"display_name":"Alejandro Gabriel Rosito","author_link":"https:\/\/autofans.com.ar\/index.php\/author\/gabrielr\/"},"category_info":"<a href=\"https:\/\/autofans.com.ar\/index.php\/category\/noticias\/autotecno\/\" rel=\"category tag\">AUTOTECNO<\/a> <a href=\"https:\/\/autofans.com.ar\/index.php\/category\/noticias\/\" rel=\"category tag\">NOTICIAS<\/a>","tag_info":"NOTICIAS","comment_count":0,"_links":{"self":[{"href":"https:\/\/autofans.com.ar\/index.php\/wp-json\/wp\/v2\/posts\/5406","targetHints":{"allow":["GET"]}}],"collection":[{"href":"https:\/\/autofans.com.ar\/index.php\/wp-json\/wp\/v2\/posts"}],"about":[{"href":"https:\/\/autofans.com.ar\/index.php\/wp-json\/wp\/v2\/types\/post"}],"author":[{"embeddable":true,"href":"https:\/\/autofans.com.ar\/index.php\/wp-json\/wp\/v2\/users\/2"}],"replies":[{"embeddable":true,"href":"https:\/\/autofans.com.ar\/index.php\/wp-json\/wp\/v2\/comments?post=5406"}],"version-history":[{"count":2,"href":"https:\/\/autofans.com.ar\/index.php\/wp-json\/wp\/v2\/posts\/5406\/revisions"}],"predecessor-version":[{"id":5411,"href":"https:\/\/autofans.com.ar\/index.php\/wp-json\/wp\/v2\/posts\/5406\/revisions\/5411"}],"wp:featuredmedia":[{"embeddable":true,"href":"https:\/\/autofans.com.ar\/index.php\/wp-json\/wp\/v2\/media\/5409"}],"wp:attachment":[{"href":"https:\/\/autofans.com.ar\/index.php\/wp-json\/wp\/v2\/media?parent=5406"}],"wp:term":[{"taxonomy":"category","embeddable":true,"href":"https:\/\/autofans.com.ar\/index.php\/wp-json\/wp\/v2\/categories?post=5406"},{"taxonomy":"post_tag","embeddable":true,"href":"https:\/\/autofans.com.ar\/index.php\/wp-json\/wp\/v2\/tags?post=5406"}],"curies":[{"name":"wp","href":"https:\/\/api.w.org\/{rel}","templated":true}]}}