{"id":5461,"date":"2023-10-12T19:45:32","date_gmt":"2023-10-12T22:45:32","guid":{"rendered":"https:\/\/autofans.com.ar\/?p=5461"},"modified":"2023-10-12T19:45:32","modified_gmt":"2023-10-12T22:45:32","slug":"ktm-y-can-am-inaugura-concesionario-en-la-plata","status":"publish","type":"post","link":"https:\/\/autofans.com.ar\/index.php\/2023\/10\/12\/ktm-y-can-am-inaugura-concesionario-en-la-plata\/","title":{"rendered":"KTM y Can-Am inaugura concesionario en La Plata"},"content":{"rendered":"<p>KTM y Can-Am de Argentina, est\u00e1n listas para conquistar La Plata, ya que Grupo Simpa S.A. abre un concesionario en Camino Parque Centenario 2230 Manuel B. Gonnet. La inauguraci\u00f3n cont\u00f3 con la presencia de Mart\u00edn Schwartz, director de la divisi\u00f3n de rodados del Grupo SIMPA S.A., y Juan Manuel Tiribelli, socio-due\u00f1o de KTM Can-Am La Plata.<\/p>\n<p>&nbsp;<\/p>\n<h2>KTM Can-Am &#8211; 460 m2 de pasi\u00f3n<\/h2>\n<p>El nuevo espacio, dedicado a las motocicletas de la marca austr\u00edaca KTM y los \u00abside by side\u00bb ATVs Can-Am de la empresa canadiense Bombardier Recreational Products (BRP), abarca una superficie de m\u00e1s de 460 m2. Este espacio incluye un taller, \u00e1rea de repuestos, accesorios, indumentaria y equipamiento para entusiastas de ambas marcas. Adem\u00e1s, ofrece un servicio post-venta especializado en el mantenimiento de los modelos, garantizando la m\u00e1xima fiabilidad y calidad para los usuarios.<\/p>\n<p>&nbsp;<\/p>\n<p><img fetchpriority=\"high\" decoding=\"async\" class=\"aligncenter wp-image-5463 size-full\" src=\"https:\/\/autofans.com.ar\/wp-content\/uploads\/2023\/10\/ktm-3.jpg\" alt=\"KTM Can-Am\" width=\"1000\" height=\"667\" srcset=\"https:\/\/autofans.com.ar\/wp-content\/uploads\/2023\/10\/ktm-3.jpg 1000w, https:\/\/autofans.com.ar\/wp-content\/uploads\/2023\/10\/ktm-3-300x200.jpg 300w, https:\/\/autofans.com.ar\/wp-content\/uploads\/2023\/10\/ktm-3-768x512.jpg 768w\" sizes=\"(max-width: 1000px) 100vw, 1000px\" \/><\/p>\n<p>&nbsp;<\/p>\n<p>Ubicado estrat\u00e9gicamente en La Plata, este concesionario reci\u00e9n inaugurado se destaca por su amplitud y modernidad, dise\u00f1ado para resaltar cada producto y brindar una experiencia \u00fanica a los aficionados. En este lugar, los visitantes encontrar\u00e1n todos los modelos disponibles de KTM y Can-Am.<\/p>\n<div dir=\"ltr\">\n<blockquote>\n<p style=\"text-align: center;\"><span lang=\"ES-AR\">Con respecto a la inauguraci\u00f3n del concesionario en La Plata, <\/span><span lang=\"ES-AR\">Leandro Panaggio, Business Manager del Grupo Simpa S.A., enfatiz\u00f3 que<\/span> <span lang=\"ES-AR\">\u201ceste nuevo concesionario refleja el compromiso de ambas marcas en nuestro pa\u00eds, revalidando el trabajo que venimos llevando a cabo en los \u00faltimos a\u00f1os. La Plata es un mercado que ven\u00edamos analizando durante mucho tiempo con el objetivo de acercar a nuestros usuarios la posibilidad de vivir una experiencia \u00fanica tanto en adquisici\u00f3n de nuevas unidades como as\u00ed tambi\u00e9n para todos los servicios de postventa que puedan necesitar. <\/span><span lang=\"ES-AR\">Y cerr\u00f3 diciendo que<\/span><span lang=\"ES-AR\"> \u201cestamos realmente muy entusiasmados y convencidos que este nuevo socio estrat\u00e9gico desempe\u00f1ara un papel destacado ya que cuenta con una amplia experiencia en el negocio del aftermarket, en la comercializaci\u00f3n de motocicletas de alta gama y una enorme pasi\u00f3n en el mundo de las dos ruedas\u201d.<\/span><i><u><\/u><u><\/u><\/i><\/p>\n<\/blockquote>\n<\/div>\n<p>Juan Manuel Tiribelli, socio de BAMP y due\u00f1o de KTM Can-Am La Plata, explic\u00f3 la elecci\u00f3n para abrir un concesionario en la ciudad, respald\u00e1ndose en el Grupo Simpa y su producci\u00f3n nacional. Tambi\u00e9n mencion\u00f3 el renombre de KTM en los campeonatos deportivos y la demanda de motos \u00abReady to Race\u00bb. En cuanto a Can-Am, destac\u00f3 su liderazgo en el mercado, reconocido a nivel mundial por su calidad, rendimiento y dise\u00f1o innovador.<\/p>\n<p>&nbsp;<\/p>\n<p><img decoding=\"async\" class=\"aligncenter wp-image-5462 size-full\" src=\"https:\/\/autofans.com.ar\/wp-content\/uploads\/2023\/10\/ktm-4.jpg\" alt=\"KTM Can-Am\" width=\"1000\" height=\"667\" srcset=\"https:\/\/autofans.com.ar\/wp-content\/uploads\/2023\/10\/ktm-4.jpg 1000w, https:\/\/autofans.com.ar\/wp-content\/uploads\/2023\/10\/ktm-4-300x200.jpg 300w, https:\/\/autofans.com.ar\/wp-content\/uploads\/2023\/10\/ktm-4-768x512.jpg 768w\" sizes=\"(max-width: 1000px) 100vw, 1000px\" \/><\/p>\n<p>&nbsp;<\/p>\n<blockquote><p>\u201cNacimos con una concepci\u00f3n de boutique exclusiva para la venta de accesorios, tanto para motos c\u00f3mo para pilotos de modelos de media-alta gama, que luego de unos a\u00f1os y tras un exhaustivo an\u00e1lisis de mercado a nivel pa\u00eds y una cuidadosa evaluaci\u00f3n de las necesidades de nuestros clientes nos dimos cuenta que la marca ideal para abrir un concesionario en la ciudad de La Plata era KTM. A su vez, nos apoyamos en el Grupo Simpa, el cual posee producci\u00f3n-ensamble nacional y la disponibilidad de todo su line-up para la venta. Adem\u00e1s, con la gran presencia en la actualidad de KTM en todos los campeonatos deportivos, creemos que eso se extiende en las concesionarias porque claramente todo el mundo quiere tener la moto Ready to Race. Por el lado de Can-Am, es un producto l\u00edder en el mercado y reconocido mundialmente, buscado por ser tope de gama, y reconocidos por su calidad, rendimiento y dise\u00f1o innovador\u201d, <strong>expres\u00f3 Juan Manuel Tiribelli, socio de BAMP y due\u00f1o de KTM Can-Am La Plata.<\/strong><\/p><\/blockquote>\n<p>&nbsp;<\/p>\n<p><i>Para enterarte de m\u00e1s novedades, no dejes de leer\u00a0<\/i><a href=\"https:\/\/autofans.thebrandsoup.com\/\"><i>nuestras notas<\/i><\/a><i>, de ver<\/i><b><i>\u00a0<\/i><\/b><a href=\"https:\/\/www.youtube.com\/channel\/UCgAC8UGHZYbT6P7PpmVnP7g\"><b><i>AUTOFANS TV<\/i><\/b><\/a><b><i>\u00a0<\/i><\/b><i>en nuestro\u00a0canal de Youtube. Adem\u00e1s seguinos en\u00a0<\/i><a href=\"https:\/\/www.instagram.com\/autofanstv\/\"><i>INSTAGRAM<\/i><\/a><i> y <\/i><a href=\"https:\/\/www.facebook.com\/autofansmas\/\"><i>FACEBOOK<\/i><\/a><i> para no perderte nada sobre las novedades del segmento automotor de Argentina y el mundo.<\/i><\/p>\n","protected":false},"excerpt":{"rendered":"<p>KTM y Can-Am de Argentina, est\u00e1n listas para conquistar La Plata, ya que Grupo Simpa&#8230;<\/p>\n","protected":false},"author":2,"featured_media":5465,"comment_status":"closed","ping_status":"closed","sticky":false,"template":"","format":"standard","meta":{"footnotes":""},"categories":[4,16],"tags":[38,2756,2759,2616,2755,1944,2757,2758,2754,247,388],"class_list":["post-5461","post","type-post","status-publish","format-standard","has-post-thumbnail","hentry","category-motos","category-noticias","tag-argentina","tag-atvs","tag-bombardier-recreational-products","tag-can-am","tag-concesionario-la-plata","tag-grupo-simpa-s-a","tag-inauguracion","tag-ktm","tag-ktm-can-am","tag-motocicletas","tag-vehiculos"],"yoast_head":"<!-- This site is optimized with the Yoast SEO plugin v27.5 - https:\/\/yoast.com\/product\/yoast-seo-wordpress\/ -->\n<title>KTM y Can-Am inaugura concesionario en La Plata -<\/title>\n<meta name=\"description\" content=\"KTM y Can-Am de Argentina, est\u00e1n listas para conquistar La Plata, ya que Grupo Simpa S.A. abre un concesionario en Camino Parque Centenario..\" \/>\n<meta name=\"robots\" content=\"index, follow, max-snippet:-1, max-image-preview:large, max-video-preview:-1\" \/>\n<link rel=\"canonical\" href=\"https:\/\/autofans.com.ar\/index.php\/2023\/10\/12\/ktm-y-can-am-inaugura-concesionario-en-la-plata\/\" \/>\n<meta property=\"og:locale\" content=\"es_ES\" \/>\n<meta property=\"og:type\" content=\"article\" \/>\n<meta property=\"og:title\" content=\"KTM y Can-Am inaugura concesionario en La Plata -\" \/>\n<meta property=\"og:description\" content=\"KTM y Can-Am de Argentina, est\u00e1n listas para conquistar La Plata, ya que Grupo Simpa S.A. abre un concesionario en Camino Parque Centenario..\" \/>\n<meta property=\"og:url\" content=\"https:\/\/autofans.com.ar\/index.php\/2023\/10\/12\/ktm-y-can-am-inaugura-concesionario-en-la-plata\/\" \/>\n<meta property=\"article:published_time\" content=\"2023-10-12T22:45:32+00:00\" \/>\n<meta property=\"og:image\" content=\"https:\/\/autofans.com.ar\/wp-content\/uploads\/2023\/10\/ktm-1.jpg\" \/>\n\t<meta property=\"og:image:width\" content=\"1000\" \/>\n\t<meta property=\"og:image:height\" content=\"667\" \/>\n\t<meta property=\"og:image:type\" content=\"image\/jpeg\" \/>\n<meta name=\"author\" content=\"Alejandro Gabriel Rosito\" \/>\n<meta name=\"twitter:card\" content=\"summary_large_image\" \/>\n<meta name=\"twitter:label1\" content=\"Escrito por\" \/>\n\t<meta name=\"twitter:data1\" content=\"Alejandro Gabriel Rosito\" \/>\n\t<meta name=\"twitter:label2\" content=\"Tiempo de lectura\" \/>\n\t<meta name=\"twitter:data2\" content=\"2 minutos\" \/>\n<script type=\"application\/ld+json\" class=\"yoast-schema-graph\">{\"@context\":\"https:\\\/\\\/schema.org\",\"@graph\":[{\"@type\":\"Article\",\"@id\":\"https:\\\/\\\/autofans.com.ar\\\/index.php\\\/2023\\\/10\\\/12\\\/ktm-y-can-am-inaugura-concesionario-en-la-plata\\\/#article\",\"isPartOf\":{\"@id\":\"https:\\\/\\\/autofans.com.ar\\\/index.php\\\/2023\\\/10\\\/12\\\/ktm-y-can-am-inaugura-concesionario-en-la-plata\\\/\"},\"author\":{\"name\":\"Alejandro Gabriel Rosito\",\"@id\":\"https:\\\/\\\/autofans.com.ar\\\/#\\\/schema\\\/person\\\/4a8dda0b6df83ac3d6723e921274c2aa\"},\"headline\":\"KTM y Can-Am inaugura concesionario en La Plata\",\"datePublished\":\"2023-10-12T22:45:32+00:00\",\"mainEntityOfPage\":{\"@id\":\"https:\\\/\\\/autofans.com.ar\\\/index.php\\\/2023\\\/10\\\/12\\\/ktm-y-can-am-inaugura-concesionario-en-la-plata\\\/\"},\"wordCount\":656,\"image\":{\"@id\":\"https:\\\/\\\/autofans.com.ar\\\/index.php\\\/2023\\\/10\\\/12\\\/ktm-y-can-am-inaugura-concesionario-en-la-plata\\\/#primaryimage\"},\"thumbnailUrl\":\"https:\\\/\\\/autofans.com.ar\\\/wp-content\\\/uploads\\\/2023\\\/10\\\/ktm-1.jpg\",\"keywords\":[\"Argentina\",\"ATVs\",\"Bombardier Recreational Products\",\"Can-Am\",\"concesionario La Plata\",\"Grupo Simpa S.A.\",\"inauguraci\u00f3n\",\"KTM\",\"KTM Can-Am\",\"motocicletas\",\"veh\u00edculos\"],\"articleSection\":[\"MOTOS\",\"NOTICIAS\"],\"inLanguage\":\"es\"},{\"@type\":\"WebPage\",\"@id\":\"https:\\\/\\\/autofans.com.ar\\\/index.php\\\/2023\\\/10\\\/12\\\/ktm-y-can-am-inaugura-concesionario-en-la-plata\\\/\",\"url\":\"https:\\\/\\\/autofans.com.ar\\\/index.php\\\/2023\\\/10\\\/12\\\/ktm-y-can-am-inaugura-concesionario-en-la-plata\\\/\",\"name\":\"KTM y Can-Am inaugura concesionario en La Plata -\",\"isPartOf\":{\"@id\":\"https:\\\/\\\/autofans.com.ar\\\/#website\"},\"primaryImageOfPage\":{\"@id\":\"https:\\\/\\\/autofans.com.ar\\\/index.php\\\/2023\\\/10\\\/12\\\/ktm-y-can-am-inaugura-concesionario-en-la-plata\\\/#primaryimage\"},\"image\":{\"@id\":\"https:\\\/\\\/autofans.com.ar\\\/index.php\\\/2023\\\/10\\\/12\\\/ktm-y-can-am-inaugura-concesionario-en-la-plata\\\/#primaryimage\"},\"thumbnailUrl\":\"https:\\\/\\\/autofans.com.ar\\\/wp-content\\\/uploads\\\/2023\\\/10\\\/ktm-1.jpg\",\"datePublished\":\"2023-10-12T22:45:32+00:00\",\"author\":{\"@id\":\"https:\\\/\\\/autofans.com.ar\\\/#\\\/schema\\\/person\\\/4a8dda0b6df83ac3d6723e921274c2aa\"},\"description\":\"KTM y Can-Am de Argentina, est\u00e1n listas para conquistar La Plata, ya que Grupo Simpa S.A. abre un concesionario en Camino Parque Centenario..\",\"breadcrumb\":{\"@id\":\"https:\\\/\\\/autofans.com.ar\\\/index.php\\\/2023\\\/10\\\/12\\\/ktm-y-can-am-inaugura-concesionario-en-la-plata\\\/#breadcrumb\"},\"inLanguage\":\"es\",\"potentialAction\":[{\"@type\":\"ReadAction\",\"target\":[\"https:\\\/\\\/autofans.com.ar\\\/index.php\\\/2023\\\/10\\\/12\\\/ktm-y-can-am-inaugura-concesionario-en-la-plata\\\/\"]}]},{\"@type\":\"ImageObject\",\"inLanguage\":\"es\",\"@id\":\"https:\\\/\\\/autofans.com.ar\\\/index.php\\\/2023\\\/10\\\/12\\\/ktm-y-can-am-inaugura-concesionario-en-la-plata\\\/#primaryimage\",\"url\":\"https:\\\/\\\/autofans.com.ar\\\/wp-content\\\/uploads\\\/2023\\\/10\\\/ktm-1.jpg\",\"contentUrl\":\"https:\\\/\\\/autofans.com.ar\\\/wp-content\\\/uploads\\\/2023\\\/10\\\/ktm-1.jpg\",\"width\":1000,\"height\":667,\"caption\":\"KTM Can-Am\"},{\"@type\":\"BreadcrumbList\",\"@id\":\"https:\\\/\\\/autofans.com.ar\\\/index.php\\\/2023\\\/10\\\/12\\\/ktm-y-can-am-inaugura-concesionario-en-la-plata\\\/#breadcrumb\",\"itemListElement\":[{\"@type\":\"ListItem\",\"position\":1,\"name\":\"Inicio\",\"item\":\"https:\\\/\\\/autofans.com.ar\\\/\"},{\"@type\":\"ListItem\",\"position\":2,\"name\":\"KTM y Can-Am inaugura concesionario en La Plata\"}]},{\"@type\":\"WebSite\",\"@id\":\"https:\\\/\\\/autofans.com.ar\\\/#website\",\"url\":\"https:\\\/\\\/autofans.com.ar\\\/\",\"name\":\"\",\"description\":\"El multimedio referente de la industria automotriz\",\"potentialAction\":[{\"@type\":\"SearchAction\",\"target\":{\"@type\":\"EntryPoint\",\"urlTemplate\":\"https:\\\/\\\/autofans.com.ar\\\/?s={search_term_string}\"},\"query-input\":{\"@type\":\"PropertyValueSpecification\",\"valueRequired\":true,\"valueName\":\"search_term_string\"}}],\"inLanguage\":\"es\"},{\"@type\":\"Person\",\"@id\":\"https:\\\/\\\/autofans.com.ar\\\/#\\\/schema\\\/person\\\/4a8dda0b6df83ac3d6723e921274c2aa\",\"name\":\"Alejandro Gabriel Rosito\",\"image\":{\"@type\":\"ImageObject\",\"inLanguage\":\"es\",\"@id\":\"https:\\\/\\\/secure.gravatar.com\\\/avatar\\\/16c5dda1489adfc62618084dcbb91cffd879c374b13fe5dd8e44ed6733852c88?s=96&d=mm&r=g\",\"url\":\"https:\\\/\\\/secure.gravatar.com\\\/avatar\\\/16c5dda1489adfc62618084dcbb91cffd879c374b13fe5dd8e44ed6733852c88?s=96&d=mm&r=g\",\"contentUrl\":\"https:\\\/\\\/secure.gravatar.com\\\/avatar\\\/16c5dda1489adfc62618084dcbb91cffd879c374b13fe5dd8e44ed6733852c88?s=96&d=mm&r=g\",\"caption\":\"Alejandro Gabriel Rosito\"},\"url\":\"https:\\\/\\\/autofans.com.ar\\\/index.php\\\/author\\\/gabrielr\\\/\"}]}<\/script>\n<!-- \/ Yoast SEO plugin. -->","yoast_head_json":{"title":"KTM y Can-Am inaugura concesionario en La Plata -","description":"KTM y Can-Am de Argentina, est\u00e1n listas para conquistar La Plata, ya que Grupo Simpa S.A. abre un concesionario en Camino Parque Centenario..","robots":{"index":"index","follow":"follow","max-snippet":"max-snippet:-1","max-image-preview":"max-image-preview:large","max-video-preview":"max-video-preview:-1"},"canonical":"https:\/\/autofans.com.ar\/index.php\/2023\/10\/12\/ktm-y-can-am-inaugura-concesionario-en-la-plata\/","og_locale":"es_ES","og_type":"article","og_title":"KTM y Can-Am inaugura concesionario en La Plata -","og_description":"KTM y Can-Am de Argentina, est\u00e1n listas para conquistar La Plata, ya que Grupo Simpa S.A. abre un concesionario en Camino Parque Centenario..","og_url":"https:\/\/autofans.com.ar\/index.php\/2023\/10\/12\/ktm-y-can-am-inaugura-concesionario-en-la-plata\/","article_published_time":"2023-10-12T22:45:32+00:00","og_image":[{"width":1000,"height":667,"url":"https:\/\/autofans.com.ar\/wp-content\/uploads\/2023\/10\/ktm-1.jpg","type":"image\/jpeg"}],"author":"Alejandro Gabriel Rosito","twitter_card":"summary_large_image","twitter_misc":{"Escrito por":"Alejandro Gabriel Rosito","Tiempo de lectura":"2 minutos"},"schema":{"@context":"https:\/\/schema.org","@graph":[{"@type":"Article","@id":"https:\/\/autofans.com.ar\/index.php\/2023\/10\/12\/ktm-y-can-am-inaugura-concesionario-en-la-plata\/#article","isPartOf":{"@id":"https:\/\/autofans.com.ar\/index.php\/2023\/10\/12\/ktm-y-can-am-inaugura-concesionario-en-la-plata\/"},"author":{"name":"Alejandro Gabriel Rosito","@id":"https:\/\/autofans.com.ar\/#\/schema\/person\/4a8dda0b6df83ac3d6723e921274c2aa"},"headline":"KTM y Can-Am inaugura concesionario en La Plata","datePublished":"2023-10-12T22:45:32+00:00","mainEntityOfPage":{"@id":"https:\/\/autofans.com.ar\/index.php\/2023\/10\/12\/ktm-y-can-am-inaugura-concesionario-en-la-plata\/"},"wordCount":656,"image":{"@id":"https:\/\/autofans.com.ar\/index.php\/2023\/10\/12\/ktm-y-can-am-inaugura-concesionario-en-la-plata\/#primaryimage"},"thumbnailUrl":"https:\/\/autofans.com.ar\/wp-content\/uploads\/2023\/10\/ktm-1.jpg","keywords":["Argentina","ATVs","Bombardier Recreational Products","Can-Am","concesionario La Plata","Grupo Simpa S.A.","inauguraci\u00f3n","KTM","KTM Can-Am","motocicletas","veh\u00edculos"],"articleSection":["MOTOS","NOTICIAS"],"inLanguage":"es"},{"@type":"WebPage","@id":"https:\/\/autofans.com.ar\/index.php\/2023\/10\/12\/ktm-y-can-am-inaugura-concesionario-en-la-plata\/","url":"https:\/\/autofans.com.ar\/index.php\/2023\/10\/12\/ktm-y-can-am-inaugura-concesionario-en-la-plata\/","name":"KTM y Can-Am inaugura concesionario en La Plata -","isPartOf":{"@id":"https:\/\/autofans.com.ar\/#website"},"primaryImageOfPage":{"@id":"https:\/\/autofans.com.ar\/index.php\/2023\/10\/12\/ktm-y-can-am-inaugura-concesionario-en-la-plata\/#primaryimage"},"image":{"@id":"https:\/\/autofans.com.ar\/index.php\/2023\/10\/12\/ktm-y-can-am-inaugura-concesionario-en-la-plata\/#primaryimage"},"thumbnailUrl":"https:\/\/autofans.com.ar\/wp-content\/uploads\/2023\/10\/ktm-1.jpg","datePublished":"2023-10-12T22:45:32+00:00","author":{"@id":"https:\/\/autofans.com.ar\/#\/schema\/person\/4a8dda0b6df83ac3d6723e921274c2aa"},"description":"KTM y Can-Am de Argentina, est\u00e1n listas para conquistar La Plata, ya que Grupo Simpa S.A. abre un concesionario en Camino Parque Centenario..","breadcrumb":{"@id":"https:\/\/autofans.com.ar\/index.php\/2023\/10\/12\/ktm-y-can-am-inaugura-concesionario-en-la-plata\/#breadcrumb"},"inLanguage":"es","potentialAction":[{"@type":"ReadAction","target":["https:\/\/autofans.com.ar\/index.php\/2023\/10\/12\/ktm-y-can-am-inaugura-concesionario-en-la-plata\/"]}]},{"@type":"ImageObject","inLanguage":"es","@id":"https:\/\/autofans.com.ar\/index.php\/2023\/10\/12\/ktm-y-can-am-inaugura-concesionario-en-la-plata\/#primaryimage","url":"https:\/\/autofans.com.ar\/wp-content\/uploads\/2023\/10\/ktm-1.jpg","contentUrl":"https:\/\/autofans.com.ar\/wp-content\/uploads\/2023\/10\/ktm-1.jpg","width":1000,"height":667,"caption":"KTM Can-Am"},{"@type":"BreadcrumbList","@id":"https:\/\/autofans.com.ar\/index.php\/2023\/10\/12\/ktm-y-can-am-inaugura-concesionario-en-la-plata\/#breadcrumb","itemListElement":[{"@type":"ListItem","position":1,"name":"Inicio","item":"https:\/\/autofans.com.ar\/"},{"@type":"ListItem","position":2,"name":"KTM y Can-Am inaugura concesionario en La Plata"}]},{"@type":"WebSite","@id":"https:\/\/autofans.com.ar\/#website","url":"https:\/\/autofans.com.ar\/","name":"","description":"El multimedio referente de la industria automotriz","potentialAction":[{"@type":"SearchAction","target":{"@type":"EntryPoint","urlTemplate":"https:\/\/autofans.com.ar\/?s={search_term_string}"},"query-input":{"@type":"PropertyValueSpecification","valueRequired":true,"valueName":"search_term_string"}}],"inLanguage":"es"},{"@type":"Person","@id":"https:\/\/autofans.com.ar\/#\/schema\/person\/4a8dda0b6df83ac3d6723e921274c2aa","name":"Alejandro Gabriel Rosito","image":{"@type":"ImageObject","inLanguage":"es","@id":"https:\/\/secure.gravatar.com\/avatar\/16c5dda1489adfc62618084dcbb91cffd879c374b13fe5dd8e44ed6733852c88?s=96&d=mm&r=g","url":"https:\/\/secure.gravatar.com\/avatar\/16c5dda1489adfc62618084dcbb91cffd879c374b13fe5dd8e44ed6733852c88?s=96&d=mm&r=g","contentUrl":"https:\/\/secure.gravatar.com\/avatar\/16c5dda1489adfc62618084dcbb91cffd879c374b13fe5dd8e44ed6733852c88?s=96&d=mm&r=g","caption":"Alejandro Gabriel Rosito"},"url":"https:\/\/autofans.com.ar\/index.php\/author\/gabrielr\/"}]}},"featured_image_urls":{"full":["https:\/\/autofans.com.ar\/wp-content\/uploads\/2023\/10\/ktm-1.jpg",1000,667,false],"thumbnail":["https:\/\/autofans.com.ar\/wp-content\/uploads\/2023\/10\/ktm-1-150x150.jpg",150,150,true],"medium":["https:\/\/autofans.com.ar\/wp-content\/uploads\/2023\/10\/ktm-1-300x200.jpg",300,200,true],"medium_large":["https:\/\/autofans.com.ar\/wp-content\/uploads\/2023\/10\/ktm-1-768x512.jpg",640,427,true],"large":["https:\/\/autofans.com.ar\/wp-content\/uploads\/2023\/10\/ktm-1.jpg",640,427,false],"1536x1536":["https:\/\/autofans.com.ar\/wp-content\/uploads\/2023\/10\/ktm-1.jpg",1000,667,false],"2048x2048":["https:\/\/autofans.com.ar\/wp-content\/uploads\/2023\/10\/ktm-1.jpg",1000,667,false],"covernews-featured":["https:\/\/autofans.com.ar\/wp-content\/uploads\/2023\/10\/ktm-1.jpg",1000,667,false],"covernews-medium":["https:\/\/autofans.com.ar\/wp-content\/uploads\/2023\/10\/ktm-1-540x340.jpg",540,340,true]},"author_info":{"display_name":"Alejandro Gabriel Rosito","author_link":"https:\/\/autofans.com.ar\/index.php\/author\/gabrielr\/"},"category_info":"<a href=\"https:\/\/autofans.com.ar\/index.php\/category\/noticias\/motos\/\" rel=\"category tag\">MOTOS<\/a> <a href=\"https:\/\/autofans.com.ar\/index.php\/category\/noticias\/\" rel=\"category tag\">NOTICIAS<\/a>","tag_info":"NOTICIAS","comment_count":0,"_links":{"self":[{"href":"https:\/\/autofans.com.ar\/index.php\/wp-json\/wp\/v2\/posts\/5461","targetHints":{"allow":["GET"]}}],"collection":[{"href":"https:\/\/autofans.com.ar\/index.php\/wp-json\/wp\/v2\/posts"}],"about":[{"href":"https:\/\/autofans.com.ar\/index.php\/wp-json\/wp\/v2\/types\/post"}],"author":[{"embeddable":true,"href":"https:\/\/autofans.com.ar\/index.php\/wp-json\/wp\/v2\/users\/2"}],"replies":[{"embeddable":true,"href":"https:\/\/autofans.com.ar\/index.php\/wp-json\/wp\/v2\/comments?post=5461"}],"version-history":[{"count":2,"href":"https:\/\/autofans.com.ar\/index.php\/wp-json\/wp\/v2\/posts\/5461\/revisions"}],"predecessor-version":[{"id":5467,"href":"https:\/\/autofans.com.ar\/index.php\/wp-json\/wp\/v2\/posts\/5461\/revisions\/5467"}],"wp:featuredmedia":[{"embeddable":true,"href":"https:\/\/autofans.com.ar\/index.php\/wp-json\/wp\/v2\/media\/5465"}],"wp:attachment":[{"href":"https:\/\/autofans.com.ar\/index.php\/wp-json\/wp\/v2\/media?parent=5461"}],"wp:term":[{"taxonomy":"category","embeddable":true,"href":"https:\/\/autofans.com.ar\/index.php\/wp-json\/wp\/v2\/categories?post=5461"},{"taxonomy":"post_tag","embeddable":true,"href":"https:\/\/autofans.com.ar\/index.php\/wp-json\/wp\/v2\/tags?post=5461"}],"curies":[{"name":"wp","href":"https:\/\/api.w.org\/{rel}","templated":true}]}}