{"id":5482,"date":"2023-10-18T19:54:30","date_gmt":"2023-10-18T22:54:30","guid":{"rendered":"https:\/\/autofans.com.ar\/?p=5482"},"modified":"2023-10-18T19:54:30","modified_gmt":"2023-10-18T22:54:30","slug":"prueba-de-choque-mercedes-benz-y-la-seguridad-electrica","status":"publish","type":"post","link":"https:\/\/autofans.com.ar\/index.php\/2023\/10\/18\/prueba-de-choque-mercedes-benz-y-la-seguridad-electrica\/","title":{"rendered":"Prueba de choque &#8211; Mercedes-Benz y la seguridad el\u00e9ctrica"},"content":{"rendered":"<p>Mercedes-Benz rompe barreras en seguridad vehicular con la primera prueba de choque p\u00fablica de dos veh\u00edculos el\u00e9ctricos, un EQA y un EQS SUV, que chocaron frontalmente a 56 km\/h con un solapamiento del 50%. En esta nota, te contamos los detalles de esta impactante prueba que demuestra la excelencia en seguridad de la marca.<\/p>\n<p>&nbsp;<\/p>\n<h2>Mercedes-Benz &#8211; la prueba pionera de choque el\u00e9ctrico<\/h2>\n<p>En octubre de 2023, Mercedes-Benz desafi\u00f3 los est\u00e1ndares al realizar una prueba de choque sin precedentes. En lugar de utilizar un veh\u00edculo de 1.400 kg, como exige Euro NCAP, optaron por dos veh\u00edculos el\u00e9ctricos reales con un peso significativamente mayor, alrededor de 2,2 y 3 toneladas, y los hicieron chocar a 56 km\/h, superando las expectativas legales. La gran deformaci\u00f3n de los veh\u00edculos tras la colisi\u00f3n demostr\u00f3 su capacidad para absorber la energ\u00eda de la colisi\u00f3n y mantener la zona de seguridad de los pasajeros intacta, con las puertas a\u00fan operativas.<\/p>\n<p>&nbsp;<\/p>\n<p><img fetchpriority=\"high\" decoding=\"async\" class=\"aligncenter wp-image-5483 size-full\" src=\"https:\/\/autofans.com.ar\/wp-content\/uploads\/2023\/10\/foto-3-9.jpg\" alt=\"Mercedes-Benz\" width=\"1000\" height=\"667\" srcset=\"https:\/\/autofans.com.ar\/wp-content\/uploads\/2023\/10\/foto-3-9.jpg 1000w, https:\/\/autofans.com.ar\/wp-content\/uploads\/2023\/10\/foto-3-9-300x200.jpg 300w, https:\/\/autofans.com.ar\/wp-content\/uploads\/2023\/10\/foto-3-9-768x512.jpg 768w\" sizes=\"(max-width: 1000px) 100vw, 1000px\" \/><\/p>\n<p>&nbsp;<\/p>\n<p>La prueba de choque, realizada en el Centro Tecnol\u00f3gico de Seguridad de Veh\u00edculos de Sindelfingen, encarna la filosof\u00eda de seguridad de Mercedes-Benz: crear veh\u00edculos que no solo superen pruebas de choque controladas, sino que tambi\u00e9n protejan en accidentes reales. Esta prueba simul\u00f3 un accidente com\u00fan en carreteras de doble sentido, como una maniobra de adelantamiento fallida.<\/p>\n<p>En la prueba, el EQA y el EQS SUV llevaban dummies adultos, y el an\u00e1lisis indic\u00f3 un bajo riesgo de lesiones graves o mortales. Los sistemas de seguridad, como los airbags y los tensores de cintur\u00f3n, funcionaron de manera excelente, respaldando las simulaciones previas de ingenieros. Adem\u00e1s, la prueba resalta la importancia de la compatibilidad entre diferentes veh\u00edculos en caso de accidente.<\/p>\n<p>&nbsp;<\/p>\n<h2>Concepto especial de seguridad de alta tensi\u00f3n<\/h2>\n<p>Mercedes-Benz ha desarrollado un sistema de protecci\u00f3n multietapa de alta tensi\u00f3n para sus veh\u00edculos el\u00e9ctricos, incluyendo desconexi\u00f3n autom\u00e1tica en colisiones graves. Este enfoque supera las normativas de seguridad, demostrando el compromiso de la marca con la seguridad.<\/p>\n<p>&nbsp;<\/p>\n<div id='gallery-1' class='gallery galleryid-5482 gallery-columns-2 gallery-size-full'><figure class='gallery-item'>\n\t\t\t<div class='gallery-icon landscape'>\n\t\t\t\t<a href='https:\/\/autofans.com.ar\/index.php\/2023\/10\/18\/prueba-de-choque-mercedes-benz-y-la-seguridad-electrica\/foto-4-181\/'><img loading=\"lazy\" width=\"1000\" height=\"667\" src=\"https:\/\/autofans.com.ar\/wp-content\/uploads\/2023\/10\/foto-4-6.jpg\" class=\"attachment-full size-full\" alt=\"Mercedes-Benz\" srcset=\"https:\/\/autofans.com.ar\/wp-content\/uploads\/2023\/10\/foto-4-6.jpg 1000w, https:\/\/autofans.com.ar\/wp-content\/uploads\/2023\/10\/foto-4-6-300x200.jpg 300w, https:\/\/autofans.com.ar\/wp-content\/uploads\/2023\/10\/foto-4-6-768x512.jpg 768w\" sizes=\"auto, (max-width: 1000px) 100vw, 1000px\" loading=\"lazy\" decoding=\"async\" \/><\/a>\n\t\t\t<\/div><\/figure><figure class='gallery-item'>\n\t\t\t<div class='gallery-icon landscape'>\n\t\t\t\t<a href='https:\/\/autofans.com.ar\/index.php\/2023\/10\/18\/prueba-de-choque-mercedes-benz-y-la-seguridad-electrica\/foto-1-342\/'><img loading=\"lazy\" width=\"1000\" height=\"667\" src=\"https:\/\/autofans.com.ar\/wp-content\/uploads\/2023\/10\/foto-1-9.jpg\" class=\"attachment-full size-full\" alt=\"Mercedes\" srcset=\"https:\/\/autofans.com.ar\/wp-content\/uploads\/2023\/10\/foto-1-9.jpg 1000w, https:\/\/autofans.com.ar\/wp-content\/uploads\/2023\/10\/foto-1-9-300x200.jpg 300w, https:\/\/autofans.com.ar\/wp-content\/uploads\/2023\/10\/foto-1-9-768x512.jpg 768w\" sizes=\"auto, (max-width: 1000px) 100vw, 1000px\" loading=\"lazy\" decoding=\"async\" \/><\/a>\n\t\t\t<\/div><\/figure>\n\t\t<\/div>\n\n<p>&nbsp;<\/p>\n<p>Una nueva campa\u00f1a, llamada \u00abSafety Symphony\u00bb, se enfoca en la perfecta coordinaci\u00f3n de los sistemas de seguridad durante un choque. La campa\u00f1a visualiza c\u00f3mo todos los elementos trabajan juntos para proteger a los ocupantes en un abrir y cerrar de ojos.<\/p>\n<p>&nbsp;<\/p>\n<p>Mercedes-Benz cuenta con uno de los centros de pruebas m\u00e1s modernos del mundo en Sindelfingen, donde realizan hasta 900 pruebas de choque y 1.700 pruebas de trineo cada a\u00f1o. La marca tiene m\u00e1s de 60 a\u00f1os de experiencia en pruebas de choque, respaldando su compromiso con la seguridad en la vida real.<\/p>\n<p>&nbsp;<\/p>\n<p>&nbsp;<\/p>\n<p><i>Para enterarte de m\u00e1s novedades, no dejes de leer\u00a0<\/i><a href=\"https:\/\/autofans.thebrandsoup.com\/\"><i>nuestras notas<\/i><\/a><i>, de ver<\/i><b><i>\u00a0<\/i><\/b><a href=\"https:\/\/www.youtube.com\/channel\/UCgAC8UGHZYbT6P7PpmVnP7g\"><b><i>AUTOFANS TV<\/i><\/b><\/a><b><i>\u00a0<\/i><\/b><i>en nuestro\u00a0canal de Youtube. Adem\u00e1s seguinos en\u00a0<\/i><a href=\"https:\/\/www.instagram.com\/autofanstv\/\"><i>INSTAGRAM<\/i><\/a><i> y <\/i><a href=\"https:\/\/www.facebook.com\/autofansmas\/\"><i>FACEBOOK<\/i><\/a><i> para no perderte nada sobre las novedades del segmento automotor de Argentina y el mundo.<\/i><\/p>\n","protected":false},"excerpt":{"rendered":"<p>Mercedes-Benz rompe barreras en seguridad vehicular con la primera prueba de choque p\u00fablica de dos&#8230;<\/p>\n","protected":false},"author":2,"featured_media":5485,"comment_status":"closed","ping_status":"closed","sticky":false,"template":"","format":"standard","meta":{"footnotes":""},"categories":[341,16],"tags":[2772,2773,2774,2769,2770,2771,364,2768,2775,1306,359],"class_list":["post-5482","post","type-post","status-publish","format-standard","has-post-thumbnail","hentry","category-hibridos-y-electricos","category-noticias","tag-alto-voltaje","tag-campana-de-seguridad","tag-centro-tecnologico-de-seguridad-de-vehiculos","tag-eqa","tag-eqs-suv","tag-euro-ncap","tag-mercedes-benz","tag-prueba-de-choque","tag-seguridad-en-carretera","tag-seguridad-vehicular","tag-vehiculos-electricos"],"yoast_head":"<!-- This site is optimized with the Yoast SEO plugin v27.5 - https:\/\/yoast.com\/product\/yoast-seo-wordpress\/ -->\n<title>Prueba de choque - Mercedes-Benz y la seguridad el\u00e9ctrica -<\/title>\n<meta name=\"description\" content=\"Mercedes-Benz rompe barreras en seguridad vehicular con la primera prueba de choque p\u00fablica de dos veh\u00edculos el\u00e9ctricos, un EQA y un EQS SUV.\" \/>\n<meta name=\"robots\" content=\"index, follow, max-snippet:-1, max-image-preview:large, max-video-preview:-1\" \/>\n<link rel=\"canonical\" href=\"https:\/\/autofans.com.ar\/index.php\/2023\/10\/18\/prueba-de-choque-mercedes-benz-y-la-seguridad-electrica\/\" \/>\n<meta property=\"og:locale\" content=\"es_ES\" \/>\n<meta property=\"og:type\" content=\"article\" \/>\n<meta property=\"og:title\" content=\"Prueba de choque - Mercedes-Benz y la seguridad el\u00e9ctrica -\" \/>\n<meta property=\"og:description\" content=\"Mercedes-Benz rompe barreras en seguridad vehicular con la primera prueba de choque p\u00fablica de dos veh\u00edculos el\u00e9ctricos, un EQA y un EQS SUV.\" \/>\n<meta property=\"og:url\" content=\"https:\/\/autofans.com.ar\/index.php\/2023\/10\/18\/prueba-de-choque-mercedes-benz-y-la-seguridad-electrica\/\" \/>\n<meta property=\"article:published_time\" content=\"2023-10-18T22:54:30+00:00\" \/>\n<meta property=\"og:image\" content=\"https:\/\/autofans.com.ar\/wp-content\/uploads\/2023\/10\/foto-2-9.jpg\" \/>\n\t<meta property=\"og:image:width\" content=\"1000\" \/>\n\t<meta property=\"og:image:height\" content=\"667\" \/>\n\t<meta property=\"og:image:type\" content=\"image\/jpeg\" \/>\n<meta name=\"author\" content=\"Alejandro Gabriel Rosito\" \/>\n<meta name=\"twitter:card\" content=\"summary_large_image\" \/>\n<meta name=\"twitter:label1\" content=\"Escrito por\" \/>\n\t<meta name=\"twitter:data1\" content=\"Alejandro Gabriel Rosito\" \/>\n\t<meta name=\"twitter:label2\" content=\"Tiempo de lectura\" \/>\n\t<meta name=\"twitter:data2\" content=\"3 minutos\" \/>\n<script type=\"application\/ld+json\" class=\"yoast-schema-graph\">{\"@context\":\"https:\\\/\\\/schema.org\",\"@graph\":[{\"@type\":\"Article\",\"@id\":\"https:\\\/\\\/autofans.com.ar\\\/index.php\\\/2023\\\/10\\\/18\\\/prueba-de-choque-mercedes-benz-y-la-seguridad-electrica\\\/#article\",\"isPartOf\":{\"@id\":\"https:\\\/\\\/autofans.com.ar\\\/index.php\\\/2023\\\/10\\\/18\\\/prueba-de-choque-mercedes-benz-y-la-seguridad-electrica\\\/\"},\"author\":{\"name\":\"Alejandro Gabriel Rosito\",\"@id\":\"https:\\\/\\\/autofans.com.ar\\\/#\\\/schema\\\/person\\\/4a8dda0b6df83ac3d6723e921274c2aa\"},\"headline\":\"Prueba de choque &#8211; Mercedes-Benz y la seguridad el\u00e9ctrica\",\"datePublished\":\"2023-10-18T22:54:30+00:00\",\"mainEntityOfPage\":{\"@id\":\"https:\\\/\\\/autofans.com.ar\\\/index.php\\\/2023\\\/10\\\/18\\\/prueba-de-choque-mercedes-benz-y-la-seguridad-electrica\\\/\"},\"wordCount\":506,\"image\":{\"@id\":\"https:\\\/\\\/autofans.com.ar\\\/index.php\\\/2023\\\/10\\\/18\\\/prueba-de-choque-mercedes-benz-y-la-seguridad-electrica\\\/#primaryimage\"},\"thumbnailUrl\":\"https:\\\/\\\/autofans.com.ar\\\/wp-content\\\/uploads\\\/2023\\\/10\\\/foto-2-9.jpg\",\"keywords\":[\"alto voltaje\",\"campa\u00f1a de seguridad\",\"Centro Tecnol\u00f3gico de Seguridad de Veh\u00edculos\",\"EQA\",\"EQS SUV\",\"Euro NCAP\",\"Mercedes-Benz\",\"prueba de choque\",\"seguridad en carretera\",\"seguridad vehicular\",\"veh\u00edculos el\u00e9ctricos\"],\"articleSection\":[\"HIBRIDOS, ELECTRICOS y otros\",\"NOTICIAS\"],\"inLanguage\":\"es\"},{\"@type\":\"WebPage\",\"@id\":\"https:\\\/\\\/autofans.com.ar\\\/index.php\\\/2023\\\/10\\\/18\\\/prueba-de-choque-mercedes-benz-y-la-seguridad-electrica\\\/\",\"url\":\"https:\\\/\\\/autofans.com.ar\\\/index.php\\\/2023\\\/10\\\/18\\\/prueba-de-choque-mercedes-benz-y-la-seguridad-electrica\\\/\",\"name\":\"Prueba de choque - Mercedes-Benz y la seguridad el\u00e9ctrica -\",\"isPartOf\":{\"@id\":\"https:\\\/\\\/autofans.com.ar\\\/#website\"},\"primaryImageOfPage\":{\"@id\":\"https:\\\/\\\/autofans.com.ar\\\/index.php\\\/2023\\\/10\\\/18\\\/prueba-de-choque-mercedes-benz-y-la-seguridad-electrica\\\/#primaryimage\"},\"image\":{\"@id\":\"https:\\\/\\\/autofans.com.ar\\\/index.php\\\/2023\\\/10\\\/18\\\/prueba-de-choque-mercedes-benz-y-la-seguridad-electrica\\\/#primaryimage\"},\"thumbnailUrl\":\"https:\\\/\\\/autofans.com.ar\\\/wp-content\\\/uploads\\\/2023\\\/10\\\/foto-2-9.jpg\",\"datePublished\":\"2023-10-18T22:54:30+00:00\",\"author\":{\"@id\":\"https:\\\/\\\/autofans.com.ar\\\/#\\\/schema\\\/person\\\/4a8dda0b6df83ac3d6723e921274c2aa\"},\"description\":\"Mercedes-Benz rompe barreras en seguridad vehicular con la primera prueba de choque p\u00fablica de dos veh\u00edculos el\u00e9ctricos, un EQA y un EQS SUV.\",\"breadcrumb\":{\"@id\":\"https:\\\/\\\/autofans.com.ar\\\/index.php\\\/2023\\\/10\\\/18\\\/prueba-de-choque-mercedes-benz-y-la-seguridad-electrica\\\/#breadcrumb\"},\"inLanguage\":\"es\",\"potentialAction\":[{\"@type\":\"ReadAction\",\"target\":[\"https:\\\/\\\/autofans.com.ar\\\/index.php\\\/2023\\\/10\\\/18\\\/prueba-de-choque-mercedes-benz-y-la-seguridad-electrica\\\/\"]}]},{\"@type\":\"ImageObject\",\"inLanguage\":\"es\",\"@id\":\"https:\\\/\\\/autofans.com.ar\\\/index.php\\\/2023\\\/10\\\/18\\\/prueba-de-choque-mercedes-benz-y-la-seguridad-electrica\\\/#primaryimage\",\"url\":\"https:\\\/\\\/autofans.com.ar\\\/wp-content\\\/uploads\\\/2023\\\/10\\\/foto-2-9.jpg\",\"contentUrl\":\"https:\\\/\\\/autofans.com.ar\\\/wp-content\\\/uploads\\\/2023\\\/10\\\/foto-2-9.jpg\",\"width\":1000,\"height\":667,\"caption\":\"Mercedes-Benz\"},{\"@type\":\"BreadcrumbList\",\"@id\":\"https:\\\/\\\/autofans.com.ar\\\/index.php\\\/2023\\\/10\\\/18\\\/prueba-de-choque-mercedes-benz-y-la-seguridad-electrica\\\/#breadcrumb\",\"itemListElement\":[{\"@type\":\"ListItem\",\"position\":1,\"name\":\"Inicio\",\"item\":\"https:\\\/\\\/autofans.com.ar\\\/\"},{\"@type\":\"ListItem\",\"position\":2,\"name\":\"Prueba de choque &#8211; Mercedes-Benz y la seguridad el\u00e9ctrica\"}]},{\"@type\":\"WebSite\",\"@id\":\"https:\\\/\\\/autofans.com.ar\\\/#website\",\"url\":\"https:\\\/\\\/autofans.com.ar\\\/\",\"name\":\"\",\"description\":\"El multimedio referente de la industria automotriz\",\"potentialAction\":[{\"@type\":\"SearchAction\",\"target\":{\"@type\":\"EntryPoint\",\"urlTemplate\":\"https:\\\/\\\/autofans.com.ar\\\/?s={search_term_string}\"},\"query-input\":{\"@type\":\"PropertyValueSpecification\",\"valueRequired\":true,\"valueName\":\"search_term_string\"}}],\"inLanguage\":\"es\"},{\"@type\":\"Person\",\"@id\":\"https:\\\/\\\/autofans.com.ar\\\/#\\\/schema\\\/person\\\/4a8dda0b6df83ac3d6723e921274c2aa\",\"name\":\"Alejandro Gabriel Rosito\",\"image\":{\"@type\":\"ImageObject\",\"inLanguage\":\"es\",\"@id\":\"https:\\\/\\\/secure.gravatar.com\\\/avatar\\\/16c5dda1489adfc62618084dcbb91cffd879c374b13fe5dd8e44ed6733852c88?s=96&d=mm&r=g\",\"url\":\"https:\\\/\\\/secure.gravatar.com\\\/avatar\\\/16c5dda1489adfc62618084dcbb91cffd879c374b13fe5dd8e44ed6733852c88?s=96&d=mm&r=g\",\"contentUrl\":\"https:\\\/\\\/secure.gravatar.com\\\/avatar\\\/16c5dda1489adfc62618084dcbb91cffd879c374b13fe5dd8e44ed6733852c88?s=96&d=mm&r=g\",\"caption\":\"Alejandro Gabriel Rosito\"},\"url\":\"https:\\\/\\\/autofans.com.ar\\\/index.php\\\/author\\\/gabrielr\\\/\"}]}<\/script>\n<!-- \/ Yoast SEO plugin. -->","yoast_head_json":{"title":"Prueba de choque - Mercedes-Benz y la seguridad el\u00e9ctrica -","description":"Mercedes-Benz rompe barreras en seguridad vehicular con la primera prueba de choque p\u00fablica de dos veh\u00edculos el\u00e9ctricos, un EQA y un EQS SUV.","robots":{"index":"index","follow":"follow","max-snippet":"max-snippet:-1","max-image-preview":"max-image-preview:large","max-video-preview":"max-video-preview:-1"},"canonical":"https:\/\/autofans.com.ar\/index.php\/2023\/10\/18\/prueba-de-choque-mercedes-benz-y-la-seguridad-electrica\/","og_locale":"es_ES","og_type":"article","og_title":"Prueba de choque - Mercedes-Benz y la seguridad el\u00e9ctrica -","og_description":"Mercedes-Benz rompe barreras en seguridad vehicular con la primera prueba de choque p\u00fablica de dos veh\u00edculos el\u00e9ctricos, un EQA y un EQS SUV.","og_url":"https:\/\/autofans.com.ar\/index.php\/2023\/10\/18\/prueba-de-choque-mercedes-benz-y-la-seguridad-electrica\/","article_published_time":"2023-10-18T22:54:30+00:00","og_image":[{"width":1000,"height":667,"url":"https:\/\/autofans.com.ar\/wp-content\/uploads\/2023\/10\/foto-2-9.jpg","type":"image\/jpeg"}],"author":"Alejandro Gabriel Rosito","twitter_card":"summary_large_image","twitter_misc":{"Escrito por":"Alejandro Gabriel Rosito","Tiempo de lectura":"3 minutos"},"schema":{"@context":"https:\/\/schema.org","@graph":[{"@type":"Article","@id":"https:\/\/autofans.com.ar\/index.php\/2023\/10\/18\/prueba-de-choque-mercedes-benz-y-la-seguridad-electrica\/#article","isPartOf":{"@id":"https:\/\/autofans.com.ar\/index.php\/2023\/10\/18\/prueba-de-choque-mercedes-benz-y-la-seguridad-electrica\/"},"author":{"name":"Alejandro Gabriel Rosito","@id":"https:\/\/autofans.com.ar\/#\/schema\/person\/4a8dda0b6df83ac3d6723e921274c2aa"},"headline":"Prueba de choque &#8211; Mercedes-Benz y la seguridad el\u00e9ctrica","datePublished":"2023-10-18T22:54:30+00:00","mainEntityOfPage":{"@id":"https:\/\/autofans.com.ar\/index.php\/2023\/10\/18\/prueba-de-choque-mercedes-benz-y-la-seguridad-electrica\/"},"wordCount":506,"image":{"@id":"https:\/\/autofans.com.ar\/index.php\/2023\/10\/18\/prueba-de-choque-mercedes-benz-y-la-seguridad-electrica\/#primaryimage"},"thumbnailUrl":"https:\/\/autofans.com.ar\/wp-content\/uploads\/2023\/10\/foto-2-9.jpg","keywords":["alto voltaje","campa\u00f1a de seguridad","Centro Tecnol\u00f3gico de Seguridad de Veh\u00edculos","EQA","EQS SUV","Euro NCAP","Mercedes-Benz","prueba de choque","seguridad en carretera","seguridad vehicular","veh\u00edculos el\u00e9ctricos"],"articleSection":["HIBRIDOS, ELECTRICOS y otros","NOTICIAS"],"inLanguage":"es"},{"@type":"WebPage","@id":"https:\/\/autofans.com.ar\/index.php\/2023\/10\/18\/prueba-de-choque-mercedes-benz-y-la-seguridad-electrica\/","url":"https:\/\/autofans.com.ar\/index.php\/2023\/10\/18\/prueba-de-choque-mercedes-benz-y-la-seguridad-electrica\/","name":"Prueba de choque - Mercedes-Benz y la seguridad el\u00e9ctrica -","isPartOf":{"@id":"https:\/\/autofans.com.ar\/#website"},"primaryImageOfPage":{"@id":"https:\/\/autofans.com.ar\/index.php\/2023\/10\/18\/prueba-de-choque-mercedes-benz-y-la-seguridad-electrica\/#primaryimage"},"image":{"@id":"https:\/\/autofans.com.ar\/index.php\/2023\/10\/18\/prueba-de-choque-mercedes-benz-y-la-seguridad-electrica\/#primaryimage"},"thumbnailUrl":"https:\/\/autofans.com.ar\/wp-content\/uploads\/2023\/10\/foto-2-9.jpg","datePublished":"2023-10-18T22:54:30+00:00","author":{"@id":"https:\/\/autofans.com.ar\/#\/schema\/person\/4a8dda0b6df83ac3d6723e921274c2aa"},"description":"Mercedes-Benz rompe barreras en seguridad vehicular con la primera prueba de choque p\u00fablica de dos veh\u00edculos el\u00e9ctricos, un EQA y un EQS SUV.","breadcrumb":{"@id":"https:\/\/autofans.com.ar\/index.php\/2023\/10\/18\/prueba-de-choque-mercedes-benz-y-la-seguridad-electrica\/#breadcrumb"},"inLanguage":"es","potentialAction":[{"@type":"ReadAction","target":["https:\/\/autofans.com.ar\/index.php\/2023\/10\/18\/prueba-de-choque-mercedes-benz-y-la-seguridad-electrica\/"]}]},{"@type":"ImageObject","inLanguage":"es","@id":"https:\/\/autofans.com.ar\/index.php\/2023\/10\/18\/prueba-de-choque-mercedes-benz-y-la-seguridad-electrica\/#primaryimage","url":"https:\/\/autofans.com.ar\/wp-content\/uploads\/2023\/10\/foto-2-9.jpg","contentUrl":"https:\/\/autofans.com.ar\/wp-content\/uploads\/2023\/10\/foto-2-9.jpg","width":1000,"height":667,"caption":"Mercedes-Benz"},{"@type":"BreadcrumbList","@id":"https:\/\/autofans.com.ar\/index.php\/2023\/10\/18\/prueba-de-choque-mercedes-benz-y-la-seguridad-electrica\/#breadcrumb","itemListElement":[{"@type":"ListItem","position":1,"name":"Inicio","item":"https:\/\/autofans.com.ar\/"},{"@type":"ListItem","position":2,"name":"Prueba de choque &#8211; Mercedes-Benz y la seguridad el\u00e9ctrica"}]},{"@type":"WebSite","@id":"https:\/\/autofans.com.ar\/#website","url":"https:\/\/autofans.com.ar\/","name":"","description":"El multimedio referente de la industria automotriz","potentialAction":[{"@type":"SearchAction","target":{"@type":"EntryPoint","urlTemplate":"https:\/\/autofans.com.ar\/?s={search_term_string}"},"query-input":{"@type":"PropertyValueSpecification","valueRequired":true,"valueName":"search_term_string"}}],"inLanguage":"es"},{"@type":"Person","@id":"https:\/\/autofans.com.ar\/#\/schema\/person\/4a8dda0b6df83ac3d6723e921274c2aa","name":"Alejandro Gabriel Rosito","image":{"@type":"ImageObject","inLanguage":"es","@id":"https:\/\/secure.gravatar.com\/avatar\/16c5dda1489adfc62618084dcbb91cffd879c374b13fe5dd8e44ed6733852c88?s=96&d=mm&r=g","url":"https:\/\/secure.gravatar.com\/avatar\/16c5dda1489adfc62618084dcbb91cffd879c374b13fe5dd8e44ed6733852c88?s=96&d=mm&r=g","contentUrl":"https:\/\/secure.gravatar.com\/avatar\/16c5dda1489adfc62618084dcbb91cffd879c374b13fe5dd8e44ed6733852c88?s=96&d=mm&r=g","caption":"Alejandro Gabriel Rosito"},"url":"https:\/\/autofans.com.ar\/index.php\/author\/gabrielr\/"}]}},"featured_image_urls":{"full":["https:\/\/autofans.com.ar\/wp-content\/uploads\/2023\/10\/foto-2-9.jpg",1000,667,false],"thumbnail":["https:\/\/autofans.com.ar\/wp-content\/uploads\/2023\/10\/foto-2-9-150x150.jpg",150,150,true],"medium":["https:\/\/autofans.com.ar\/wp-content\/uploads\/2023\/10\/foto-2-9-300x200.jpg",300,200,true],"medium_large":["https:\/\/autofans.com.ar\/wp-content\/uploads\/2023\/10\/foto-2-9-768x512.jpg",640,427,true],"large":["https:\/\/autofans.com.ar\/wp-content\/uploads\/2023\/10\/foto-2-9.jpg",640,427,false],"1536x1536":["https:\/\/autofans.com.ar\/wp-content\/uploads\/2023\/10\/foto-2-9.jpg",1000,667,false],"2048x2048":["https:\/\/autofans.com.ar\/wp-content\/uploads\/2023\/10\/foto-2-9.jpg",1000,667,false],"covernews-featured":["https:\/\/autofans.com.ar\/wp-content\/uploads\/2023\/10\/foto-2-9.jpg",1000,667,false],"covernews-medium":["https:\/\/autofans.com.ar\/wp-content\/uploads\/2023\/10\/foto-2-9-540x340.jpg",540,340,true]},"author_info":{"display_name":"Alejandro Gabriel Rosito","author_link":"https:\/\/autofans.com.ar\/index.php\/author\/gabrielr\/"},"category_info":"<a href=\"https:\/\/autofans.com.ar\/index.php\/category\/noticias\/hibridos-y-electricos\/\" rel=\"category tag\">HIBRIDOS, ELECTRICOS y otros<\/a> <a href=\"https:\/\/autofans.com.ar\/index.php\/category\/noticias\/\" rel=\"category tag\">NOTICIAS<\/a>","tag_info":"NOTICIAS","comment_count":0,"_links":{"self":[{"href":"https:\/\/autofans.com.ar\/index.php\/wp-json\/wp\/v2\/posts\/5482","targetHints":{"allow":["GET"]}}],"collection":[{"href":"https:\/\/autofans.com.ar\/index.php\/wp-json\/wp\/v2\/posts"}],"about":[{"href":"https:\/\/autofans.com.ar\/index.php\/wp-json\/wp\/v2\/types\/post"}],"author":[{"embeddable":true,"href":"https:\/\/autofans.com.ar\/index.php\/wp-json\/wp\/v2\/users\/2"}],"replies":[{"embeddable":true,"href":"https:\/\/autofans.com.ar\/index.php\/wp-json\/wp\/v2\/comments?post=5482"}],"version-history":[{"count":1,"href":"https:\/\/autofans.com.ar\/index.php\/wp-json\/wp\/v2\/posts\/5482\/revisions"}],"predecessor-version":[{"id":5487,"href":"https:\/\/autofans.com.ar\/index.php\/wp-json\/wp\/v2\/posts\/5482\/revisions\/5487"}],"wp:featuredmedia":[{"embeddable":true,"href":"https:\/\/autofans.com.ar\/index.php\/wp-json\/wp\/v2\/media\/5485"}],"wp:attachment":[{"href":"https:\/\/autofans.com.ar\/index.php\/wp-json\/wp\/v2\/media?parent=5482"}],"wp:term":[{"taxonomy":"category","embeddable":true,"href":"https:\/\/autofans.com.ar\/index.php\/wp-json\/wp\/v2\/categories?post=5482"},{"taxonomy":"post_tag","embeddable":true,"href":"https:\/\/autofans.com.ar\/index.php\/wp-json\/wp\/v2\/tags?post=5482"}],"curies":[{"name":"wp","href":"https:\/\/api.w.org\/{rel}","templated":true}]}}