{"id":55,"date":"2023-01-17T19:09:13","date_gmt":"2023-01-17T19:09:13","guid":{"rendered":"https:\/\/autofans.thebrandsoup.com\/?p=55"},"modified":"2023-03-02T18:06:08","modified_gmt":"2023-03-02T18:06:08","slug":"mercedes-benz-en-pinamar","status":"publish","type":"post","link":"https:\/\/autofans.com.ar\/index.php\/2023\/01\/17\/mercedes-benz-en-pinamar\/","title":{"rendered":"MERCEDES-BENZ presente en Pinamar"},"content":{"rendered":"<p>Mercedes-Benz Camiones y Buses redobl\u00f3 la apuesta, y un a\u00f1o m\u00e1s, agasaj\u00f3 a sus clientes, amigos de la marca y celebrities en una fiesta de blanco en su Casa de Playa.<\/p>\n<p>La marca de la estrella empez\u00f3 el nuevo a\u00f1o con un evento de lujo denominado \u201cSummer Night\u201d, donde se disfrut\u00f3 de comida gourmet y cocktails en el Mercedes-Benz Beach Club, su casa de playa de Pinamar, ubicada en Av. del Mar y Troya.<\/p>\n<p>All\u00ed participaron personalidades del espect\u00e1culo, directivos de la empresa y clientes de camiones y buses de la compa\u00f1\u00eda. El evento cont\u00f3 con la presencia de Benito Fern\u00e1ndez, Guillermo \u00a8El Pelado\u00a8 L\u00f3pez, Pamela David, Hern\u00e1n Drago, Jos\u00e9 Mar\u00eda Listorti, M\u00f3nica Listorti, Horacio Cabak, Agust\u00edn Neglia, Belu Lucius, Javier Ortega Desio, Emily Lucius, Soledad Solaro, Nacho Gir\u00f3n, \u201cLa Joya del Agro\u201d, \u201cLady Fierros\u201d y Tincho Hern\u00e1ndez \u201cbuenosaires.ar\u201d, entre otras figuras que disfrutaron de la exclusiva casa de playa.<\/p>\n<blockquote>\n<p style=\"text-align: left;\">\u201cPara ofrecer a nuestros clientes un tiempo de disfrute en las playas de Pinamar, buscamos celebrar el a\u00f1o con una nueva temporada de verano en nuestro Beach Club, donde adem\u00e1s de un momento de relax, invitamos a quienes conf\u00edan en nosotros a la Summer Night\u201d destac\u00f3 Roberto Faist, Gerente de Producto y Marketing de Mercedes-Benz Camiones. Y agreg\u00f3 \u201cQueremos brindarles a nuestros clientes el mejor servicio con la calidad que caracteriza a Mercedes-Benz Camiones y Buses\u201d.<\/p>\n<\/blockquote>\n<p>La casa de playa ofrece un d\u00eda all inclusive, y cuenta con estacionamiento, camastro o palapa a elecci\u00f3n, almuerzo, merienda, y acceso a los diferentes servicios tales como espacio wellness, actividades recreativas, juegos de playa y servicio de toallas. A su vez, todos los jueves de la temporada, se celebra el \u201csunset\u201d donde se tiene acceso a tragos y m\u00fasica con artistas en vivo. Adem\u00e1s, en la entrada del parador, se exhibe el Atego 1729, uno de los modelos de camiones m\u00e1s importantes de la marca por su motorizaci\u00f3n y potencia. El mismo es de producci\u00f3n nacional, fabricado su Centro localizado en Virrey del Pino, La Matanza. A su vez, estar\u00e1 presente el artista visual Sebasti\u00e1n Rodr\u00edguez, quien firma sus obras bajo el seud\u00f3nimo Drouville. \u00c9l intervendr\u00e1 en vivo en la cabina del cami\u00f3n \u201cAtego\u201d, con una serie de \u00edconos, pictogramas y s\u00edmbolos que representan el esp\u00edritu de la marca y la producci\u00f3n nacional del mismo. Mercedes-Benz Beach Club estar\u00e1 disponible para clientes de Camiones y Buses. Se pueden registrar en el <span style=\"color: #3366ff;\"><span style=\"color: #00ccff;\"><a style=\"color: #00ccff;\" href=\"https:\/\/www.mercedes-benz-trucks.com.ar\/beachclub\/\" target=\"_blank\" rel=\"noopener\"><span style=\"color: #3366ff;\">siguiente enlace<\/span><\/a><\/span>.<\/span><\/p>\n<p>&nbsp;<\/p>\n<p><span style=\"color: #ff9900;\"><span style=\"color: #dbdbdb;\"><em>Para enterarte de m\u00e1s novedades, no dejes de ver<\/em><\/span><strong><em> <a style=\"color: #ff9900;\" href=\"https:\/\/www.youtube.com\/channel\/UCgAC8UGHZYbT6P7PpmVnP7g\" target=\"_blank\" rel=\"noopener\"><span style=\"color: #00ccff;\"><span style=\"color: #3366ff;\">AUTOFANS TV<\/span><\/span><\/a> <\/em><\/strong><span style=\"color: #dbdbdb;\"><em>en nuestro<\/em><\/span><em><span style=\"color: #dbdbdb;\"> canal de Youtube. Adem\u00e1s seguinos en<\/span> <span style=\"color: #3366ff;\"><a style=\"color: #3366ff;\" href=\"https:\/\/www.instagram.com\/autofanstv\/\" target=\"_blank\" rel=\"noopener\">INSTAGRAM<\/a> <\/span><span style=\"color: #dbdbdb;\">y <span style=\"color: #3366ff;\">FACEBOOK<\/span> para no perderte nada sobre las novedades del segmento automotor de Argentina y el mundo.<\/span><\/em><\/span><\/p>\n","protected":false},"excerpt":{"rendered":"<p>Mercedes-Benz Camiones y Buses redobl\u00f3 la apuesta, y un a\u00f1o m\u00e1s, agasaj\u00f3 a sus clientes,&#8230;<\/p>\n","protected":false},"author":1,"featured_media":56,"comment_status":"closed","ping_status":"open","sticky":false,"template":"","format":"standard","meta":{"footnotes":""},"categories":[16,5],"tags":[21,20,17,22,18,19],"class_list":["post-55","post","type-post","status-publish","format-standard","has-post-thumbnail","hentry","category-noticias","category-otros","tag-beach-club","tag-camion","tag-mercedes-benz-argentina","tag-noticia","tag-pinamar","tag-verano"],"yoast_head":"<!-- This site is optimized with the Yoast SEO plugin v27.5 - https:\/\/yoast.com\/product\/yoast-seo-wordpress\/ -->\n<title>MERCEDES-BENZ presente en Pinamar -<\/title>\n<meta name=\"description\" content=\"La marca de la estrella empez\u00f3 el nuevo a\u00f1o con un evento de lujo denominado \u201cSummer Night\u201d, donde se disfrut\u00f3 de comida gourmet y ...\" \/>\n<meta name=\"robots\" content=\"index, follow, max-snippet:-1, max-image-preview:large, max-video-preview:-1\" \/>\n<link rel=\"canonical\" href=\"https:\/\/autofans.com.ar\/index.php\/2023\/01\/17\/mercedes-benz-en-pinamar\/\" \/>\n<meta property=\"og:locale\" content=\"es_ES\" \/>\n<meta property=\"og:type\" content=\"article\" \/>\n<meta property=\"og:title\" content=\"MERCEDES-BENZ presente en Pinamar -\" \/>\n<meta property=\"og:description\" content=\"La marca de la estrella empez\u00f3 el nuevo a\u00f1o con un evento de lujo denominado \u201cSummer Night\u201d, donde se disfrut\u00f3 de comida gourmet y ...\" \/>\n<meta property=\"og:url\" content=\"https:\/\/autofans.com.ar\/index.php\/2023\/01\/17\/mercedes-benz-en-pinamar\/\" \/>\n<meta property=\"article:published_time\" content=\"2023-01-17T19:09:13+00:00\" \/>\n<meta property=\"article:modified_time\" content=\"2023-03-02T18:06:08+00:00\" \/>\n<meta property=\"og:image\" content=\"https:\/\/autofans.com.ar\/wp-content\/uploads\/2023\/02\/Mercedes-Benz-en-Pinamar.jpeg\" \/>\n\t<meta property=\"og:image:width\" content=\"600\" \/>\n\t<meta property=\"og:image:height\" content=\"400\" \/>\n\t<meta property=\"og:image:type\" content=\"image\/jpeg\" \/>\n<meta name=\"author\" content=\"AleCAF\" \/>\n<meta name=\"twitter:card\" content=\"summary_large_image\" \/>\n<meta name=\"twitter:label1\" content=\"Escrito por\" \/>\n\t<meta name=\"twitter:data1\" content=\"AleCAF\" \/>\n\t<meta name=\"twitter:label2\" content=\"Tiempo de lectura\" \/>\n\t<meta name=\"twitter:data2\" content=\"3 minutos\" \/>\n<script type=\"application\/ld+json\" class=\"yoast-schema-graph\">{\"@context\":\"https:\\\/\\\/schema.org\",\"@graph\":[{\"@type\":\"Article\",\"@id\":\"https:\\\/\\\/autofans.com.ar\\\/index.php\\\/2023\\\/01\\\/17\\\/mercedes-benz-en-pinamar\\\/#article\",\"isPartOf\":{\"@id\":\"https:\\\/\\\/autofans.com.ar\\\/index.php\\\/2023\\\/01\\\/17\\\/mercedes-benz-en-pinamar\\\/\"},\"author\":{\"name\":\"AleCAF\",\"@id\":\"https:\\\/\\\/autofans.com.ar\\\/#\\\/schema\\\/person\\\/4f260a29da3cfebb7f29121591a73481\"},\"headline\":\"MERCEDES-BENZ presente en Pinamar\",\"datePublished\":\"2023-01-17T19:09:13+00:00\",\"dateModified\":\"2023-03-02T18:06:08+00:00\",\"mainEntityOfPage\":{\"@id\":\"https:\\\/\\\/autofans.com.ar\\\/index.php\\\/2023\\\/01\\\/17\\\/mercedes-benz-en-pinamar\\\/\"},\"wordCount\":474,\"image\":{\"@id\":\"https:\\\/\\\/autofans.com.ar\\\/index.php\\\/2023\\\/01\\\/17\\\/mercedes-benz-en-pinamar\\\/#primaryimage\"},\"thumbnailUrl\":\"https:\\\/\\\/autofans.com.ar\\\/wp-content\\\/uploads\\\/2023\\\/02\\\/Mercedes-Benz-en-Pinamar.jpeg\",\"keywords\":[\"Beach Club\",\"Camion\",\"Mercedes Benz Argentina\",\"Noticia\",\"Pinamar\",\"Verano\"],\"articleSection\":[\"NOTICIAS\",\"PICK UPs, UTILITARIOS Y OTROS\"],\"inLanguage\":\"es\"},{\"@type\":\"WebPage\",\"@id\":\"https:\\\/\\\/autofans.com.ar\\\/index.php\\\/2023\\\/01\\\/17\\\/mercedes-benz-en-pinamar\\\/\",\"url\":\"https:\\\/\\\/autofans.com.ar\\\/index.php\\\/2023\\\/01\\\/17\\\/mercedes-benz-en-pinamar\\\/\",\"name\":\"MERCEDES-BENZ presente en Pinamar -\",\"isPartOf\":{\"@id\":\"https:\\\/\\\/autofans.com.ar\\\/#website\"},\"primaryImageOfPage\":{\"@id\":\"https:\\\/\\\/autofans.com.ar\\\/index.php\\\/2023\\\/01\\\/17\\\/mercedes-benz-en-pinamar\\\/#primaryimage\"},\"image\":{\"@id\":\"https:\\\/\\\/autofans.com.ar\\\/index.php\\\/2023\\\/01\\\/17\\\/mercedes-benz-en-pinamar\\\/#primaryimage\"},\"thumbnailUrl\":\"https:\\\/\\\/autofans.com.ar\\\/wp-content\\\/uploads\\\/2023\\\/02\\\/Mercedes-Benz-en-Pinamar.jpeg\",\"datePublished\":\"2023-01-17T19:09:13+00:00\",\"dateModified\":\"2023-03-02T18:06:08+00:00\",\"author\":{\"@id\":\"https:\\\/\\\/autofans.com.ar\\\/#\\\/schema\\\/person\\\/4f260a29da3cfebb7f29121591a73481\"},\"description\":\"La marca de la estrella empez\u00f3 el nuevo a\u00f1o con un evento de lujo denominado \u201cSummer Night\u201d, donde se disfrut\u00f3 de comida gourmet y ...\",\"breadcrumb\":{\"@id\":\"https:\\\/\\\/autofans.com.ar\\\/index.php\\\/2023\\\/01\\\/17\\\/mercedes-benz-en-pinamar\\\/#breadcrumb\"},\"inLanguage\":\"es\",\"potentialAction\":[{\"@type\":\"ReadAction\",\"target\":[\"https:\\\/\\\/autofans.com.ar\\\/index.php\\\/2023\\\/01\\\/17\\\/mercedes-benz-en-pinamar\\\/\"]}]},{\"@type\":\"ImageObject\",\"inLanguage\":\"es\",\"@id\":\"https:\\\/\\\/autofans.com.ar\\\/index.php\\\/2023\\\/01\\\/17\\\/mercedes-benz-en-pinamar\\\/#primaryimage\",\"url\":\"https:\\\/\\\/autofans.com.ar\\\/wp-content\\\/uploads\\\/2023\\\/02\\\/Mercedes-Benz-en-Pinamar.jpeg\",\"contentUrl\":\"https:\\\/\\\/autofans.com.ar\\\/wp-content\\\/uploads\\\/2023\\\/02\\\/Mercedes-Benz-en-Pinamar.jpeg\",\"width\":600,\"height\":400,\"caption\":\"Mercedes Benz en Pinamar\"},{\"@type\":\"BreadcrumbList\",\"@id\":\"https:\\\/\\\/autofans.com.ar\\\/index.php\\\/2023\\\/01\\\/17\\\/mercedes-benz-en-pinamar\\\/#breadcrumb\",\"itemListElement\":[{\"@type\":\"ListItem\",\"position\":1,\"name\":\"Inicio\",\"item\":\"https:\\\/\\\/autofans.com.ar\\\/\"},{\"@type\":\"ListItem\",\"position\":2,\"name\":\"MERCEDES-BENZ presente en Pinamar\"}]},{\"@type\":\"WebSite\",\"@id\":\"https:\\\/\\\/autofans.com.ar\\\/#website\",\"url\":\"https:\\\/\\\/autofans.com.ar\\\/\",\"name\":\"\",\"description\":\"El multimedio referente de la industria automotriz\",\"potentialAction\":[{\"@type\":\"SearchAction\",\"target\":{\"@type\":\"EntryPoint\",\"urlTemplate\":\"https:\\\/\\\/autofans.com.ar\\\/?s={search_term_string}\"},\"query-input\":{\"@type\":\"PropertyValueSpecification\",\"valueRequired\":true,\"valueName\":\"search_term_string\"}}],\"inLanguage\":\"es\"},{\"@type\":\"Person\",\"@id\":\"https:\\\/\\\/autofans.com.ar\\\/#\\\/schema\\\/person\\\/4f260a29da3cfebb7f29121591a73481\",\"name\":\"AleCAF\",\"image\":{\"@type\":\"ImageObject\",\"inLanguage\":\"es\",\"@id\":\"https:\\\/\\\/secure.gravatar.com\\\/avatar\\\/959b1ac26ee9dfc67318763f0a21a739fce256ee110a46fe86a2957f5568f27e?s=96&d=mm&r=g\",\"url\":\"https:\\\/\\\/secure.gravatar.com\\\/avatar\\\/959b1ac26ee9dfc67318763f0a21a739fce256ee110a46fe86a2957f5568f27e?s=96&d=mm&r=g\",\"contentUrl\":\"https:\\\/\\\/secure.gravatar.com\\\/avatar\\\/959b1ac26ee9dfc67318763f0a21a739fce256ee110a46fe86a2957f5568f27e?s=96&d=mm&r=g\",\"caption\":\"AleCAF\"},\"description\":\"Se trata del sitio web del multimedio Autofans, dedicado a informar las novedades y tendencias del segmento automotor nacional e internacional. El multimedio est\u00e1 conformado por Autofans web, Autofans TV (Programa), Youtube, Intagram y Facebook\",\"sameAs\":[\"https:\\\/\\\/autofans.com.ar\"],\"url\":\"https:\\\/\\\/autofans.com.ar\\\/index.php\\\/author\\\/alecampolieto\\\/\"}]}<\/script>\n<!-- \/ Yoast SEO plugin. -->","yoast_head_json":{"title":"MERCEDES-BENZ presente en Pinamar -","description":"La marca de la estrella empez\u00f3 el nuevo a\u00f1o con un evento de lujo denominado \u201cSummer Night\u201d, donde se disfrut\u00f3 de comida gourmet y ...","robots":{"index":"index","follow":"follow","max-snippet":"max-snippet:-1","max-image-preview":"max-image-preview:large","max-video-preview":"max-video-preview:-1"},"canonical":"https:\/\/autofans.com.ar\/index.php\/2023\/01\/17\/mercedes-benz-en-pinamar\/","og_locale":"es_ES","og_type":"article","og_title":"MERCEDES-BENZ presente en Pinamar -","og_description":"La marca de la estrella empez\u00f3 el nuevo a\u00f1o con un evento de lujo denominado \u201cSummer Night\u201d, donde se disfrut\u00f3 de comida gourmet y ...","og_url":"https:\/\/autofans.com.ar\/index.php\/2023\/01\/17\/mercedes-benz-en-pinamar\/","article_published_time":"2023-01-17T19:09:13+00:00","article_modified_time":"2023-03-02T18:06:08+00:00","og_image":[{"width":600,"height":400,"url":"https:\/\/autofans.com.ar\/wp-content\/uploads\/2023\/02\/Mercedes-Benz-en-Pinamar.jpeg","type":"image\/jpeg"}],"author":"AleCAF","twitter_card":"summary_large_image","twitter_misc":{"Escrito por":"AleCAF","Tiempo de lectura":"3 minutos"},"schema":{"@context":"https:\/\/schema.org","@graph":[{"@type":"Article","@id":"https:\/\/autofans.com.ar\/index.php\/2023\/01\/17\/mercedes-benz-en-pinamar\/#article","isPartOf":{"@id":"https:\/\/autofans.com.ar\/index.php\/2023\/01\/17\/mercedes-benz-en-pinamar\/"},"author":{"name":"AleCAF","@id":"https:\/\/autofans.com.ar\/#\/schema\/person\/4f260a29da3cfebb7f29121591a73481"},"headline":"MERCEDES-BENZ presente en Pinamar","datePublished":"2023-01-17T19:09:13+00:00","dateModified":"2023-03-02T18:06:08+00:00","mainEntityOfPage":{"@id":"https:\/\/autofans.com.ar\/index.php\/2023\/01\/17\/mercedes-benz-en-pinamar\/"},"wordCount":474,"image":{"@id":"https:\/\/autofans.com.ar\/index.php\/2023\/01\/17\/mercedes-benz-en-pinamar\/#primaryimage"},"thumbnailUrl":"https:\/\/autofans.com.ar\/wp-content\/uploads\/2023\/02\/Mercedes-Benz-en-Pinamar.jpeg","keywords":["Beach Club","Camion","Mercedes Benz Argentina","Noticia","Pinamar","Verano"],"articleSection":["NOTICIAS","PICK UPs, UTILITARIOS Y OTROS"],"inLanguage":"es"},{"@type":"WebPage","@id":"https:\/\/autofans.com.ar\/index.php\/2023\/01\/17\/mercedes-benz-en-pinamar\/","url":"https:\/\/autofans.com.ar\/index.php\/2023\/01\/17\/mercedes-benz-en-pinamar\/","name":"MERCEDES-BENZ presente en Pinamar -","isPartOf":{"@id":"https:\/\/autofans.com.ar\/#website"},"primaryImageOfPage":{"@id":"https:\/\/autofans.com.ar\/index.php\/2023\/01\/17\/mercedes-benz-en-pinamar\/#primaryimage"},"image":{"@id":"https:\/\/autofans.com.ar\/index.php\/2023\/01\/17\/mercedes-benz-en-pinamar\/#primaryimage"},"thumbnailUrl":"https:\/\/autofans.com.ar\/wp-content\/uploads\/2023\/02\/Mercedes-Benz-en-Pinamar.jpeg","datePublished":"2023-01-17T19:09:13+00:00","dateModified":"2023-03-02T18:06:08+00:00","author":{"@id":"https:\/\/autofans.com.ar\/#\/schema\/person\/4f260a29da3cfebb7f29121591a73481"},"description":"La marca de la estrella empez\u00f3 el nuevo a\u00f1o con un evento de lujo denominado \u201cSummer Night\u201d, donde se disfrut\u00f3 de comida gourmet y ...","breadcrumb":{"@id":"https:\/\/autofans.com.ar\/index.php\/2023\/01\/17\/mercedes-benz-en-pinamar\/#breadcrumb"},"inLanguage":"es","potentialAction":[{"@type":"ReadAction","target":["https:\/\/autofans.com.ar\/index.php\/2023\/01\/17\/mercedes-benz-en-pinamar\/"]}]},{"@type":"ImageObject","inLanguage":"es","@id":"https:\/\/autofans.com.ar\/index.php\/2023\/01\/17\/mercedes-benz-en-pinamar\/#primaryimage","url":"https:\/\/autofans.com.ar\/wp-content\/uploads\/2023\/02\/Mercedes-Benz-en-Pinamar.jpeg","contentUrl":"https:\/\/autofans.com.ar\/wp-content\/uploads\/2023\/02\/Mercedes-Benz-en-Pinamar.jpeg","width":600,"height":400,"caption":"Mercedes Benz en Pinamar"},{"@type":"BreadcrumbList","@id":"https:\/\/autofans.com.ar\/index.php\/2023\/01\/17\/mercedes-benz-en-pinamar\/#breadcrumb","itemListElement":[{"@type":"ListItem","position":1,"name":"Inicio","item":"https:\/\/autofans.com.ar\/"},{"@type":"ListItem","position":2,"name":"MERCEDES-BENZ presente en Pinamar"}]},{"@type":"WebSite","@id":"https:\/\/autofans.com.ar\/#website","url":"https:\/\/autofans.com.ar\/","name":"","description":"El multimedio referente de la industria automotriz","potentialAction":[{"@type":"SearchAction","target":{"@type":"EntryPoint","urlTemplate":"https:\/\/autofans.com.ar\/?s={search_term_string}"},"query-input":{"@type":"PropertyValueSpecification","valueRequired":true,"valueName":"search_term_string"}}],"inLanguage":"es"},{"@type":"Person","@id":"https:\/\/autofans.com.ar\/#\/schema\/person\/4f260a29da3cfebb7f29121591a73481","name":"AleCAF","image":{"@type":"ImageObject","inLanguage":"es","@id":"https:\/\/secure.gravatar.com\/avatar\/959b1ac26ee9dfc67318763f0a21a739fce256ee110a46fe86a2957f5568f27e?s=96&d=mm&r=g","url":"https:\/\/secure.gravatar.com\/avatar\/959b1ac26ee9dfc67318763f0a21a739fce256ee110a46fe86a2957f5568f27e?s=96&d=mm&r=g","contentUrl":"https:\/\/secure.gravatar.com\/avatar\/959b1ac26ee9dfc67318763f0a21a739fce256ee110a46fe86a2957f5568f27e?s=96&d=mm&r=g","caption":"AleCAF"},"description":"Se trata del sitio web del multimedio Autofans, dedicado a informar las novedades y tendencias del segmento automotor nacional e internacional. El multimedio est\u00e1 conformado por Autofans web, Autofans TV (Programa), Youtube, Intagram y Facebook","sameAs":["https:\/\/autofans.com.ar"],"url":"https:\/\/autofans.com.ar\/index.php\/author\/alecampolieto\/"}]}},"featured_image_urls":{"full":["https:\/\/autofans.com.ar\/wp-content\/uploads\/2023\/02\/Mercedes-Benz-en-Pinamar.jpeg",600,400,false],"thumbnail":["https:\/\/autofans.com.ar\/wp-content\/uploads\/2023\/02\/Mercedes-Benz-en-Pinamar-150x150.jpeg",150,150,true],"medium":["https:\/\/autofans.com.ar\/wp-content\/uploads\/2023\/02\/Mercedes-Benz-en-Pinamar-300x200.jpeg",300,200,true],"medium_large":["https:\/\/autofans.com.ar\/wp-content\/uploads\/2023\/02\/Mercedes-Benz-en-Pinamar.jpeg",600,400,false],"large":["https:\/\/autofans.com.ar\/wp-content\/uploads\/2023\/02\/Mercedes-Benz-en-Pinamar.jpeg",600,400,false],"1536x1536":["https:\/\/autofans.com.ar\/wp-content\/uploads\/2023\/02\/Mercedes-Benz-en-Pinamar.jpeg",600,400,false],"2048x2048":["https:\/\/autofans.com.ar\/wp-content\/uploads\/2023\/02\/Mercedes-Benz-en-Pinamar.jpeg",600,400,false],"covernews-featured":["https:\/\/autofans.com.ar\/wp-content\/uploads\/2023\/02\/Mercedes-Benz-en-Pinamar.jpeg",600,400,false],"covernews-medium":["https:\/\/autofans.com.ar\/wp-content\/uploads\/2023\/02\/Mercedes-Benz-en-Pinamar-540x340.jpeg",540,340,true]},"author_info":{"display_name":"AleCAF","author_link":"https:\/\/autofans.com.ar\/index.php\/author\/alecampolieto\/"},"category_info":"<a href=\"https:\/\/autofans.com.ar\/index.php\/category\/noticias\/\" rel=\"category tag\">NOTICIAS<\/a> <a href=\"https:\/\/autofans.com.ar\/index.php\/category\/noticias\/otros\/\" rel=\"category tag\">PICK UPs, UTILITARIOS Y OTROS<\/a>","tag_info":"PICK UPs, UTILITARIOS Y OTROS","comment_count":0,"_links":{"self":[{"href":"https:\/\/autofans.com.ar\/index.php\/wp-json\/wp\/v2\/posts\/55","targetHints":{"allow":["GET"]}}],"collection":[{"href":"https:\/\/autofans.com.ar\/index.php\/wp-json\/wp\/v2\/posts"}],"about":[{"href":"https:\/\/autofans.com.ar\/index.php\/wp-json\/wp\/v2\/types\/post"}],"author":[{"embeddable":true,"href":"https:\/\/autofans.com.ar\/index.php\/wp-json\/wp\/v2\/users\/1"}],"replies":[{"embeddable":true,"href":"https:\/\/autofans.com.ar\/index.php\/wp-json\/wp\/v2\/comments?post=55"}],"version-history":[{"count":16,"href":"https:\/\/autofans.com.ar\/index.php\/wp-json\/wp\/v2\/posts\/55\/revisions"}],"predecessor-version":[{"id":180,"href":"https:\/\/autofans.com.ar\/index.php\/wp-json\/wp\/v2\/posts\/55\/revisions\/180"}],"wp:featuredmedia":[{"embeddable":true,"href":"https:\/\/autofans.com.ar\/index.php\/wp-json\/wp\/v2\/media\/56"}],"wp:attachment":[{"href":"https:\/\/autofans.com.ar\/index.php\/wp-json\/wp\/v2\/media?parent=55"}],"wp:term":[{"taxonomy":"category","embeddable":true,"href":"https:\/\/autofans.com.ar\/index.php\/wp-json\/wp\/v2\/categories?post=55"},{"taxonomy":"post_tag","embeddable":true,"href":"https:\/\/autofans.com.ar\/index.php\/wp-json\/wp\/v2\/tags?post=55"}],"curies":[{"name":"wp","href":"https:\/\/api.w.org\/{rel}","templated":true}]}}