{"id":5597,"date":"2023-11-02T13:09:05","date_gmt":"2023-11-02T16:09:05","guid":{"rendered":"https:\/\/autofans.com.ar\/?p=5597"},"modified":"2023-11-02T13:09:05","modified_gmt":"2023-11-02T16:09:05","slug":"desafio-eco-ypf-el-gran-desafio-se-corre-en-la-catedral-del-automovilismo","status":"publish","type":"post","link":"https:\/\/autofans.com.ar\/index.php\/2023\/11\/02\/desafio-eco-ypf-el-gran-desafio-se-corre-en-la-catedral-del-automovilismo\/","title":{"rendered":"Desaf\u00edo Eco YPF &#8211; el gran desaf\u00edo se corre en la Catedral del automovilismo."},"content":{"rendered":"<p>En el coraz\u00f3n del automovilismo argentino, se lleva a cabo una emocionante competencia que desaf\u00eda los l\u00edmites de la tecnolog\u00eda y promueve la sostenibilidad. El Desaf\u00edo Eco YPF es un evento \u00fanico en su clase, donde estudiantes de escuelas t\u00e9cnicas de todo el pa\u00eds tienen la oportunidad de demostrar su ingenio al dise\u00f1ar autos el\u00e9ctricos de emisi\u00f3n cero. Esta competencia no solo es un desaf\u00edo t\u00e9cnico, sino que tambi\u00e9n promueve valores esenciales y la protecci\u00f3n del medio ambiente.<\/p>\n<p>&nbsp;<\/p>\n<h2>Un Desaf\u00edo por invitaci\u00f3n<\/h2>\n<p>El Desaf\u00edo Eco YPF es una competencia por invitaci\u00f3n, tanto para las escuelas como para los estudiantes que integran los equipos participantes. Instituciones educativas de toda Argentina y Am\u00e9rica Latina se unen a este emocionante desaf\u00edo. Cada equipo tiene la tarea de dise\u00f1ar y construir un autom\u00f3vil el\u00e9ctrico alimentado por bater\u00edas, siguiendo estrictamente el reglamento t\u00e9cnico del campeonato. La gu\u00eda de los profesores es esencial en este proceso educativo.<\/p>\n<p>El esp\u00edritu de esta competencia va m\u00e1s all\u00e1 de la velocidad y la tecnolog\u00eda. El Desaf\u00edo Eco YPF se enfoca en inculcar a los estudiantes nociones b\u00e1sicas de cuidado del medio ambiente. Promueve el aprendizaje integrado, utilizando el proceso de dise\u00f1o y construcci\u00f3n para aplicar principios cient\u00edficos y conceptos matem\u00e1ticos. Los estudiantes se sumergen en sistemas tecnol\u00f3gicos, aprendiendo de manera pr\u00e1ctica.<\/p>\n<p>&nbsp;<\/p>\n<p><img fetchpriority=\"high\" decoding=\"async\" class=\"aligncenter wp-image-5599 size-full\" src=\"https:\/\/autofans.com.ar\/wp-content\/uploads\/2023\/11\/foto-2-2.jpg\" alt=\"Desaf\u00edo Eco YPF\" width=\"1000\" height=\"667\" srcset=\"https:\/\/autofans.com.ar\/wp-content\/uploads\/2023\/11\/foto-2-2.jpg 1000w, https:\/\/autofans.com.ar\/wp-content\/uploads\/2023\/11\/foto-2-2-300x200.jpg 300w, https:\/\/autofans.com.ar\/wp-content\/uploads\/2023\/11\/foto-2-2-768x512.jpg 768w\" sizes=\"(max-width: 1000px) 100vw, 1000px\" \/><\/p>\n<p>&nbsp;<\/p>\n<p>Otro objetivo central es motivar a los estudiantes a investigar sistemas de transporte alternativos no contaminantes. El Desaf\u00edo Eco YPF impulsa el trabajo en equipo, desafiando a los j\u00f3venes a dise\u00f1ar, producir, testear y competir utilizando nuevas tecnolog\u00edas. Es una plataforma que fomenta la innovaci\u00f3n y la creatividad, brindando a los estudiantes la oportunidad de aplicar sus conocimientos en la vida real.<\/p>\n<p>&nbsp;<\/p>\n<h2>Desaf\u00edo Eco YPF &#8211; camarader\u00eda y esp\u00edritu deportivo<\/h2>\n<p><a href=\"https:\/\/autofans.com.ar\/wp-content\/uploads\/2023\/11\/CRONOGRAMA-OFICIAL-DESAFIO-ECO-YPF-2023-3010-f3-PRENSA.pdf\" target=\"_blank\" rel=\"noopener\">CRONOGRAMA OFICIAL DESAFIO ECO YPF 2023<\/a><\/p>\n<p>El reglamento de la competencia tambi\u00e9n busca fomentar la camarader\u00eda entre los participantes y la igualdad de g\u00e9nero. Se premia la caballerosidad y el esp\u00edritu deportivo, creando un ambiente donde los valores son tan importantes como la velocidad. El objetivo final es identificar a los estudiantes que pueden ofrecer soluciones de transporte y cuidado ambiental m\u00e1s efectivas.<\/p>\n<p>Este a\u00f1o, el Desaf\u00edo Eco YPF 2023 promete emociones a\u00fan m\u00e1s intensas, ya que se celebrar\u00e1 en el renovado aut\u00f3dromo de Buenos Aires. El 3 de noviembre se disputar\u00e1 la carrera pendiente del 2022, mientras que los d\u00edas 4 y 5 de noviembre tendr\u00e1n lugar las competencias del campeonato 2023. Este evento es un espect\u00e1culo que combina la pasi\u00f3n por el automovilismo con la innovaci\u00f3n y el respeto por el medio ambiente.<\/p>\n<p>&nbsp;<\/p>\n<p>&nbsp;<\/p>\n<p><i>Para enterarte de m\u00e1s novedades, no dejes de leer\u00a0<\/i><a href=\"https:\/\/autofans.thebrandsoup.com\/\"><i>nuestras notas<\/i><\/a><i>, de ver<\/i><b><i>\u00a0<\/i><\/b><a href=\"https:\/\/www.youtube.com\/channel\/UCgAC8UGHZYbT6P7PpmVnP7g\"><b><i>AUTOFANS TV<\/i><\/b><\/a><b><i>\u00a0<\/i><\/b><i>en nuestro\u00a0canal de Youtube. Adem\u00e1s seguinos en\u00a0<\/i><a href=\"https:\/\/www.instagram.com\/autofanstv\/\"><i>INSTAGRAM<\/i><\/a><i> y <\/i><a href=\"https:\/\/www.facebook.com\/autofansmas\/\"><i>FACEBOOK<\/i><\/a><i> para no perderte nada sobre las novedades del segmento automotor de Argentina y el mundo.<\/i><\/p>\n","protected":false},"excerpt":{"rendered":"<p>En el coraz\u00f3n del automovilismo argentino, se lleva a cabo una emocionante competencia que desaf\u00eda&#8230;<\/p>\n","protected":false},"author":2,"featured_media":5600,"comment_status":"closed","ping_status":"closed","sticky":false,"template":"","format":"standard","meta":{"footnotes":""},"categories":[127,16],"tags":[2858,440,2859,2854,2855,2853,2856,2857],"class_list":["post-5597","post","type-post","status-publish","format-standard","has-post-thumbnail","hentry","category-deporte","category-noticias","tag-autodromo-de-buenos-aires","tag-autos-electricos","tag-campeonato-2023","tag-competencia-estudiantil","tag-cuidado-ambiental","tag-desafio-eco-ypf","tag-educacion-tecnica","tag-tecnologia-sostenible"],"yoast_head":"<!-- This site is optimized with the Yoast SEO plugin v27.5 - https:\/\/yoast.com\/product\/yoast-seo-wordpress\/ -->\n<title>Desaf\u00edo Eco YPF - el gran desaf\u00edo se corre en la Catedral del automovilismo. -<\/title>\n<meta name=\"robots\" content=\"index, follow, max-snippet:-1, max-image-preview:large, max-video-preview:-1\" \/>\n<link rel=\"canonical\" href=\"https:\/\/autofans.com.ar\/index.php\/2023\/11\/02\/desafio-eco-ypf-el-gran-desafio-se-corre-en-la-catedral-del-automovilismo\/\" \/>\n<meta property=\"og:locale\" content=\"es_ES\" \/>\n<meta property=\"og:type\" content=\"article\" \/>\n<meta property=\"og:title\" content=\"Desaf\u00edo Eco YPF - el gran desaf\u00edo se corre en la Catedral del automovilismo. -\" \/>\n<meta property=\"og:description\" content=\"En el coraz\u00f3n del automovilismo argentino, se lleva a cabo una emocionante competencia que desaf\u00eda...\" \/>\n<meta property=\"og:url\" content=\"https:\/\/autofans.com.ar\/index.php\/2023\/11\/02\/desafio-eco-ypf-el-gran-desafio-se-corre-en-la-catedral-del-automovilismo\/\" \/>\n<meta property=\"article:published_time\" content=\"2023-11-02T16:09:05+00:00\" \/>\n<meta property=\"og:image\" content=\"https:\/\/autofans.com.ar\/wp-content\/uploads\/2023\/11\/foto-1-2.jpg\" \/>\n\t<meta property=\"og:image:width\" content=\"1000\" \/>\n\t<meta property=\"og:image:height\" content=\"667\" \/>\n\t<meta property=\"og:image:type\" content=\"image\/jpeg\" \/>\n<meta name=\"author\" content=\"Alejandro Gabriel Rosito\" \/>\n<meta name=\"twitter:card\" content=\"summary_large_image\" \/>\n<meta name=\"twitter:label1\" content=\"Escrito por\" \/>\n\t<meta name=\"twitter:data1\" content=\"Alejandro Gabriel Rosito\" \/>\n\t<meta name=\"twitter:label2\" content=\"Tiempo de lectura\" \/>\n\t<meta name=\"twitter:data2\" content=\"3 minutos\" \/>\n<script type=\"application\/ld+json\" class=\"yoast-schema-graph\">{\"@context\":\"https:\\\/\\\/schema.org\",\"@graph\":[{\"@type\":\"Article\",\"@id\":\"https:\\\/\\\/autofans.com.ar\\\/index.php\\\/2023\\\/11\\\/02\\\/desafio-eco-ypf-el-gran-desafio-se-corre-en-la-catedral-del-automovilismo\\\/#article\",\"isPartOf\":{\"@id\":\"https:\\\/\\\/autofans.com.ar\\\/index.php\\\/2023\\\/11\\\/02\\\/desafio-eco-ypf-el-gran-desafio-se-corre-en-la-catedral-del-automovilismo\\\/\"},\"author\":{\"name\":\"Alejandro Gabriel Rosito\",\"@id\":\"https:\\\/\\\/autofans.com.ar\\\/#\\\/schema\\\/person\\\/4a8dda0b6df83ac3d6723e921274c2aa\"},\"headline\":\"Desaf\u00edo Eco YPF &#8211; el gran desaf\u00edo se corre en la Catedral del automovilismo.\",\"datePublished\":\"2023-11-02T16:09:05+00:00\",\"mainEntityOfPage\":{\"@id\":\"https:\\\/\\\/autofans.com.ar\\\/index.php\\\/2023\\\/11\\\/02\\\/desafio-eco-ypf-el-gran-desafio-se-corre-en-la-catedral-del-automovilismo\\\/\"},\"wordCount\":535,\"image\":{\"@id\":\"https:\\\/\\\/autofans.com.ar\\\/index.php\\\/2023\\\/11\\\/02\\\/desafio-eco-ypf-el-gran-desafio-se-corre-en-la-catedral-del-automovilismo\\\/#primaryimage\"},\"thumbnailUrl\":\"https:\\\/\\\/autofans.com.ar\\\/wp-content\\\/uploads\\\/2023\\\/11\\\/foto-1-2.jpg\",\"keywords\":[\"Aut\u00f3dromo de Buenos Aires\",\"autos el\u00e9ctricos\",\"Campeonato 2023\",\"Competencia Estudiantil\",\"Cuidado Ambiental\",\"Desaf\u00edo Eco YPF\",\"Educaci\u00f3n T\u00e9cnica\",\"Tecnolog\u00eda Sostenible\"],\"articleSection\":[\"DEPORTE MOTOR\",\"NOTICIAS\"],\"inLanguage\":\"es\"},{\"@type\":\"WebPage\",\"@id\":\"https:\\\/\\\/autofans.com.ar\\\/index.php\\\/2023\\\/11\\\/02\\\/desafio-eco-ypf-el-gran-desafio-se-corre-en-la-catedral-del-automovilismo\\\/\",\"url\":\"https:\\\/\\\/autofans.com.ar\\\/index.php\\\/2023\\\/11\\\/02\\\/desafio-eco-ypf-el-gran-desafio-se-corre-en-la-catedral-del-automovilismo\\\/\",\"name\":\"Desaf\u00edo Eco YPF - el gran desaf\u00edo se corre en la Catedral del automovilismo. -\",\"isPartOf\":{\"@id\":\"https:\\\/\\\/autofans.com.ar\\\/#website\"},\"primaryImageOfPage\":{\"@id\":\"https:\\\/\\\/autofans.com.ar\\\/index.php\\\/2023\\\/11\\\/02\\\/desafio-eco-ypf-el-gran-desafio-se-corre-en-la-catedral-del-automovilismo\\\/#primaryimage\"},\"image\":{\"@id\":\"https:\\\/\\\/autofans.com.ar\\\/index.php\\\/2023\\\/11\\\/02\\\/desafio-eco-ypf-el-gran-desafio-se-corre-en-la-catedral-del-automovilismo\\\/#primaryimage\"},\"thumbnailUrl\":\"https:\\\/\\\/autofans.com.ar\\\/wp-content\\\/uploads\\\/2023\\\/11\\\/foto-1-2.jpg\",\"datePublished\":\"2023-11-02T16:09:05+00:00\",\"author\":{\"@id\":\"https:\\\/\\\/autofans.com.ar\\\/#\\\/schema\\\/person\\\/4a8dda0b6df83ac3d6723e921274c2aa\"},\"breadcrumb\":{\"@id\":\"https:\\\/\\\/autofans.com.ar\\\/index.php\\\/2023\\\/11\\\/02\\\/desafio-eco-ypf-el-gran-desafio-se-corre-en-la-catedral-del-automovilismo\\\/#breadcrumb\"},\"inLanguage\":\"es\",\"potentialAction\":[{\"@type\":\"ReadAction\",\"target\":[\"https:\\\/\\\/autofans.com.ar\\\/index.php\\\/2023\\\/11\\\/02\\\/desafio-eco-ypf-el-gran-desafio-se-corre-en-la-catedral-del-automovilismo\\\/\"]}]},{\"@type\":\"ImageObject\",\"inLanguage\":\"es\",\"@id\":\"https:\\\/\\\/autofans.com.ar\\\/index.php\\\/2023\\\/11\\\/02\\\/desafio-eco-ypf-el-gran-desafio-se-corre-en-la-catedral-del-automovilismo\\\/#primaryimage\",\"url\":\"https:\\\/\\\/autofans.com.ar\\\/wp-content\\\/uploads\\\/2023\\\/11\\\/foto-1-2.jpg\",\"contentUrl\":\"https:\\\/\\\/autofans.com.ar\\\/wp-content\\\/uploads\\\/2023\\\/11\\\/foto-1-2.jpg\",\"width\":1000,\"height\":667,\"caption\":\"Desaf\u00edo Eco YPF\"},{\"@type\":\"BreadcrumbList\",\"@id\":\"https:\\\/\\\/autofans.com.ar\\\/index.php\\\/2023\\\/11\\\/02\\\/desafio-eco-ypf-el-gran-desafio-se-corre-en-la-catedral-del-automovilismo\\\/#breadcrumb\",\"itemListElement\":[{\"@type\":\"ListItem\",\"position\":1,\"name\":\"Inicio\",\"item\":\"https:\\\/\\\/autofans.com.ar\\\/\"},{\"@type\":\"ListItem\",\"position\":2,\"name\":\"Desaf\u00edo Eco YPF &#8211; el gran desaf\u00edo se corre en la Catedral del automovilismo.\"}]},{\"@type\":\"WebSite\",\"@id\":\"https:\\\/\\\/autofans.com.ar\\\/#website\",\"url\":\"https:\\\/\\\/autofans.com.ar\\\/\",\"name\":\"\",\"description\":\"El multimedio referente de la industria automotriz\",\"potentialAction\":[{\"@type\":\"SearchAction\",\"target\":{\"@type\":\"EntryPoint\",\"urlTemplate\":\"https:\\\/\\\/autofans.com.ar\\\/?s={search_term_string}\"},\"query-input\":{\"@type\":\"PropertyValueSpecification\",\"valueRequired\":true,\"valueName\":\"search_term_string\"}}],\"inLanguage\":\"es\"},{\"@type\":\"Person\",\"@id\":\"https:\\\/\\\/autofans.com.ar\\\/#\\\/schema\\\/person\\\/4a8dda0b6df83ac3d6723e921274c2aa\",\"name\":\"Alejandro Gabriel Rosito\",\"image\":{\"@type\":\"ImageObject\",\"inLanguage\":\"es\",\"@id\":\"https:\\\/\\\/secure.gravatar.com\\\/avatar\\\/16c5dda1489adfc62618084dcbb91cffd879c374b13fe5dd8e44ed6733852c88?s=96&d=mm&r=g\",\"url\":\"https:\\\/\\\/secure.gravatar.com\\\/avatar\\\/16c5dda1489adfc62618084dcbb91cffd879c374b13fe5dd8e44ed6733852c88?s=96&d=mm&r=g\",\"contentUrl\":\"https:\\\/\\\/secure.gravatar.com\\\/avatar\\\/16c5dda1489adfc62618084dcbb91cffd879c374b13fe5dd8e44ed6733852c88?s=96&d=mm&r=g\",\"caption\":\"Alejandro Gabriel Rosito\"},\"url\":\"https:\\\/\\\/autofans.com.ar\\\/index.php\\\/author\\\/gabrielr\\\/\"}]}<\/script>\n<!-- \/ Yoast SEO plugin. -->","yoast_head_json":{"title":"Desaf\u00edo Eco YPF - el gran desaf\u00edo se corre en la Catedral del automovilismo. -","robots":{"index":"index","follow":"follow","max-snippet":"max-snippet:-1","max-image-preview":"max-image-preview:large","max-video-preview":"max-video-preview:-1"},"canonical":"https:\/\/autofans.com.ar\/index.php\/2023\/11\/02\/desafio-eco-ypf-el-gran-desafio-se-corre-en-la-catedral-del-automovilismo\/","og_locale":"es_ES","og_type":"article","og_title":"Desaf\u00edo Eco YPF - el gran desaf\u00edo se corre en la Catedral del automovilismo. -","og_description":"En el coraz\u00f3n del automovilismo argentino, se lleva a cabo una emocionante competencia que desaf\u00eda...","og_url":"https:\/\/autofans.com.ar\/index.php\/2023\/11\/02\/desafio-eco-ypf-el-gran-desafio-se-corre-en-la-catedral-del-automovilismo\/","article_published_time":"2023-11-02T16:09:05+00:00","og_image":[{"width":1000,"height":667,"url":"https:\/\/autofans.com.ar\/wp-content\/uploads\/2023\/11\/foto-1-2.jpg","type":"image\/jpeg"}],"author":"Alejandro Gabriel Rosito","twitter_card":"summary_large_image","twitter_misc":{"Escrito por":"Alejandro Gabriel Rosito","Tiempo de lectura":"3 minutos"},"schema":{"@context":"https:\/\/schema.org","@graph":[{"@type":"Article","@id":"https:\/\/autofans.com.ar\/index.php\/2023\/11\/02\/desafio-eco-ypf-el-gran-desafio-se-corre-en-la-catedral-del-automovilismo\/#article","isPartOf":{"@id":"https:\/\/autofans.com.ar\/index.php\/2023\/11\/02\/desafio-eco-ypf-el-gran-desafio-se-corre-en-la-catedral-del-automovilismo\/"},"author":{"name":"Alejandro Gabriel Rosito","@id":"https:\/\/autofans.com.ar\/#\/schema\/person\/4a8dda0b6df83ac3d6723e921274c2aa"},"headline":"Desaf\u00edo Eco YPF &#8211; el gran desaf\u00edo se corre en la Catedral del automovilismo.","datePublished":"2023-11-02T16:09:05+00:00","mainEntityOfPage":{"@id":"https:\/\/autofans.com.ar\/index.php\/2023\/11\/02\/desafio-eco-ypf-el-gran-desafio-se-corre-en-la-catedral-del-automovilismo\/"},"wordCount":535,"image":{"@id":"https:\/\/autofans.com.ar\/index.php\/2023\/11\/02\/desafio-eco-ypf-el-gran-desafio-se-corre-en-la-catedral-del-automovilismo\/#primaryimage"},"thumbnailUrl":"https:\/\/autofans.com.ar\/wp-content\/uploads\/2023\/11\/foto-1-2.jpg","keywords":["Aut\u00f3dromo de Buenos Aires","autos el\u00e9ctricos","Campeonato 2023","Competencia Estudiantil","Cuidado Ambiental","Desaf\u00edo Eco YPF","Educaci\u00f3n T\u00e9cnica","Tecnolog\u00eda Sostenible"],"articleSection":["DEPORTE MOTOR","NOTICIAS"],"inLanguage":"es"},{"@type":"WebPage","@id":"https:\/\/autofans.com.ar\/index.php\/2023\/11\/02\/desafio-eco-ypf-el-gran-desafio-se-corre-en-la-catedral-del-automovilismo\/","url":"https:\/\/autofans.com.ar\/index.php\/2023\/11\/02\/desafio-eco-ypf-el-gran-desafio-se-corre-en-la-catedral-del-automovilismo\/","name":"Desaf\u00edo Eco YPF - el gran desaf\u00edo se corre en la Catedral del automovilismo. -","isPartOf":{"@id":"https:\/\/autofans.com.ar\/#website"},"primaryImageOfPage":{"@id":"https:\/\/autofans.com.ar\/index.php\/2023\/11\/02\/desafio-eco-ypf-el-gran-desafio-se-corre-en-la-catedral-del-automovilismo\/#primaryimage"},"image":{"@id":"https:\/\/autofans.com.ar\/index.php\/2023\/11\/02\/desafio-eco-ypf-el-gran-desafio-se-corre-en-la-catedral-del-automovilismo\/#primaryimage"},"thumbnailUrl":"https:\/\/autofans.com.ar\/wp-content\/uploads\/2023\/11\/foto-1-2.jpg","datePublished":"2023-11-02T16:09:05+00:00","author":{"@id":"https:\/\/autofans.com.ar\/#\/schema\/person\/4a8dda0b6df83ac3d6723e921274c2aa"},"breadcrumb":{"@id":"https:\/\/autofans.com.ar\/index.php\/2023\/11\/02\/desafio-eco-ypf-el-gran-desafio-se-corre-en-la-catedral-del-automovilismo\/#breadcrumb"},"inLanguage":"es","potentialAction":[{"@type":"ReadAction","target":["https:\/\/autofans.com.ar\/index.php\/2023\/11\/02\/desafio-eco-ypf-el-gran-desafio-se-corre-en-la-catedral-del-automovilismo\/"]}]},{"@type":"ImageObject","inLanguage":"es","@id":"https:\/\/autofans.com.ar\/index.php\/2023\/11\/02\/desafio-eco-ypf-el-gran-desafio-se-corre-en-la-catedral-del-automovilismo\/#primaryimage","url":"https:\/\/autofans.com.ar\/wp-content\/uploads\/2023\/11\/foto-1-2.jpg","contentUrl":"https:\/\/autofans.com.ar\/wp-content\/uploads\/2023\/11\/foto-1-2.jpg","width":1000,"height":667,"caption":"Desaf\u00edo Eco YPF"},{"@type":"BreadcrumbList","@id":"https:\/\/autofans.com.ar\/index.php\/2023\/11\/02\/desafio-eco-ypf-el-gran-desafio-se-corre-en-la-catedral-del-automovilismo\/#breadcrumb","itemListElement":[{"@type":"ListItem","position":1,"name":"Inicio","item":"https:\/\/autofans.com.ar\/"},{"@type":"ListItem","position":2,"name":"Desaf\u00edo Eco YPF &#8211; el gran desaf\u00edo se corre en la Catedral del automovilismo."}]},{"@type":"WebSite","@id":"https:\/\/autofans.com.ar\/#website","url":"https:\/\/autofans.com.ar\/","name":"","description":"El multimedio referente de la industria automotriz","potentialAction":[{"@type":"SearchAction","target":{"@type":"EntryPoint","urlTemplate":"https:\/\/autofans.com.ar\/?s={search_term_string}"},"query-input":{"@type":"PropertyValueSpecification","valueRequired":true,"valueName":"search_term_string"}}],"inLanguage":"es"},{"@type":"Person","@id":"https:\/\/autofans.com.ar\/#\/schema\/person\/4a8dda0b6df83ac3d6723e921274c2aa","name":"Alejandro Gabriel Rosito","image":{"@type":"ImageObject","inLanguage":"es","@id":"https:\/\/secure.gravatar.com\/avatar\/16c5dda1489adfc62618084dcbb91cffd879c374b13fe5dd8e44ed6733852c88?s=96&d=mm&r=g","url":"https:\/\/secure.gravatar.com\/avatar\/16c5dda1489adfc62618084dcbb91cffd879c374b13fe5dd8e44ed6733852c88?s=96&d=mm&r=g","contentUrl":"https:\/\/secure.gravatar.com\/avatar\/16c5dda1489adfc62618084dcbb91cffd879c374b13fe5dd8e44ed6733852c88?s=96&d=mm&r=g","caption":"Alejandro Gabriel Rosito"},"url":"https:\/\/autofans.com.ar\/index.php\/author\/gabrielr\/"}]}},"featured_image_urls":{"full":["https:\/\/autofans.com.ar\/wp-content\/uploads\/2023\/11\/foto-1-2.jpg",1000,667,false],"thumbnail":["https:\/\/autofans.com.ar\/wp-content\/uploads\/2023\/11\/foto-1-2-150x150.jpg",150,150,true],"medium":["https:\/\/autofans.com.ar\/wp-content\/uploads\/2023\/11\/foto-1-2-300x200.jpg",300,200,true],"medium_large":["https:\/\/autofans.com.ar\/wp-content\/uploads\/2023\/11\/foto-1-2-768x512.jpg",640,427,true],"large":["https:\/\/autofans.com.ar\/wp-content\/uploads\/2023\/11\/foto-1-2.jpg",640,427,false],"1536x1536":["https:\/\/autofans.com.ar\/wp-content\/uploads\/2023\/11\/foto-1-2.jpg",1000,667,false],"2048x2048":["https:\/\/autofans.com.ar\/wp-content\/uploads\/2023\/11\/foto-1-2.jpg",1000,667,false],"covernews-featured":["https:\/\/autofans.com.ar\/wp-content\/uploads\/2023\/11\/foto-1-2.jpg",1000,667,false],"covernews-medium":["https:\/\/autofans.com.ar\/wp-content\/uploads\/2023\/11\/foto-1-2-540x340.jpg",540,340,true]},"author_info":{"display_name":"Alejandro Gabriel Rosito","author_link":"https:\/\/autofans.com.ar\/index.php\/author\/gabrielr\/"},"category_info":"<a href=\"https:\/\/autofans.com.ar\/index.php\/category\/noticias\/deporte\/\" rel=\"category tag\">DEPORTE MOTOR<\/a> <a href=\"https:\/\/autofans.com.ar\/index.php\/category\/noticias\/\" rel=\"category tag\">NOTICIAS<\/a>","tag_info":"NOTICIAS","comment_count":0,"_links":{"self":[{"href":"https:\/\/autofans.com.ar\/index.php\/wp-json\/wp\/v2\/posts\/5597","targetHints":{"allow":["GET"]}}],"collection":[{"href":"https:\/\/autofans.com.ar\/index.php\/wp-json\/wp\/v2\/posts"}],"about":[{"href":"https:\/\/autofans.com.ar\/index.php\/wp-json\/wp\/v2\/types\/post"}],"author":[{"embeddable":true,"href":"https:\/\/autofans.com.ar\/index.php\/wp-json\/wp\/v2\/users\/2"}],"replies":[{"embeddable":true,"href":"https:\/\/autofans.com.ar\/index.php\/wp-json\/wp\/v2\/comments?post=5597"}],"version-history":[{"count":2,"href":"https:\/\/autofans.com.ar\/index.php\/wp-json\/wp\/v2\/posts\/5597\/revisions"}],"predecessor-version":[{"id":5603,"href":"https:\/\/autofans.com.ar\/index.php\/wp-json\/wp\/v2\/posts\/5597\/revisions\/5603"}],"wp:featuredmedia":[{"embeddable":true,"href":"https:\/\/autofans.com.ar\/index.php\/wp-json\/wp\/v2\/media\/5600"}],"wp:attachment":[{"href":"https:\/\/autofans.com.ar\/index.php\/wp-json\/wp\/v2\/media?parent=5597"}],"wp:term":[{"taxonomy":"category","embeddable":true,"href":"https:\/\/autofans.com.ar\/index.php\/wp-json\/wp\/v2\/categories?post=5597"},{"taxonomy":"post_tag","embeddable":true,"href":"https:\/\/autofans.com.ar\/index.php\/wp-json\/wp\/v2\/tags?post=5597"}],"curies":[{"name":"wp","href":"https:\/\/api.w.org\/{rel}","templated":true}]}}