{"id":5610,"date":"2023-11-02T21:44:54","date_gmt":"2023-11-03T00:44:54","guid":{"rendered":"https:\/\/autofans.com.ar\/?p=5610"},"modified":"2023-11-02T21:45:41","modified_gmt":"2023-11-03T00:45:41","slug":"el-estreno-del-nuevo-peugeot-e-3008-en-el-salon-del-automovil-de-zurich","status":"publish","type":"post","link":"https:\/\/autofans.com.ar\/index.php\/2023\/11\/02\/el-estreno-del-nuevo-peugeot-e-3008-en-el-salon-del-automovil-de-zurich\/","title":{"rendered":"El estreno del nuevo Peugeot E-3008 en el Sal\u00f3n del Autom\u00f3vil de Z\u00farich"},"content":{"rendered":"<p>Peugeot marca presencia en el Sal\u00f3n del Autom\u00f3vil de Z\u00farich, del 1 al 5 de noviembre de 2023, donde muestra sus \u00faltimas adiciones a su l\u00ednea electrificada. La estrella del evento es el Peugeot E-3008, que hace su debut mundial.<\/p>\n<p>&nbsp;<\/p>\n<h2>Peugeot en el Sal\u00f3n de Z\u00farich<\/h2>\n<p>El Sal\u00f3n de Z\u00farich es un claro reflejo de la ambici\u00f3n de Peugeot de liderar la electrificaci\u00f3n en Europa para 2024. La marca exhibe 7 veh\u00edculos el\u00e9ctricos en su stand. Incluyendo el Nuevo E-208, Nuevo E-2008, Nuevo E-308, E-RIFTER, E-PARTNER, E-EXPERT, el PEUGEOT INCEPTION CONCEPT, y la gran novedad: el nuevo E-3008.<\/p>\n<p>Con 12 modelos el\u00e9ctricos en su arsenal, incluyendo 3 veh\u00edculos comerciales ligeros. Peugeot se prepara para ofrecer la gama el\u00e9ctrica m\u00e1s amplia entre los fabricantes europeos de autom\u00f3viles en 2024.<\/p>\n<p>Adem\u00e1s, Peugeot apoya a sus clientes en la transici\u00f3n hacia la movilidad el\u00e9ctrica. Presenta modelos h\u00edbridos como el 308 SW PLUG-IN HYBRID 180, 408 PLUG-IN HYBRID 225, 508 SW PEUGEOT SPORT ENGINEERED 360 y 5008 HYBRID 136.<\/p>\n<p>&nbsp;<\/p>\n<h2>Novedades de Peugeot en Z\u00farich<\/h2>\n<h4>Nuevo PEUGEOT E-3008: Electrizante SUV Fastback<\/h4>\n<p>&nbsp;<\/p>\n<p><img fetchpriority=\"high\" decoding=\"async\" class=\"aligncenter wp-image-5613 size-full\" src=\"https:\/\/autofans.com.ar\/wp-content\/uploads\/2023\/11\/foto-2-4.jpg\" alt=\"Peugeot E-3008\" width=\"1000\" height=\"667\" srcset=\"https:\/\/autofans.com.ar\/wp-content\/uploads\/2023\/11\/foto-2-4.jpg 1000w, https:\/\/autofans.com.ar\/wp-content\/uploads\/2023\/11\/foto-2-4-300x200.jpg 300w, https:\/\/autofans.com.ar\/wp-content\/uploads\/2023\/11\/foto-2-4-768x512.jpg 768w\" sizes=\"(max-width: 1000px) 100vw, 1000px\" \/><\/p>\n<p>&nbsp;<\/p>\n<p>El <a href=\"https:\/\/autofans.com.ar\/index.php\/2023\/09\/18\/nuevo-peugeot-e-3008-next-level\/\" target=\"_blank\" rel=\"noopener\">Peugeot E-3008<\/a> es un hito, siendo el primer modelo en aprovechar la innovadora plataforma STLA Medium de Stellantis, elevando la gama PEUGEOT a un nivel superior. Esta plataforma se enfoca en satisfacer las necesidades clave de los clientes. Autonom\u00eda (hasta 700 km), recarga r\u00e1pida (100 km en 10 minutos), conducci\u00f3n placentera, eficiencia y servicios conectados (Trip Planner, Smart Charging, Vehicle to load y actualizaciones Over The Air).<\/p>\n<p>El nuevo PEUGEOT Panoramic i-Cockpit lleva la experiencia de conducci\u00f3n a nuevas alturas con una impresionante pantalla panor\u00e1mica HD curva de 21 pulgadas, que combina head-up display y pantalla t\u00e1ctil central. El Peugeot E-3008 se producir\u00e1 exclusivamente en la planta de Sochaux, Francia, y estar\u00e1 disponible a principios de 2024.<\/p>\n<p>&nbsp;<\/p>\n<h4>Nuevo Peugeot E-208: Irresistiblemente Divertido de Conducir<\/h4>\n<p>&nbsp;<\/p>\n<p><img decoding=\"async\" class=\"aligncenter wp-image-5615 size-full\" src=\"https:\/\/autofans.com.ar\/wp-content\/uploads\/2023\/11\/e-208.jpg\" alt=\"Peugeot E-208\" width=\"1000\" height=\"667\" srcset=\"https:\/\/autofans.com.ar\/wp-content\/uploads\/2023\/11\/e-208.jpg 1000w, https:\/\/autofans.com.ar\/wp-content\/uploads\/2023\/11\/e-208-300x200.jpg 300w, https:\/\/autofans.com.ar\/wp-content\/uploads\/2023\/11\/e-208-768x512.jpg 768w\" sizes=\"(max-width: 1000px) 100vw, 1000px\" \/><\/p>\n<p>&nbsp;<\/p>\n<p>Con su atractivo dise\u00f1o y un PEUGEOT i-Cockpit tecnol\u00f3gicamente avanzado que potencia la diversi\u00f3n al volante. El nuevo Peugeot E-208 se basa en el \u00e9xito de su predecesor, el modelo el\u00e9ctrico m\u00e1s vendido de su segmento en Europa en 2022. Con un motor de 115 kW\/156 CV y una autonom\u00eda de 410 km (ciclo combinado WLTP), este modelo vers\u00e1til y de alto rendimiento es una joya en el stand.<\/p>\n<p>&nbsp;<\/p>\n<h4>Nuevo PEUGEOT E-2008: SUV Atrevido y \u00c1gil<\/h4>\n<p>&nbsp;<\/p>\n<p><img decoding=\"async\" class=\"aligncenter wp-image-5617 size-full\" src=\"https:\/\/autofans.com.ar\/wp-content\/uploads\/2023\/11\/e-2008.jpg\" alt=\"Peugeot E-2008\" width=\"1000\" height=\"667\" srcset=\"https:\/\/autofans.com.ar\/wp-content\/uploads\/2023\/11\/e-2008.jpg 1000w, https:\/\/autofans.com.ar\/wp-content\/uploads\/2023\/11\/e-2008-300x200.jpg 300w, https:\/\/autofans.com.ar\/wp-content\/uploads\/2023\/11\/e-2008-768x512.jpg 768w\" sizes=\"(max-width: 1000px) 100vw, 1000px\" \/><\/p>\n<p>&nbsp;<\/p>\n<p>Como l\u00edder en el segmento B de SUVs durante m\u00e1s de 3 a\u00f1os, el PEUGEOT 2008 eleva el list\u00f3n con su elegante dise\u00f1o y motor el\u00e9ctrico de 115 kW\/156 CV, que proporciona una autonom\u00eda de hasta 406 km (ciclo combinado WLTP). Este modelo demuestra una elegancia y un dise\u00f1o asertivo en el stand.<\/p>\n<p>&nbsp;<\/p>\n<h4>Nuevo Peugeot E-308: 100% El\u00e9ctrico e Irresistible<\/h4>\n<p>&nbsp;<\/p>\n<p><img loading=\"lazy\" decoding=\"async\" class=\"aligncenter wp-image-5616 size-full\" src=\"https:\/\/autofans.com.ar\/wp-content\/uploads\/2023\/11\/e-308.jpg\" alt=\"Peugeot E-308\" width=\"1000\" height=\"667\" srcset=\"https:\/\/autofans.com.ar\/wp-content\/uploads\/2023\/11\/e-308.jpg 1000w, https:\/\/autofans.com.ar\/wp-content\/uploads\/2023\/11\/e-308-300x200.jpg 300w, https:\/\/autofans.com.ar\/wp-content\/uploads\/2023\/11\/e-308-768x512.jpg 768w\" sizes=\"(max-width: 1000px) 100vw, 1000px\" \/><\/p>\n<p>&nbsp;<\/p>\n<p>El E-308 combina la experiencia de conducci\u00f3n distintiva de Peugeot con una eficiencia sobresaliente. Equipado con una bater\u00eda de 54 kWh, ofrece una autonom\u00eda de m\u00e1s de 413 km (ciclo combinado WLTP) y est\u00e1 disponible en una versi\u00f3n SW, una rareza en el mercado.<\/p>\n<p>&nbsp;<\/p>\n<p>&nbsp;<\/p>\n<p><i>Para enterarte de m\u00e1s novedades, no dejes de leer\u00a0<\/i><a href=\"https:\/\/autofans.thebrandsoup.com\/\"><i>nuestras notas<\/i><\/a><i>, de ver<\/i><b><i>\u00a0<\/i><\/b><a href=\"https:\/\/www.youtube.com\/channel\/UCgAC8UGHZYbT6P7PpmVnP7g\"><b><i>AUTOFANS TV<\/i><\/b><\/a><b><i>\u00a0<\/i><\/b><i>en nuestro\u00a0canal de Youtube. Adem\u00e1s seguinos en\u00a0<\/i><a href=\"https:\/\/www.instagram.com\/autofanstv\/\"><i>INSTAGRAM<\/i><\/a><i> y <\/i><a href=\"https:\/\/www.facebook.com\/autofansmas\/\"><i>FACEBOOK<\/i><\/a><i> para no perderte nada sobre las novedades del segmento automotor de Argentina y el mundo.<\/i><\/p>\n","protected":false},"excerpt":{"rendered":"<p>Peugeot marca presencia en el Sal\u00f3n del Autom\u00f3vil de Z\u00farich, del 1 al 5 de&#8230;<\/p>\n","protected":false},"author":2,"featured_media":5614,"comment_status":"closed","ping_status":"closed","sticky":false,"template":"","format":"standard","meta":{"footnotes":""},"categories":[218,16],"tags":[2150,2011,355,379,2868,412,2870,2869,2871,2867,2547],"class_list":["post-5610","post","type-post","status-publish","format-standard","has-post-thumbnail","hentry","category-autotecno","category-noticias","tag-coches-electricos","tag-e-3008","tag-electrificacion","tag-movilidad-electrica","tag-nuevos-modelos-peugeot","tag-peugeot","tag-peugeot-e-2008","tag-peugeot-e-208","tag-peugeot-e-308","tag-salon-de-zurich","tag-suv-electrico"],"yoast_head":"<!-- This site is optimized with the Yoast SEO plugin v27.5 - https:\/\/yoast.com\/product\/yoast-seo-wordpress\/ -->\n<title>El estreno del nuevo Peugeot E-3008 en el Sal\u00f3n del Autom\u00f3vil de Z\u00farich -<\/title>\n<meta name=\"description\" content=\"El Peugeot E-3008, siendo el primer modelo en aprovechar la innovadora plataforma STLA Medium de Stellantis, elevando la gama PEUGEOT...\" \/>\n<meta name=\"robots\" content=\"index, follow, max-snippet:-1, max-image-preview:large, max-video-preview:-1\" \/>\n<link rel=\"canonical\" href=\"https:\/\/autofans.com.ar\/index.php\/2023\/11\/02\/el-estreno-del-nuevo-peugeot-e-3008-en-el-salon-del-automovil-de-zurich\/\" \/>\n<meta property=\"og:locale\" content=\"es_ES\" \/>\n<meta property=\"og:type\" content=\"article\" \/>\n<meta property=\"og:title\" content=\"El estreno del nuevo Peugeot E-3008 en el Sal\u00f3n del Autom\u00f3vil de Z\u00farich -\" \/>\n<meta property=\"og:description\" content=\"El Peugeot E-3008, siendo el primer modelo en aprovechar la innovadora plataforma STLA Medium de Stellantis, elevando la gama PEUGEOT...\" \/>\n<meta property=\"og:url\" content=\"https:\/\/autofans.com.ar\/index.php\/2023\/11\/02\/el-estreno-del-nuevo-peugeot-e-3008-en-el-salon-del-automovil-de-zurich\/\" \/>\n<meta property=\"article:published_time\" content=\"2023-11-03T00:44:54+00:00\" \/>\n<meta property=\"article:modified_time\" content=\"2023-11-03T00:45:41+00:00\" \/>\n<meta property=\"og:image\" content=\"https:\/\/autofans.com.ar\/wp-content\/uploads\/2023\/11\/foto-1-4.jpg\" \/>\n\t<meta property=\"og:image:width\" content=\"1000\" \/>\n\t<meta property=\"og:image:height\" content=\"667\" \/>\n\t<meta property=\"og:image:type\" content=\"image\/jpeg\" \/>\n<meta name=\"author\" content=\"Alejandro Gabriel Rosito\" \/>\n<meta name=\"twitter:card\" content=\"summary_large_image\" \/>\n<meta name=\"twitter:label1\" content=\"Escrito por\" \/>\n\t<meta name=\"twitter:data1\" content=\"Alejandro Gabriel Rosito\" \/>\n\t<meta name=\"twitter:label2\" content=\"Tiempo de lectura\" \/>\n\t<meta name=\"twitter:data2\" content=\"4 minutos\" \/>\n<script type=\"application\/ld+json\" class=\"yoast-schema-graph\">{\"@context\":\"https:\\\/\\\/schema.org\",\"@graph\":[{\"@type\":\"Article\",\"@id\":\"https:\\\/\\\/autofans.com.ar\\\/index.php\\\/2023\\\/11\\\/02\\\/el-estreno-del-nuevo-peugeot-e-3008-en-el-salon-del-automovil-de-zurich\\\/#article\",\"isPartOf\":{\"@id\":\"https:\\\/\\\/autofans.com.ar\\\/index.php\\\/2023\\\/11\\\/02\\\/el-estreno-del-nuevo-peugeot-e-3008-en-el-salon-del-automovil-de-zurich\\\/\"},\"author\":{\"name\":\"Alejandro Gabriel Rosito\",\"@id\":\"https:\\\/\\\/autofans.com.ar\\\/#\\\/schema\\\/person\\\/4a8dda0b6df83ac3d6723e921274c2aa\"},\"headline\":\"El estreno del nuevo Peugeot E-3008 en el Sal\u00f3n del Autom\u00f3vil de Z\u00farich\",\"datePublished\":\"2023-11-03T00:44:54+00:00\",\"dateModified\":\"2023-11-03T00:45:41+00:00\",\"mainEntityOfPage\":{\"@id\":\"https:\\\/\\\/autofans.com.ar\\\/index.php\\\/2023\\\/11\\\/02\\\/el-estreno-del-nuevo-peugeot-e-3008-en-el-salon-del-automovil-de-zurich\\\/\"},\"wordCount\":573,\"image\":{\"@id\":\"https:\\\/\\\/autofans.com.ar\\\/index.php\\\/2023\\\/11\\\/02\\\/el-estreno-del-nuevo-peugeot-e-3008-en-el-salon-del-automovil-de-zurich\\\/#primaryimage\"},\"thumbnailUrl\":\"https:\\\/\\\/autofans.com.ar\\\/wp-content\\\/uploads\\\/2023\\\/11\\\/foto-1-4.jpg\",\"keywords\":[\"coches el\u00e9ctricos\",\"E-3008\",\"electrificaci\u00f3n\",\"movilidad el\u00e9ctrica\",\"nuevos modelos Peugeot\",\"Peugeot\",\"Peugeot E-2008\",\"Peugeot E-208\",\"Peugeot E-308\",\"Sal\u00f3n de Z\u00farich\",\"SUV el\u00e9ctrico\"],\"articleSection\":[\"AUTOTECNO\",\"NOTICIAS\"],\"inLanguage\":\"es\"},{\"@type\":\"WebPage\",\"@id\":\"https:\\\/\\\/autofans.com.ar\\\/index.php\\\/2023\\\/11\\\/02\\\/el-estreno-del-nuevo-peugeot-e-3008-en-el-salon-del-automovil-de-zurich\\\/\",\"url\":\"https:\\\/\\\/autofans.com.ar\\\/index.php\\\/2023\\\/11\\\/02\\\/el-estreno-del-nuevo-peugeot-e-3008-en-el-salon-del-automovil-de-zurich\\\/\",\"name\":\"El estreno del nuevo Peugeot E-3008 en el Sal\u00f3n del Autom\u00f3vil de Z\u00farich -\",\"isPartOf\":{\"@id\":\"https:\\\/\\\/autofans.com.ar\\\/#website\"},\"primaryImageOfPage\":{\"@id\":\"https:\\\/\\\/autofans.com.ar\\\/index.php\\\/2023\\\/11\\\/02\\\/el-estreno-del-nuevo-peugeot-e-3008-en-el-salon-del-automovil-de-zurich\\\/#primaryimage\"},\"image\":{\"@id\":\"https:\\\/\\\/autofans.com.ar\\\/index.php\\\/2023\\\/11\\\/02\\\/el-estreno-del-nuevo-peugeot-e-3008-en-el-salon-del-automovil-de-zurich\\\/#primaryimage\"},\"thumbnailUrl\":\"https:\\\/\\\/autofans.com.ar\\\/wp-content\\\/uploads\\\/2023\\\/11\\\/foto-1-4.jpg\",\"datePublished\":\"2023-11-03T00:44:54+00:00\",\"dateModified\":\"2023-11-03T00:45:41+00:00\",\"author\":{\"@id\":\"https:\\\/\\\/autofans.com.ar\\\/#\\\/schema\\\/person\\\/4a8dda0b6df83ac3d6723e921274c2aa\"},\"description\":\"El Peugeot E-3008, siendo el primer modelo en aprovechar la innovadora plataforma STLA Medium de Stellantis, elevando la gama PEUGEOT...\",\"breadcrumb\":{\"@id\":\"https:\\\/\\\/autofans.com.ar\\\/index.php\\\/2023\\\/11\\\/02\\\/el-estreno-del-nuevo-peugeot-e-3008-en-el-salon-del-automovil-de-zurich\\\/#breadcrumb\"},\"inLanguage\":\"es\",\"potentialAction\":[{\"@type\":\"ReadAction\",\"target\":[\"https:\\\/\\\/autofans.com.ar\\\/index.php\\\/2023\\\/11\\\/02\\\/el-estreno-del-nuevo-peugeot-e-3008-en-el-salon-del-automovil-de-zurich\\\/\"]}]},{\"@type\":\"ImageObject\",\"inLanguage\":\"es\",\"@id\":\"https:\\\/\\\/autofans.com.ar\\\/index.php\\\/2023\\\/11\\\/02\\\/el-estreno-del-nuevo-peugeot-e-3008-en-el-salon-del-automovil-de-zurich\\\/#primaryimage\",\"url\":\"https:\\\/\\\/autofans.com.ar\\\/wp-content\\\/uploads\\\/2023\\\/11\\\/foto-1-4.jpg\",\"contentUrl\":\"https:\\\/\\\/autofans.com.ar\\\/wp-content\\\/uploads\\\/2023\\\/11\\\/foto-1-4.jpg\",\"width\":1000,\"height\":667,\"caption\":\"Peugeot E-3008\"},{\"@type\":\"BreadcrumbList\",\"@id\":\"https:\\\/\\\/autofans.com.ar\\\/index.php\\\/2023\\\/11\\\/02\\\/el-estreno-del-nuevo-peugeot-e-3008-en-el-salon-del-automovil-de-zurich\\\/#breadcrumb\",\"itemListElement\":[{\"@type\":\"ListItem\",\"position\":1,\"name\":\"Inicio\",\"item\":\"https:\\\/\\\/autofans.com.ar\\\/\"},{\"@type\":\"ListItem\",\"position\":2,\"name\":\"El estreno del nuevo Peugeot E-3008 en el Sal\u00f3n del Autom\u00f3vil de Z\u00farich\"}]},{\"@type\":\"WebSite\",\"@id\":\"https:\\\/\\\/autofans.com.ar\\\/#website\",\"url\":\"https:\\\/\\\/autofans.com.ar\\\/\",\"name\":\"\",\"description\":\"El multimedio referente de la industria automotriz\",\"potentialAction\":[{\"@type\":\"SearchAction\",\"target\":{\"@type\":\"EntryPoint\",\"urlTemplate\":\"https:\\\/\\\/autofans.com.ar\\\/?s={search_term_string}\"},\"query-input\":{\"@type\":\"PropertyValueSpecification\",\"valueRequired\":true,\"valueName\":\"search_term_string\"}}],\"inLanguage\":\"es\"},{\"@type\":\"Person\",\"@id\":\"https:\\\/\\\/autofans.com.ar\\\/#\\\/schema\\\/person\\\/4a8dda0b6df83ac3d6723e921274c2aa\",\"name\":\"Alejandro Gabriel Rosito\",\"image\":{\"@type\":\"ImageObject\",\"inLanguage\":\"es\",\"@id\":\"https:\\\/\\\/secure.gravatar.com\\\/avatar\\\/16c5dda1489adfc62618084dcbb91cffd879c374b13fe5dd8e44ed6733852c88?s=96&d=mm&r=g\",\"url\":\"https:\\\/\\\/secure.gravatar.com\\\/avatar\\\/16c5dda1489adfc62618084dcbb91cffd879c374b13fe5dd8e44ed6733852c88?s=96&d=mm&r=g\",\"contentUrl\":\"https:\\\/\\\/secure.gravatar.com\\\/avatar\\\/16c5dda1489adfc62618084dcbb91cffd879c374b13fe5dd8e44ed6733852c88?s=96&d=mm&r=g\",\"caption\":\"Alejandro Gabriel Rosito\"},\"url\":\"https:\\\/\\\/autofans.com.ar\\\/index.php\\\/author\\\/gabrielr\\\/\"}]}<\/script>\n<!-- \/ Yoast SEO plugin. -->","yoast_head_json":{"title":"El estreno del nuevo Peugeot E-3008 en el Sal\u00f3n del Autom\u00f3vil de Z\u00farich -","description":"El Peugeot E-3008, siendo el primer modelo en aprovechar la innovadora plataforma STLA Medium de Stellantis, elevando la gama PEUGEOT...","robots":{"index":"index","follow":"follow","max-snippet":"max-snippet:-1","max-image-preview":"max-image-preview:large","max-video-preview":"max-video-preview:-1"},"canonical":"https:\/\/autofans.com.ar\/index.php\/2023\/11\/02\/el-estreno-del-nuevo-peugeot-e-3008-en-el-salon-del-automovil-de-zurich\/","og_locale":"es_ES","og_type":"article","og_title":"El estreno del nuevo Peugeot E-3008 en el Sal\u00f3n del Autom\u00f3vil de Z\u00farich -","og_description":"El Peugeot E-3008, siendo el primer modelo en aprovechar la innovadora plataforma STLA Medium de Stellantis, elevando la gama PEUGEOT...","og_url":"https:\/\/autofans.com.ar\/index.php\/2023\/11\/02\/el-estreno-del-nuevo-peugeot-e-3008-en-el-salon-del-automovil-de-zurich\/","article_published_time":"2023-11-03T00:44:54+00:00","article_modified_time":"2023-11-03T00:45:41+00:00","og_image":[{"width":1000,"height":667,"url":"https:\/\/autofans.com.ar\/wp-content\/uploads\/2023\/11\/foto-1-4.jpg","type":"image\/jpeg"}],"author":"Alejandro Gabriel Rosito","twitter_card":"summary_large_image","twitter_misc":{"Escrito por":"Alejandro Gabriel Rosito","Tiempo de lectura":"4 minutos"},"schema":{"@context":"https:\/\/schema.org","@graph":[{"@type":"Article","@id":"https:\/\/autofans.com.ar\/index.php\/2023\/11\/02\/el-estreno-del-nuevo-peugeot-e-3008-en-el-salon-del-automovil-de-zurich\/#article","isPartOf":{"@id":"https:\/\/autofans.com.ar\/index.php\/2023\/11\/02\/el-estreno-del-nuevo-peugeot-e-3008-en-el-salon-del-automovil-de-zurich\/"},"author":{"name":"Alejandro Gabriel Rosito","@id":"https:\/\/autofans.com.ar\/#\/schema\/person\/4a8dda0b6df83ac3d6723e921274c2aa"},"headline":"El estreno del nuevo Peugeot E-3008 en el Sal\u00f3n del Autom\u00f3vil de Z\u00farich","datePublished":"2023-11-03T00:44:54+00:00","dateModified":"2023-11-03T00:45:41+00:00","mainEntityOfPage":{"@id":"https:\/\/autofans.com.ar\/index.php\/2023\/11\/02\/el-estreno-del-nuevo-peugeot-e-3008-en-el-salon-del-automovil-de-zurich\/"},"wordCount":573,"image":{"@id":"https:\/\/autofans.com.ar\/index.php\/2023\/11\/02\/el-estreno-del-nuevo-peugeot-e-3008-en-el-salon-del-automovil-de-zurich\/#primaryimage"},"thumbnailUrl":"https:\/\/autofans.com.ar\/wp-content\/uploads\/2023\/11\/foto-1-4.jpg","keywords":["coches el\u00e9ctricos","E-3008","electrificaci\u00f3n","movilidad el\u00e9ctrica","nuevos modelos Peugeot","Peugeot","Peugeot E-2008","Peugeot E-208","Peugeot E-308","Sal\u00f3n de Z\u00farich","SUV el\u00e9ctrico"],"articleSection":["AUTOTECNO","NOTICIAS"],"inLanguage":"es"},{"@type":"WebPage","@id":"https:\/\/autofans.com.ar\/index.php\/2023\/11\/02\/el-estreno-del-nuevo-peugeot-e-3008-en-el-salon-del-automovil-de-zurich\/","url":"https:\/\/autofans.com.ar\/index.php\/2023\/11\/02\/el-estreno-del-nuevo-peugeot-e-3008-en-el-salon-del-automovil-de-zurich\/","name":"El estreno del nuevo Peugeot E-3008 en el Sal\u00f3n del Autom\u00f3vil de Z\u00farich -","isPartOf":{"@id":"https:\/\/autofans.com.ar\/#website"},"primaryImageOfPage":{"@id":"https:\/\/autofans.com.ar\/index.php\/2023\/11\/02\/el-estreno-del-nuevo-peugeot-e-3008-en-el-salon-del-automovil-de-zurich\/#primaryimage"},"image":{"@id":"https:\/\/autofans.com.ar\/index.php\/2023\/11\/02\/el-estreno-del-nuevo-peugeot-e-3008-en-el-salon-del-automovil-de-zurich\/#primaryimage"},"thumbnailUrl":"https:\/\/autofans.com.ar\/wp-content\/uploads\/2023\/11\/foto-1-4.jpg","datePublished":"2023-11-03T00:44:54+00:00","dateModified":"2023-11-03T00:45:41+00:00","author":{"@id":"https:\/\/autofans.com.ar\/#\/schema\/person\/4a8dda0b6df83ac3d6723e921274c2aa"},"description":"El Peugeot E-3008, siendo el primer modelo en aprovechar la innovadora plataforma STLA Medium de Stellantis, elevando la gama PEUGEOT...","breadcrumb":{"@id":"https:\/\/autofans.com.ar\/index.php\/2023\/11\/02\/el-estreno-del-nuevo-peugeot-e-3008-en-el-salon-del-automovil-de-zurich\/#breadcrumb"},"inLanguage":"es","potentialAction":[{"@type":"ReadAction","target":["https:\/\/autofans.com.ar\/index.php\/2023\/11\/02\/el-estreno-del-nuevo-peugeot-e-3008-en-el-salon-del-automovil-de-zurich\/"]}]},{"@type":"ImageObject","inLanguage":"es","@id":"https:\/\/autofans.com.ar\/index.php\/2023\/11\/02\/el-estreno-del-nuevo-peugeot-e-3008-en-el-salon-del-automovil-de-zurich\/#primaryimage","url":"https:\/\/autofans.com.ar\/wp-content\/uploads\/2023\/11\/foto-1-4.jpg","contentUrl":"https:\/\/autofans.com.ar\/wp-content\/uploads\/2023\/11\/foto-1-4.jpg","width":1000,"height":667,"caption":"Peugeot E-3008"},{"@type":"BreadcrumbList","@id":"https:\/\/autofans.com.ar\/index.php\/2023\/11\/02\/el-estreno-del-nuevo-peugeot-e-3008-en-el-salon-del-automovil-de-zurich\/#breadcrumb","itemListElement":[{"@type":"ListItem","position":1,"name":"Inicio","item":"https:\/\/autofans.com.ar\/"},{"@type":"ListItem","position":2,"name":"El estreno del nuevo Peugeot E-3008 en el Sal\u00f3n del Autom\u00f3vil de Z\u00farich"}]},{"@type":"WebSite","@id":"https:\/\/autofans.com.ar\/#website","url":"https:\/\/autofans.com.ar\/","name":"","description":"El multimedio referente de la industria automotriz","potentialAction":[{"@type":"SearchAction","target":{"@type":"EntryPoint","urlTemplate":"https:\/\/autofans.com.ar\/?s={search_term_string}"},"query-input":{"@type":"PropertyValueSpecification","valueRequired":true,"valueName":"search_term_string"}}],"inLanguage":"es"},{"@type":"Person","@id":"https:\/\/autofans.com.ar\/#\/schema\/person\/4a8dda0b6df83ac3d6723e921274c2aa","name":"Alejandro Gabriel Rosito","image":{"@type":"ImageObject","inLanguage":"es","@id":"https:\/\/secure.gravatar.com\/avatar\/16c5dda1489adfc62618084dcbb91cffd879c374b13fe5dd8e44ed6733852c88?s=96&d=mm&r=g","url":"https:\/\/secure.gravatar.com\/avatar\/16c5dda1489adfc62618084dcbb91cffd879c374b13fe5dd8e44ed6733852c88?s=96&d=mm&r=g","contentUrl":"https:\/\/secure.gravatar.com\/avatar\/16c5dda1489adfc62618084dcbb91cffd879c374b13fe5dd8e44ed6733852c88?s=96&d=mm&r=g","caption":"Alejandro Gabriel Rosito"},"url":"https:\/\/autofans.com.ar\/index.php\/author\/gabrielr\/"}]}},"featured_image_urls":{"full":["https:\/\/autofans.com.ar\/wp-content\/uploads\/2023\/11\/foto-1-4.jpg",1000,667,false],"thumbnail":["https:\/\/autofans.com.ar\/wp-content\/uploads\/2023\/11\/foto-1-4-150x150.jpg",150,150,true],"medium":["https:\/\/autofans.com.ar\/wp-content\/uploads\/2023\/11\/foto-1-4-300x200.jpg",300,200,true],"medium_large":["https:\/\/autofans.com.ar\/wp-content\/uploads\/2023\/11\/foto-1-4-768x512.jpg",640,427,true],"large":["https:\/\/autofans.com.ar\/wp-content\/uploads\/2023\/11\/foto-1-4.jpg",640,427,false],"1536x1536":["https:\/\/autofans.com.ar\/wp-content\/uploads\/2023\/11\/foto-1-4.jpg",1000,667,false],"2048x2048":["https:\/\/autofans.com.ar\/wp-content\/uploads\/2023\/11\/foto-1-4.jpg",1000,667,false],"covernews-featured":["https:\/\/autofans.com.ar\/wp-content\/uploads\/2023\/11\/foto-1-4.jpg",1000,667,false],"covernews-medium":["https:\/\/autofans.com.ar\/wp-content\/uploads\/2023\/11\/foto-1-4-540x340.jpg",540,340,true]},"author_info":{"display_name":"Alejandro Gabriel Rosito","author_link":"https:\/\/autofans.com.ar\/index.php\/author\/gabrielr\/"},"category_info":"<a href=\"https:\/\/autofans.com.ar\/index.php\/category\/noticias\/autotecno\/\" rel=\"category tag\">AUTOTECNO<\/a> <a href=\"https:\/\/autofans.com.ar\/index.php\/category\/noticias\/\" rel=\"category tag\">NOTICIAS<\/a>","tag_info":"NOTICIAS","comment_count":0,"_links":{"self":[{"href":"https:\/\/autofans.com.ar\/index.php\/wp-json\/wp\/v2\/posts\/5610","targetHints":{"allow":["GET"]}}],"collection":[{"href":"https:\/\/autofans.com.ar\/index.php\/wp-json\/wp\/v2\/posts"}],"about":[{"href":"https:\/\/autofans.com.ar\/index.php\/wp-json\/wp\/v2\/types\/post"}],"author":[{"embeddable":true,"href":"https:\/\/autofans.com.ar\/index.php\/wp-json\/wp\/v2\/users\/2"}],"replies":[{"embeddable":true,"href":"https:\/\/autofans.com.ar\/index.php\/wp-json\/wp\/v2\/comments?post=5610"}],"version-history":[{"count":2,"href":"https:\/\/autofans.com.ar\/index.php\/wp-json\/wp\/v2\/posts\/5610\/revisions"}],"predecessor-version":[{"id":5619,"href":"https:\/\/autofans.com.ar\/index.php\/wp-json\/wp\/v2\/posts\/5610\/revisions\/5619"}],"wp:featuredmedia":[{"embeddable":true,"href":"https:\/\/autofans.com.ar\/index.php\/wp-json\/wp\/v2\/media\/5614"}],"wp:attachment":[{"href":"https:\/\/autofans.com.ar\/index.php\/wp-json\/wp\/v2\/media?parent=5610"}],"wp:term":[{"taxonomy":"category","embeddable":true,"href":"https:\/\/autofans.com.ar\/index.php\/wp-json\/wp\/v2\/categories?post=5610"},{"taxonomy":"post_tag","embeddable":true,"href":"https:\/\/autofans.com.ar\/index.php\/wp-json\/wp\/v2\/tags?post=5610"}],"curies":[{"name":"wp","href":"https:\/\/api.w.org\/{rel}","templated":true}]}}