{"id":5631,"date":"2023-11-03T18:22:45","date_gmt":"2023-11-03T21:22:45","guid":{"rendered":"https:\/\/autofans.com.ar\/?p=5631"},"modified":"2023-11-03T18:22:45","modified_gmt":"2023-11-03T21:22:45","slug":"la-historia-del-nissan-versa-en-argentina","status":"publish","type":"post","link":"https:\/\/autofans.com.ar\/index.php\/2023\/11\/03\/la-historia-del-nissan-versa-en-argentina\/","title":{"rendered":"La historia del Nissan Versa en Argentina"},"content":{"rendered":"<p>El ic\u00f3nico sed\u00e1n de Nissan, el Versa, ha dejado su huella en Argentina con m\u00e1s de una d\u00e9cada de presencia en el pa\u00eds. En este recorrido, exploraremos su historia, desde su llegada desafiante hasta su m\u00e1s reciente y emocionante versi\u00f3n.<\/p>\n<p>&nbsp;<\/p>\n<p>El sed\u00e1n referente en el segmento B, se ha ganado su lugar en Argentina a lo largo del tiempo. Su nombre, derivado de \u00abvers\u00e1til,\u00bb representa la capacidad de adaptarse a las necesidades de los conductores, tanto funcionales como emocionales.<\/p>\n<p>&nbsp;<\/p>\n<h2>El debut del Nissan Versa en Argentina en 2013<\/h2>\n<p>&nbsp;<\/p>\n<figure id=\"attachment_5638\" aria-describedby=\"caption-attachment-5638\" style=\"width: 1000px\" class=\"wp-caption aligncenter\"><img fetchpriority=\"high\" decoding=\"async\" class=\"wp-image-5638 size-full\" src=\"https:\/\/autofans.com.ar\/wp-content\/uploads\/2023\/11\/Nissan-Versa-2.jpg\" alt=\"Nissan Versa\" width=\"1000\" height=\"667\" srcset=\"https:\/\/autofans.com.ar\/wp-content\/uploads\/2023\/11\/Nissan-Versa-2.jpg 1000w, https:\/\/autofans.com.ar\/wp-content\/uploads\/2023\/11\/Nissan-Versa-2-300x200.jpg 300w, https:\/\/autofans.com.ar\/wp-content\/uploads\/2023\/11\/Nissan-Versa-2-768x512.jpg 768w\" sizes=\"(max-width: 1000px) 100vw, 1000px\" \/><figcaption id=\"caption-attachment-5638\" class=\"wp-caption-text\">Nissan Versa 2013<\/figcaption><\/figure>\n<p>&nbsp;<\/p>\n<p>Todo comenz\u00f3 en 2013 con la llegada de la primera generaci\u00f3n del Nissan Versa a Argentina. Este sed\u00e1n lleg\u00f3 para desafiar lo establecido, ofreciendo a los conductores una alternativa audaz y vers\u00e1til en el mercado automotriz.<\/p>\n<p>&nbsp;<\/p>\n<figure id=\"attachment_5636\" aria-describedby=\"caption-attachment-5636\" style=\"width: 1000px\" class=\"wp-caption aligncenter\"><img decoding=\"async\" class=\"wp-image-5636 size-full\" src=\"https:\/\/autofans.com.ar\/wp-content\/uploads\/2023\/11\/Nissan-Versa-4.jpg\" alt=\"Nissan Versa\" width=\"1000\" height=\"667\" srcset=\"https:\/\/autofans.com.ar\/wp-content\/uploads\/2023\/11\/Nissan-Versa-4.jpg 1000w, https:\/\/autofans.com.ar\/wp-content\/uploads\/2023\/11\/Nissan-Versa-4-300x200.jpg 300w, https:\/\/autofans.com.ar\/wp-content\/uploads\/2023\/11\/Nissan-Versa-4-768x512.jpg 768w\" sizes=\"(max-width: 1000px) 100vw, 1000px\" \/><figcaption id=\"caption-attachment-5636\" class=\"wp-caption-text\">Nissan Versa 2020<\/figcaption><\/figure>\n<p>&nbsp;<\/p>\n<p>La segunda generaci\u00f3n de este sed\u00e1n\u00a0se destac\u00f3 por sus notables avances tecnol\u00f3gicos y de seguridad, un dise\u00f1o renovado y un rendimiento excepcional. En 2020, este modelo recibi\u00f3 el prestigioso premio \u00abAuto del A\u00f1o 2020\u00bb de la Federaci\u00f3n Interamericana de Periodistas del Autom\u00f3vil (FIPA). Superando a m\u00e1s de diez competidores en su segmento, el Nissan Versa 2020 obtuvo la calificaci\u00f3n m\u00e1s alta.<\/p>\n<p>Esta versi\u00f3n actualizada incluy\u00f3 desde su nivel base caracter\u00edsticas de seguridad como Control de Estabilidad, 6 airbags, Sistema de frenos ABS, Distribuci\u00f3n Electr\u00f3nica de Frenado, Asistencia de Frenado, sensores de reversa y asistente de ascenso en pendientes.<\/p>\n<p>&nbsp;<\/p>\n<h2>Tecnolog\u00eda Nissan Intelligent Mobility<\/h2>\n<p>El modelo m\u00e1s reciente del Nissan Versa se destaca por sus avances en dise\u00f1o, comodidad y seguridad. Equipado con tecnolog\u00edas de Nissan Intelligent Mobility (NIM), incluyendo C\u00e1mara de Visi\u00f3n Perif\u00e9rica 360\u00b0, Alerta de Tr\u00e1fico Cruzado, Alerta de Punto Ciego, Alerta de Colisi\u00f3n Frontal y Frenado Inteligente de Emergencia, este sed\u00e1n ofrece viajes m\u00e1s seguros y emocionantes.<\/p>\n<p>&nbsp;<\/p>\n<figure id=\"attachment_5637\" aria-describedby=\"caption-attachment-5637\" style=\"width: 1000px\" class=\"wp-caption aligncenter\"><img decoding=\"async\" class=\"wp-image-5637 size-full\" src=\"https:\/\/autofans.com.ar\/wp-content\/uploads\/2023\/11\/Nissan-Versa-3.jpg\" alt=\"Nissan Versa\" width=\"1000\" height=\"667\" srcset=\"https:\/\/autofans.com.ar\/wp-content\/uploads\/2023\/11\/Nissan-Versa-3.jpg 1000w, https:\/\/autofans.com.ar\/wp-content\/uploads\/2023\/11\/Nissan-Versa-3-300x200.jpg 300w, https:\/\/autofans.com.ar\/wp-content\/uploads\/2023\/11\/Nissan-Versa-3-768x512.jpg 768w\" sizes=\"(max-width: 1000px) 100vw, 1000px\" \/><figcaption id=\"caption-attachment-5637\" class=\"wp-caption-text\">Nuevo Nissan Versa<\/figcaption><\/figure>\n<p>&nbsp;<\/p>\n<p>En consonancia con el distintivo lenguaje de dise\u00f1o de <a href=\"https:\/\/autofans.com.ar\/index.php\/2023\/06\/28\/el-nuevo-nissan-versa-innovacion-y-seguridad-en-un-sedan-unico\/\" target=\"_blank\" rel=\"noopener\">Nissan,<\/a> conocido como Nissan Emotional Geometry Design, el nuevo sed\u00e1n presenta un frente renovado con una parrilla imponente y un dise\u00f1o din\u00e1mico desde todos los \u00e1ngulos. Con una personalidad vibrante y energ\u00e9tica, se completa con faros full led y llantas de 17&#8243;.<\/p>\n<p>&nbsp;<\/p>\n<p>&nbsp;<\/p>\n<p><i>Para enterarte de m\u00e1s novedades, no dejes de leer\u00a0<\/i><a href=\"https:\/\/autofans.thebrandsoup.com\/\"><i>nuestras notas<\/i><\/a><i>, de ver<\/i><b><i>\u00a0<\/i><\/b><a href=\"https:\/\/www.youtube.com\/channel\/UCgAC8UGHZYbT6P7PpmVnP7g\"><b><i>AUTOFANS TV<\/i><\/b><\/a><b><i>\u00a0<\/i><\/b><i>en nuestro\u00a0canal de Youtube. Adem\u00e1s seguinos en\u00a0<\/i><a href=\"https:\/\/www.instagram.com\/autofanstv\/\"><i>INSTAGRAM<\/i><\/a><i> y <\/i><a href=\"https:\/\/www.facebook.com\/autofansmas\/\"><i>FACEBOOK<\/i><\/a><i> para no perderte nada sobre las novedades del segmento automotor de Argentina y el mundo.<\/i><\/p>\n","protected":false},"excerpt":{"rendered":"<p>El ic\u00f3nico sed\u00e1n de Nissan, el Versa, ha dejado su huella en Argentina con m\u00e1s&#8230;<\/p>\n","protected":false},"author":2,"featured_media":5639,"comment_status":"closed","ping_status":"closed","sticky":false,"template":"","format":"standard","meta":{"footnotes":""},"categories":[3,16],"tags":[201,211,38,415,1733,368,2875,2874,2876,369],"class_list":["post-5631","post","type-post","status-publish","format-standard","has-post-thumbnail","hentry","category-autos","category-noticias","tag-sedan","tag-tecnologia","tag-argentina","tag-diseno","tag-evolucion","tag-historia","tag-modelo-2020","tag-nissan-versa","tag-premio-auto-del-ano","tag-seguridad"],"yoast_head":"<!-- This site is optimized with the Yoast SEO plugin v27.5 - https:\/\/yoast.com\/product\/yoast-seo-wordpress\/ -->\n<title>La historia del Nissan Versa en Argentina -<\/title>\n<meta name=\"description\" content=\"El ic\u00f3nico sed\u00e1n de Nissan, el Versa, ha dejado su huella en Argentina con m\u00e1s de una d\u00e9cada de presencia en el pa\u00eds....\" \/>\n<meta name=\"robots\" content=\"index, follow, max-snippet:-1, max-image-preview:large, max-video-preview:-1\" \/>\n<link rel=\"canonical\" href=\"https:\/\/autofans.com.ar\/index.php\/2023\/11\/03\/la-historia-del-nissan-versa-en-argentina\/\" \/>\n<meta property=\"og:locale\" content=\"es_ES\" \/>\n<meta property=\"og:type\" content=\"article\" \/>\n<meta property=\"og:title\" content=\"La historia del Nissan Versa en Argentina -\" \/>\n<meta property=\"og:description\" content=\"El ic\u00f3nico sed\u00e1n de Nissan, el Versa, ha dejado su huella en Argentina con m\u00e1s de una d\u00e9cada de presencia en el pa\u00eds....\" \/>\n<meta property=\"og:url\" content=\"https:\/\/autofans.com.ar\/index.php\/2023\/11\/03\/la-historia-del-nissan-versa-en-argentina\/\" \/>\n<meta property=\"article:published_time\" content=\"2023-11-03T21:22:45+00:00\" \/>\n<meta property=\"og:image\" content=\"https:\/\/autofans.com.ar\/wp-content\/uploads\/2023\/11\/Nissan-Versa-1.jpg\" \/>\n\t<meta property=\"og:image:width\" content=\"1000\" \/>\n\t<meta property=\"og:image:height\" content=\"667\" \/>\n\t<meta property=\"og:image:type\" content=\"image\/jpeg\" \/>\n<meta name=\"author\" content=\"Alejandro Gabriel Rosito\" \/>\n<meta name=\"twitter:card\" content=\"summary_large_image\" \/>\n<meta name=\"twitter:label1\" content=\"Escrito por\" \/>\n\t<meta name=\"twitter:data1\" content=\"Alejandro Gabriel Rosito\" \/>\n\t<meta name=\"twitter:label2\" content=\"Tiempo de lectura\" \/>\n\t<meta name=\"twitter:data2\" content=\"3 minutos\" \/>\n<script type=\"application\/ld+json\" class=\"yoast-schema-graph\">{\"@context\":\"https:\\\/\\\/schema.org\",\"@graph\":[{\"@type\":\"Article\",\"@id\":\"https:\\\/\\\/autofans.com.ar\\\/index.php\\\/2023\\\/11\\\/03\\\/la-historia-del-nissan-versa-en-argentina\\\/#article\",\"isPartOf\":{\"@id\":\"https:\\\/\\\/autofans.com.ar\\\/index.php\\\/2023\\\/11\\\/03\\\/la-historia-del-nissan-versa-en-argentina\\\/\"},\"author\":{\"name\":\"Alejandro Gabriel Rosito\",\"@id\":\"https:\\\/\\\/autofans.com.ar\\\/#\\\/schema\\\/person\\\/4a8dda0b6df83ac3d6723e921274c2aa\"},\"headline\":\"La historia del Nissan Versa en Argentina\",\"datePublished\":\"2023-11-03T21:22:45+00:00\",\"mainEntityOfPage\":{\"@id\":\"https:\\\/\\\/autofans.com.ar\\\/index.php\\\/2023\\\/11\\\/03\\\/la-historia-del-nissan-versa-en-argentina\\\/\"},\"wordCount\":457,\"image\":{\"@id\":\"https:\\\/\\\/autofans.com.ar\\\/index.php\\\/2023\\\/11\\\/03\\\/la-historia-del-nissan-versa-en-argentina\\\/#primaryimage\"},\"thumbnailUrl\":\"https:\\\/\\\/autofans.com.ar\\\/wp-content\\\/uploads\\\/2023\\\/11\\\/Nissan-Versa-1.jpg\",\"keywords\":[\"#sed\u00e1n\",\"#tecnolog\u00eda\",\"Argentina\",\"dise\u00f1o\",\"Evolucion\",\"historia\",\"Modelo 2020\",\"Nissan Versa\",\"Premio Auto del A\u00f1o\",\"seguridad\"],\"articleSection\":[\"AUTOS y SUV\",\"NOTICIAS\"],\"inLanguage\":\"es\"},{\"@type\":\"WebPage\",\"@id\":\"https:\\\/\\\/autofans.com.ar\\\/index.php\\\/2023\\\/11\\\/03\\\/la-historia-del-nissan-versa-en-argentina\\\/\",\"url\":\"https:\\\/\\\/autofans.com.ar\\\/index.php\\\/2023\\\/11\\\/03\\\/la-historia-del-nissan-versa-en-argentina\\\/\",\"name\":\"La historia del Nissan Versa en Argentina -\",\"isPartOf\":{\"@id\":\"https:\\\/\\\/autofans.com.ar\\\/#website\"},\"primaryImageOfPage\":{\"@id\":\"https:\\\/\\\/autofans.com.ar\\\/index.php\\\/2023\\\/11\\\/03\\\/la-historia-del-nissan-versa-en-argentina\\\/#primaryimage\"},\"image\":{\"@id\":\"https:\\\/\\\/autofans.com.ar\\\/index.php\\\/2023\\\/11\\\/03\\\/la-historia-del-nissan-versa-en-argentina\\\/#primaryimage\"},\"thumbnailUrl\":\"https:\\\/\\\/autofans.com.ar\\\/wp-content\\\/uploads\\\/2023\\\/11\\\/Nissan-Versa-1.jpg\",\"datePublished\":\"2023-11-03T21:22:45+00:00\",\"author\":{\"@id\":\"https:\\\/\\\/autofans.com.ar\\\/#\\\/schema\\\/person\\\/4a8dda0b6df83ac3d6723e921274c2aa\"},\"description\":\"El ic\u00f3nico sed\u00e1n de Nissan, el Versa, ha dejado su huella en Argentina con m\u00e1s de una d\u00e9cada de presencia en el pa\u00eds....\",\"breadcrumb\":{\"@id\":\"https:\\\/\\\/autofans.com.ar\\\/index.php\\\/2023\\\/11\\\/03\\\/la-historia-del-nissan-versa-en-argentina\\\/#breadcrumb\"},\"inLanguage\":\"es\",\"potentialAction\":[{\"@type\":\"ReadAction\",\"target\":[\"https:\\\/\\\/autofans.com.ar\\\/index.php\\\/2023\\\/11\\\/03\\\/la-historia-del-nissan-versa-en-argentina\\\/\"]}]},{\"@type\":\"ImageObject\",\"inLanguage\":\"es\",\"@id\":\"https:\\\/\\\/autofans.com.ar\\\/index.php\\\/2023\\\/11\\\/03\\\/la-historia-del-nissan-versa-en-argentina\\\/#primaryimage\",\"url\":\"https:\\\/\\\/autofans.com.ar\\\/wp-content\\\/uploads\\\/2023\\\/11\\\/Nissan-Versa-1.jpg\",\"contentUrl\":\"https:\\\/\\\/autofans.com.ar\\\/wp-content\\\/uploads\\\/2023\\\/11\\\/Nissan-Versa-1.jpg\",\"width\":1000,\"height\":667,\"caption\":\"Nissan Versa\"},{\"@type\":\"BreadcrumbList\",\"@id\":\"https:\\\/\\\/autofans.com.ar\\\/index.php\\\/2023\\\/11\\\/03\\\/la-historia-del-nissan-versa-en-argentina\\\/#breadcrumb\",\"itemListElement\":[{\"@type\":\"ListItem\",\"position\":1,\"name\":\"Inicio\",\"item\":\"https:\\\/\\\/autofans.com.ar\\\/\"},{\"@type\":\"ListItem\",\"position\":2,\"name\":\"La historia del Nissan Versa en Argentina\"}]},{\"@type\":\"WebSite\",\"@id\":\"https:\\\/\\\/autofans.com.ar\\\/#website\",\"url\":\"https:\\\/\\\/autofans.com.ar\\\/\",\"name\":\"\",\"description\":\"El multimedio referente de la industria automotriz\",\"potentialAction\":[{\"@type\":\"SearchAction\",\"target\":{\"@type\":\"EntryPoint\",\"urlTemplate\":\"https:\\\/\\\/autofans.com.ar\\\/?s={search_term_string}\"},\"query-input\":{\"@type\":\"PropertyValueSpecification\",\"valueRequired\":true,\"valueName\":\"search_term_string\"}}],\"inLanguage\":\"es\"},{\"@type\":\"Person\",\"@id\":\"https:\\\/\\\/autofans.com.ar\\\/#\\\/schema\\\/person\\\/4a8dda0b6df83ac3d6723e921274c2aa\",\"name\":\"Alejandro Gabriel Rosito\",\"image\":{\"@type\":\"ImageObject\",\"inLanguage\":\"es\",\"@id\":\"https:\\\/\\\/secure.gravatar.com\\\/avatar\\\/16c5dda1489adfc62618084dcbb91cffd879c374b13fe5dd8e44ed6733852c88?s=96&d=mm&r=g\",\"url\":\"https:\\\/\\\/secure.gravatar.com\\\/avatar\\\/16c5dda1489adfc62618084dcbb91cffd879c374b13fe5dd8e44ed6733852c88?s=96&d=mm&r=g\",\"contentUrl\":\"https:\\\/\\\/secure.gravatar.com\\\/avatar\\\/16c5dda1489adfc62618084dcbb91cffd879c374b13fe5dd8e44ed6733852c88?s=96&d=mm&r=g\",\"caption\":\"Alejandro Gabriel Rosito\"},\"url\":\"https:\\\/\\\/autofans.com.ar\\\/index.php\\\/author\\\/gabrielr\\\/\"}]}<\/script>\n<!-- \/ Yoast SEO plugin. -->","yoast_head_json":{"title":"La historia del Nissan Versa en Argentina -","description":"El ic\u00f3nico sed\u00e1n de Nissan, el Versa, ha dejado su huella en Argentina con m\u00e1s de una d\u00e9cada de presencia en el pa\u00eds....","robots":{"index":"index","follow":"follow","max-snippet":"max-snippet:-1","max-image-preview":"max-image-preview:large","max-video-preview":"max-video-preview:-1"},"canonical":"https:\/\/autofans.com.ar\/index.php\/2023\/11\/03\/la-historia-del-nissan-versa-en-argentina\/","og_locale":"es_ES","og_type":"article","og_title":"La historia del Nissan Versa en Argentina -","og_description":"El ic\u00f3nico sed\u00e1n de Nissan, el Versa, ha dejado su huella en Argentina con m\u00e1s de una d\u00e9cada de presencia en el pa\u00eds....","og_url":"https:\/\/autofans.com.ar\/index.php\/2023\/11\/03\/la-historia-del-nissan-versa-en-argentina\/","article_published_time":"2023-11-03T21:22:45+00:00","og_image":[{"width":1000,"height":667,"url":"https:\/\/autofans.com.ar\/wp-content\/uploads\/2023\/11\/Nissan-Versa-1.jpg","type":"image\/jpeg"}],"author":"Alejandro Gabriel Rosito","twitter_card":"summary_large_image","twitter_misc":{"Escrito por":"Alejandro Gabriel Rosito","Tiempo de lectura":"3 minutos"},"schema":{"@context":"https:\/\/schema.org","@graph":[{"@type":"Article","@id":"https:\/\/autofans.com.ar\/index.php\/2023\/11\/03\/la-historia-del-nissan-versa-en-argentina\/#article","isPartOf":{"@id":"https:\/\/autofans.com.ar\/index.php\/2023\/11\/03\/la-historia-del-nissan-versa-en-argentina\/"},"author":{"name":"Alejandro Gabriel Rosito","@id":"https:\/\/autofans.com.ar\/#\/schema\/person\/4a8dda0b6df83ac3d6723e921274c2aa"},"headline":"La historia del Nissan Versa en Argentina","datePublished":"2023-11-03T21:22:45+00:00","mainEntityOfPage":{"@id":"https:\/\/autofans.com.ar\/index.php\/2023\/11\/03\/la-historia-del-nissan-versa-en-argentina\/"},"wordCount":457,"image":{"@id":"https:\/\/autofans.com.ar\/index.php\/2023\/11\/03\/la-historia-del-nissan-versa-en-argentina\/#primaryimage"},"thumbnailUrl":"https:\/\/autofans.com.ar\/wp-content\/uploads\/2023\/11\/Nissan-Versa-1.jpg","keywords":["#sed\u00e1n","#tecnolog\u00eda","Argentina","dise\u00f1o","Evolucion","historia","Modelo 2020","Nissan Versa","Premio Auto del A\u00f1o","seguridad"],"articleSection":["AUTOS y SUV","NOTICIAS"],"inLanguage":"es"},{"@type":"WebPage","@id":"https:\/\/autofans.com.ar\/index.php\/2023\/11\/03\/la-historia-del-nissan-versa-en-argentina\/","url":"https:\/\/autofans.com.ar\/index.php\/2023\/11\/03\/la-historia-del-nissan-versa-en-argentina\/","name":"La historia del Nissan Versa en Argentina -","isPartOf":{"@id":"https:\/\/autofans.com.ar\/#website"},"primaryImageOfPage":{"@id":"https:\/\/autofans.com.ar\/index.php\/2023\/11\/03\/la-historia-del-nissan-versa-en-argentina\/#primaryimage"},"image":{"@id":"https:\/\/autofans.com.ar\/index.php\/2023\/11\/03\/la-historia-del-nissan-versa-en-argentina\/#primaryimage"},"thumbnailUrl":"https:\/\/autofans.com.ar\/wp-content\/uploads\/2023\/11\/Nissan-Versa-1.jpg","datePublished":"2023-11-03T21:22:45+00:00","author":{"@id":"https:\/\/autofans.com.ar\/#\/schema\/person\/4a8dda0b6df83ac3d6723e921274c2aa"},"description":"El ic\u00f3nico sed\u00e1n de Nissan, el Versa, ha dejado su huella en Argentina con m\u00e1s de una d\u00e9cada de presencia en el pa\u00eds....","breadcrumb":{"@id":"https:\/\/autofans.com.ar\/index.php\/2023\/11\/03\/la-historia-del-nissan-versa-en-argentina\/#breadcrumb"},"inLanguage":"es","potentialAction":[{"@type":"ReadAction","target":["https:\/\/autofans.com.ar\/index.php\/2023\/11\/03\/la-historia-del-nissan-versa-en-argentina\/"]}]},{"@type":"ImageObject","inLanguage":"es","@id":"https:\/\/autofans.com.ar\/index.php\/2023\/11\/03\/la-historia-del-nissan-versa-en-argentina\/#primaryimage","url":"https:\/\/autofans.com.ar\/wp-content\/uploads\/2023\/11\/Nissan-Versa-1.jpg","contentUrl":"https:\/\/autofans.com.ar\/wp-content\/uploads\/2023\/11\/Nissan-Versa-1.jpg","width":1000,"height":667,"caption":"Nissan Versa"},{"@type":"BreadcrumbList","@id":"https:\/\/autofans.com.ar\/index.php\/2023\/11\/03\/la-historia-del-nissan-versa-en-argentina\/#breadcrumb","itemListElement":[{"@type":"ListItem","position":1,"name":"Inicio","item":"https:\/\/autofans.com.ar\/"},{"@type":"ListItem","position":2,"name":"La historia del Nissan Versa en Argentina"}]},{"@type":"WebSite","@id":"https:\/\/autofans.com.ar\/#website","url":"https:\/\/autofans.com.ar\/","name":"","description":"El multimedio referente de la industria automotriz","potentialAction":[{"@type":"SearchAction","target":{"@type":"EntryPoint","urlTemplate":"https:\/\/autofans.com.ar\/?s={search_term_string}"},"query-input":{"@type":"PropertyValueSpecification","valueRequired":true,"valueName":"search_term_string"}}],"inLanguage":"es"},{"@type":"Person","@id":"https:\/\/autofans.com.ar\/#\/schema\/person\/4a8dda0b6df83ac3d6723e921274c2aa","name":"Alejandro Gabriel Rosito","image":{"@type":"ImageObject","inLanguage":"es","@id":"https:\/\/secure.gravatar.com\/avatar\/16c5dda1489adfc62618084dcbb91cffd879c374b13fe5dd8e44ed6733852c88?s=96&d=mm&r=g","url":"https:\/\/secure.gravatar.com\/avatar\/16c5dda1489adfc62618084dcbb91cffd879c374b13fe5dd8e44ed6733852c88?s=96&d=mm&r=g","contentUrl":"https:\/\/secure.gravatar.com\/avatar\/16c5dda1489adfc62618084dcbb91cffd879c374b13fe5dd8e44ed6733852c88?s=96&d=mm&r=g","caption":"Alejandro Gabriel Rosito"},"url":"https:\/\/autofans.com.ar\/index.php\/author\/gabrielr\/"}]}},"featured_image_urls":{"full":["https:\/\/autofans.com.ar\/wp-content\/uploads\/2023\/11\/Nissan-Versa-1.jpg",1000,667,false],"thumbnail":["https:\/\/autofans.com.ar\/wp-content\/uploads\/2023\/11\/Nissan-Versa-1-150x150.jpg",150,150,true],"medium":["https:\/\/autofans.com.ar\/wp-content\/uploads\/2023\/11\/Nissan-Versa-1-300x200.jpg",300,200,true],"medium_large":["https:\/\/autofans.com.ar\/wp-content\/uploads\/2023\/11\/Nissan-Versa-1-768x512.jpg",640,427,true],"large":["https:\/\/autofans.com.ar\/wp-content\/uploads\/2023\/11\/Nissan-Versa-1.jpg",640,427,false],"1536x1536":["https:\/\/autofans.com.ar\/wp-content\/uploads\/2023\/11\/Nissan-Versa-1.jpg",1000,667,false],"2048x2048":["https:\/\/autofans.com.ar\/wp-content\/uploads\/2023\/11\/Nissan-Versa-1.jpg",1000,667,false],"covernews-featured":["https:\/\/autofans.com.ar\/wp-content\/uploads\/2023\/11\/Nissan-Versa-1.jpg",1000,667,false],"covernews-medium":["https:\/\/autofans.com.ar\/wp-content\/uploads\/2023\/11\/Nissan-Versa-1-540x340.jpg",540,340,true]},"author_info":{"display_name":"Alejandro Gabriel Rosito","author_link":"https:\/\/autofans.com.ar\/index.php\/author\/gabrielr\/"},"category_info":"<a href=\"https:\/\/autofans.com.ar\/index.php\/category\/noticias\/autos\/\" rel=\"category tag\">AUTOS y SUV<\/a> <a href=\"https:\/\/autofans.com.ar\/index.php\/category\/noticias\/\" rel=\"category tag\">NOTICIAS<\/a>","tag_info":"NOTICIAS","comment_count":0,"_links":{"self":[{"href":"https:\/\/autofans.com.ar\/index.php\/wp-json\/wp\/v2\/posts\/5631","targetHints":{"allow":["GET"]}}],"collection":[{"href":"https:\/\/autofans.com.ar\/index.php\/wp-json\/wp\/v2\/posts"}],"about":[{"href":"https:\/\/autofans.com.ar\/index.php\/wp-json\/wp\/v2\/types\/post"}],"author":[{"embeddable":true,"href":"https:\/\/autofans.com.ar\/index.php\/wp-json\/wp\/v2\/users\/2"}],"replies":[{"embeddable":true,"href":"https:\/\/autofans.com.ar\/index.php\/wp-json\/wp\/v2\/comments?post=5631"}],"version-history":[{"count":1,"href":"https:\/\/autofans.com.ar\/index.php\/wp-json\/wp\/v2\/posts\/5631\/revisions"}],"predecessor-version":[{"id":5640,"href":"https:\/\/autofans.com.ar\/index.php\/wp-json\/wp\/v2\/posts\/5631\/revisions\/5640"}],"wp:featuredmedia":[{"embeddable":true,"href":"https:\/\/autofans.com.ar\/index.php\/wp-json\/wp\/v2\/media\/5639"}],"wp:attachment":[{"href":"https:\/\/autofans.com.ar\/index.php\/wp-json\/wp\/v2\/media?parent=5631"}],"wp:term":[{"taxonomy":"category","embeddable":true,"href":"https:\/\/autofans.com.ar\/index.php\/wp-json\/wp\/v2\/categories?post=5631"},{"taxonomy":"post_tag","embeddable":true,"href":"https:\/\/autofans.com.ar\/index.php\/wp-json\/wp\/v2\/tags?post=5631"}],"curies":[{"name":"wp","href":"https:\/\/api.w.org\/{rel}","templated":true}]}}