{"id":5641,"date":"2023-11-06T15:58:05","date_gmt":"2023-11-06T18:58:05","guid":{"rendered":"https:\/\/autofans.com.ar\/?p=5641"},"modified":"2023-11-06T15:58:05","modified_gmt":"2023-11-06T18:58:05","slug":"fiat-cronos-lider-de-ventas-en-brasil","status":"publish","type":"post","link":"https:\/\/autofans.com.ar\/index.php\/2023\/11\/06\/fiat-cronos-lider-de-ventas-en-brasil\/","title":{"rendered":"Fiat Cronos, l\u00edder de ventas en Brasil"},"content":{"rendered":"<p>Stellantis, el gigante automotor de Argentina, celebra un importante logro al convertir al Fiat Cronos en el veh\u00edculo argentino m\u00e1s vendido en Brasil. Esta haza\u00f1a no solo refuerza su posici\u00f3n en el pa\u00eds vecino sino que tambi\u00e9n lo consolida como el autom\u00f3vil m\u00e1s exportado de Argentina desde 2022.<\/p>\n<p>&nbsp;<\/p>\n<div dir=\"ltr\">\n<blockquote>\n<p style=\"text-align: center;\">Martin Zuppi, Presidente de Fiat, asegur\u00f3: \u201c\u00abEl Auto de los Argentinos\u00bb se consolida como el auto m\u00e1s exportado de la industria desde 2022 y hoy se convierte en el veh\u00edculo nacional m\u00e1s vendido en el pa\u00eds vecino. Esta performance es gracias al compromiso y trabajo integrado de cada uno de los miembros del equipo de Fiat en Argentina y Brasil, que convierte al Cronos en un \u00edcono de la industria automotriz, alcanzando y superando r\u00e9cords productivos y de ventas en el mercado nacional y regional\u201d.<\/p>\n<\/blockquote>\n<\/div>\n<p>&nbsp;<\/p>\n<h2>El impacto del Fiat Cronos en la econom\u00eda y el mercado<\/h2>\n<p>En el mercado brasile\u00f1o, el Fiat Cronos, fabricado en C\u00f3rdoba, se sit\u00faa entre los l\u00edderes de su segmento con unas 39.000 unidades vendidas anualmente y una participaci\u00f3n del 2,2% en el mercado total de veh\u00edculos. El veh\u00edculo est\u00e1 a punto de duplicar su volumen de exportaciones, pasando de 22,500 en 2019 a 40,569 en 2023, lo que subraya su contribuci\u00f3n a la econom\u00eda nacional. Adem\u00e1s, es importante destacar que el Cronos cuenta con un impresionante 48% de piezas locales en su fabricaci\u00f3n.<\/p>\n<p>&nbsp;<\/p>\n<div id='gallery-1' class='gallery galleryid-5641 gallery-columns-3 gallery-size-full'><figure class='gallery-item'>\n\t\t\t<div class='gallery-icon landscape'>\n\t\t\t\t<a href='https:\/\/autofans.com.ar\/index.php\/2023\/11\/06\/fiat-cronos-lider-de-ventas-en-brasil\/fotos-1-9\/'><img loading=\"lazy\" width=\"1000\" height=\"667\" src=\"https:\/\/autofans.com.ar\/wp-content\/uploads\/2023\/11\/fotos-1.jpg\" class=\"attachment-full size-full\" alt=\"Fiat Cronos\" srcset=\"https:\/\/autofans.com.ar\/wp-content\/uploads\/2023\/11\/fotos-1.jpg 1000w, https:\/\/autofans.com.ar\/wp-content\/uploads\/2023\/11\/fotos-1-300x200.jpg 300w, https:\/\/autofans.com.ar\/wp-content\/uploads\/2023\/11\/fotos-1-768x512.jpg 768w\" sizes=\"auto, (max-width: 1000px) 100vw, 1000px\" loading=\"lazy\" decoding=\"async\" \/><\/a>\n\t\t\t<\/div><\/figure><figure class='gallery-item'>\n\t\t\t<div class='gallery-icon landscape'>\n\t\t\t\t<a href='https:\/\/autofans.com.ar\/index.php\/2023\/11\/06\/fiat-cronos-lider-de-ventas-en-brasil\/fotos-3-7\/'><img loading=\"lazy\" width=\"1000\" height=\"667\" src=\"https:\/\/autofans.com.ar\/wp-content\/uploads\/2023\/11\/fotos-3.jpg\" class=\"attachment-full size-full\" alt=\"Fiat Cronos\" srcset=\"https:\/\/autofans.com.ar\/wp-content\/uploads\/2023\/11\/fotos-3.jpg 1000w, https:\/\/autofans.com.ar\/wp-content\/uploads\/2023\/11\/fotos-3-300x200.jpg 300w, https:\/\/autofans.com.ar\/wp-content\/uploads\/2023\/11\/fotos-3-768x512.jpg 768w\" sizes=\"auto, (max-width: 1000px) 100vw, 1000px\" loading=\"lazy\" decoding=\"async\" \/><\/a>\n\t\t\t<\/div><\/figure><figure class='gallery-item'>\n\t\t\t<div class='gallery-icon landscape'>\n\t\t\t\t<a href='https:\/\/autofans.com.ar\/index.php\/2023\/11\/06\/fiat-cronos-lider-de-ventas-en-brasil\/fotos-4-6\/'><img loading=\"lazy\" width=\"1000\" height=\"667\" src=\"https:\/\/autofans.com.ar\/wp-content\/uploads\/2023\/11\/fotos-4.jpg\" class=\"attachment-full size-full\" alt=\"Fiat Cronos int\" srcset=\"https:\/\/autofans.com.ar\/wp-content\/uploads\/2023\/11\/fotos-4.jpg 1000w, https:\/\/autofans.com.ar\/wp-content\/uploads\/2023\/11\/fotos-4-300x200.jpg 300w, https:\/\/autofans.com.ar\/wp-content\/uploads\/2023\/11\/fotos-4-768x512.jpg 768w\" sizes=\"auto, (max-width: 1000px) 100vw, 1000px\" loading=\"lazy\" decoding=\"async\" \/><\/a>\n\t\t\t<\/div><\/figure>\n\t\t<\/div>\n\n<p>&nbsp;<\/p>\n<p>En Argentina, el <a href=\"https:\/\/autofans.com.ar\/index.php\/2023\/09\/20\/fiat-cronos-se-une-al-programa-de-precios-justos\/\" target=\"_blank\" rel=\"noopener\">Fiat Cronos<\/a> lidera las ventas como el veh\u00edculo m\u00e1s elegido por los argentinos, habiendo mantenido su posici\u00f3n de liderazgo en el mercado durante m\u00e1s de dos a\u00f1os consecutivos. Desde su lanzamiento en el pa\u00eds, se han patentado m\u00e1s de 160,000 unidades del modelo, consolid\u00e1ndolo como un referente en su segmento y logrando una participaci\u00f3n del 11,6% en el mercado acumulado.<\/p>\n<p>&nbsp;<\/p>\n<p><i>Para enterarte de m\u00e1s novedades, no dejes de leer\u00a0<\/i><a href=\"https:\/\/autofans.thebrandsoup.com\/\"><i>nuestras notas<\/i><\/a><i>, de ver<\/i><b><i>\u00a0<\/i><\/b><a href=\"https:\/\/www.youtube.com\/channel\/UCgAC8UGHZYbT6P7PpmVnP7g\"><b><i>AUTOFANS TV<\/i><\/b><\/a><b><i>\u00a0<\/i><\/b><i>en nuestro\u00a0canal de Youtube. Adem\u00e1s seguinos en\u00a0<\/i><a href=\"https:\/\/www.instagram.com\/autofanstv\/\"><i>INSTAGRAM<\/i><\/a><i> y <\/i><a href=\"https:\/\/www.facebook.com\/autofansmas\/\"><i>FACEBOOK<\/i><\/a><i> para no perderte nada sobre las novedades del segmento automotor de Argentina y el mundo.<\/i><\/p>\n","protected":false},"excerpt":{"rendered":"<p>Stellantis, el gigante automotor de Argentina, celebra un importante logro al convertir al Fiat Cronos&#8230;<\/p>\n","protected":false},"author":2,"featured_media":5644,"comment_status":"closed","ping_status":"closed","sticky":false,"template":"","format":"standard","meta":{"footnotes":""},"categories":[3,16],"tags":[1639,2878,660,86,2528,37,2877,2879],"class_list":["post-5641","post","type-post","status-publish","format-standard","has-post-thumbnail","hentry","category-autos","category-noticias","tag-brasil","tag-exportacion-de-autos","tag-fiat-cronos","tag-industria-automotriz","tag-mercado-brasileno","tag-stellantis","tag-vehiculo-argentino","tag-ventas-en-argentina"],"yoast_head":"<!-- This site is optimized with the Yoast SEO plugin v27.5 - https:\/\/yoast.com\/product\/yoast-seo-wordpress\/ -->\n<title>Fiat Cronos, l\u00edder de ventas en Brasil -<\/title>\n<meta name=\"description\" content=\"Stellantis, el gigante automotor de Argentina, celebra un logro al convertir al Fiat Cronos en el veh\u00edculo argentino m\u00e1s vendido en Brasil...\" \/>\n<meta name=\"robots\" content=\"index, follow, max-snippet:-1, max-image-preview:large, max-video-preview:-1\" \/>\n<link rel=\"canonical\" href=\"https:\/\/autofans.com.ar\/index.php\/2023\/11\/06\/fiat-cronos-lider-de-ventas-en-brasil\/\" \/>\n<meta property=\"og:locale\" content=\"es_ES\" \/>\n<meta property=\"og:type\" content=\"article\" \/>\n<meta property=\"og:title\" content=\"Fiat Cronos, l\u00edder de ventas en Brasil -\" \/>\n<meta property=\"og:description\" content=\"Stellantis, el gigante automotor de Argentina, celebra un logro al convertir al Fiat Cronos en el veh\u00edculo argentino m\u00e1s vendido en Brasil...\" \/>\n<meta property=\"og:url\" content=\"https:\/\/autofans.com.ar\/index.php\/2023\/11\/06\/fiat-cronos-lider-de-ventas-en-brasil\/\" \/>\n<meta property=\"article:published_time\" content=\"2023-11-06T18:58:05+00:00\" \/>\n<meta property=\"og:image\" content=\"https:\/\/autofans.com.ar\/wp-content\/uploads\/2023\/11\/fotos-2.jpg\" \/>\n\t<meta property=\"og:image:width\" content=\"1000\" \/>\n\t<meta property=\"og:image:height\" content=\"667\" \/>\n\t<meta property=\"og:image:type\" content=\"image\/jpeg\" \/>\n<meta name=\"author\" content=\"Alejandro Gabriel Rosito\" \/>\n<meta name=\"twitter:card\" content=\"summary_large_image\" \/>\n<meta name=\"twitter:label1\" content=\"Escrito por\" \/>\n\t<meta name=\"twitter:data1\" content=\"Alejandro Gabriel Rosito\" \/>\n\t<meta name=\"twitter:label2\" content=\"Tiempo de lectura\" \/>\n\t<meta name=\"twitter:data2\" content=\"2 minutos\" \/>\n<script type=\"application\/ld+json\" class=\"yoast-schema-graph\">{\"@context\":\"https:\\\/\\\/schema.org\",\"@graph\":[{\"@type\":\"Article\",\"@id\":\"https:\\\/\\\/autofans.com.ar\\\/index.php\\\/2023\\\/11\\\/06\\\/fiat-cronos-lider-de-ventas-en-brasil\\\/#article\",\"isPartOf\":{\"@id\":\"https:\\\/\\\/autofans.com.ar\\\/index.php\\\/2023\\\/11\\\/06\\\/fiat-cronos-lider-de-ventas-en-brasil\\\/\"},\"author\":{\"name\":\"Alejandro Gabriel Rosito\",\"@id\":\"https:\\\/\\\/autofans.com.ar\\\/#\\\/schema\\\/person\\\/4a8dda0b6df83ac3d6723e921274c2aa\"},\"headline\":\"Fiat Cronos, l\u00edder de ventas en Brasil\",\"datePublished\":\"2023-11-06T18:58:05+00:00\",\"mainEntityOfPage\":{\"@id\":\"https:\\\/\\\/autofans.com.ar\\\/index.php\\\/2023\\\/11\\\/06\\\/fiat-cronos-lider-de-ventas-en-brasil\\\/\"},\"wordCount\":372,\"image\":{\"@id\":\"https:\\\/\\\/autofans.com.ar\\\/index.php\\\/2023\\\/11\\\/06\\\/fiat-cronos-lider-de-ventas-en-brasil\\\/#primaryimage\"},\"thumbnailUrl\":\"https:\\\/\\\/autofans.com.ar\\\/wp-content\\\/uploads\\\/2023\\\/11\\\/fotos-2.jpg\",\"keywords\":[\"Brasil\",\"Exportaci\u00f3n de autos\",\"Fiat Cronos\",\"Industria Automotriz\",\"mercado brasile\u00f1o\",\"Stellantis\",\"Veh\u00edculo argentino\",\"Ventas en Argentina\"],\"articleSection\":[\"AUTOS y SUV\",\"NOTICIAS\"],\"inLanguage\":\"es\"},{\"@type\":\"WebPage\",\"@id\":\"https:\\\/\\\/autofans.com.ar\\\/index.php\\\/2023\\\/11\\\/06\\\/fiat-cronos-lider-de-ventas-en-brasil\\\/\",\"url\":\"https:\\\/\\\/autofans.com.ar\\\/index.php\\\/2023\\\/11\\\/06\\\/fiat-cronos-lider-de-ventas-en-brasil\\\/\",\"name\":\"Fiat Cronos, l\u00edder de ventas en Brasil -\",\"isPartOf\":{\"@id\":\"https:\\\/\\\/autofans.com.ar\\\/#website\"},\"primaryImageOfPage\":{\"@id\":\"https:\\\/\\\/autofans.com.ar\\\/index.php\\\/2023\\\/11\\\/06\\\/fiat-cronos-lider-de-ventas-en-brasil\\\/#primaryimage\"},\"image\":{\"@id\":\"https:\\\/\\\/autofans.com.ar\\\/index.php\\\/2023\\\/11\\\/06\\\/fiat-cronos-lider-de-ventas-en-brasil\\\/#primaryimage\"},\"thumbnailUrl\":\"https:\\\/\\\/autofans.com.ar\\\/wp-content\\\/uploads\\\/2023\\\/11\\\/fotos-2.jpg\",\"datePublished\":\"2023-11-06T18:58:05+00:00\",\"author\":{\"@id\":\"https:\\\/\\\/autofans.com.ar\\\/#\\\/schema\\\/person\\\/4a8dda0b6df83ac3d6723e921274c2aa\"},\"description\":\"Stellantis, el gigante automotor de Argentina, celebra un logro al convertir al Fiat Cronos en el veh\u00edculo argentino m\u00e1s vendido en Brasil...\",\"breadcrumb\":{\"@id\":\"https:\\\/\\\/autofans.com.ar\\\/index.php\\\/2023\\\/11\\\/06\\\/fiat-cronos-lider-de-ventas-en-brasil\\\/#breadcrumb\"},\"inLanguage\":\"es\",\"potentialAction\":[{\"@type\":\"ReadAction\",\"target\":[\"https:\\\/\\\/autofans.com.ar\\\/index.php\\\/2023\\\/11\\\/06\\\/fiat-cronos-lider-de-ventas-en-brasil\\\/\"]}]},{\"@type\":\"ImageObject\",\"inLanguage\":\"es\",\"@id\":\"https:\\\/\\\/autofans.com.ar\\\/index.php\\\/2023\\\/11\\\/06\\\/fiat-cronos-lider-de-ventas-en-brasil\\\/#primaryimage\",\"url\":\"https:\\\/\\\/autofans.com.ar\\\/wp-content\\\/uploads\\\/2023\\\/11\\\/fotos-2.jpg\",\"contentUrl\":\"https:\\\/\\\/autofans.com.ar\\\/wp-content\\\/uploads\\\/2023\\\/11\\\/fotos-2.jpg\",\"width\":1000,\"height\":667,\"caption\":\"Fiat Cronos\"},{\"@type\":\"BreadcrumbList\",\"@id\":\"https:\\\/\\\/autofans.com.ar\\\/index.php\\\/2023\\\/11\\\/06\\\/fiat-cronos-lider-de-ventas-en-brasil\\\/#breadcrumb\",\"itemListElement\":[{\"@type\":\"ListItem\",\"position\":1,\"name\":\"Inicio\",\"item\":\"https:\\\/\\\/autofans.com.ar\\\/\"},{\"@type\":\"ListItem\",\"position\":2,\"name\":\"Fiat Cronos, l\u00edder de ventas en Brasil\"}]},{\"@type\":\"WebSite\",\"@id\":\"https:\\\/\\\/autofans.com.ar\\\/#website\",\"url\":\"https:\\\/\\\/autofans.com.ar\\\/\",\"name\":\"\",\"description\":\"El multimedio referente de la industria automotriz\",\"potentialAction\":[{\"@type\":\"SearchAction\",\"target\":{\"@type\":\"EntryPoint\",\"urlTemplate\":\"https:\\\/\\\/autofans.com.ar\\\/?s={search_term_string}\"},\"query-input\":{\"@type\":\"PropertyValueSpecification\",\"valueRequired\":true,\"valueName\":\"search_term_string\"}}],\"inLanguage\":\"es\"},{\"@type\":\"Person\",\"@id\":\"https:\\\/\\\/autofans.com.ar\\\/#\\\/schema\\\/person\\\/4a8dda0b6df83ac3d6723e921274c2aa\",\"name\":\"Alejandro Gabriel Rosito\",\"image\":{\"@type\":\"ImageObject\",\"inLanguage\":\"es\",\"@id\":\"https:\\\/\\\/secure.gravatar.com\\\/avatar\\\/16c5dda1489adfc62618084dcbb91cffd879c374b13fe5dd8e44ed6733852c88?s=96&d=mm&r=g\",\"url\":\"https:\\\/\\\/secure.gravatar.com\\\/avatar\\\/16c5dda1489adfc62618084dcbb91cffd879c374b13fe5dd8e44ed6733852c88?s=96&d=mm&r=g\",\"contentUrl\":\"https:\\\/\\\/secure.gravatar.com\\\/avatar\\\/16c5dda1489adfc62618084dcbb91cffd879c374b13fe5dd8e44ed6733852c88?s=96&d=mm&r=g\",\"caption\":\"Alejandro Gabriel Rosito\"},\"url\":\"https:\\\/\\\/autofans.com.ar\\\/index.php\\\/author\\\/gabrielr\\\/\"}]}<\/script>\n<!-- \/ Yoast SEO plugin. -->","yoast_head_json":{"title":"Fiat Cronos, l\u00edder de ventas en Brasil -","description":"Stellantis, el gigante automotor de Argentina, celebra un logro al convertir al Fiat Cronos en el veh\u00edculo argentino m\u00e1s vendido en Brasil...","robots":{"index":"index","follow":"follow","max-snippet":"max-snippet:-1","max-image-preview":"max-image-preview:large","max-video-preview":"max-video-preview:-1"},"canonical":"https:\/\/autofans.com.ar\/index.php\/2023\/11\/06\/fiat-cronos-lider-de-ventas-en-brasil\/","og_locale":"es_ES","og_type":"article","og_title":"Fiat Cronos, l\u00edder de ventas en Brasil -","og_description":"Stellantis, el gigante automotor de Argentina, celebra un logro al convertir al Fiat Cronos en el veh\u00edculo argentino m\u00e1s vendido en Brasil...","og_url":"https:\/\/autofans.com.ar\/index.php\/2023\/11\/06\/fiat-cronos-lider-de-ventas-en-brasil\/","article_published_time":"2023-11-06T18:58:05+00:00","og_image":[{"width":1000,"height":667,"url":"https:\/\/autofans.com.ar\/wp-content\/uploads\/2023\/11\/fotos-2.jpg","type":"image\/jpeg"}],"author":"Alejandro Gabriel Rosito","twitter_card":"summary_large_image","twitter_misc":{"Escrito por":"Alejandro Gabriel Rosito","Tiempo de lectura":"2 minutos"},"schema":{"@context":"https:\/\/schema.org","@graph":[{"@type":"Article","@id":"https:\/\/autofans.com.ar\/index.php\/2023\/11\/06\/fiat-cronos-lider-de-ventas-en-brasil\/#article","isPartOf":{"@id":"https:\/\/autofans.com.ar\/index.php\/2023\/11\/06\/fiat-cronos-lider-de-ventas-en-brasil\/"},"author":{"name":"Alejandro Gabriel Rosito","@id":"https:\/\/autofans.com.ar\/#\/schema\/person\/4a8dda0b6df83ac3d6723e921274c2aa"},"headline":"Fiat Cronos, l\u00edder de ventas en Brasil","datePublished":"2023-11-06T18:58:05+00:00","mainEntityOfPage":{"@id":"https:\/\/autofans.com.ar\/index.php\/2023\/11\/06\/fiat-cronos-lider-de-ventas-en-brasil\/"},"wordCount":372,"image":{"@id":"https:\/\/autofans.com.ar\/index.php\/2023\/11\/06\/fiat-cronos-lider-de-ventas-en-brasil\/#primaryimage"},"thumbnailUrl":"https:\/\/autofans.com.ar\/wp-content\/uploads\/2023\/11\/fotos-2.jpg","keywords":["Brasil","Exportaci\u00f3n de autos","Fiat Cronos","Industria Automotriz","mercado brasile\u00f1o","Stellantis","Veh\u00edculo argentino","Ventas en Argentina"],"articleSection":["AUTOS y SUV","NOTICIAS"],"inLanguage":"es"},{"@type":"WebPage","@id":"https:\/\/autofans.com.ar\/index.php\/2023\/11\/06\/fiat-cronos-lider-de-ventas-en-brasil\/","url":"https:\/\/autofans.com.ar\/index.php\/2023\/11\/06\/fiat-cronos-lider-de-ventas-en-brasil\/","name":"Fiat Cronos, l\u00edder de ventas en Brasil -","isPartOf":{"@id":"https:\/\/autofans.com.ar\/#website"},"primaryImageOfPage":{"@id":"https:\/\/autofans.com.ar\/index.php\/2023\/11\/06\/fiat-cronos-lider-de-ventas-en-brasil\/#primaryimage"},"image":{"@id":"https:\/\/autofans.com.ar\/index.php\/2023\/11\/06\/fiat-cronos-lider-de-ventas-en-brasil\/#primaryimage"},"thumbnailUrl":"https:\/\/autofans.com.ar\/wp-content\/uploads\/2023\/11\/fotos-2.jpg","datePublished":"2023-11-06T18:58:05+00:00","author":{"@id":"https:\/\/autofans.com.ar\/#\/schema\/person\/4a8dda0b6df83ac3d6723e921274c2aa"},"description":"Stellantis, el gigante automotor de Argentina, celebra un logro al convertir al Fiat Cronos en el veh\u00edculo argentino m\u00e1s vendido en Brasil...","breadcrumb":{"@id":"https:\/\/autofans.com.ar\/index.php\/2023\/11\/06\/fiat-cronos-lider-de-ventas-en-brasil\/#breadcrumb"},"inLanguage":"es","potentialAction":[{"@type":"ReadAction","target":["https:\/\/autofans.com.ar\/index.php\/2023\/11\/06\/fiat-cronos-lider-de-ventas-en-brasil\/"]}]},{"@type":"ImageObject","inLanguage":"es","@id":"https:\/\/autofans.com.ar\/index.php\/2023\/11\/06\/fiat-cronos-lider-de-ventas-en-brasil\/#primaryimage","url":"https:\/\/autofans.com.ar\/wp-content\/uploads\/2023\/11\/fotos-2.jpg","contentUrl":"https:\/\/autofans.com.ar\/wp-content\/uploads\/2023\/11\/fotos-2.jpg","width":1000,"height":667,"caption":"Fiat Cronos"},{"@type":"BreadcrumbList","@id":"https:\/\/autofans.com.ar\/index.php\/2023\/11\/06\/fiat-cronos-lider-de-ventas-en-brasil\/#breadcrumb","itemListElement":[{"@type":"ListItem","position":1,"name":"Inicio","item":"https:\/\/autofans.com.ar\/"},{"@type":"ListItem","position":2,"name":"Fiat Cronos, l\u00edder de ventas en Brasil"}]},{"@type":"WebSite","@id":"https:\/\/autofans.com.ar\/#website","url":"https:\/\/autofans.com.ar\/","name":"","description":"El multimedio referente de la industria automotriz","potentialAction":[{"@type":"SearchAction","target":{"@type":"EntryPoint","urlTemplate":"https:\/\/autofans.com.ar\/?s={search_term_string}"},"query-input":{"@type":"PropertyValueSpecification","valueRequired":true,"valueName":"search_term_string"}}],"inLanguage":"es"},{"@type":"Person","@id":"https:\/\/autofans.com.ar\/#\/schema\/person\/4a8dda0b6df83ac3d6723e921274c2aa","name":"Alejandro Gabriel Rosito","image":{"@type":"ImageObject","inLanguage":"es","@id":"https:\/\/secure.gravatar.com\/avatar\/16c5dda1489adfc62618084dcbb91cffd879c374b13fe5dd8e44ed6733852c88?s=96&d=mm&r=g","url":"https:\/\/secure.gravatar.com\/avatar\/16c5dda1489adfc62618084dcbb91cffd879c374b13fe5dd8e44ed6733852c88?s=96&d=mm&r=g","contentUrl":"https:\/\/secure.gravatar.com\/avatar\/16c5dda1489adfc62618084dcbb91cffd879c374b13fe5dd8e44ed6733852c88?s=96&d=mm&r=g","caption":"Alejandro Gabriel Rosito"},"url":"https:\/\/autofans.com.ar\/index.php\/author\/gabrielr\/"}]}},"featured_image_urls":{"full":["https:\/\/autofans.com.ar\/wp-content\/uploads\/2023\/11\/fotos-2.jpg",1000,667,false],"thumbnail":["https:\/\/autofans.com.ar\/wp-content\/uploads\/2023\/11\/fotos-2-150x150.jpg",150,150,true],"medium":["https:\/\/autofans.com.ar\/wp-content\/uploads\/2023\/11\/fotos-2-300x200.jpg",300,200,true],"medium_large":["https:\/\/autofans.com.ar\/wp-content\/uploads\/2023\/11\/fotos-2-768x512.jpg",640,427,true],"large":["https:\/\/autofans.com.ar\/wp-content\/uploads\/2023\/11\/fotos-2.jpg",640,427,false],"1536x1536":["https:\/\/autofans.com.ar\/wp-content\/uploads\/2023\/11\/fotos-2.jpg",1000,667,false],"2048x2048":["https:\/\/autofans.com.ar\/wp-content\/uploads\/2023\/11\/fotos-2.jpg",1000,667,false],"covernews-featured":["https:\/\/autofans.com.ar\/wp-content\/uploads\/2023\/11\/fotos-2.jpg",1000,667,false],"covernews-medium":["https:\/\/autofans.com.ar\/wp-content\/uploads\/2023\/11\/fotos-2-540x340.jpg",540,340,true]},"author_info":{"display_name":"Alejandro Gabriel Rosito","author_link":"https:\/\/autofans.com.ar\/index.php\/author\/gabrielr\/"},"category_info":"<a href=\"https:\/\/autofans.com.ar\/index.php\/category\/noticias\/autos\/\" rel=\"category tag\">AUTOS y SUV<\/a> <a href=\"https:\/\/autofans.com.ar\/index.php\/category\/noticias\/\" rel=\"category tag\">NOTICIAS<\/a>","tag_info":"NOTICIAS","comment_count":0,"_links":{"self":[{"href":"https:\/\/autofans.com.ar\/index.php\/wp-json\/wp\/v2\/posts\/5641","targetHints":{"allow":["GET"]}}],"collection":[{"href":"https:\/\/autofans.com.ar\/index.php\/wp-json\/wp\/v2\/posts"}],"about":[{"href":"https:\/\/autofans.com.ar\/index.php\/wp-json\/wp\/v2\/types\/post"}],"author":[{"embeddable":true,"href":"https:\/\/autofans.com.ar\/index.php\/wp-json\/wp\/v2\/users\/2"}],"replies":[{"embeddable":true,"href":"https:\/\/autofans.com.ar\/index.php\/wp-json\/wp\/v2\/comments?post=5641"}],"version-history":[{"count":2,"href":"https:\/\/autofans.com.ar\/index.php\/wp-json\/wp\/v2\/posts\/5641\/revisions"}],"predecessor-version":[{"id":5647,"href":"https:\/\/autofans.com.ar\/index.php\/wp-json\/wp\/v2\/posts\/5641\/revisions\/5647"}],"wp:featuredmedia":[{"embeddable":true,"href":"https:\/\/autofans.com.ar\/index.php\/wp-json\/wp\/v2\/media\/5644"}],"wp:attachment":[{"href":"https:\/\/autofans.com.ar\/index.php\/wp-json\/wp\/v2\/media?parent=5641"}],"wp:term":[{"taxonomy":"category","embeddable":true,"href":"https:\/\/autofans.com.ar\/index.php\/wp-json\/wp\/v2\/categories?post=5641"},{"taxonomy":"post_tag","embeddable":true,"href":"https:\/\/autofans.com.ar\/index.php\/wp-json\/wp\/v2\/tags?post=5641"}],"curies":[{"name":"wp","href":"https:\/\/api.w.org\/{rel}","templated":true}]}}