{"id":5648,"date":"2023-11-06T19:54:09","date_gmt":"2023-11-06T22:54:09","guid":{"rendered":"https:\/\/autofans.com.ar\/?p=5648"},"modified":"2023-11-06T19:54:09","modified_gmt":"2023-11-06T22:54:09","slug":"pilotos-argentinos-de-ktm-y-gasgas-listos-para-el-isde-2023","status":"publish","type":"post","link":"https:\/\/autofans.com.ar\/index.php\/2023\/11\/06\/pilotos-argentinos-de-ktm-y-gasgas-listos-para-el-isde-2023\/","title":{"rendered":"Pilotos argentinos de KTM y GasGas listos para el ISDE 2023"},"content":{"rendered":"<p>Dos pilotos de renombre en el mundo del enduro, Jos\u00e9 Mar\u00eda Mercado de KTM y Tom\u00e1s G\u00f3mez de GasGas, representar\u00e1n a Argentina en el FIM International Six Days of Enduro (ISDE) 2023, que se llevar\u00e1 a cabo en la provincia de San Juan del 6 al 11 de noviembre. Estos destacados pilotos formar\u00e1n parte de la Selecci\u00f3n argentina en las categor\u00edas Junior Trophy y World Trophy, respectivamente.<\/p>\n<p>&nbsp;<\/p>\n<h2>Un desaf\u00edo sin igual<\/h2>\n<p>El Six Days es una competencia de resistencia y habilidad, caracterizada por la ausencia de asistencia externa durante las jornadas de carrera. Los pilotos deben enfrentar el reto de mantener sus motos en funcionamiento sin ayuda, con un breve per\u00edodo de 15 minutos al final de cada d\u00eda para realizar tareas de mantenimiento, como cambios de neum\u00e1ticos y aceite.<\/p>\n<p>&nbsp;<\/p>\n<figure id=\"attachment_5652\" aria-describedby=\"caption-attachment-5652\" style=\"width: 1000px\" class=\"wp-caption aligncenter\"><img fetchpriority=\"high\" decoding=\"async\" class=\"wp-image-5652 size-full\" src=\"https:\/\/autofans.com.ar\/wp-content\/uploads\/2023\/11\/jose-maria-1.jpg\" alt=\"KTM y GasGas\" width=\"1000\" height=\"667\" srcset=\"https:\/\/autofans.com.ar\/wp-content\/uploads\/2023\/11\/jose-maria-1.jpg 1000w, https:\/\/autofans.com.ar\/wp-content\/uploads\/2023\/11\/jose-maria-1-300x200.jpg 300w, https:\/\/autofans.com.ar\/wp-content\/uploads\/2023\/11\/jose-maria-1-768x512.jpg 768w\" sizes=\"(max-width: 1000px) 100vw, 1000px\" \/><figcaption id=\"caption-attachment-5652\" class=\"wp-caption-text\">Jos\u00e9 Mar\u00eda Mercado piloto de KTM Argentina<\/figcaption><\/figure>\n<p>&nbsp;<\/p>\n<p>Argentina estar\u00e1 representada por 80 equipos en total, compitiendo contra pa\u00edses como Chile, Estados Unidos, Alemania, Brasil y m\u00e1s. Diversas provincias argentinas, como Mendoza, Salta, Santa Cruz, Tucum\u00e1n, Buenos Aires y San Juan, contribuir\u00e1n a la formaci\u00f3n de la selecci\u00f3n nacional.<\/p>\n<p>&nbsp;<\/p>\n<h2>KTM y GasGas &#8211; categorias y participantes<\/h2>\n<p>La selecci\u00f3n argentina en el ISDE 2023 incluye a Carla Scaglioni, Julieta Jerez y Melina Bretillot en la categor\u00eda Women; Jos\u00e9 Mar\u00eda Mercado (KTM), Cristobal Sola de Salta, y Lucas Godoy de Mendoza en la categor\u00eda Junior Trophy; y Nicol\u00e1s Kutulas, Cristian Arriagada, Adolfo Scaglioni y Tom\u00e1s G\u00f3mez (GasGas) en la categor\u00eda World Trophy.<\/p>\n<p>&nbsp;<\/p>\n<div id='gallery-1' class='gallery galleryid-5648 gallery-columns-2 gallery-size-full'><figure class='gallery-item'>\n\t\t\t<div class='gallery-icon landscape'>\n\t\t\t\t<a href='https:\/\/autofans.com.ar\/index.php\/2023\/11\/06\/pilotos-argentinos-de-ktm-y-gasgas-listos-para-el-isde-2023\/jose-maria-2\/'><img loading=\"lazy\" width=\"1000\" height=\"667\" src=\"https:\/\/autofans.com.ar\/wp-content\/uploads\/2023\/11\/jose-maria-2.jpg\" class=\"attachment-full size-full\" alt=\"KTM y GasGas\" aria-describedby=\"gallery-1-5651\" srcset=\"https:\/\/autofans.com.ar\/wp-content\/uploads\/2023\/11\/jose-maria-2.jpg 1000w, https:\/\/autofans.com.ar\/wp-content\/uploads\/2023\/11\/jose-maria-2-300x200.jpg 300w, https:\/\/autofans.com.ar\/wp-content\/uploads\/2023\/11\/jose-maria-2-768x512.jpg 768w\" sizes=\"auto, (max-width: 1000px) 100vw, 1000px\" loading=\"lazy\" decoding=\"async\" \/><\/a>\n\t\t\t<\/div>\n\t\t\t\t<figcaption class='wp-caption-text gallery-caption' id='gallery-1-5651'>\n\t\t\t\tJos\u00e9 Mar\u00eda Mercado piloto de KTM Argentina\n\t\t\t\t<\/figcaption><\/figure><figure class='gallery-item'>\n\t\t\t<div class='gallery-icon landscape'>\n\t\t\t\t<a href='https:\/\/autofans.com.ar\/index.php\/2023\/11\/06\/pilotos-argentinos-de-ktm-y-gasgas-listos-para-el-isde-2023\/tomas-gomez\/'><img loading=\"lazy\" width=\"1000\" height=\"667\" src=\"https:\/\/autofans.com.ar\/wp-content\/uploads\/2023\/11\/tomas-gomez.jpg\" class=\"attachment-full size-full\" alt=\"KTM y GasGas\" aria-describedby=\"gallery-1-5650\" srcset=\"https:\/\/autofans.com.ar\/wp-content\/uploads\/2023\/11\/tomas-gomez.jpg 1000w, https:\/\/autofans.com.ar\/wp-content\/uploads\/2023\/11\/tomas-gomez-300x200.jpg 300w, https:\/\/autofans.com.ar\/wp-content\/uploads\/2023\/11\/tomas-gomez-768x512.jpg 768w\" sizes=\"auto, (max-width: 1000px) 100vw, 1000px\" loading=\"lazy\" decoding=\"async\" \/><\/a>\n\t\t\t<\/div>\n\t\t\t\t<figcaption class='wp-caption-text gallery-caption' id='gallery-1-5650'>\n\t\t\t\tTom\u00e1s G\u00f3mez piloto de GasGas Argentina\n\t\t\t\t<\/figcaption><\/figure>\n\t\t<\/div>\n\n<p>&nbsp;<\/p>\n<p>El Six Days es la competencia de motos off-road m\u00e1s antigua en el calendario de la Federaci\u00f3n Internacional de Motociclismo (FIM), con 110 a\u00f1os de historia. A pesar de los desaf\u00edos a lo largo de los a\u00f1os, como las dos guerras mundiales y la pandemia de COVID-19 en 2020, esta legendaria carrera sigue adelante.<\/p>\n<p>&nbsp;<\/p>\n<h2>Grupo Simpa S.A. y las marcas<\/h2>\n<p>Grupo Simpa S.A. representa las marcas del Grupo KTM en Argentina, incluyendo KTM, Husqvarna Motorcycles y GasGas. Estos modelos se producen en la planta industrial de 10,000 m2 en Campana, Argentina. Jos\u00e9 Mar\u00eda Mercado y Tom\u00e1s G\u00f3mez compiten con pasi\u00f3n en sus respectivas motos KTM y GasGas, llevando el nombre de Argentina al escenario internacional del enduro.<\/p>\n<p>&nbsp;<\/p>\n<p>&nbsp;<\/p>\n<p><i>Para enterarte de m\u00e1s novedades, no dejes de leer\u00a0<\/i><a href=\"https:\/\/autofans.thebrandsoup.com\/\"><i>nuestras notas<\/i><\/a><i>, de ver<\/i><b><i>\u00a0<\/i><\/b><a href=\"https:\/\/www.youtube.com\/channel\/UCgAC8UGHZYbT6P7PpmVnP7g\"><b><i>AUTOFANS TV<\/i><\/b><\/a><b><i>\u00a0<\/i><\/b><i>en nuestro\u00a0canal de Youtube. Adem\u00e1s seguinos en\u00a0<\/i><a href=\"https:\/\/www.instagram.com\/autofanstv\/\"><i>INSTAGRAM<\/i><\/a><i> y <\/i><a href=\"https:\/\/www.facebook.com\/autofansmas\/\"><i>FACEBOOK<\/i><\/a><i> para no perderte nada sobre las novedades del segmento automotor de Argentina y el mundo.<\/i><\/p>\n","protected":false},"excerpt":{"rendered":"<p>Dos pilotos de renombre en el mundo del enduro, Jos\u00e9 Mar\u00eda Mercado de KTM y&#8230;<\/p>\n","protected":false},"author":2,"featured_media":5649,"comment_status":"closed","ping_status":"closed","sticky":false,"template":"","format":"standard","meta":{"footnotes":""},"categories":[127,16],"tags":[2884,1233,1378,2886,1944,2885,2882,2880,2758,1770,2883,2881],"class_list":["post-5648","post","type-post","status-publish","format-standard","has-post-thumbnail","hentry","category-deporte","category-noticias","tag-competencia-internacional","tag-enduro","tag-gasgas","tag-grupo-ktm-en-argentina","tag-grupo-simpa-s-a","tag-historia-del-six-days","tag-isde","tag-jose-maria-mercado","tag-ktm","tag-resistencia","tag-seleccion-argentina","tag-tomas-gomez"],"yoast_head":"<!-- This site is optimized with the Yoast SEO plugin v27.5 - https:\/\/yoast.com\/product\/yoast-seo-wordpress\/ -->\n<title>Pilotos argentinos de KTM y GasGas listos para el ISDE 2023 -<\/title>\n<meta name=\"description\" content=\"Jos\u00e9 Mar\u00eda Mercado de KTM y Tom\u00e1s G\u00f3mez de GasGas, representar\u00e1n a Argentina en el FIM International Six Days of Enduro (ISDE) 2023...\" \/>\n<meta name=\"robots\" content=\"index, follow, max-snippet:-1, max-image-preview:large, max-video-preview:-1\" \/>\n<link rel=\"canonical\" href=\"https:\/\/autofans.com.ar\/index.php\/2023\/11\/06\/pilotos-argentinos-de-ktm-y-gasgas-listos-para-el-isde-2023\/\" \/>\n<meta property=\"og:locale\" content=\"es_ES\" \/>\n<meta property=\"og:type\" content=\"article\" \/>\n<meta property=\"og:title\" content=\"Pilotos argentinos de KTM y GasGas listos para el ISDE 2023 -\" \/>\n<meta property=\"og:description\" content=\"Jos\u00e9 Mar\u00eda Mercado de KTM y Tom\u00e1s G\u00f3mez de GasGas, representar\u00e1n a Argentina en el FIM International Six Days of Enduro (ISDE) 2023...\" \/>\n<meta property=\"og:url\" content=\"https:\/\/autofans.com.ar\/index.php\/2023\/11\/06\/pilotos-argentinos-de-ktm-y-gasgas-listos-para-el-isde-2023\/\" \/>\n<meta property=\"article:published_time\" content=\"2023-11-06T22:54:09+00:00\" \/>\n<meta property=\"og:image\" content=\"https:\/\/autofans.com.ar\/wp-content\/uploads\/2023\/11\/grupo.jpg\" \/>\n\t<meta property=\"og:image:width\" content=\"1000\" \/>\n\t<meta property=\"og:image:height\" content=\"667\" \/>\n\t<meta property=\"og:image:type\" content=\"image\/jpeg\" \/>\n<meta name=\"author\" content=\"Alejandro Gabriel Rosito\" \/>\n<meta name=\"twitter:card\" content=\"summary_large_image\" \/>\n<meta name=\"twitter:label1\" content=\"Escrito por\" \/>\n\t<meta name=\"twitter:data1\" content=\"Alejandro Gabriel Rosito\" \/>\n\t<meta name=\"twitter:label2\" content=\"Tiempo de lectura\" \/>\n\t<meta name=\"twitter:data2\" content=\"3 minutos\" \/>\n<script type=\"application\/ld+json\" class=\"yoast-schema-graph\">{\"@context\":\"https:\\\/\\\/schema.org\",\"@graph\":[{\"@type\":\"Article\",\"@id\":\"https:\\\/\\\/autofans.com.ar\\\/index.php\\\/2023\\\/11\\\/06\\\/pilotos-argentinos-de-ktm-y-gasgas-listos-para-el-isde-2023\\\/#article\",\"isPartOf\":{\"@id\":\"https:\\\/\\\/autofans.com.ar\\\/index.php\\\/2023\\\/11\\\/06\\\/pilotos-argentinos-de-ktm-y-gasgas-listos-para-el-isde-2023\\\/\"},\"author\":{\"name\":\"Alejandro Gabriel Rosito\",\"@id\":\"https:\\\/\\\/autofans.com.ar\\\/#\\\/schema\\\/person\\\/4a8dda0b6df83ac3d6723e921274c2aa\"},\"headline\":\"Pilotos argentinos de KTM y GasGas listos para el ISDE 2023\",\"datePublished\":\"2023-11-06T22:54:09+00:00\",\"mainEntityOfPage\":{\"@id\":\"https:\\\/\\\/autofans.com.ar\\\/index.php\\\/2023\\\/11\\\/06\\\/pilotos-argentinos-de-ktm-y-gasgas-listos-para-el-isde-2023\\\/\"},\"wordCount\":458,\"image\":{\"@id\":\"https:\\\/\\\/autofans.com.ar\\\/index.php\\\/2023\\\/11\\\/06\\\/pilotos-argentinos-de-ktm-y-gasgas-listos-para-el-isde-2023\\\/#primaryimage\"},\"thumbnailUrl\":\"https:\\\/\\\/autofans.com.ar\\\/wp-content\\\/uploads\\\/2023\\\/11\\\/grupo.jpg\",\"keywords\":[\"competencia internacional\",\"enduro\",\"Gasgas\",\"Grupo KTM en Argentina\",\"Grupo Simpa S.A.\",\"historia del Six Days\",\"ISDE\",\"Jos\u00e9 Mar\u00eda Mercado\",\"KTM\",\"resistencia\",\"Selecci\u00f3n argentina\",\"Tom\u00e1s G\u00f3mez\"],\"articleSection\":[\"DEPORTE MOTOR\",\"NOTICIAS\"],\"inLanguage\":\"es\"},{\"@type\":\"WebPage\",\"@id\":\"https:\\\/\\\/autofans.com.ar\\\/index.php\\\/2023\\\/11\\\/06\\\/pilotos-argentinos-de-ktm-y-gasgas-listos-para-el-isde-2023\\\/\",\"url\":\"https:\\\/\\\/autofans.com.ar\\\/index.php\\\/2023\\\/11\\\/06\\\/pilotos-argentinos-de-ktm-y-gasgas-listos-para-el-isde-2023\\\/\",\"name\":\"Pilotos argentinos de KTM y GasGas listos para el ISDE 2023 -\",\"isPartOf\":{\"@id\":\"https:\\\/\\\/autofans.com.ar\\\/#website\"},\"primaryImageOfPage\":{\"@id\":\"https:\\\/\\\/autofans.com.ar\\\/index.php\\\/2023\\\/11\\\/06\\\/pilotos-argentinos-de-ktm-y-gasgas-listos-para-el-isde-2023\\\/#primaryimage\"},\"image\":{\"@id\":\"https:\\\/\\\/autofans.com.ar\\\/index.php\\\/2023\\\/11\\\/06\\\/pilotos-argentinos-de-ktm-y-gasgas-listos-para-el-isde-2023\\\/#primaryimage\"},\"thumbnailUrl\":\"https:\\\/\\\/autofans.com.ar\\\/wp-content\\\/uploads\\\/2023\\\/11\\\/grupo.jpg\",\"datePublished\":\"2023-11-06T22:54:09+00:00\",\"author\":{\"@id\":\"https:\\\/\\\/autofans.com.ar\\\/#\\\/schema\\\/person\\\/4a8dda0b6df83ac3d6723e921274c2aa\"},\"description\":\"Jos\u00e9 Mar\u00eda Mercado de KTM y Tom\u00e1s G\u00f3mez de GasGas, representar\u00e1n a Argentina en el FIM International Six Days of Enduro (ISDE) 2023...\",\"breadcrumb\":{\"@id\":\"https:\\\/\\\/autofans.com.ar\\\/index.php\\\/2023\\\/11\\\/06\\\/pilotos-argentinos-de-ktm-y-gasgas-listos-para-el-isde-2023\\\/#breadcrumb\"},\"inLanguage\":\"es\",\"potentialAction\":[{\"@type\":\"ReadAction\",\"target\":[\"https:\\\/\\\/autofans.com.ar\\\/index.php\\\/2023\\\/11\\\/06\\\/pilotos-argentinos-de-ktm-y-gasgas-listos-para-el-isde-2023\\\/\"]}]},{\"@type\":\"ImageObject\",\"inLanguage\":\"es\",\"@id\":\"https:\\\/\\\/autofans.com.ar\\\/index.php\\\/2023\\\/11\\\/06\\\/pilotos-argentinos-de-ktm-y-gasgas-listos-para-el-isde-2023\\\/#primaryimage\",\"url\":\"https:\\\/\\\/autofans.com.ar\\\/wp-content\\\/uploads\\\/2023\\\/11\\\/grupo.jpg\",\"contentUrl\":\"https:\\\/\\\/autofans.com.ar\\\/wp-content\\\/uploads\\\/2023\\\/11\\\/grupo.jpg\",\"width\":1000,\"height\":667,\"caption\":\"KTM y GasGas\"},{\"@type\":\"BreadcrumbList\",\"@id\":\"https:\\\/\\\/autofans.com.ar\\\/index.php\\\/2023\\\/11\\\/06\\\/pilotos-argentinos-de-ktm-y-gasgas-listos-para-el-isde-2023\\\/#breadcrumb\",\"itemListElement\":[{\"@type\":\"ListItem\",\"position\":1,\"name\":\"Inicio\",\"item\":\"https:\\\/\\\/autofans.com.ar\\\/\"},{\"@type\":\"ListItem\",\"position\":2,\"name\":\"Pilotos argentinos de KTM y GasGas listos para el ISDE 2023\"}]},{\"@type\":\"WebSite\",\"@id\":\"https:\\\/\\\/autofans.com.ar\\\/#website\",\"url\":\"https:\\\/\\\/autofans.com.ar\\\/\",\"name\":\"\",\"description\":\"El multimedio referente de la industria automotriz\",\"potentialAction\":[{\"@type\":\"SearchAction\",\"target\":{\"@type\":\"EntryPoint\",\"urlTemplate\":\"https:\\\/\\\/autofans.com.ar\\\/?s={search_term_string}\"},\"query-input\":{\"@type\":\"PropertyValueSpecification\",\"valueRequired\":true,\"valueName\":\"search_term_string\"}}],\"inLanguage\":\"es\"},{\"@type\":\"Person\",\"@id\":\"https:\\\/\\\/autofans.com.ar\\\/#\\\/schema\\\/person\\\/4a8dda0b6df83ac3d6723e921274c2aa\",\"name\":\"Alejandro Gabriel Rosito\",\"image\":{\"@type\":\"ImageObject\",\"inLanguage\":\"es\",\"@id\":\"https:\\\/\\\/secure.gravatar.com\\\/avatar\\\/16c5dda1489adfc62618084dcbb91cffd879c374b13fe5dd8e44ed6733852c88?s=96&d=mm&r=g\",\"url\":\"https:\\\/\\\/secure.gravatar.com\\\/avatar\\\/16c5dda1489adfc62618084dcbb91cffd879c374b13fe5dd8e44ed6733852c88?s=96&d=mm&r=g\",\"contentUrl\":\"https:\\\/\\\/secure.gravatar.com\\\/avatar\\\/16c5dda1489adfc62618084dcbb91cffd879c374b13fe5dd8e44ed6733852c88?s=96&d=mm&r=g\",\"caption\":\"Alejandro Gabriel Rosito\"},\"url\":\"https:\\\/\\\/autofans.com.ar\\\/index.php\\\/author\\\/gabrielr\\\/\"}]}<\/script>\n<!-- \/ Yoast SEO plugin. -->","yoast_head_json":{"title":"Pilotos argentinos de KTM y GasGas listos para el ISDE 2023 -","description":"Jos\u00e9 Mar\u00eda Mercado de KTM y Tom\u00e1s G\u00f3mez de GasGas, representar\u00e1n a Argentina en el FIM International Six Days of Enduro (ISDE) 2023...","robots":{"index":"index","follow":"follow","max-snippet":"max-snippet:-1","max-image-preview":"max-image-preview:large","max-video-preview":"max-video-preview:-1"},"canonical":"https:\/\/autofans.com.ar\/index.php\/2023\/11\/06\/pilotos-argentinos-de-ktm-y-gasgas-listos-para-el-isde-2023\/","og_locale":"es_ES","og_type":"article","og_title":"Pilotos argentinos de KTM y GasGas listos para el ISDE 2023 -","og_description":"Jos\u00e9 Mar\u00eda Mercado de KTM y Tom\u00e1s G\u00f3mez de GasGas, representar\u00e1n a Argentina en el FIM International Six Days of Enduro (ISDE) 2023...","og_url":"https:\/\/autofans.com.ar\/index.php\/2023\/11\/06\/pilotos-argentinos-de-ktm-y-gasgas-listos-para-el-isde-2023\/","article_published_time":"2023-11-06T22:54:09+00:00","og_image":[{"width":1000,"height":667,"url":"https:\/\/autofans.com.ar\/wp-content\/uploads\/2023\/11\/grupo.jpg","type":"image\/jpeg"}],"author":"Alejandro Gabriel Rosito","twitter_card":"summary_large_image","twitter_misc":{"Escrito por":"Alejandro Gabriel Rosito","Tiempo de lectura":"3 minutos"},"schema":{"@context":"https:\/\/schema.org","@graph":[{"@type":"Article","@id":"https:\/\/autofans.com.ar\/index.php\/2023\/11\/06\/pilotos-argentinos-de-ktm-y-gasgas-listos-para-el-isde-2023\/#article","isPartOf":{"@id":"https:\/\/autofans.com.ar\/index.php\/2023\/11\/06\/pilotos-argentinos-de-ktm-y-gasgas-listos-para-el-isde-2023\/"},"author":{"name":"Alejandro Gabriel Rosito","@id":"https:\/\/autofans.com.ar\/#\/schema\/person\/4a8dda0b6df83ac3d6723e921274c2aa"},"headline":"Pilotos argentinos de KTM y GasGas listos para el ISDE 2023","datePublished":"2023-11-06T22:54:09+00:00","mainEntityOfPage":{"@id":"https:\/\/autofans.com.ar\/index.php\/2023\/11\/06\/pilotos-argentinos-de-ktm-y-gasgas-listos-para-el-isde-2023\/"},"wordCount":458,"image":{"@id":"https:\/\/autofans.com.ar\/index.php\/2023\/11\/06\/pilotos-argentinos-de-ktm-y-gasgas-listos-para-el-isde-2023\/#primaryimage"},"thumbnailUrl":"https:\/\/autofans.com.ar\/wp-content\/uploads\/2023\/11\/grupo.jpg","keywords":["competencia internacional","enduro","Gasgas","Grupo KTM en Argentina","Grupo Simpa S.A.","historia del Six Days","ISDE","Jos\u00e9 Mar\u00eda Mercado","KTM","resistencia","Selecci\u00f3n argentina","Tom\u00e1s G\u00f3mez"],"articleSection":["DEPORTE MOTOR","NOTICIAS"],"inLanguage":"es"},{"@type":"WebPage","@id":"https:\/\/autofans.com.ar\/index.php\/2023\/11\/06\/pilotos-argentinos-de-ktm-y-gasgas-listos-para-el-isde-2023\/","url":"https:\/\/autofans.com.ar\/index.php\/2023\/11\/06\/pilotos-argentinos-de-ktm-y-gasgas-listos-para-el-isde-2023\/","name":"Pilotos argentinos de KTM y GasGas listos para el ISDE 2023 -","isPartOf":{"@id":"https:\/\/autofans.com.ar\/#website"},"primaryImageOfPage":{"@id":"https:\/\/autofans.com.ar\/index.php\/2023\/11\/06\/pilotos-argentinos-de-ktm-y-gasgas-listos-para-el-isde-2023\/#primaryimage"},"image":{"@id":"https:\/\/autofans.com.ar\/index.php\/2023\/11\/06\/pilotos-argentinos-de-ktm-y-gasgas-listos-para-el-isde-2023\/#primaryimage"},"thumbnailUrl":"https:\/\/autofans.com.ar\/wp-content\/uploads\/2023\/11\/grupo.jpg","datePublished":"2023-11-06T22:54:09+00:00","author":{"@id":"https:\/\/autofans.com.ar\/#\/schema\/person\/4a8dda0b6df83ac3d6723e921274c2aa"},"description":"Jos\u00e9 Mar\u00eda Mercado de KTM y Tom\u00e1s G\u00f3mez de GasGas, representar\u00e1n a Argentina en el FIM International Six Days of Enduro (ISDE) 2023...","breadcrumb":{"@id":"https:\/\/autofans.com.ar\/index.php\/2023\/11\/06\/pilotos-argentinos-de-ktm-y-gasgas-listos-para-el-isde-2023\/#breadcrumb"},"inLanguage":"es","potentialAction":[{"@type":"ReadAction","target":["https:\/\/autofans.com.ar\/index.php\/2023\/11\/06\/pilotos-argentinos-de-ktm-y-gasgas-listos-para-el-isde-2023\/"]}]},{"@type":"ImageObject","inLanguage":"es","@id":"https:\/\/autofans.com.ar\/index.php\/2023\/11\/06\/pilotos-argentinos-de-ktm-y-gasgas-listos-para-el-isde-2023\/#primaryimage","url":"https:\/\/autofans.com.ar\/wp-content\/uploads\/2023\/11\/grupo.jpg","contentUrl":"https:\/\/autofans.com.ar\/wp-content\/uploads\/2023\/11\/grupo.jpg","width":1000,"height":667,"caption":"KTM y GasGas"},{"@type":"BreadcrumbList","@id":"https:\/\/autofans.com.ar\/index.php\/2023\/11\/06\/pilotos-argentinos-de-ktm-y-gasgas-listos-para-el-isde-2023\/#breadcrumb","itemListElement":[{"@type":"ListItem","position":1,"name":"Inicio","item":"https:\/\/autofans.com.ar\/"},{"@type":"ListItem","position":2,"name":"Pilotos argentinos de KTM y GasGas listos para el ISDE 2023"}]},{"@type":"WebSite","@id":"https:\/\/autofans.com.ar\/#website","url":"https:\/\/autofans.com.ar\/","name":"","description":"El multimedio referente de la industria automotriz","potentialAction":[{"@type":"SearchAction","target":{"@type":"EntryPoint","urlTemplate":"https:\/\/autofans.com.ar\/?s={search_term_string}"},"query-input":{"@type":"PropertyValueSpecification","valueRequired":true,"valueName":"search_term_string"}}],"inLanguage":"es"},{"@type":"Person","@id":"https:\/\/autofans.com.ar\/#\/schema\/person\/4a8dda0b6df83ac3d6723e921274c2aa","name":"Alejandro Gabriel Rosito","image":{"@type":"ImageObject","inLanguage":"es","@id":"https:\/\/secure.gravatar.com\/avatar\/16c5dda1489adfc62618084dcbb91cffd879c374b13fe5dd8e44ed6733852c88?s=96&d=mm&r=g","url":"https:\/\/secure.gravatar.com\/avatar\/16c5dda1489adfc62618084dcbb91cffd879c374b13fe5dd8e44ed6733852c88?s=96&d=mm&r=g","contentUrl":"https:\/\/secure.gravatar.com\/avatar\/16c5dda1489adfc62618084dcbb91cffd879c374b13fe5dd8e44ed6733852c88?s=96&d=mm&r=g","caption":"Alejandro Gabriel Rosito"},"url":"https:\/\/autofans.com.ar\/index.php\/author\/gabrielr\/"}]}},"featured_image_urls":{"full":["https:\/\/autofans.com.ar\/wp-content\/uploads\/2023\/11\/grupo.jpg",1000,667,false],"thumbnail":["https:\/\/autofans.com.ar\/wp-content\/uploads\/2023\/11\/grupo-150x150.jpg",150,150,true],"medium":["https:\/\/autofans.com.ar\/wp-content\/uploads\/2023\/11\/grupo-300x200.jpg",300,200,true],"medium_large":["https:\/\/autofans.com.ar\/wp-content\/uploads\/2023\/11\/grupo-768x512.jpg",640,427,true],"large":["https:\/\/autofans.com.ar\/wp-content\/uploads\/2023\/11\/grupo.jpg",640,427,false],"1536x1536":["https:\/\/autofans.com.ar\/wp-content\/uploads\/2023\/11\/grupo.jpg",1000,667,false],"2048x2048":["https:\/\/autofans.com.ar\/wp-content\/uploads\/2023\/11\/grupo.jpg",1000,667,false],"covernews-featured":["https:\/\/autofans.com.ar\/wp-content\/uploads\/2023\/11\/grupo.jpg",1000,667,false],"covernews-medium":["https:\/\/autofans.com.ar\/wp-content\/uploads\/2023\/11\/grupo-540x340.jpg",540,340,true]},"author_info":{"display_name":"Alejandro Gabriel Rosito","author_link":"https:\/\/autofans.com.ar\/index.php\/author\/gabrielr\/"},"category_info":"<a href=\"https:\/\/autofans.com.ar\/index.php\/category\/noticias\/deporte\/\" rel=\"category tag\">DEPORTE MOTOR<\/a> <a href=\"https:\/\/autofans.com.ar\/index.php\/category\/noticias\/\" rel=\"category tag\">NOTICIAS<\/a>","tag_info":"NOTICIAS","comment_count":0,"_links":{"self":[{"href":"https:\/\/autofans.com.ar\/index.php\/wp-json\/wp\/v2\/posts\/5648","targetHints":{"allow":["GET"]}}],"collection":[{"href":"https:\/\/autofans.com.ar\/index.php\/wp-json\/wp\/v2\/posts"}],"about":[{"href":"https:\/\/autofans.com.ar\/index.php\/wp-json\/wp\/v2\/types\/post"}],"author":[{"embeddable":true,"href":"https:\/\/autofans.com.ar\/index.php\/wp-json\/wp\/v2\/users\/2"}],"replies":[{"embeddable":true,"href":"https:\/\/autofans.com.ar\/index.php\/wp-json\/wp\/v2\/comments?post=5648"}],"version-history":[{"count":1,"href":"https:\/\/autofans.com.ar\/index.php\/wp-json\/wp\/v2\/posts\/5648\/revisions"}],"predecessor-version":[{"id":5653,"href":"https:\/\/autofans.com.ar\/index.php\/wp-json\/wp\/v2\/posts\/5648\/revisions\/5653"}],"wp:featuredmedia":[{"embeddable":true,"href":"https:\/\/autofans.com.ar\/index.php\/wp-json\/wp\/v2\/media\/5649"}],"wp:attachment":[{"href":"https:\/\/autofans.com.ar\/index.php\/wp-json\/wp\/v2\/media?parent=5648"}],"wp:term":[{"taxonomy":"category","embeddable":true,"href":"https:\/\/autofans.com.ar\/index.php\/wp-json\/wp\/v2\/categories?post=5648"},{"taxonomy":"post_tag","embeddable":true,"href":"https:\/\/autofans.com.ar\/index.php\/wp-json\/wp\/v2\/tags?post=5648"}],"curies":[{"name":"wp","href":"https:\/\/api.w.org\/{rel}","templated":true}]}}