{"id":5706,"date":"2023-11-09T17:54:46","date_gmt":"2023-11-09T20:54:46","guid":{"rendered":"https:\/\/autofans.com.ar\/?p=5706"},"modified":"2023-11-08T17:55:15","modified_gmt":"2023-11-08T20:55:15","slug":"mercedes-benz-argentina-exporta-chasis-de-buses-a-mexico","status":"publish","type":"post","link":"https:\/\/autofans.com.ar\/index.php\/2023\/11\/09\/mercedes-benz-argentina-exporta-chasis-de-buses-a-mexico\/","title":{"rendered":"Mercedes-Benz Argentina exporta chasis de buses a M\u00e9xico"},"content":{"rendered":"<p>En una emocionante noticia para la industria automotriz argentina, los chasis de buses fabricados por Mercedes-Benz Camiones y Buses Argentina han cruzado fronteras y est\u00e1n en pleno funcionamiento en la ciudad de M\u00e9rida, M\u00e9xico. Esto marca un hito en la exportaci\u00f3n de veh\u00edculos argentinos y subraya la calidad y eficiencia de los productos fabricados en el pa\u00eds.<\/p>\n<p>&nbsp;<\/p>\n<div class=\"page\" style=\"text-align: left;\" title=\"Page 1\">\n<div class=\"section\">\n<div class=\"section\">\n<div class=\"layoutArea\">\n<blockquote>\n<div class=\"column\" style=\"text-align: center;\">\u201cNo cabe duda de que la Estrella de las Tres Puntas nos une con el u\u0301nico objetivo de proveer a los mexicanos buses de clase mundial para brindar soluciones de movilidad, con los ma\u0301s altos esta\u0301ndares de calidad, seguridad, confort y tecnologi\u0301a de punta. Es importante resaltar que este tipo de vehi\u0301culo OH Low Entry tendra\u0301 su lanzamiento oficial en Expo Transporte en Guadalajara en algunas semanas\u201d, comento\u0301 Rau\u0301l Gonza\u0301lez, Director de Ventas, Postventa y Marketing de Mercedes-Benz Buses Me\u0301xico.<\/div>\n<\/blockquote>\n<\/div>\n<\/div>\n<\/div>\n<\/div>\n<p>&nbsp;<\/p>\n<h2 style=\"text-align: left;\">Chasis de buses OH 1621\/55 Low Entry de Mercedes-Benz<\/h2>\n<p>Mercedes-Benz Camiones y Buses Argentina, tras casi dos a\u00f1os de operar como una empresa independiente, ha logrado consolidar su compromiso con la industria nacional y alcanzar sus metas de exportaci\u00f3n. En este caso, tres de cada diez chasis de buses OH 1621\/55 producidos en su planta de Virrey del Pino, La Matanza, tienen como destino M\u00e9xico. Estos chasis est\u00e1n contribuyendo a la movilidad de 117 mil usuarios que diariamente recorren las calles de M\u00e9rida gracias a la empresa MobilityADO.<\/p>\n<p>&nbsp;<\/p>\n<figure id=\"attachment_5710\" aria-describedby=\"caption-attachment-5710\" style=\"width: 1000px\" class=\"wp-caption aligncenter\"><img fetchpriority=\"high\" decoding=\"async\" class=\"wp-image-5710 size-full\" src=\"https:\/\/autofans.com.ar\/wp-content\/uploads\/2023\/11\/chasis-1.jpg\" alt=\"Mercedes-Benz\" width=\"1000\" height=\"667\" srcset=\"https:\/\/autofans.com.ar\/wp-content\/uploads\/2023\/11\/chasis-1.jpg 1000w, https:\/\/autofans.com.ar\/wp-content\/uploads\/2023\/11\/chasis-1-300x200.jpg 300w, https:\/\/autofans.com.ar\/wp-content\/uploads\/2023\/11\/chasis-1-768x512.jpg 768w\" sizes=\"(max-width: 1000px) 100vw, 1000px\" \/><figcaption id=\"caption-attachment-5710\" class=\"wp-caption-text\">Sebasti\u00e1n Gysin, Director de Ventas y Marketing de Mercedes-Benz Buses Argentina<\/figcaption><\/figure>\n<p>&nbsp;<\/p>\n<p>El modelo OH 1621\/55 Low Entry se ha lanzado por primera vez en el extranjero, y los ciudadanos de M\u00e9rida son los primeros en disfrutar de sus beneficios. Estos veh\u00edculos tienen una longitud de 10.5 metros, lo que les permite maniobrar en curvas cerradas, ideal para ciudades complejas. Adem\u00e1s, su accesibilidad es un punto fuerte, ya que cuentan con una entrada baja y una puerta entre ejes, garantizando que todos los pasajeros puedan disfrutar de un transporte moderno, flexible, eficiente y de calidad.<\/p>\n<p>&nbsp;<\/p>\n<div class=\"page\" title=\"Page 1\">\n<div class=\"layoutArea\">\n<div class=\"column\">\n<blockquote>\n<p style=\"text-align: center;\">Estamos seguros que esta inversio\u0301n en el transporte pu\u0301blico no solo beneficiara\u0301 a los usuarios, sino que tambie\u0301n tendra\u0301 un impacto positivo en la movilidad, reduciendo la congestio\u0301n del tra\u0301fico y disminuyendo la huella ambiental\u201d, concluyo\u0301 Aldo Alarco\u0301n.<\/p>\n<p>&nbsp;<\/p><\/blockquote>\n<\/div>\n<\/div>\n<\/div>\n<p>&nbsp;<\/p>\n<h2>Calidad del servicio en Yucat\u00e1n<\/h2>\n<p>Rafael Hern\u00e1ndez Kotasek, titular de la Agencia de Transporte de Yucat\u00e1n, mencion\u00f3 las caracter\u00edsticas especiales de estos veh\u00edculos, como racks para bicicletas, pago por tarjeta inteligente, accesibilidad universal, asientos y espacios preferentes para personas con discapacidad, adultos mayores y de talla baja, adem\u00e1s de otros servicios que mejoran la calidad del transporte p\u00fablico en Yucat\u00e1n.<\/p>\n<p>&nbsp;<\/p>\n<p><img decoding=\"async\" class=\"aligncenter wp-image-5709 size-full\" src=\"https:\/\/autofans.com.ar\/wp-content\/uploads\/2023\/11\/chasis-2.jpg\" alt=\"Mercedes-Benz\" width=\"1000\" height=\"667\" srcset=\"https:\/\/autofans.com.ar\/wp-content\/uploads\/2023\/11\/chasis-2.jpg 1000w, https:\/\/autofans.com.ar\/wp-content\/uploads\/2023\/11\/chasis-2-300x200.jpg 300w, https:\/\/autofans.com.ar\/wp-content\/uploads\/2023\/11\/chasis-2-768x512.jpg 768w\" sizes=\"(max-width: 1000px) 100vw, 1000px\" \/><\/p>\n<p>&nbsp;<\/p>\n<p>Mercedes-Benz Camiones y Buses sigue trabajando para promover la movilidad eficiente y accesible a nivel mundial, con un enfoque claro en la satisfacci\u00f3n del usuario y la excelencia en el transporte.<\/p>\n<p>&nbsp;<\/p>\n<p>&nbsp;<\/p>\n<p><i>Para enterarte de m\u00e1s novedades, no dejes de leer\u00a0<\/i><a href=\"https:\/\/autofans.thebrandsoup.com\/\"><i>nuestras notas<\/i><\/a><i>, de ver<\/i><b><i>\u00a0<\/i><\/b><a href=\"https:\/\/www.youtube.com\/channel\/UCgAC8UGHZYbT6P7PpmVnP7g\"><b><i>AUTOFANS TV<\/i><\/b><\/a><b><i>\u00a0<\/i><\/b><i>en nuestro\u00a0canal de Youtube. Adem\u00e1s seguinos en\u00a0<\/i><a href=\"https:\/\/www.instagram.com\/autofanstv\/\"><i>INSTAGRAM<\/i><\/a><i> y <\/i><a href=\"https:\/\/www.facebook.com\/autofansmas\/\"><i>FACEBOOK<\/i><\/a><i> para no perderte nada sobre las novedades del segmento automotor de Argentina y el mundo.<\/i><\/p>\n<p><i><span class=\"Apple-converted-space\">\u00a0<\/span><\/i><\/p>\n","protected":false},"excerpt":{"rendered":"<p>En una emocionante noticia para la industria automotriz argentina, los chasis de buses fabricados por&#8230;<\/p>\n","protected":false},"author":2,"featured_media":5708,"comment_status":"closed","ping_status":"closed","sticky":false,"template":"","format":"standard","meta":{"footnotes":""},"categories":[16,10],"tags":[38,2918,1223,364,2919,2920,1390],"class_list":["post-5706","post","type-post","status-publish","format-standard","has-post-thumbnail","hentry","category-noticias","category-utilitarios-y-pesados-lanzamientos","tag-argentina","tag-chasis-de-buses","tag-exportacion","tag-mercedes-benz","tag-mexico","tag-mobilityado","tag-transporte-publico"],"yoast_head":"<!-- This site is optimized with the Yoast SEO plugin v27.5 - https:\/\/yoast.com\/product\/yoast-seo-wordpress\/ -->\n<title>Mercedes-Benz Argentina exporta chasis de buses a M\u00e9xico -<\/title>\n<meta name=\"description\" content=\"Los chasis de buses fabricados por Mercedes-Benz Camiones y Buses Argentina han cruzado fronteras, en la ciudad de M\u00e9rida, M\u00e9xico...\" \/>\n<meta name=\"robots\" content=\"index, follow, max-snippet:-1, max-image-preview:large, max-video-preview:-1\" \/>\n<link rel=\"canonical\" href=\"https:\/\/autofans.com.ar\/index.php\/2023\/11\/09\/mercedes-benz-argentina-exporta-chasis-de-buses-a-mexico\/\" \/>\n<meta property=\"og:locale\" content=\"es_ES\" \/>\n<meta property=\"og:type\" content=\"article\" \/>\n<meta property=\"og:title\" content=\"Mercedes-Benz Argentina exporta chasis de buses a M\u00e9xico -\" \/>\n<meta property=\"og:description\" content=\"Los chasis de buses fabricados por Mercedes-Benz Camiones y Buses Argentina han cruzado fronteras, en la ciudad de M\u00e9rida, M\u00e9xico...\" \/>\n<meta property=\"og:url\" content=\"https:\/\/autofans.com.ar\/index.php\/2023\/11\/09\/mercedes-benz-argentina-exporta-chasis-de-buses-a-mexico\/\" \/>\n<meta property=\"article:published_time\" content=\"2023-11-09T20:54:46+00:00\" \/>\n<meta property=\"og:image\" content=\"https:\/\/autofans.com.ar\/wp-content\/uploads\/2023\/11\/chasis-3.jpg\" \/>\n\t<meta property=\"og:image:width\" content=\"1000\" \/>\n\t<meta property=\"og:image:height\" content=\"667\" \/>\n\t<meta property=\"og:image:type\" content=\"image\/jpeg\" \/>\n<meta name=\"author\" content=\"Alejandro Gabriel Rosito\" \/>\n<meta name=\"twitter:card\" content=\"summary_large_image\" \/>\n<meta name=\"twitter:label1\" content=\"Escrito por\" \/>\n\t<meta name=\"twitter:data1\" content=\"Alejandro Gabriel Rosito\" \/>\n\t<meta name=\"twitter:label2\" content=\"Tiempo de lectura\" \/>\n\t<meta name=\"twitter:data2\" content=\"3 minutos\" \/>\n<script type=\"application\/ld+json\" class=\"yoast-schema-graph\">{\"@context\":\"https:\\\/\\\/schema.org\",\"@graph\":[{\"@type\":\"Article\",\"@id\":\"https:\\\/\\\/autofans.com.ar\\\/index.php\\\/2023\\\/11\\\/09\\\/mercedes-benz-argentina-exporta-chasis-de-buses-a-mexico\\\/#article\",\"isPartOf\":{\"@id\":\"https:\\\/\\\/autofans.com.ar\\\/index.php\\\/2023\\\/11\\\/09\\\/mercedes-benz-argentina-exporta-chasis-de-buses-a-mexico\\\/\"},\"author\":{\"name\":\"Alejandro Gabriel Rosito\",\"@id\":\"https:\\\/\\\/autofans.com.ar\\\/#\\\/schema\\\/person\\\/4a8dda0b6df83ac3d6723e921274c2aa\"},\"headline\":\"Mercedes-Benz Argentina exporta chasis de buses a M\u00e9xico\",\"datePublished\":\"2023-11-09T20:54:46+00:00\",\"mainEntityOfPage\":{\"@id\":\"https:\\\/\\\/autofans.com.ar\\\/index.php\\\/2023\\\/11\\\/09\\\/mercedes-benz-argentina-exporta-chasis-de-buses-a-mexico\\\/\"},\"wordCount\":551,\"image\":{\"@id\":\"https:\\\/\\\/autofans.com.ar\\\/index.php\\\/2023\\\/11\\\/09\\\/mercedes-benz-argentina-exporta-chasis-de-buses-a-mexico\\\/#primaryimage\"},\"thumbnailUrl\":\"https:\\\/\\\/autofans.com.ar\\\/wp-content\\\/uploads\\\/2023\\\/11\\\/chasis-3.jpg\",\"keywords\":[\"Argentina\",\"chasis de buses\",\"exportaci\u00f3n\",\"Mercedes-Benz\",\"M\u00e9xico\",\"MobilityADO\",\"transporte p\u00fablico\"],\"articleSection\":[\"NOTICIAS\",\"Pick Ups, Utilitarios y Pesados\"],\"inLanguage\":\"es\"},{\"@type\":\"WebPage\",\"@id\":\"https:\\\/\\\/autofans.com.ar\\\/index.php\\\/2023\\\/11\\\/09\\\/mercedes-benz-argentina-exporta-chasis-de-buses-a-mexico\\\/\",\"url\":\"https:\\\/\\\/autofans.com.ar\\\/index.php\\\/2023\\\/11\\\/09\\\/mercedes-benz-argentina-exporta-chasis-de-buses-a-mexico\\\/\",\"name\":\"Mercedes-Benz Argentina exporta chasis de buses a M\u00e9xico -\",\"isPartOf\":{\"@id\":\"https:\\\/\\\/autofans.com.ar\\\/#website\"},\"primaryImageOfPage\":{\"@id\":\"https:\\\/\\\/autofans.com.ar\\\/index.php\\\/2023\\\/11\\\/09\\\/mercedes-benz-argentina-exporta-chasis-de-buses-a-mexico\\\/#primaryimage\"},\"image\":{\"@id\":\"https:\\\/\\\/autofans.com.ar\\\/index.php\\\/2023\\\/11\\\/09\\\/mercedes-benz-argentina-exporta-chasis-de-buses-a-mexico\\\/#primaryimage\"},\"thumbnailUrl\":\"https:\\\/\\\/autofans.com.ar\\\/wp-content\\\/uploads\\\/2023\\\/11\\\/chasis-3.jpg\",\"datePublished\":\"2023-11-09T20:54:46+00:00\",\"author\":{\"@id\":\"https:\\\/\\\/autofans.com.ar\\\/#\\\/schema\\\/person\\\/4a8dda0b6df83ac3d6723e921274c2aa\"},\"description\":\"Los chasis de buses fabricados por Mercedes-Benz Camiones y Buses Argentina han cruzado fronteras, en la ciudad de M\u00e9rida, M\u00e9xico...\",\"breadcrumb\":{\"@id\":\"https:\\\/\\\/autofans.com.ar\\\/index.php\\\/2023\\\/11\\\/09\\\/mercedes-benz-argentina-exporta-chasis-de-buses-a-mexico\\\/#breadcrumb\"},\"inLanguage\":\"es\",\"potentialAction\":[{\"@type\":\"ReadAction\",\"target\":[\"https:\\\/\\\/autofans.com.ar\\\/index.php\\\/2023\\\/11\\\/09\\\/mercedes-benz-argentina-exporta-chasis-de-buses-a-mexico\\\/\"]}]},{\"@type\":\"ImageObject\",\"inLanguage\":\"es\",\"@id\":\"https:\\\/\\\/autofans.com.ar\\\/index.php\\\/2023\\\/11\\\/09\\\/mercedes-benz-argentina-exporta-chasis-de-buses-a-mexico\\\/#primaryimage\",\"url\":\"https:\\\/\\\/autofans.com.ar\\\/wp-content\\\/uploads\\\/2023\\\/11\\\/chasis-3.jpg\",\"contentUrl\":\"https:\\\/\\\/autofans.com.ar\\\/wp-content\\\/uploads\\\/2023\\\/11\\\/chasis-3.jpg\",\"width\":1000,\"height\":667,\"caption\":\"Mercedes-Benz\"},{\"@type\":\"BreadcrumbList\",\"@id\":\"https:\\\/\\\/autofans.com.ar\\\/index.php\\\/2023\\\/11\\\/09\\\/mercedes-benz-argentina-exporta-chasis-de-buses-a-mexico\\\/#breadcrumb\",\"itemListElement\":[{\"@type\":\"ListItem\",\"position\":1,\"name\":\"Inicio\",\"item\":\"https:\\\/\\\/autofans.com.ar\\\/\"},{\"@type\":\"ListItem\",\"position\":2,\"name\":\"Mercedes-Benz Argentina exporta chasis de buses a M\u00e9xico\"}]},{\"@type\":\"WebSite\",\"@id\":\"https:\\\/\\\/autofans.com.ar\\\/#website\",\"url\":\"https:\\\/\\\/autofans.com.ar\\\/\",\"name\":\"\",\"description\":\"El multimedio referente de la industria automotriz\",\"potentialAction\":[{\"@type\":\"SearchAction\",\"target\":{\"@type\":\"EntryPoint\",\"urlTemplate\":\"https:\\\/\\\/autofans.com.ar\\\/?s={search_term_string}\"},\"query-input\":{\"@type\":\"PropertyValueSpecification\",\"valueRequired\":true,\"valueName\":\"search_term_string\"}}],\"inLanguage\":\"es\"},{\"@type\":\"Person\",\"@id\":\"https:\\\/\\\/autofans.com.ar\\\/#\\\/schema\\\/person\\\/4a8dda0b6df83ac3d6723e921274c2aa\",\"name\":\"Alejandro Gabriel Rosito\",\"image\":{\"@type\":\"ImageObject\",\"inLanguage\":\"es\",\"@id\":\"https:\\\/\\\/secure.gravatar.com\\\/avatar\\\/16c5dda1489adfc62618084dcbb91cffd879c374b13fe5dd8e44ed6733852c88?s=96&d=mm&r=g\",\"url\":\"https:\\\/\\\/secure.gravatar.com\\\/avatar\\\/16c5dda1489adfc62618084dcbb91cffd879c374b13fe5dd8e44ed6733852c88?s=96&d=mm&r=g\",\"contentUrl\":\"https:\\\/\\\/secure.gravatar.com\\\/avatar\\\/16c5dda1489adfc62618084dcbb91cffd879c374b13fe5dd8e44ed6733852c88?s=96&d=mm&r=g\",\"caption\":\"Alejandro Gabriel Rosito\"},\"url\":\"https:\\\/\\\/autofans.com.ar\\\/index.php\\\/author\\\/gabrielr\\\/\"}]}<\/script>\n<!-- \/ Yoast SEO plugin. -->","yoast_head_json":{"title":"Mercedes-Benz Argentina exporta chasis de buses a M\u00e9xico -","description":"Los chasis de buses fabricados por Mercedes-Benz Camiones y Buses Argentina han cruzado fronteras, en la ciudad de M\u00e9rida, M\u00e9xico...","robots":{"index":"index","follow":"follow","max-snippet":"max-snippet:-1","max-image-preview":"max-image-preview:large","max-video-preview":"max-video-preview:-1"},"canonical":"https:\/\/autofans.com.ar\/index.php\/2023\/11\/09\/mercedes-benz-argentina-exporta-chasis-de-buses-a-mexico\/","og_locale":"es_ES","og_type":"article","og_title":"Mercedes-Benz Argentina exporta chasis de buses a M\u00e9xico -","og_description":"Los chasis de buses fabricados por Mercedes-Benz Camiones y Buses Argentina han cruzado fronteras, en la ciudad de M\u00e9rida, M\u00e9xico...","og_url":"https:\/\/autofans.com.ar\/index.php\/2023\/11\/09\/mercedes-benz-argentina-exporta-chasis-de-buses-a-mexico\/","article_published_time":"2023-11-09T20:54:46+00:00","og_image":[{"width":1000,"height":667,"url":"https:\/\/autofans.com.ar\/wp-content\/uploads\/2023\/11\/chasis-3.jpg","type":"image\/jpeg"}],"author":"Alejandro Gabriel Rosito","twitter_card":"summary_large_image","twitter_misc":{"Escrito por":"Alejandro Gabriel Rosito","Tiempo de lectura":"3 minutos"},"schema":{"@context":"https:\/\/schema.org","@graph":[{"@type":"Article","@id":"https:\/\/autofans.com.ar\/index.php\/2023\/11\/09\/mercedes-benz-argentina-exporta-chasis-de-buses-a-mexico\/#article","isPartOf":{"@id":"https:\/\/autofans.com.ar\/index.php\/2023\/11\/09\/mercedes-benz-argentina-exporta-chasis-de-buses-a-mexico\/"},"author":{"name":"Alejandro Gabriel Rosito","@id":"https:\/\/autofans.com.ar\/#\/schema\/person\/4a8dda0b6df83ac3d6723e921274c2aa"},"headline":"Mercedes-Benz Argentina exporta chasis de buses a M\u00e9xico","datePublished":"2023-11-09T20:54:46+00:00","mainEntityOfPage":{"@id":"https:\/\/autofans.com.ar\/index.php\/2023\/11\/09\/mercedes-benz-argentina-exporta-chasis-de-buses-a-mexico\/"},"wordCount":551,"image":{"@id":"https:\/\/autofans.com.ar\/index.php\/2023\/11\/09\/mercedes-benz-argentina-exporta-chasis-de-buses-a-mexico\/#primaryimage"},"thumbnailUrl":"https:\/\/autofans.com.ar\/wp-content\/uploads\/2023\/11\/chasis-3.jpg","keywords":["Argentina","chasis de buses","exportaci\u00f3n","Mercedes-Benz","M\u00e9xico","MobilityADO","transporte p\u00fablico"],"articleSection":["NOTICIAS","Pick Ups, Utilitarios y Pesados"],"inLanguage":"es"},{"@type":"WebPage","@id":"https:\/\/autofans.com.ar\/index.php\/2023\/11\/09\/mercedes-benz-argentina-exporta-chasis-de-buses-a-mexico\/","url":"https:\/\/autofans.com.ar\/index.php\/2023\/11\/09\/mercedes-benz-argentina-exporta-chasis-de-buses-a-mexico\/","name":"Mercedes-Benz Argentina exporta chasis de buses a M\u00e9xico -","isPartOf":{"@id":"https:\/\/autofans.com.ar\/#website"},"primaryImageOfPage":{"@id":"https:\/\/autofans.com.ar\/index.php\/2023\/11\/09\/mercedes-benz-argentina-exporta-chasis-de-buses-a-mexico\/#primaryimage"},"image":{"@id":"https:\/\/autofans.com.ar\/index.php\/2023\/11\/09\/mercedes-benz-argentina-exporta-chasis-de-buses-a-mexico\/#primaryimage"},"thumbnailUrl":"https:\/\/autofans.com.ar\/wp-content\/uploads\/2023\/11\/chasis-3.jpg","datePublished":"2023-11-09T20:54:46+00:00","author":{"@id":"https:\/\/autofans.com.ar\/#\/schema\/person\/4a8dda0b6df83ac3d6723e921274c2aa"},"description":"Los chasis de buses fabricados por Mercedes-Benz Camiones y Buses Argentina han cruzado fronteras, en la ciudad de M\u00e9rida, M\u00e9xico...","breadcrumb":{"@id":"https:\/\/autofans.com.ar\/index.php\/2023\/11\/09\/mercedes-benz-argentina-exporta-chasis-de-buses-a-mexico\/#breadcrumb"},"inLanguage":"es","potentialAction":[{"@type":"ReadAction","target":["https:\/\/autofans.com.ar\/index.php\/2023\/11\/09\/mercedes-benz-argentina-exporta-chasis-de-buses-a-mexico\/"]}]},{"@type":"ImageObject","inLanguage":"es","@id":"https:\/\/autofans.com.ar\/index.php\/2023\/11\/09\/mercedes-benz-argentina-exporta-chasis-de-buses-a-mexico\/#primaryimage","url":"https:\/\/autofans.com.ar\/wp-content\/uploads\/2023\/11\/chasis-3.jpg","contentUrl":"https:\/\/autofans.com.ar\/wp-content\/uploads\/2023\/11\/chasis-3.jpg","width":1000,"height":667,"caption":"Mercedes-Benz"},{"@type":"BreadcrumbList","@id":"https:\/\/autofans.com.ar\/index.php\/2023\/11\/09\/mercedes-benz-argentina-exporta-chasis-de-buses-a-mexico\/#breadcrumb","itemListElement":[{"@type":"ListItem","position":1,"name":"Inicio","item":"https:\/\/autofans.com.ar\/"},{"@type":"ListItem","position":2,"name":"Mercedes-Benz Argentina exporta chasis de buses a M\u00e9xico"}]},{"@type":"WebSite","@id":"https:\/\/autofans.com.ar\/#website","url":"https:\/\/autofans.com.ar\/","name":"","description":"El multimedio referente de la industria automotriz","potentialAction":[{"@type":"SearchAction","target":{"@type":"EntryPoint","urlTemplate":"https:\/\/autofans.com.ar\/?s={search_term_string}"},"query-input":{"@type":"PropertyValueSpecification","valueRequired":true,"valueName":"search_term_string"}}],"inLanguage":"es"},{"@type":"Person","@id":"https:\/\/autofans.com.ar\/#\/schema\/person\/4a8dda0b6df83ac3d6723e921274c2aa","name":"Alejandro Gabriel Rosito","image":{"@type":"ImageObject","inLanguage":"es","@id":"https:\/\/secure.gravatar.com\/avatar\/16c5dda1489adfc62618084dcbb91cffd879c374b13fe5dd8e44ed6733852c88?s=96&d=mm&r=g","url":"https:\/\/secure.gravatar.com\/avatar\/16c5dda1489adfc62618084dcbb91cffd879c374b13fe5dd8e44ed6733852c88?s=96&d=mm&r=g","contentUrl":"https:\/\/secure.gravatar.com\/avatar\/16c5dda1489adfc62618084dcbb91cffd879c374b13fe5dd8e44ed6733852c88?s=96&d=mm&r=g","caption":"Alejandro Gabriel Rosito"},"url":"https:\/\/autofans.com.ar\/index.php\/author\/gabrielr\/"}]}},"featured_image_urls":{"full":["https:\/\/autofans.com.ar\/wp-content\/uploads\/2023\/11\/chasis-3.jpg",1000,667,false],"thumbnail":["https:\/\/autofans.com.ar\/wp-content\/uploads\/2023\/11\/chasis-3-150x150.jpg",150,150,true],"medium":["https:\/\/autofans.com.ar\/wp-content\/uploads\/2023\/11\/chasis-3-300x200.jpg",300,200,true],"medium_large":["https:\/\/autofans.com.ar\/wp-content\/uploads\/2023\/11\/chasis-3-768x512.jpg",640,427,true],"large":["https:\/\/autofans.com.ar\/wp-content\/uploads\/2023\/11\/chasis-3.jpg",640,427,false],"1536x1536":["https:\/\/autofans.com.ar\/wp-content\/uploads\/2023\/11\/chasis-3.jpg",1000,667,false],"2048x2048":["https:\/\/autofans.com.ar\/wp-content\/uploads\/2023\/11\/chasis-3.jpg",1000,667,false],"covernews-featured":["https:\/\/autofans.com.ar\/wp-content\/uploads\/2023\/11\/chasis-3.jpg",1000,667,false],"covernews-medium":["https:\/\/autofans.com.ar\/wp-content\/uploads\/2023\/11\/chasis-3-540x340.jpg",540,340,true]},"author_info":{"display_name":"Alejandro Gabriel Rosito","author_link":"https:\/\/autofans.com.ar\/index.php\/author\/gabrielr\/"},"category_info":"<a href=\"https:\/\/autofans.com.ar\/index.php\/category\/noticias\/\" rel=\"category tag\">NOTICIAS<\/a> <a href=\"https:\/\/autofans.com.ar\/index.php\/category\/lanzamientos\/utilitarios-y-pesados-lanzamientos\/\" rel=\"category tag\">Pick Ups, Utilitarios y Pesados<\/a>","tag_info":"Pick Ups, Utilitarios y Pesados","comment_count":0,"_links":{"self":[{"href":"https:\/\/autofans.com.ar\/index.php\/wp-json\/wp\/v2\/posts\/5706","targetHints":{"allow":["GET"]}}],"collection":[{"href":"https:\/\/autofans.com.ar\/index.php\/wp-json\/wp\/v2\/posts"}],"about":[{"href":"https:\/\/autofans.com.ar\/index.php\/wp-json\/wp\/v2\/types\/post"}],"author":[{"embeddable":true,"href":"https:\/\/autofans.com.ar\/index.php\/wp-json\/wp\/v2\/users\/2"}],"replies":[{"embeddable":true,"href":"https:\/\/autofans.com.ar\/index.php\/wp-json\/wp\/v2\/comments?post=5706"}],"version-history":[{"count":5,"href":"https:\/\/autofans.com.ar\/index.php\/wp-json\/wp\/v2\/posts\/5706\/revisions"}],"predecessor-version":[{"id":5715,"href":"https:\/\/autofans.com.ar\/index.php\/wp-json\/wp\/v2\/posts\/5706\/revisions\/5715"}],"wp:featuredmedia":[{"embeddable":true,"href":"https:\/\/autofans.com.ar\/index.php\/wp-json\/wp\/v2\/media\/5708"}],"wp:attachment":[{"href":"https:\/\/autofans.com.ar\/index.php\/wp-json\/wp\/v2\/media?parent=5706"}],"wp:term":[{"taxonomy":"category","embeddable":true,"href":"https:\/\/autofans.com.ar\/index.php\/wp-json\/wp\/v2\/categories?post=5706"},{"taxonomy":"post_tag","embeddable":true,"href":"https:\/\/autofans.com.ar\/index.php\/wp-json\/wp\/v2\/tags?post=5706"}],"curies":[{"name":"wp","href":"https:\/\/api.w.org\/{rel}","templated":true}]}}