{"id":5764,"date":"2023-11-15T17:41:22","date_gmt":"2023-11-15T20:41:22","guid":{"rendered":"https:\/\/autofans.com.ar\/?p=5764"},"modified":"2023-11-15T17:41:22","modified_gmt":"2023-11-15T20:41:22","slug":"mercedes-benz-capacita-a-conductores-en-ushuaia","status":"publish","type":"post","link":"https:\/\/autofans.com.ar\/index.php\/2023\/11\/15\/mercedes-benz-capacita-a-conductores-en-ushuaia\/","title":{"rendered":"Mercedes-Benz, capacita a conductores en Ushuaia"},"content":{"rendered":"<p>En un esfuerzo continuo por fomentar la conducci\u00f3n segura y eficiente, el equipo de Truck Training de Mercedes-Benz Camiones y Buses ha llevado a cabo un exclusivo programa de capacitaci\u00f3n en la ciudad de Ushuaia. Esta iniciativa forma parte de la Caravana 2023, un proyecto que abarca 19 provincias argentinas, certificando a m\u00e1s de 1,800 conductores a lo largo del a\u00f1o.<\/p>\n<p>&nbsp;<\/p>\n<h2>Mercedes-Benz optimiza la conducci\u00f3n<\/h2>\n<p>El concesionario de Mario Bonetto en Ushuaia fue el escenario donde la marca alemana capacit\u00f3 a 50 conductores en el curso \u00abConducci\u00f3n econ\u00f3mica, segura y sustentable\u00bb. Este programa, desarrollado por Mercedes-Benz, busca que concesionarios y clientes conozcan a fondo las caracter\u00edsticas de los veh\u00edculos, optimizando as\u00ed su conducci\u00f3n.<\/p>\n<p>&nbsp;<\/p>\n<p><img fetchpriority=\"high\" decoding=\"async\" class=\"aligncenter wp-image-5766 size-full\" src=\"https:\/\/autofans.com.ar\/wp-content\/uploads\/2023\/11\/mercedes-1-1.jpg\" alt=\"Mercedes-Benz\" width=\"1000\" height=\"667\" srcset=\"https:\/\/autofans.com.ar\/wp-content\/uploads\/2023\/11\/mercedes-1-1.jpg 1000w, https:\/\/autofans.com.ar\/wp-content\/uploads\/2023\/11\/mercedes-1-1-300x200.jpg 300w, https:\/\/autofans.com.ar\/wp-content\/uploads\/2023\/11\/mercedes-1-1-768x512.jpg 768w\" sizes=\"(max-width: 1000px) 100vw, 1000px\" \/><\/p>\n<p>&nbsp;<\/p>\n<p>Truck Training, ejecutado por un equipo especializado de formadores, se adapta a las particularidades de cada regi\u00f3n. En Ushuaia, se abordaron temas cruciales como ergonom\u00eda y t\u00e9cnicas de posicionamiento al volante, conducci\u00f3n eficiente, aplicaci\u00f3n adecuada del freno motor, uso racional del freno de servicio, manipulaci\u00f3n correcta de la caja de velocidades, optimizaci\u00f3n del embrague, principios b\u00e1sicos de la din\u00e1mica vehicular, Norma Euro V, entre otros aspectos esenciales.<\/p>\n<p>Mercedes-Benz Camiones y Buses refuerza su compromiso con la seguridad, eficiencia y cuidado ambiental al recorrer todo el territorio argentino, ofreciendo capacitaci\u00f3n constante a sus clientes. La empresa busca no solo formar conductores, sino tambi\u00e9n contribuir a la reducci\u00f3n de costos operativos y al respeto al medio ambiente.<\/p>\n<p>&nbsp;<\/p>\n<p>&nbsp;<\/p>\n<p><i>Para enterarte de m\u00e1s novedades, no dejes de leer\u00a0<\/i><a href=\"https:\/\/autofans.thebrandsoup.com\/\"><i>nuestras notas<\/i><\/a><i>, de ver<\/i><b><i>\u00a0<\/i><\/b><a href=\"https:\/\/www.youtube.com\/channel\/UCgAC8UGHZYbT6P7PpmVnP7g\"><b><i>AUTOFANS TV<\/i><\/b><\/a><b><i>\u00a0<\/i><\/b><i>en nuestro\u00a0canal de Youtube. Adem\u00e1s seguinos en\u00a0<\/i><a href=\"https:\/\/www.instagram.com\/autofanstv\/\"><i>INSTAGRAM<\/i><\/a><i> y <\/i><a href=\"https:\/\/www.facebook.com\/autofansmas\/\"><i>FACEBOOK<\/i><\/a><i> para no perderte nada sobre las novedades del segmento automotor de Argentina y el mundo.<\/i><\/p>\n","protected":false},"excerpt":{"rendered":"<p>En un esfuerzo continuo por fomentar la conducci\u00f3n segura y eficiente, el equipo de Truck&#8230;<\/p>\n","protected":false},"author":2,"featured_media":5765,"comment_status":"closed","ping_status":"closed","sticky":false,"template":"","format":"standard","meta":{"footnotes":""},"categories":[292,16],"tags":[2952,2594,364,2951,2953],"class_list":["post-5764","post","type-post","status-publish","format-standard","has-post-thumbnail","hentry","category-empresas","category-noticias","tag-capacitacion-conductores","tag-conduccion-eficiente","tag-mercedes-benz","tag-truck-training","tag-ushuaia"],"yoast_head":"<!-- This site is optimized with the Yoast SEO plugin v27.5 - https:\/\/yoast.com\/product\/yoast-seo-wordpress\/ -->\n<title>Mercedes-Benz, capacita a conductores en Ushuaia -<\/title>\n<meta name=\"description\" content=\"Fomentar la conducci\u00f3n segura y eficiente, Truck Training de Mercedes-Benz Camiones y Buses lleva a cabo el programa de capacitaci\u00f3n...\" \/>\n<meta name=\"robots\" content=\"index, follow, max-snippet:-1, max-image-preview:large, max-video-preview:-1\" \/>\n<link rel=\"canonical\" href=\"https:\/\/autofans.com.ar\/index.php\/2023\/11\/15\/mercedes-benz-capacita-a-conductores-en-ushuaia\/\" \/>\n<meta property=\"og:locale\" content=\"es_ES\" \/>\n<meta property=\"og:type\" content=\"article\" \/>\n<meta property=\"og:title\" content=\"Mercedes-Benz, capacita a conductores en Ushuaia -\" \/>\n<meta property=\"og:description\" content=\"Fomentar la conducci\u00f3n segura y eficiente, Truck Training de Mercedes-Benz Camiones y Buses lleva a cabo el programa de capacitaci\u00f3n...\" \/>\n<meta property=\"og:url\" content=\"https:\/\/autofans.com.ar\/index.php\/2023\/11\/15\/mercedes-benz-capacita-a-conductores-en-ushuaia\/\" \/>\n<meta property=\"article:published_time\" content=\"2023-11-15T20:41:22+00:00\" \/>\n<meta property=\"og:image\" content=\"https:\/\/autofans.com.ar\/wp-content\/uploads\/2023\/11\/mercedes-2-1.jpg\" \/>\n\t<meta property=\"og:image:width\" content=\"1000\" \/>\n\t<meta property=\"og:image:height\" content=\"667\" \/>\n\t<meta property=\"og:image:type\" content=\"image\/jpeg\" \/>\n<meta name=\"author\" content=\"Alejandro Gabriel Rosito\" \/>\n<meta name=\"twitter:card\" content=\"summary_large_image\" \/>\n<meta name=\"twitter:label1\" content=\"Escrito por\" \/>\n\t<meta name=\"twitter:data1\" content=\"Alejandro Gabriel Rosito\" \/>\n\t<meta name=\"twitter:label2\" content=\"Tiempo de lectura\" \/>\n\t<meta name=\"twitter:data2\" content=\"2 minutos\" \/>\n<script type=\"application\/ld+json\" class=\"yoast-schema-graph\">{\"@context\":\"https:\\\/\\\/schema.org\",\"@graph\":[{\"@type\":\"Article\",\"@id\":\"https:\\\/\\\/autofans.com.ar\\\/index.php\\\/2023\\\/11\\\/15\\\/mercedes-benz-capacita-a-conductores-en-ushuaia\\\/#article\",\"isPartOf\":{\"@id\":\"https:\\\/\\\/autofans.com.ar\\\/index.php\\\/2023\\\/11\\\/15\\\/mercedes-benz-capacita-a-conductores-en-ushuaia\\\/\"},\"author\":{\"name\":\"Alejandro Gabriel Rosito\",\"@id\":\"https:\\\/\\\/autofans.com.ar\\\/#\\\/schema\\\/person\\\/4a8dda0b6df83ac3d6723e921274c2aa\"},\"headline\":\"Mercedes-Benz, capacita a conductores en Ushuaia\",\"datePublished\":\"2023-11-15T20:41:22+00:00\",\"mainEntityOfPage\":{\"@id\":\"https:\\\/\\\/autofans.com.ar\\\/index.php\\\/2023\\\/11\\\/15\\\/mercedes-benz-capacita-a-conductores-en-ushuaia\\\/\"},\"wordCount\":300,\"image\":{\"@id\":\"https:\\\/\\\/autofans.com.ar\\\/index.php\\\/2023\\\/11\\\/15\\\/mercedes-benz-capacita-a-conductores-en-ushuaia\\\/#primaryimage\"},\"thumbnailUrl\":\"https:\\\/\\\/autofans.com.ar\\\/wp-content\\\/uploads\\\/2023\\\/11\\\/mercedes-2-1.jpg\",\"keywords\":[\"Capacitaci\u00f3n conductores\",\"conducci\u00f3n eficiente\",\"Mercedes-Benz\",\"Truck Training\",\"Ushuaia\"],\"articleSection\":[\"EMPRESAS\",\"NOTICIAS\"],\"inLanguage\":\"es\"},{\"@type\":\"WebPage\",\"@id\":\"https:\\\/\\\/autofans.com.ar\\\/index.php\\\/2023\\\/11\\\/15\\\/mercedes-benz-capacita-a-conductores-en-ushuaia\\\/\",\"url\":\"https:\\\/\\\/autofans.com.ar\\\/index.php\\\/2023\\\/11\\\/15\\\/mercedes-benz-capacita-a-conductores-en-ushuaia\\\/\",\"name\":\"Mercedes-Benz, capacita a conductores en Ushuaia -\",\"isPartOf\":{\"@id\":\"https:\\\/\\\/autofans.com.ar\\\/#website\"},\"primaryImageOfPage\":{\"@id\":\"https:\\\/\\\/autofans.com.ar\\\/index.php\\\/2023\\\/11\\\/15\\\/mercedes-benz-capacita-a-conductores-en-ushuaia\\\/#primaryimage\"},\"image\":{\"@id\":\"https:\\\/\\\/autofans.com.ar\\\/index.php\\\/2023\\\/11\\\/15\\\/mercedes-benz-capacita-a-conductores-en-ushuaia\\\/#primaryimage\"},\"thumbnailUrl\":\"https:\\\/\\\/autofans.com.ar\\\/wp-content\\\/uploads\\\/2023\\\/11\\\/mercedes-2-1.jpg\",\"datePublished\":\"2023-11-15T20:41:22+00:00\",\"author\":{\"@id\":\"https:\\\/\\\/autofans.com.ar\\\/#\\\/schema\\\/person\\\/4a8dda0b6df83ac3d6723e921274c2aa\"},\"description\":\"Fomentar la conducci\u00f3n segura y eficiente, Truck Training de Mercedes-Benz Camiones y Buses lleva a cabo el programa de capacitaci\u00f3n...\",\"breadcrumb\":{\"@id\":\"https:\\\/\\\/autofans.com.ar\\\/index.php\\\/2023\\\/11\\\/15\\\/mercedes-benz-capacita-a-conductores-en-ushuaia\\\/#breadcrumb\"},\"inLanguage\":\"es\",\"potentialAction\":[{\"@type\":\"ReadAction\",\"target\":[\"https:\\\/\\\/autofans.com.ar\\\/index.php\\\/2023\\\/11\\\/15\\\/mercedes-benz-capacita-a-conductores-en-ushuaia\\\/\"]}]},{\"@type\":\"ImageObject\",\"inLanguage\":\"es\",\"@id\":\"https:\\\/\\\/autofans.com.ar\\\/index.php\\\/2023\\\/11\\\/15\\\/mercedes-benz-capacita-a-conductores-en-ushuaia\\\/#primaryimage\",\"url\":\"https:\\\/\\\/autofans.com.ar\\\/wp-content\\\/uploads\\\/2023\\\/11\\\/mercedes-2-1.jpg\",\"contentUrl\":\"https:\\\/\\\/autofans.com.ar\\\/wp-content\\\/uploads\\\/2023\\\/11\\\/mercedes-2-1.jpg\",\"width\":1000,\"height\":667,\"caption\":\"Mercedes-Benz\"},{\"@type\":\"BreadcrumbList\",\"@id\":\"https:\\\/\\\/autofans.com.ar\\\/index.php\\\/2023\\\/11\\\/15\\\/mercedes-benz-capacita-a-conductores-en-ushuaia\\\/#breadcrumb\",\"itemListElement\":[{\"@type\":\"ListItem\",\"position\":1,\"name\":\"Inicio\",\"item\":\"https:\\\/\\\/autofans.com.ar\\\/\"},{\"@type\":\"ListItem\",\"position\":2,\"name\":\"Mercedes-Benz, capacita a conductores en Ushuaia\"}]},{\"@type\":\"WebSite\",\"@id\":\"https:\\\/\\\/autofans.com.ar\\\/#website\",\"url\":\"https:\\\/\\\/autofans.com.ar\\\/\",\"name\":\"\",\"description\":\"El multimedio referente de la industria automotriz\",\"potentialAction\":[{\"@type\":\"SearchAction\",\"target\":{\"@type\":\"EntryPoint\",\"urlTemplate\":\"https:\\\/\\\/autofans.com.ar\\\/?s={search_term_string}\"},\"query-input\":{\"@type\":\"PropertyValueSpecification\",\"valueRequired\":true,\"valueName\":\"search_term_string\"}}],\"inLanguage\":\"es\"},{\"@type\":\"Person\",\"@id\":\"https:\\\/\\\/autofans.com.ar\\\/#\\\/schema\\\/person\\\/4a8dda0b6df83ac3d6723e921274c2aa\",\"name\":\"Alejandro Gabriel Rosito\",\"image\":{\"@type\":\"ImageObject\",\"inLanguage\":\"es\",\"@id\":\"https:\\\/\\\/secure.gravatar.com\\\/avatar\\\/16c5dda1489adfc62618084dcbb91cffd879c374b13fe5dd8e44ed6733852c88?s=96&d=mm&r=g\",\"url\":\"https:\\\/\\\/secure.gravatar.com\\\/avatar\\\/16c5dda1489adfc62618084dcbb91cffd879c374b13fe5dd8e44ed6733852c88?s=96&d=mm&r=g\",\"contentUrl\":\"https:\\\/\\\/secure.gravatar.com\\\/avatar\\\/16c5dda1489adfc62618084dcbb91cffd879c374b13fe5dd8e44ed6733852c88?s=96&d=mm&r=g\",\"caption\":\"Alejandro Gabriel Rosito\"},\"url\":\"https:\\\/\\\/autofans.com.ar\\\/index.php\\\/author\\\/gabrielr\\\/\"}]}<\/script>\n<!-- \/ Yoast SEO plugin. -->","yoast_head_json":{"title":"Mercedes-Benz, capacita a conductores en Ushuaia -","description":"Fomentar la conducci\u00f3n segura y eficiente, Truck Training de Mercedes-Benz Camiones y Buses lleva a cabo el programa de capacitaci\u00f3n...","robots":{"index":"index","follow":"follow","max-snippet":"max-snippet:-1","max-image-preview":"max-image-preview:large","max-video-preview":"max-video-preview:-1"},"canonical":"https:\/\/autofans.com.ar\/index.php\/2023\/11\/15\/mercedes-benz-capacita-a-conductores-en-ushuaia\/","og_locale":"es_ES","og_type":"article","og_title":"Mercedes-Benz, capacita a conductores en Ushuaia -","og_description":"Fomentar la conducci\u00f3n segura y eficiente, Truck Training de Mercedes-Benz Camiones y Buses lleva a cabo el programa de capacitaci\u00f3n...","og_url":"https:\/\/autofans.com.ar\/index.php\/2023\/11\/15\/mercedes-benz-capacita-a-conductores-en-ushuaia\/","article_published_time":"2023-11-15T20:41:22+00:00","og_image":[{"width":1000,"height":667,"url":"https:\/\/autofans.com.ar\/wp-content\/uploads\/2023\/11\/mercedes-2-1.jpg","type":"image\/jpeg"}],"author":"Alejandro Gabriel Rosito","twitter_card":"summary_large_image","twitter_misc":{"Escrito por":"Alejandro Gabriel Rosito","Tiempo de lectura":"2 minutos"},"schema":{"@context":"https:\/\/schema.org","@graph":[{"@type":"Article","@id":"https:\/\/autofans.com.ar\/index.php\/2023\/11\/15\/mercedes-benz-capacita-a-conductores-en-ushuaia\/#article","isPartOf":{"@id":"https:\/\/autofans.com.ar\/index.php\/2023\/11\/15\/mercedes-benz-capacita-a-conductores-en-ushuaia\/"},"author":{"name":"Alejandro Gabriel Rosito","@id":"https:\/\/autofans.com.ar\/#\/schema\/person\/4a8dda0b6df83ac3d6723e921274c2aa"},"headline":"Mercedes-Benz, capacita a conductores en Ushuaia","datePublished":"2023-11-15T20:41:22+00:00","mainEntityOfPage":{"@id":"https:\/\/autofans.com.ar\/index.php\/2023\/11\/15\/mercedes-benz-capacita-a-conductores-en-ushuaia\/"},"wordCount":300,"image":{"@id":"https:\/\/autofans.com.ar\/index.php\/2023\/11\/15\/mercedes-benz-capacita-a-conductores-en-ushuaia\/#primaryimage"},"thumbnailUrl":"https:\/\/autofans.com.ar\/wp-content\/uploads\/2023\/11\/mercedes-2-1.jpg","keywords":["Capacitaci\u00f3n conductores","conducci\u00f3n eficiente","Mercedes-Benz","Truck Training","Ushuaia"],"articleSection":["EMPRESAS","NOTICIAS"],"inLanguage":"es"},{"@type":"WebPage","@id":"https:\/\/autofans.com.ar\/index.php\/2023\/11\/15\/mercedes-benz-capacita-a-conductores-en-ushuaia\/","url":"https:\/\/autofans.com.ar\/index.php\/2023\/11\/15\/mercedes-benz-capacita-a-conductores-en-ushuaia\/","name":"Mercedes-Benz, capacita a conductores en Ushuaia -","isPartOf":{"@id":"https:\/\/autofans.com.ar\/#website"},"primaryImageOfPage":{"@id":"https:\/\/autofans.com.ar\/index.php\/2023\/11\/15\/mercedes-benz-capacita-a-conductores-en-ushuaia\/#primaryimage"},"image":{"@id":"https:\/\/autofans.com.ar\/index.php\/2023\/11\/15\/mercedes-benz-capacita-a-conductores-en-ushuaia\/#primaryimage"},"thumbnailUrl":"https:\/\/autofans.com.ar\/wp-content\/uploads\/2023\/11\/mercedes-2-1.jpg","datePublished":"2023-11-15T20:41:22+00:00","author":{"@id":"https:\/\/autofans.com.ar\/#\/schema\/person\/4a8dda0b6df83ac3d6723e921274c2aa"},"description":"Fomentar la conducci\u00f3n segura y eficiente, Truck Training de Mercedes-Benz Camiones y Buses lleva a cabo el programa de capacitaci\u00f3n...","breadcrumb":{"@id":"https:\/\/autofans.com.ar\/index.php\/2023\/11\/15\/mercedes-benz-capacita-a-conductores-en-ushuaia\/#breadcrumb"},"inLanguage":"es","potentialAction":[{"@type":"ReadAction","target":["https:\/\/autofans.com.ar\/index.php\/2023\/11\/15\/mercedes-benz-capacita-a-conductores-en-ushuaia\/"]}]},{"@type":"ImageObject","inLanguage":"es","@id":"https:\/\/autofans.com.ar\/index.php\/2023\/11\/15\/mercedes-benz-capacita-a-conductores-en-ushuaia\/#primaryimage","url":"https:\/\/autofans.com.ar\/wp-content\/uploads\/2023\/11\/mercedes-2-1.jpg","contentUrl":"https:\/\/autofans.com.ar\/wp-content\/uploads\/2023\/11\/mercedes-2-1.jpg","width":1000,"height":667,"caption":"Mercedes-Benz"},{"@type":"BreadcrumbList","@id":"https:\/\/autofans.com.ar\/index.php\/2023\/11\/15\/mercedes-benz-capacita-a-conductores-en-ushuaia\/#breadcrumb","itemListElement":[{"@type":"ListItem","position":1,"name":"Inicio","item":"https:\/\/autofans.com.ar\/"},{"@type":"ListItem","position":2,"name":"Mercedes-Benz, capacita a conductores en Ushuaia"}]},{"@type":"WebSite","@id":"https:\/\/autofans.com.ar\/#website","url":"https:\/\/autofans.com.ar\/","name":"","description":"El multimedio referente de la industria automotriz","potentialAction":[{"@type":"SearchAction","target":{"@type":"EntryPoint","urlTemplate":"https:\/\/autofans.com.ar\/?s={search_term_string}"},"query-input":{"@type":"PropertyValueSpecification","valueRequired":true,"valueName":"search_term_string"}}],"inLanguage":"es"},{"@type":"Person","@id":"https:\/\/autofans.com.ar\/#\/schema\/person\/4a8dda0b6df83ac3d6723e921274c2aa","name":"Alejandro Gabriel Rosito","image":{"@type":"ImageObject","inLanguage":"es","@id":"https:\/\/secure.gravatar.com\/avatar\/16c5dda1489adfc62618084dcbb91cffd879c374b13fe5dd8e44ed6733852c88?s=96&d=mm&r=g","url":"https:\/\/secure.gravatar.com\/avatar\/16c5dda1489adfc62618084dcbb91cffd879c374b13fe5dd8e44ed6733852c88?s=96&d=mm&r=g","contentUrl":"https:\/\/secure.gravatar.com\/avatar\/16c5dda1489adfc62618084dcbb91cffd879c374b13fe5dd8e44ed6733852c88?s=96&d=mm&r=g","caption":"Alejandro Gabriel Rosito"},"url":"https:\/\/autofans.com.ar\/index.php\/author\/gabrielr\/"}]}},"featured_image_urls":{"full":["https:\/\/autofans.com.ar\/wp-content\/uploads\/2023\/11\/mercedes-2-1.jpg",1000,667,false],"thumbnail":["https:\/\/autofans.com.ar\/wp-content\/uploads\/2023\/11\/mercedes-2-1-150x150.jpg",150,150,true],"medium":["https:\/\/autofans.com.ar\/wp-content\/uploads\/2023\/11\/mercedes-2-1-300x200.jpg",300,200,true],"medium_large":["https:\/\/autofans.com.ar\/wp-content\/uploads\/2023\/11\/mercedes-2-1-768x512.jpg",640,427,true],"large":["https:\/\/autofans.com.ar\/wp-content\/uploads\/2023\/11\/mercedes-2-1.jpg",640,427,false],"1536x1536":["https:\/\/autofans.com.ar\/wp-content\/uploads\/2023\/11\/mercedes-2-1.jpg",1000,667,false],"2048x2048":["https:\/\/autofans.com.ar\/wp-content\/uploads\/2023\/11\/mercedes-2-1.jpg",1000,667,false],"covernews-featured":["https:\/\/autofans.com.ar\/wp-content\/uploads\/2023\/11\/mercedes-2-1.jpg",1000,667,false],"covernews-medium":["https:\/\/autofans.com.ar\/wp-content\/uploads\/2023\/11\/mercedes-2-1-540x340.jpg",540,340,true]},"author_info":{"display_name":"Alejandro Gabriel Rosito","author_link":"https:\/\/autofans.com.ar\/index.php\/author\/gabrielr\/"},"category_info":"<a href=\"https:\/\/autofans.com.ar\/index.php\/category\/noticias\/empresas\/\" rel=\"category tag\">EMPRESAS<\/a> <a href=\"https:\/\/autofans.com.ar\/index.php\/category\/noticias\/\" rel=\"category tag\">NOTICIAS<\/a>","tag_info":"NOTICIAS","comment_count":0,"_links":{"self":[{"href":"https:\/\/autofans.com.ar\/index.php\/wp-json\/wp\/v2\/posts\/5764","targetHints":{"allow":["GET"]}}],"collection":[{"href":"https:\/\/autofans.com.ar\/index.php\/wp-json\/wp\/v2\/posts"}],"about":[{"href":"https:\/\/autofans.com.ar\/index.php\/wp-json\/wp\/v2\/types\/post"}],"author":[{"embeddable":true,"href":"https:\/\/autofans.com.ar\/index.php\/wp-json\/wp\/v2\/users\/2"}],"replies":[{"embeddable":true,"href":"https:\/\/autofans.com.ar\/index.php\/wp-json\/wp\/v2\/comments?post=5764"}],"version-history":[{"count":1,"href":"https:\/\/autofans.com.ar\/index.php\/wp-json\/wp\/v2\/posts\/5764\/revisions"}],"predecessor-version":[{"id":5767,"href":"https:\/\/autofans.com.ar\/index.php\/wp-json\/wp\/v2\/posts\/5764\/revisions\/5767"}],"wp:featuredmedia":[{"embeddable":true,"href":"https:\/\/autofans.com.ar\/index.php\/wp-json\/wp\/v2\/media\/5765"}],"wp:attachment":[{"href":"https:\/\/autofans.com.ar\/index.php\/wp-json\/wp\/v2\/media?parent=5764"}],"wp:term":[{"taxonomy":"category","embeddable":true,"href":"https:\/\/autofans.com.ar\/index.php\/wp-json\/wp\/v2\/categories?post=5764"},{"taxonomy":"post_tag","embeddable":true,"href":"https:\/\/autofans.com.ar\/index.php\/wp-json\/wp\/v2\/tags?post=5764"}],"curies":[{"name":"wp","href":"https:\/\/api.w.org\/{rel}","templated":true}]}}