{"id":5769,"date":"2023-11-15T19:32:28","date_gmt":"2023-11-15T22:32:28","guid":{"rendered":"https:\/\/autofans.com.ar\/?p=5769"},"modified":"2023-11-15T19:34:05","modified_gmt":"2023-11-15T22:34:05","slug":"citroen-festejo-los-75-anos-del-2cv","status":"publish","type":"post","link":"https:\/\/autofans.com.ar\/index.php\/2023\/11\/15\/citroen-festejo-los-75-anos-del-2cv\/","title":{"rendered":"Citro\u00ebn festej\u00f3 los 75 a\u00f1os del 2CV"},"content":{"rendered":"<p>En una jornada llena de nostalgia y camarader\u00eda, m\u00e1s de 100 veh\u00edculos de diferentes \u00e9pocas y modelos de Citro\u00ebn se congregaron en el Club Los Pinares de Capilla del Se\u00f1or para conmemorar el 75 aniversario del inolvidable 2CV. Pero la celebraci\u00f3n no se detuvo ah\u00ed. Tambi\u00e9n se festejaron los 23 a\u00f1os del Citro\u00ebn Club Buenos Aires y los 50 del Citro\u00ebn Prestige, sum\u00e1ndose al evento el Club Mehari de Argentina y Citrounidos.<\/p>\n<p>&nbsp;<\/p>\n<blockquote>\n<p style=\"text-align: center;\">Un d\u00eda festivo al aire libre y en familia: el mejor homenaje para una marca que cal\u00f3 hondo en el coraz\u00f3n de distintas generaciones. \u201cLa teor\u00eda no sirve para nada. Lo importante es el ejemplo\u201d, dec\u00eda Andr\u00e9 Citro\u00ebn. \u201cSi las personas no pueden llegar a Citro\u00ebn, entonces ser\u00e1 Citro\u00ebn quien se acerque a las personas\u201d. Y as\u00ed naci\u00f3 el 2CV. Un visionario que supo anticiparse a su tiempo con ideas e innovaciones que marcaron la historia de la industria del autom\u00f3vil.<\/p>\n<\/blockquote>\n<p>&nbsp;<\/p>\n<h2>Citro\u00ebn brilla en Capilla del Se\u00f1or<\/h2>\n<p>El encuentro fue un verdadero fest\u00edn para los amantes de los cl\u00e1sicos. Caravanas, exhibiciones, camping, y la presencia de m\u00e1s de 250 entusiastas que llegaron al evento a bordo de m\u00e1s de un centenar de autos emblem\u00e1ticos. La jornada estuvo marcada por la entrega de distinciones especiales, donde destacaron modelos como el 2CV, 3CV, Traction Avant, Ami 8, Meharis, SM, entre otros.<\/p>\n<p>&nbsp;<\/p>\n<div id='gallery-1' class='gallery galleryid-5769 gallery-columns-3 gallery-size-full'><figure class='gallery-item'>\n\t\t\t<div class='gallery-icon landscape'>\n\t\t\t\t<a href='https:\/\/autofans.com.ar\/index.php\/2023\/11\/15\/citroen-festejo-los-75-anos-del-2cv\/citroen-4\/'><img loading=\"lazy\" width=\"1000\" height=\"667\" src=\"https:\/\/autofans.com.ar\/wp-content\/uploads\/2023\/11\/citroen-4.jpg\" class=\"attachment-full size-full\" alt=\"Citro\u00ebn\" srcset=\"https:\/\/autofans.com.ar\/wp-content\/uploads\/2023\/11\/citroen-4.jpg 1000w, https:\/\/autofans.com.ar\/wp-content\/uploads\/2023\/11\/citroen-4-300x200.jpg 300w, https:\/\/autofans.com.ar\/wp-content\/uploads\/2023\/11\/citroen-4-768x512.jpg 768w\" sizes=\"auto, (max-width: 1000px) 100vw, 1000px\" loading=\"lazy\" decoding=\"async\" \/><\/a>\n\t\t\t<\/div><\/figure><figure class='gallery-item'>\n\t\t\t<div class='gallery-icon landscape'>\n\t\t\t\t<a href='https:\/\/autofans.com.ar\/index.php\/2023\/11\/15\/citroen-festejo-los-75-anos-del-2cv\/citroen-3\/'><img loading=\"lazy\" width=\"1000\" height=\"667\" src=\"https:\/\/autofans.com.ar\/wp-content\/uploads\/2023\/11\/citroen-3.jpg\" class=\"attachment-full size-full\" alt=\"Citro\u00ebn\" srcset=\"https:\/\/autofans.com.ar\/wp-content\/uploads\/2023\/11\/citroen-3.jpg 1000w, https:\/\/autofans.com.ar\/wp-content\/uploads\/2023\/11\/citroen-3-300x200.jpg 300w, https:\/\/autofans.com.ar\/wp-content\/uploads\/2023\/11\/citroen-3-768x512.jpg 768w\" sizes=\"auto, (max-width: 1000px) 100vw, 1000px\" loading=\"lazy\" decoding=\"async\" \/><\/a>\n\t\t\t<\/div><\/figure><figure class='gallery-item'>\n\t\t\t<div class='gallery-icon landscape'>\n\t\t\t\t<a href='https:\/\/autofans.com.ar\/index.php\/2023\/11\/15\/citroen-festejo-los-75-anos-del-2cv\/citroen-1\/'><img loading=\"lazy\" width=\"1000\" height=\"667\" src=\"https:\/\/autofans.com.ar\/wp-content\/uploads\/2023\/11\/citroen-1.jpg\" class=\"attachment-full size-full\" alt=\"Citro\u00ebn\" srcset=\"https:\/\/autofans.com.ar\/wp-content\/uploads\/2023\/11\/citroen-1.jpg 1000w, https:\/\/autofans.com.ar\/wp-content\/uploads\/2023\/11\/citroen-1-300x200.jpg 300w, https:\/\/autofans.com.ar\/wp-content\/uploads\/2023\/11\/citroen-1-768x512.jpg 768w\" sizes=\"auto, (max-width: 1000px) 100vw, 1000px\" loading=\"lazy\" decoding=\"async\" \/><\/a>\n\t\t\t<\/div><\/figure>\n\t\t<\/div>\n\n<p>&nbsp;<\/p>\n<p>Citro\u00ebn Argentina respald\u00f3 el evento con la exhibici\u00f3n de dos modelos destacados: el moderno Citro\u00ebn C3 y el imponente SUV C5 Aircross, captando la atenci\u00f3n de todos los presentes. La compa\u00f1\u00eda reafirm\u00f3 su compromiso con la rica historia de la marca y su arraigo en la cultura automotriz argentina.<\/p>\n<p>&nbsp;<\/p>\n<p><center><iframe title=\"Reviv\u00ed la historia con Citro\u00ebn\" width=\"640\" height=\"360\" src=\"https:\/\/www.youtube.com\/embed\/378SE2pjAeo?feature=oembed\" frameborder=\"0\" allow=\"accelerometer; autoplay; clipboard-write; encrypted-media; gyroscope; picture-in-picture; web-share\" referrerpolicy=\"strict-origin-when-cross-origin\" allowfullscreen><\/iframe><\/p>\n<p>&nbsp;<\/p>\n<p>&nbsp;<\/p>\n<p>&nbsp;<\/p>\n<p><\/center>&nbsp;<\/p>\n<p><i>Para enterarte de m\u00e1s novedades, no dejes de leer\u00a0<\/i><a href=\"https:\/\/autofans.thebrandsoup.com\/\"><i>nuestras notas<\/i><\/a><i>, de ver<\/i><b><i>\u00a0<\/i><\/b><a href=\"https:\/\/www.youtube.com\/channel\/UCgAC8UGHZYbT6P7PpmVnP7g\"><b><i>AUTOFANS TV<\/i><\/b><\/a><b><i>\u00a0<\/i><\/b><i>en nuestro\u00a0canal de Youtube. Adem\u00e1s seguinos en\u00a0<\/i><a href=\"https:\/\/www.instagram.com\/autofanstv\/\"><i>INSTAGRAM<\/i><\/a><i> y <\/i><a href=\"https:\/\/www.facebook.com\/autofansmas\/\"><i>FACEBOOK<\/i><\/a><i> para no perderte nada sobre las novedades del segmento automotor de Argentina y el mundo.<\/i><\/p>\n","protected":false},"excerpt":{"rendered":"<p>En una jornada llena de nostalgia y camarader\u00eda, m\u00e1s de 100 veh\u00edculos de diferentes \u00e9pocas&#8230;<\/p>\n","protected":false},"author":2,"featured_media":5772,"comment_status":"closed","ping_status":"closed","sticky":false,"template":"","format":"standard","meta":{"footnotes":""},"categories":[292,16],"tags":[1316,2958,36,207,2954,2960,2955,2959,2956,2891,2957,2176],"class_list":["post-5769","post","type-post","status-publish","format-standard","has-post-thumbnail","hentry","category-empresas","category-noticias","tag-2cv","tag-celebracion-autos-clasicos","tag-citroen","tag-citroen-argentina","tag-citroen-club-buenos-aires","tag-citrounidos","tag-clasicos-citroen","tag-club-mehari","tag-evento-automotor","tag-historia-del-automovil","tag-nuevo-citroen-c3","tag-suv-c5-aircross"],"yoast_head":"<!-- This site is optimized with the Yoast SEO plugin v27.5 - https:\/\/yoast.com\/product\/yoast-seo-wordpress\/ -->\n<title>Citro\u00ebn festej\u00f3 los 75 a\u00f1os del 2CV -<\/title>\n<meta name=\"description\" content=\"En una jornada llena de nostalgia, m\u00e1s de 100 veh\u00edculos de diferentes \u00e9pocas y modelos de Citro\u00ebn se congregaron en el Club Los Pinares...\" \/>\n<meta name=\"robots\" content=\"index, follow, max-snippet:-1, max-image-preview:large, max-video-preview:-1\" \/>\n<link rel=\"canonical\" href=\"https:\/\/autofans.com.ar\/index.php\/2023\/11\/15\/citroen-festejo-los-75-anos-del-2cv\/\" \/>\n<meta property=\"og:locale\" content=\"es_ES\" \/>\n<meta property=\"og:type\" content=\"article\" \/>\n<meta property=\"og:title\" content=\"Citro\u00ebn festej\u00f3 los 75 a\u00f1os del 2CV -\" \/>\n<meta property=\"og:description\" content=\"En una jornada llena de nostalgia, m\u00e1s de 100 veh\u00edculos de diferentes \u00e9pocas y modelos de Citro\u00ebn se congregaron en el Club Los Pinares...\" \/>\n<meta property=\"og:url\" content=\"https:\/\/autofans.com.ar\/index.php\/2023\/11\/15\/citroen-festejo-los-75-anos-del-2cv\/\" \/>\n<meta property=\"article:published_time\" content=\"2023-11-15T22:32:28+00:00\" \/>\n<meta property=\"article:modified_time\" content=\"2023-11-15T22:34:05+00:00\" \/>\n<meta property=\"og:image\" content=\"https:\/\/autofans.com.ar\/wp-content\/uploads\/2023\/11\/citroen-2.jpg\" \/>\n\t<meta property=\"og:image:width\" content=\"1000\" \/>\n\t<meta property=\"og:image:height\" content=\"667\" \/>\n\t<meta property=\"og:image:type\" content=\"image\/jpeg\" \/>\n<meta name=\"author\" content=\"Alejandro Gabriel Rosito\" \/>\n<meta name=\"twitter:card\" content=\"summary_large_image\" \/>\n<meta name=\"twitter:label1\" content=\"Escrito por\" \/>\n\t<meta name=\"twitter:data1\" content=\"Alejandro Gabriel Rosito\" \/>\n\t<meta name=\"twitter:label2\" content=\"Tiempo de lectura\" \/>\n\t<meta name=\"twitter:data2\" content=\"2 minutos\" \/>\n<script type=\"application\/ld+json\" class=\"yoast-schema-graph\">{\"@context\":\"https:\\\/\\\/schema.org\",\"@graph\":[{\"@type\":\"Article\",\"@id\":\"https:\\\/\\\/autofans.com.ar\\\/index.php\\\/2023\\\/11\\\/15\\\/citroen-festejo-los-75-anos-del-2cv\\\/#article\",\"isPartOf\":{\"@id\":\"https:\\\/\\\/autofans.com.ar\\\/index.php\\\/2023\\\/11\\\/15\\\/citroen-festejo-los-75-anos-del-2cv\\\/\"},\"author\":{\"name\":\"Alejandro Gabriel Rosito\",\"@id\":\"https:\\\/\\\/autofans.com.ar\\\/#\\\/schema\\\/person\\\/4a8dda0b6df83ac3d6723e921274c2aa\"},\"headline\":\"Citro\u00ebn festej\u00f3 los 75 a\u00f1os del 2CV\",\"datePublished\":\"2023-11-15T22:32:28+00:00\",\"dateModified\":\"2023-11-15T22:34:05+00:00\",\"mainEntityOfPage\":{\"@id\":\"https:\\\/\\\/autofans.com.ar\\\/index.php\\\/2023\\\/11\\\/15\\\/citroen-festejo-los-75-anos-del-2cv\\\/\"},\"wordCount\":366,\"image\":{\"@id\":\"https:\\\/\\\/autofans.com.ar\\\/index.php\\\/2023\\\/11\\\/15\\\/citroen-festejo-los-75-anos-del-2cv\\\/#primaryimage\"},\"thumbnailUrl\":\"https:\\\/\\\/autofans.com.ar\\\/wp-content\\\/uploads\\\/2023\\\/11\\\/citroen-2.jpg\",\"keywords\":[\"2CV\",\"Celebraci\u00f3n Autos Cl\u00e1sicos\",\"Citroen\",\"Citroen Argentina\",\"Citro\u00ebn Club Buenos Aires\",\"Citrounidos\",\"Cl\u00e1sicos Citro\u00ebn\",\"Club Mehari\",\"Evento Automotor\",\"historia del autom\u00f3vil\",\"Nuevo Citro\u00ebn C3\",\"SUV C5 Aircross\"],\"articleSection\":[\"EMPRESAS\",\"NOTICIAS\"],\"inLanguage\":\"es\"},{\"@type\":\"WebPage\",\"@id\":\"https:\\\/\\\/autofans.com.ar\\\/index.php\\\/2023\\\/11\\\/15\\\/citroen-festejo-los-75-anos-del-2cv\\\/\",\"url\":\"https:\\\/\\\/autofans.com.ar\\\/index.php\\\/2023\\\/11\\\/15\\\/citroen-festejo-los-75-anos-del-2cv\\\/\",\"name\":\"Citro\u00ebn festej\u00f3 los 75 a\u00f1os del 2CV -\",\"isPartOf\":{\"@id\":\"https:\\\/\\\/autofans.com.ar\\\/#website\"},\"primaryImageOfPage\":{\"@id\":\"https:\\\/\\\/autofans.com.ar\\\/index.php\\\/2023\\\/11\\\/15\\\/citroen-festejo-los-75-anos-del-2cv\\\/#primaryimage\"},\"image\":{\"@id\":\"https:\\\/\\\/autofans.com.ar\\\/index.php\\\/2023\\\/11\\\/15\\\/citroen-festejo-los-75-anos-del-2cv\\\/#primaryimage\"},\"thumbnailUrl\":\"https:\\\/\\\/autofans.com.ar\\\/wp-content\\\/uploads\\\/2023\\\/11\\\/citroen-2.jpg\",\"datePublished\":\"2023-11-15T22:32:28+00:00\",\"dateModified\":\"2023-11-15T22:34:05+00:00\",\"author\":{\"@id\":\"https:\\\/\\\/autofans.com.ar\\\/#\\\/schema\\\/person\\\/4a8dda0b6df83ac3d6723e921274c2aa\"},\"description\":\"En una jornada llena de nostalgia, m\u00e1s de 100 veh\u00edculos de diferentes \u00e9pocas y modelos de Citro\u00ebn se congregaron en el Club Los Pinares...\",\"breadcrumb\":{\"@id\":\"https:\\\/\\\/autofans.com.ar\\\/index.php\\\/2023\\\/11\\\/15\\\/citroen-festejo-los-75-anos-del-2cv\\\/#breadcrumb\"},\"inLanguage\":\"es\",\"potentialAction\":[{\"@type\":\"ReadAction\",\"target\":[\"https:\\\/\\\/autofans.com.ar\\\/index.php\\\/2023\\\/11\\\/15\\\/citroen-festejo-los-75-anos-del-2cv\\\/\"]}]},{\"@type\":\"ImageObject\",\"inLanguage\":\"es\",\"@id\":\"https:\\\/\\\/autofans.com.ar\\\/index.php\\\/2023\\\/11\\\/15\\\/citroen-festejo-los-75-anos-del-2cv\\\/#primaryimage\",\"url\":\"https:\\\/\\\/autofans.com.ar\\\/wp-content\\\/uploads\\\/2023\\\/11\\\/citroen-2.jpg\",\"contentUrl\":\"https:\\\/\\\/autofans.com.ar\\\/wp-content\\\/uploads\\\/2023\\\/11\\\/citroen-2.jpg\",\"width\":1000,\"height\":667,\"caption\":\"Citro\u00ebn\"},{\"@type\":\"BreadcrumbList\",\"@id\":\"https:\\\/\\\/autofans.com.ar\\\/index.php\\\/2023\\\/11\\\/15\\\/citroen-festejo-los-75-anos-del-2cv\\\/#breadcrumb\",\"itemListElement\":[{\"@type\":\"ListItem\",\"position\":1,\"name\":\"Inicio\",\"item\":\"https:\\\/\\\/autofans.com.ar\\\/\"},{\"@type\":\"ListItem\",\"position\":2,\"name\":\"Citro\u00ebn festej\u00f3 los 75 a\u00f1os del 2CV\"}]},{\"@type\":\"WebSite\",\"@id\":\"https:\\\/\\\/autofans.com.ar\\\/#website\",\"url\":\"https:\\\/\\\/autofans.com.ar\\\/\",\"name\":\"\",\"description\":\"El multimedio referente de la industria automotriz\",\"potentialAction\":[{\"@type\":\"SearchAction\",\"target\":{\"@type\":\"EntryPoint\",\"urlTemplate\":\"https:\\\/\\\/autofans.com.ar\\\/?s={search_term_string}\"},\"query-input\":{\"@type\":\"PropertyValueSpecification\",\"valueRequired\":true,\"valueName\":\"search_term_string\"}}],\"inLanguage\":\"es\"},{\"@type\":\"Person\",\"@id\":\"https:\\\/\\\/autofans.com.ar\\\/#\\\/schema\\\/person\\\/4a8dda0b6df83ac3d6723e921274c2aa\",\"name\":\"Alejandro Gabriel Rosito\",\"image\":{\"@type\":\"ImageObject\",\"inLanguage\":\"es\",\"@id\":\"https:\\\/\\\/secure.gravatar.com\\\/avatar\\\/16c5dda1489adfc62618084dcbb91cffd879c374b13fe5dd8e44ed6733852c88?s=96&d=mm&r=g\",\"url\":\"https:\\\/\\\/secure.gravatar.com\\\/avatar\\\/16c5dda1489adfc62618084dcbb91cffd879c374b13fe5dd8e44ed6733852c88?s=96&d=mm&r=g\",\"contentUrl\":\"https:\\\/\\\/secure.gravatar.com\\\/avatar\\\/16c5dda1489adfc62618084dcbb91cffd879c374b13fe5dd8e44ed6733852c88?s=96&d=mm&r=g\",\"caption\":\"Alejandro Gabriel Rosito\"},\"url\":\"https:\\\/\\\/autofans.com.ar\\\/index.php\\\/author\\\/gabrielr\\\/\"}]}<\/script>\n<!-- \/ Yoast SEO plugin. -->","yoast_head_json":{"title":"Citro\u00ebn festej\u00f3 los 75 a\u00f1os del 2CV -","description":"En una jornada llena de nostalgia, m\u00e1s de 100 veh\u00edculos de diferentes \u00e9pocas y modelos de Citro\u00ebn se congregaron en el Club Los Pinares...","robots":{"index":"index","follow":"follow","max-snippet":"max-snippet:-1","max-image-preview":"max-image-preview:large","max-video-preview":"max-video-preview:-1"},"canonical":"https:\/\/autofans.com.ar\/index.php\/2023\/11\/15\/citroen-festejo-los-75-anos-del-2cv\/","og_locale":"es_ES","og_type":"article","og_title":"Citro\u00ebn festej\u00f3 los 75 a\u00f1os del 2CV -","og_description":"En una jornada llena de nostalgia, m\u00e1s de 100 veh\u00edculos de diferentes \u00e9pocas y modelos de Citro\u00ebn se congregaron en el Club Los Pinares...","og_url":"https:\/\/autofans.com.ar\/index.php\/2023\/11\/15\/citroen-festejo-los-75-anos-del-2cv\/","article_published_time":"2023-11-15T22:32:28+00:00","article_modified_time":"2023-11-15T22:34:05+00:00","og_image":[{"width":1000,"height":667,"url":"https:\/\/autofans.com.ar\/wp-content\/uploads\/2023\/11\/citroen-2.jpg","type":"image\/jpeg"}],"author":"Alejandro Gabriel Rosito","twitter_card":"summary_large_image","twitter_misc":{"Escrito por":"Alejandro Gabriel Rosito","Tiempo de lectura":"2 minutos"},"schema":{"@context":"https:\/\/schema.org","@graph":[{"@type":"Article","@id":"https:\/\/autofans.com.ar\/index.php\/2023\/11\/15\/citroen-festejo-los-75-anos-del-2cv\/#article","isPartOf":{"@id":"https:\/\/autofans.com.ar\/index.php\/2023\/11\/15\/citroen-festejo-los-75-anos-del-2cv\/"},"author":{"name":"Alejandro Gabriel Rosito","@id":"https:\/\/autofans.com.ar\/#\/schema\/person\/4a8dda0b6df83ac3d6723e921274c2aa"},"headline":"Citro\u00ebn festej\u00f3 los 75 a\u00f1os del 2CV","datePublished":"2023-11-15T22:32:28+00:00","dateModified":"2023-11-15T22:34:05+00:00","mainEntityOfPage":{"@id":"https:\/\/autofans.com.ar\/index.php\/2023\/11\/15\/citroen-festejo-los-75-anos-del-2cv\/"},"wordCount":366,"image":{"@id":"https:\/\/autofans.com.ar\/index.php\/2023\/11\/15\/citroen-festejo-los-75-anos-del-2cv\/#primaryimage"},"thumbnailUrl":"https:\/\/autofans.com.ar\/wp-content\/uploads\/2023\/11\/citroen-2.jpg","keywords":["2CV","Celebraci\u00f3n Autos Cl\u00e1sicos","Citroen","Citroen Argentina","Citro\u00ebn Club Buenos Aires","Citrounidos","Cl\u00e1sicos Citro\u00ebn","Club Mehari","Evento Automotor","historia del autom\u00f3vil","Nuevo Citro\u00ebn C3","SUV C5 Aircross"],"articleSection":["EMPRESAS","NOTICIAS"],"inLanguage":"es"},{"@type":"WebPage","@id":"https:\/\/autofans.com.ar\/index.php\/2023\/11\/15\/citroen-festejo-los-75-anos-del-2cv\/","url":"https:\/\/autofans.com.ar\/index.php\/2023\/11\/15\/citroen-festejo-los-75-anos-del-2cv\/","name":"Citro\u00ebn festej\u00f3 los 75 a\u00f1os del 2CV -","isPartOf":{"@id":"https:\/\/autofans.com.ar\/#website"},"primaryImageOfPage":{"@id":"https:\/\/autofans.com.ar\/index.php\/2023\/11\/15\/citroen-festejo-los-75-anos-del-2cv\/#primaryimage"},"image":{"@id":"https:\/\/autofans.com.ar\/index.php\/2023\/11\/15\/citroen-festejo-los-75-anos-del-2cv\/#primaryimage"},"thumbnailUrl":"https:\/\/autofans.com.ar\/wp-content\/uploads\/2023\/11\/citroen-2.jpg","datePublished":"2023-11-15T22:32:28+00:00","dateModified":"2023-11-15T22:34:05+00:00","author":{"@id":"https:\/\/autofans.com.ar\/#\/schema\/person\/4a8dda0b6df83ac3d6723e921274c2aa"},"description":"En una jornada llena de nostalgia, m\u00e1s de 100 veh\u00edculos de diferentes \u00e9pocas y modelos de Citro\u00ebn se congregaron en el Club Los Pinares...","breadcrumb":{"@id":"https:\/\/autofans.com.ar\/index.php\/2023\/11\/15\/citroen-festejo-los-75-anos-del-2cv\/#breadcrumb"},"inLanguage":"es","potentialAction":[{"@type":"ReadAction","target":["https:\/\/autofans.com.ar\/index.php\/2023\/11\/15\/citroen-festejo-los-75-anos-del-2cv\/"]}]},{"@type":"ImageObject","inLanguage":"es","@id":"https:\/\/autofans.com.ar\/index.php\/2023\/11\/15\/citroen-festejo-los-75-anos-del-2cv\/#primaryimage","url":"https:\/\/autofans.com.ar\/wp-content\/uploads\/2023\/11\/citroen-2.jpg","contentUrl":"https:\/\/autofans.com.ar\/wp-content\/uploads\/2023\/11\/citroen-2.jpg","width":1000,"height":667,"caption":"Citro\u00ebn"},{"@type":"BreadcrumbList","@id":"https:\/\/autofans.com.ar\/index.php\/2023\/11\/15\/citroen-festejo-los-75-anos-del-2cv\/#breadcrumb","itemListElement":[{"@type":"ListItem","position":1,"name":"Inicio","item":"https:\/\/autofans.com.ar\/"},{"@type":"ListItem","position":2,"name":"Citro\u00ebn festej\u00f3 los 75 a\u00f1os del 2CV"}]},{"@type":"WebSite","@id":"https:\/\/autofans.com.ar\/#website","url":"https:\/\/autofans.com.ar\/","name":"","description":"El multimedio referente de la industria automotriz","potentialAction":[{"@type":"SearchAction","target":{"@type":"EntryPoint","urlTemplate":"https:\/\/autofans.com.ar\/?s={search_term_string}"},"query-input":{"@type":"PropertyValueSpecification","valueRequired":true,"valueName":"search_term_string"}}],"inLanguage":"es"},{"@type":"Person","@id":"https:\/\/autofans.com.ar\/#\/schema\/person\/4a8dda0b6df83ac3d6723e921274c2aa","name":"Alejandro Gabriel Rosito","image":{"@type":"ImageObject","inLanguage":"es","@id":"https:\/\/secure.gravatar.com\/avatar\/16c5dda1489adfc62618084dcbb91cffd879c374b13fe5dd8e44ed6733852c88?s=96&d=mm&r=g","url":"https:\/\/secure.gravatar.com\/avatar\/16c5dda1489adfc62618084dcbb91cffd879c374b13fe5dd8e44ed6733852c88?s=96&d=mm&r=g","contentUrl":"https:\/\/secure.gravatar.com\/avatar\/16c5dda1489adfc62618084dcbb91cffd879c374b13fe5dd8e44ed6733852c88?s=96&d=mm&r=g","caption":"Alejandro Gabriel Rosito"},"url":"https:\/\/autofans.com.ar\/index.php\/author\/gabrielr\/"}]}},"featured_image_urls":{"full":["https:\/\/autofans.com.ar\/wp-content\/uploads\/2023\/11\/citroen-2.jpg",1000,667,false],"thumbnail":["https:\/\/autofans.com.ar\/wp-content\/uploads\/2023\/11\/citroen-2-150x150.jpg",150,150,true],"medium":["https:\/\/autofans.com.ar\/wp-content\/uploads\/2023\/11\/citroen-2-300x200.jpg",300,200,true],"medium_large":["https:\/\/autofans.com.ar\/wp-content\/uploads\/2023\/11\/citroen-2-768x512.jpg",640,427,true],"large":["https:\/\/autofans.com.ar\/wp-content\/uploads\/2023\/11\/citroen-2.jpg",640,427,false],"1536x1536":["https:\/\/autofans.com.ar\/wp-content\/uploads\/2023\/11\/citroen-2.jpg",1000,667,false],"2048x2048":["https:\/\/autofans.com.ar\/wp-content\/uploads\/2023\/11\/citroen-2.jpg",1000,667,false],"covernews-featured":["https:\/\/autofans.com.ar\/wp-content\/uploads\/2023\/11\/citroen-2.jpg",1000,667,false],"covernews-medium":["https:\/\/autofans.com.ar\/wp-content\/uploads\/2023\/11\/citroen-2-540x340.jpg",540,340,true]},"author_info":{"display_name":"Alejandro Gabriel Rosito","author_link":"https:\/\/autofans.com.ar\/index.php\/author\/gabrielr\/"},"category_info":"<a href=\"https:\/\/autofans.com.ar\/index.php\/category\/noticias\/empresas\/\" rel=\"category tag\">EMPRESAS<\/a> <a href=\"https:\/\/autofans.com.ar\/index.php\/category\/noticias\/\" rel=\"category tag\">NOTICIAS<\/a>","tag_info":"NOTICIAS","comment_count":0,"_links":{"self":[{"href":"https:\/\/autofans.com.ar\/index.php\/wp-json\/wp\/v2\/posts\/5769","targetHints":{"allow":["GET"]}}],"collection":[{"href":"https:\/\/autofans.com.ar\/index.php\/wp-json\/wp\/v2\/posts"}],"about":[{"href":"https:\/\/autofans.com.ar\/index.php\/wp-json\/wp\/v2\/types\/post"}],"author":[{"embeddable":true,"href":"https:\/\/autofans.com.ar\/index.php\/wp-json\/wp\/v2\/users\/2"}],"replies":[{"embeddable":true,"href":"https:\/\/autofans.com.ar\/index.php\/wp-json\/wp\/v2\/comments?post=5769"}],"version-history":[{"count":5,"href":"https:\/\/autofans.com.ar\/index.php\/wp-json\/wp\/v2\/posts\/5769\/revisions"}],"predecessor-version":[{"id":5778,"href":"https:\/\/autofans.com.ar\/index.php\/wp-json\/wp\/v2\/posts\/5769\/revisions\/5778"}],"wp:featuredmedia":[{"embeddable":true,"href":"https:\/\/autofans.com.ar\/index.php\/wp-json\/wp\/v2\/media\/5772"}],"wp:attachment":[{"href":"https:\/\/autofans.com.ar\/index.php\/wp-json\/wp\/v2\/media?parent=5769"}],"wp:term":[{"taxonomy":"category","embeddable":true,"href":"https:\/\/autofans.com.ar\/index.php\/wp-json\/wp\/v2\/categories?post=5769"},{"taxonomy":"post_tag","embeddable":true,"href":"https:\/\/autofans.com.ar\/index.php\/wp-json\/wp\/v2\/tags?post=5769"}],"curies":[{"name":"wp","href":"https:\/\/api.w.org\/{rel}","templated":true}]}}