{"id":578,"date":"2023-03-07T13:54:06","date_gmt":"2023-03-07T16:54:06","guid":{"rendered":"https:\/\/autofans.com.ar\/?p=578"},"modified":"2023-04-09T18:50:18","modified_gmt":"2023-04-09T21:50:18","slug":"grupo-simpa-presento-husqvarna-norden-901","status":"publish","type":"post","link":"https:\/\/autofans.com.ar\/index.php\/2023\/03\/07\/grupo-simpa-presento-husqvarna-norden-901\/","title":{"rendered":"Grupo Simpa present\u00f3 Husqvarna Norden 901"},"content":{"rendered":"<p>Grupo Simpa consolida su liderazgo en la producci\u00f3n de motos de alta cilindrada en Argentina al presentar oficialmente la nueva Husqvarna Norden 901. Por lo tanto la marca anunci\u00f3 su consolidaci\u00f3n a nivel nacional de su red comercial de concesionarios y su compromiso en la producci\u00f3n de motocicletas de la marca austriaca. Por otra parte la presentaci\u00f3n cont\u00f3 con la presencia de Juan Carlos Mas, gerente comercial de la Divisi\u00f3n Motoveh\u00edculos de Grupo Simpa S.A.; Daniel Riganti, Brand Manager de Husqvarna Motorcycles Argentina; y Gabriela Rodr\u00edguez, Brand Marketing de Husqvarna Motorcycles Argentina.<\/p>\n<p><img fetchpriority=\"high\" decoding=\"async\" class=\"aligncenter wp-image-583 size-full\" src=\"https:\/\/autofans.com.ar\/wp-content\/uploads\/2023\/03\/moto-2.jpg\" alt=\"Husqvarna Norden 901\" width=\"1000\" height=\"667\" srcset=\"https:\/\/autofans.com.ar\/wp-content\/uploads\/2023\/03\/moto-2.jpg 1000w, https:\/\/autofans.com.ar\/wp-content\/uploads\/2023\/03\/moto-2-300x200.jpg 300w, https:\/\/autofans.com.ar\/wp-content\/uploads\/2023\/03\/moto-2-768x512.jpg 768w\" sizes=\"(max-width: 1000px) 100vw, 1000px\" \/><\/p>\n<p>&nbsp;<\/p>\n<p>La Husqvarna Norden 901 es una trail aventurera con un claro enfoque off-road. El modelo cuenta con un cuidado dise\u00f1o, formas angulosas y una estilizada ergonom\u00eda que se asemeja al estilo de las motos de rally. Est\u00e1 impulsada por un motor de dos cilindros en l\u00ednea de 889 cc que brinda una potencia de 105 CV a 8.500 rpm y 100 Nm de par a 6.500 rpm. Adem\u00e1s, cuenta con la funci\u00f3n Easy Shift que permite utilizar el cambio de seis velocidades sin necesidad de accionar la maneta de embrague.<\/p>\n<div id='gallery-1' class='gallery galleryid-578 gallery-columns-2 gallery-size-large'><figure class='gallery-item'>\n\t\t\t<div class='gallery-icon landscape'>\n\t\t\t\t<a href='https:\/\/autofans.com.ar\/index.php\/2023\/03\/07\/grupo-simpa-presento-husqvarna-norden-901\/moto-5\/'><img loading=\"lazy\" width=\"640\" height=\"427\" src=\"https:\/\/autofans.com.ar\/wp-content\/uploads\/2023\/03\/moto-5.jpg\" class=\"attachment-large size-large\" alt=\"Husqvarna Norden 901\" srcset=\"https:\/\/autofans.com.ar\/wp-content\/uploads\/2023\/03\/moto-5.jpg 1000w, https:\/\/autofans.com.ar\/wp-content\/uploads\/2023\/03\/moto-5-300x200.jpg 300w, https:\/\/autofans.com.ar\/wp-content\/uploads\/2023\/03\/moto-5-768x512.jpg 768w\" sizes=\"auto, (max-width: 640px) 100vw, 640px\" loading=\"lazy\" decoding=\"async\" \/><\/a>\n\t\t\t<\/div><\/figure><figure class='gallery-item'>\n\t\t\t<div class='gallery-icon landscape'>\n\t\t\t\t<a href='https:\/\/autofans.com.ar\/index.php\/2023\/03\/07\/grupo-simpa-presento-husqvarna-norden-901\/moto-4\/'><img loading=\"lazy\" width=\"640\" height=\"427\" src=\"https:\/\/autofans.com.ar\/wp-content\/uploads\/2023\/03\/moto-4.jpg\" class=\"attachment-large size-large\" alt=\"Husqvarna Norden 901\" srcset=\"https:\/\/autofans.com.ar\/wp-content\/uploads\/2023\/03\/moto-4.jpg 1000w, https:\/\/autofans.com.ar\/wp-content\/uploads\/2023\/03\/moto-4-300x200.jpg 300w, https:\/\/autofans.com.ar\/wp-content\/uploads\/2023\/03\/moto-4-768x512.jpg 768w\" sizes=\"auto, (max-width: 640px) 100vw, 640px\" loading=\"lazy\" decoding=\"async\" \/><\/a>\n\t\t\t<\/div><\/figure>\n\t\t<\/div>\n\n<p>&nbsp;<\/p>\n<p><a href=\"https:\/\/www.husqvarna-motorcycles.com\/es-ar.html\" target=\"_blank\" rel=\"noopener\">Husqvarna Motorcycles Argentina<\/a>, marca integrante del portfolio del Grupo Simpa S.A., produce la Husqvarna Norden 901 en la planta de la localidad de Campana. El Grupo Simpa inici\u00f3 la producci\u00f3n de las motocicletas de la marca austr\u00edaca en 2018 y sus modelos Svartpilen ya se transformaron en un hito de ventas. Hoy, la Husqvarna Norden 901 comenzar\u00e1 a liderar la oferta de Husqvarna Motorcycles en Argentina. Encolumnada dentro del ambicioso y sostenido plan de crecimiento que el Grupo Simpa est\u00e1 llevando adelante para todo el portfolio de sus marcas de movilidad.<\/p>\n<div id='gallery-2' class='gallery galleryid-578 gallery-columns-2 gallery-size-large'><figure class='gallery-item'>\n\t\t\t<div class='gallery-icon landscape'>\n\t\t\t\t<a href='https:\/\/autofans.com.ar\/index.php\/2023\/03\/07\/grupo-simpa-presento-husqvarna-norden-901\/motos-7\/'><img loading=\"lazy\" width=\"640\" height=\"427\" src=\"https:\/\/autofans.com.ar\/wp-content\/uploads\/2023\/03\/motos-7.jpg\" class=\"attachment-large size-large\" alt=\"Husqvarna Norden 901\" aria-describedby=\"gallery-2-588\" srcset=\"https:\/\/autofans.com.ar\/wp-content\/uploads\/2023\/03\/motos-7.jpg 1000w, https:\/\/autofans.com.ar\/wp-content\/uploads\/2023\/03\/motos-7-300x200.jpg 300w, https:\/\/autofans.com.ar\/wp-content\/uploads\/2023\/03\/motos-7-768x512.jpg 768w\" sizes=\"auto, (max-width: 640px) 100vw, 640px\" loading=\"lazy\" decoding=\"async\" \/><\/a>\n\t\t\t<\/div>\n\t\t\t\t<figcaption class='wp-caption-text gallery-caption' id='gallery-2-588'>\n\t\t\t\tHusqvarna Norden 901\n\t\t\t\t<\/figcaption><\/figure><figure class='gallery-item'>\n\t\t\t<div class='gallery-icon landscape'>\n\t\t\t\t<a href='https:\/\/autofans.com.ar\/index.php\/2023\/03\/07\/grupo-simpa-presento-husqvarna-norden-901\/svartpilen\/'><img loading=\"lazy\" width=\"640\" height=\"427\" src=\"https:\/\/autofans.com.ar\/wp-content\/uploads\/2023\/03\/Svartpilen.jpg\" class=\"attachment-large size-large\" alt=\"Svartpilen\" aria-describedby=\"gallery-2-587\" srcset=\"https:\/\/autofans.com.ar\/wp-content\/uploads\/2023\/03\/Svartpilen.jpg 1000w, https:\/\/autofans.com.ar\/wp-content\/uploads\/2023\/03\/Svartpilen-300x200.jpg 300w, https:\/\/autofans.com.ar\/wp-content\/uploads\/2023\/03\/Svartpilen-768x512.jpg 768w\" sizes=\"auto, (max-width: 640px) 100vw, 640px\" loading=\"lazy\" decoding=\"async\" \/><\/a>\n\t\t\t<\/div>\n\t\t\t\t<figcaption class='wp-caption-text gallery-caption' id='gallery-2-587'>\n\t\t\t\tSvartpilen\n\t\t\t\t<\/figcaption><\/figure>\n\t\t<\/div>\n\n<p>&nbsp;<\/p>\n<p>La presentaci\u00f3n de la nueva Husqvarna Norden 901 se realiz\u00f3 en \u201cAUGUSTA\u201d, inmerso en los Bosques de Palermo de la ciudad de Buenos Aires. Durante el evento se hizo un recorrido por la historia de la marca hasta llegar a este nuevo modelo del segmento de las Trail aventureras. La marca confirm\u00f3 su consolidaci\u00f3n a nivel nacional de su red comercial de concesionarios.<\/p>\n<p>En conclusi\u00f3n, la nueva Husqvarna Norden 901 es una moto de alta cilindrada producida en Argentina. No obstante contin\u00faa consolid\u00e1ndose en la producci\u00f3n de motocicletas de la marca austriaca a nivel nacional. La presentaci\u00f3n fue un \u00e9xito y la moto ya est\u00e1 disponible en la red de concesionarios del Grupo Simpa.<\/p>\n<p>&nbsp;<\/p>\n<p><center><iframe title=\"Presentaron oficialmente la nueva Husqvarna Norden 901\" width=\"640\" height=\"360\" src=\"https:\/\/www.youtube.com\/embed\/bwipSA-qMkw?feature=oembed\" frameborder=\"0\" allow=\"accelerometer; autoplay; clipboard-write; encrypted-media; gyroscope; picture-in-picture; web-share\" referrerpolicy=\"strict-origin-when-cross-origin\" allowfullscreen><\/iframe><\/p>\n<p>&nbsp;<\/p>\n<p>&nbsp;<\/p>\n<p>&nbsp;<\/p>\n<p><\/center><i>Para enterarte de m\u00e1s novedades, no dejes de leer\u00a0<\/i><a href=\"https:\/\/autofans.thebrandsoup.com\/\"><i>nuestras notas<\/i><\/a><i>, de ver<\/i><b><i>\u00a0<\/i><\/b><a href=\"https:\/\/www.youtube.com\/channel\/UCgAC8UGHZYbT6P7PpmVnP7g\"><b><i>AUTOFANS TV<\/i><\/b><\/a><b><i>\u00a0<\/i><\/b><i>en nuestro\u00a0canal de Youtube. Adem\u00e1s seguinos en\u00a0<\/i><a href=\"https:\/\/www.instagram.com\/autofanstv\/\"><i>INSTAGRAM<\/i><\/a><i> y <\/i><a href=\"https:\/\/www.facebook.com\/autofansmas\/\"><i>FACEBOOK<\/i><\/a><i> para no perderte nada sobre las novedades del segmento automotor de Argentina y el mundo.<\/i><\/p>\n","protected":false},"excerpt":{"rendered":"<p>Grupo Simpa consolida su liderazgo en la producci\u00f3n de motos de alta cilindrada en Argentina&#8230;<\/p>\n","protected":false},"author":2,"featured_media":588,"comment_status":"closed","ping_status":"closed","sticky":false,"template":"","format":"standard","meta":{"footnotes":""},"categories":[1,9],"tags":[249,246,245,247,248],"class_list":["post-578","post","type-post","status-publish","format-standard","has-post-thumbnail","hentry","category-lanzamientos","category-motos-lanzamientos","tag-alta-cilindrada","tag-grupo-simpa","tag-husqvarna-norden-901","tag-motocicletas","tag-produccion"],"yoast_head":"<!-- This site is optimized with the Yoast SEO plugin v27.5 - https:\/\/yoast.com\/product\/yoast-seo-wordpress\/ -->\n<title>Grupo Simpa present\u00f3 Husqvarna Norden 901 -<\/title>\n<meta name=\"description\" content=\"Grupo Simpa consolida su liderazgo en la producci\u00f3n de motos de alta cilindrada, la nueva Husqvarna Norden 901...\" \/>\n<meta name=\"robots\" content=\"index, follow, max-snippet:-1, max-image-preview:large, max-video-preview:-1\" \/>\n<link rel=\"canonical\" href=\"https:\/\/autofans.com.ar\/index.php\/2023\/03\/07\/grupo-simpa-presento-husqvarna-norden-901\/\" \/>\n<meta property=\"og:locale\" content=\"es_ES\" \/>\n<meta property=\"og:type\" content=\"article\" \/>\n<meta property=\"og:title\" content=\"Grupo Simpa present\u00f3 Husqvarna Norden 901 -\" \/>\n<meta property=\"og:description\" content=\"Grupo Simpa consolida su liderazgo en la producci\u00f3n de motos de alta cilindrada, la nueva Husqvarna Norden 901...\" \/>\n<meta property=\"og:url\" content=\"https:\/\/autofans.com.ar\/index.php\/2023\/03\/07\/grupo-simpa-presento-husqvarna-norden-901\/\" \/>\n<meta property=\"article:published_time\" content=\"2023-03-07T16:54:06+00:00\" \/>\n<meta property=\"article:modified_time\" content=\"2023-04-09T21:50:18+00:00\" \/>\n<meta property=\"og:image\" content=\"https:\/\/autofans.com.ar\/wp-content\/uploads\/2023\/03\/motos-7.jpg\" \/>\n\t<meta property=\"og:image:width\" content=\"1000\" \/>\n\t<meta property=\"og:image:height\" content=\"667\" \/>\n\t<meta property=\"og:image:type\" content=\"image\/jpeg\" \/>\n<meta name=\"author\" content=\"Alejandro Gabriel Rosito\" \/>\n<meta name=\"twitter:card\" content=\"summary_large_image\" \/>\n<meta name=\"twitter:label1\" content=\"Escrito por\" \/>\n\t<meta name=\"twitter:data1\" content=\"Alejandro Gabriel Rosito\" \/>\n\t<meta name=\"twitter:label2\" content=\"Tiempo de lectura\" \/>\n\t<meta name=\"twitter:data2\" content=\"3 minutos\" \/>\n<script type=\"application\/ld+json\" class=\"yoast-schema-graph\">{\"@context\":\"https:\\\/\\\/schema.org\",\"@graph\":[{\"@type\":\"Article\",\"@id\":\"https:\\\/\\\/autofans.com.ar\\\/index.php\\\/2023\\\/03\\\/07\\\/grupo-simpa-presento-husqvarna-norden-901\\\/#article\",\"isPartOf\":{\"@id\":\"https:\\\/\\\/autofans.com.ar\\\/index.php\\\/2023\\\/03\\\/07\\\/grupo-simpa-presento-husqvarna-norden-901\\\/\"},\"author\":{\"name\":\"Alejandro Gabriel Rosito\",\"@id\":\"https:\\\/\\\/autofans.com.ar\\\/#\\\/schema\\\/person\\\/4a8dda0b6df83ac3d6723e921274c2aa\"},\"headline\":\"Grupo Simpa present\u00f3 Husqvarna Norden 901\",\"datePublished\":\"2023-03-07T16:54:06+00:00\",\"dateModified\":\"2023-04-09T21:50:18+00:00\",\"mainEntityOfPage\":{\"@id\":\"https:\\\/\\\/autofans.com.ar\\\/index.php\\\/2023\\\/03\\\/07\\\/grupo-simpa-presento-husqvarna-norden-901\\\/\"},\"wordCount\":469,\"image\":{\"@id\":\"https:\\\/\\\/autofans.com.ar\\\/index.php\\\/2023\\\/03\\\/07\\\/grupo-simpa-presento-husqvarna-norden-901\\\/#primaryimage\"},\"thumbnailUrl\":\"https:\\\/\\\/autofans.com.ar\\\/wp-content\\\/uploads\\\/2023\\\/03\\\/motos-7.jpg\",\"keywords\":[\"alta cilindrada.\",\"Grupo Simpa\",\"Husqvarna Norden 901\",\"motocicletas\",\"producci\u00f3n\"],\"articleSection\":[\"LANZAMIENTOS\",\"Motos\"],\"inLanguage\":\"es\"},{\"@type\":\"WebPage\",\"@id\":\"https:\\\/\\\/autofans.com.ar\\\/index.php\\\/2023\\\/03\\\/07\\\/grupo-simpa-presento-husqvarna-norden-901\\\/\",\"url\":\"https:\\\/\\\/autofans.com.ar\\\/index.php\\\/2023\\\/03\\\/07\\\/grupo-simpa-presento-husqvarna-norden-901\\\/\",\"name\":\"Grupo Simpa present\u00f3 Husqvarna Norden 901 -\",\"isPartOf\":{\"@id\":\"https:\\\/\\\/autofans.com.ar\\\/#website\"},\"primaryImageOfPage\":{\"@id\":\"https:\\\/\\\/autofans.com.ar\\\/index.php\\\/2023\\\/03\\\/07\\\/grupo-simpa-presento-husqvarna-norden-901\\\/#primaryimage\"},\"image\":{\"@id\":\"https:\\\/\\\/autofans.com.ar\\\/index.php\\\/2023\\\/03\\\/07\\\/grupo-simpa-presento-husqvarna-norden-901\\\/#primaryimage\"},\"thumbnailUrl\":\"https:\\\/\\\/autofans.com.ar\\\/wp-content\\\/uploads\\\/2023\\\/03\\\/motos-7.jpg\",\"datePublished\":\"2023-03-07T16:54:06+00:00\",\"dateModified\":\"2023-04-09T21:50:18+00:00\",\"author\":{\"@id\":\"https:\\\/\\\/autofans.com.ar\\\/#\\\/schema\\\/person\\\/4a8dda0b6df83ac3d6723e921274c2aa\"},\"description\":\"Grupo Simpa consolida su liderazgo en la producci\u00f3n de motos de alta cilindrada, la nueva Husqvarna Norden 901...\",\"breadcrumb\":{\"@id\":\"https:\\\/\\\/autofans.com.ar\\\/index.php\\\/2023\\\/03\\\/07\\\/grupo-simpa-presento-husqvarna-norden-901\\\/#breadcrumb\"},\"inLanguage\":\"es\",\"potentialAction\":[{\"@type\":\"ReadAction\",\"target\":[\"https:\\\/\\\/autofans.com.ar\\\/index.php\\\/2023\\\/03\\\/07\\\/grupo-simpa-presento-husqvarna-norden-901\\\/\"]}]},{\"@type\":\"ImageObject\",\"inLanguage\":\"es\",\"@id\":\"https:\\\/\\\/autofans.com.ar\\\/index.php\\\/2023\\\/03\\\/07\\\/grupo-simpa-presento-husqvarna-norden-901\\\/#primaryimage\",\"url\":\"https:\\\/\\\/autofans.com.ar\\\/wp-content\\\/uploads\\\/2023\\\/03\\\/motos-7.jpg\",\"contentUrl\":\"https:\\\/\\\/autofans.com.ar\\\/wp-content\\\/uploads\\\/2023\\\/03\\\/motos-7.jpg\",\"width\":1000,\"height\":667,\"caption\":\"Husqvarna Norden 901\"},{\"@type\":\"BreadcrumbList\",\"@id\":\"https:\\\/\\\/autofans.com.ar\\\/index.php\\\/2023\\\/03\\\/07\\\/grupo-simpa-presento-husqvarna-norden-901\\\/#breadcrumb\",\"itemListElement\":[{\"@type\":\"ListItem\",\"position\":1,\"name\":\"Inicio\",\"item\":\"https:\\\/\\\/autofans.com.ar\\\/\"},{\"@type\":\"ListItem\",\"position\":2,\"name\":\"Grupo Simpa present\u00f3 Husqvarna Norden 901\"}]},{\"@type\":\"WebSite\",\"@id\":\"https:\\\/\\\/autofans.com.ar\\\/#website\",\"url\":\"https:\\\/\\\/autofans.com.ar\\\/\",\"name\":\"\",\"description\":\"El multimedio referente de la industria automotriz\",\"potentialAction\":[{\"@type\":\"SearchAction\",\"target\":{\"@type\":\"EntryPoint\",\"urlTemplate\":\"https:\\\/\\\/autofans.com.ar\\\/?s={search_term_string}\"},\"query-input\":{\"@type\":\"PropertyValueSpecification\",\"valueRequired\":true,\"valueName\":\"search_term_string\"}}],\"inLanguage\":\"es\"},{\"@type\":\"Person\",\"@id\":\"https:\\\/\\\/autofans.com.ar\\\/#\\\/schema\\\/person\\\/4a8dda0b6df83ac3d6723e921274c2aa\",\"name\":\"Alejandro Gabriel Rosito\",\"image\":{\"@type\":\"ImageObject\",\"inLanguage\":\"es\",\"@id\":\"https:\\\/\\\/secure.gravatar.com\\\/avatar\\\/16c5dda1489adfc62618084dcbb91cffd879c374b13fe5dd8e44ed6733852c88?s=96&d=mm&r=g\",\"url\":\"https:\\\/\\\/secure.gravatar.com\\\/avatar\\\/16c5dda1489adfc62618084dcbb91cffd879c374b13fe5dd8e44ed6733852c88?s=96&d=mm&r=g\",\"contentUrl\":\"https:\\\/\\\/secure.gravatar.com\\\/avatar\\\/16c5dda1489adfc62618084dcbb91cffd879c374b13fe5dd8e44ed6733852c88?s=96&d=mm&r=g\",\"caption\":\"Alejandro Gabriel Rosito\"},\"url\":\"https:\\\/\\\/autofans.com.ar\\\/index.php\\\/author\\\/gabrielr\\\/\"}]}<\/script>\n<!-- \/ Yoast SEO plugin. -->","yoast_head_json":{"title":"Grupo Simpa present\u00f3 Husqvarna Norden 901 -","description":"Grupo Simpa consolida su liderazgo en la producci\u00f3n de motos de alta cilindrada, la nueva Husqvarna Norden 901...","robots":{"index":"index","follow":"follow","max-snippet":"max-snippet:-1","max-image-preview":"max-image-preview:large","max-video-preview":"max-video-preview:-1"},"canonical":"https:\/\/autofans.com.ar\/index.php\/2023\/03\/07\/grupo-simpa-presento-husqvarna-norden-901\/","og_locale":"es_ES","og_type":"article","og_title":"Grupo Simpa present\u00f3 Husqvarna Norden 901 -","og_description":"Grupo Simpa consolida su liderazgo en la producci\u00f3n de motos de alta cilindrada, la nueva Husqvarna Norden 901...","og_url":"https:\/\/autofans.com.ar\/index.php\/2023\/03\/07\/grupo-simpa-presento-husqvarna-norden-901\/","article_published_time":"2023-03-07T16:54:06+00:00","article_modified_time":"2023-04-09T21:50:18+00:00","og_image":[{"width":1000,"height":667,"url":"https:\/\/autofans.com.ar\/wp-content\/uploads\/2023\/03\/motos-7.jpg","type":"image\/jpeg"}],"author":"Alejandro Gabriel Rosito","twitter_card":"summary_large_image","twitter_misc":{"Escrito por":"Alejandro Gabriel Rosito","Tiempo de lectura":"3 minutos"},"schema":{"@context":"https:\/\/schema.org","@graph":[{"@type":"Article","@id":"https:\/\/autofans.com.ar\/index.php\/2023\/03\/07\/grupo-simpa-presento-husqvarna-norden-901\/#article","isPartOf":{"@id":"https:\/\/autofans.com.ar\/index.php\/2023\/03\/07\/grupo-simpa-presento-husqvarna-norden-901\/"},"author":{"name":"Alejandro Gabriel Rosito","@id":"https:\/\/autofans.com.ar\/#\/schema\/person\/4a8dda0b6df83ac3d6723e921274c2aa"},"headline":"Grupo Simpa present\u00f3 Husqvarna Norden 901","datePublished":"2023-03-07T16:54:06+00:00","dateModified":"2023-04-09T21:50:18+00:00","mainEntityOfPage":{"@id":"https:\/\/autofans.com.ar\/index.php\/2023\/03\/07\/grupo-simpa-presento-husqvarna-norden-901\/"},"wordCount":469,"image":{"@id":"https:\/\/autofans.com.ar\/index.php\/2023\/03\/07\/grupo-simpa-presento-husqvarna-norden-901\/#primaryimage"},"thumbnailUrl":"https:\/\/autofans.com.ar\/wp-content\/uploads\/2023\/03\/motos-7.jpg","keywords":["alta cilindrada.","Grupo Simpa","Husqvarna Norden 901","motocicletas","producci\u00f3n"],"articleSection":["LANZAMIENTOS","Motos"],"inLanguage":"es"},{"@type":"WebPage","@id":"https:\/\/autofans.com.ar\/index.php\/2023\/03\/07\/grupo-simpa-presento-husqvarna-norden-901\/","url":"https:\/\/autofans.com.ar\/index.php\/2023\/03\/07\/grupo-simpa-presento-husqvarna-norden-901\/","name":"Grupo Simpa present\u00f3 Husqvarna Norden 901 -","isPartOf":{"@id":"https:\/\/autofans.com.ar\/#website"},"primaryImageOfPage":{"@id":"https:\/\/autofans.com.ar\/index.php\/2023\/03\/07\/grupo-simpa-presento-husqvarna-norden-901\/#primaryimage"},"image":{"@id":"https:\/\/autofans.com.ar\/index.php\/2023\/03\/07\/grupo-simpa-presento-husqvarna-norden-901\/#primaryimage"},"thumbnailUrl":"https:\/\/autofans.com.ar\/wp-content\/uploads\/2023\/03\/motos-7.jpg","datePublished":"2023-03-07T16:54:06+00:00","dateModified":"2023-04-09T21:50:18+00:00","author":{"@id":"https:\/\/autofans.com.ar\/#\/schema\/person\/4a8dda0b6df83ac3d6723e921274c2aa"},"description":"Grupo Simpa consolida su liderazgo en la producci\u00f3n de motos de alta cilindrada, la nueva Husqvarna Norden 901...","breadcrumb":{"@id":"https:\/\/autofans.com.ar\/index.php\/2023\/03\/07\/grupo-simpa-presento-husqvarna-norden-901\/#breadcrumb"},"inLanguage":"es","potentialAction":[{"@type":"ReadAction","target":["https:\/\/autofans.com.ar\/index.php\/2023\/03\/07\/grupo-simpa-presento-husqvarna-norden-901\/"]}]},{"@type":"ImageObject","inLanguage":"es","@id":"https:\/\/autofans.com.ar\/index.php\/2023\/03\/07\/grupo-simpa-presento-husqvarna-norden-901\/#primaryimage","url":"https:\/\/autofans.com.ar\/wp-content\/uploads\/2023\/03\/motos-7.jpg","contentUrl":"https:\/\/autofans.com.ar\/wp-content\/uploads\/2023\/03\/motos-7.jpg","width":1000,"height":667,"caption":"Husqvarna Norden 901"},{"@type":"BreadcrumbList","@id":"https:\/\/autofans.com.ar\/index.php\/2023\/03\/07\/grupo-simpa-presento-husqvarna-norden-901\/#breadcrumb","itemListElement":[{"@type":"ListItem","position":1,"name":"Inicio","item":"https:\/\/autofans.com.ar\/"},{"@type":"ListItem","position":2,"name":"Grupo Simpa present\u00f3 Husqvarna Norden 901"}]},{"@type":"WebSite","@id":"https:\/\/autofans.com.ar\/#website","url":"https:\/\/autofans.com.ar\/","name":"","description":"El multimedio referente de la industria automotriz","potentialAction":[{"@type":"SearchAction","target":{"@type":"EntryPoint","urlTemplate":"https:\/\/autofans.com.ar\/?s={search_term_string}"},"query-input":{"@type":"PropertyValueSpecification","valueRequired":true,"valueName":"search_term_string"}}],"inLanguage":"es"},{"@type":"Person","@id":"https:\/\/autofans.com.ar\/#\/schema\/person\/4a8dda0b6df83ac3d6723e921274c2aa","name":"Alejandro Gabriel Rosito","image":{"@type":"ImageObject","inLanguage":"es","@id":"https:\/\/secure.gravatar.com\/avatar\/16c5dda1489adfc62618084dcbb91cffd879c374b13fe5dd8e44ed6733852c88?s=96&d=mm&r=g","url":"https:\/\/secure.gravatar.com\/avatar\/16c5dda1489adfc62618084dcbb91cffd879c374b13fe5dd8e44ed6733852c88?s=96&d=mm&r=g","contentUrl":"https:\/\/secure.gravatar.com\/avatar\/16c5dda1489adfc62618084dcbb91cffd879c374b13fe5dd8e44ed6733852c88?s=96&d=mm&r=g","caption":"Alejandro Gabriel Rosito"},"url":"https:\/\/autofans.com.ar\/index.php\/author\/gabrielr\/"}]}},"featured_image_urls":{"full":["https:\/\/autofans.com.ar\/wp-content\/uploads\/2023\/03\/motos-7.jpg",1000,667,false],"thumbnail":["https:\/\/autofans.com.ar\/wp-content\/uploads\/2023\/03\/motos-7-150x150.jpg",150,150,true],"medium":["https:\/\/autofans.com.ar\/wp-content\/uploads\/2023\/03\/motos-7-300x200.jpg",300,200,true],"medium_large":["https:\/\/autofans.com.ar\/wp-content\/uploads\/2023\/03\/motos-7-768x512.jpg",640,427,true],"large":["https:\/\/autofans.com.ar\/wp-content\/uploads\/2023\/03\/motos-7.jpg",640,427,false],"1536x1536":["https:\/\/autofans.com.ar\/wp-content\/uploads\/2023\/03\/motos-7.jpg",1000,667,false],"2048x2048":["https:\/\/autofans.com.ar\/wp-content\/uploads\/2023\/03\/motos-7.jpg",1000,667,false],"covernews-featured":["https:\/\/autofans.com.ar\/wp-content\/uploads\/2023\/03\/motos-7.jpg",1000,667,false],"covernews-medium":["https:\/\/autofans.com.ar\/wp-content\/uploads\/2023\/03\/motos-7-540x340.jpg",540,340,true]},"author_info":{"display_name":"Alejandro Gabriel Rosito","author_link":"https:\/\/autofans.com.ar\/index.php\/author\/gabrielr\/"},"category_info":"<a href=\"https:\/\/autofans.com.ar\/index.php\/category\/lanzamientos\/\" rel=\"category tag\">LANZAMIENTOS<\/a> <a href=\"https:\/\/autofans.com.ar\/index.php\/category\/lanzamientos\/motos-lanzamientos\/\" rel=\"category tag\">Motos<\/a>","tag_info":"Motos","comment_count":0,"_links":{"self":[{"href":"https:\/\/autofans.com.ar\/index.php\/wp-json\/wp\/v2\/posts\/578","targetHints":{"allow":["GET"]}}],"collection":[{"href":"https:\/\/autofans.com.ar\/index.php\/wp-json\/wp\/v2\/posts"}],"about":[{"href":"https:\/\/autofans.com.ar\/index.php\/wp-json\/wp\/v2\/types\/post"}],"author":[{"embeddable":true,"href":"https:\/\/autofans.com.ar\/index.php\/wp-json\/wp\/v2\/users\/2"}],"replies":[{"embeddable":true,"href":"https:\/\/autofans.com.ar\/index.php\/wp-json\/wp\/v2\/comments?post=578"}],"version-history":[{"count":22,"href":"https:\/\/autofans.com.ar\/index.php\/wp-json\/wp\/v2\/posts\/578\/revisions"}],"predecessor-version":[{"id":1413,"href":"https:\/\/autofans.com.ar\/index.php\/wp-json\/wp\/v2\/posts\/578\/revisions\/1413"}],"wp:featuredmedia":[{"embeddable":true,"href":"https:\/\/autofans.com.ar\/index.php\/wp-json\/wp\/v2\/media\/588"}],"wp:attachment":[{"href":"https:\/\/autofans.com.ar\/index.php\/wp-json\/wp\/v2\/media?parent=578"}],"wp:term":[{"taxonomy":"category","embeddable":true,"href":"https:\/\/autofans.com.ar\/index.php\/wp-json\/wp\/v2\/categories?post=578"},{"taxonomy":"post_tag","embeddable":true,"href":"https:\/\/autofans.com.ar\/index.php\/wp-json\/wp\/v2\/tags?post=578"}],"curies":[{"name":"wp","href":"https:\/\/api.w.org\/{rel}","templated":true}]}}