{"id":5786,"date":"2023-11-16T14:01:56","date_gmt":"2023-11-16T17:01:56","guid":{"rendered":"https:\/\/autofans.com.ar\/?p=5786"},"modified":"2023-11-16T14:01:56","modified_gmt":"2023-11-16T17:01:56","slug":"nuevo-volkswagen-virtus","status":"publish","type":"post","link":"https:\/\/autofans.com.ar\/index.php\/2023\/11\/16\/nuevo-volkswagen-virtus\/","title":{"rendered":"Nuevo Volkswagen Virtus"},"content":{"rendered":"<p>Volkswagen Argentina presenta la nueva gama del Virtus, el sed\u00e1n que redefine la experiencia de conducci\u00f3n. Con opciones de motorizaci\u00f3n y transmisiones actualizadas, el Virtus destaca por su dise\u00f1o moderno y elegancia, consolid\u00e1ndose como el veh\u00edculo de entrada de la familia VW.<\/p>\n<p>&nbsp;<\/p>\n<h2><strong>Sofisticaci\u00f3n y confort en cada detalle<\/strong><\/h2>\n<p>El Virtus, construido sobre la plataforma MQB, se presenta en cuatro versiones: \u00abMSI,\u00bb \u00abComfortline,\u00bb \u00abHighline,\u00bb y la exclusiva \u00abExclusive.\u00bb Cada una ofrece un dise\u00f1o alineado con el \u00abNew Brand Design\u00bb de Volkswagen, marcando tendencia en su segmento.<\/p>\n<p>&nbsp;<\/p>\n<div id='gallery-1' class='gallery galleryid-5786 gallery-columns-2 gallery-size-full'><figure class='gallery-item'>\n\t\t\t<div class='gallery-icon landscape'>\n\t\t\t\t<a href='https:\/\/autofans.com.ar\/index.php\/2023\/11\/16\/nuevo-volkswagen-virtus\/virtus-2\/'><img loading=\"lazy\" width=\"1000\" height=\"667\" src=\"https:\/\/autofans.com.ar\/wp-content\/uploads\/2023\/11\/virtus-2.jpg\" class=\"attachment-full size-full\" alt=\"Volkswagen Virtus\" srcset=\"https:\/\/autofans.com.ar\/wp-content\/uploads\/2023\/11\/virtus-2.jpg 1000w, https:\/\/autofans.com.ar\/wp-content\/uploads\/2023\/11\/virtus-2-300x200.jpg 300w, https:\/\/autofans.com.ar\/wp-content\/uploads\/2023\/11\/virtus-2-768x512.jpg 768w\" sizes=\"auto, (max-width: 1000px) 100vw, 1000px\" loading=\"lazy\" decoding=\"async\" \/><\/a>\n\t\t\t<\/div><\/figure><figure class='gallery-item'>\n\t\t\t<div class='gallery-icon landscape'>\n\t\t\t\t<a href='https:\/\/autofans.com.ar\/index.php\/2023\/11\/16\/nuevo-volkswagen-virtus\/virtus-1\/'><img loading=\"lazy\" width=\"1000\" height=\"667\" src=\"https:\/\/autofans.com.ar\/wp-content\/uploads\/2023\/11\/virtus-1.jpg\" class=\"attachment-full size-full\" alt=\"Volkswagen Virtus\" srcset=\"https:\/\/autofans.com.ar\/wp-content\/uploads\/2023\/11\/virtus-1.jpg 1000w, https:\/\/autofans.com.ar\/wp-content\/uploads\/2023\/11\/virtus-1-300x200.jpg 300w, https:\/\/autofans.com.ar\/wp-content\/uploads\/2023\/11\/virtus-1-768x512.jpg 768w\" sizes=\"auto, (max-width: 1000px) 100vw, 1000px\" loading=\"lazy\" decoding=\"async\" \/><\/a>\n\t\t\t<\/div><\/figure>\n\t\t<\/div>\n\n<p>&nbsp;<\/p>\n<p>El modelo \u00abMSI\u00bb est\u00e1 dise\u00f1ado para aquellos que buscan un veh\u00edculo confiable y duradero para el uso diario. Equipado con el motor naftero 1.6 MSI de 110CV y 155Nm de torque, destaca por su seguridad con 6 airbags, faros \u00abECO LED,\u00bb y un moderno tablero \u00abVW Digital Cockpit\u00bb de 8&#8243;. Su imagen moderna se completa con llantas de aleaci\u00f3n de 15&#8243;.<\/p>\n<p>La versi\u00f3n \u00abComfortline\u00bb eleva la sofisticaci\u00f3n, incorporando detalles como faros antiniebla, cargador inal\u00e1mbrico y volante multifunci\u00f3n revestido en cuero. Adem\u00e1s, brinda mayor comodidad con sensores de estacionamiento traseros.<\/p>\n<p>&nbsp;<\/p>\n<h2><strong>Volkswagen Virtus &#8211; deportividad y estilo \u00fanico<\/strong><\/h2>\n<p><a href=\"https:\/\/autofans.com.ar\/wp-content\/uploads\/2023\/11\/Flyer-Nuevo-Virtus.pdf\" target=\"_blank\" rel=\"noopener\">Ficha T\u00e9cnica &#8211; Nuevo Virtus<\/a><\/p>\n<p>La versi\u00f3n \u00abHighline\u00bb aporta innovaci\u00f3n con detalles cromados, llantas de 17&#8243;, y el nuevo motor 170TSI de 101CV. La caja autom\u00e1tica \u00abTiptronic\u00bb de 6 marchas asegura eficiencia en el viaje, mientras que su equipamiento incluye un tablero digital de 10,25&#8243; y el sistema \u00abVW Play\u00bb de 10&#8243;.<\/p>\n<p>&nbsp;<\/p>\n<p><img fetchpriority=\"high\" decoding=\"async\" class=\"aligncenter wp-image-5790 size-full\" src=\"https:\/\/autofans.com.ar\/wp-content\/uploads\/2023\/11\/virtus-3.jpg\" alt=\"\" width=\"1000\" height=\"667\" srcset=\"https:\/\/autofans.com.ar\/wp-content\/uploads\/2023\/11\/virtus-3.jpg 1000w, https:\/\/autofans.com.ar\/wp-content\/uploads\/2023\/11\/virtus-3-300x200.jpg 300w, https:\/\/autofans.com.ar\/wp-content\/uploads\/2023\/11\/virtus-3-768x512.jpg 768w\" sizes=\"(max-width: 1000px) 100vw, 1000px\" \/><\/p>\n<p>&nbsp;<\/p>\n<p>La versi\u00f3n m\u00e1s deportiva, \u00abExclusive,\u00bb impresiona con el motor 250TSI de 1.4 litros y 4 cilindros. Alcanza una velocidad m\u00e1xima de 207 km\/h y acelera de 0 a 100 km\/h en 8,5 segundos. Con detalles exclusivos y asientos deportivos en cuero sint\u00e9tico, esta versi\u00f3n combina potencia y estilo.<\/p>\n<p>El Virtus est\u00e1 disponible en cinco colores atractivos y ya se encuentra en todos los concesionarios Volkswagen del pa\u00eds. Los precios var\u00edan, comenzando en $10.455.800 para las versiones MSI, Comfortline y Highline, y $18.829.200 para la exclusiva versi\u00f3n Exclusive.<\/p>\n<p>&nbsp;<\/p>\n<p>&nbsp;<\/p>\n<p><i>Para enterarte de m\u00e1s novedades, no dejes de leer\u00a0<\/i><a href=\"https:\/\/autofans.thebrandsoup.com\/\"><i>nuestras notas<\/i><\/a><i>, de ver<\/i><b><i>\u00a0<\/i><\/b><a href=\"https:\/\/www.youtube.com\/channel\/UCgAC8UGHZYbT6P7PpmVnP7g\"><b><i>AUTOFANS TV<\/i><\/b><\/a><b><i>\u00a0<\/i><\/b><i>en nuestro\u00a0canal de Youtube. Adem\u00e1s seguinos en\u00a0<\/i><a href=\"https:\/\/www.instagram.com\/autofanstv\/\"><i>INSTAGRAM<\/i><\/a><i> y <\/i><a href=\"https:\/\/www.facebook.com\/autofansmas\/\"><i>FACEBOOK<\/i><\/a><i> para no perderte nada sobre las novedades del segmento automotor de Argentina y el mundo.<\/i><\/p>\n<p><i><span class=\"Apple-converted-space\">\u00a0<\/span><\/i><\/p>\n","protected":false},"excerpt":{"rendered":"<p>Volkswagen Argentina presenta la nueva gama del Virtus, el sed\u00e1n que redefine la experiencia de&#8230;<\/p>\n","protected":false},"author":2,"featured_media":5789,"comment_status":"closed","ping_status":"closed","sticky":false,"template":"","format":"standard","meta":{"footnotes":""},"categories":[8,1],"tags":[2969,718,2968,2966,2967,2965],"class_list":["post-5786","post","type-post","status-publish","format-standard","has-post-thumbnail","hentry","category-autos-y-suv","category-lanzamientos","tag-concesionarios-volkswagen","tag-diseno-innovador","tag-motorizacion-actualizada","tag-nuevo-virtus","tag-sedan-volkswagen","tag-volkswagen-virtus"],"yoast_head":"<!-- This site is optimized with the Yoast SEO plugin v27.5 - https:\/\/yoast.com\/product\/yoast-seo-wordpress\/ -->\n<title>Nuevo Volkswagen Virtus -<\/title>\n<meta name=\"description\" content=\"Volkswagen Argentina presenta la nueva gama del Virtus, el sed\u00e1n que redefine la experiencia de conducci\u00f3n con un dise\u00f1o moderno y elegante..\" \/>\n<meta name=\"robots\" content=\"index, follow, max-snippet:-1, max-image-preview:large, max-video-preview:-1\" \/>\n<link rel=\"canonical\" href=\"https:\/\/autofans.com.ar\/index.php\/2023\/11\/16\/nuevo-volkswagen-virtus\/\" \/>\n<meta property=\"og:locale\" content=\"es_ES\" \/>\n<meta property=\"og:type\" content=\"article\" \/>\n<meta property=\"og:title\" content=\"Nuevo Volkswagen Virtus -\" \/>\n<meta property=\"og:description\" content=\"Volkswagen Argentina presenta la nueva gama del Virtus, el sed\u00e1n que redefine la experiencia de conducci\u00f3n con un dise\u00f1o moderno y elegante..\" \/>\n<meta property=\"og:url\" content=\"https:\/\/autofans.com.ar\/index.php\/2023\/11\/16\/nuevo-volkswagen-virtus\/\" \/>\n<meta property=\"article:published_time\" content=\"2023-11-16T17:01:56+00:00\" \/>\n<meta property=\"og:image\" content=\"https:\/\/autofans.com.ar\/wp-content\/uploads\/2023\/11\/virtus-4.jpg\" \/>\n\t<meta property=\"og:image:width\" content=\"1000\" \/>\n\t<meta property=\"og:image:height\" content=\"667\" \/>\n\t<meta property=\"og:image:type\" content=\"image\/jpeg\" \/>\n<meta name=\"author\" content=\"Alejandro Gabriel Rosito\" \/>\n<meta name=\"twitter:card\" content=\"summary_large_image\" \/>\n<meta name=\"twitter:label1\" content=\"Escrito por\" \/>\n\t<meta name=\"twitter:data1\" content=\"Alejandro Gabriel Rosito\" \/>\n\t<meta name=\"twitter:label2\" content=\"Tiempo de lectura\" \/>\n\t<meta name=\"twitter:data2\" content=\"2 minutos\" \/>\n<script type=\"application\/ld+json\" class=\"yoast-schema-graph\">{\"@context\":\"https:\\\/\\\/schema.org\",\"@graph\":[{\"@type\":\"Article\",\"@id\":\"https:\\\/\\\/autofans.com.ar\\\/index.php\\\/2023\\\/11\\\/16\\\/nuevo-volkswagen-virtus\\\/#article\",\"isPartOf\":{\"@id\":\"https:\\\/\\\/autofans.com.ar\\\/index.php\\\/2023\\\/11\\\/16\\\/nuevo-volkswagen-virtus\\\/\"},\"author\":{\"name\":\"Alejandro Gabriel Rosito\",\"@id\":\"https:\\\/\\\/autofans.com.ar\\\/#\\\/schema\\\/person\\\/4a8dda0b6df83ac3d6723e921274c2aa\"},\"headline\":\"Nuevo Volkswagen Virtus\",\"datePublished\":\"2023-11-16T17:01:56+00:00\",\"mainEntityOfPage\":{\"@id\":\"https:\\\/\\\/autofans.com.ar\\\/index.php\\\/2023\\\/11\\\/16\\\/nuevo-volkswagen-virtus\\\/\"},\"wordCount\":393,\"image\":{\"@id\":\"https:\\\/\\\/autofans.com.ar\\\/index.php\\\/2023\\\/11\\\/16\\\/nuevo-volkswagen-virtus\\\/#primaryimage\"},\"thumbnailUrl\":\"https:\\\/\\\/autofans.com.ar\\\/wp-content\\\/uploads\\\/2023\\\/11\\\/virtus-4.jpg\",\"keywords\":[\"Concesionarios Volkswagen\",\"Dise\u00f1o innovador\",\"Motorizaci\u00f3n Actualizada\",\"Nuevo Virtus\",\"Sed\u00e1n Volkswagen\",\"Volkswagen Virtus\"],\"articleSection\":[\"Autos y SUV\",\"LANZAMIENTOS\"],\"inLanguage\":\"es\"},{\"@type\":\"WebPage\",\"@id\":\"https:\\\/\\\/autofans.com.ar\\\/index.php\\\/2023\\\/11\\\/16\\\/nuevo-volkswagen-virtus\\\/\",\"url\":\"https:\\\/\\\/autofans.com.ar\\\/index.php\\\/2023\\\/11\\\/16\\\/nuevo-volkswagen-virtus\\\/\",\"name\":\"Nuevo Volkswagen Virtus -\",\"isPartOf\":{\"@id\":\"https:\\\/\\\/autofans.com.ar\\\/#website\"},\"primaryImageOfPage\":{\"@id\":\"https:\\\/\\\/autofans.com.ar\\\/index.php\\\/2023\\\/11\\\/16\\\/nuevo-volkswagen-virtus\\\/#primaryimage\"},\"image\":{\"@id\":\"https:\\\/\\\/autofans.com.ar\\\/index.php\\\/2023\\\/11\\\/16\\\/nuevo-volkswagen-virtus\\\/#primaryimage\"},\"thumbnailUrl\":\"https:\\\/\\\/autofans.com.ar\\\/wp-content\\\/uploads\\\/2023\\\/11\\\/virtus-4.jpg\",\"datePublished\":\"2023-11-16T17:01:56+00:00\",\"author\":{\"@id\":\"https:\\\/\\\/autofans.com.ar\\\/#\\\/schema\\\/person\\\/4a8dda0b6df83ac3d6723e921274c2aa\"},\"description\":\"Volkswagen Argentina presenta la nueva gama del Virtus, el sed\u00e1n que redefine la experiencia de conducci\u00f3n con un dise\u00f1o moderno y elegante..\",\"breadcrumb\":{\"@id\":\"https:\\\/\\\/autofans.com.ar\\\/index.php\\\/2023\\\/11\\\/16\\\/nuevo-volkswagen-virtus\\\/#breadcrumb\"},\"inLanguage\":\"es\",\"potentialAction\":[{\"@type\":\"ReadAction\",\"target\":[\"https:\\\/\\\/autofans.com.ar\\\/index.php\\\/2023\\\/11\\\/16\\\/nuevo-volkswagen-virtus\\\/\"]}]},{\"@type\":\"ImageObject\",\"inLanguage\":\"es\",\"@id\":\"https:\\\/\\\/autofans.com.ar\\\/index.php\\\/2023\\\/11\\\/16\\\/nuevo-volkswagen-virtus\\\/#primaryimage\",\"url\":\"https:\\\/\\\/autofans.com.ar\\\/wp-content\\\/uploads\\\/2023\\\/11\\\/virtus-4.jpg\",\"contentUrl\":\"https:\\\/\\\/autofans.com.ar\\\/wp-content\\\/uploads\\\/2023\\\/11\\\/virtus-4.jpg\",\"width\":1000,\"height\":667,\"caption\":\"Volkswagen Virtus\"},{\"@type\":\"BreadcrumbList\",\"@id\":\"https:\\\/\\\/autofans.com.ar\\\/index.php\\\/2023\\\/11\\\/16\\\/nuevo-volkswagen-virtus\\\/#breadcrumb\",\"itemListElement\":[{\"@type\":\"ListItem\",\"position\":1,\"name\":\"Inicio\",\"item\":\"https:\\\/\\\/autofans.com.ar\\\/\"},{\"@type\":\"ListItem\",\"position\":2,\"name\":\"Nuevo Volkswagen Virtus\"}]},{\"@type\":\"WebSite\",\"@id\":\"https:\\\/\\\/autofans.com.ar\\\/#website\",\"url\":\"https:\\\/\\\/autofans.com.ar\\\/\",\"name\":\"\",\"description\":\"El multimedio referente de la industria automotriz\",\"potentialAction\":[{\"@type\":\"SearchAction\",\"target\":{\"@type\":\"EntryPoint\",\"urlTemplate\":\"https:\\\/\\\/autofans.com.ar\\\/?s={search_term_string}\"},\"query-input\":{\"@type\":\"PropertyValueSpecification\",\"valueRequired\":true,\"valueName\":\"search_term_string\"}}],\"inLanguage\":\"es\"},{\"@type\":\"Person\",\"@id\":\"https:\\\/\\\/autofans.com.ar\\\/#\\\/schema\\\/person\\\/4a8dda0b6df83ac3d6723e921274c2aa\",\"name\":\"Alejandro Gabriel Rosito\",\"image\":{\"@type\":\"ImageObject\",\"inLanguage\":\"es\",\"@id\":\"https:\\\/\\\/secure.gravatar.com\\\/avatar\\\/16c5dda1489adfc62618084dcbb91cffd879c374b13fe5dd8e44ed6733852c88?s=96&d=mm&r=g\",\"url\":\"https:\\\/\\\/secure.gravatar.com\\\/avatar\\\/16c5dda1489adfc62618084dcbb91cffd879c374b13fe5dd8e44ed6733852c88?s=96&d=mm&r=g\",\"contentUrl\":\"https:\\\/\\\/secure.gravatar.com\\\/avatar\\\/16c5dda1489adfc62618084dcbb91cffd879c374b13fe5dd8e44ed6733852c88?s=96&d=mm&r=g\",\"caption\":\"Alejandro Gabriel Rosito\"},\"url\":\"https:\\\/\\\/autofans.com.ar\\\/index.php\\\/author\\\/gabrielr\\\/\"}]}<\/script>\n<!-- \/ Yoast SEO plugin. -->","yoast_head_json":{"title":"Nuevo Volkswagen Virtus -","description":"Volkswagen Argentina presenta la nueva gama del Virtus, el sed\u00e1n que redefine la experiencia de conducci\u00f3n con un dise\u00f1o moderno y elegante..","robots":{"index":"index","follow":"follow","max-snippet":"max-snippet:-1","max-image-preview":"max-image-preview:large","max-video-preview":"max-video-preview:-1"},"canonical":"https:\/\/autofans.com.ar\/index.php\/2023\/11\/16\/nuevo-volkswagen-virtus\/","og_locale":"es_ES","og_type":"article","og_title":"Nuevo Volkswagen Virtus -","og_description":"Volkswagen Argentina presenta la nueva gama del Virtus, el sed\u00e1n que redefine la experiencia de conducci\u00f3n con un dise\u00f1o moderno y elegante..","og_url":"https:\/\/autofans.com.ar\/index.php\/2023\/11\/16\/nuevo-volkswagen-virtus\/","article_published_time":"2023-11-16T17:01:56+00:00","og_image":[{"width":1000,"height":667,"url":"https:\/\/autofans.com.ar\/wp-content\/uploads\/2023\/11\/virtus-4.jpg","type":"image\/jpeg"}],"author":"Alejandro Gabriel Rosito","twitter_card":"summary_large_image","twitter_misc":{"Escrito por":"Alejandro Gabriel Rosito","Tiempo de lectura":"2 minutos"},"schema":{"@context":"https:\/\/schema.org","@graph":[{"@type":"Article","@id":"https:\/\/autofans.com.ar\/index.php\/2023\/11\/16\/nuevo-volkswagen-virtus\/#article","isPartOf":{"@id":"https:\/\/autofans.com.ar\/index.php\/2023\/11\/16\/nuevo-volkswagen-virtus\/"},"author":{"name":"Alejandro Gabriel Rosito","@id":"https:\/\/autofans.com.ar\/#\/schema\/person\/4a8dda0b6df83ac3d6723e921274c2aa"},"headline":"Nuevo Volkswagen Virtus","datePublished":"2023-11-16T17:01:56+00:00","mainEntityOfPage":{"@id":"https:\/\/autofans.com.ar\/index.php\/2023\/11\/16\/nuevo-volkswagen-virtus\/"},"wordCount":393,"image":{"@id":"https:\/\/autofans.com.ar\/index.php\/2023\/11\/16\/nuevo-volkswagen-virtus\/#primaryimage"},"thumbnailUrl":"https:\/\/autofans.com.ar\/wp-content\/uploads\/2023\/11\/virtus-4.jpg","keywords":["Concesionarios Volkswagen","Dise\u00f1o innovador","Motorizaci\u00f3n Actualizada","Nuevo Virtus","Sed\u00e1n Volkswagen","Volkswagen Virtus"],"articleSection":["Autos y SUV","LANZAMIENTOS"],"inLanguage":"es"},{"@type":"WebPage","@id":"https:\/\/autofans.com.ar\/index.php\/2023\/11\/16\/nuevo-volkswagen-virtus\/","url":"https:\/\/autofans.com.ar\/index.php\/2023\/11\/16\/nuevo-volkswagen-virtus\/","name":"Nuevo Volkswagen Virtus -","isPartOf":{"@id":"https:\/\/autofans.com.ar\/#website"},"primaryImageOfPage":{"@id":"https:\/\/autofans.com.ar\/index.php\/2023\/11\/16\/nuevo-volkswagen-virtus\/#primaryimage"},"image":{"@id":"https:\/\/autofans.com.ar\/index.php\/2023\/11\/16\/nuevo-volkswagen-virtus\/#primaryimage"},"thumbnailUrl":"https:\/\/autofans.com.ar\/wp-content\/uploads\/2023\/11\/virtus-4.jpg","datePublished":"2023-11-16T17:01:56+00:00","author":{"@id":"https:\/\/autofans.com.ar\/#\/schema\/person\/4a8dda0b6df83ac3d6723e921274c2aa"},"description":"Volkswagen Argentina presenta la nueva gama del Virtus, el sed\u00e1n que redefine la experiencia de conducci\u00f3n con un dise\u00f1o moderno y elegante..","breadcrumb":{"@id":"https:\/\/autofans.com.ar\/index.php\/2023\/11\/16\/nuevo-volkswagen-virtus\/#breadcrumb"},"inLanguage":"es","potentialAction":[{"@type":"ReadAction","target":["https:\/\/autofans.com.ar\/index.php\/2023\/11\/16\/nuevo-volkswagen-virtus\/"]}]},{"@type":"ImageObject","inLanguage":"es","@id":"https:\/\/autofans.com.ar\/index.php\/2023\/11\/16\/nuevo-volkswagen-virtus\/#primaryimage","url":"https:\/\/autofans.com.ar\/wp-content\/uploads\/2023\/11\/virtus-4.jpg","contentUrl":"https:\/\/autofans.com.ar\/wp-content\/uploads\/2023\/11\/virtus-4.jpg","width":1000,"height":667,"caption":"Volkswagen Virtus"},{"@type":"BreadcrumbList","@id":"https:\/\/autofans.com.ar\/index.php\/2023\/11\/16\/nuevo-volkswagen-virtus\/#breadcrumb","itemListElement":[{"@type":"ListItem","position":1,"name":"Inicio","item":"https:\/\/autofans.com.ar\/"},{"@type":"ListItem","position":2,"name":"Nuevo Volkswagen Virtus"}]},{"@type":"WebSite","@id":"https:\/\/autofans.com.ar\/#website","url":"https:\/\/autofans.com.ar\/","name":"","description":"El multimedio referente de la industria automotriz","potentialAction":[{"@type":"SearchAction","target":{"@type":"EntryPoint","urlTemplate":"https:\/\/autofans.com.ar\/?s={search_term_string}"},"query-input":{"@type":"PropertyValueSpecification","valueRequired":true,"valueName":"search_term_string"}}],"inLanguage":"es"},{"@type":"Person","@id":"https:\/\/autofans.com.ar\/#\/schema\/person\/4a8dda0b6df83ac3d6723e921274c2aa","name":"Alejandro Gabriel Rosito","image":{"@type":"ImageObject","inLanguage":"es","@id":"https:\/\/secure.gravatar.com\/avatar\/16c5dda1489adfc62618084dcbb91cffd879c374b13fe5dd8e44ed6733852c88?s=96&d=mm&r=g","url":"https:\/\/secure.gravatar.com\/avatar\/16c5dda1489adfc62618084dcbb91cffd879c374b13fe5dd8e44ed6733852c88?s=96&d=mm&r=g","contentUrl":"https:\/\/secure.gravatar.com\/avatar\/16c5dda1489adfc62618084dcbb91cffd879c374b13fe5dd8e44ed6733852c88?s=96&d=mm&r=g","caption":"Alejandro Gabriel Rosito"},"url":"https:\/\/autofans.com.ar\/index.php\/author\/gabrielr\/"}]}},"featured_image_urls":{"full":["https:\/\/autofans.com.ar\/wp-content\/uploads\/2023\/11\/virtus-4.jpg",1000,667,false],"thumbnail":["https:\/\/autofans.com.ar\/wp-content\/uploads\/2023\/11\/virtus-4-150x150.jpg",150,150,true],"medium":["https:\/\/autofans.com.ar\/wp-content\/uploads\/2023\/11\/virtus-4-300x200.jpg",300,200,true],"medium_large":["https:\/\/autofans.com.ar\/wp-content\/uploads\/2023\/11\/virtus-4-768x512.jpg",640,427,true],"large":["https:\/\/autofans.com.ar\/wp-content\/uploads\/2023\/11\/virtus-4.jpg",640,427,false],"1536x1536":["https:\/\/autofans.com.ar\/wp-content\/uploads\/2023\/11\/virtus-4.jpg",1000,667,false],"2048x2048":["https:\/\/autofans.com.ar\/wp-content\/uploads\/2023\/11\/virtus-4.jpg",1000,667,false],"covernews-featured":["https:\/\/autofans.com.ar\/wp-content\/uploads\/2023\/11\/virtus-4.jpg",1000,667,false],"covernews-medium":["https:\/\/autofans.com.ar\/wp-content\/uploads\/2023\/11\/virtus-4-540x340.jpg",540,340,true]},"author_info":{"display_name":"Alejandro Gabriel Rosito","author_link":"https:\/\/autofans.com.ar\/index.php\/author\/gabrielr\/"},"category_info":"<a href=\"https:\/\/autofans.com.ar\/index.php\/category\/lanzamientos\/autos-y-suv\/\" rel=\"category tag\">Autos y SUV<\/a> <a href=\"https:\/\/autofans.com.ar\/index.php\/category\/lanzamientos\/\" rel=\"category tag\">LANZAMIENTOS<\/a>","tag_info":"LANZAMIENTOS","comment_count":0,"_links":{"self":[{"href":"https:\/\/autofans.com.ar\/index.php\/wp-json\/wp\/v2\/posts\/5786","targetHints":{"allow":["GET"]}}],"collection":[{"href":"https:\/\/autofans.com.ar\/index.php\/wp-json\/wp\/v2\/posts"}],"about":[{"href":"https:\/\/autofans.com.ar\/index.php\/wp-json\/wp\/v2\/types\/post"}],"author":[{"embeddable":true,"href":"https:\/\/autofans.com.ar\/index.php\/wp-json\/wp\/v2\/users\/2"}],"replies":[{"embeddable":true,"href":"https:\/\/autofans.com.ar\/index.php\/wp-json\/wp\/v2\/comments?post=5786"}],"version-history":[{"count":3,"href":"https:\/\/autofans.com.ar\/index.php\/wp-json\/wp\/v2\/posts\/5786\/revisions"}],"predecessor-version":[{"id":5794,"href":"https:\/\/autofans.com.ar\/index.php\/wp-json\/wp\/v2\/posts\/5786\/revisions\/5794"}],"wp:featuredmedia":[{"embeddable":true,"href":"https:\/\/autofans.com.ar\/index.php\/wp-json\/wp\/v2\/media\/5789"}],"wp:attachment":[{"href":"https:\/\/autofans.com.ar\/index.php\/wp-json\/wp\/v2\/media?parent=5786"}],"wp:term":[{"taxonomy":"category","embeddable":true,"href":"https:\/\/autofans.com.ar\/index.php\/wp-json\/wp\/v2\/categories?post=5786"},{"taxonomy":"post_tag","embeddable":true,"href":"https:\/\/autofans.com.ar\/index.php\/wp-json\/wp\/v2\/tags?post=5786"}],"curies":[{"name":"wp","href":"https:\/\/api.w.org\/{rel}","templated":true}]}}