{"id":5795,"date":"2023-11-16T16:47:06","date_gmt":"2023-11-16T19:47:06","guid":{"rendered":"https:\/\/autofans.com.ar\/?p=5795"},"modified":"2023-11-16T16:47:06","modified_gmt":"2023-11-16T19:47:06","slug":"nissan-formula-e-y-coral-se-unen-para-un-futuro-mas-sostenible","status":"publish","type":"post","link":"https:\/\/autofans.com.ar\/index.php\/2023\/11\/16\/nissan-formula-e-y-coral-se-unen-para-un-futuro-mas-sostenible\/","title":{"rendered":"Nissan F\u00f3rmula E y Coral se unen para un futuro m\u00e1s sostenible"},"content":{"rendered":"<p>El equipo de Nissan F\u00f3rmula E ha dado un paso m\u00e1s en su compromiso con la sostenibilidad al asociarse con Coral, una empresa especializada en compensaci\u00f3n de emisiones de carbono a trav\u00e9s de tecnolog\u00eda blockchain. Esta alianza, anunciada de cara al pr\u00f3ximo Campeonato Mundial de F\u00f3rmula E ABB FIA 2023\/24, refleja la firme determinaci\u00f3n del equipo japon\u00e9s por reducir su huella de carbono.<\/p>\n<p>&nbsp;<\/p>\n<blockquote>\n<p style=\"text-align: center;\">Tommaso Volpe, director general del Equipo Nissan F\u00f3rmula E: \u00abTanto para Nissan como para su equipo de F\u00f3rmula E, la sostenibilidad es de vital importancia. Recientemente hemos renovado nuestra acreditaci\u00f3n medioambiental de 3 estrellas de la FIA y siempre estamos buscando el siguiente paso para reducir nuestras emisiones. Por eso estamos orgullosos de asociarnos con Coral. A la hora de elegir un socio para alcanzar nuestro objetivo de neutralidad de carbono, quer\u00edamos asegurarnos de que la trazabilidad de nuestra compensaci\u00f3n de carbono fuera lo m\u00e1s precisa posible. La compensaci\u00f3n de CO2 de Coral se cumple gracias a la innovaci\u00f3n m\u00e1s avanzada. Queremos desarrollar nuestra relaci\u00f3n con Coral y trabajar juntos por un futuro m\u00e1s ecol\u00f3gico.\u00bb<\/p>\n<\/blockquote>\n<p>&nbsp;<\/p>\n<h2>Compromiso ambiental<\/h2>\n<p>Despu\u00e9s de obtener la Acreditaci\u00f3n Medioambiental 3 Estrellas de la FIA en 2022, el equipo de Nissan F\u00f3rmula E busca consolidar su posici\u00f3n ecoamigable. Coral, con sede en los Emiratos \u00c1rabes Unidos, se especializa en la compensaci\u00f3n de emisiones de carbono, aportando transparencia y verificaci\u00f3n mediante la tecnolog\u00eda blockchain a los mercados de cr\u00e9ditos de carbono.<\/p>\n<p>&nbsp;<\/p>\n<p><img fetchpriority=\"high\" decoding=\"async\" class=\"aligncenter wp-image-5796 size-full\" src=\"https:\/\/autofans.com.ar\/wp-content\/uploads\/2023\/11\/formula-e-3.jpg\" alt=\"Nissan F\u00f3rmula E\" width=\"1000\" height=\"667\" srcset=\"https:\/\/autofans.com.ar\/wp-content\/uploads\/2023\/11\/formula-e-3.jpg 1000w, https:\/\/autofans.com.ar\/wp-content\/uploads\/2023\/11\/formula-e-3-300x200.jpg 300w, https:\/\/autofans.com.ar\/wp-content\/uploads\/2023\/11\/formula-e-3-768x512.jpg 768w\" sizes=\"(max-width: 1000px) 100vw, 1000px\" \/><\/p>\n<p>&nbsp;<\/p>\n<p>La asociaci\u00f3n con Coral se presenta como un paso estrat\u00e9gico para Nissan F\u00f3rmula E, marcando un hito en su compromiso medioambiental. Mientras lidera la movilidad el\u00e9ctrica, el fabricante de autom\u00f3viles tambi\u00e9n examina su impacto ambiental y trabaja en acelerar mejoras en tecnolog\u00edas verdes en el automovilismo.<\/p>\n<p>&nbsp;<\/p>\n<blockquote>\n<p style=\"text-align: center;\">Daniele Sileri, fundador y director de estrategia de Coral: \u00abDamos la bienvenida a la asociaci\u00f3n y participaci\u00f3n del equipo de Nissan F\u00f3rmula E. Es un ejemplo para particulares y empresas, para que todo el mundo tome medidas significativas para hacer frente al cambio clim\u00e1tico.\u00bb<\/p>\n<\/blockquote>\n<p>&nbsp;<\/p>\n<h2>Autos ecoamigables con Coral y Nissan F\u00f3rmula E<\/h2>\n<p><a href=\"https:\/\/autofans.com.ar\/wp-content\/uploads\/2023\/11\/infografia.pdf\" target=\"_blank\" rel=\"noopener\">infografia<\/a><\/p>\n<p>La transparencia que caracteriza a Coral la convierte en un socio ideal para las iniciativas medioambientales del equipo. Se implementar\u00e1 un protocolo de gases de efecto invernadero y est\u00e1ndares cient\u00edficamente probados para evaluar la huella de carbono con precisi\u00f3n. Asimismo, se establecer\u00e1 un s\u00f3lido esquema de cr\u00e9ditos, garantizando transparencia total en la compensaci\u00f3n de carbono del equipo.<\/p>\n<p>&nbsp;<\/p>\n<p><img decoding=\"async\" class=\"aligncenter wp-image-5797 size-full\" src=\"https:\/\/autofans.com.ar\/wp-content\/uploads\/2023\/11\/formula-e-2.jpg\" alt=\"Nissan F\u00f3rmula E\" width=\"1000\" height=\"667\" srcset=\"https:\/\/autofans.com.ar\/wp-content\/uploads\/2023\/11\/formula-e-2.jpg 1000w, https:\/\/autofans.com.ar\/wp-content\/uploads\/2023\/11\/formula-e-2-300x200.jpg 300w, https:\/\/autofans.com.ar\/wp-content\/uploads\/2023\/11\/formula-e-2-768x512.jpg 768w\" sizes=\"(max-width: 1000px) 100vw, 1000px\" \/><\/p>\n<p>&nbsp;<\/p>\n<p>El objetivo conjunto de Nissan F\u00f3rmula E y Coral es destacar el impacto positivo de los cr\u00e9ditos de carbono, contribuyendo directamente a la descarbonizaci\u00f3n global y a un futuro m\u00e1s limpio. El logotipo de Coral se lucir\u00e1 en ambos autos del equipo a lo largo de la 10\u00aa temporada, simbolizando la alianza en pro de un mundo m\u00e1s sostenible.<\/p>\n<p>&nbsp;<\/p>\n<p><i>Para enterarte de m\u00e1s novedades, no dejes de leer\u00a0<\/i><a href=\"https:\/\/autofans.thebrandsoup.com\/\"><i>nuestras notas<\/i><\/a><i>, de ver<\/i><b><i>\u00a0<\/i><\/b><a href=\"https:\/\/www.youtube.com\/channel\/UCgAC8UGHZYbT6P7PpmVnP7g\"><b><i>AUTOFANS TV<\/i><\/b><\/a><b><i>\u00a0<\/i><\/b><i>en nuestro\u00a0canal de Youtube. Adem\u00e1s seguinos en\u00a0<\/i><a href=\"https:\/\/www.instagram.com\/autofanstv\/\"><i>INSTAGRAM<\/i><\/a><i> y <\/i><a href=\"https:\/\/www.facebook.com\/autofansmas\/\"><i>FACEBOOK<\/i><\/a><i> para no perderte nada sobre las novedades del segmento automotor de Argentina y el mundo.<\/i><\/p>\n<p>&nbsp;<\/p>\n","protected":false},"excerpt":{"rendered":"<p>El equipo de Nissan F\u00f3rmula E ha dado un paso m\u00e1s en su compromiso con&#8230;<\/p>\n","protected":false},"author":2,"featured_media":5798,"comment_status":"closed","ping_status":"closed","sticky":false,"template":"","format":"standard","meta":{"footnotes":""},"categories":[127,16],"tags":[216,857,963,2972,2971,125,854,2611,2970],"class_list":["post-5795","post","type-post","status-publish","format-standard","has-post-thumbnail","hentry","category-deporte","category-noticias","tag-sostenibilidad","tag-campeonato-mundial-de-formula-e","tag-compromiso-ambiental","tag-coral","tag-creditos-de-carbono","tag-movilidad-sostenible","tag-nissan-formula-e","tag-reduccion-de-huella-de-carbono","tag-tecnologia-blockchain"],"yoast_head":"<!-- This site is optimized with the Yoast SEO plugin v27.5 - https:\/\/yoast.com\/product\/yoast-seo-wordpress\/ -->\n<title>Nissan F\u00f3rmula E y Coral se unen para un futuro m\u00e1s sostenible -<\/title>\n<meta name=\"description\" content=\"El equipo de Nissan F\u00f3rmula E ha dado un paso m\u00e1s en su compromiso con la sostenibilidad al asociarse con Coral de cara al pr\u00f3ximo Campeonato\" \/>\n<meta name=\"robots\" content=\"index, follow, max-snippet:-1, max-image-preview:large, max-video-preview:-1\" \/>\n<link rel=\"canonical\" href=\"https:\/\/autofans.com.ar\/index.php\/2023\/11\/16\/nissan-formula-e-y-coral-se-unen-para-un-futuro-mas-sostenible\/\" \/>\n<meta property=\"og:locale\" content=\"es_ES\" \/>\n<meta property=\"og:type\" content=\"article\" \/>\n<meta property=\"og:title\" content=\"Nissan F\u00f3rmula E y Coral se unen para un futuro m\u00e1s sostenible -\" \/>\n<meta property=\"og:description\" content=\"El equipo de Nissan F\u00f3rmula E ha dado un paso m\u00e1s en su compromiso con la sostenibilidad al asociarse con Coral de cara al pr\u00f3ximo Campeonato\" \/>\n<meta property=\"og:url\" content=\"https:\/\/autofans.com.ar\/index.php\/2023\/11\/16\/nissan-formula-e-y-coral-se-unen-para-un-futuro-mas-sostenible\/\" \/>\n<meta property=\"article:published_time\" content=\"2023-11-16T19:47:06+00:00\" \/>\n<meta property=\"og:image\" content=\"https:\/\/autofans.com.ar\/wp-content\/uploads\/2023\/11\/formula-e-1.jpg\" \/>\n\t<meta property=\"og:image:width\" content=\"1000\" \/>\n\t<meta property=\"og:image:height\" content=\"667\" \/>\n\t<meta property=\"og:image:type\" content=\"image\/jpeg\" \/>\n<meta name=\"author\" content=\"Alejandro Gabriel Rosito\" \/>\n<meta name=\"twitter:card\" content=\"summary_large_image\" \/>\n<meta name=\"twitter:label1\" content=\"Escrito por\" \/>\n\t<meta name=\"twitter:data1\" content=\"Alejandro Gabriel Rosito\" \/>\n\t<meta name=\"twitter:label2\" content=\"Tiempo de lectura\" \/>\n\t<meta name=\"twitter:data2\" content=\"2 minutos\" \/>\n<script type=\"application\/ld+json\" class=\"yoast-schema-graph\">{\"@context\":\"https:\\\/\\\/schema.org\",\"@graph\":[{\"@type\":\"Article\",\"@id\":\"https:\\\/\\\/autofans.com.ar\\\/index.php\\\/2023\\\/11\\\/16\\\/nissan-formula-e-y-coral-se-unen-para-un-futuro-mas-sostenible\\\/#article\",\"isPartOf\":{\"@id\":\"https:\\\/\\\/autofans.com.ar\\\/index.php\\\/2023\\\/11\\\/16\\\/nissan-formula-e-y-coral-se-unen-para-un-futuro-mas-sostenible\\\/\"},\"author\":{\"name\":\"Alejandro Gabriel Rosito\",\"@id\":\"https:\\\/\\\/autofans.com.ar\\\/#\\\/schema\\\/person\\\/4a8dda0b6df83ac3d6723e921274c2aa\"},\"headline\":\"Nissan F\u00f3rmula E y Coral se unen para un futuro m\u00e1s sostenible\",\"datePublished\":\"2023-11-16T19:47:06+00:00\",\"mainEntityOfPage\":{\"@id\":\"https:\\\/\\\/autofans.com.ar\\\/index.php\\\/2023\\\/11\\\/16\\\/nissan-formula-e-y-coral-se-unen-para-un-futuro-mas-sostenible\\\/\"},\"wordCount\":565,\"image\":{\"@id\":\"https:\\\/\\\/autofans.com.ar\\\/index.php\\\/2023\\\/11\\\/16\\\/nissan-formula-e-y-coral-se-unen-para-un-futuro-mas-sostenible\\\/#primaryimage\"},\"thumbnailUrl\":\"https:\\\/\\\/autofans.com.ar\\\/wp-content\\\/uploads\\\/2023\\\/11\\\/formula-e-1.jpg\",\"keywords\":[\"#sostenibilidad\",\"Campeonato Mundial de F\u00f3rmula E\",\"Compromiso Ambiental\",\"Coral\",\"Cr\u00e9ditos de Carbono\",\"Movilidad Sostenible\",\"Nissan F\u00f3rmula E\",\"Reducci\u00f3n de Huella de Carbono\",\"Tecnolog\u00eda Blockchain\"],\"articleSection\":[\"DEPORTE MOTOR\",\"NOTICIAS\"],\"inLanguage\":\"es\"},{\"@type\":\"WebPage\",\"@id\":\"https:\\\/\\\/autofans.com.ar\\\/index.php\\\/2023\\\/11\\\/16\\\/nissan-formula-e-y-coral-se-unen-para-un-futuro-mas-sostenible\\\/\",\"url\":\"https:\\\/\\\/autofans.com.ar\\\/index.php\\\/2023\\\/11\\\/16\\\/nissan-formula-e-y-coral-se-unen-para-un-futuro-mas-sostenible\\\/\",\"name\":\"Nissan F\u00f3rmula E y Coral se unen para un futuro m\u00e1s sostenible -\",\"isPartOf\":{\"@id\":\"https:\\\/\\\/autofans.com.ar\\\/#website\"},\"primaryImageOfPage\":{\"@id\":\"https:\\\/\\\/autofans.com.ar\\\/index.php\\\/2023\\\/11\\\/16\\\/nissan-formula-e-y-coral-se-unen-para-un-futuro-mas-sostenible\\\/#primaryimage\"},\"image\":{\"@id\":\"https:\\\/\\\/autofans.com.ar\\\/index.php\\\/2023\\\/11\\\/16\\\/nissan-formula-e-y-coral-se-unen-para-un-futuro-mas-sostenible\\\/#primaryimage\"},\"thumbnailUrl\":\"https:\\\/\\\/autofans.com.ar\\\/wp-content\\\/uploads\\\/2023\\\/11\\\/formula-e-1.jpg\",\"datePublished\":\"2023-11-16T19:47:06+00:00\",\"author\":{\"@id\":\"https:\\\/\\\/autofans.com.ar\\\/#\\\/schema\\\/person\\\/4a8dda0b6df83ac3d6723e921274c2aa\"},\"description\":\"El equipo de Nissan F\u00f3rmula E ha dado un paso m\u00e1s en su compromiso con la sostenibilidad al asociarse con Coral de cara al pr\u00f3ximo Campeonato\",\"breadcrumb\":{\"@id\":\"https:\\\/\\\/autofans.com.ar\\\/index.php\\\/2023\\\/11\\\/16\\\/nissan-formula-e-y-coral-se-unen-para-un-futuro-mas-sostenible\\\/#breadcrumb\"},\"inLanguage\":\"es\",\"potentialAction\":[{\"@type\":\"ReadAction\",\"target\":[\"https:\\\/\\\/autofans.com.ar\\\/index.php\\\/2023\\\/11\\\/16\\\/nissan-formula-e-y-coral-se-unen-para-un-futuro-mas-sostenible\\\/\"]}]},{\"@type\":\"ImageObject\",\"inLanguage\":\"es\",\"@id\":\"https:\\\/\\\/autofans.com.ar\\\/index.php\\\/2023\\\/11\\\/16\\\/nissan-formula-e-y-coral-se-unen-para-un-futuro-mas-sostenible\\\/#primaryimage\",\"url\":\"https:\\\/\\\/autofans.com.ar\\\/wp-content\\\/uploads\\\/2023\\\/11\\\/formula-e-1.jpg\",\"contentUrl\":\"https:\\\/\\\/autofans.com.ar\\\/wp-content\\\/uploads\\\/2023\\\/11\\\/formula-e-1.jpg\",\"width\":1000,\"height\":667,\"caption\":\"Nissan F\u00f3rmula E\"},{\"@type\":\"BreadcrumbList\",\"@id\":\"https:\\\/\\\/autofans.com.ar\\\/index.php\\\/2023\\\/11\\\/16\\\/nissan-formula-e-y-coral-se-unen-para-un-futuro-mas-sostenible\\\/#breadcrumb\",\"itemListElement\":[{\"@type\":\"ListItem\",\"position\":1,\"name\":\"Inicio\",\"item\":\"https:\\\/\\\/autofans.com.ar\\\/\"},{\"@type\":\"ListItem\",\"position\":2,\"name\":\"Nissan F\u00f3rmula E y Coral se unen para un futuro m\u00e1s sostenible\"}]},{\"@type\":\"WebSite\",\"@id\":\"https:\\\/\\\/autofans.com.ar\\\/#website\",\"url\":\"https:\\\/\\\/autofans.com.ar\\\/\",\"name\":\"\",\"description\":\"El multimedio referente de la industria automotriz\",\"potentialAction\":[{\"@type\":\"SearchAction\",\"target\":{\"@type\":\"EntryPoint\",\"urlTemplate\":\"https:\\\/\\\/autofans.com.ar\\\/?s={search_term_string}\"},\"query-input\":{\"@type\":\"PropertyValueSpecification\",\"valueRequired\":true,\"valueName\":\"search_term_string\"}}],\"inLanguage\":\"es\"},{\"@type\":\"Person\",\"@id\":\"https:\\\/\\\/autofans.com.ar\\\/#\\\/schema\\\/person\\\/4a8dda0b6df83ac3d6723e921274c2aa\",\"name\":\"Alejandro Gabriel Rosito\",\"image\":{\"@type\":\"ImageObject\",\"inLanguage\":\"es\",\"@id\":\"https:\\\/\\\/secure.gravatar.com\\\/avatar\\\/16c5dda1489adfc62618084dcbb91cffd879c374b13fe5dd8e44ed6733852c88?s=96&d=mm&r=g\",\"url\":\"https:\\\/\\\/secure.gravatar.com\\\/avatar\\\/16c5dda1489adfc62618084dcbb91cffd879c374b13fe5dd8e44ed6733852c88?s=96&d=mm&r=g\",\"contentUrl\":\"https:\\\/\\\/secure.gravatar.com\\\/avatar\\\/16c5dda1489adfc62618084dcbb91cffd879c374b13fe5dd8e44ed6733852c88?s=96&d=mm&r=g\",\"caption\":\"Alejandro Gabriel Rosito\"},\"url\":\"https:\\\/\\\/autofans.com.ar\\\/index.php\\\/author\\\/gabrielr\\\/\"}]}<\/script>\n<!-- \/ Yoast SEO plugin. -->","yoast_head_json":{"title":"Nissan F\u00f3rmula E y Coral se unen para un futuro m\u00e1s sostenible -","description":"El equipo de Nissan F\u00f3rmula E ha dado un paso m\u00e1s en su compromiso con la sostenibilidad al asociarse con Coral de cara al pr\u00f3ximo Campeonato","robots":{"index":"index","follow":"follow","max-snippet":"max-snippet:-1","max-image-preview":"max-image-preview:large","max-video-preview":"max-video-preview:-1"},"canonical":"https:\/\/autofans.com.ar\/index.php\/2023\/11\/16\/nissan-formula-e-y-coral-se-unen-para-un-futuro-mas-sostenible\/","og_locale":"es_ES","og_type":"article","og_title":"Nissan F\u00f3rmula E y Coral se unen para un futuro m\u00e1s sostenible -","og_description":"El equipo de Nissan F\u00f3rmula E ha dado un paso m\u00e1s en su compromiso con la sostenibilidad al asociarse con Coral de cara al pr\u00f3ximo Campeonato","og_url":"https:\/\/autofans.com.ar\/index.php\/2023\/11\/16\/nissan-formula-e-y-coral-se-unen-para-un-futuro-mas-sostenible\/","article_published_time":"2023-11-16T19:47:06+00:00","og_image":[{"width":1000,"height":667,"url":"https:\/\/autofans.com.ar\/wp-content\/uploads\/2023\/11\/formula-e-1.jpg","type":"image\/jpeg"}],"author":"Alejandro Gabriel Rosito","twitter_card":"summary_large_image","twitter_misc":{"Escrito por":"Alejandro Gabriel Rosito","Tiempo de lectura":"2 minutos"},"schema":{"@context":"https:\/\/schema.org","@graph":[{"@type":"Article","@id":"https:\/\/autofans.com.ar\/index.php\/2023\/11\/16\/nissan-formula-e-y-coral-se-unen-para-un-futuro-mas-sostenible\/#article","isPartOf":{"@id":"https:\/\/autofans.com.ar\/index.php\/2023\/11\/16\/nissan-formula-e-y-coral-se-unen-para-un-futuro-mas-sostenible\/"},"author":{"name":"Alejandro Gabriel Rosito","@id":"https:\/\/autofans.com.ar\/#\/schema\/person\/4a8dda0b6df83ac3d6723e921274c2aa"},"headline":"Nissan F\u00f3rmula E y Coral se unen para un futuro m\u00e1s sostenible","datePublished":"2023-11-16T19:47:06+00:00","mainEntityOfPage":{"@id":"https:\/\/autofans.com.ar\/index.php\/2023\/11\/16\/nissan-formula-e-y-coral-se-unen-para-un-futuro-mas-sostenible\/"},"wordCount":565,"image":{"@id":"https:\/\/autofans.com.ar\/index.php\/2023\/11\/16\/nissan-formula-e-y-coral-se-unen-para-un-futuro-mas-sostenible\/#primaryimage"},"thumbnailUrl":"https:\/\/autofans.com.ar\/wp-content\/uploads\/2023\/11\/formula-e-1.jpg","keywords":["#sostenibilidad","Campeonato Mundial de F\u00f3rmula E","Compromiso Ambiental","Coral","Cr\u00e9ditos de Carbono","Movilidad Sostenible","Nissan F\u00f3rmula E","Reducci\u00f3n de Huella de Carbono","Tecnolog\u00eda Blockchain"],"articleSection":["DEPORTE MOTOR","NOTICIAS"],"inLanguage":"es"},{"@type":"WebPage","@id":"https:\/\/autofans.com.ar\/index.php\/2023\/11\/16\/nissan-formula-e-y-coral-se-unen-para-un-futuro-mas-sostenible\/","url":"https:\/\/autofans.com.ar\/index.php\/2023\/11\/16\/nissan-formula-e-y-coral-se-unen-para-un-futuro-mas-sostenible\/","name":"Nissan F\u00f3rmula E y Coral se unen para un futuro m\u00e1s sostenible -","isPartOf":{"@id":"https:\/\/autofans.com.ar\/#website"},"primaryImageOfPage":{"@id":"https:\/\/autofans.com.ar\/index.php\/2023\/11\/16\/nissan-formula-e-y-coral-se-unen-para-un-futuro-mas-sostenible\/#primaryimage"},"image":{"@id":"https:\/\/autofans.com.ar\/index.php\/2023\/11\/16\/nissan-formula-e-y-coral-se-unen-para-un-futuro-mas-sostenible\/#primaryimage"},"thumbnailUrl":"https:\/\/autofans.com.ar\/wp-content\/uploads\/2023\/11\/formula-e-1.jpg","datePublished":"2023-11-16T19:47:06+00:00","author":{"@id":"https:\/\/autofans.com.ar\/#\/schema\/person\/4a8dda0b6df83ac3d6723e921274c2aa"},"description":"El equipo de Nissan F\u00f3rmula E ha dado un paso m\u00e1s en su compromiso con la sostenibilidad al asociarse con Coral de cara al pr\u00f3ximo Campeonato","breadcrumb":{"@id":"https:\/\/autofans.com.ar\/index.php\/2023\/11\/16\/nissan-formula-e-y-coral-se-unen-para-un-futuro-mas-sostenible\/#breadcrumb"},"inLanguage":"es","potentialAction":[{"@type":"ReadAction","target":["https:\/\/autofans.com.ar\/index.php\/2023\/11\/16\/nissan-formula-e-y-coral-se-unen-para-un-futuro-mas-sostenible\/"]}]},{"@type":"ImageObject","inLanguage":"es","@id":"https:\/\/autofans.com.ar\/index.php\/2023\/11\/16\/nissan-formula-e-y-coral-se-unen-para-un-futuro-mas-sostenible\/#primaryimage","url":"https:\/\/autofans.com.ar\/wp-content\/uploads\/2023\/11\/formula-e-1.jpg","contentUrl":"https:\/\/autofans.com.ar\/wp-content\/uploads\/2023\/11\/formula-e-1.jpg","width":1000,"height":667,"caption":"Nissan F\u00f3rmula E"},{"@type":"BreadcrumbList","@id":"https:\/\/autofans.com.ar\/index.php\/2023\/11\/16\/nissan-formula-e-y-coral-se-unen-para-un-futuro-mas-sostenible\/#breadcrumb","itemListElement":[{"@type":"ListItem","position":1,"name":"Inicio","item":"https:\/\/autofans.com.ar\/"},{"@type":"ListItem","position":2,"name":"Nissan F\u00f3rmula E y Coral se unen para un futuro m\u00e1s sostenible"}]},{"@type":"WebSite","@id":"https:\/\/autofans.com.ar\/#website","url":"https:\/\/autofans.com.ar\/","name":"","description":"El multimedio referente de la industria automotriz","potentialAction":[{"@type":"SearchAction","target":{"@type":"EntryPoint","urlTemplate":"https:\/\/autofans.com.ar\/?s={search_term_string}"},"query-input":{"@type":"PropertyValueSpecification","valueRequired":true,"valueName":"search_term_string"}}],"inLanguage":"es"},{"@type":"Person","@id":"https:\/\/autofans.com.ar\/#\/schema\/person\/4a8dda0b6df83ac3d6723e921274c2aa","name":"Alejandro Gabriel Rosito","image":{"@type":"ImageObject","inLanguage":"es","@id":"https:\/\/secure.gravatar.com\/avatar\/16c5dda1489adfc62618084dcbb91cffd879c374b13fe5dd8e44ed6733852c88?s=96&d=mm&r=g","url":"https:\/\/secure.gravatar.com\/avatar\/16c5dda1489adfc62618084dcbb91cffd879c374b13fe5dd8e44ed6733852c88?s=96&d=mm&r=g","contentUrl":"https:\/\/secure.gravatar.com\/avatar\/16c5dda1489adfc62618084dcbb91cffd879c374b13fe5dd8e44ed6733852c88?s=96&d=mm&r=g","caption":"Alejandro Gabriel Rosito"},"url":"https:\/\/autofans.com.ar\/index.php\/author\/gabrielr\/"}]}},"featured_image_urls":{"full":["https:\/\/autofans.com.ar\/wp-content\/uploads\/2023\/11\/formula-e-1.jpg",1000,667,false],"thumbnail":["https:\/\/autofans.com.ar\/wp-content\/uploads\/2023\/11\/formula-e-1-150x150.jpg",150,150,true],"medium":["https:\/\/autofans.com.ar\/wp-content\/uploads\/2023\/11\/formula-e-1-300x200.jpg",300,200,true],"medium_large":["https:\/\/autofans.com.ar\/wp-content\/uploads\/2023\/11\/formula-e-1-768x512.jpg",640,427,true],"large":["https:\/\/autofans.com.ar\/wp-content\/uploads\/2023\/11\/formula-e-1.jpg",640,427,false],"1536x1536":["https:\/\/autofans.com.ar\/wp-content\/uploads\/2023\/11\/formula-e-1.jpg",1000,667,false],"2048x2048":["https:\/\/autofans.com.ar\/wp-content\/uploads\/2023\/11\/formula-e-1.jpg",1000,667,false],"covernews-featured":["https:\/\/autofans.com.ar\/wp-content\/uploads\/2023\/11\/formula-e-1.jpg",1000,667,false],"covernews-medium":["https:\/\/autofans.com.ar\/wp-content\/uploads\/2023\/11\/formula-e-1-540x340.jpg",540,340,true]},"author_info":{"display_name":"Alejandro Gabriel Rosito","author_link":"https:\/\/autofans.com.ar\/index.php\/author\/gabrielr\/"},"category_info":"<a href=\"https:\/\/autofans.com.ar\/index.php\/category\/noticias\/deporte\/\" rel=\"category tag\">DEPORTE MOTOR<\/a> <a href=\"https:\/\/autofans.com.ar\/index.php\/category\/noticias\/\" rel=\"category tag\">NOTICIAS<\/a>","tag_info":"NOTICIAS","comment_count":0,"_links":{"self":[{"href":"https:\/\/autofans.com.ar\/index.php\/wp-json\/wp\/v2\/posts\/5795","targetHints":{"allow":["GET"]}}],"collection":[{"href":"https:\/\/autofans.com.ar\/index.php\/wp-json\/wp\/v2\/posts"}],"about":[{"href":"https:\/\/autofans.com.ar\/index.php\/wp-json\/wp\/v2\/types\/post"}],"author":[{"embeddable":true,"href":"https:\/\/autofans.com.ar\/index.php\/wp-json\/wp\/v2\/users\/2"}],"replies":[{"embeddable":true,"href":"https:\/\/autofans.com.ar\/index.php\/wp-json\/wp\/v2\/comments?post=5795"}],"version-history":[{"count":1,"href":"https:\/\/autofans.com.ar\/index.php\/wp-json\/wp\/v2\/posts\/5795\/revisions"}],"predecessor-version":[{"id":5800,"href":"https:\/\/autofans.com.ar\/index.php\/wp-json\/wp\/v2\/posts\/5795\/revisions\/5800"}],"wp:featuredmedia":[{"embeddable":true,"href":"https:\/\/autofans.com.ar\/index.php\/wp-json\/wp\/v2\/media\/5798"}],"wp:attachment":[{"href":"https:\/\/autofans.com.ar\/index.php\/wp-json\/wp\/v2\/media?parent=5795"}],"wp:term":[{"taxonomy":"category","embeddable":true,"href":"https:\/\/autofans.com.ar\/index.php\/wp-json\/wp\/v2\/categories?post=5795"},{"taxonomy":"post_tag","embeddable":true,"href":"https:\/\/autofans.com.ar\/index.php\/wp-json\/wp\/v2\/tags?post=5795"}],"curies":[{"name":"wp","href":"https:\/\/api.w.org\/{rel}","templated":true}]}}