{"id":5834,"date":"2023-11-22T11:00:17","date_gmt":"2023-11-22T14:00:17","guid":{"rendered":"https:\/\/autofans.com.ar\/?p=5834"},"modified":"2023-11-22T09:59:33","modified_gmt":"2023-11-22T12:59:33","slug":"audi-impulsa-la-electromovilidad-desde-hungria","status":"publish","type":"post","link":"https:\/\/autofans.com.ar\/index.php\/2023\/11\/22\/audi-impulsa-la-electromovilidad-desde-hungria\/","title":{"rendered":"Audi impulsa la electromovilidad desde Hungr\u00eda"},"content":{"rendered":"<p>Audi ha marcado un hito significativo en su camino hacia la electrificaci\u00f3n con el inicio de la fabricaci\u00f3n de motores el\u00e9ctricos para la Plataforma El\u00e9ctrica Premium (PPE) en Gy\u0151r, Hungr\u00eda. Estos motores, dise\u00f1ados para ser altamente compactos y eficientes, ser\u00e1n empleados inicialmente en el esperado modelo Audi Q6 e-tron. La producci\u00f3n del primer veh\u00edculo totalmente el\u00e9ctrico de Audi basado en la plataforma PPE est\u00e1 programada para comenzar a finales de este a\u00f1o en Ingolstadt.<\/p>\n<p>&nbsp;<\/p>\n<blockquote>\n<p style=\"text-align: center;\">\u201cEl inicio de la producci\u00f3n en Hungr\u00eda marca un hito importante en el aumento de la fabricaci\u00f3n del Audi Q6 e-tron\u201d, declara Gerd Walker, responsable de Producci\u00f3n y Log\u00edstica de Audi.<\/p>\n<\/blockquote>\n<p>&nbsp;<\/p>\n<h2>Gy\u0151r &#8211; epicentro de la electromovilidad<\/h2>\n<p>Gernot D\u00f6llner, CEO de Audi, destaca que Gy\u0151r est\u00e1 especialmente destinada a la producci\u00f3n de estos motores el\u00e9ctricos innovadores. La planta ya cuenta con una vasta experiencia, habiendo fabricado m\u00e1s de 400,000 sistemas de propulsi\u00f3n el\u00e9ctrica desde 2018. Adem\u00e1s de los motores para la plataforma PPE, Gy\u0151r tambi\u00e9n produce el sistema de propulsi\u00f3n del Audi Q8 e-tron y se prepara para producir motores el\u00e9ctricos adicionales para veh\u00edculos basados en la plataforma MEBeco del Grupo Volkswagen.<\/p>\n<p>&nbsp;<\/p>\n<p><img fetchpriority=\"high\" decoding=\"async\" class=\"aligncenter wp-image-5836 size-full\" src=\"https:\/\/autofans.com.ar\/wp-content\/uploads\/2023\/11\/audi-2.jpg\" alt=\"audi\" width=\"1000\" height=\"667\" srcset=\"https:\/\/autofans.com.ar\/wp-content\/uploads\/2023\/11\/audi-2.jpg 1000w, https:\/\/autofans.com.ar\/wp-content\/uploads\/2023\/11\/audi-2-300x200.jpg 300w, https:\/\/autofans.com.ar\/wp-content\/uploads\/2023\/11\/audi-2-768x512.jpg 768w\" sizes=\"(max-width: 1000px) 100vw, 1000px\" \/><\/p>\n<p>&nbsp;<\/p>\n<p>Audi ha instalado tres nuevas l\u00edneas de producci\u00f3n en Gy\u0151r para los motores de la plataforma PPE, con alrededor de 700 empleados trabajando en tres turnos para ensamblar hasta 2,000 motores el\u00e9ctricos al d\u00eda. La planta suministra estos propulsores tanto a Audi como a Porsche. La producci\u00f3n se ha vuelto m\u00e1s vertical, demostrando el compromiso de Audi con la transici\u00f3n hacia la electromovilidad.<\/p>\n<p>&nbsp;<\/p>\n<blockquote>\n<p style=\"text-align: center;\">\u201cS\u00e9 por experiencia propia la pasi\u00f3n con la que trabaja el equipo de Audi Hungr\u00eda y la constancia con la que avanza la electrificaci\u00f3n de la mayor planta de motores del mundo. Con su enorme experiencia en sistemas de propulsi\u00f3n y su operaci\u00f3n neutra en carbono, la planta de Gy\u0151r es una parte indispensable de la red de producci\u00f3n global de Audi\u201d, a\u00f1ade Walker, que fue responsable de la producci\u00f3n de veh\u00edculos en Audi Hungr\u00eda de 2012 a 2016.<\/p>\n<\/blockquote>\n<p>&nbsp;<\/p>\n<h2>Gy\u0151r: 30 a\u00f1os de \u00e9xito automotriz<\/h2>\n<p>En paralelo al inicio de la producci\u00f3n de la plataforma PPE, Audi Hungr\u00eda celebra tres d\u00e9cadas de \u00e9xito. Desde su fundaci\u00f3n, la planta ha crecido para convertirse en la mayor f\u00e1brica de motores del mundo y el principal fabricante h\u00fangaro de autom\u00f3viles premium. Adem\u00e1s de la producci\u00f3n, la planta ofrece diversos servicios a otras marcas del Grupo, aprovechando su amplia experiencia.<\/p>\n<p>Audi est\u00e1 liderando la transformaci\u00f3n integral de su red de producci\u00f3n global hacia la electromovilidad, una visi\u00f3n respaldada por su enfoque hol\u00edstico y sostenible, incluida la iniciativa 360factory. La modernizaci\u00f3n y digitalizaci\u00f3n de las f\u00e1bricas actuales, como la de Gy\u0151r, son esenciales en este proceso. La producci\u00f3n en Gy\u0151r es neutra en carbono desde 2020, destacando su compromiso con la sostenibilidad mediante el uso del mayor sistema fotovoltaico de Europa y siendo el mayor usuario de energ\u00eda geot\u00e9rmica industrial en Hungr\u00eda.<\/p>\n<p>&nbsp;<\/p>\n<p>&nbsp;<\/p>\n<p><b><i>Segu\u00ed leyendo\u00a0<\/i><\/b><a href=\"https:\/\/thebrandsoup.com\/?customize_changeset_uuid=7259b670-5d86-44aa-bbfd-94ffb2ff9b15&amp;customize_autosaved=on&amp;customize_messenger_channel=preview-1\"><b><i>nuestras nuevas notas\u00a0<\/i><\/b><\/a><b><i>y danos like en nuestras redes sociales\u00a0<\/i><\/b><a href=\"https:\/\/www.instagram.com\/thebrandsoup\/\"><b><i>Instagram<\/i><\/b><\/a><b><i>,\u00a0<\/i><\/b><a href=\"https:\/\/www.facebook.com\/thebrandsoup\/\"><b><i>Facebook\u00a0<\/i><\/b><\/a><b><i>y\u00a0<\/i><\/b><a href=\"https:\/\/www.linkedin.com\/company\/thebrandsoup-agentina\/\"><b><i>Linkedin<\/i><\/b><\/a><b><i>. Tambi\u00e9n\u00a0en las im\u00e1genes y coberturas de nuestro\u00a0<\/i><\/b><a href=\"https:\/\/www.youtube.com\/channel\/UCsme-ENs4u5w4VPENiTYp5A?view_as=subscriber\"><b><i>canal de YouTube<\/i><\/b><\/a><b>.<\/b><\/p>\n","protected":false},"excerpt":{"rendered":"<p>Audi ha marcado un hito significativo en su camino hacia la electrificaci\u00f3n con el inicio&#8230;<\/p>\n","protected":false},"author":2,"featured_media":5837,"comment_status":"closed","ping_status":"closed","sticky":false,"template":"","format":"standard","meta":{"footnotes":""},"categories":[341,16],"tags":[216,2994,911,2993,542,2995,2991,2990,2992],"class_list":["post-5834","post","type-post","status-publish","format-standard","has-post-thumbnail","hentry","category-hibridos-y-electricos","category-noticias","tag-sostenibilidad","tag-360factory","tag-audi","tag-audi-q6-e-tron","tag-electromovilidad","tag-grupo-volkswagen","tag-gyor","tag-plataforma-ppe","tag-produccion-de-motores-electricos"],"yoast_head":"<!-- This site is optimized with the Yoast SEO plugin v27.5 - https:\/\/yoast.com\/product\/yoast-seo-wordpress\/ -->\n<title>Audi impulsa la electromovilidad desde Hungr\u00eda -<\/title>\n<meta name=\"description\" content=\"Audi marca un hito significativo en su camino hacia la electrificaci\u00f3n con el inicio de la fabricaci\u00f3n de motores el\u00e9ctricos...\" \/>\n<meta name=\"robots\" content=\"index, follow, max-snippet:-1, max-image-preview:large, max-video-preview:-1\" \/>\n<link rel=\"canonical\" href=\"https:\/\/autofans.com.ar\/index.php\/2023\/11\/22\/audi-impulsa-la-electromovilidad-desde-hungria\/\" \/>\n<meta property=\"og:locale\" content=\"es_ES\" \/>\n<meta property=\"og:type\" content=\"article\" \/>\n<meta property=\"og:title\" content=\"Audi impulsa la electromovilidad desde Hungr\u00eda -\" \/>\n<meta property=\"og:description\" content=\"Audi marca un hito significativo en su camino hacia la electrificaci\u00f3n con el inicio de la fabricaci\u00f3n de motores el\u00e9ctricos...\" \/>\n<meta property=\"og:url\" content=\"https:\/\/autofans.com.ar\/index.php\/2023\/11\/22\/audi-impulsa-la-electromovilidad-desde-hungria\/\" \/>\n<meta property=\"article:published_time\" content=\"2023-11-22T14:00:17+00:00\" \/>\n<meta property=\"og:image\" content=\"https:\/\/autofans.com.ar\/wp-content\/uploads\/2023\/11\/audi-1.jpg\" \/>\n\t<meta property=\"og:image:width\" content=\"1000\" \/>\n\t<meta property=\"og:image:height\" content=\"667\" \/>\n\t<meta property=\"og:image:type\" content=\"image\/jpeg\" \/>\n<meta name=\"author\" content=\"Alejandro Gabriel Rosito\" \/>\n<meta name=\"twitter:card\" content=\"summary_large_image\" \/>\n<meta name=\"twitter:label1\" content=\"Escrito por\" \/>\n\t<meta name=\"twitter:data1\" content=\"Alejandro Gabriel Rosito\" \/>\n\t<meta name=\"twitter:label2\" content=\"Tiempo de lectura\" \/>\n\t<meta name=\"twitter:data2\" content=\"2 minutos\" \/>\n<script type=\"application\/ld+json\" class=\"yoast-schema-graph\">{\"@context\":\"https:\\\/\\\/schema.org\",\"@graph\":[{\"@type\":\"Article\",\"@id\":\"https:\\\/\\\/autofans.com.ar\\\/index.php\\\/2023\\\/11\\\/22\\\/audi-impulsa-la-electromovilidad-desde-hungria\\\/#article\",\"isPartOf\":{\"@id\":\"https:\\\/\\\/autofans.com.ar\\\/index.php\\\/2023\\\/11\\\/22\\\/audi-impulsa-la-electromovilidad-desde-hungria\\\/\"},\"author\":{\"name\":\"Alejandro Gabriel Rosito\",\"@id\":\"https:\\\/\\\/autofans.com.ar\\\/#\\\/schema\\\/person\\\/4a8dda0b6df83ac3d6723e921274c2aa\"},\"headline\":\"Audi impulsa la electromovilidad desde Hungr\u00eda\",\"datePublished\":\"2023-11-22T14:00:17+00:00\",\"mainEntityOfPage\":{\"@id\":\"https:\\\/\\\/autofans.com.ar\\\/index.php\\\/2023\\\/11\\\/22\\\/audi-impulsa-la-electromovilidad-desde-hungria\\\/\"},\"wordCount\":586,\"image\":{\"@id\":\"https:\\\/\\\/autofans.com.ar\\\/index.php\\\/2023\\\/11\\\/22\\\/audi-impulsa-la-electromovilidad-desde-hungria\\\/#primaryimage\"},\"thumbnailUrl\":\"https:\\\/\\\/autofans.com.ar\\\/wp-content\\\/uploads\\\/2023\\\/11\\\/audi-1.jpg\",\"keywords\":[\"#sostenibilidad\",\"360factory\",\"Audi\",\"Audi Q6 e-tron\",\"electromovilidad\",\"Grupo Volkswagen\",\"Gy\u0151r\",\"plataforma PPE\",\"producci\u00f3n de motores el\u00e9ctricos\"],\"articleSection\":[\"HIBRIDOS, ELECTRICOS y otros\",\"NOTICIAS\"],\"inLanguage\":\"es\"},{\"@type\":\"WebPage\",\"@id\":\"https:\\\/\\\/autofans.com.ar\\\/index.php\\\/2023\\\/11\\\/22\\\/audi-impulsa-la-electromovilidad-desde-hungria\\\/\",\"url\":\"https:\\\/\\\/autofans.com.ar\\\/index.php\\\/2023\\\/11\\\/22\\\/audi-impulsa-la-electromovilidad-desde-hungria\\\/\",\"name\":\"Audi impulsa la electromovilidad desde Hungr\u00eda -\",\"isPartOf\":{\"@id\":\"https:\\\/\\\/autofans.com.ar\\\/#website\"},\"primaryImageOfPage\":{\"@id\":\"https:\\\/\\\/autofans.com.ar\\\/index.php\\\/2023\\\/11\\\/22\\\/audi-impulsa-la-electromovilidad-desde-hungria\\\/#primaryimage\"},\"image\":{\"@id\":\"https:\\\/\\\/autofans.com.ar\\\/index.php\\\/2023\\\/11\\\/22\\\/audi-impulsa-la-electromovilidad-desde-hungria\\\/#primaryimage\"},\"thumbnailUrl\":\"https:\\\/\\\/autofans.com.ar\\\/wp-content\\\/uploads\\\/2023\\\/11\\\/audi-1.jpg\",\"datePublished\":\"2023-11-22T14:00:17+00:00\",\"author\":{\"@id\":\"https:\\\/\\\/autofans.com.ar\\\/#\\\/schema\\\/person\\\/4a8dda0b6df83ac3d6723e921274c2aa\"},\"description\":\"Audi marca un hito significativo en su camino hacia la electrificaci\u00f3n con el inicio de la fabricaci\u00f3n de motores el\u00e9ctricos...\",\"breadcrumb\":{\"@id\":\"https:\\\/\\\/autofans.com.ar\\\/index.php\\\/2023\\\/11\\\/22\\\/audi-impulsa-la-electromovilidad-desde-hungria\\\/#breadcrumb\"},\"inLanguage\":\"es\",\"potentialAction\":[{\"@type\":\"ReadAction\",\"target\":[\"https:\\\/\\\/autofans.com.ar\\\/index.php\\\/2023\\\/11\\\/22\\\/audi-impulsa-la-electromovilidad-desde-hungria\\\/\"]}]},{\"@type\":\"ImageObject\",\"inLanguage\":\"es\",\"@id\":\"https:\\\/\\\/autofans.com.ar\\\/index.php\\\/2023\\\/11\\\/22\\\/audi-impulsa-la-electromovilidad-desde-hungria\\\/#primaryimage\",\"url\":\"https:\\\/\\\/autofans.com.ar\\\/wp-content\\\/uploads\\\/2023\\\/11\\\/audi-1.jpg\",\"contentUrl\":\"https:\\\/\\\/autofans.com.ar\\\/wp-content\\\/uploads\\\/2023\\\/11\\\/audi-1.jpg\",\"width\":1000,\"height\":667,\"caption\":\"audi\"},{\"@type\":\"BreadcrumbList\",\"@id\":\"https:\\\/\\\/autofans.com.ar\\\/index.php\\\/2023\\\/11\\\/22\\\/audi-impulsa-la-electromovilidad-desde-hungria\\\/#breadcrumb\",\"itemListElement\":[{\"@type\":\"ListItem\",\"position\":1,\"name\":\"Inicio\",\"item\":\"https:\\\/\\\/autofans.com.ar\\\/\"},{\"@type\":\"ListItem\",\"position\":2,\"name\":\"Audi impulsa la electromovilidad desde Hungr\u00eda\"}]},{\"@type\":\"WebSite\",\"@id\":\"https:\\\/\\\/autofans.com.ar\\\/#website\",\"url\":\"https:\\\/\\\/autofans.com.ar\\\/\",\"name\":\"\",\"description\":\"El multimedio referente de la industria automotriz\",\"potentialAction\":[{\"@type\":\"SearchAction\",\"target\":{\"@type\":\"EntryPoint\",\"urlTemplate\":\"https:\\\/\\\/autofans.com.ar\\\/?s={search_term_string}\"},\"query-input\":{\"@type\":\"PropertyValueSpecification\",\"valueRequired\":true,\"valueName\":\"search_term_string\"}}],\"inLanguage\":\"es\"},{\"@type\":\"Person\",\"@id\":\"https:\\\/\\\/autofans.com.ar\\\/#\\\/schema\\\/person\\\/4a8dda0b6df83ac3d6723e921274c2aa\",\"name\":\"Alejandro Gabriel Rosito\",\"image\":{\"@type\":\"ImageObject\",\"inLanguage\":\"es\",\"@id\":\"https:\\\/\\\/secure.gravatar.com\\\/avatar\\\/16c5dda1489adfc62618084dcbb91cffd879c374b13fe5dd8e44ed6733852c88?s=96&d=mm&r=g\",\"url\":\"https:\\\/\\\/secure.gravatar.com\\\/avatar\\\/16c5dda1489adfc62618084dcbb91cffd879c374b13fe5dd8e44ed6733852c88?s=96&d=mm&r=g\",\"contentUrl\":\"https:\\\/\\\/secure.gravatar.com\\\/avatar\\\/16c5dda1489adfc62618084dcbb91cffd879c374b13fe5dd8e44ed6733852c88?s=96&d=mm&r=g\",\"caption\":\"Alejandro Gabriel Rosito\"},\"url\":\"https:\\\/\\\/autofans.com.ar\\\/index.php\\\/author\\\/gabrielr\\\/\"}]}<\/script>\n<!-- \/ Yoast SEO plugin. -->","yoast_head_json":{"title":"Audi impulsa la electromovilidad desde Hungr\u00eda -","description":"Audi marca un hito significativo en su camino hacia la electrificaci\u00f3n con el inicio de la fabricaci\u00f3n de motores el\u00e9ctricos...","robots":{"index":"index","follow":"follow","max-snippet":"max-snippet:-1","max-image-preview":"max-image-preview:large","max-video-preview":"max-video-preview:-1"},"canonical":"https:\/\/autofans.com.ar\/index.php\/2023\/11\/22\/audi-impulsa-la-electromovilidad-desde-hungria\/","og_locale":"es_ES","og_type":"article","og_title":"Audi impulsa la electromovilidad desde Hungr\u00eda -","og_description":"Audi marca un hito significativo en su camino hacia la electrificaci\u00f3n con el inicio de la fabricaci\u00f3n de motores el\u00e9ctricos...","og_url":"https:\/\/autofans.com.ar\/index.php\/2023\/11\/22\/audi-impulsa-la-electromovilidad-desde-hungria\/","article_published_time":"2023-11-22T14:00:17+00:00","og_image":[{"width":1000,"height":667,"url":"https:\/\/autofans.com.ar\/wp-content\/uploads\/2023\/11\/audi-1.jpg","type":"image\/jpeg"}],"author":"Alejandro Gabriel Rosito","twitter_card":"summary_large_image","twitter_misc":{"Escrito por":"Alejandro Gabriel Rosito","Tiempo de lectura":"2 minutos"},"schema":{"@context":"https:\/\/schema.org","@graph":[{"@type":"Article","@id":"https:\/\/autofans.com.ar\/index.php\/2023\/11\/22\/audi-impulsa-la-electromovilidad-desde-hungria\/#article","isPartOf":{"@id":"https:\/\/autofans.com.ar\/index.php\/2023\/11\/22\/audi-impulsa-la-electromovilidad-desde-hungria\/"},"author":{"name":"Alejandro Gabriel Rosito","@id":"https:\/\/autofans.com.ar\/#\/schema\/person\/4a8dda0b6df83ac3d6723e921274c2aa"},"headline":"Audi impulsa la electromovilidad desde Hungr\u00eda","datePublished":"2023-11-22T14:00:17+00:00","mainEntityOfPage":{"@id":"https:\/\/autofans.com.ar\/index.php\/2023\/11\/22\/audi-impulsa-la-electromovilidad-desde-hungria\/"},"wordCount":586,"image":{"@id":"https:\/\/autofans.com.ar\/index.php\/2023\/11\/22\/audi-impulsa-la-electromovilidad-desde-hungria\/#primaryimage"},"thumbnailUrl":"https:\/\/autofans.com.ar\/wp-content\/uploads\/2023\/11\/audi-1.jpg","keywords":["#sostenibilidad","360factory","Audi","Audi Q6 e-tron","electromovilidad","Grupo Volkswagen","Gy\u0151r","plataforma PPE","producci\u00f3n de motores el\u00e9ctricos"],"articleSection":["HIBRIDOS, ELECTRICOS y otros","NOTICIAS"],"inLanguage":"es"},{"@type":"WebPage","@id":"https:\/\/autofans.com.ar\/index.php\/2023\/11\/22\/audi-impulsa-la-electromovilidad-desde-hungria\/","url":"https:\/\/autofans.com.ar\/index.php\/2023\/11\/22\/audi-impulsa-la-electromovilidad-desde-hungria\/","name":"Audi impulsa la electromovilidad desde Hungr\u00eda -","isPartOf":{"@id":"https:\/\/autofans.com.ar\/#website"},"primaryImageOfPage":{"@id":"https:\/\/autofans.com.ar\/index.php\/2023\/11\/22\/audi-impulsa-la-electromovilidad-desde-hungria\/#primaryimage"},"image":{"@id":"https:\/\/autofans.com.ar\/index.php\/2023\/11\/22\/audi-impulsa-la-electromovilidad-desde-hungria\/#primaryimage"},"thumbnailUrl":"https:\/\/autofans.com.ar\/wp-content\/uploads\/2023\/11\/audi-1.jpg","datePublished":"2023-11-22T14:00:17+00:00","author":{"@id":"https:\/\/autofans.com.ar\/#\/schema\/person\/4a8dda0b6df83ac3d6723e921274c2aa"},"description":"Audi marca un hito significativo en su camino hacia la electrificaci\u00f3n con el inicio de la fabricaci\u00f3n de motores el\u00e9ctricos...","breadcrumb":{"@id":"https:\/\/autofans.com.ar\/index.php\/2023\/11\/22\/audi-impulsa-la-electromovilidad-desde-hungria\/#breadcrumb"},"inLanguage":"es","potentialAction":[{"@type":"ReadAction","target":["https:\/\/autofans.com.ar\/index.php\/2023\/11\/22\/audi-impulsa-la-electromovilidad-desde-hungria\/"]}]},{"@type":"ImageObject","inLanguage":"es","@id":"https:\/\/autofans.com.ar\/index.php\/2023\/11\/22\/audi-impulsa-la-electromovilidad-desde-hungria\/#primaryimage","url":"https:\/\/autofans.com.ar\/wp-content\/uploads\/2023\/11\/audi-1.jpg","contentUrl":"https:\/\/autofans.com.ar\/wp-content\/uploads\/2023\/11\/audi-1.jpg","width":1000,"height":667,"caption":"audi"},{"@type":"BreadcrumbList","@id":"https:\/\/autofans.com.ar\/index.php\/2023\/11\/22\/audi-impulsa-la-electromovilidad-desde-hungria\/#breadcrumb","itemListElement":[{"@type":"ListItem","position":1,"name":"Inicio","item":"https:\/\/autofans.com.ar\/"},{"@type":"ListItem","position":2,"name":"Audi impulsa la electromovilidad desde Hungr\u00eda"}]},{"@type":"WebSite","@id":"https:\/\/autofans.com.ar\/#website","url":"https:\/\/autofans.com.ar\/","name":"","description":"El multimedio referente de la industria automotriz","potentialAction":[{"@type":"SearchAction","target":{"@type":"EntryPoint","urlTemplate":"https:\/\/autofans.com.ar\/?s={search_term_string}"},"query-input":{"@type":"PropertyValueSpecification","valueRequired":true,"valueName":"search_term_string"}}],"inLanguage":"es"},{"@type":"Person","@id":"https:\/\/autofans.com.ar\/#\/schema\/person\/4a8dda0b6df83ac3d6723e921274c2aa","name":"Alejandro Gabriel Rosito","image":{"@type":"ImageObject","inLanguage":"es","@id":"https:\/\/secure.gravatar.com\/avatar\/16c5dda1489adfc62618084dcbb91cffd879c374b13fe5dd8e44ed6733852c88?s=96&d=mm&r=g","url":"https:\/\/secure.gravatar.com\/avatar\/16c5dda1489adfc62618084dcbb91cffd879c374b13fe5dd8e44ed6733852c88?s=96&d=mm&r=g","contentUrl":"https:\/\/secure.gravatar.com\/avatar\/16c5dda1489adfc62618084dcbb91cffd879c374b13fe5dd8e44ed6733852c88?s=96&d=mm&r=g","caption":"Alejandro Gabriel Rosito"},"url":"https:\/\/autofans.com.ar\/index.php\/author\/gabrielr\/"}]}},"featured_image_urls":{"full":["https:\/\/autofans.com.ar\/wp-content\/uploads\/2023\/11\/audi-1.jpg",1000,667,false],"thumbnail":["https:\/\/autofans.com.ar\/wp-content\/uploads\/2023\/11\/audi-1-150x150.jpg",150,150,true],"medium":["https:\/\/autofans.com.ar\/wp-content\/uploads\/2023\/11\/audi-1-300x200.jpg",300,200,true],"medium_large":["https:\/\/autofans.com.ar\/wp-content\/uploads\/2023\/11\/audi-1-768x512.jpg",640,427,true],"large":["https:\/\/autofans.com.ar\/wp-content\/uploads\/2023\/11\/audi-1.jpg",640,427,false],"1536x1536":["https:\/\/autofans.com.ar\/wp-content\/uploads\/2023\/11\/audi-1.jpg",1000,667,false],"2048x2048":["https:\/\/autofans.com.ar\/wp-content\/uploads\/2023\/11\/audi-1.jpg",1000,667,false],"covernews-featured":["https:\/\/autofans.com.ar\/wp-content\/uploads\/2023\/11\/audi-1.jpg",1000,667,false],"covernews-medium":["https:\/\/autofans.com.ar\/wp-content\/uploads\/2023\/11\/audi-1-540x340.jpg",540,340,true]},"author_info":{"display_name":"Alejandro Gabriel Rosito","author_link":"https:\/\/autofans.com.ar\/index.php\/author\/gabrielr\/"},"category_info":"<a href=\"https:\/\/autofans.com.ar\/index.php\/category\/noticias\/hibridos-y-electricos\/\" rel=\"category tag\">HIBRIDOS, ELECTRICOS y otros<\/a> <a href=\"https:\/\/autofans.com.ar\/index.php\/category\/noticias\/\" rel=\"category tag\">NOTICIAS<\/a>","tag_info":"NOTICIAS","comment_count":0,"_links":{"self":[{"href":"https:\/\/autofans.com.ar\/index.php\/wp-json\/wp\/v2\/posts\/5834","targetHints":{"allow":["GET"]}}],"collection":[{"href":"https:\/\/autofans.com.ar\/index.php\/wp-json\/wp\/v2\/posts"}],"about":[{"href":"https:\/\/autofans.com.ar\/index.php\/wp-json\/wp\/v2\/types\/post"}],"author":[{"embeddable":true,"href":"https:\/\/autofans.com.ar\/index.php\/wp-json\/wp\/v2\/users\/2"}],"replies":[{"embeddable":true,"href":"https:\/\/autofans.com.ar\/index.php\/wp-json\/wp\/v2\/comments?post=5834"}],"version-history":[{"count":1,"href":"https:\/\/autofans.com.ar\/index.php\/wp-json\/wp\/v2\/posts\/5834\/revisions"}],"predecessor-version":[{"id":5838,"href":"https:\/\/autofans.com.ar\/index.php\/wp-json\/wp\/v2\/posts\/5834\/revisions\/5838"}],"wp:featuredmedia":[{"embeddable":true,"href":"https:\/\/autofans.com.ar\/index.php\/wp-json\/wp\/v2\/media\/5837"}],"wp:attachment":[{"href":"https:\/\/autofans.com.ar\/index.php\/wp-json\/wp\/v2\/media?parent=5834"}],"wp:term":[{"taxonomy":"category","embeddable":true,"href":"https:\/\/autofans.com.ar\/index.php\/wp-json\/wp\/v2\/categories?post=5834"},{"taxonomy":"post_tag","embeddable":true,"href":"https:\/\/autofans.com.ar\/index.php\/wp-json\/wp\/v2\/tags?post=5834"}],"curies":[{"name":"wp","href":"https:\/\/api.w.org\/{rel}","templated":true}]}}