{"id":5839,"date":"2023-11-22T19:00:38","date_gmt":"2023-11-22T22:00:38","guid":{"rendered":"https:\/\/autofans.com.ar\/?p=5839"},"modified":"2023-11-22T10:43:38","modified_gmt":"2023-11-22T13:43:38","slug":"jeep-y-ram-acompanan-el-130-abierto-argentino-de-polo","status":"publish","type":"post","link":"https:\/\/autofans.com.ar\/index.php\/2023\/11\/22\/jeep-y-ram-acompanan-el-130-abierto-argentino-de-polo\/","title":{"rendered":"Jeep y RAM acompa\u00f1an el 130\u00b0 abierto Argentino de Polo"},"content":{"rendered":"<p>Este a\u00f1o, las marcas Jeep y RAM, pertenecientes a Stellantis, refuerzan su compromiso con el deporte al asociarse con el 130\u00b0 Abierto Argentino de Polo de Palermo. Esta alianza no solo resalta la trayectoria en el mundo del automovilismo, sino que tambi\u00e9n establece una presencia constante en uno de los torneos de polo m\u00e1s destacados del mundo.<\/p>\n<p>&nbsp;<\/p>\n<h2>Jeep y RAM &#8211; potencia extrema en el abierto de Palermo<\/h2>\n<p>Las estrellas de esta asociaci\u00f3n son la RAM 1500 en su versi\u00f3n Rebel y los imponentes modelos Jeep Wrangler y Gladiator. Estos veh\u00edculos emblem\u00e1ticos no solo forman parte del paisaje al ingresar al Abierto de Palermo, sino que tambi\u00e9n acompa\u00f1an la esencia de este deporte en la presentaci\u00f3n de los equipos y en la ansiada Copa Jeep programada para el 25 de noviembre en la Cancha 1.<\/p>\n<p>&nbsp;<\/p>\n<p><img fetchpriority=\"high\" decoding=\"async\" class=\"aligncenter wp-image-5843 size-full\" src=\"https:\/\/autofans.com.ar\/wp-content\/uploads\/2023\/11\/polo-2.jpg\" alt=\"Jeep y RAM\" width=\"1000\" height=\"667\" srcset=\"https:\/\/autofans.com.ar\/wp-content\/uploads\/2023\/11\/polo-2.jpg 1000w, https:\/\/autofans.com.ar\/wp-content\/uploads\/2023\/11\/polo-2-300x200.jpg 300w, https:\/\/autofans.com.ar\/wp-content\/uploads\/2023\/11\/polo-2-768x512.jpg 768w\" sizes=\"(max-width: 1000px) 100vw, 1000px\" \/><\/p>\n<p>&nbsp;<\/p>\n<p>La RAM 1500 Rebel, una verdadera muscle truck premium, incorpora el legendario motor HEMI de 5.7 litros, generando una potencia impresionante de 395 CV y 55 Nm de Torque. Estas cifras permiten a la 1500 Rebel acelerar de 0 a 100 km\/h en tan solo 6.4 segundos, destac\u00e1ndose a\u00fan m\u00e1s por su robustez como una pick-up full size de casi 6 metros de largo y casi 2.3 toneladas de peso.<\/p>\n<p>&nbsp;<\/p>\n<h2>Poder todoterreno en la historia de Jeep<\/h2>\n<p>Por otro lado, el Jeep Gladiator Rubicon se alza como la pickup con mayores capacidades en la historia de Jeep. Equipado con caracter\u00edsticas impresionantes, como los diferenciales delanteros y traseros con bloqueo mec\u00e1nico Tru-Lock, amortiguadores FOX, y la avanzada c\u00e1mara delantera Off-Road TrailCam, este veh\u00edculo cuenta con el potente motor 3.6L V6 Pentastar acoplado a una caja autom\u00e1tica de 8 velocidades.<\/p>\n<p>&nbsp;<\/p>\n<p><img decoding=\"async\" class=\"aligncenter wp-image-5840 size-full\" src=\"https:\/\/autofans.com.ar\/wp-content\/uploads\/2023\/11\/polo-5.jpg\" alt=\"Jeep y RAM\" width=\"1000\" height=\"667\" srcset=\"https:\/\/autofans.com.ar\/wp-content\/uploads\/2023\/11\/polo-5.jpg 1000w, https:\/\/autofans.com.ar\/wp-content\/uploads\/2023\/11\/polo-5-300x200.jpg 300w, https:\/\/autofans.com.ar\/wp-content\/uploads\/2023\/11\/polo-5-768x512.jpg 768w\" sizes=\"(max-width: 1000px) 100vw, 1000px\" \/><\/p>\n<p>&nbsp;<\/p>\n<p>Esta alianza entre Stellantis, Jeep y RAM, no solo se traduce en la presencia f\u00edsica de estos veh\u00edculos en el Abierto de Palermo, sino que tambi\u00e9n refleja el compromiso de las marcas con el deporte y su apoyo constante a eventos de prestigio.<\/p>\n<p>&nbsp;<\/p>\n<p>&nbsp;<\/p>\n<p><i>Para enterarte de m\u00e1s novedades, no dejes de leer\u00a0<\/i><a href=\"https:\/\/autofans.thebrandsoup.com\/\"><i>nuestras notas<\/i><\/a><i>, de ver<\/i><b><i>\u00a0<\/i><\/b><a href=\"https:\/\/www.youtube.com\/channel\/UCgAC8UGHZYbT6P7PpmVnP7g\"><b><i>AUTOFANS TV<\/i><\/b><\/a><b><i>\u00a0<\/i><\/b><i>en nuestro\u00a0canal de Youtube. Adem\u00e1s seguinos en\u00a0<\/i><a href=\"https:\/\/www.instagram.com\/autofanstv\/\"><i>INSTAGRAM<\/i><\/a><i> y <\/i><a href=\"https:\/\/www.facebook.com\/autofansmas\/\"><i>FACEBOOK<\/i><\/a><i> para no perderte nada sobre las novedades del segmento automotor de Argentina y el mundo.<\/i><\/p>\n","protected":false},"excerpt":{"rendered":"<p>Este a\u00f1o, las marcas Jeep y RAM, pertenecientes a Stellantis, refuerzan su compromiso con el&#8230;<\/p>\n","protected":false},"author":2,"featured_media":5844,"comment_status":"closed","ping_status":"closed","sticky":false,"template":"","format":"standard","meta":{"footnotes":""},"categories":[6,16],"tags":[2996,3000,2997,2999,1246,2425,2608,37,2998],"class_list":["post-5839","post","type-post","status-publish","format-standard","has-post-thumbnail","hentry","category-bizstyle","category-noticias","tag-abierto-argentino-de-polo","tag-automovilismo-en-argentina","tag-deportes-y-automoviles","tag-eventos-deportivos","tag-jeep-gladiator","tag-jeep-wrangler","tag-ram-1500-rebel","tag-stellantis","tag-torneo-de-polo"],"yoast_head":"<!-- This site is optimized with the Yoast SEO plugin v27.5 - https:\/\/yoast.com\/product\/yoast-seo-wordpress\/ -->\n<title>Jeep y RAM acompa\u00f1an el 130\u00b0 abierto Argentino de Polo -<\/title>\n<meta name=\"description\" content=\"Las marcas Jeep y RAM, pertenecientes a Stellantis, refuerzan su compromiso con el deporte al asociarse con el 130\u00b0 Abierto Argentino de Polo\" \/>\n<meta name=\"robots\" content=\"index, follow, max-snippet:-1, max-image-preview:large, max-video-preview:-1\" \/>\n<link rel=\"canonical\" href=\"https:\/\/autofans.com.ar\/index.php\/2023\/11\/22\/jeep-y-ram-acompanan-el-130-abierto-argentino-de-polo\/\" \/>\n<meta property=\"og:locale\" content=\"es_ES\" \/>\n<meta property=\"og:type\" content=\"article\" \/>\n<meta property=\"og:title\" content=\"Jeep y RAM acompa\u00f1an el 130\u00b0 abierto Argentino de Polo -\" \/>\n<meta property=\"og:description\" content=\"Las marcas Jeep y RAM, pertenecientes a Stellantis, refuerzan su compromiso con el deporte al asociarse con el 130\u00b0 Abierto Argentino de Polo\" \/>\n<meta property=\"og:url\" content=\"https:\/\/autofans.com.ar\/index.php\/2023\/11\/22\/jeep-y-ram-acompanan-el-130-abierto-argentino-de-polo\/\" \/>\n<meta property=\"article:published_time\" content=\"2023-11-22T22:00:38+00:00\" \/>\n<meta property=\"og:image\" content=\"https:\/\/autofans.com.ar\/wp-content\/uploads\/2023\/11\/polo-1.jpg\" \/>\n\t<meta property=\"og:image:width\" content=\"1000\" \/>\n\t<meta property=\"og:image:height\" content=\"667\" \/>\n\t<meta property=\"og:image:type\" content=\"image\/jpeg\" \/>\n<meta name=\"author\" content=\"Alejandro Gabriel Rosito\" \/>\n<meta name=\"twitter:card\" content=\"summary_large_image\" \/>\n<meta name=\"twitter:label1\" content=\"Escrito por\" \/>\n\t<meta name=\"twitter:data1\" content=\"Alejandro Gabriel Rosito\" \/>\n\t<meta name=\"twitter:label2\" content=\"Tiempo de lectura\" \/>\n\t<meta name=\"twitter:data2\" content=\"3 minutos\" \/>\n<script type=\"application\/ld+json\" class=\"yoast-schema-graph\">{\"@context\":\"https:\\\/\\\/schema.org\",\"@graph\":[{\"@type\":\"Article\",\"@id\":\"https:\\\/\\\/autofans.com.ar\\\/index.php\\\/2023\\\/11\\\/22\\\/jeep-y-ram-acompanan-el-130-abierto-argentino-de-polo\\\/#article\",\"isPartOf\":{\"@id\":\"https:\\\/\\\/autofans.com.ar\\\/index.php\\\/2023\\\/11\\\/22\\\/jeep-y-ram-acompanan-el-130-abierto-argentino-de-polo\\\/\"},\"author\":{\"name\":\"Alejandro Gabriel Rosito\",\"@id\":\"https:\\\/\\\/autofans.com.ar\\\/#\\\/schema\\\/person\\\/4a8dda0b6df83ac3d6723e921274c2aa\"},\"headline\":\"Jeep y RAM acompa\u00f1an el 130\u00b0 abierto Argentino de Polo\",\"datePublished\":\"2023-11-22T22:00:38+00:00\",\"mainEntityOfPage\":{\"@id\":\"https:\\\/\\\/autofans.com.ar\\\/index.php\\\/2023\\\/11\\\/22\\\/jeep-y-ram-acompanan-el-130-abierto-argentino-de-polo\\\/\"},\"wordCount\":384,\"image\":{\"@id\":\"https:\\\/\\\/autofans.com.ar\\\/index.php\\\/2023\\\/11\\\/22\\\/jeep-y-ram-acompanan-el-130-abierto-argentino-de-polo\\\/#primaryimage\"},\"thumbnailUrl\":\"https:\\\/\\\/autofans.com.ar\\\/wp-content\\\/uploads\\\/2023\\\/11\\\/polo-1.jpg\",\"keywords\":[\"Abierto Argentino de Polo\",\"Automovilismo en Argentina\",\"Deportes y Autom\u00f3viles\",\"Eventos Deportivos\",\"Jeep Gladiator\",\"Jeep Wrangler\",\"RAM 1500 Rebel\",\"Stellantis\",\"Torneo de Polo\"],\"articleSection\":[\"BIZSTYLE\",\"NOTICIAS\"],\"inLanguage\":\"es\"},{\"@type\":\"WebPage\",\"@id\":\"https:\\\/\\\/autofans.com.ar\\\/index.php\\\/2023\\\/11\\\/22\\\/jeep-y-ram-acompanan-el-130-abierto-argentino-de-polo\\\/\",\"url\":\"https:\\\/\\\/autofans.com.ar\\\/index.php\\\/2023\\\/11\\\/22\\\/jeep-y-ram-acompanan-el-130-abierto-argentino-de-polo\\\/\",\"name\":\"Jeep y RAM acompa\u00f1an el 130\u00b0 abierto Argentino de Polo -\",\"isPartOf\":{\"@id\":\"https:\\\/\\\/autofans.com.ar\\\/#website\"},\"primaryImageOfPage\":{\"@id\":\"https:\\\/\\\/autofans.com.ar\\\/index.php\\\/2023\\\/11\\\/22\\\/jeep-y-ram-acompanan-el-130-abierto-argentino-de-polo\\\/#primaryimage\"},\"image\":{\"@id\":\"https:\\\/\\\/autofans.com.ar\\\/index.php\\\/2023\\\/11\\\/22\\\/jeep-y-ram-acompanan-el-130-abierto-argentino-de-polo\\\/#primaryimage\"},\"thumbnailUrl\":\"https:\\\/\\\/autofans.com.ar\\\/wp-content\\\/uploads\\\/2023\\\/11\\\/polo-1.jpg\",\"datePublished\":\"2023-11-22T22:00:38+00:00\",\"author\":{\"@id\":\"https:\\\/\\\/autofans.com.ar\\\/#\\\/schema\\\/person\\\/4a8dda0b6df83ac3d6723e921274c2aa\"},\"description\":\"Las marcas Jeep y RAM, pertenecientes a Stellantis, refuerzan su compromiso con el deporte al asociarse con el 130\u00b0 Abierto Argentino de Polo\",\"breadcrumb\":{\"@id\":\"https:\\\/\\\/autofans.com.ar\\\/index.php\\\/2023\\\/11\\\/22\\\/jeep-y-ram-acompanan-el-130-abierto-argentino-de-polo\\\/#breadcrumb\"},\"inLanguage\":\"es\",\"potentialAction\":[{\"@type\":\"ReadAction\",\"target\":[\"https:\\\/\\\/autofans.com.ar\\\/index.php\\\/2023\\\/11\\\/22\\\/jeep-y-ram-acompanan-el-130-abierto-argentino-de-polo\\\/\"]}]},{\"@type\":\"ImageObject\",\"inLanguage\":\"es\",\"@id\":\"https:\\\/\\\/autofans.com.ar\\\/index.php\\\/2023\\\/11\\\/22\\\/jeep-y-ram-acompanan-el-130-abierto-argentino-de-polo\\\/#primaryimage\",\"url\":\"https:\\\/\\\/autofans.com.ar\\\/wp-content\\\/uploads\\\/2023\\\/11\\\/polo-1.jpg\",\"contentUrl\":\"https:\\\/\\\/autofans.com.ar\\\/wp-content\\\/uploads\\\/2023\\\/11\\\/polo-1.jpg\",\"width\":1000,\"height\":667,\"caption\":\"Jeep y RAM\"},{\"@type\":\"BreadcrumbList\",\"@id\":\"https:\\\/\\\/autofans.com.ar\\\/index.php\\\/2023\\\/11\\\/22\\\/jeep-y-ram-acompanan-el-130-abierto-argentino-de-polo\\\/#breadcrumb\",\"itemListElement\":[{\"@type\":\"ListItem\",\"position\":1,\"name\":\"Inicio\",\"item\":\"https:\\\/\\\/autofans.com.ar\\\/\"},{\"@type\":\"ListItem\",\"position\":2,\"name\":\"Jeep y RAM acompa\u00f1an el 130\u00b0 abierto Argentino de Polo\"}]},{\"@type\":\"WebSite\",\"@id\":\"https:\\\/\\\/autofans.com.ar\\\/#website\",\"url\":\"https:\\\/\\\/autofans.com.ar\\\/\",\"name\":\"\",\"description\":\"El multimedio referente de la industria automotriz\",\"potentialAction\":[{\"@type\":\"SearchAction\",\"target\":{\"@type\":\"EntryPoint\",\"urlTemplate\":\"https:\\\/\\\/autofans.com.ar\\\/?s={search_term_string}\"},\"query-input\":{\"@type\":\"PropertyValueSpecification\",\"valueRequired\":true,\"valueName\":\"search_term_string\"}}],\"inLanguage\":\"es\"},{\"@type\":\"Person\",\"@id\":\"https:\\\/\\\/autofans.com.ar\\\/#\\\/schema\\\/person\\\/4a8dda0b6df83ac3d6723e921274c2aa\",\"name\":\"Alejandro Gabriel Rosito\",\"image\":{\"@type\":\"ImageObject\",\"inLanguage\":\"es\",\"@id\":\"https:\\\/\\\/secure.gravatar.com\\\/avatar\\\/16c5dda1489adfc62618084dcbb91cffd879c374b13fe5dd8e44ed6733852c88?s=96&d=mm&r=g\",\"url\":\"https:\\\/\\\/secure.gravatar.com\\\/avatar\\\/16c5dda1489adfc62618084dcbb91cffd879c374b13fe5dd8e44ed6733852c88?s=96&d=mm&r=g\",\"contentUrl\":\"https:\\\/\\\/secure.gravatar.com\\\/avatar\\\/16c5dda1489adfc62618084dcbb91cffd879c374b13fe5dd8e44ed6733852c88?s=96&d=mm&r=g\",\"caption\":\"Alejandro Gabriel Rosito\"},\"url\":\"https:\\\/\\\/autofans.com.ar\\\/index.php\\\/author\\\/gabrielr\\\/\"}]}<\/script>\n<!-- \/ Yoast SEO plugin. -->","yoast_head_json":{"title":"Jeep y RAM acompa\u00f1an el 130\u00b0 abierto Argentino de Polo -","description":"Las marcas Jeep y RAM, pertenecientes a Stellantis, refuerzan su compromiso con el deporte al asociarse con el 130\u00b0 Abierto Argentino de Polo","robots":{"index":"index","follow":"follow","max-snippet":"max-snippet:-1","max-image-preview":"max-image-preview:large","max-video-preview":"max-video-preview:-1"},"canonical":"https:\/\/autofans.com.ar\/index.php\/2023\/11\/22\/jeep-y-ram-acompanan-el-130-abierto-argentino-de-polo\/","og_locale":"es_ES","og_type":"article","og_title":"Jeep y RAM acompa\u00f1an el 130\u00b0 abierto Argentino de Polo -","og_description":"Las marcas Jeep y RAM, pertenecientes a Stellantis, refuerzan su compromiso con el deporte al asociarse con el 130\u00b0 Abierto Argentino de Polo","og_url":"https:\/\/autofans.com.ar\/index.php\/2023\/11\/22\/jeep-y-ram-acompanan-el-130-abierto-argentino-de-polo\/","article_published_time":"2023-11-22T22:00:38+00:00","og_image":[{"width":1000,"height":667,"url":"https:\/\/autofans.com.ar\/wp-content\/uploads\/2023\/11\/polo-1.jpg","type":"image\/jpeg"}],"author":"Alejandro Gabriel Rosito","twitter_card":"summary_large_image","twitter_misc":{"Escrito por":"Alejandro Gabriel Rosito","Tiempo de lectura":"3 minutos"},"schema":{"@context":"https:\/\/schema.org","@graph":[{"@type":"Article","@id":"https:\/\/autofans.com.ar\/index.php\/2023\/11\/22\/jeep-y-ram-acompanan-el-130-abierto-argentino-de-polo\/#article","isPartOf":{"@id":"https:\/\/autofans.com.ar\/index.php\/2023\/11\/22\/jeep-y-ram-acompanan-el-130-abierto-argentino-de-polo\/"},"author":{"name":"Alejandro Gabriel Rosito","@id":"https:\/\/autofans.com.ar\/#\/schema\/person\/4a8dda0b6df83ac3d6723e921274c2aa"},"headline":"Jeep y RAM acompa\u00f1an el 130\u00b0 abierto Argentino de Polo","datePublished":"2023-11-22T22:00:38+00:00","mainEntityOfPage":{"@id":"https:\/\/autofans.com.ar\/index.php\/2023\/11\/22\/jeep-y-ram-acompanan-el-130-abierto-argentino-de-polo\/"},"wordCount":384,"image":{"@id":"https:\/\/autofans.com.ar\/index.php\/2023\/11\/22\/jeep-y-ram-acompanan-el-130-abierto-argentino-de-polo\/#primaryimage"},"thumbnailUrl":"https:\/\/autofans.com.ar\/wp-content\/uploads\/2023\/11\/polo-1.jpg","keywords":["Abierto Argentino de Polo","Automovilismo en Argentina","Deportes y Autom\u00f3viles","Eventos Deportivos","Jeep Gladiator","Jeep Wrangler","RAM 1500 Rebel","Stellantis","Torneo de Polo"],"articleSection":["BIZSTYLE","NOTICIAS"],"inLanguage":"es"},{"@type":"WebPage","@id":"https:\/\/autofans.com.ar\/index.php\/2023\/11\/22\/jeep-y-ram-acompanan-el-130-abierto-argentino-de-polo\/","url":"https:\/\/autofans.com.ar\/index.php\/2023\/11\/22\/jeep-y-ram-acompanan-el-130-abierto-argentino-de-polo\/","name":"Jeep y RAM acompa\u00f1an el 130\u00b0 abierto Argentino de Polo -","isPartOf":{"@id":"https:\/\/autofans.com.ar\/#website"},"primaryImageOfPage":{"@id":"https:\/\/autofans.com.ar\/index.php\/2023\/11\/22\/jeep-y-ram-acompanan-el-130-abierto-argentino-de-polo\/#primaryimage"},"image":{"@id":"https:\/\/autofans.com.ar\/index.php\/2023\/11\/22\/jeep-y-ram-acompanan-el-130-abierto-argentino-de-polo\/#primaryimage"},"thumbnailUrl":"https:\/\/autofans.com.ar\/wp-content\/uploads\/2023\/11\/polo-1.jpg","datePublished":"2023-11-22T22:00:38+00:00","author":{"@id":"https:\/\/autofans.com.ar\/#\/schema\/person\/4a8dda0b6df83ac3d6723e921274c2aa"},"description":"Las marcas Jeep y RAM, pertenecientes a Stellantis, refuerzan su compromiso con el deporte al asociarse con el 130\u00b0 Abierto Argentino de Polo","breadcrumb":{"@id":"https:\/\/autofans.com.ar\/index.php\/2023\/11\/22\/jeep-y-ram-acompanan-el-130-abierto-argentino-de-polo\/#breadcrumb"},"inLanguage":"es","potentialAction":[{"@type":"ReadAction","target":["https:\/\/autofans.com.ar\/index.php\/2023\/11\/22\/jeep-y-ram-acompanan-el-130-abierto-argentino-de-polo\/"]}]},{"@type":"ImageObject","inLanguage":"es","@id":"https:\/\/autofans.com.ar\/index.php\/2023\/11\/22\/jeep-y-ram-acompanan-el-130-abierto-argentino-de-polo\/#primaryimage","url":"https:\/\/autofans.com.ar\/wp-content\/uploads\/2023\/11\/polo-1.jpg","contentUrl":"https:\/\/autofans.com.ar\/wp-content\/uploads\/2023\/11\/polo-1.jpg","width":1000,"height":667,"caption":"Jeep y RAM"},{"@type":"BreadcrumbList","@id":"https:\/\/autofans.com.ar\/index.php\/2023\/11\/22\/jeep-y-ram-acompanan-el-130-abierto-argentino-de-polo\/#breadcrumb","itemListElement":[{"@type":"ListItem","position":1,"name":"Inicio","item":"https:\/\/autofans.com.ar\/"},{"@type":"ListItem","position":2,"name":"Jeep y RAM acompa\u00f1an el 130\u00b0 abierto Argentino de Polo"}]},{"@type":"WebSite","@id":"https:\/\/autofans.com.ar\/#website","url":"https:\/\/autofans.com.ar\/","name":"","description":"El multimedio referente de la industria automotriz","potentialAction":[{"@type":"SearchAction","target":{"@type":"EntryPoint","urlTemplate":"https:\/\/autofans.com.ar\/?s={search_term_string}"},"query-input":{"@type":"PropertyValueSpecification","valueRequired":true,"valueName":"search_term_string"}}],"inLanguage":"es"},{"@type":"Person","@id":"https:\/\/autofans.com.ar\/#\/schema\/person\/4a8dda0b6df83ac3d6723e921274c2aa","name":"Alejandro Gabriel Rosito","image":{"@type":"ImageObject","inLanguage":"es","@id":"https:\/\/secure.gravatar.com\/avatar\/16c5dda1489adfc62618084dcbb91cffd879c374b13fe5dd8e44ed6733852c88?s=96&d=mm&r=g","url":"https:\/\/secure.gravatar.com\/avatar\/16c5dda1489adfc62618084dcbb91cffd879c374b13fe5dd8e44ed6733852c88?s=96&d=mm&r=g","contentUrl":"https:\/\/secure.gravatar.com\/avatar\/16c5dda1489adfc62618084dcbb91cffd879c374b13fe5dd8e44ed6733852c88?s=96&d=mm&r=g","caption":"Alejandro Gabriel Rosito"},"url":"https:\/\/autofans.com.ar\/index.php\/author\/gabrielr\/"}]}},"featured_image_urls":{"full":["https:\/\/autofans.com.ar\/wp-content\/uploads\/2023\/11\/polo-1.jpg",1000,667,false],"thumbnail":["https:\/\/autofans.com.ar\/wp-content\/uploads\/2023\/11\/polo-1-150x150.jpg",150,150,true],"medium":["https:\/\/autofans.com.ar\/wp-content\/uploads\/2023\/11\/polo-1-300x200.jpg",300,200,true],"medium_large":["https:\/\/autofans.com.ar\/wp-content\/uploads\/2023\/11\/polo-1-768x512.jpg",640,427,true],"large":["https:\/\/autofans.com.ar\/wp-content\/uploads\/2023\/11\/polo-1.jpg",640,427,false],"1536x1536":["https:\/\/autofans.com.ar\/wp-content\/uploads\/2023\/11\/polo-1.jpg",1000,667,false],"2048x2048":["https:\/\/autofans.com.ar\/wp-content\/uploads\/2023\/11\/polo-1.jpg",1000,667,false],"covernews-featured":["https:\/\/autofans.com.ar\/wp-content\/uploads\/2023\/11\/polo-1.jpg",1000,667,false],"covernews-medium":["https:\/\/autofans.com.ar\/wp-content\/uploads\/2023\/11\/polo-1-540x340.jpg",540,340,true]},"author_info":{"display_name":"Alejandro Gabriel Rosito","author_link":"https:\/\/autofans.com.ar\/index.php\/author\/gabrielr\/"},"category_info":"<a href=\"https:\/\/autofans.com.ar\/index.php\/category\/noticias\/bizstyle\/\" rel=\"category tag\">BIZSTYLE<\/a> <a href=\"https:\/\/autofans.com.ar\/index.php\/category\/noticias\/\" rel=\"category tag\">NOTICIAS<\/a>","tag_info":"NOTICIAS","comment_count":0,"_links":{"self":[{"href":"https:\/\/autofans.com.ar\/index.php\/wp-json\/wp\/v2\/posts\/5839","targetHints":{"allow":["GET"]}}],"collection":[{"href":"https:\/\/autofans.com.ar\/index.php\/wp-json\/wp\/v2\/posts"}],"about":[{"href":"https:\/\/autofans.com.ar\/index.php\/wp-json\/wp\/v2\/types\/post"}],"author":[{"embeddable":true,"href":"https:\/\/autofans.com.ar\/index.php\/wp-json\/wp\/v2\/users\/2"}],"replies":[{"embeddable":true,"href":"https:\/\/autofans.com.ar\/index.php\/wp-json\/wp\/v2\/comments?post=5839"}],"version-history":[{"count":1,"href":"https:\/\/autofans.com.ar\/index.php\/wp-json\/wp\/v2\/posts\/5839\/revisions"}],"predecessor-version":[{"id":5845,"href":"https:\/\/autofans.com.ar\/index.php\/wp-json\/wp\/v2\/posts\/5839\/revisions\/5845"}],"wp:featuredmedia":[{"embeddable":true,"href":"https:\/\/autofans.com.ar\/index.php\/wp-json\/wp\/v2\/media\/5844"}],"wp:attachment":[{"href":"https:\/\/autofans.com.ar\/index.php\/wp-json\/wp\/v2\/media?parent=5839"}],"wp:term":[{"taxonomy":"category","embeddable":true,"href":"https:\/\/autofans.com.ar\/index.php\/wp-json\/wp\/v2\/categories?post=5839"},{"taxonomy":"post_tag","embeddable":true,"href":"https:\/\/autofans.com.ar\/index.php\/wp-json\/wp\/v2\/tags?post=5839"}],"curies":[{"name":"wp","href":"https:\/\/api.w.org\/{rel}","templated":true}]}}