{"id":5878,"date":"2023-11-24T17:17:41","date_gmt":"2023-11-24T20:17:41","guid":{"rendered":"https:\/\/autofans.com.ar\/?p=5878"},"modified":"2023-11-24T17:17:41","modified_gmt":"2023-11-24T20:17:41","slug":"audi-rs-q-e-tron-ultima-prueba-rumbo-al-dakar-2024","status":"publish","type":"post","link":"https:\/\/autofans.com.ar\/index.php\/2023\/11\/24\/audi-rs-q-e-tron-ultima-prueba-rumbo-al-dakar-2024\/","title":{"rendered":"Audi RS Q e-tron &#8211; \u00faltima prueba rumbo al Dakar 2024"},"content":{"rendered":"<p>El equipo Audi Sport ha completado la \u00faltima prueba crucial antes del Rally Dakar 2024 al poner a prueba el Audi RS Q e-tron en el sur de Francia. Los tres equipos de pilotos, compuestos por Mattias Ekstr\u00f6m \/ Emil Bergkvist, St\u00e9phane Peterhansel \/ Edouard Boulanger y Carlos Sainz \/ Lucas Cruz, desempe\u00f1aron un papel esencial en la puesta a punto final del veh\u00edculo.<\/p>\n<p>&nbsp;<\/p>\n<blockquote>\n<p style=\"text-align: center;\">\u00abde esta manera, hemos cumplido con nuestras tareas de desarrollo y ahora nos estamos concentrando en el trabajo log\u00edstico restante antes de enero\u00bb, declar\u00f3\u00a0Rolf Michl, director de Audi Motorsport.<\/p>\n<p style=\"text-align: center;\">\u00abNos hemos preparado lo mejor posible, el Rally Dakar sigue siendo la tarea m\u00e1s ambiciosa y la m\u00e1s dif\u00edcil del calendario. Y lo abordamos con mucha responsabilidad. Un agradecimiento especial tambi\u00e9n a todo el equipo, as\u00ed como a nuestros pilotos y copilotos por el trabajo que han realizado hasta la fecha para este desaf\u00edo tan exigente\u00bb.<\/p>\n<\/blockquote>\n<p>&nbsp;<\/p>\n<p><img fetchpriority=\"high\" decoding=\"async\" class=\"aligncenter wp-image-5879 size-full\" src=\"https:\/\/autofans.com.ar\/wp-content\/uploads\/2023\/11\/audi-3-1.jpg\" alt=\"Audi RS Q e-tron\" width=\"1000\" height=\"667\" srcset=\"https:\/\/autofans.com.ar\/wp-content\/uploads\/2023\/11\/audi-3-1.jpg 1000w, https:\/\/autofans.com.ar\/wp-content\/uploads\/2023\/11\/audi-3-1-300x200.jpg 300w, https:\/\/autofans.com.ar\/wp-content\/uploads\/2023\/11\/audi-3-1-768x512.jpg 768w\" sizes=\"(max-width: 1000px) 100vw, 1000px\" \/><\/p>\n<p>&nbsp;<\/p>\n<p>Durante cinco intensos d\u00edas en Ch\u00e2teau de Lastours, los equipos de pilotos recorrieron m\u00e1s de 900 kil\u00f3metros, sometiendo al RS Q e-tron a diversas condiciones para garantizar su rendimiento \u00f3ptimo en el Rally Dakar. Bajo la direcci\u00f3n del Director T\u00e9cnico, Dr. Leonardo Pascali, los ingenieros se centraron en confirmar los est\u00e1ndares de calidad, centr\u00e1ndose especialmente en la resistencia de todos los componentes.<\/p>\n<p>&nbsp;<\/p>\n<blockquote>\n<p style=\"text-align: center;\">\u00abDesde el punto de vista log\u00edstico, este lugar era ideal para viajar y nos permit\u00eda tiempos de reacci\u00f3n cortos si necesit\u00e1bamos algo de Alemania\u00bb, resumi\u00f3 Pascali. \u00abHemos revisado todos los montajes y sistemas, tanto las piezas tomadas del modelo anterior como las de nuevo desarrollo. Se trataba de cumplir con los est\u00e1ndares de calidad especificados para todas las \u00e1reas\u00bb<\/p>\n<\/blockquote>\n<p>&nbsp;<\/p>\n<p>&nbsp;<\/p>\n<h2>Prueba de resistencia en Francia &#8211; RS Q e-tron preparado para el Dakar<\/h2>\n<p>El Audi RS Q e-tron destaca por su innovador tren motriz el\u00e9ctrico, equipado con una bater\u00eda de alto voltaje y un convertidor de energ\u00eda. Los componentes clave, incluido el sistema de bater\u00edas, fueron sometidos a rigurosas pruebas de resistencia en la costa mediterr\u00e1nea francesa, entre Narbona y Perpi\u00f1\u00e1n.<\/p>\n<p>&nbsp;<\/p>\n<p><img decoding=\"async\" class=\"aligncenter wp-image-5881 size-full\" src=\"https:\/\/autofans.com.ar\/wp-content\/uploads\/2023\/11\/audi-1-1.jpg\" alt=\"Audi RS Q e-tron\" width=\"1000\" height=\"667\" srcset=\"https:\/\/autofans.com.ar\/wp-content\/uploads\/2023\/11\/audi-1-1.jpg 1000w, https:\/\/autofans.com.ar\/wp-content\/uploads\/2023\/11\/audi-1-1-300x200.jpg 300w, https:\/\/autofans.com.ar\/wp-content\/uploads\/2023\/11\/audi-1-1-768x512.jpg 768w\" sizes=\"(max-width: 1000px) 100vw, 1000px\" \/><\/p>\n<p>&nbsp;<\/p>\n<p>Esta prueba final no solo sirvi\u00f3 para validar los est\u00e1ndares de calidad, sino tambi\u00e9n para confirmar la puesta a punto del RS Q e-tron para enfrentar los desaf\u00edos del Rally Dakar. Los pilotos, con su experiencia en diferentes terrenos a lo largo de la temporada, aseguraron que el veh\u00edculo est\u00e9 listo para afrontar cualquier obst\u00e1culo en la competici\u00f3n.<\/p>\n<p>&nbsp;<\/p>\n<blockquote>\n<p style=\"text-align: center;\">\u00abPudimos trabajar en todos los puntos necesarios de nuestra lista de verificaci\u00f3n\u00bb, dijo Sven Quandt, director del equipo Q Motorsport. \u00abNuestros pilotos e ingenieros han puesto a prueba los coches para el Rally Dakar. Carlos, Mattias y St\u00e9phane est\u00e1n felices. Incluso probaron algunas de las piezas de repuesto de sus unidades para que funcionaran con los componentes. Vamos al Rally Dakar con ilusi\u00f3n, pero tambi\u00e9n con tranquilidad. Todos han demostrado que son verdaderos jugadores de equipo. Abordan sus tareas con un prop\u00f3sito y de manera consistente. Esto aumenta nuestra confianza para el Rally Dakar 2024\u00bb.<\/p>\n<\/blockquote>\n<p>&nbsp;<\/p>\n<p>&nbsp;<\/p>\n<p><i>Para enterarte de m\u00e1s novedades, no dejes de leer\u00a0<\/i><a href=\"https:\/\/autofans.thebrandsoup.com\/\"><i>nuestras notas<\/i><\/a><i>, de ver<\/i><b><i>\u00a0<\/i><\/b><a href=\"https:\/\/www.youtube.com\/channel\/UCgAC8UGHZYbT6P7PpmVnP7g\"><b><i>AUTOFANS TV<\/i><\/b><\/a><b><i>\u00a0<\/i><\/b><i>en nuestro\u00a0canal de Youtube. Adem\u00e1s seguinos en\u00a0<\/i><a href=\"https:\/\/www.instagram.com\/autofanstv\/\"><i>INSTAGRAM<\/i><\/a><i> y <\/i><a href=\"https:\/\/www.facebook.com\/autofansmas\/\"><i>FACEBOOK<\/i><\/a><i> para no perderte nada sobre las novedades del segmento automotor de Argentina y el mundo.<\/i><\/p>\n","protected":false},"excerpt":{"rendered":"<p>El equipo Audi Sport ha completado la \u00faltima prueba crucial antes del Rally Dakar 2024&#8230;<\/p>\n","protected":false},"author":2,"featured_media":5880,"comment_status":"closed","ping_status":"closed","sticky":false,"template":"","format":"standard","meta":{"footnotes":""},"categories":[127,341,16],"tags":[3020,3022,380,3027,3023,3021,3024,3026,3025],"class_list":["post-5878","post","type-post","status-publish","format-standard","has-post-thumbnail","hentry","category-deporte","category-hibridos-y-electricos","category-noticias","tag-audi-rs-q-e-tron","tag-equipo-audi-sport","tag-innovacion-tecnologica","tag-preparacion-para-competicion","tag-prueba-final","tag-rally-dakar-2024","tag-resistencia-del-vehiculo","tag-test-de-resistencia","tag-tren-motriz-electrico"],"yoast_head":"<!-- This site is optimized with the Yoast SEO plugin v27.5 - https:\/\/yoast.com\/product\/yoast-seo-wordpress\/ -->\n<title>Audi RS Q e-tron - \u00faltima prueba rumbo al Dakar 2024 -<\/title>\n<meta name=\"description\" content=\"Audi Sport ha completado la \u00faltima prueba crucial antes del Rally Dakar 2024 al poner a prueba el Audi RS Q e-tron en el sur de Francia...\" \/>\n<meta name=\"robots\" content=\"index, follow, max-snippet:-1, max-image-preview:large, max-video-preview:-1\" \/>\n<link rel=\"canonical\" href=\"https:\/\/autofans.com.ar\/index.php\/2023\/11\/24\/audi-rs-q-e-tron-ultima-prueba-rumbo-al-dakar-2024\/\" \/>\n<meta property=\"og:locale\" content=\"es_ES\" \/>\n<meta property=\"og:type\" content=\"article\" \/>\n<meta property=\"og:title\" content=\"Audi RS Q e-tron - \u00faltima prueba rumbo al Dakar 2024 -\" \/>\n<meta property=\"og:description\" content=\"Audi Sport ha completado la \u00faltima prueba crucial antes del Rally Dakar 2024 al poner a prueba el Audi RS Q e-tron en el sur de Francia...\" \/>\n<meta property=\"og:url\" content=\"https:\/\/autofans.com.ar\/index.php\/2023\/11\/24\/audi-rs-q-e-tron-ultima-prueba-rumbo-al-dakar-2024\/\" \/>\n<meta property=\"article:published_time\" content=\"2023-11-24T20:17:41+00:00\" \/>\n<meta property=\"og:image\" content=\"https:\/\/autofans.com.ar\/wp-content\/uploads\/2023\/11\/audi-2-1.jpg\" \/>\n\t<meta property=\"og:image:width\" content=\"1000\" \/>\n\t<meta property=\"og:image:height\" content=\"667\" \/>\n\t<meta property=\"og:image:type\" content=\"image\/jpeg\" \/>\n<meta name=\"author\" content=\"Alejandro Gabriel Rosito\" \/>\n<meta name=\"twitter:card\" content=\"summary_large_image\" \/>\n<meta name=\"twitter:label1\" content=\"Escrito por\" \/>\n\t<meta name=\"twitter:data1\" content=\"Alejandro Gabriel Rosito\" \/>\n\t<meta name=\"twitter:label2\" content=\"Tiempo de lectura\" \/>\n\t<meta name=\"twitter:data2\" content=\"2 minutos\" \/>\n<script type=\"application\/ld+json\" class=\"yoast-schema-graph\">{\"@context\":\"https:\\\/\\\/schema.org\",\"@graph\":[{\"@type\":\"Article\",\"@id\":\"https:\\\/\\\/autofans.com.ar\\\/index.php\\\/2023\\\/11\\\/24\\\/audi-rs-q-e-tron-ultima-prueba-rumbo-al-dakar-2024\\\/#article\",\"isPartOf\":{\"@id\":\"https:\\\/\\\/autofans.com.ar\\\/index.php\\\/2023\\\/11\\\/24\\\/audi-rs-q-e-tron-ultima-prueba-rumbo-al-dakar-2024\\\/\"},\"author\":{\"name\":\"Alejandro Gabriel Rosito\",\"@id\":\"https:\\\/\\\/autofans.com.ar\\\/#\\\/schema\\\/person\\\/4a8dda0b6df83ac3d6723e921274c2aa\"},\"headline\":\"Audi RS Q e-tron &#8211; \u00faltima prueba rumbo al Dakar 2024\",\"datePublished\":\"2023-11-24T20:17:41+00:00\",\"mainEntityOfPage\":{\"@id\":\"https:\\\/\\\/autofans.com.ar\\\/index.php\\\/2023\\\/11\\\/24\\\/audi-rs-q-e-tron-ultima-prueba-rumbo-al-dakar-2024\\\/\"},\"wordCount\":584,\"image\":{\"@id\":\"https:\\\/\\\/autofans.com.ar\\\/index.php\\\/2023\\\/11\\\/24\\\/audi-rs-q-e-tron-ultima-prueba-rumbo-al-dakar-2024\\\/#primaryimage\"},\"thumbnailUrl\":\"https:\\\/\\\/autofans.com.ar\\\/wp-content\\\/uploads\\\/2023\\\/11\\\/audi-2-1.jpg\",\"keywords\":[\"Audi RS Q e-tron\",\"Equipo Audi Sport\",\"innovaci\u00f3n tecnol\u00f3gica\",\"Preparaci\u00f3n para Competici\u00f3n\",\"Prueba Final\",\"Rally Dakar 2024\",\"Resistencia del veh\u00edculo\",\"Test de Resistencia\",\"Tren Motriz El\u00e9ctrico\"],\"articleSection\":[\"DEPORTE MOTOR\",\"HIBRIDOS, ELECTRICOS y otros\",\"NOTICIAS\"],\"inLanguage\":\"es\"},{\"@type\":\"WebPage\",\"@id\":\"https:\\\/\\\/autofans.com.ar\\\/index.php\\\/2023\\\/11\\\/24\\\/audi-rs-q-e-tron-ultima-prueba-rumbo-al-dakar-2024\\\/\",\"url\":\"https:\\\/\\\/autofans.com.ar\\\/index.php\\\/2023\\\/11\\\/24\\\/audi-rs-q-e-tron-ultima-prueba-rumbo-al-dakar-2024\\\/\",\"name\":\"Audi RS Q e-tron - \u00faltima prueba rumbo al Dakar 2024 -\",\"isPartOf\":{\"@id\":\"https:\\\/\\\/autofans.com.ar\\\/#website\"},\"primaryImageOfPage\":{\"@id\":\"https:\\\/\\\/autofans.com.ar\\\/index.php\\\/2023\\\/11\\\/24\\\/audi-rs-q-e-tron-ultima-prueba-rumbo-al-dakar-2024\\\/#primaryimage\"},\"image\":{\"@id\":\"https:\\\/\\\/autofans.com.ar\\\/index.php\\\/2023\\\/11\\\/24\\\/audi-rs-q-e-tron-ultima-prueba-rumbo-al-dakar-2024\\\/#primaryimage\"},\"thumbnailUrl\":\"https:\\\/\\\/autofans.com.ar\\\/wp-content\\\/uploads\\\/2023\\\/11\\\/audi-2-1.jpg\",\"datePublished\":\"2023-11-24T20:17:41+00:00\",\"author\":{\"@id\":\"https:\\\/\\\/autofans.com.ar\\\/#\\\/schema\\\/person\\\/4a8dda0b6df83ac3d6723e921274c2aa\"},\"description\":\"Audi Sport ha completado la \u00faltima prueba crucial antes del Rally Dakar 2024 al poner a prueba el Audi RS Q e-tron en el sur de Francia...\",\"breadcrumb\":{\"@id\":\"https:\\\/\\\/autofans.com.ar\\\/index.php\\\/2023\\\/11\\\/24\\\/audi-rs-q-e-tron-ultima-prueba-rumbo-al-dakar-2024\\\/#breadcrumb\"},\"inLanguage\":\"es\",\"potentialAction\":[{\"@type\":\"ReadAction\",\"target\":[\"https:\\\/\\\/autofans.com.ar\\\/index.php\\\/2023\\\/11\\\/24\\\/audi-rs-q-e-tron-ultima-prueba-rumbo-al-dakar-2024\\\/\"]}]},{\"@type\":\"ImageObject\",\"inLanguage\":\"es\",\"@id\":\"https:\\\/\\\/autofans.com.ar\\\/index.php\\\/2023\\\/11\\\/24\\\/audi-rs-q-e-tron-ultima-prueba-rumbo-al-dakar-2024\\\/#primaryimage\",\"url\":\"https:\\\/\\\/autofans.com.ar\\\/wp-content\\\/uploads\\\/2023\\\/11\\\/audi-2-1.jpg\",\"contentUrl\":\"https:\\\/\\\/autofans.com.ar\\\/wp-content\\\/uploads\\\/2023\\\/11\\\/audi-2-1.jpg\",\"width\":1000,\"height\":667,\"caption\":\"Audi RS Q e-tron\"},{\"@type\":\"BreadcrumbList\",\"@id\":\"https:\\\/\\\/autofans.com.ar\\\/index.php\\\/2023\\\/11\\\/24\\\/audi-rs-q-e-tron-ultima-prueba-rumbo-al-dakar-2024\\\/#breadcrumb\",\"itemListElement\":[{\"@type\":\"ListItem\",\"position\":1,\"name\":\"Inicio\",\"item\":\"https:\\\/\\\/autofans.com.ar\\\/\"},{\"@type\":\"ListItem\",\"position\":2,\"name\":\"Audi RS Q e-tron &#8211; \u00faltima prueba rumbo al Dakar 2024\"}]},{\"@type\":\"WebSite\",\"@id\":\"https:\\\/\\\/autofans.com.ar\\\/#website\",\"url\":\"https:\\\/\\\/autofans.com.ar\\\/\",\"name\":\"\",\"description\":\"El multimedio referente de la industria automotriz\",\"potentialAction\":[{\"@type\":\"SearchAction\",\"target\":{\"@type\":\"EntryPoint\",\"urlTemplate\":\"https:\\\/\\\/autofans.com.ar\\\/?s={search_term_string}\"},\"query-input\":{\"@type\":\"PropertyValueSpecification\",\"valueRequired\":true,\"valueName\":\"search_term_string\"}}],\"inLanguage\":\"es\"},{\"@type\":\"Person\",\"@id\":\"https:\\\/\\\/autofans.com.ar\\\/#\\\/schema\\\/person\\\/4a8dda0b6df83ac3d6723e921274c2aa\",\"name\":\"Alejandro Gabriel Rosito\",\"image\":{\"@type\":\"ImageObject\",\"inLanguage\":\"es\",\"@id\":\"https:\\\/\\\/secure.gravatar.com\\\/avatar\\\/16c5dda1489adfc62618084dcbb91cffd879c374b13fe5dd8e44ed6733852c88?s=96&d=mm&r=g\",\"url\":\"https:\\\/\\\/secure.gravatar.com\\\/avatar\\\/16c5dda1489adfc62618084dcbb91cffd879c374b13fe5dd8e44ed6733852c88?s=96&d=mm&r=g\",\"contentUrl\":\"https:\\\/\\\/secure.gravatar.com\\\/avatar\\\/16c5dda1489adfc62618084dcbb91cffd879c374b13fe5dd8e44ed6733852c88?s=96&d=mm&r=g\",\"caption\":\"Alejandro Gabriel Rosito\"},\"url\":\"https:\\\/\\\/autofans.com.ar\\\/index.php\\\/author\\\/gabrielr\\\/\"}]}<\/script>\n<!-- \/ Yoast SEO plugin. -->","yoast_head_json":{"title":"Audi RS Q e-tron - \u00faltima prueba rumbo al Dakar 2024 -","description":"Audi Sport ha completado la \u00faltima prueba crucial antes del Rally Dakar 2024 al poner a prueba el Audi RS Q e-tron en el sur de Francia...","robots":{"index":"index","follow":"follow","max-snippet":"max-snippet:-1","max-image-preview":"max-image-preview:large","max-video-preview":"max-video-preview:-1"},"canonical":"https:\/\/autofans.com.ar\/index.php\/2023\/11\/24\/audi-rs-q-e-tron-ultima-prueba-rumbo-al-dakar-2024\/","og_locale":"es_ES","og_type":"article","og_title":"Audi RS Q e-tron - \u00faltima prueba rumbo al Dakar 2024 -","og_description":"Audi Sport ha completado la \u00faltima prueba crucial antes del Rally Dakar 2024 al poner a prueba el Audi RS Q e-tron en el sur de Francia...","og_url":"https:\/\/autofans.com.ar\/index.php\/2023\/11\/24\/audi-rs-q-e-tron-ultima-prueba-rumbo-al-dakar-2024\/","article_published_time":"2023-11-24T20:17:41+00:00","og_image":[{"width":1000,"height":667,"url":"https:\/\/autofans.com.ar\/wp-content\/uploads\/2023\/11\/audi-2-1.jpg","type":"image\/jpeg"}],"author":"Alejandro Gabriel Rosito","twitter_card":"summary_large_image","twitter_misc":{"Escrito por":"Alejandro Gabriel Rosito","Tiempo de lectura":"2 minutos"},"schema":{"@context":"https:\/\/schema.org","@graph":[{"@type":"Article","@id":"https:\/\/autofans.com.ar\/index.php\/2023\/11\/24\/audi-rs-q-e-tron-ultima-prueba-rumbo-al-dakar-2024\/#article","isPartOf":{"@id":"https:\/\/autofans.com.ar\/index.php\/2023\/11\/24\/audi-rs-q-e-tron-ultima-prueba-rumbo-al-dakar-2024\/"},"author":{"name":"Alejandro Gabriel Rosito","@id":"https:\/\/autofans.com.ar\/#\/schema\/person\/4a8dda0b6df83ac3d6723e921274c2aa"},"headline":"Audi RS Q e-tron &#8211; \u00faltima prueba rumbo al Dakar 2024","datePublished":"2023-11-24T20:17:41+00:00","mainEntityOfPage":{"@id":"https:\/\/autofans.com.ar\/index.php\/2023\/11\/24\/audi-rs-q-e-tron-ultima-prueba-rumbo-al-dakar-2024\/"},"wordCount":584,"image":{"@id":"https:\/\/autofans.com.ar\/index.php\/2023\/11\/24\/audi-rs-q-e-tron-ultima-prueba-rumbo-al-dakar-2024\/#primaryimage"},"thumbnailUrl":"https:\/\/autofans.com.ar\/wp-content\/uploads\/2023\/11\/audi-2-1.jpg","keywords":["Audi RS Q e-tron","Equipo Audi Sport","innovaci\u00f3n tecnol\u00f3gica","Preparaci\u00f3n para Competici\u00f3n","Prueba Final","Rally Dakar 2024","Resistencia del veh\u00edculo","Test de Resistencia","Tren Motriz El\u00e9ctrico"],"articleSection":["DEPORTE MOTOR","HIBRIDOS, ELECTRICOS y otros","NOTICIAS"],"inLanguage":"es"},{"@type":"WebPage","@id":"https:\/\/autofans.com.ar\/index.php\/2023\/11\/24\/audi-rs-q-e-tron-ultima-prueba-rumbo-al-dakar-2024\/","url":"https:\/\/autofans.com.ar\/index.php\/2023\/11\/24\/audi-rs-q-e-tron-ultima-prueba-rumbo-al-dakar-2024\/","name":"Audi RS Q e-tron - \u00faltima prueba rumbo al Dakar 2024 -","isPartOf":{"@id":"https:\/\/autofans.com.ar\/#website"},"primaryImageOfPage":{"@id":"https:\/\/autofans.com.ar\/index.php\/2023\/11\/24\/audi-rs-q-e-tron-ultima-prueba-rumbo-al-dakar-2024\/#primaryimage"},"image":{"@id":"https:\/\/autofans.com.ar\/index.php\/2023\/11\/24\/audi-rs-q-e-tron-ultima-prueba-rumbo-al-dakar-2024\/#primaryimage"},"thumbnailUrl":"https:\/\/autofans.com.ar\/wp-content\/uploads\/2023\/11\/audi-2-1.jpg","datePublished":"2023-11-24T20:17:41+00:00","author":{"@id":"https:\/\/autofans.com.ar\/#\/schema\/person\/4a8dda0b6df83ac3d6723e921274c2aa"},"description":"Audi Sport ha completado la \u00faltima prueba crucial antes del Rally Dakar 2024 al poner a prueba el Audi RS Q e-tron en el sur de Francia...","breadcrumb":{"@id":"https:\/\/autofans.com.ar\/index.php\/2023\/11\/24\/audi-rs-q-e-tron-ultima-prueba-rumbo-al-dakar-2024\/#breadcrumb"},"inLanguage":"es","potentialAction":[{"@type":"ReadAction","target":["https:\/\/autofans.com.ar\/index.php\/2023\/11\/24\/audi-rs-q-e-tron-ultima-prueba-rumbo-al-dakar-2024\/"]}]},{"@type":"ImageObject","inLanguage":"es","@id":"https:\/\/autofans.com.ar\/index.php\/2023\/11\/24\/audi-rs-q-e-tron-ultima-prueba-rumbo-al-dakar-2024\/#primaryimage","url":"https:\/\/autofans.com.ar\/wp-content\/uploads\/2023\/11\/audi-2-1.jpg","contentUrl":"https:\/\/autofans.com.ar\/wp-content\/uploads\/2023\/11\/audi-2-1.jpg","width":1000,"height":667,"caption":"Audi RS Q e-tron"},{"@type":"BreadcrumbList","@id":"https:\/\/autofans.com.ar\/index.php\/2023\/11\/24\/audi-rs-q-e-tron-ultima-prueba-rumbo-al-dakar-2024\/#breadcrumb","itemListElement":[{"@type":"ListItem","position":1,"name":"Inicio","item":"https:\/\/autofans.com.ar\/"},{"@type":"ListItem","position":2,"name":"Audi RS Q e-tron &#8211; \u00faltima prueba rumbo al Dakar 2024"}]},{"@type":"WebSite","@id":"https:\/\/autofans.com.ar\/#website","url":"https:\/\/autofans.com.ar\/","name":"","description":"El multimedio referente de la industria automotriz","potentialAction":[{"@type":"SearchAction","target":{"@type":"EntryPoint","urlTemplate":"https:\/\/autofans.com.ar\/?s={search_term_string}"},"query-input":{"@type":"PropertyValueSpecification","valueRequired":true,"valueName":"search_term_string"}}],"inLanguage":"es"},{"@type":"Person","@id":"https:\/\/autofans.com.ar\/#\/schema\/person\/4a8dda0b6df83ac3d6723e921274c2aa","name":"Alejandro Gabriel Rosito","image":{"@type":"ImageObject","inLanguage":"es","@id":"https:\/\/secure.gravatar.com\/avatar\/16c5dda1489adfc62618084dcbb91cffd879c374b13fe5dd8e44ed6733852c88?s=96&d=mm&r=g","url":"https:\/\/secure.gravatar.com\/avatar\/16c5dda1489adfc62618084dcbb91cffd879c374b13fe5dd8e44ed6733852c88?s=96&d=mm&r=g","contentUrl":"https:\/\/secure.gravatar.com\/avatar\/16c5dda1489adfc62618084dcbb91cffd879c374b13fe5dd8e44ed6733852c88?s=96&d=mm&r=g","caption":"Alejandro Gabriel Rosito"},"url":"https:\/\/autofans.com.ar\/index.php\/author\/gabrielr\/"}]}},"featured_image_urls":{"full":["https:\/\/autofans.com.ar\/wp-content\/uploads\/2023\/11\/audi-2-1.jpg",1000,667,false],"thumbnail":["https:\/\/autofans.com.ar\/wp-content\/uploads\/2023\/11\/audi-2-1-150x150.jpg",150,150,true],"medium":["https:\/\/autofans.com.ar\/wp-content\/uploads\/2023\/11\/audi-2-1-300x200.jpg",300,200,true],"medium_large":["https:\/\/autofans.com.ar\/wp-content\/uploads\/2023\/11\/audi-2-1-768x512.jpg",640,427,true],"large":["https:\/\/autofans.com.ar\/wp-content\/uploads\/2023\/11\/audi-2-1.jpg",640,427,false],"1536x1536":["https:\/\/autofans.com.ar\/wp-content\/uploads\/2023\/11\/audi-2-1.jpg",1000,667,false],"2048x2048":["https:\/\/autofans.com.ar\/wp-content\/uploads\/2023\/11\/audi-2-1.jpg",1000,667,false],"covernews-featured":["https:\/\/autofans.com.ar\/wp-content\/uploads\/2023\/11\/audi-2-1.jpg",1000,667,false],"covernews-medium":["https:\/\/autofans.com.ar\/wp-content\/uploads\/2023\/11\/audi-2-1-540x340.jpg",540,340,true]},"author_info":{"display_name":"Alejandro Gabriel Rosito","author_link":"https:\/\/autofans.com.ar\/index.php\/author\/gabrielr\/"},"category_info":"<a href=\"https:\/\/autofans.com.ar\/index.php\/category\/noticias\/deporte\/\" rel=\"category tag\">DEPORTE MOTOR<\/a> <a href=\"https:\/\/autofans.com.ar\/index.php\/category\/noticias\/hibridos-y-electricos\/\" rel=\"category tag\">HIBRIDOS, ELECTRICOS y otros<\/a> <a href=\"https:\/\/autofans.com.ar\/index.php\/category\/noticias\/\" rel=\"category tag\">NOTICIAS<\/a>","tag_info":"NOTICIAS","comment_count":0,"_links":{"self":[{"href":"https:\/\/autofans.com.ar\/index.php\/wp-json\/wp\/v2\/posts\/5878","targetHints":{"allow":["GET"]}}],"collection":[{"href":"https:\/\/autofans.com.ar\/index.php\/wp-json\/wp\/v2\/posts"}],"about":[{"href":"https:\/\/autofans.com.ar\/index.php\/wp-json\/wp\/v2\/types\/post"}],"author":[{"embeddable":true,"href":"https:\/\/autofans.com.ar\/index.php\/wp-json\/wp\/v2\/users\/2"}],"replies":[{"embeddable":true,"href":"https:\/\/autofans.com.ar\/index.php\/wp-json\/wp\/v2\/comments?post=5878"}],"version-history":[{"count":1,"href":"https:\/\/autofans.com.ar\/index.php\/wp-json\/wp\/v2\/posts\/5878\/revisions"}],"predecessor-version":[{"id":5882,"href":"https:\/\/autofans.com.ar\/index.php\/wp-json\/wp\/v2\/posts\/5878\/revisions\/5882"}],"wp:featuredmedia":[{"embeddable":true,"href":"https:\/\/autofans.com.ar\/index.php\/wp-json\/wp\/v2\/media\/5880"}],"wp:attachment":[{"href":"https:\/\/autofans.com.ar\/index.php\/wp-json\/wp\/v2\/media?parent=5878"}],"wp:term":[{"taxonomy":"category","embeddable":true,"href":"https:\/\/autofans.com.ar\/index.php\/wp-json\/wp\/v2\/categories?post=5878"},{"taxonomy":"post_tag","embeddable":true,"href":"https:\/\/autofans.com.ar\/index.php\/wp-json\/wp\/v2\/tags?post=5878"}],"curies":[{"name":"wp","href":"https:\/\/api.w.org\/{rel}","templated":true}]}}